{"id":9704,"date":"2024-09-11T19:04:22","date_gmt":"2024-09-11T19:04:22","guid":{"rendered":"https:\/\/www.cfm.co.mz\/2024\/09\/11\/primeiro-comboio-de-combustiveis-chega-ao-malawi-atraves-da-linha-ferrea-de-vila-nova-da-fronteira-2\/"},"modified":"2024-09-11T19:04:22","modified_gmt":"2024-09-11T19:04:22","slug":"primeiro-comboio-de-combustiveis-chega-ao-malawi-atraves-da-linha-ferrea-de-vila-nova-da-fronteira-2","status":"publish","type":"post","link":"https:\/\/www.cfm.co.mz\/en\/2024\/09\/11\/primeiro-comboio-de-combustiveis-chega-ao-malawi-atraves-da-linha-ferrea-de-vila-nova-da-fronteira-2\/","title":{"rendered":"Primeiro comboio de combust\u00edveis chega ao Malawi atrav\u00e9s da Linha F\u00e9rrea de Vila Nova da Fronteira"},"content":{"rendered":"<p style=\"text-align: justify;\"><a href=\"http:\/\/www.cfm.co.mz\/wp-content\/uploads\/2024\/09\/PRIMEIRO_COMBOIO_DE_COMBUSTIVEIS_MALAWI_1.jpg\" type=\"image\/jpeg\" class=\"jcepopup zoom-bottom-right\" data-mediabox=\"1\" data-mediabox-width=\"800\" data-mediabox-height=\"600\" data-mediabox-caption=\"PR do Malawi, Lazarus Chakwera (a esquerda) recebendo os cumprimentos do Dir. Executivo CFM-Centro,&nbsp;Ant\u00f3nio&nbsp;Bi\u00e9\"><img decoding=\"async\" src=\"http:\/\/www.cfm.co.mz\/wp-content\/uploads\/2024\/09\/PRIMEIRO_COMBOIO_DE_COMBUSTIVEIS_MALAWI_1.jpg\" alt=\"PRIMEIRO COMBOIO DE COMBUST\u00cdVEIS MALAWI 1\" width=\"250\" height=\"167\" style=\"margin: 10px; float: left;\" \/><\/a>Os Caminhos de Ferro de Mo\u00e7ambique realizaram, esta ter\u00e7a-feira (11 de setembro), o primeiro comboio de combust\u00edveis para o Malawi, atrav\u00e9s do Ramal Dona Ana &#8211; Vila Nova da Fronteira, na Prov\u00edncia central de Tete.<\/p>\n<p style=\"text-align: justify;\">Segundo o Director de Comunica\u00e7\u00e3o e Imagem do CFM, Ad\u00e9lio Dias, \u201co comboio partiu do Porto da Beira com 48 tanktainers (24 plataformas) tendo como destino final a Marka, localizada no distrito malawiano de Nsanje, que faz fronteira com a Vila Nova da Fronteira, do lado mo\u00e7ambicano\u201d.<\/p>\n<p><!--more--><\/p>\n<p style=\"text-align: justify;\">A realiza\u00e7\u00e3o deste primeiro comboio de combust\u00edveis para o Malawi, a partir do Porto da Beira, \u00e9 uma indica\u00e7\u00e3o clara de que o Ramal Dona Ana &#8211; Vila Nova da Fronteira j\u00e1 est\u00e1 a ser utilizado para fins comerciais. No m\u00eas de Julho \u00faltimo, a Linha recebeu o primeiro comboio comercial transportando mela\u00e7o, numa importa\u00e7\u00e3o do Malawi, a partir do Porto da Beira.<\/p>\n<p style=\"text-align: justify;\"><a href=\"http:\/\/www.cfm.co.mz\/wp-content\/uploads\/2024\/09\/PRIMEIRO_COMBOIO_DE_COMBUSTIVEIS_MALAWI_2.jpg\" type=\"image\/jpeg\" class=\"jcepopup zoom-bottom-right\" data-mediabox=\"1\" data-mediabox-width=\"800\" data-mediabox-height=\"600\" data-mediabox-caption=\"Primeiro comboio de combust\u00edveis para o Malawi, atrav\u00e9s da Linha F\u00e9rrea de Vila Nova da Fronteira\"><img decoding=\"async\" src=\"http:\/\/www.cfm.co.mz\/wp-content\/uploads\/2024\/09\/PRIMEIRO_COMBOIO_DE_COMBUSTIVEIS_MALAWI_2.jpg\" alt=\"PRIMEIRO COMBOIO DE COMBUST\u00cdVEIS MALAWI 2\" width=\"250\" height=\"167\" style=\"margin: 10px; float: right;\" \/><\/a>Reconstru\u00edda recentemente, com fundos pr\u00f3prios da Empresa, na ordem de 30 milh\u00f5es de d\u00f3lares americanos, a Linha do Ramal Dona Ana &#8211; Vila Nova da Fronteira vinha sendo utilizada apenas para comboios de transporte de materiais de constru\u00e7\u00e3o que est\u00e3o a ser aplicados na reconstru\u00e7\u00e3o do prolongamento da via do lado malawiano, cuja opera\u00e7\u00e3o consistia no apoio do CFM \u00e0 solicita\u00e7\u00e3o daquele Pa\u00eds vizinho.<\/p>\n<p style=\"text-align: justify;\">Anteriormente, as importa\u00e7\u00f5es malawianas de combust\u00edveis, a partir do Porto da Beira, eram feitas por estrada, uma alternativa que se configurava ineficaz e bastante onerosa.<\/p>\n<p style=\"text-align: justify;\">O investimento realizado pelo CFM para a reconstru\u00e7\u00e3o do Ramal Dona Ana &#8211; Vila Nova da Fronteira enquadra-se na resposta aos desafios da cadeia log\u00edstica da Regi\u00e3o Austral de \u00c1frica no contexto da SADC, e surge em cumprimento da orienta\u00e7\u00e3o emanada da reuni\u00e3o entre os Presidentes de Mo\u00e7ambique e do Malawi, havida em Songo, em finais de 2020, cujo lan\u00e7amento da 1\u00aa Pedra para os trabalhos do lado de Mo\u00e7ambique foi presidido pelo Presidente da Rep\u00fablica, Eng. Filipe Jacinto Nuysi, em maio de 2021.<\/p>","protected":false},"excerpt":{"rendered":"<p>Os Caminhos de Ferro de Mo\u00e7ambique realizaram, esta ter\u00e7a-feira (11 de setembro), o primeiro comboio de combust\u00edveis para o Malawi, atrav\u00e9s do Ramal Dona Ana &#8211; Vila Nova da Fronteira, na Prov\u00edncia central de Tete. Segundo o Director de Comunica\u00e7\u00e3o e Imagem do CFM, Ad\u00e9lio Dias, \u201co comboio partiu do Porto da Beira com 48 tanktainers (24 plataformas) tendo como destino final a Marka, localizada no distrito malawiano de Nsanje, que faz fronteira com a Vila Nova da Fronteira, do lado mo\u00e7ambicano\u201d.<\/p>","protected":false},"author":94,"featured_media":735,"comment_status":"open","ping_status":"open","sticky":false,"template":"","format":"standard","meta":{"_acf_changed":false,"pgc_sgb_lightbox_settings":"","footnotes":""},"categories":[680],"tags":[],"class_list":["post-9704","post","type-post","status-publish","format-standard","has-post-thumbnail","hentry","category-noticias"],"acf":[],"yoast_head":"<!-- This site is optimized with the Yoast SEO plugin v26.5 - https:\/\/yoast.com\/wordpress\/plugins\/seo\/ -->\n<title>Primeiro comboio de combust\u00edveis chega ao Malawi atrav\u00e9s da Linha F\u00e9rrea de Vila Nova da Fronteira - CFM - Caminhos De Ferros de Mo\u00e7ambique<\/title>\n<meta name=\"robots\" content=\"index, follow, max-snippet:-1, max-image-preview:large, max-video-preview:-1\" \/>\n<link rel=\"canonical\" href=\"https:\/\/www.cfm.co.mz\/en\/2024\/09\/11\/primeiro-comboio-de-combustiveis-chega-ao-malawi-atraves-da-linha-ferrea-de-vila-nova-da-fronteira-2\/\" \/>\n<meta property=\"og:locale\" content=\"en_US\" \/>\n<meta property=\"og:type\" content=\"article\" \/>\n<meta property=\"og:title\" content=\"Primeiro comboio de combust\u00edveis chega ao Malawi atrav\u00e9s da Linha F\u00e9rrea de Vila Nova da Fronteira - CFM - Caminhos De Ferros de Mo\u00e7ambique\" \/>\n<meta property=\"og:description\" content=\"Os Caminhos de Ferro de Mo\u00e7ambique realizaram, esta ter\u00e7a-feira (11 de setembro), o primeiro comboio de combust\u00edveis para o Malawi, atrav\u00e9s do Ramal Dona Ana &#8211; Vila Nova da Fronteira, na Prov\u00edncia central de Tete. Segundo o Director de Comunica\u00e7\u00e3o e Imagem do CFM, Ad\u00e9lio Dias, \u201co comboio partiu do Porto da Beira com 48 tanktainers (24 plataformas) tendo como destino final a Marka, localizada no distrito malawiano de Nsanje, que faz fronteira com a Vila Nova da Fronteira, do lado mo\u00e7ambicano\u201d.\" \/>\n<meta property=\"og:url\" content=\"https:\/\/www.cfm.co.mz\/en\/2024\/09\/11\/primeiro-comboio-de-combustiveis-chega-ao-malawi-atraves-da-linha-ferrea-de-vila-nova-da-fronteira-2\/\" \/>\n<meta property=\"og:site_name\" content=\"CFM - Caminhos De Ferros de Mo\u00e7ambique\" \/>\n<meta property=\"article:publisher\" content=\"https:\/\/www.facebook.com\/CFMMoz\" \/>\n<meta property=\"article:published_time\" content=\"2024-09-11T19:04:22+00:00\" \/>\n<meta property=\"og:image\" content=\"https:\/\/www.cfm.co.mz\/wp-content\/uploads\/2024\/09\/PRIMEIRO_COMBOIO_DE_COMBUSTIVEIS_MALAWI_1.jpg\" \/>\n\t<meta property=\"og:image:width\" content=\"1105\" \/>\n\t<meta property=\"og:image:height\" content=\"737\" \/>\n\t<meta property=\"og:image:type\" content=\"image\/jpeg\" \/>\n<meta name=\"author\" content=\"D\u00e9rcio Badru\" \/>\n<meta name=\"twitter:card\" content=\"summary_large_image\" \/>\n<meta name=\"twitter:label1\" content=\"Written by\" \/>\n\t<meta name=\"twitter:data1\" content=\"D\u00e9rcio Badru\" \/>\n\t<meta name=\"twitter:label2\" content=\"Est. reading time\" \/>\n\t<meta name=\"twitter:data2\" content=\"2 minutes\" \/>\n<script type=\"application\/ld+json\" class=\"yoast-schema-graph\">{\"@context\":\"https:\/\/schema.org\",\"@graph\":[{\"@type\":\"Article\",\"@id\":\"https:\/\/www.cfm.co.mz\/2024\/09\/11\/primeiro-comboio-de-combustiveis-chega-ao-malawi-atraves-da-linha-ferrea-de-vila-nova-da-fronteira-2\/#article\",\"isPartOf\":{\"@id\":\"https:\/\/www.cfm.co.mz\/2024\/09\/11\/primeiro-comboio-de-combustiveis-chega-ao-malawi-atraves-da-linha-ferrea-de-vila-nova-da-fronteira-2\/\"},\"author\":{\"name\":\"D\u00e9rcio Badru\",\"@id\":\"https:\/\/www.cfm.co.mz\/#\/schema\/person\/1bb663f3c59dc61900f6f9b1c2b53552\"},\"headline\":\"Primeiro comboio de combust\u00edveis chega ao Malawi atrav\u00e9s da Linha F\u00e9rrea de Vila Nova da Fronteira\",\"datePublished\":\"2024-09-11T19:04:22+00:00\",\"mainEntityOfPage\":{\"@id\":\"https:\/\/www.cfm.co.mz\/2024\/09\/11\/primeiro-comboio-de-combustiveis-chega-ao-malawi-atraves-da-linha-ferrea-de-vila-nova-da-fronteira-2\/\"},\"wordCount\":363,\"commentCount\":0,\"publisher\":{\"@id\":\"https:\/\/www.cfm.co.mz\/#organization\"},\"image\":{\"@id\":\"https:\/\/www.cfm.co.mz\/2024\/09\/11\/primeiro-comboio-de-combustiveis-chega-ao-malawi-atraves-da-linha-ferrea-de-vila-nova-da-fronteira-2\/#primaryimage\"},\"thumbnailUrl\":\"https:\/\/www.cfm.co.mz\/wp-content\/uploads\/2024\/09\/PRIMEIRO_COMBOIO_DE_COMBUSTIVEIS_MALAWI_1.jpg\",\"articleSection\":[\"Noticias\"],\"inLanguage\":\"en-US\",\"potentialAction\":[{\"@type\":\"CommentAction\",\"name\":\"Comment\",\"target\":[\"https:\/\/www.cfm.co.mz\/2024\/09\/11\/primeiro-comboio-de-combustiveis-chega-ao-malawi-atraves-da-linha-ferrea-de-vila-nova-da-fronteira-2\/#respond\"]}]},{\"@type\":\"WebPage\",\"@id\":\"https:\/\/www.cfm.co.mz\/2024\/09\/11\/primeiro-comboio-de-combustiveis-chega-ao-malawi-atraves-da-linha-ferrea-de-vila-nova-da-fronteira-2\/\",\"url\":\"https:\/\/www.cfm.co.mz\/2024\/09\/11\/primeiro-comboio-de-combustiveis-chega-ao-malawi-atraves-da-linha-ferrea-de-vila-nova-da-fronteira-2\/\",\"name\":\"Primeiro comboio de combust\u00edveis chega ao Malawi atrav\u00e9s da Linha F\u00e9rrea de Vila Nova da Fronteira - CFM - Caminhos De Ferros de Mo\u00e7ambique\",\"isPartOf\":{\"@id\":\"https:\/\/www.cfm.co.mz\/#website\"},\"primaryImageOfPage\":{\"@id\":\"https:\/\/www.cfm.co.mz\/2024\/09\/11\/primeiro-comboio-de-combustiveis-chega-ao-malawi-atraves-da-linha-ferrea-de-vila-nova-da-fronteira-2\/#primaryimage\"},\"image\":{\"@id\":\"https:\/\/www.cfm.co.mz\/2024\/09\/11\/primeiro-comboio-de-combustiveis-chega-ao-malawi-atraves-da-linha-ferrea-de-vila-nova-da-fronteira-2\/#primaryimage\"},\"thumbnailUrl\":\"https:\/\/www.cfm.co.mz\/wp-content\/uploads\/2024\/09\/PRIMEIRO_COMBOIO_DE_COMBUSTIVEIS_MALAWI_1.jpg\",\"datePublished\":\"2024-09-11T19:04:22+00:00\",\"breadcrumb\":{\"@id\":\"https:\/\/www.cfm.co.mz\/2024\/09\/11\/primeiro-comboio-de-combustiveis-chega-ao-malawi-atraves-da-linha-ferrea-de-vila-nova-da-fronteira-2\/#breadcrumb\"},\"inLanguage\":\"en-US\",\"potentialAction\":[{\"@type\":\"ReadAction\",\"target\":[\"https:\/\/www.cfm.co.mz\/2024\/09\/11\/primeiro-comboio-de-combustiveis-chega-ao-malawi-atraves-da-linha-ferrea-de-vila-nova-da-fronteira-2\/\"]}]},{\"@type\":\"ImageObject\",\"inLanguage\":\"en-US\",\"@id\":\"https:\/\/www.cfm.co.mz\/2024\/09\/11\/primeiro-comboio-de-combustiveis-chega-ao-malawi-atraves-da-linha-ferrea-de-vila-nova-da-fronteira-2\/#primaryimage\",\"url\":\"https:\/\/www.cfm.co.mz\/wp-content\/uploads\/2024\/09\/PRIMEIRO_COMBOIO_DE_COMBUSTIVEIS_MALAWI_1.jpg\",\"contentUrl\":\"https:\/\/www.cfm.co.mz\/wp-content\/uploads\/2024\/09\/PRIMEIRO_COMBOIO_DE_COMBUSTIVEIS_MALAWI_1.jpg\",\"width\":1105,\"height\":737},{\"@type\":\"BreadcrumbList\",\"@id\":\"https:\/\/www.cfm.co.mz\/2024\/09\/11\/primeiro-comboio-de-combustiveis-chega-ao-malawi-atraves-da-linha-ferrea-de-vila-nova-da-fronteira-2\/#breadcrumb\",\"itemListElement\":[{\"@type\":\"ListItem\",\"position\":1,\"name\":\"Home\",\"item\":\"https:\/\/www.cfm.co.mz\/\"},{\"@type\":\"ListItem\",\"position\":2,\"name\":\"Primeiro comboio de combust\u00edveis chega ao Malawi atrav\u00e9s da Linha F\u00e9rrea de Vila Nova da Fronteira\"}]},{\"@type\":\"WebSite\",\"@id\":\"https:\/\/www.cfm.co.mz\/#website\",\"url\":\"https:\/\/www.cfm.co.mz\/\",\"name\":\"CFM - Caminhos De Ferros de Mo\u00e7ambique\",\"description\":\"Ampliando Horizontes\",\"publisher\":{\"@id\":\"https:\/\/www.cfm.co.mz\/#organization\"},\"potentialAction\":[{\"@type\":\"SearchAction\",\"target\":{\"@type\":\"EntryPoint\",\"urlTemplate\":\"https:\/\/www.cfm.co.mz\/?s={search_term_string}\"},\"query-input\":{\"@type\":\"PropertyValueSpecification\",\"valueRequired\":true,\"valueName\":\"search_term_string\"}}],\"inLanguage\":\"en-US\"},{\"@type\":\"Organization\",\"@id\":\"https:\/\/www.cfm.co.mz\/#organization\",\"name\":\"CFM - Caminhos De Ferros de Mo\u00e7ambique\",\"url\":\"https:\/\/www.cfm.co.mz\/\",\"logo\":{\"@type\":\"ImageObject\",\"inLanguage\":\"en-US\",\"@id\":\"https:\/\/www.cfm.co.mz\/#\/schema\/logo\/image\/\",\"url\":\"https:\/\/www.cfm.co.mz\/wp-content\/uploads\/2025\/07\/be5f0679-4f5b-4d02-9719-a26ceed29162.jpg\",\"contentUrl\":\"https:\/\/www.cfm.co.mz\/wp-content\/uploads\/2025\/07\/be5f0679-4f5b-4d02-9719-a26ceed29162.jpg\",\"width\":400,\"height\":65,\"caption\":\"CFM - Caminhos De Ferros de Mo\u00e7ambique\"},\"image\":{\"@id\":\"https:\/\/www.cfm.co.mz\/#\/schema\/logo\/image\/\"},\"sameAs\":[\"https:\/\/www.facebook.com\/CFMMoz\",\"https:\/\/www.linkedin.com\/company\/caminhos-de-ferro-de-moambique\/\"]},{\"@type\":\"Person\",\"@id\":\"https:\/\/www.cfm.co.mz\/#\/schema\/person\/1bb663f3c59dc61900f6f9b1c2b53552\",\"name\":\"D\u00e9rcio Badru\",\"image\":{\"@type\":\"ImageObject\",\"inLanguage\":\"en-US\",\"@id\":\"https:\/\/www.cfm.co.mz\/#\/schema\/person\/image\/\",\"url\":\"https:\/\/www.cfm.co.mz\/wp-content\/litespeed\/avatar\/be89d6955942d7259ef76de4577d21b3.jpg?ver=1777454359\",\"contentUrl\":\"https:\/\/www.cfm.co.mz\/wp-content\/litespeed\/avatar\/be89d6955942d7259ef76de4577d21b3.jpg?ver=1777454359\",\"caption\":\"D\u00e9rcio Badru\"},\"url\":\"https:\/\/www.cfm.co.mz\/en\/author\/dercio\/\"}]}<\/script>\n<!-- \/ Yoast SEO plugin. -->","yoast_head_json":{"title":"Primeiro comboio de combust\u00edveis chega ao Malawi atrav\u00e9s da Linha F\u00e9rrea de Vila Nova da Fronteira - CFM - Caminhos De Ferros de Mo\u00e7ambique","robots":{"index":"index","follow":"follow","max-snippet":"max-snippet:-1","max-image-preview":"max-image-preview:large","max-video-preview":"max-video-preview:-1"},"canonical":"https:\/\/www.cfm.co.mz\/en\/2024\/09\/11\/primeiro-comboio-de-combustiveis-chega-ao-malawi-atraves-da-linha-ferrea-de-vila-nova-da-fronteira-2\/","og_locale":"en_US","og_type":"article","og_title":"Primeiro comboio de combust\u00edveis chega ao Malawi atrav\u00e9s da Linha F\u00e9rrea de Vila Nova da Fronteira - CFM - Caminhos De Ferros de Mo\u00e7ambique","og_description":"Os Caminhos de Ferro de Mo\u00e7ambique realizaram, esta ter\u00e7a-feira (11 de setembro), o primeiro comboio de combust\u00edveis para o Malawi, atrav\u00e9s do Ramal Dona Ana &#8211; Vila Nova da Fronteira, na Prov\u00edncia central de Tete. Segundo o Director de Comunica\u00e7\u00e3o e Imagem do CFM, Ad\u00e9lio Dias, \u201co comboio partiu do Porto da Beira com 48 tanktainers (24 plataformas) tendo como destino final a Marka, localizada no distrito malawiano de Nsanje, que faz fronteira com a Vila Nova da Fronteira, do lado mo\u00e7ambicano\u201d.","og_url":"https:\/\/www.cfm.co.mz\/en\/2024\/09\/11\/primeiro-comboio-de-combustiveis-chega-ao-malawi-atraves-da-linha-ferrea-de-vila-nova-da-fronteira-2\/","og_site_name":"CFM - Caminhos De Ferros de Mo\u00e7ambique","article_publisher":"https:\/\/www.facebook.com\/CFMMoz","article_published_time":"2024-09-11T19:04:22+00:00","og_image":[{"width":1105,"height":737,"url":"https:\/\/www.cfm.co.mz\/wp-content\/uploads\/2024\/09\/PRIMEIRO_COMBOIO_DE_COMBUSTIVEIS_MALAWI_1.jpg","type":"image\/jpeg"}],"author":"D\u00e9rcio Badru","twitter_card":"summary_large_image","twitter_misc":{"Written by":"D\u00e9rcio Badru","Est. reading time":"2 minutes"},"schema":{"@context":"https:\/\/schema.org","@graph":[{"@type":"Article","@id":"https:\/\/www.cfm.co.mz\/2024\/09\/11\/primeiro-comboio-de-combustiveis-chega-ao-malawi-atraves-da-linha-ferrea-de-vila-nova-da-fronteira-2\/#article","isPartOf":{"@id":"https:\/\/www.cfm.co.mz\/2024\/09\/11\/primeiro-comboio-de-combustiveis-chega-ao-malawi-atraves-da-linha-ferrea-de-vila-nova-da-fronteira-2\/"},"author":{"name":"D\u00e9rcio Badru","@id":"https:\/\/www.cfm.co.mz\/#\/schema\/person\/1bb663f3c59dc61900f6f9b1c2b53552"},"headline":"Primeiro comboio de combust\u00edveis chega ao Malawi atrav\u00e9s da Linha F\u00e9rrea de Vila Nova da Fronteira","datePublished":"2024-09-11T19:04:22+00:00","mainEntityOfPage":{"@id":"https:\/\/www.cfm.co.mz\/2024\/09\/11\/primeiro-comboio-de-combustiveis-chega-ao-malawi-atraves-da-linha-ferrea-de-vila-nova-da-fronteira-2\/"},"wordCount":363,"commentCount":0,"publisher":{"@id":"https:\/\/www.cfm.co.mz\/#organization"},"image":{"@id":"https:\/\/www.cfm.co.mz\/2024\/09\/11\/primeiro-comboio-de-combustiveis-chega-ao-malawi-atraves-da-linha-ferrea-de-vila-nova-da-fronteira-2\/#primaryimage"},"thumbnailUrl":"https:\/\/www.cfm.co.mz\/wp-content\/uploads\/2024\/09\/PRIMEIRO_COMBOIO_DE_COMBUSTIVEIS_MALAWI_1.jpg","articleSection":["Noticias"],"inLanguage":"en-US","potentialAction":[{"@type":"CommentAction","name":"Comment","target":["https:\/\/www.cfm.co.mz\/2024\/09\/11\/primeiro-comboio-de-combustiveis-chega-ao-malawi-atraves-da-linha-ferrea-de-vila-nova-da-fronteira-2\/#respond"]}]},{"@type":"WebPage","@id":"https:\/\/www.cfm.co.mz\/2024\/09\/11\/primeiro-comboio-de-combustiveis-chega-ao-malawi-atraves-da-linha-ferrea-de-vila-nova-da-fronteira-2\/","url":"https:\/\/www.cfm.co.mz\/2024\/09\/11\/primeiro-comboio-de-combustiveis-chega-ao-malawi-atraves-da-linha-ferrea-de-vila-nova-da-fronteira-2\/","name":"Primeiro comboio de combust\u00edveis chega ao Malawi atrav\u00e9s da Linha F\u00e9rrea de Vila Nova da Fronteira - CFM - Caminhos De Ferros de Mo\u00e7ambique","isPartOf":{"@id":"https:\/\/www.cfm.co.mz\/#website"},"primaryImageOfPage":{"@id":"https:\/\/www.cfm.co.mz\/2024\/09\/11\/primeiro-comboio-de-combustiveis-chega-ao-malawi-atraves-da-linha-ferrea-de-vila-nova-da-fronteira-2\/#primaryimage"},"image":{"@id":"https:\/\/www.cfm.co.mz\/2024\/09\/11\/primeiro-comboio-de-combustiveis-chega-ao-malawi-atraves-da-linha-ferrea-de-vila-nova-da-fronteira-2\/#primaryimage"},"thumbnailUrl":"https:\/\/www.cfm.co.mz\/wp-content\/uploads\/2024\/09\/PRIMEIRO_COMBOIO_DE_COMBUSTIVEIS_MALAWI_1.jpg","datePublished":"2024-09-11T19:04:22+00:00","breadcrumb":{"@id":"https:\/\/www.cfm.co.mz\/2024\/09\/11\/primeiro-comboio-de-combustiveis-chega-ao-malawi-atraves-da-linha-ferrea-de-vila-nova-da-fronteira-2\/#breadcrumb"},"inLanguage":"en-US","potentialAction":[{"@type":"ReadAction","target":["https:\/\/www.cfm.co.mz\/2024\/09\/11\/primeiro-comboio-de-combustiveis-chega-ao-malawi-atraves-da-linha-ferrea-de-vila-nova-da-fronteira-2\/"]}]},{"@type":"ImageObject","inLanguage":"en-US","@id":"https:\/\/www.cfm.co.mz\/2024\/09\/11\/primeiro-comboio-de-combustiveis-chega-ao-malawi-atraves-da-linha-ferrea-de-vila-nova-da-fronteira-2\/#primaryimage","url":"https:\/\/www.cfm.co.mz\/wp-content\/uploads\/2024\/09\/PRIMEIRO_COMBOIO_DE_COMBUSTIVEIS_MALAWI_1.jpg","contentUrl":"https:\/\/www.cfm.co.mz\/wp-content\/uploads\/2024\/09\/PRIMEIRO_COMBOIO_DE_COMBUSTIVEIS_MALAWI_1.jpg","width":1105,"height":737},{"@type":"BreadcrumbList","@id":"https:\/\/www.cfm.co.mz\/2024\/09\/11\/primeiro-comboio-de-combustiveis-chega-ao-malawi-atraves-da-linha-ferrea-de-vila-nova-da-fronteira-2\/#breadcrumb","itemListElement":[{"@type":"ListItem","position":1,"name":"Home","item":"https:\/\/www.cfm.co.mz\/"},{"@type":"ListItem","position":2,"name":"Primeiro comboio de combust\u00edveis chega ao Malawi atrav\u00e9s da Linha F\u00e9rrea de Vila Nova da Fronteira"}]},{"@type":"WebSite","@id":"https:\/\/www.cfm.co.mz\/#website","url":"https:\/\/www.cfm.co.mz\/","name":"CFM - Caminhos De Ferros de Mo\u00e7ambique","description":"Ampliando Horizontes","publisher":{"@id":"https:\/\/www.cfm.co.mz\/#organization"},"potentialAction":[{"@type":"SearchAction","target":{"@type":"EntryPoint","urlTemplate":"https:\/\/www.cfm.co.mz\/?s={search_term_string}"},"query-input":{"@type":"PropertyValueSpecification","valueRequired":true,"valueName":"search_term_string"}}],"inLanguage":"en-US"},{"@type":"Organization","@id":"https:\/\/www.cfm.co.mz\/#organization","name":"CFM - Caminhos De Ferros de Mo\u00e7ambique","url":"https:\/\/www.cfm.co.mz\/","logo":{"@type":"ImageObject","inLanguage":"en-US","@id":"https:\/\/www.cfm.co.mz\/#\/schema\/logo\/image\/","url":"https:\/\/www.cfm.co.mz\/wp-content\/uploads\/2025\/07\/be5f0679-4f5b-4d02-9719-a26ceed29162.jpg","contentUrl":"https:\/\/www.cfm.co.mz\/wp-content\/uploads\/2025\/07\/be5f0679-4f5b-4d02-9719-a26ceed29162.jpg","width":400,"height":65,"caption":"CFM - Caminhos De Ferros de Mo\u00e7ambique"},"image":{"@id":"https:\/\/www.cfm.co.mz\/#\/schema\/logo\/image\/"},"sameAs":["https:\/\/www.facebook.com\/CFMMoz","https:\/\/www.linkedin.com\/company\/caminhos-de-ferro-de-moambique\/"]},{"@type":"Person","@id":"https:\/\/www.cfm.co.mz\/#\/schema\/person\/1bb663f3c59dc61900f6f9b1c2b53552","name":"D\u00e9rcio Badru","image":{"@type":"ImageObject","inLanguage":"en-US","@id":"https:\/\/www.cfm.co.mz\/#\/schema\/person\/image\/","url":"https:\/\/www.cfm.co.mz\/wp-content\/litespeed\/avatar\/be89d6955942d7259ef76de4577d21b3.jpg?ver=1777454359","contentUrl":"https:\/\/www.cfm.co.mz\/wp-content\/litespeed\/avatar\/be89d6955942d7259ef76de4577d21b3.jpg?ver=1777454359","caption":"D\u00e9rcio Badru"},"url":"https:\/\/www.cfm.co.mz\/en\/author\/dercio\/"}]}},"_links":{"self":[{"href":"https:\/\/www.cfm.co.mz\/en\/wp-json\/wp\/v2\/posts\/9704","targetHints":{"allow":["GET"]}}],"collection":[{"href":"https:\/\/www.cfm.co.mz\/en\/wp-json\/wp\/v2\/posts"}],"about":[{"href":"https:\/\/www.cfm.co.mz\/en\/wp-json\/wp\/v2\/types\/post"}],"author":[{"embeddable":true,"href":"https:\/\/www.cfm.co.mz\/en\/wp-json\/wp\/v2\/users\/94"}],"replies":[{"embeddable":true,"href":"https:\/\/www.cfm.co.mz\/en\/wp-json\/wp\/v2\/comments?post=9704"}],"version-history":[{"count":0,"href":"https:\/\/www.cfm.co.mz\/en\/wp-json\/wp\/v2\/posts\/9704\/revisions"}],"wp:featuredmedia":[{"embeddable":true,"href":"https:\/\/www.cfm.co.mz\/en\/wp-json\/wp\/v2\/media\/735"}],"wp:attachment":[{"href":"https:\/\/www.cfm.co.mz\/en\/wp-json\/wp\/v2\/media?parent=9704"}],"wp:term":[{"taxonomy":"category","embeddable":true,"href":"https:\/\/www.cfm.co.mz\/en\/wp-json\/wp\/v2\/categories?post=9704"},{"taxonomy":"post_tag","embeddable":true,"href":"https:\/\/www.cfm.co.mz\/en\/wp-json\/wp\/v2\/tags?post=9704"}],"curies":[{"name":"wp","href":"https:\/\/api.w.org\/{rel}","templated":true}]}}