{"id":9581,"date":"2023-03-30T14:06:45","date_gmt":"2023-03-30T14:06:45","guid":{"rendered":"https:\/\/www.cfm.co.mz\/2023\/03\/30\/cfm-com-desempenho-economico-financeiro-positivo-no-exercicio-2022-e-governo-destaca-o-empenho-3\/"},"modified":"2023-03-30T14:06:45","modified_gmt":"2023-03-30T14:06:45","slug":"cfm-com-desempenho-economico-financeiro-positivo-no-exercicio-2022-e-governo-destaca-o-empenho-3","status":"publish","type":"post","link":"https:\/\/www.cfm.co.mz\/en\/2023\/03\/30\/cfm-com-desempenho-economico-financeiro-positivo-no-exercicio-2022-e-governo-destaca-o-empenho-3\/","title":{"rendered":"CFM com desempenho econ\u00f3mico financeiro positivo no exerc\u00edcio 2022 e Governo destaca o empenho"},"content":{"rendered":"<p class=\"p2\" style=\"text-align: justify;\"><a href=\"http:\/\/www.cfm.co.mz\/wp-content\/uploads\/2023\/03\/CONSELHO_DE_DIRECTORES_NACALA_2023-scaled.jpg\" type=\"image\/jpeg\" class=\"jcepopup zoom-bottom-right\" data-mediabox=\"1\" data-mediabox-width=\"800\" data-mediabox-height=\"600\" data-mediabox-caption=\"Cerim\u00f3nia de Abertura do XXVI Conselho de Dictores\"><img decoding=\"async\" src=\"http:\/\/www.cfm.co.mz\/wp-content\/uploads\/2023\/03\/CONSELHO_DE_DIRECTORES_NACALA_2023-scaled.jpg\" alt=\"CONSELHO DE DIRECTORES NACALA 2023\" width=\"250\" height=\"167\" style=\"margin: 10px; float: left;\" \/><\/a>Na sua primeira apari\u00e7\u00e3o como Presidente do Conselho de Administra\u00e7\u00e3o da empresa Portos e Caminhos de Ferro de Mo\u00e7ambique, CFM, o Eng. Agostinho Francisco Langa J\u00fanior, destacou o crescimento econ\u00f3mico global da empresa durante o exerc\u00edcio 2022 que resultou, antes dos impostos, em 6,2 mil milh\u00f5es de meticais (dados provis\u00f3rios) contra 9,6 mil milh\u00f5es de meticais or\u00e7ados.<\/p>\n<p><!--more--><\/p>\n<p class=\"p2\" style=\"text-align: justify;\">Estes n\u00fameros representam 64% do or\u00e7ado e um crescimento de 29% comparativamente ao exerc\u00edcio de 2021. Estes dados resultam das contribui\u00e7\u00f5es das \u00e1reas de explora\u00e7\u00e3o, que cresceu 3% em 2022 e cujo resultado foi de cerca de 3,8 mil milh\u00f5es de meticais, das \u00e1reas ferro-portu\u00e1ria que observaram, respectivamente, em toneladas-l\u00edquidas transportadas e produ\u00e7\u00e3o, toneladas m\u00e9tricas, um crescimento de 30 e 17 por cento. As terminais sob gest\u00e3o do CFM foram manuseadas, no ano em an\u00e1lise, cerca de 13.2 milh\u00f5es de toneladas m\u00e9tricas, equivalentes a 23% do total manuseado em todos os Portos e representando um crescimento em cerca de 6%. As Linhas sob gest\u00e3o da empresa tiveram um desempenho de cerca de 12.3 milh\u00f5es de toneladas-l\u00edquidas (10.6 milh\u00f5es em 2021) o equivalente a 50% do total da carga transportada em todas as Linhas do sistema ferrovi\u00e1rio nacional. Na mesma.<\/p>\n<p class=\"p2\" style=\"text-align: justify;\">Nota de realce tamb\u00e9m para o sistema de transporte ferrovi\u00e1rio de passageiros cujo contributo do CFM, naquilo que \u00e9 a sua responsabilidade social, \u00e9 de cont\u00ednuo crescimento.&nbsp;O PCA faz esta aprecia\u00e7\u00e3o \u00e0 margem do vig\u00e9simo sexto Conselho dos Directores do CFM que decorre deste esta quinta-feira, 30, e termina amanh\u00e3, na Cidade portu\u00e1ria de Nacala.&nbsp;<\/p>\n<p class=\"p2\" style=\"text-align: justify;\">A reuni\u00e3o, recorde-se, vai discutir durante os dois dias o balan\u00e7o e avalia\u00e7\u00e3o do desempenho produtivo, econ\u00f3mico e financeiro da empresa durante o ano 2022, an\u00e1lise do ponto de situa\u00e7\u00e3o da execu\u00e7\u00e3o dos projectos para o mesmo ano e, na sequ\u00eancia, perspectivar os projectos para o ano em curso. De igual modo analisar o Plano Estrat\u00e9gico 2021 a 2024 onde se vai fazer a monitoria dos indicadores de desempenho <i>(KPI,s)<\/i> de cada pelouro.&nbsp;<\/p>\n<p class=\"p2\" style=\"text-align: justify;\">N\u00e3o obstante aos n\u00fameros apresentados, o Presidente do Conselho de Administra\u00e7\u00e3o vincou a necessidade de se potenciar, cada vez mais, os equipamentos e infra-estruturas ferro-portu\u00e1rios al\u00e9m da cont\u00ednua forma\u00e7\u00e3o do capital humano. Outrossim, desafiou os gestores para que a reuni\u00e3o seja, de facto, produtiva no sentido de trazer solu\u00e7\u00f5es para enfrentar prov\u00e1veis desafios que possam emergir no ambiente de neg\u00f3cio.&nbsp;<\/p>\n<p class=\"p2\" style=\"text-align: justify;\">A reuni\u00e3o decorre sob o lema <i>\u201cpor um CFM focado no Desenvolvimento de uma Infraestrutura robusta, Equipamentos e Capital Humano de Qualidade\u201d.&nbsp;<\/i><\/p>\n<p class=\"p2\" style=\"text-align: justify;\">GOVERNO DESTACA RESULTADOS OBTIDOS&nbsp;<\/p>\n<p class=\"p3\" style=\"text-align: justify;\">\u00c0 margem do Conselho de Directores que decorre em Nacala, o Governo, atrav\u00e9s do Vice-Ministro dos Transportes e Comunica\u00e7\u00f5es, Amilton Alissone, aplaudiu os resultados econ\u00f3micos financeiros apresentados pela Empresa durante o ano de 2022, reconhecendo ao CFM o exemplo de boa gest\u00e3o e trabalho para o cumprimento, cumprimento das metas do Governo no desenvolvimento do transporte ferrovi\u00e1rio, que serve a log\u00edstica nacional e regional bem como o seu cumprimento estrat\u00e9gico de desenvolvimento do transporte ferrovi\u00e1rio dos servi\u00e7os portu\u00e1rios no pa\u00eds. Alissone reconheceu igualmente a vis\u00e3o de gest\u00e3o comercial do CFM na capta\u00e7\u00e3o de lucros e receitas para o Estado.&nbsp;<\/p>\n<p class=\"p3\" style=\"text-align: justify;\">Num outro desenvolvimento, o Vice-Ministro exortou os quadros do CFM a dar o seu contributo na implementa\u00e7\u00e3o e funcionalidade do rec\u00e9m-criado Instituto Ferro-Portu\u00e1rio de Mo\u00e7ambique, IFEPOM, no processo de transi\u00e7\u00e3o que se encontra envolvido.&nbsp;<\/p>\n<p class=\"p3\" style=\"text-align: justify;\">\u201cReconhecemos a complexidade do processo de transi\u00e7\u00e3o que dever\u00e1 contar com o apoio do CFM, considerando a experi\u00eancia secular da empresa nestas mat\u00e9rias. Assim, exortamos a este \u00f3rg\u00e3o para reflectir profundamente sobre o seu contributo na implanta\u00e7\u00e3o e funcionalidade do Instituto Ferro-portu\u00e1rio de Mo\u00e7ambique\u201d exortou.&nbsp;<\/p>","protected":false},"excerpt":{"rendered":"<p>Na sua primeira apari\u00e7\u00e3o como Presidente do Conselho de Administra\u00e7\u00e3o da empresa Portos e Caminhos de Ferro de Mo\u00e7ambique, CFM, o Eng. Agostinho Francisco Langa J\u00fanior, destacou o crescimento econ\u00f3mico global da empresa durante o exerc\u00edcio 2022 que resultou, antes dos impostos, em 6,2 mil milh\u00f5es de meticais (dados provis\u00f3rios) contra 9,6 mil milh\u00f5es de meticais or\u00e7ados.<\/p>","protected":false},"author":94,"featured_media":9567,"comment_status":"open","ping_status":"open","sticky":false,"template":"","format":"standard","meta":{"_acf_changed":false,"pgc_sgb_lightbox_settings":"","footnotes":""},"categories":[680],"tags":[],"class_list":["post-9581","post","type-post","status-publish","format-standard","has-post-thumbnail","hentry","category-noticias"],"acf":[],"yoast_head":"<!-- This site is optimized with the Yoast SEO plugin v26.5 - https:\/\/yoast.com\/wordpress\/plugins\/seo\/ -->\n<title>CFM com desempenho econ\u00f3mico financeiro positivo no exerc\u00edcio 2022 e Governo destaca o empenho - CFM - Caminhos De Ferros de Mo\u00e7ambique<\/title>\n<meta name=\"robots\" content=\"index, follow, max-snippet:-1, max-image-preview:large, max-video-preview:-1\" \/>\n<link rel=\"canonical\" href=\"https:\/\/www.cfm.co.mz\/en\/2023\/03\/30\/cfm-com-desempenho-economico-financeiro-positivo-no-exercicio-2022-e-governo-destaca-o-empenho-3\/\" \/>\n<meta property=\"og:locale\" content=\"en_US\" \/>\n<meta property=\"og:type\" content=\"article\" \/>\n<meta property=\"og:title\" content=\"CFM com desempenho econ\u00f3mico financeiro positivo no exerc\u00edcio 2022 e Governo destaca o empenho - CFM - Caminhos De Ferros de Mo\u00e7ambique\" \/>\n<meta property=\"og:description\" content=\"Na sua primeira apari\u00e7\u00e3o como Presidente do Conselho de Administra\u00e7\u00e3o da empresa Portos e Caminhos de Ferro de Mo\u00e7ambique, CFM, o Eng. Agostinho Francisco Langa J\u00fanior, destacou o crescimento econ\u00f3mico global da empresa durante o exerc\u00edcio 2022 que resultou, antes dos impostos, em 6,2 mil milh\u00f5es de meticais (dados provis\u00f3rios) contra 9,6 mil milh\u00f5es de meticais or\u00e7ados.\" \/>\n<meta property=\"og:url\" content=\"https:\/\/www.cfm.co.mz\/en\/2023\/03\/30\/cfm-com-desempenho-economico-financeiro-positivo-no-exercicio-2022-e-governo-destaca-o-empenho-3\/\" \/>\n<meta property=\"og:site_name\" content=\"CFM - Caminhos De Ferros de Mo\u00e7ambique\" \/>\n<meta property=\"article:publisher\" content=\"https:\/\/www.facebook.com\/CFMMoz\" \/>\n<meta property=\"article:published_time\" content=\"2023-03-30T14:06:45+00:00\" \/>\n<meta property=\"og:image\" content=\"https:\/\/www.cfm.co.mz\/wp-content\/uploads\/2023\/03\/CONSELHO_DE_DIRECTORES_NACALA_2023-scaled.jpg\" \/>\n\t<meta property=\"og:image:width\" content=\"2560\" \/>\n\t<meta property=\"og:image:height\" content=\"1707\" \/>\n\t<meta property=\"og:image:type\" content=\"image\/jpeg\" \/>\n<meta name=\"author\" content=\"D\u00e9rcio Badru\" \/>\n<meta name=\"twitter:card\" content=\"summary_large_image\" \/>\n<meta name=\"twitter:label1\" content=\"Written by\" \/>\n\t<meta name=\"twitter:data1\" content=\"D\u00e9rcio Badru\" \/>\n\t<meta name=\"twitter:label2\" content=\"Est. reading time\" \/>\n\t<meta name=\"twitter:data2\" content=\"3 minutes\" \/>\n<script type=\"application\/ld+json\" class=\"yoast-schema-graph\">{\"@context\":\"https:\/\/schema.org\",\"@graph\":[{\"@type\":\"Article\",\"@id\":\"https:\/\/www.cfm.co.mz\/2023\/03\/30\/cfm-com-desempenho-economico-financeiro-positivo-no-exercicio-2022-e-governo-destaca-o-empenho-3\/#article\",\"isPartOf\":{\"@id\":\"https:\/\/www.cfm.co.mz\/2023\/03\/30\/cfm-com-desempenho-economico-financeiro-positivo-no-exercicio-2022-e-governo-destaca-o-empenho-3\/\"},\"author\":{\"name\":\"D\u00e9rcio Badru\",\"@id\":\"https:\/\/www.cfm.co.mz\/#\/schema\/person\/1bb663f3c59dc61900f6f9b1c2b53552\"},\"headline\":\"CFM com desempenho econ\u00f3mico financeiro positivo no exerc\u00edcio 2022 e Governo destaca o empenho\",\"datePublished\":\"2023-03-30T14:06:45+00:00\",\"mainEntityOfPage\":{\"@id\":\"https:\/\/www.cfm.co.mz\/2023\/03\/30\/cfm-com-desempenho-economico-financeiro-positivo-no-exercicio-2022-e-governo-destaca-o-empenho-3\/\"},\"wordCount\":669,\"commentCount\":0,\"publisher\":{\"@id\":\"https:\/\/www.cfm.co.mz\/#organization\"},\"image\":{\"@id\":\"https:\/\/www.cfm.co.mz\/2023\/03\/30\/cfm-com-desempenho-economico-financeiro-positivo-no-exercicio-2022-e-governo-destaca-o-empenho-3\/#primaryimage\"},\"thumbnailUrl\":\"https:\/\/www.cfm.co.mz\/wp-content\/uploads\/2023\/03\/CONSELHO_DE_DIRECTORES_NACALA_2023-scaled.jpg\",\"articleSection\":[\"Noticias\"],\"inLanguage\":\"en-US\",\"potentialAction\":[{\"@type\":\"CommentAction\",\"name\":\"Comment\",\"target\":[\"https:\/\/www.cfm.co.mz\/2023\/03\/30\/cfm-com-desempenho-economico-financeiro-positivo-no-exercicio-2022-e-governo-destaca-o-empenho-3\/#respond\"]}]},{\"@type\":\"WebPage\",\"@id\":\"https:\/\/www.cfm.co.mz\/2023\/03\/30\/cfm-com-desempenho-economico-financeiro-positivo-no-exercicio-2022-e-governo-destaca-o-empenho-3\/\",\"url\":\"https:\/\/www.cfm.co.mz\/2023\/03\/30\/cfm-com-desempenho-economico-financeiro-positivo-no-exercicio-2022-e-governo-destaca-o-empenho-3\/\",\"name\":\"CFM com desempenho econ\u00f3mico financeiro positivo no exerc\u00edcio 2022 e Governo destaca o empenho - CFM - Caminhos De Ferros de Mo\u00e7ambique\",\"isPartOf\":{\"@id\":\"https:\/\/www.cfm.co.mz\/#website\"},\"primaryImageOfPage\":{\"@id\":\"https:\/\/www.cfm.co.mz\/2023\/03\/30\/cfm-com-desempenho-economico-financeiro-positivo-no-exercicio-2022-e-governo-destaca-o-empenho-3\/#primaryimage\"},\"image\":{\"@id\":\"https:\/\/www.cfm.co.mz\/2023\/03\/30\/cfm-com-desempenho-economico-financeiro-positivo-no-exercicio-2022-e-governo-destaca-o-empenho-3\/#primaryimage\"},\"thumbnailUrl\":\"https:\/\/www.cfm.co.mz\/wp-content\/uploads\/2023\/03\/CONSELHO_DE_DIRECTORES_NACALA_2023-scaled.jpg\",\"datePublished\":\"2023-03-30T14:06:45+00:00\",\"breadcrumb\":{\"@id\":\"https:\/\/www.cfm.co.mz\/2023\/03\/30\/cfm-com-desempenho-economico-financeiro-positivo-no-exercicio-2022-e-governo-destaca-o-empenho-3\/#breadcrumb\"},\"inLanguage\":\"en-US\",\"potentialAction\":[{\"@type\":\"ReadAction\",\"target\":[\"https:\/\/www.cfm.co.mz\/2023\/03\/30\/cfm-com-desempenho-economico-financeiro-positivo-no-exercicio-2022-e-governo-destaca-o-empenho-3\/\"]}]},{\"@type\":\"ImageObject\",\"inLanguage\":\"en-US\",\"@id\":\"https:\/\/www.cfm.co.mz\/2023\/03\/30\/cfm-com-desempenho-economico-financeiro-positivo-no-exercicio-2022-e-governo-destaca-o-empenho-3\/#primaryimage\",\"url\":\"https:\/\/www.cfm.co.mz\/wp-content\/uploads\/2023\/03\/CONSELHO_DE_DIRECTORES_NACALA_2023-scaled.jpg\",\"contentUrl\":\"https:\/\/www.cfm.co.mz\/wp-content\/uploads\/2023\/03\/CONSELHO_DE_DIRECTORES_NACALA_2023-scaled.jpg\",\"width\":2560,\"height\":1707,\"caption\":\"CONSELHO DE DIRECTORES NACALA 2023\"},{\"@type\":\"BreadcrumbList\",\"@id\":\"https:\/\/www.cfm.co.mz\/2023\/03\/30\/cfm-com-desempenho-economico-financeiro-positivo-no-exercicio-2022-e-governo-destaca-o-empenho-3\/#breadcrumb\",\"itemListElement\":[{\"@type\":\"ListItem\",\"position\":1,\"name\":\"Home\",\"item\":\"https:\/\/www.cfm.co.mz\/\"},{\"@type\":\"ListItem\",\"position\":2,\"name\":\"CFM com desempenho econ\u00f3mico financeiro positivo no exerc\u00edcio 2022 e Governo destaca o empenho\"}]},{\"@type\":\"WebSite\",\"@id\":\"https:\/\/www.cfm.co.mz\/#website\",\"url\":\"https:\/\/www.cfm.co.mz\/\",\"name\":\"CFM - Caminhos De Ferros de Mo\u00e7ambique\",\"description\":\"Ampliando Horizontes\",\"publisher\":{\"@id\":\"https:\/\/www.cfm.co.mz\/#organization\"},\"potentialAction\":[{\"@type\":\"SearchAction\",\"target\":{\"@type\":\"EntryPoint\",\"urlTemplate\":\"https:\/\/www.cfm.co.mz\/?s={search_term_string}\"},\"query-input\":{\"@type\":\"PropertyValueSpecification\",\"valueRequired\":true,\"valueName\":\"search_term_string\"}}],\"inLanguage\":\"en-US\"},{\"@type\":\"Organization\",\"@id\":\"https:\/\/www.cfm.co.mz\/#organization\",\"name\":\"CFM - Caminhos De Ferros de Mo\u00e7ambique\",\"url\":\"https:\/\/www.cfm.co.mz\/\",\"logo\":{\"@type\":\"ImageObject\",\"inLanguage\":\"en-US\",\"@id\":\"https:\/\/www.cfm.co.mz\/#\/schema\/logo\/image\/\",\"url\":\"https:\/\/www.cfm.co.mz\/wp-content\/uploads\/2025\/07\/be5f0679-4f5b-4d02-9719-a26ceed29162.jpg\",\"contentUrl\":\"https:\/\/www.cfm.co.mz\/wp-content\/uploads\/2025\/07\/be5f0679-4f5b-4d02-9719-a26ceed29162.jpg\",\"width\":400,\"height\":65,\"caption\":\"CFM - Caminhos De Ferros de Mo\u00e7ambique\"},\"image\":{\"@id\":\"https:\/\/www.cfm.co.mz\/#\/schema\/logo\/image\/\"},\"sameAs\":[\"https:\/\/www.facebook.com\/CFMMoz\",\"https:\/\/www.linkedin.com\/company\/caminhos-de-ferro-de-moambique\/\"]},{\"@type\":\"Person\",\"@id\":\"https:\/\/www.cfm.co.mz\/#\/schema\/person\/1bb663f3c59dc61900f6f9b1c2b53552\",\"name\":\"D\u00e9rcio Badru\",\"image\":{\"@type\":\"ImageObject\",\"inLanguage\":\"en-US\",\"@id\":\"https:\/\/www.cfm.co.mz\/#\/schema\/person\/image\/\",\"url\":\"https:\/\/www.cfm.co.mz\/wp-content\/litespeed\/avatar\/be89d6955942d7259ef76de4577d21b3.jpg?ver=1777454359\",\"contentUrl\":\"https:\/\/www.cfm.co.mz\/wp-content\/litespeed\/avatar\/be89d6955942d7259ef76de4577d21b3.jpg?ver=1777454359\",\"caption\":\"D\u00e9rcio Badru\"},\"url\":\"https:\/\/www.cfm.co.mz\/en\/author\/dercio\/\"}]}<\/script>\n<!-- \/ Yoast SEO plugin. -->","yoast_head_json":{"title":"CFM com desempenho econ\u00f3mico financeiro positivo no exerc\u00edcio 2022 e Governo destaca o empenho - CFM - Caminhos De Ferros de Mo\u00e7ambique","robots":{"index":"index","follow":"follow","max-snippet":"max-snippet:-1","max-image-preview":"max-image-preview:large","max-video-preview":"max-video-preview:-1"},"canonical":"https:\/\/www.cfm.co.mz\/en\/2023\/03\/30\/cfm-com-desempenho-economico-financeiro-positivo-no-exercicio-2022-e-governo-destaca-o-empenho-3\/","og_locale":"en_US","og_type":"article","og_title":"CFM com desempenho econ\u00f3mico financeiro positivo no exerc\u00edcio 2022 e Governo destaca o empenho - CFM - Caminhos De Ferros de Mo\u00e7ambique","og_description":"Na sua primeira apari\u00e7\u00e3o como Presidente do Conselho de Administra\u00e7\u00e3o da empresa Portos e Caminhos de Ferro de Mo\u00e7ambique, CFM, o Eng. Agostinho Francisco Langa J\u00fanior, destacou o crescimento econ\u00f3mico global da empresa durante o exerc\u00edcio 2022 que resultou, antes dos impostos, em 6,2 mil milh\u00f5es de meticais (dados provis\u00f3rios) contra 9,6 mil milh\u00f5es de meticais or\u00e7ados.","og_url":"https:\/\/www.cfm.co.mz\/en\/2023\/03\/30\/cfm-com-desempenho-economico-financeiro-positivo-no-exercicio-2022-e-governo-destaca-o-empenho-3\/","og_site_name":"CFM - Caminhos De Ferros de Mo\u00e7ambique","article_publisher":"https:\/\/www.facebook.com\/CFMMoz","article_published_time":"2023-03-30T14:06:45+00:00","og_image":[{"width":2560,"height":1707,"url":"https:\/\/www.cfm.co.mz\/wp-content\/uploads\/2023\/03\/CONSELHO_DE_DIRECTORES_NACALA_2023-scaled.jpg","type":"image\/jpeg"}],"author":"D\u00e9rcio Badru","twitter_card":"summary_large_image","twitter_misc":{"Written by":"D\u00e9rcio Badru","Est. reading time":"3 minutes"},"schema":{"@context":"https:\/\/schema.org","@graph":[{"@type":"Article","@id":"https:\/\/www.cfm.co.mz\/2023\/03\/30\/cfm-com-desempenho-economico-financeiro-positivo-no-exercicio-2022-e-governo-destaca-o-empenho-3\/#article","isPartOf":{"@id":"https:\/\/www.cfm.co.mz\/2023\/03\/30\/cfm-com-desempenho-economico-financeiro-positivo-no-exercicio-2022-e-governo-destaca-o-empenho-3\/"},"author":{"name":"D\u00e9rcio Badru","@id":"https:\/\/www.cfm.co.mz\/#\/schema\/person\/1bb663f3c59dc61900f6f9b1c2b53552"},"headline":"CFM com desempenho econ\u00f3mico financeiro positivo no exerc\u00edcio 2022 e Governo destaca o empenho","datePublished":"2023-03-30T14:06:45+00:00","mainEntityOfPage":{"@id":"https:\/\/www.cfm.co.mz\/2023\/03\/30\/cfm-com-desempenho-economico-financeiro-positivo-no-exercicio-2022-e-governo-destaca-o-empenho-3\/"},"wordCount":669,"commentCount":0,"publisher":{"@id":"https:\/\/www.cfm.co.mz\/#organization"},"image":{"@id":"https:\/\/www.cfm.co.mz\/2023\/03\/30\/cfm-com-desempenho-economico-financeiro-positivo-no-exercicio-2022-e-governo-destaca-o-empenho-3\/#primaryimage"},"thumbnailUrl":"https:\/\/www.cfm.co.mz\/wp-content\/uploads\/2023\/03\/CONSELHO_DE_DIRECTORES_NACALA_2023-scaled.jpg","articleSection":["Noticias"],"inLanguage":"en-US","potentialAction":[{"@type":"CommentAction","name":"Comment","target":["https:\/\/www.cfm.co.mz\/2023\/03\/30\/cfm-com-desempenho-economico-financeiro-positivo-no-exercicio-2022-e-governo-destaca-o-empenho-3\/#respond"]}]},{"@type":"WebPage","@id":"https:\/\/www.cfm.co.mz\/2023\/03\/30\/cfm-com-desempenho-economico-financeiro-positivo-no-exercicio-2022-e-governo-destaca-o-empenho-3\/","url":"https:\/\/www.cfm.co.mz\/2023\/03\/30\/cfm-com-desempenho-economico-financeiro-positivo-no-exercicio-2022-e-governo-destaca-o-empenho-3\/","name":"CFM com desempenho econ\u00f3mico financeiro positivo no exerc\u00edcio 2022 e Governo destaca o empenho - CFM - Caminhos De Ferros de Mo\u00e7ambique","isPartOf":{"@id":"https:\/\/www.cfm.co.mz\/#website"},"primaryImageOfPage":{"@id":"https:\/\/www.cfm.co.mz\/2023\/03\/30\/cfm-com-desempenho-economico-financeiro-positivo-no-exercicio-2022-e-governo-destaca-o-empenho-3\/#primaryimage"},"image":{"@id":"https:\/\/www.cfm.co.mz\/2023\/03\/30\/cfm-com-desempenho-economico-financeiro-positivo-no-exercicio-2022-e-governo-destaca-o-empenho-3\/#primaryimage"},"thumbnailUrl":"https:\/\/www.cfm.co.mz\/wp-content\/uploads\/2023\/03\/CONSELHO_DE_DIRECTORES_NACALA_2023-scaled.jpg","datePublished":"2023-03-30T14:06:45+00:00","breadcrumb":{"@id":"https:\/\/www.cfm.co.mz\/2023\/03\/30\/cfm-com-desempenho-economico-financeiro-positivo-no-exercicio-2022-e-governo-destaca-o-empenho-3\/#breadcrumb"},"inLanguage":"en-US","potentialAction":[{"@type":"ReadAction","target":["https:\/\/www.cfm.co.mz\/2023\/03\/30\/cfm-com-desempenho-economico-financeiro-positivo-no-exercicio-2022-e-governo-destaca-o-empenho-3\/"]}]},{"@type":"ImageObject","inLanguage":"en-US","@id":"https:\/\/www.cfm.co.mz\/2023\/03\/30\/cfm-com-desempenho-economico-financeiro-positivo-no-exercicio-2022-e-governo-destaca-o-empenho-3\/#primaryimage","url":"https:\/\/www.cfm.co.mz\/wp-content\/uploads\/2023\/03\/CONSELHO_DE_DIRECTORES_NACALA_2023-scaled.jpg","contentUrl":"https:\/\/www.cfm.co.mz\/wp-content\/uploads\/2023\/03\/CONSELHO_DE_DIRECTORES_NACALA_2023-scaled.jpg","width":2560,"height":1707,"caption":"CONSELHO DE DIRECTORES NACALA 2023"},{"@type":"BreadcrumbList","@id":"https:\/\/www.cfm.co.mz\/2023\/03\/30\/cfm-com-desempenho-economico-financeiro-positivo-no-exercicio-2022-e-governo-destaca-o-empenho-3\/#breadcrumb","itemListElement":[{"@type":"ListItem","position":1,"name":"Home","item":"https:\/\/www.cfm.co.mz\/"},{"@type":"ListItem","position":2,"name":"CFM com desempenho econ\u00f3mico financeiro positivo no exerc\u00edcio 2022 e Governo destaca o empenho"}]},{"@type":"WebSite","@id":"https:\/\/www.cfm.co.mz\/#website","url":"https:\/\/www.cfm.co.mz\/","name":"CFM - Caminhos De Ferros de Mo\u00e7ambique","description":"Ampliando Horizontes","publisher":{"@id":"https:\/\/www.cfm.co.mz\/#organization"},"potentialAction":[{"@type":"SearchAction","target":{"@type":"EntryPoint","urlTemplate":"https:\/\/www.cfm.co.mz\/?s={search_term_string}"},"query-input":{"@type":"PropertyValueSpecification","valueRequired":true,"valueName":"search_term_string"}}],"inLanguage":"en-US"},{"@type":"Organization","@id":"https:\/\/www.cfm.co.mz\/#organization","name":"CFM - Caminhos De Ferros de Mo\u00e7ambique","url":"https:\/\/www.cfm.co.mz\/","logo":{"@type":"ImageObject","inLanguage":"en-US","@id":"https:\/\/www.cfm.co.mz\/#\/schema\/logo\/image\/","url":"https:\/\/www.cfm.co.mz\/wp-content\/uploads\/2025\/07\/be5f0679-4f5b-4d02-9719-a26ceed29162.jpg","contentUrl":"https:\/\/www.cfm.co.mz\/wp-content\/uploads\/2025\/07\/be5f0679-4f5b-4d02-9719-a26ceed29162.jpg","width":400,"height":65,"caption":"CFM - Caminhos De Ferros de Mo\u00e7ambique"},"image":{"@id":"https:\/\/www.cfm.co.mz\/#\/schema\/logo\/image\/"},"sameAs":["https:\/\/www.facebook.com\/CFMMoz","https:\/\/www.linkedin.com\/company\/caminhos-de-ferro-de-moambique\/"]},{"@type":"Person","@id":"https:\/\/www.cfm.co.mz\/#\/schema\/person\/1bb663f3c59dc61900f6f9b1c2b53552","name":"D\u00e9rcio Badru","image":{"@type":"ImageObject","inLanguage":"en-US","@id":"https:\/\/www.cfm.co.mz\/#\/schema\/person\/image\/","url":"https:\/\/www.cfm.co.mz\/wp-content\/litespeed\/avatar\/be89d6955942d7259ef76de4577d21b3.jpg?ver=1777454359","contentUrl":"https:\/\/www.cfm.co.mz\/wp-content\/litespeed\/avatar\/be89d6955942d7259ef76de4577d21b3.jpg?ver=1777454359","caption":"D\u00e9rcio Badru"},"url":"https:\/\/www.cfm.co.mz\/en\/author\/dercio\/"}]}},"_links":{"self":[{"href":"https:\/\/www.cfm.co.mz\/en\/wp-json\/wp\/v2\/posts\/9581","targetHints":{"allow":["GET"]}}],"collection":[{"href":"https:\/\/www.cfm.co.mz\/en\/wp-json\/wp\/v2\/posts"}],"about":[{"href":"https:\/\/www.cfm.co.mz\/en\/wp-json\/wp\/v2\/types\/post"}],"author":[{"embeddable":true,"href":"https:\/\/www.cfm.co.mz\/en\/wp-json\/wp\/v2\/users\/94"}],"replies":[{"embeddable":true,"href":"https:\/\/www.cfm.co.mz\/en\/wp-json\/wp\/v2\/comments?post=9581"}],"version-history":[{"count":0,"href":"https:\/\/www.cfm.co.mz\/en\/wp-json\/wp\/v2\/posts\/9581\/revisions"}],"wp:featuredmedia":[{"embeddable":true,"href":"https:\/\/www.cfm.co.mz\/en\/wp-json\/wp\/v2\/media\/9567"}],"wp:attachment":[{"href":"https:\/\/www.cfm.co.mz\/en\/wp-json\/wp\/v2\/media?parent=9581"}],"wp:term":[{"taxonomy":"category","embeddable":true,"href":"https:\/\/www.cfm.co.mz\/en\/wp-json\/wp\/v2\/categories?post=9581"},{"taxonomy":"post_tag","embeddable":true,"href":"https:\/\/www.cfm.co.mz\/en\/wp-json\/wp\/v2\/tags?post=9581"}],"curies":[{"name":"wp","href":"https:\/\/api.w.org\/{rel}","templated":true}]}}