{"id":9566,"date":"2023-03-20T15:47:20","date_gmt":"2023-03-20T15:47:20","guid":{"rendered":"https:\/\/www.cfm.co.mz\/2023\/03\/20\/agostinho-francisco-langa-junior-empossado-novo-pca-do-cfm\/"},"modified":"2023-03-20T15:47:20","modified_gmt":"2023-03-20T15:47:20","slug":"agostinho-francisco-langa-junior-empossado-novo-pca-do-cfm","status":"publish","type":"post","link":"https:\/\/www.cfm.co.mz\/en\/2023\/03\/20\/agostinho-francisco-langa-junior-empossado-novo-pca-do-cfm\/","title":{"rendered":"Agostinho Francisco Langa  J\u00fanior toma posse como  PCA do CFM"},"content":{"rendered":"<p class=\"p1\" style=\"text-align: justify;\"><a href=\"http:\/\/www.cfm.co.mz\/wp-content\/uploads\/2023\/03\/EMPOSSAMENTO_ENG_LANGA_2023.jpg\" type=\"image\/jpeg\" class=\"jcepopup zoom-bottom-right\" data-mediabox=\"1\" data-mediabox-width=\"800\" data-mediabox-height=\"600\" data-mediabox-caption=\"PCA do CFM, Eng. Agostinho Francisco Langa J\u00fanior, durante o acto de tomada de posse\"><img decoding=\"async\" src=\"http:\/\/www.cfm.co.mz\/wp-content\/uploads\/2023\/03\/EMPOSSAMENTO_ENG_LANGA_2023.jpg\" alt=\"EMPOSSAMENTO ENG LANGA 2023\" width=\"250\" height=\"167\" style=\"margin: 10px; float: left;\" \/><\/a>O Primeiro-Ministro, Adriano Maleiane, conferiu posse, esta manh\u00e3, no seu Gabinete, a Agostinho Francisco Langa J\u00fanior, 51 anos,<span class=\"Apple-converted-space\">&nbsp; <\/span>como novo Presidente do Conselho de Administra\u00e7\u00e3o da Empresa Portos e Caminhos de Ferro de Mo\u00e7ambique (CFM).<\/p>\n<p><!--more--><\/p>\n<p class=\"p1\" style=\"text-align: justify;\">No seu discurso, o Primeiro-Ministro destacou o papel crucial do sector dos transportes como dinamizador da economia nacional sendo da\u00ed que o Governo aposta<span class=\"Apple-converted-space\">&nbsp; <\/span>na expans\u00e3o e moderniza\u00e7\u00e3o das infra-estruturas ferro-portu\u00e1rias, aeroportu\u00e1rias e de log\u00edstica de transporte. O Primeiro-Ministro referiu ainda aos programas de reabilita\u00e7\u00e3o, amplia\u00e7\u00e3o e moderniza\u00e7\u00e3o das infraestruturas ferro-portu\u00e1rias que o CFM est\u00e1 a implementar com vista a responder a crescente demanda do transporte ferrovi\u00e1rio e mar\u00edtimo no pa\u00eds e na regi\u00e3o, desafios<span class=\"Apple-converted-space\">&nbsp; <\/span>que o novo PCA, Agostinho Langa, deve dar continuidade.&nbsp;<\/p>\n<p class=\"p1\" style=\"text-align: justify;\">\u201cEsperamos que o empossado d\u00ea continuidade e acelere a implementa\u00e7\u00e3o dos projectos estrat\u00e9gicos em curso, particularmente a duplica\u00e7\u00e3o da linha f\u00e9rrea de Ressano Garcia e respectivas obras de arte para elevar o desempenho no transporte ferrovi\u00e1rio de carga no Corredor de Maputo, reabilita\u00e7\u00e3o da linha f\u00e9rrea de Machipanda, por forma a captar mais carga ferrovi\u00e1ria de e para o Zimbabwe e outros pa\u00edses utentes do Porto da Beira e a conclus\u00e3o da retoma do transporte ferrovi\u00e1rio entre o Malawi e o Porto da Beira, atrav\u00e9s do ramal Mutarara \u2013 Vila Nova da Fronteira, aquisi\u00e7\u00e3o de mais equipamento rolante, nomeadamente, locomotivas, vag\u00f5es e carruagens para o refor\u00e7o da capacidade da empresa no transporte de pessoas e bens\u201d apontou o Governante para quem a implementa\u00e7\u00e3o destas ac\u00e7\u00f5es ir\u00e3o contribuir para assegurar o cont\u00ednuo desenvolvimento econ\u00f3mico e social de Mo\u00e7ambique e dos pa\u00edses da SADC.<\/p>\n<p class=\"p1\" style=\"text-align: justify;\">Agostinho Langa disse estar pronto para fazer face aos desafios.<\/p>\n<p class=\"p1\" style=\"text-align: justify;\">\u201cO apelo do Primeiro-Ministro foi bastante claro. S\u00e3o projectos que o CFM vem implementando e eu, como ferrovi\u00e1rio,<span class=\"Apple-converted-space\">&nbsp; <\/span>de forma indirecta fui sempre acompanhando. O projecto de duplica\u00e7\u00e3o da Linha de Ressano Garcia, a reabilita\u00e7\u00e3o e o aumento da capacidade da Linha de Machipanda e agora, infelizmente, a repara\u00e7\u00e3o de todos os estragos causados pelo Ciclone Freddy, sobretudo na Linha de Sena, constituem prioridade\u201d vincou o PCA respondendo a uma pergunta de insist\u00eancia em torno da possibilidade de constru\u00e7\u00e3o duma linha de passageiros que acompanha a Estrada Circular de Maputo.&nbsp;<\/p>\n<p class=\"p1\" style=\"text-align: justify;\">\u201cA quest\u00e3o de transporte de passageiros sempre ser\u00e1 priorit\u00e1rio para o CFM, mas tendo em conta que este sector nunca deve impedir aquilo que \u00e9 o <i>core business<span class=\"Apple-converted-space\">&nbsp; <\/span><\/i>da Empresa, que \u00e9 o transporte de mercadorias. Ali\u00e1s, \u00e9 s\u00f3 com o transporte de mercadorias que conseguimos suportar o transporte de passageiros a tarifas bonificadas. Portanto, esta \u00e1reas levantadas pelo Primeiro-Ministro s\u00e3o priorit\u00e1rias, incluindo a for\u00e7a do trabalho. H\u00e1 muitas ideias e vers\u00f5es e ter\u00e3o de ser todas analisadas e poderemos apostar naquela que \u00e9 mais vi\u00e1vel. N\u00e3o h\u00e1 d\u00favida de que a solu\u00e7\u00e3o para o transporte de passageiros \u00e9 a constru\u00e7\u00e3o de uma linha apenas dedicada para este fim e n\u00e3o haver a mistura de transporte de mercadorias e passageiros, o que \u00e9 perigoso. Portanto, \u00e9 algo a n\u00e3o se destacar, vamos estudar\u201d destacou.&nbsp;<\/p>\n<p class=\"p1\" style=\"text-align: justify;\">Exonerado ter\u00e7a-feira \u00faltima pelo Presidente da Rep\u00fablica, Filipe Nyusi, atrav\u00e9s do Despacho Presidencial, do cargo de Secret\u00e1rio do Estado do Ensino T\u00e9cnico-Profissional, onde exercia a fun\u00e7\u00e3o desde Outubro de 2020, Francisco Langa viria a ser nomeado nesta mesma data pelo Governo como novo PCA do CFM em substitui\u00e7\u00e3o do Engenheiro Miguel Matabel, em fun\u00e7\u00f5es desde 2017.&nbsp;<\/p>\n<p class=\"p1\" style=\"text-align: justify;\">O novo PCA, recorde-se, \u00e9 quadro do CFM e consta do seu curr\u00edculo larga experi\u00eancia na gest\u00e3o ferro-portu\u00e1ria, com grande relevo do trabalho desenvolvido em Nacala, enquanto Chefe de Servi\u00e7o de Opera\u00e7\u00f5es Portu\u00e1rias e de Director do Porto, Director Executivo do Porto e Director de Opera\u00e7\u00f5es do Corredor de Desenvolvimento Norte e Director de Opera\u00e7\u00f5es na Comiss\u00e3o Executiva e Director da Portos do Norte.<\/p>","protected":false},"excerpt":{"rendered":"<p>O Primeiro-Ministro, Adriano Maleiane, conferiu posse, esta manh\u00e3, no seu Gabinete, a Agostinho Francisco Langa J\u00fanior, 51 anos,&nbsp; como novo Presidente do Conselho de Administra\u00e7\u00e3o da Empresa Portos e Caminhos de Ferro de Mo\u00e7ambique (CFM).<\/p>","protected":false},"author":94,"featured_media":9565,"comment_status":"open","ping_status":"open","sticky":false,"template":"","format":"standard","meta":{"_acf_changed":false,"pgc_sgb_lightbox_settings":"","footnotes":""},"categories":[680],"tags":[],"class_list":["post-9566","post","type-post","status-publish","format-standard","has-post-thumbnail","hentry","category-noticias"],"acf":[],"yoast_head":"<!-- This site is optimized with the Yoast SEO plugin v26.5 - https:\/\/yoast.com\/wordpress\/plugins\/seo\/ -->\n<title>Agostinho Francisco Langa J\u00fanior toma posse como PCA do CFM - CFM - Caminhos De Ferros de Mo\u00e7ambique<\/title>\n<meta name=\"robots\" content=\"index, follow, max-snippet:-1, max-image-preview:large, max-video-preview:-1\" \/>\n<link rel=\"canonical\" href=\"https:\/\/www.cfm.co.mz\/en\/2023\/03\/20\/agostinho-francisco-langa-junior-empossado-novo-pca-do-cfm\/\" \/>\n<meta property=\"og:locale\" content=\"en_US\" \/>\n<meta property=\"og:type\" content=\"article\" \/>\n<meta property=\"og:title\" content=\"Agostinho Francisco Langa J\u00fanior toma posse como PCA do CFM - CFM - Caminhos De Ferros de Mo\u00e7ambique\" \/>\n<meta property=\"og:description\" content=\"O Primeiro-Ministro, Adriano Maleiane, conferiu posse, esta manh\u00e3, no seu Gabinete, a Agostinho Francisco Langa J\u00fanior, 51 anos,&nbsp; como novo Presidente do Conselho de Administra\u00e7\u00e3o da Empresa Portos e Caminhos de Ferro de Mo\u00e7ambique (CFM).\" \/>\n<meta property=\"og:url\" content=\"https:\/\/www.cfm.co.mz\/en\/2023\/03\/20\/agostinho-francisco-langa-junior-empossado-novo-pca-do-cfm\/\" \/>\n<meta property=\"og:site_name\" content=\"CFM - Caminhos De Ferros de Mo\u00e7ambique\" \/>\n<meta property=\"article:publisher\" content=\"https:\/\/www.facebook.com\/CFMMoz\" \/>\n<meta property=\"article:published_time\" content=\"2023-03-20T15:47:20+00:00\" \/>\n<meta property=\"og:image\" content=\"https:\/\/www.cfm.co.mz\/wp-content\/uploads\/2023\/03\/EMPOSSAMENTO_ENG_LANGA_2023-scaled.jpg\" \/>\n\t<meta property=\"og:image:width\" content=\"2560\" \/>\n\t<meta property=\"og:image:height\" content=\"1707\" \/>\n\t<meta property=\"og:image:type\" content=\"image\/jpeg\" \/>\n<meta name=\"author\" content=\"D\u00e9rcio Badru\" \/>\n<meta name=\"twitter:card\" content=\"summary_large_image\" \/>\n<meta name=\"twitter:label1\" content=\"Written by\" \/>\n\t<meta name=\"twitter:data1\" content=\"D\u00e9rcio Badru\" \/>\n\t<meta name=\"twitter:label2\" content=\"Est. reading time\" \/>\n\t<meta name=\"twitter:data2\" content=\"3 minutes\" \/>\n<script type=\"application\/ld+json\" class=\"yoast-schema-graph\">{\"@context\":\"https:\/\/schema.org\",\"@graph\":[{\"@type\":\"Article\",\"@id\":\"https:\/\/www.cfm.co.mz\/2023\/03\/20\/agostinho-francisco-langa-junior-empossado-novo-pca-do-cfm\/#article\",\"isPartOf\":{\"@id\":\"https:\/\/www.cfm.co.mz\/2023\/03\/20\/agostinho-francisco-langa-junior-empossado-novo-pca-do-cfm\/\"},\"author\":{\"name\":\"D\u00e9rcio Badru\",\"@id\":\"https:\/\/www.cfm.co.mz\/#\/schema\/person\/1bb663f3c59dc61900f6f9b1c2b53552\"},\"headline\":\"Agostinho Francisco Langa J\u00fanior toma posse como PCA do CFM\",\"datePublished\":\"2023-03-20T15:47:20+00:00\",\"mainEntityOfPage\":{\"@id\":\"https:\/\/www.cfm.co.mz\/2023\/03\/20\/agostinho-francisco-langa-junior-empossado-novo-pca-do-cfm\/\"},\"wordCount\":701,\"commentCount\":0,\"publisher\":{\"@id\":\"https:\/\/www.cfm.co.mz\/#organization\"},\"image\":{\"@id\":\"https:\/\/www.cfm.co.mz\/2023\/03\/20\/agostinho-francisco-langa-junior-empossado-novo-pca-do-cfm\/#primaryimage\"},\"thumbnailUrl\":\"https:\/\/www.cfm.co.mz\/wp-content\/uploads\/2023\/03\/EMPOSSAMENTO_ENG_LANGA_2023-scaled.jpg\",\"articleSection\":[\"Noticias\"],\"inLanguage\":\"en-US\",\"potentialAction\":[{\"@type\":\"CommentAction\",\"name\":\"Comment\",\"target\":[\"https:\/\/www.cfm.co.mz\/2023\/03\/20\/agostinho-francisco-langa-junior-empossado-novo-pca-do-cfm\/#respond\"]}]},{\"@type\":\"WebPage\",\"@id\":\"https:\/\/www.cfm.co.mz\/2023\/03\/20\/agostinho-francisco-langa-junior-empossado-novo-pca-do-cfm\/\",\"url\":\"https:\/\/www.cfm.co.mz\/2023\/03\/20\/agostinho-francisco-langa-junior-empossado-novo-pca-do-cfm\/\",\"name\":\"Agostinho Francisco Langa J\u00fanior toma posse como PCA do CFM - CFM - Caminhos De Ferros de Mo\u00e7ambique\",\"isPartOf\":{\"@id\":\"https:\/\/www.cfm.co.mz\/#website\"},\"primaryImageOfPage\":{\"@id\":\"https:\/\/www.cfm.co.mz\/2023\/03\/20\/agostinho-francisco-langa-junior-empossado-novo-pca-do-cfm\/#primaryimage\"},\"image\":{\"@id\":\"https:\/\/www.cfm.co.mz\/2023\/03\/20\/agostinho-francisco-langa-junior-empossado-novo-pca-do-cfm\/#primaryimage\"},\"thumbnailUrl\":\"https:\/\/www.cfm.co.mz\/wp-content\/uploads\/2023\/03\/EMPOSSAMENTO_ENG_LANGA_2023-scaled.jpg\",\"datePublished\":\"2023-03-20T15:47:20+00:00\",\"breadcrumb\":{\"@id\":\"https:\/\/www.cfm.co.mz\/2023\/03\/20\/agostinho-francisco-langa-junior-empossado-novo-pca-do-cfm\/#breadcrumb\"},\"inLanguage\":\"en-US\",\"potentialAction\":[{\"@type\":\"ReadAction\",\"target\":[\"https:\/\/www.cfm.co.mz\/2023\/03\/20\/agostinho-francisco-langa-junior-empossado-novo-pca-do-cfm\/\"]}]},{\"@type\":\"ImageObject\",\"inLanguage\":\"en-US\",\"@id\":\"https:\/\/www.cfm.co.mz\/2023\/03\/20\/agostinho-francisco-langa-junior-empossado-novo-pca-do-cfm\/#primaryimage\",\"url\":\"https:\/\/www.cfm.co.mz\/wp-content\/uploads\/2023\/03\/EMPOSSAMENTO_ENG_LANGA_2023-scaled.jpg\",\"contentUrl\":\"https:\/\/www.cfm.co.mz\/wp-content\/uploads\/2023\/03\/EMPOSSAMENTO_ENG_LANGA_2023-scaled.jpg\",\"width\":2560,\"height\":1707,\"caption\":\"EMPOSSAMENTO ENG LANGA 2023\"},{\"@type\":\"BreadcrumbList\",\"@id\":\"https:\/\/www.cfm.co.mz\/2023\/03\/20\/agostinho-francisco-langa-junior-empossado-novo-pca-do-cfm\/#breadcrumb\",\"itemListElement\":[{\"@type\":\"ListItem\",\"position\":1,\"name\":\"Home\",\"item\":\"https:\/\/www.cfm.co.mz\/\"},{\"@type\":\"ListItem\",\"position\":2,\"name\":\"Agostinho Francisco Langa J\u00fanior toma posse como PCA do CFM\"}]},{\"@type\":\"WebSite\",\"@id\":\"https:\/\/www.cfm.co.mz\/#website\",\"url\":\"https:\/\/www.cfm.co.mz\/\",\"name\":\"CFM - Caminhos De Ferros de Mo\u00e7ambique\",\"description\":\"Ampliando Horizontes\",\"publisher\":{\"@id\":\"https:\/\/www.cfm.co.mz\/#organization\"},\"potentialAction\":[{\"@type\":\"SearchAction\",\"target\":{\"@type\":\"EntryPoint\",\"urlTemplate\":\"https:\/\/www.cfm.co.mz\/?s={search_term_string}\"},\"query-input\":{\"@type\":\"PropertyValueSpecification\",\"valueRequired\":true,\"valueName\":\"search_term_string\"}}],\"inLanguage\":\"en-US\"},{\"@type\":\"Organization\",\"@id\":\"https:\/\/www.cfm.co.mz\/#organization\",\"name\":\"CFM - Caminhos De Ferros de Mo\u00e7ambique\",\"url\":\"https:\/\/www.cfm.co.mz\/\",\"logo\":{\"@type\":\"ImageObject\",\"inLanguage\":\"en-US\",\"@id\":\"https:\/\/www.cfm.co.mz\/#\/schema\/logo\/image\/\",\"url\":\"https:\/\/www.cfm.co.mz\/wp-content\/uploads\/2025\/07\/be5f0679-4f5b-4d02-9719-a26ceed29162.jpg\",\"contentUrl\":\"https:\/\/www.cfm.co.mz\/wp-content\/uploads\/2025\/07\/be5f0679-4f5b-4d02-9719-a26ceed29162.jpg\",\"width\":400,\"height\":65,\"caption\":\"CFM - Caminhos De Ferros de Mo\u00e7ambique\"},\"image\":{\"@id\":\"https:\/\/www.cfm.co.mz\/#\/schema\/logo\/image\/\"},\"sameAs\":[\"https:\/\/www.facebook.com\/CFMMoz\",\"https:\/\/www.linkedin.com\/company\/caminhos-de-ferro-de-moambique\/\"]},{\"@type\":\"Person\",\"@id\":\"https:\/\/www.cfm.co.mz\/#\/schema\/person\/1bb663f3c59dc61900f6f9b1c2b53552\",\"name\":\"D\u00e9rcio Badru\",\"image\":{\"@type\":\"ImageObject\",\"inLanguage\":\"en-US\",\"@id\":\"https:\/\/www.cfm.co.mz\/#\/schema\/person\/image\/\",\"url\":\"https:\/\/www.cfm.co.mz\/wp-content\/litespeed\/avatar\/be89d6955942d7259ef76de4577d21b3.jpg?ver=1777454359\",\"contentUrl\":\"https:\/\/www.cfm.co.mz\/wp-content\/litespeed\/avatar\/be89d6955942d7259ef76de4577d21b3.jpg?ver=1777454359\",\"caption\":\"D\u00e9rcio Badru\"},\"url\":\"https:\/\/www.cfm.co.mz\/en\/author\/dercio\/\"}]}<\/script>\n<!-- \/ Yoast SEO plugin. -->","yoast_head_json":{"title":"Agostinho Francisco Langa J\u00fanior toma posse como PCA do CFM - CFM - Caminhos De Ferros de Mo\u00e7ambique","robots":{"index":"index","follow":"follow","max-snippet":"max-snippet:-1","max-image-preview":"max-image-preview:large","max-video-preview":"max-video-preview:-1"},"canonical":"https:\/\/www.cfm.co.mz\/en\/2023\/03\/20\/agostinho-francisco-langa-junior-empossado-novo-pca-do-cfm\/","og_locale":"en_US","og_type":"article","og_title":"Agostinho Francisco Langa J\u00fanior toma posse como PCA do CFM - CFM - Caminhos De Ferros de Mo\u00e7ambique","og_description":"O Primeiro-Ministro, Adriano Maleiane, conferiu posse, esta manh\u00e3, no seu Gabinete, a Agostinho Francisco Langa J\u00fanior, 51 anos,&nbsp; como novo Presidente do Conselho de Administra\u00e7\u00e3o da Empresa Portos e Caminhos de Ferro de Mo\u00e7ambique (CFM).","og_url":"https:\/\/www.cfm.co.mz\/en\/2023\/03\/20\/agostinho-francisco-langa-junior-empossado-novo-pca-do-cfm\/","og_site_name":"CFM - Caminhos De Ferros de Mo\u00e7ambique","article_publisher":"https:\/\/www.facebook.com\/CFMMoz","article_published_time":"2023-03-20T15:47:20+00:00","og_image":[{"width":2560,"height":1707,"url":"https:\/\/www.cfm.co.mz\/wp-content\/uploads\/2023\/03\/EMPOSSAMENTO_ENG_LANGA_2023-scaled.jpg","type":"image\/jpeg"}],"author":"D\u00e9rcio Badru","twitter_card":"summary_large_image","twitter_misc":{"Written by":"D\u00e9rcio Badru","Est. reading time":"3 minutes"},"schema":{"@context":"https:\/\/schema.org","@graph":[{"@type":"Article","@id":"https:\/\/www.cfm.co.mz\/2023\/03\/20\/agostinho-francisco-langa-junior-empossado-novo-pca-do-cfm\/#article","isPartOf":{"@id":"https:\/\/www.cfm.co.mz\/2023\/03\/20\/agostinho-francisco-langa-junior-empossado-novo-pca-do-cfm\/"},"author":{"name":"D\u00e9rcio Badru","@id":"https:\/\/www.cfm.co.mz\/#\/schema\/person\/1bb663f3c59dc61900f6f9b1c2b53552"},"headline":"Agostinho Francisco Langa J\u00fanior toma posse como PCA do CFM","datePublished":"2023-03-20T15:47:20+00:00","mainEntityOfPage":{"@id":"https:\/\/www.cfm.co.mz\/2023\/03\/20\/agostinho-francisco-langa-junior-empossado-novo-pca-do-cfm\/"},"wordCount":701,"commentCount":0,"publisher":{"@id":"https:\/\/www.cfm.co.mz\/#organization"},"image":{"@id":"https:\/\/www.cfm.co.mz\/2023\/03\/20\/agostinho-francisco-langa-junior-empossado-novo-pca-do-cfm\/#primaryimage"},"thumbnailUrl":"https:\/\/www.cfm.co.mz\/wp-content\/uploads\/2023\/03\/EMPOSSAMENTO_ENG_LANGA_2023-scaled.jpg","articleSection":["Noticias"],"inLanguage":"en-US","potentialAction":[{"@type":"CommentAction","name":"Comment","target":["https:\/\/www.cfm.co.mz\/2023\/03\/20\/agostinho-francisco-langa-junior-empossado-novo-pca-do-cfm\/#respond"]}]},{"@type":"WebPage","@id":"https:\/\/www.cfm.co.mz\/2023\/03\/20\/agostinho-francisco-langa-junior-empossado-novo-pca-do-cfm\/","url":"https:\/\/www.cfm.co.mz\/2023\/03\/20\/agostinho-francisco-langa-junior-empossado-novo-pca-do-cfm\/","name":"Agostinho Francisco Langa J\u00fanior toma posse como PCA do CFM - CFM - Caminhos De Ferros de Mo\u00e7ambique","isPartOf":{"@id":"https:\/\/www.cfm.co.mz\/#website"},"primaryImageOfPage":{"@id":"https:\/\/www.cfm.co.mz\/2023\/03\/20\/agostinho-francisco-langa-junior-empossado-novo-pca-do-cfm\/#primaryimage"},"image":{"@id":"https:\/\/www.cfm.co.mz\/2023\/03\/20\/agostinho-francisco-langa-junior-empossado-novo-pca-do-cfm\/#primaryimage"},"thumbnailUrl":"https:\/\/www.cfm.co.mz\/wp-content\/uploads\/2023\/03\/EMPOSSAMENTO_ENG_LANGA_2023-scaled.jpg","datePublished":"2023-03-20T15:47:20+00:00","breadcrumb":{"@id":"https:\/\/www.cfm.co.mz\/2023\/03\/20\/agostinho-francisco-langa-junior-empossado-novo-pca-do-cfm\/#breadcrumb"},"inLanguage":"en-US","potentialAction":[{"@type":"ReadAction","target":["https:\/\/www.cfm.co.mz\/2023\/03\/20\/agostinho-francisco-langa-junior-empossado-novo-pca-do-cfm\/"]}]},{"@type":"ImageObject","inLanguage":"en-US","@id":"https:\/\/www.cfm.co.mz\/2023\/03\/20\/agostinho-francisco-langa-junior-empossado-novo-pca-do-cfm\/#primaryimage","url":"https:\/\/www.cfm.co.mz\/wp-content\/uploads\/2023\/03\/EMPOSSAMENTO_ENG_LANGA_2023-scaled.jpg","contentUrl":"https:\/\/www.cfm.co.mz\/wp-content\/uploads\/2023\/03\/EMPOSSAMENTO_ENG_LANGA_2023-scaled.jpg","width":2560,"height":1707,"caption":"EMPOSSAMENTO ENG LANGA 2023"},{"@type":"BreadcrumbList","@id":"https:\/\/www.cfm.co.mz\/2023\/03\/20\/agostinho-francisco-langa-junior-empossado-novo-pca-do-cfm\/#breadcrumb","itemListElement":[{"@type":"ListItem","position":1,"name":"Home","item":"https:\/\/www.cfm.co.mz\/"},{"@type":"ListItem","position":2,"name":"Agostinho Francisco Langa J\u00fanior toma posse como PCA do CFM"}]},{"@type":"WebSite","@id":"https:\/\/www.cfm.co.mz\/#website","url":"https:\/\/www.cfm.co.mz\/","name":"CFM - Caminhos De Ferros de Mo\u00e7ambique","description":"Ampliando Horizontes","publisher":{"@id":"https:\/\/www.cfm.co.mz\/#organization"},"potentialAction":[{"@type":"SearchAction","target":{"@type":"EntryPoint","urlTemplate":"https:\/\/www.cfm.co.mz\/?s={search_term_string}"},"query-input":{"@type":"PropertyValueSpecification","valueRequired":true,"valueName":"search_term_string"}}],"inLanguage":"en-US"},{"@type":"Organization","@id":"https:\/\/www.cfm.co.mz\/#organization","name":"CFM - Caminhos De Ferros de Mo\u00e7ambique","url":"https:\/\/www.cfm.co.mz\/","logo":{"@type":"ImageObject","inLanguage":"en-US","@id":"https:\/\/www.cfm.co.mz\/#\/schema\/logo\/image\/","url":"https:\/\/www.cfm.co.mz\/wp-content\/uploads\/2025\/07\/be5f0679-4f5b-4d02-9719-a26ceed29162.jpg","contentUrl":"https:\/\/www.cfm.co.mz\/wp-content\/uploads\/2025\/07\/be5f0679-4f5b-4d02-9719-a26ceed29162.jpg","width":400,"height":65,"caption":"CFM - Caminhos De Ferros de Mo\u00e7ambique"},"image":{"@id":"https:\/\/www.cfm.co.mz\/#\/schema\/logo\/image\/"},"sameAs":["https:\/\/www.facebook.com\/CFMMoz","https:\/\/www.linkedin.com\/company\/caminhos-de-ferro-de-moambique\/"]},{"@type":"Person","@id":"https:\/\/www.cfm.co.mz\/#\/schema\/person\/1bb663f3c59dc61900f6f9b1c2b53552","name":"D\u00e9rcio Badru","image":{"@type":"ImageObject","inLanguage":"en-US","@id":"https:\/\/www.cfm.co.mz\/#\/schema\/person\/image\/","url":"https:\/\/www.cfm.co.mz\/wp-content\/litespeed\/avatar\/be89d6955942d7259ef76de4577d21b3.jpg?ver=1777454359","contentUrl":"https:\/\/www.cfm.co.mz\/wp-content\/litespeed\/avatar\/be89d6955942d7259ef76de4577d21b3.jpg?ver=1777454359","caption":"D\u00e9rcio Badru"},"url":"https:\/\/www.cfm.co.mz\/en\/author\/dercio\/"}]}},"_links":{"self":[{"href":"https:\/\/www.cfm.co.mz\/en\/wp-json\/wp\/v2\/posts\/9566","targetHints":{"allow":["GET"]}}],"collection":[{"href":"https:\/\/www.cfm.co.mz\/en\/wp-json\/wp\/v2\/posts"}],"about":[{"href":"https:\/\/www.cfm.co.mz\/en\/wp-json\/wp\/v2\/types\/post"}],"author":[{"embeddable":true,"href":"https:\/\/www.cfm.co.mz\/en\/wp-json\/wp\/v2\/users\/94"}],"replies":[{"embeddable":true,"href":"https:\/\/www.cfm.co.mz\/en\/wp-json\/wp\/v2\/comments?post=9566"}],"version-history":[{"count":0,"href":"https:\/\/www.cfm.co.mz\/en\/wp-json\/wp\/v2\/posts\/9566\/revisions"}],"wp:featuredmedia":[{"embeddable":true,"href":"https:\/\/www.cfm.co.mz\/en\/wp-json\/wp\/v2\/media\/9565"}],"wp:attachment":[{"href":"https:\/\/www.cfm.co.mz\/en\/wp-json\/wp\/v2\/media?parent=9566"}],"wp:term":[{"taxonomy":"category","embeddable":true,"href":"https:\/\/www.cfm.co.mz\/en\/wp-json\/wp\/v2\/categories?post=9566"},{"taxonomy":"post_tag","embeddable":true,"href":"https:\/\/www.cfm.co.mz\/en\/wp-json\/wp\/v2\/tags?post=9566"}],"curies":[{"name":"wp","href":"https:\/\/api.w.org\/{rel}","templated":true}]}}