{"id":9544,"date":"2023-02-06T15:31:11","date_gmt":"2023-02-06T15:31:11","guid":{"rendered":"https:\/\/www.cfm.co.mz\/2023\/02\/06\/cfm-apoia-malawi-com-o-transporte-de-material-para-as-obras-de-reconstrucao-da-linha-ferrea-3\/"},"modified":"2023-02-06T15:31:11","modified_gmt":"2023-02-06T15:31:11","slug":"cfm-apoia-malawi-com-o-transporte-de-material-para-as-obras-de-reconstrucao-da-linha-ferrea-3","status":"publish","type":"post","link":"https:\/\/www.cfm.co.mz\/en\/2023\/02\/06\/cfm-apoia-malawi-com-o-transporte-de-material-para-as-obras-de-reconstrucao-da-linha-ferrea-3\/","title":{"rendered":"CFM apoia Malawi com o transporte de Material para as Obras de Reconstru\u00e7\u00e3o da Linha F\u00e9rrea"},"content":{"rendered":"<p style=\"text-align: justify;\"><a href=\"http:\/\/www.cfm.co.mz\/wp-content\/uploads\/2023\/02\/Placa_Vila_Nova_da_Fronteira.jpg\" type=\"image\/jpeg\" class=\"jcepopup zoom-bottom-right\" data-mediabox=\"1\" data-mediabox-width=\"800\" data-mediabox-height=\"600\"><img decoding=\"async\" src=\"http:\/\/www.cfm.co.mz\/wp-content\/uploads\/2023\/02\/Placa_Vila_Nova_da_Fronteira.jpg\" alt=\"Placa Vila Nova da Fronteira\" width=\"250\" height=\"167\" style=\"margin: 10px; float: left;\" \/><\/a>A Empresa Portos e Caminhos de Ferro de Mo\u00e7ambique (CFM), realizou o primeiro comboio oficial transportando material para a reconstru\u00e7\u00e3o da Linha F\u00e9rrea malawiana, partindo de Vila Nova da Fronteira.<\/p>\n<p style=\"text-align: justify;\">O material, constitu\u00eddo (nesta fase) por cimento, partiu do Porto da Beira na passada 6\u00aa feira, dia 3 de fevereiro e pertence \u00e0 Empresa Chinesa CR20, respons\u00e1vel pela reconstru\u00e7\u00e3o da Linha F\u00e9rrea Malawiana. A aposta da CR20 \u00e9 de que maior parte do material a ser usado nas obras passe por Vila Nova da Fronteira.<\/p>\n<p><!--more--><\/p>\n<p style=\"text-align: justify;\"><a href=\"http:\/\/www.cfm.co.mz\/wp-content\/uploads\/2023\/02\/PR_no_lancamento_da_primeira_pedra_para_a_reconstrucao_da_linha_ferrea_Dona_Ana_-_Vila_Nova_da_Fronteira.jpg\" type=\"image\/jpeg\" class=\"jcepopup zoom-bottom-right\" data-mediabox=\"1\" data-mediabox-width=\"800\" data-mediabox-height=\"600\" data-mediabox-caption=\"PR, no lan\u00e7amento da primeira pedra para a reconstru\u00e7\u00e3o da linha f\u00e9rrea Dona Ana - Vila Nova da Fronteira\"><img decoding=\"async\" class=\"alignright size-full wp-image-9519\" src=\"http:\/\/www.cfm.co.mz\/wp-content\/uploads\/2023\/02\/PR_Lancamento_da_primeira_pedra_para_a_reconstrucao_da_linha_ferrea_Dona_Ana_-_Vila_Nova_da_Fronteira.jpg\" alt=\"PR Lan\u00e7amento da primeira pedra para a reconstru\u00e7\u00e3o da linha f\u00e9rrea Dona Ana Vila Nova da Fronteira\" width=\"250\" style=\"margin: 10px; float: right;\" srcset=\"https:\/\/www.cfm.co.mz\/wp-content\/uploads\/2023\/02\/PR_Lancamento_da_primeira_pedra_para_a_reconstrucao_da_linha_ferrea_Dona_Ana_-_Vila_Nova_da_Fronteira.jpg 1966w, https:\/\/www.cfm.co.mz\/wp-content\/uploads\/2023\/02\/PR_Lancamento_da_primeira_pedra_para_a_reconstrucao_da_linha_ferrea_Dona_Ana_-_Vila_Nova_da_Fronteira-300x200.jpg 300w, https:\/\/www.cfm.co.mz\/wp-content\/uploads\/2023\/02\/PR_Lancamento_da_primeira_pedra_para_a_reconstrucao_da_linha_ferrea_Dona_Ana_-_Vila_Nova_da_Fronteira-1024x683.jpg 1024w, https:\/\/www.cfm.co.mz\/wp-content\/uploads\/2023\/02\/PR_Lancamento_da_primeira_pedra_para_a_reconstrucao_da_linha_ferrea_Dona_Ana_-_Vila_Nova_da_Fronteira-768x512.jpg 768w, https:\/\/www.cfm.co.mz\/wp-content\/uploads\/2023\/02\/PR_Lancamento_da_primeira_pedra_para_a_reconstrucao_da_linha_ferrea_Dona_Ana_-_Vila_Nova_da_Fronteira-1536x1024.jpg 1536w\" sizes=\"(max-width: 1966px) 100vw, 1966px\" \/><\/a>Recorde-se que a execu\u00e7\u00e3o deste importante Projecto, que ir\u00e1 responder aos desafios da cadeia log\u00edstica da Regi\u00e3o Austral de \u00c1frica no contexto da SADC, surge na sequ\u00eancia da orienta\u00e7\u00e3o emanada da reuni\u00e3o entre os 2 Chefes de Estado (Mo\u00e7ambique e Malawi) havida no Songo, em finais de 2020, cujo lan\u00e7amento da 1\u00aa Pedra para os trabalhos do lado de Mo\u00e7ambique foi presidido pelo Presidente da Rep\u00fablica, Eng. Filipe Jacinto Nuysi, em maio de 2021.<\/p>\n<p style=\"text-align: justify;\">Com m\u00e3o de obra nacional e fundos pr\u00f3prios, o CFM executou as obras dentro do prazo determinado, avaliadas em 30 Milh\u00f5es de D\u00f3lares Norte Americano, numa extens\u00e3o de 44 km, aguardando pela contraparte Malawiana, cujos trabalhos se apresentam no presente n\u00edvel de mobiliza\u00e7\u00e3o do transporte de material e trabalhos de terraplanagem.<\/p>\n<p style=\"text-align: justify;\">A Linha F\u00e9rrea Dona Ana &#8211; Vila Nova da Fronteira esteve paralisada desde setembro de 1986, na sequ\u00eancia da guerra de desestabiliza\u00e7\u00e3o nacional.<\/p>\n<p style=\"text-align: justify;\">A operacionaliza\u00e7\u00e3o desta Linha ir\u00e1 permitir, numa 1\u00aa fase, a circula\u00e7\u00e3o de comboios comerciais de carga do Porto da Beira at\u00e9 ao vizinho Malawi e, posteriormente, a circula\u00e7\u00e3o de Comboios de passageiros, uma a\u00e7\u00e3o de Responsabilidade Social Corporativa do CFM.<\/p>\n<p style=\"text-align: justify;\">Com esta reconstru\u00e7\u00e3o, a Linha tem uma capacidade de 20.5 Toneladas por eixo, contra as anteriores 16.5 Toneladas por eixo e a velocidade de circula\u00e7\u00e3o vai passar dos anteriores 30 km\/hora para 60 km\/h, significando, com isso, capacitada para transportar 3.0 MTPA e com possibilidades de suportar mais, conforme a demanda.<\/p>","protected":false},"excerpt":{"rendered":"<p>A Empresa Portos e Caminhos de Ferro de Mo\u00e7ambique (CFM), realizou o primeiro comboio oficial transportando material para a reconstru\u00e7\u00e3o da Linha F\u00e9rrea malawiana, partindo de Vila Nova da Fronteira. O material, constitu\u00eddo (nesta fase) por cimento, partiu do Porto da Beira na passada 6\u00aa feira, dia 3 de fevereiro e pertence \u00e0 Empresa Chinesa CR20, respons\u00e1vel pela reconstru\u00e7\u00e3o da Linha F\u00e9rrea Malawiana. A aposta da CR20 \u00e9 de que maior parte do material a ser usado nas obras passe por Vila Nova da Fronteira.<\/p>","protected":false},"author":94,"featured_media":9513,"comment_status":"open","ping_status":"open","sticky":false,"template":"","format":"standard","meta":{"_acf_changed":false,"pgc_sgb_lightbox_settings":"","footnotes":""},"categories":[680],"tags":[],"class_list":["post-9544","post","type-post","status-publish","format-standard","has-post-thumbnail","hentry","category-noticias"],"acf":[],"yoast_head":"<!-- This site is optimized with the Yoast SEO plugin v26.5 - https:\/\/yoast.com\/wordpress\/plugins\/seo\/ -->\n<title>CFM apoia Malawi com o transporte de Material para as Obras de Reconstru\u00e7\u00e3o da Linha F\u00e9rrea - CFM - Caminhos De Ferros de Mo\u00e7ambique<\/title>\n<meta name=\"robots\" content=\"index, follow, max-snippet:-1, max-image-preview:large, max-video-preview:-1\" \/>\n<link rel=\"canonical\" href=\"https:\/\/www.cfm.co.mz\/en\/2023\/02\/06\/cfm-apoia-malawi-com-o-transporte-de-material-para-as-obras-de-reconstrucao-da-linha-ferrea-3\/\" \/>\n<meta property=\"og:locale\" content=\"en_US\" \/>\n<meta property=\"og:type\" content=\"article\" \/>\n<meta property=\"og:title\" content=\"CFM apoia Malawi com o transporte de Material para as Obras de Reconstru\u00e7\u00e3o da Linha F\u00e9rrea - CFM - Caminhos De Ferros de Mo\u00e7ambique\" \/>\n<meta property=\"og:description\" content=\"A Empresa Portos e Caminhos de Ferro de Mo\u00e7ambique (CFM), realizou o primeiro comboio oficial transportando material para a reconstru\u00e7\u00e3o da Linha F\u00e9rrea malawiana, partindo de Vila Nova da Fronteira. O material, constitu\u00eddo (nesta fase) por cimento, partiu do Porto da Beira na passada 6\u00aa feira, dia 3 de fevereiro e pertence \u00e0 Empresa Chinesa CR20, respons\u00e1vel pela reconstru\u00e7\u00e3o da Linha F\u00e9rrea Malawiana. A aposta da CR20 \u00e9 de que maior parte do material a ser usado nas obras passe por Vila Nova da Fronteira.\" \/>\n<meta property=\"og:url\" content=\"https:\/\/www.cfm.co.mz\/en\/2023\/02\/06\/cfm-apoia-malawi-com-o-transporte-de-material-para-as-obras-de-reconstrucao-da-linha-ferrea-3\/\" \/>\n<meta property=\"og:site_name\" content=\"CFM - Caminhos De Ferros de Mo\u00e7ambique\" \/>\n<meta property=\"article:publisher\" content=\"https:\/\/www.facebook.com\/CFMMoz\" \/>\n<meta property=\"article:published_time\" content=\"2023-02-06T15:31:11+00:00\" \/>\n<meta property=\"og:image\" content=\"https:\/\/www.cfm.co.mz\/wp-content\/uploads\/2023\/02\/Placa_Vila_Nova_da_Fronteira.jpg\" \/>\n\t<meta property=\"og:image:width\" content=\"1078\" \/>\n\t<meta property=\"og:image:height\" content=\"719\" \/>\n\t<meta property=\"og:image:type\" content=\"image\/jpeg\" \/>\n<meta name=\"author\" content=\"D\u00e9rcio Badru\" \/>\n<meta name=\"twitter:card\" content=\"summary_large_image\" \/>\n<meta name=\"twitter:label1\" content=\"Written by\" \/>\n\t<meta name=\"twitter:data1\" content=\"D\u00e9rcio Badru\" \/>\n\t<meta name=\"twitter:label2\" content=\"Est. reading time\" \/>\n\t<meta name=\"twitter:data2\" content=\"2 minutes\" \/>\n<script type=\"application\/ld+json\" class=\"yoast-schema-graph\">{\"@context\":\"https:\/\/schema.org\",\"@graph\":[{\"@type\":\"Article\",\"@id\":\"https:\/\/www.cfm.co.mz\/2023\/02\/06\/cfm-apoia-malawi-com-o-transporte-de-material-para-as-obras-de-reconstrucao-da-linha-ferrea-3\/#article\",\"isPartOf\":{\"@id\":\"https:\/\/www.cfm.co.mz\/2023\/02\/06\/cfm-apoia-malawi-com-o-transporte-de-material-para-as-obras-de-reconstrucao-da-linha-ferrea-3\/\"},\"author\":{\"name\":\"D\u00e9rcio Badru\",\"@id\":\"https:\/\/www.cfm.co.mz\/#\/schema\/person\/1bb663f3c59dc61900f6f9b1c2b53552\"},\"headline\":\"CFM apoia Malawi com o transporte de Material para as Obras de Reconstru\u00e7\u00e3o da Linha F\u00e9rrea\",\"datePublished\":\"2023-02-06T15:31:11+00:00\",\"mainEntityOfPage\":{\"@id\":\"https:\/\/www.cfm.co.mz\/2023\/02\/06\/cfm-apoia-malawi-com-o-transporte-de-material-para-as-obras-de-reconstrucao-da-linha-ferrea-3\/\"},\"wordCount\":360,\"commentCount\":0,\"publisher\":{\"@id\":\"https:\/\/www.cfm.co.mz\/#organization\"},\"image\":{\"@id\":\"https:\/\/www.cfm.co.mz\/2023\/02\/06\/cfm-apoia-malawi-com-o-transporte-de-material-para-as-obras-de-reconstrucao-da-linha-ferrea-3\/#primaryimage\"},\"thumbnailUrl\":\"https:\/\/www.cfm.co.mz\/wp-content\/uploads\/2023\/02\/Placa_Vila_Nova_da_Fronteira.jpg\",\"articleSection\":[\"Noticias\"],\"inLanguage\":\"en-US\",\"potentialAction\":[{\"@type\":\"CommentAction\",\"name\":\"Comment\",\"target\":[\"https:\/\/www.cfm.co.mz\/2023\/02\/06\/cfm-apoia-malawi-com-o-transporte-de-material-para-as-obras-de-reconstrucao-da-linha-ferrea-3\/#respond\"]}]},{\"@type\":\"WebPage\",\"@id\":\"https:\/\/www.cfm.co.mz\/2023\/02\/06\/cfm-apoia-malawi-com-o-transporte-de-material-para-as-obras-de-reconstrucao-da-linha-ferrea-3\/\",\"url\":\"https:\/\/www.cfm.co.mz\/2023\/02\/06\/cfm-apoia-malawi-com-o-transporte-de-material-para-as-obras-de-reconstrucao-da-linha-ferrea-3\/\",\"name\":\"CFM apoia Malawi com o transporte de Material para as Obras de Reconstru\u00e7\u00e3o da Linha F\u00e9rrea - CFM - Caminhos De Ferros de Mo\u00e7ambique\",\"isPartOf\":{\"@id\":\"https:\/\/www.cfm.co.mz\/#website\"},\"primaryImageOfPage\":{\"@id\":\"https:\/\/www.cfm.co.mz\/2023\/02\/06\/cfm-apoia-malawi-com-o-transporte-de-material-para-as-obras-de-reconstrucao-da-linha-ferrea-3\/#primaryimage\"},\"image\":{\"@id\":\"https:\/\/www.cfm.co.mz\/2023\/02\/06\/cfm-apoia-malawi-com-o-transporte-de-material-para-as-obras-de-reconstrucao-da-linha-ferrea-3\/#primaryimage\"},\"thumbnailUrl\":\"https:\/\/www.cfm.co.mz\/wp-content\/uploads\/2023\/02\/Placa_Vila_Nova_da_Fronteira.jpg\",\"datePublished\":\"2023-02-06T15:31:11+00:00\",\"breadcrumb\":{\"@id\":\"https:\/\/www.cfm.co.mz\/2023\/02\/06\/cfm-apoia-malawi-com-o-transporte-de-material-para-as-obras-de-reconstrucao-da-linha-ferrea-3\/#breadcrumb\"},\"inLanguage\":\"en-US\",\"potentialAction\":[{\"@type\":\"ReadAction\",\"target\":[\"https:\/\/www.cfm.co.mz\/2023\/02\/06\/cfm-apoia-malawi-com-o-transporte-de-material-para-as-obras-de-reconstrucao-da-linha-ferrea-3\/\"]}]},{\"@type\":\"ImageObject\",\"inLanguage\":\"en-US\",\"@id\":\"https:\/\/www.cfm.co.mz\/2023\/02\/06\/cfm-apoia-malawi-com-o-transporte-de-material-para-as-obras-de-reconstrucao-da-linha-ferrea-3\/#primaryimage\",\"url\":\"https:\/\/www.cfm.co.mz\/wp-content\/uploads\/2023\/02\/Placa_Vila_Nova_da_Fronteira.jpg\",\"contentUrl\":\"https:\/\/www.cfm.co.mz\/wp-content\/uploads\/2023\/02\/Placa_Vila_Nova_da_Fronteira.jpg\",\"width\":1078,\"height\":719,\"caption\":\"Placa Vila Nova da Fronteira\"},{\"@type\":\"BreadcrumbList\",\"@id\":\"https:\/\/www.cfm.co.mz\/2023\/02\/06\/cfm-apoia-malawi-com-o-transporte-de-material-para-as-obras-de-reconstrucao-da-linha-ferrea-3\/#breadcrumb\",\"itemListElement\":[{\"@type\":\"ListItem\",\"position\":1,\"name\":\"Home\",\"item\":\"https:\/\/www.cfm.co.mz\/\"},{\"@type\":\"ListItem\",\"position\":2,\"name\":\"CFM apoia Malawi com o transporte de Material para as Obras de Reconstru\u00e7\u00e3o da Linha F\u00e9rrea\"}]},{\"@type\":\"WebSite\",\"@id\":\"https:\/\/www.cfm.co.mz\/#website\",\"url\":\"https:\/\/www.cfm.co.mz\/\",\"name\":\"CFM - Caminhos De Ferros de Mo\u00e7ambique\",\"description\":\"Ampliando Horizontes\",\"publisher\":{\"@id\":\"https:\/\/www.cfm.co.mz\/#organization\"},\"potentialAction\":[{\"@type\":\"SearchAction\",\"target\":{\"@type\":\"EntryPoint\",\"urlTemplate\":\"https:\/\/www.cfm.co.mz\/?s={search_term_string}\"},\"query-input\":{\"@type\":\"PropertyValueSpecification\",\"valueRequired\":true,\"valueName\":\"search_term_string\"}}],\"inLanguage\":\"en-US\"},{\"@type\":\"Organization\",\"@id\":\"https:\/\/www.cfm.co.mz\/#organization\",\"name\":\"CFM - Caminhos De Ferros de Mo\u00e7ambique\",\"url\":\"https:\/\/www.cfm.co.mz\/\",\"logo\":{\"@type\":\"ImageObject\",\"inLanguage\":\"en-US\",\"@id\":\"https:\/\/www.cfm.co.mz\/#\/schema\/logo\/image\/\",\"url\":\"https:\/\/www.cfm.co.mz\/wp-content\/uploads\/2025\/07\/be5f0679-4f5b-4d02-9719-a26ceed29162.jpg\",\"contentUrl\":\"https:\/\/www.cfm.co.mz\/wp-content\/uploads\/2025\/07\/be5f0679-4f5b-4d02-9719-a26ceed29162.jpg\",\"width\":400,\"height\":65,\"caption\":\"CFM - Caminhos De Ferros de Mo\u00e7ambique\"},\"image\":{\"@id\":\"https:\/\/www.cfm.co.mz\/#\/schema\/logo\/image\/\"},\"sameAs\":[\"https:\/\/www.facebook.com\/CFMMoz\",\"https:\/\/www.linkedin.com\/company\/caminhos-de-ferro-de-moambique\/\"]},{\"@type\":\"Person\",\"@id\":\"https:\/\/www.cfm.co.mz\/#\/schema\/person\/1bb663f3c59dc61900f6f9b1c2b53552\",\"name\":\"D\u00e9rcio Badru\",\"image\":{\"@type\":\"ImageObject\",\"inLanguage\":\"en-US\",\"@id\":\"https:\/\/www.cfm.co.mz\/#\/schema\/person\/image\/\",\"url\":\"https:\/\/www.cfm.co.mz\/wp-content\/litespeed\/avatar\/be89d6955942d7259ef76de4577d21b3.jpg?ver=1777454359\",\"contentUrl\":\"https:\/\/www.cfm.co.mz\/wp-content\/litespeed\/avatar\/be89d6955942d7259ef76de4577d21b3.jpg?ver=1777454359\",\"caption\":\"D\u00e9rcio Badru\"},\"url\":\"https:\/\/www.cfm.co.mz\/en\/author\/dercio\/\"}]}<\/script>\n<!-- \/ Yoast SEO plugin. -->","yoast_head_json":{"title":"CFM apoia Malawi com o transporte de Material para as Obras de Reconstru\u00e7\u00e3o da Linha F\u00e9rrea - CFM - Caminhos De Ferros de Mo\u00e7ambique","robots":{"index":"index","follow":"follow","max-snippet":"max-snippet:-1","max-image-preview":"max-image-preview:large","max-video-preview":"max-video-preview:-1"},"canonical":"https:\/\/www.cfm.co.mz\/en\/2023\/02\/06\/cfm-apoia-malawi-com-o-transporte-de-material-para-as-obras-de-reconstrucao-da-linha-ferrea-3\/","og_locale":"en_US","og_type":"article","og_title":"CFM apoia Malawi com o transporte de Material para as Obras de Reconstru\u00e7\u00e3o da Linha F\u00e9rrea - CFM - Caminhos De Ferros de Mo\u00e7ambique","og_description":"A Empresa Portos e Caminhos de Ferro de Mo\u00e7ambique (CFM), realizou o primeiro comboio oficial transportando material para a reconstru\u00e7\u00e3o da Linha F\u00e9rrea malawiana, partindo de Vila Nova da Fronteira. O material, constitu\u00eddo (nesta fase) por cimento, partiu do Porto da Beira na passada 6\u00aa feira, dia 3 de fevereiro e pertence \u00e0 Empresa Chinesa CR20, respons\u00e1vel pela reconstru\u00e7\u00e3o da Linha F\u00e9rrea Malawiana. A aposta da CR20 \u00e9 de que maior parte do material a ser usado nas obras passe por Vila Nova da Fronteira.","og_url":"https:\/\/www.cfm.co.mz\/en\/2023\/02\/06\/cfm-apoia-malawi-com-o-transporte-de-material-para-as-obras-de-reconstrucao-da-linha-ferrea-3\/","og_site_name":"CFM - Caminhos De Ferros de Mo\u00e7ambique","article_publisher":"https:\/\/www.facebook.com\/CFMMoz","article_published_time":"2023-02-06T15:31:11+00:00","og_image":[{"width":1078,"height":719,"url":"https:\/\/www.cfm.co.mz\/wp-content\/uploads\/2023\/02\/Placa_Vila_Nova_da_Fronteira.jpg","type":"image\/jpeg"}],"author":"D\u00e9rcio Badru","twitter_card":"summary_large_image","twitter_misc":{"Written by":"D\u00e9rcio Badru","Est. reading time":"2 minutes"},"schema":{"@context":"https:\/\/schema.org","@graph":[{"@type":"Article","@id":"https:\/\/www.cfm.co.mz\/2023\/02\/06\/cfm-apoia-malawi-com-o-transporte-de-material-para-as-obras-de-reconstrucao-da-linha-ferrea-3\/#article","isPartOf":{"@id":"https:\/\/www.cfm.co.mz\/2023\/02\/06\/cfm-apoia-malawi-com-o-transporte-de-material-para-as-obras-de-reconstrucao-da-linha-ferrea-3\/"},"author":{"name":"D\u00e9rcio Badru","@id":"https:\/\/www.cfm.co.mz\/#\/schema\/person\/1bb663f3c59dc61900f6f9b1c2b53552"},"headline":"CFM apoia Malawi com o transporte de Material para as Obras de Reconstru\u00e7\u00e3o da Linha F\u00e9rrea","datePublished":"2023-02-06T15:31:11+00:00","mainEntityOfPage":{"@id":"https:\/\/www.cfm.co.mz\/2023\/02\/06\/cfm-apoia-malawi-com-o-transporte-de-material-para-as-obras-de-reconstrucao-da-linha-ferrea-3\/"},"wordCount":360,"commentCount":0,"publisher":{"@id":"https:\/\/www.cfm.co.mz\/#organization"},"image":{"@id":"https:\/\/www.cfm.co.mz\/2023\/02\/06\/cfm-apoia-malawi-com-o-transporte-de-material-para-as-obras-de-reconstrucao-da-linha-ferrea-3\/#primaryimage"},"thumbnailUrl":"https:\/\/www.cfm.co.mz\/wp-content\/uploads\/2023\/02\/Placa_Vila_Nova_da_Fronteira.jpg","articleSection":["Noticias"],"inLanguage":"en-US","potentialAction":[{"@type":"CommentAction","name":"Comment","target":["https:\/\/www.cfm.co.mz\/2023\/02\/06\/cfm-apoia-malawi-com-o-transporte-de-material-para-as-obras-de-reconstrucao-da-linha-ferrea-3\/#respond"]}]},{"@type":"WebPage","@id":"https:\/\/www.cfm.co.mz\/2023\/02\/06\/cfm-apoia-malawi-com-o-transporte-de-material-para-as-obras-de-reconstrucao-da-linha-ferrea-3\/","url":"https:\/\/www.cfm.co.mz\/2023\/02\/06\/cfm-apoia-malawi-com-o-transporte-de-material-para-as-obras-de-reconstrucao-da-linha-ferrea-3\/","name":"CFM apoia Malawi com o transporte de Material para as Obras de Reconstru\u00e7\u00e3o da Linha F\u00e9rrea - CFM - Caminhos De Ferros de Mo\u00e7ambique","isPartOf":{"@id":"https:\/\/www.cfm.co.mz\/#website"},"primaryImageOfPage":{"@id":"https:\/\/www.cfm.co.mz\/2023\/02\/06\/cfm-apoia-malawi-com-o-transporte-de-material-para-as-obras-de-reconstrucao-da-linha-ferrea-3\/#primaryimage"},"image":{"@id":"https:\/\/www.cfm.co.mz\/2023\/02\/06\/cfm-apoia-malawi-com-o-transporte-de-material-para-as-obras-de-reconstrucao-da-linha-ferrea-3\/#primaryimage"},"thumbnailUrl":"https:\/\/www.cfm.co.mz\/wp-content\/uploads\/2023\/02\/Placa_Vila_Nova_da_Fronteira.jpg","datePublished":"2023-02-06T15:31:11+00:00","breadcrumb":{"@id":"https:\/\/www.cfm.co.mz\/2023\/02\/06\/cfm-apoia-malawi-com-o-transporte-de-material-para-as-obras-de-reconstrucao-da-linha-ferrea-3\/#breadcrumb"},"inLanguage":"en-US","potentialAction":[{"@type":"ReadAction","target":["https:\/\/www.cfm.co.mz\/2023\/02\/06\/cfm-apoia-malawi-com-o-transporte-de-material-para-as-obras-de-reconstrucao-da-linha-ferrea-3\/"]}]},{"@type":"ImageObject","inLanguage":"en-US","@id":"https:\/\/www.cfm.co.mz\/2023\/02\/06\/cfm-apoia-malawi-com-o-transporte-de-material-para-as-obras-de-reconstrucao-da-linha-ferrea-3\/#primaryimage","url":"https:\/\/www.cfm.co.mz\/wp-content\/uploads\/2023\/02\/Placa_Vila_Nova_da_Fronteira.jpg","contentUrl":"https:\/\/www.cfm.co.mz\/wp-content\/uploads\/2023\/02\/Placa_Vila_Nova_da_Fronteira.jpg","width":1078,"height":719,"caption":"Placa Vila Nova da Fronteira"},{"@type":"BreadcrumbList","@id":"https:\/\/www.cfm.co.mz\/2023\/02\/06\/cfm-apoia-malawi-com-o-transporte-de-material-para-as-obras-de-reconstrucao-da-linha-ferrea-3\/#breadcrumb","itemListElement":[{"@type":"ListItem","position":1,"name":"Home","item":"https:\/\/www.cfm.co.mz\/"},{"@type":"ListItem","position":2,"name":"CFM apoia Malawi com o transporte de Material para as Obras de Reconstru\u00e7\u00e3o da Linha F\u00e9rrea"}]},{"@type":"WebSite","@id":"https:\/\/www.cfm.co.mz\/#website","url":"https:\/\/www.cfm.co.mz\/","name":"CFM - Caminhos De Ferros de Mo\u00e7ambique","description":"Ampliando Horizontes","publisher":{"@id":"https:\/\/www.cfm.co.mz\/#organization"},"potentialAction":[{"@type":"SearchAction","target":{"@type":"EntryPoint","urlTemplate":"https:\/\/www.cfm.co.mz\/?s={search_term_string}"},"query-input":{"@type":"PropertyValueSpecification","valueRequired":true,"valueName":"search_term_string"}}],"inLanguage":"en-US"},{"@type":"Organization","@id":"https:\/\/www.cfm.co.mz\/#organization","name":"CFM - Caminhos De Ferros de Mo\u00e7ambique","url":"https:\/\/www.cfm.co.mz\/","logo":{"@type":"ImageObject","inLanguage":"en-US","@id":"https:\/\/www.cfm.co.mz\/#\/schema\/logo\/image\/","url":"https:\/\/www.cfm.co.mz\/wp-content\/uploads\/2025\/07\/be5f0679-4f5b-4d02-9719-a26ceed29162.jpg","contentUrl":"https:\/\/www.cfm.co.mz\/wp-content\/uploads\/2025\/07\/be5f0679-4f5b-4d02-9719-a26ceed29162.jpg","width":400,"height":65,"caption":"CFM - Caminhos De Ferros de Mo\u00e7ambique"},"image":{"@id":"https:\/\/www.cfm.co.mz\/#\/schema\/logo\/image\/"},"sameAs":["https:\/\/www.facebook.com\/CFMMoz","https:\/\/www.linkedin.com\/company\/caminhos-de-ferro-de-moambique\/"]},{"@type":"Person","@id":"https:\/\/www.cfm.co.mz\/#\/schema\/person\/1bb663f3c59dc61900f6f9b1c2b53552","name":"D\u00e9rcio Badru","image":{"@type":"ImageObject","inLanguage":"en-US","@id":"https:\/\/www.cfm.co.mz\/#\/schema\/person\/image\/","url":"https:\/\/www.cfm.co.mz\/wp-content\/litespeed\/avatar\/be89d6955942d7259ef76de4577d21b3.jpg?ver=1777454359","contentUrl":"https:\/\/www.cfm.co.mz\/wp-content\/litespeed\/avatar\/be89d6955942d7259ef76de4577d21b3.jpg?ver=1777454359","caption":"D\u00e9rcio Badru"},"url":"https:\/\/www.cfm.co.mz\/en\/author\/dercio\/"}]}},"_links":{"self":[{"href":"https:\/\/www.cfm.co.mz\/en\/wp-json\/wp\/v2\/posts\/9544","targetHints":{"allow":["GET"]}}],"collection":[{"href":"https:\/\/www.cfm.co.mz\/en\/wp-json\/wp\/v2\/posts"}],"about":[{"href":"https:\/\/www.cfm.co.mz\/en\/wp-json\/wp\/v2\/types\/post"}],"author":[{"embeddable":true,"href":"https:\/\/www.cfm.co.mz\/en\/wp-json\/wp\/v2\/users\/94"}],"replies":[{"embeddable":true,"href":"https:\/\/www.cfm.co.mz\/en\/wp-json\/wp\/v2\/comments?post=9544"}],"version-history":[{"count":0,"href":"https:\/\/www.cfm.co.mz\/en\/wp-json\/wp\/v2\/posts\/9544\/revisions"}],"wp:featuredmedia":[{"embeddable":true,"href":"https:\/\/www.cfm.co.mz\/en\/wp-json\/wp\/v2\/media\/9513"}],"wp:attachment":[{"href":"https:\/\/www.cfm.co.mz\/en\/wp-json\/wp\/v2\/media?parent=9544"}],"wp:term":[{"taxonomy":"category","embeddable":true,"href":"https:\/\/www.cfm.co.mz\/en\/wp-json\/wp\/v2\/categories?post=9544"},{"taxonomy":"post_tag","embeddable":true,"href":"https:\/\/www.cfm.co.mz\/en\/wp-json\/wp\/v2\/tags?post=9544"}],"curies":[{"name":"wp","href":"https:\/\/api.w.org\/{rel}","templated":true}]}}