{"id":9542,"date":"2023-03-08T13:41:06","date_gmt":"2023-03-08T13:41:06","guid":{"rendered":"https:\/\/www.cfm.co.mz\/2023\/03\/08\/circulacao-de-comboio-entre-cambulatsitse-necungas-reposta-esta-quinta-feira\/"},"modified":"2023-03-08T13:41:06","modified_gmt":"2023-03-08T13:41:06","slug":"circulacao-de-comboio-entre-cambulatsitse-necungas-reposta-esta-quinta-feira","status":"publish","type":"post","link":"https:\/\/www.cfm.co.mz\/en\/2023\/03\/08\/circulacao-de-comboio-entre-cambulatsitse-necungas-reposta-esta-quinta-feira\/","title":{"rendered":"Circula\u00e7\u00e3o de Comboio entre Cambulatsitsi-Necungas reposta esta quinta-feira"},"content":{"rendered":"<p class=\"p1\" style=\"text-align: justify;\"><a href=\"http:\/\/www.cfm.co.mz\/wp-content\/uploads\/2023\/03\/BEIRA_RETOMA_DE_CIRCULACAO_DE_COMBOIOS_MARCO_2023.jpg\" type=\"image\/jpeg\" class=\"jcepopup zoom-bottom-right\" data-mediabox=\"1\" data-mediabox-width=\"800\" data-mediabox-height=\"600\"><img decoding=\"async\" src=\"http:\/\/www.cfm.co.mz\/wp-content\/uploads\/2023\/03\/BEIRA_RETOMA_DE_CIRCULACAO_DE_COMBOIOS_MARCO_2023.jpg\" alt=\"BEIRA RETOMA DE CIRCULA\u00c7\u00c3O DE COMBOIOS MAR\u00c7O 2023\" width=\"250\" height=\"167\" style=\"margin: 10px; float: left;\" \/><\/a>A circula\u00e7\u00e3o de Comboios na Linha de Sena, no tro\u00e7o entre Cambulatsitsi e Necungas, ser\u00e1 reposta esta quinta-feira, 09 de Mar\u00e7o.<\/p>\n<p><!--more--><\/p>\n<p class=\"p1\" style=\"text-align: justify;\">A reabertura deste tro\u00e7o acontece quatro dias depois de estar interrompida em resultado do descarrilamento do Comboio de carv\u00e3o que fazia o trajecto Moatize &#8211; Beira. O descarrilamento, recorde-se, aconteceu na noite de domingo \u00faltimo.&nbsp;<\/p>\n<p class=\"p1\" style=\"text-align: justify;\">Entretanto, este incidente n\u00e3o afectou a circula\u00e7\u00e3o de Comboios nos tro\u00e7os Beira-Marromeu e Beira &#8211; Vila Nova da Fronteira, que decorre normalmente. <span class=\"Apple-converted-space\">&nbsp; &nbsp;<\/span><\/p>","protected":false},"excerpt":{"rendered":"<p>A circula\u00e7\u00e3o de Comboios na Linha de Sena, no tro\u00e7o entre Cambulatsitsi e Necungas, ser\u00e1 reposta esta quinta-feira, 09 de Mar\u00e7o.<\/p>","protected":false},"author":94,"featured_media":9540,"comment_status":"open","ping_status":"open","sticky":false,"template":"","format":"standard","meta":{"_acf_changed":false,"pgc_sgb_lightbox_settings":"","footnotes":""},"categories":[680],"tags":[],"class_list":["post-9542","post","type-post","status-publish","format-standard","has-post-thumbnail","hentry","category-noticias"],"acf":[],"yoast_head":"<!-- This site is optimized with the Yoast SEO plugin v26.5 - https:\/\/yoast.com\/wordpress\/plugins\/seo\/ -->\n<title>Circula\u00e7\u00e3o de Comboio entre Cambulatsitsi-Necungas reposta esta quinta-feira - CFM - Caminhos De Ferros de Mo\u00e7ambique<\/title>\n<meta name=\"robots\" content=\"index, follow, max-snippet:-1, max-image-preview:large, max-video-preview:-1\" \/>\n<link rel=\"canonical\" href=\"https:\/\/www.cfm.co.mz\/en\/2023\/03\/08\/circulacao-de-comboio-entre-cambulatsitse-necungas-reposta-esta-quinta-feira\/\" \/>\n<meta property=\"og:locale\" content=\"en_US\" \/>\n<meta property=\"og:type\" content=\"article\" \/>\n<meta property=\"og:title\" content=\"Circula\u00e7\u00e3o de Comboio entre Cambulatsitsi-Necungas reposta esta quinta-feira - CFM - Caminhos De Ferros de Mo\u00e7ambique\" \/>\n<meta property=\"og:description\" content=\"A circula\u00e7\u00e3o de Comboios na Linha de Sena, no tro\u00e7o entre Cambulatsitsi e Necungas, ser\u00e1 reposta esta quinta-feira, 09 de Mar\u00e7o.\" \/>\n<meta property=\"og:url\" content=\"https:\/\/www.cfm.co.mz\/en\/2023\/03\/08\/circulacao-de-comboio-entre-cambulatsitse-necungas-reposta-esta-quinta-feira\/\" \/>\n<meta property=\"og:site_name\" content=\"CFM - Caminhos De Ferros de Mo\u00e7ambique\" \/>\n<meta property=\"article:publisher\" content=\"https:\/\/www.facebook.com\/CFMMoz\" \/>\n<meta property=\"article:published_time\" content=\"2023-03-08T13:41:06+00:00\" \/>\n<meta property=\"og:image\" content=\"https:\/\/www.cfm.co.mz\/wp-content\/uploads\/2023\/03\/BEIRA_RETOMA_DE_CIRCULACAO_DE_COMBOIOS_MARCO_2023-scaled.jpg\" \/>\n\t<meta property=\"og:image:width\" content=\"2560\" \/>\n\t<meta property=\"og:image:height\" content=\"1707\" \/>\n\t<meta property=\"og:image:type\" content=\"image\/jpeg\" \/>\n<meta name=\"author\" content=\"D\u00e9rcio Badru\" \/>\n<meta name=\"twitter:card\" content=\"summary_large_image\" \/>\n<meta name=\"twitter:label1\" content=\"Written by\" \/>\n\t<meta name=\"twitter:data1\" content=\"D\u00e9rcio Badru\" \/>\n<script type=\"application\/ld+json\" class=\"yoast-schema-graph\">{\"@context\":\"https:\/\/schema.org\",\"@graph\":[{\"@type\":\"Article\",\"@id\":\"https:\/\/www.cfm.co.mz\/2023\/03\/08\/circulacao-de-comboio-entre-cambulatsitse-necungas-reposta-esta-quinta-feira\/#article\",\"isPartOf\":{\"@id\":\"https:\/\/www.cfm.co.mz\/2023\/03\/08\/circulacao-de-comboio-entre-cambulatsitse-necungas-reposta-esta-quinta-feira\/\"},\"author\":{\"name\":\"D\u00e9rcio Badru\",\"@id\":\"https:\/\/www.cfm.co.mz\/#\/schema\/person\/1bb663f3c59dc61900f6f9b1c2b53552\"},\"headline\":\"Circula\u00e7\u00e3o de Comboio entre Cambulatsitsi-Necungas reposta esta quinta-feira\",\"datePublished\":\"2023-03-08T13:41:06+00:00\",\"mainEntityOfPage\":{\"@id\":\"https:\/\/www.cfm.co.mz\/2023\/03\/08\/circulacao-de-comboio-entre-cambulatsitse-necungas-reposta-esta-quinta-feira\/\"},\"wordCount\":97,\"commentCount\":0,\"publisher\":{\"@id\":\"https:\/\/www.cfm.co.mz\/#organization\"},\"image\":{\"@id\":\"https:\/\/www.cfm.co.mz\/2023\/03\/08\/circulacao-de-comboio-entre-cambulatsitse-necungas-reposta-esta-quinta-feira\/#primaryimage\"},\"thumbnailUrl\":\"https:\/\/www.cfm.co.mz\/wp-content\/uploads\/2023\/03\/BEIRA_RETOMA_DE_CIRCULACAO_DE_COMBOIOS_MARCO_2023-scaled.jpg\",\"articleSection\":[\"Noticias\"],\"inLanguage\":\"en-US\",\"potentialAction\":[{\"@type\":\"CommentAction\",\"name\":\"Comment\",\"target\":[\"https:\/\/www.cfm.co.mz\/2023\/03\/08\/circulacao-de-comboio-entre-cambulatsitse-necungas-reposta-esta-quinta-feira\/#respond\"]}]},{\"@type\":\"WebPage\",\"@id\":\"https:\/\/www.cfm.co.mz\/2023\/03\/08\/circulacao-de-comboio-entre-cambulatsitse-necungas-reposta-esta-quinta-feira\/\",\"url\":\"https:\/\/www.cfm.co.mz\/2023\/03\/08\/circulacao-de-comboio-entre-cambulatsitse-necungas-reposta-esta-quinta-feira\/\",\"name\":\"Circula\u00e7\u00e3o de Comboio entre Cambulatsitsi-Necungas reposta esta quinta-feira - CFM - Caminhos De Ferros de Mo\u00e7ambique\",\"isPartOf\":{\"@id\":\"https:\/\/www.cfm.co.mz\/#website\"},\"primaryImageOfPage\":{\"@id\":\"https:\/\/www.cfm.co.mz\/2023\/03\/08\/circulacao-de-comboio-entre-cambulatsitse-necungas-reposta-esta-quinta-feira\/#primaryimage\"},\"image\":{\"@id\":\"https:\/\/www.cfm.co.mz\/2023\/03\/08\/circulacao-de-comboio-entre-cambulatsitse-necungas-reposta-esta-quinta-feira\/#primaryimage\"},\"thumbnailUrl\":\"https:\/\/www.cfm.co.mz\/wp-content\/uploads\/2023\/03\/BEIRA_RETOMA_DE_CIRCULACAO_DE_COMBOIOS_MARCO_2023-scaled.jpg\",\"datePublished\":\"2023-03-08T13:41:06+00:00\",\"breadcrumb\":{\"@id\":\"https:\/\/www.cfm.co.mz\/2023\/03\/08\/circulacao-de-comboio-entre-cambulatsitse-necungas-reposta-esta-quinta-feira\/#breadcrumb\"},\"inLanguage\":\"en-US\",\"potentialAction\":[{\"@type\":\"ReadAction\",\"target\":[\"https:\/\/www.cfm.co.mz\/2023\/03\/08\/circulacao-de-comboio-entre-cambulatsitse-necungas-reposta-esta-quinta-feira\/\"]}]},{\"@type\":\"ImageObject\",\"inLanguage\":\"en-US\",\"@id\":\"https:\/\/www.cfm.co.mz\/2023\/03\/08\/circulacao-de-comboio-entre-cambulatsitse-necungas-reposta-esta-quinta-feira\/#primaryimage\",\"url\":\"https:\/\/www.cfm.co.mz\/wp-content\/uploads\/2023\/03\/BEIRA_RETOMA_DE_CIRCULACAO_DE_COMBOIOS_MARCO_2023-scaled.jpg\",\"contentUrl\":\"https:\/\/www.cfm.co.mz\/wp-content\/uploads\/2023\/03\/BEIRA_RETOMA_DE_CIRCULACAO_DE_COMBOIOS_MARCO_2023-scaled.jpg\",\"width\":2560,\"height\":1707,\"caption\":\"BEIRA RETOMA DE CIRCULA\u00c7\u00c3O DE COMBOIOS MAR\u00c7O 2023\"},{\"@type\":\"BreadcrumbList\",\"@id\":\"https:\/\/www.cfm.co.mz\/2023\/03\/08\/circulacao-de-comboio-entre-cambulatsitse-necungas-reposta-esta-quinta-feira\/#breadcrumb\",\"itemListElement\":[{\"@type\":\"ListItem\",\"position\":1,\"name\":\"Home\",\"item\":\"https:\/\/www.cfm.co.mz\/\"},{\"@type\":\"ListItem\",\"position\":2,\"name\":\"Circula\u00e7\u00e3o de Comboio entre Cambulatsitsi-Necungas reposta esta quinta-feira\"}]},{\"@type\":\"WebSite\",\"@id\":\"https:\/\/www.cfm.co.mz\/#website\",\"url\":\"https:\/\/www.cfm.co.mz\/\",\"name\":\"CFM - Caminhos De Ferros de Mo\u00e7ambique\",\"description\":\"Ampliando Horizontes\",\"publisher\":{\"@id\":\"https:\/\/www.cfm.co.mz\/#organization\"},\"potentialAction\":[{\"@type\":\"SearchAction\",\"target\":{\"@type\":\"EntryPoint\",\"urlTemplate\":\"https:\/\/www.cfm.co.mz\/?s={search_term_string}\"},\"query-input\":{\"@type\":\"PropertyValueSpecification\",\"valueRequired\":true,\"valueName\":\"search_term_string\"}}],\"inLanguage\":\"en-US\"},{\"@type\":\"Organization\",\"@id\":\"https:\/\/www.cfm.co.mz\/#organization\",\"name\":\"CFM - Caminhos De Ferros de Mo\u00e7ambique\",\"url\":\"https:\/\/www.cfm.co.mz\/\",\"logo\":{\"@type\":\"ImageObject\",\"inLanguage\":\"en-US\",\"@id\":\"https:\/\/www.cfm.co.mz\/#\/schema\/logo\/image\/\",\"url\":\"https:\/\/www.cfm.co.mz\/wp-content\/uploads\/2025\/07\/be5f0679-4f5b-4d02-9719-a26ceed29162.jpg\",\"contentUrl\":\"https:\/\/www.cfm.co.mz\/wp-content\/uploads\/2025\/07\/be5f0679-4f5b-4d02-9719-a26ceed29162.jpg\",\"width\":400,\"height\":65,\"caption\":\"CFM - Caminhos De Ferros de Mo\u00e7ambique\"},\"image\":{\"@id\":\"https:\/\/www.cfm.co.mz\/#\/schema\/logo\/image\/\"},\"sameAs\":[\"https:\/\/www.facebook.com\/CFMMoz\",\"https:\/\/www.linkedin.com\/company\/caminhos-de-ferro-de-moambique\/\"]},{\"@type\":\"Person\",\"@id\":\"https:\/\/www.cfm.co.mz\/#\/schema\/person\/1bb663f3c59dc61900f6f9b1c2b53552\",\"name\":\"D\u00e9rcio Badru\",\"image\":{\"@type\":\"ImageObject\",\"inLanguage\":\"en-US\",\"@id\":\"https:\/\/www.cfm.co.mz\/#\/schema\/person\/image\/\",\"url\":\"https:\/\/www.cfm.co.mz\/wp-content\/litespeed\/avatar\/be89d6955942d7259ef76de4577d21b3.jpg?ver=1777454359\",\"contentUrl\":\"https:\/\/www.cfm.co.mz\/wp-content\/litespeed\/avatar\/be89d6955942d7259ef76de4577d21b3.jpg?ver=1777454359\",\"caption\":\"D\u00e9rcio Badru\"},\"url\":\"https:\/\/www.cfm.co.mz\/en\/author\/dercio\/\"}]}<\/script>\n<!-- \/ Yoast SEO plugin. -->","yoast_head_json":{"title":"Circula\u00e7\u00e3o de Comboio entre Cambulatsitsi-Necungas reposta esta quinta-feira - CFM - Caminhos De Ferros de Mo\u00e7ambique","robots":{"index":"index","follow":"follow","max-snippet":"max-snippet:-1","max-image-preview":"max-image-preview:large","max-video-preview":"max-video-preview:-1"},"canonical":"https:\/\/www.cfm.co.mz\/en\/2023\/03\/08\/circulacao-de-comboio-entre-cambulatsitse-necungas-reposta-esta-quinta-feira\/","og_locale":"en_US","og_type":"article","og_title":"Circula\u00e7\u00e3o de Comboio entre Cambulatsitsi-Necungas reposta esta quinta-feira - CFM - Caminhos De Ferros de Mo\u00e7ambique","og_description":"A circula\u00e7\u00e3o de Comboios na Linha de Sena, no tro\u00e7o entre Cambulatsitsi e Necungas, ser\u00e1 reposta esta quinta-feira, 09 de Mar\u00e7o.","og_url":"https:\/\/www.cfm.co.mz\/en\/2023\/03\/08\/circulacao-de-comboio-entre-cambulatsitse-necungas-reposta-esta-quinta-feira\/","og_site_name":"CFM - Caminhos De Ferros de Mo\u00e7ambique","article_publisher":"https:\/\/www.facebook.com\/CFMMoz","article_published_time":"2023-03-08T13:41:06+00:00","og_image":[{"width":2560,"height":1707,"url":"https:\/\/www.cfm.co.mz\/wp-content\/uploads\/2023\/03\/BEIRA_RETOMA_DE_CIRCULACAO_DE_COMBOIOS_MARCO_2023-scaled.jpg","type":"image\/jpeg"}],"author":"D\u00e9rcio Badru","twitter_card":"summary_large_image","twitter_misc":{"Written by":"D\u00e9rcio Badru"},"schema":{"@context":"https:\/\/schema.org","@graph":[{"@type":"Article","@id":"https:\/\/www.cfm.co.mz\/2023\/03\/08\/circulacao-de-comboio-entre-cambulatsitse-necungas-reposta-esta-quinta-feira\/#article","isPartOf":{"@id":"https:\/\/www.cfm.co.mz\/2023\/03\/08\/circulacao-de-comboio-entre-cambulatsitse-necungas-reposta-esta-quinta-feira\/"},"author":{"name":"D\u00e9rcio Badru","@id":"https:\/\/www.cfm.co.mz\/#\/schema\/person\/1bb663f3c59dc61900f6f9b1c2b53552"},"headline":"Circula\u00e7\u00e3o de Comboio entre Cambulatsitsi-Necungas reposta esta quinta-feira","datePublished":"2023-03-08T13:41:06+00:00","mainEntityOfPage":{"@id":"https:\/\/www.cfm.co.mz\/2023\/03\/08\/circulacao-de-comboio-entre-cambulatsitse-necungas-reposta-esta-quinta-feira\/"},"wordCount":97,"commentCount":0,"publisher":{"@id":"https:\/\/www.cfm.co.mz\/#organization"},"image":{"@id":"https:\/\/www.cfm.co.mz\/2023\/03\/08\/circulacao-de-comboio-entre-cambulatsitse-necungas-reposta-esta-quinta-feira\/#primaryimage"},"thumbnailUrl":"https:\/\/www.cfm.co.mz\/wp-content\/uploads\/2023\/03\/BEIRA_RETOMA_DE_CIRCULACAO_DE_COMBOIOS_MARCO_2023-scaled.jpg","articleSection":["Noticias"],"inLanguage":"en-US","potentialAction":[{"@type":"CommentAction","name":"Comment","target":["https:\/\/www.cfm.co.mz\/2023\/03\/08\/circulacao-de-comboio-entre-cambulatsitse-necungas-reposta-esta-quinta-feira\/#respond"]}]},{"@type":"WebPage","@id":"https:\/\/www.cfm.co.mz\/2023\/03\/08\/circulacao-de-comboio-entre-cambulatsitse-necungas-reposta-esta-quinta-feira\/","url":"https:\/\/www.cfm.co.mz\/2023\/03\/08\/circulacao-de-comboio-entre-cambulatsitse-necungas-reposta-esta-quinta-feira\/","name":"Circula\u00e7\u00e3o de Comboio entre Cambulatsitsi-Necungas reposta esta quinta-feira - CFM - Caminhos De Ferros de Mo\u00e7ambique","isPartOf":{"@id":"https:\/\/www.cfm.co.mz\/#website"},"primaryImageOfPage":{"@id":"https:\/\/www.cfm.co.mz\/2023\/03\/08\/circulacao-de-comboio-entre-cambulatsitse-necungas-reposta-esta-quinta-feira\/#primaryimage"},"image":{"@id":"https:\/\/www.cfm.co.mz\/2023\/03\/08\/circulacao-de-comboio-entre-cambulatsitse-necungas-reposta-esta-quinta-feira\/#primaryimage"},"thumbnailUrl":"https:\/\/www.cfm.co.mz\/wp-content\/uploads\/2023\/03\/BEIRA_RETOMA_DE_CIRCULACAO_DE_COMBOIOS_MARCO_2023-scaled.jpg","datePublished":"2023-03-08T13:41:06+00:00","breadcrumb":{"@id":"https:\/\/www.cfm.co.mz\/2023\/03\/08\/circulacao-de-comboio-entre-cambulatsitse-necungas-reposta-esta-quinta-feira\/#breadcrumb"},"inLanguage":"en-US","potentialAction":[{"@type":"ReadAction","target":["https:\/\/www.cfm.co.mz\/2023\/03\/08\/circulacao-de-comboio-entre-cambulatsitse-necungas-reposta-esta-quinta-feira\/"]}]},{"@type":"ImageObject","inLanguage":"en-US","@id":"https:\/\/www.cfm.co.mz\/2023\/03\/08\/circulacao-de-comboio-entre-cambulatsitse-necungas-reposta-esta-quinta-feira\/#primaryimage","url":"https:\/\/www.cfm.co.mz\/wp-content\/uploads\/2023\/03\/BEIRA_RETOMA_DE_CIRCULACAO_DE_COMBOIOS_MARCO_2023-scaled.jpg","contentUrl":"https:\/\/www.cfm.co.mz\/wp-content\/uploads\/2023\/03\/BEIRA_RETOMA_DE_CIRCULACAO_DE_COMBOIOS_MARCO_2023-scaled.jpg","width":2560,"height":1707,"caption":"BEIRA RETOMA DE CIRCULA\u00c7\u00c3O DE COMBOIOS MAR\u00c7O 2023"},{"@type":"BreadcrumbList","@id":"https:\/\/www.cfm.co.mz\/2023\/03\/08\/circulacao-de-comboio-entre-cambulatsitse-necungas-reposta-esta-quinta-feira\/#breadcrumb","itemListElement":[{"@type":"ListItem","position":1,"name":"Home","item":"https:\/\/www.cfm.co.mz\/"},{"@type":"ListItem","position":2,"name":"Circula\u00e7\u00e3o de Comboio entre Cambulatsitsi-Necungas reposta esta quinta-feira"}]},{"@type":"WebSite","@id":"https:\/\/www.cfm.co.mz\/#website","url":"https:\/\/www.cfm.co.mz\/","name":"CFM - Caminhos De Ferros de Mo\u00e7ambique","description":"Ampliando Horizontes","publisher":{"@id":"https:\/\/www.cfm.co.mz\/#organization"},"potentialAction":[{"@type":"SearchAction","target":{"@type":"EntryPoint","urlTemplate":"https:\/\/www.cfm.co.mz\/?s={search_term_string}"},"query-input":{"@type":"PropertyValueSpecification","valueRequired":true,"valueName":"search_term_string"}}],"inLanguage":"en-US"},{"@type":"Organization","@id":"https:\/\/www.cfm.co.mz\/#organization","name":"CFM - Caminhos De Ferros de Mo\u00e7ambique","url":"https:\/\/www.cfm.co.mz\/","logo":{"@type":"ImageObject","inLanguage":"en-US","@id":"https:\/\/www.cfm.co.mz\/#\/schema\/logo\/image\/","url":"https:\/\/www.cfm.co.mz\/wp-content\/uploads\/2025\/07\/be5f0679-4f5b-4d02-9719-a26ceed29162.jpg","contentUrl":"https:\/\/www.cfm.co.mz\/wp-content\/uploads\/2025\/07\/be5f0679-4f5b-4d02-9719-a26ceed29162.jpg","width":400,"height":65,"caption":"CFM - Caminhos De Ferros de Mo\u00e7ambique"},"image":{"@id":"https:\/\/www.cfm.co.mz\/#\/schema\/logo\/image\/"},"sameAs":["https:\/\/www.facebook.com\/CFMMoz","https:\/\/www.linkedin.com\/company\/caminhos-de-ferro-de-moambique\/"]},{"@type":"Person","@id":"https:\/\/www.cfm.co.mz\/#\/schema\/person\/1bb663f3c59dc61900f6f9b1c2b53552","name":"D\u00e9rcio Badru","image":{"@type":"ImageObject","inLanguage":"en-US","@id":"https:\/\/www.cfm.co.mz\/#\/schema\/person\/image\/","url":"https:\/\/www.cfm.co.mz\/wp-content\/litespeed\/avatar\/be89d6955942d7259ef76de4577d21b3.jpg?ver=1777454359","contentUrl":"https:\/\/www.cfm.co.mz\/wp-content\/litespeed\/avatar\/be89d6955942d7259ef76de4577d21b3.jpg?ver=1777454359","caption":"D\u00e9rcio Badru"},"url":"https:\/\/www.cfm.co.mz\/en\/author\/dercio\/"}]}},"_links":{"self":[{"href":"https:\/\/www.cfm.co.mz\/en\/wp-json\/wp\/v2\/posts\/9542","targetHints":{"allow":["GET"]}}],"collection":[{"href":"https:\/\/www.cfm.co.mz\/en\/wp-json\/wp\/v2\/posts"}],"about":[{"href":"https:\/\/www.cfm.co.mz\/en\/wp-json\/wp\/v2\/types\/post"}],"author":[{"embeddable":true,"href":"https:\/\/www.cfm.co.mz\/en\/wp-json\/wp\/v2\/users\/94"}],"replies":[{"embeddable":true,"href":"https:\/\/www.cfm.co.mz\/en\/wp-json\/wp\/v2\/comments?post=9542"}],"version-history":[{"count":0,"href":"https:\/\/www.cfm.co.mz\/en\/wp-json\/wp\/v2\/posts\/9542\/revisions"}],"wp:featuredmedia":[{"embeddable":true,"href":"https:\/\/www.cfm.co.mz\/en\/wp-json\/wp\/v2\/media\/9540"}],"wp:attachment":[{"href":"https:\/\/www.cfm.co.mz\/en\/wp-json\/wp\/v2\/media?parent=9542"}],"wp:term":[{"taxonomy":"category","embeddable":true,"href":"https:\/\/www.cfm.co.mz\/en\/wp-json\/wp\/v2\/categories?post=9542"},{"taxonomy":"post_tag","embeddable":true,"href":"https:\/\/www.cfm.co.mz\/en\/wp-json\/wp\/v2\/tags?post=9542"}],"curies":[{"name":"wp","href":"https:\/\/api.w.org\/{rel}","templated":true}]}}