{"id":9450,"date":"2022-04-27T12:56:59","date_gmt":"2022-04-27T12:56:59","guid":{"rendered":"https:\/\/www.cfm.co.mz\/2022\/04\/27\/malawi-e-prioritario-para-o-porto-de-nacala\/"},"modified":"2022-04-27T12:56:59","modified_gmt":"2022-04-27T12:56:59","slug":"malawi-e-prioritario-para-o-porto-de-nacala","status":"publish","type":"post","link":"https:\/\/www.cfm.co.mz\/en\/2022\/04\/27\/malawi-e-prioritario-para-o-porto-de-nacala\/","title":{"rendered":"Malawi \u00e9 priorit\u00e1rio para o Porto de Nacala"},"content":{"rendered":"<p style=\"text-align: justify;\"><a href=\"http:\/\/www.cfm.co.mz\/wp-content\/uploads\/2022\/04\/Visita_PR_Malawi_ao_Porto_de_Nacala_Abril_2022_1-scaled.jpg\" type=\"image\/jpeg\" class=\"jcepopup zoom-bottom-right\" data-mediabox=\"1\" data-mediabox-width=\"800\" data-mediabox-height=\"600\" data-mediabox-caption=\"PR de Mo\u00e7ambique, PR do Malawi, PCA do CFM e outros quadros da Empresa, durante a visita ao Porto de Nacala\"><img decoding=\"async\" src=\"http:\/\/www.cfm.co.mz\/wp-content\/uploads\/2022\/04\/Visita_PR_Malawi_ao_Porto_de_Nacala_Abril_2022_1-scaled.jpg\" alt=\"Visita PR Malawi ao Porto de Nacala Abril 2022 1\" width=\"250\" style=\"margin: 10px; float: left;\" \/><\/a>O Presidente da Rep\u00fablica de Mo\u00e7ambique, Filipe Nyusi e o seu hom\u00f3logo do Malawi, Lazarus Chakwera, visitaram, no dia 21 de Abril do ano em curso, o Porto de Nacala, na prov\u00edncia nortenha de Nampula para se inteirar do grau de execu\u00e7\u00e3o das obras de reabilita\u00e7\u00e3o em curso no recinto que os dois Estados pretendem que seja um vector de desenvolvimento dos 2 pa\u00edses.<\/p>\n<p style=\"text-align: justify;\">Na ocasi\u00e3o, o estadista mo\u00e7ambicano considerou Malawi como cliente priorit\u00e1rio no uso do Porto de Nacala para o manuseamento de diversa mercadoria.<br \/>As obras visitadas pelos dois estadistas v\u00e3o permitir o aumento da capacidade de manuseamento do volume de carga dos actuais 100 mil TEU (contentores) para 252 mil TEU por ano, o que representa um crescimento na ordem de 152 por cento. Espera-se, ainda, um aumento da capacidade de armazenamento em 8 mil TEU, bem como atraca\u00e7\u00e3o de navios de grande porte.<\/p>\n<p><!--more--><\/p>\n<p style=\"text-align: justify;\"><a href=\"http:\/\/www.cfm.co.mz\/wp-content\/uploads\/2022\/04\/Visita_PR_Malawi_ao_Porto_de_Nacala_Abril_2022_2.jpg\" type=\"image\/jpeg\" class=\"jcepopup zoom-bottom-right\" data-mediabox=\"1\" data-mediabox-width=\"800\" data-mediabox-height=\"600\" data-mediabox-caption=\"PR de Mo\u00e7ambique, PR do Malawi, PCA do CFM e outros quadros da Empresa, durante a visita ao Porto de Nacala\"><img decoding=\"async\" src=\"http:\/\/www.cfm.co.mz\/wp-content\/uploads\/2022\/04\/Visita_PR_Malawi_ao_Porto_de_Nacala_Abril_2022_2.jpg\" alt=\"Visita PR Malawi ao Porto de Nacala Abril 2022 2\" width=\"250\" height=\"167\" style=\"margin: 10px; float: right;\" \/><\/a>De acordo o Presidente Nyusi, o Porto de Nacala move as economias de Mo\u00e7ambique e do Malawi, sendo que a estrat\u00e9gia de Mo\u00e7ambique circunscreve-se em envolver o utilizador na busca de solu\u00e7\u00f5es para os desafios actuais, sendo que, dos 800 quil\u00f3metros do Porto de Nacala at\u00e9 Blantyer, capital econ\u00f3mica malawiana, 600 s\u00e3o da parte mo\u00e7ambicana e outra parte encontra-se no Malawi.<\/p>\n<p style=\"text-align: justify;\">O Presidente Lazarus Chakwera mostrou-se lisonjeado pelo facto do seu pa\u00eds merecer uma aten\u00e7\u00e3o privilegiada de Mo\u00e7ambique, sobretudo, no uso do Porto de Nacala. <br \/>Para Chakwera, Nacala oferece solu\u00e7\u00f5es na componente de transporte de pessoas e bens, o que poder\u00e1 estar melhor depois do aumento da capacidade de manuseamento de mercadorias.<\/p>\n<p style=\"text-align: justify;\">As mercadorias apontadas pelo estadista malawiano s\u00e3o fertilizantes e o clinquer usado para o fabrico de cimento de constru\u00e7\u00e3o e prevendo-se a alargamento de neg\u00f3cios para o transporte de combust\u00edveis.<\/p>","protected":false},"excerpt":{"rendered":"<p>O Presidente da Rep\u00fablica de Mo\u00e7ambique, Filipe Nyusi e o seu hom\u00f3logo do Malawi, Lazarus Chakwera, visitaram, no dia 21 de Abril do ano em curso, o Porto de Nacala, na prov\u00edncia nortenha de Nampula para se inteirar do grau de execu\u00e7\u00e3o das obras de reabilita\u00e7\u00e3o em curso no recinto que os dois Estados pretendem que seja um vector de desenvolvimento dos 2 pa\u00edses. Na ocasi\u00e3o, o estadista mo\u00e7ambicano considerou Malawi como cliente priorit\u00e1rio no uso do Porto de Nacala para o manuseamento de diversa mercadoria.As obras visitadas pelos dois estadistas v\u00e3o permitir o aumento da capacidade de manuseamento do volume de carga dos actuais 100 mil TEU (contentores) para 252 mil TEU por ano, o que representa um crescimento na ordem de 152 por cento. Espera-se, ainda, um aumento da capacidade de armazenamento em 8 mil TEU, bem como atraca\u00e7\u00e3o de navios de grande porte.<\/p>","protected":false},"author":94,"featured_media":9441,"comment_status":"open","ping_status":"open","sticky":false,"template":"","format":"standard","meta":{"_acf_changed":false,"pgc_sgb_lightbox_settings":"","footnotes":""},"categories":[680],"tags":[],"class_list":["post-9450","post","type-post","status-publish","format-standard","has-post-thumbnail","hentry","category-noticias"],"acf":[],"yoast_head":"<!-- This site is optimized with the Yoast SEO plugin v26.5 - https:\/\/yoast.com\/wordpress\/plugins\/seo\/ -->\n<title>Malawi \u00e9 priorit\u00e1rio para o Porto de Nacala - CFM - Caminhos De Ferros de Mo\u00e7ambique<\/title>\n<meta name=\"robots\" content=\"index, follow, max-snippet:-1, max-image-preview:large, max-video-preview:-1\" \/>\n<link rel=\"canonical\" href=\"https:\/\/www.cfm.co.mz\/en\/2022\/04\/27\/malawi-e-prioritario-para-o-porto-de-nacala\/\" \/>\n<meta property=\"og:locale\" content=\"en_US\" \/>\n<meta property=\"og:type\" content=\"article\" \/>\n<meta property=\"og:title\" content=\"Malawi \u00e9 priorit\u00e1rio para o Porto de Nacala - CFM - Caminhos De Ferros de Mo\u00e7ambique\" \/>\n<meta property=\"og:description\" content=\"O Presidente da Rep\u00fablica de Mo\u00e7ambique, Filipe Nyusi e o seu hom\u00f3logo do Malawi, Lazarus Chakwera, visitaram, no dia 21 de Abril do ano em curso, o Porto de Nacala, na prov\u00edncia nortenha de Nampula para se inteirar do grau de execu\u00e7\u00e3o das obras de reabilita\u00e7\u00e3o em curso no recinto que os dois Estados pretendem que seja um vector de desenvolvimento dos 2 pa\u00edses. Na ocasi\u00e3o, o estadista mo\u00e7ambicano considerou Malawi como cliente priorit\u00e1rio no uso do Porto de Nacala para o manuseamento de diversa mercadoria.As obras visitadas pelos dois estadistas v\u00e3o permitir o aumento da capacidade de manuseamento do volume de carga dos actuais 100 mil TEU (contentores) para 252 mil TEU por ano, o que representa um crescimento na ordem de 152 por cento. Espera-se, ainda, um aumento da capacidade de armazenamento em 8 mil TEU, bem como atraca\u00e7\u00e3o de navios de grande porte.\" \/>\n<meta property=\"og:url\" content=\"https:\/\/www.cfm.co.mz\/en\/2022\/04\/27\/malawi-e-prioritario-para-o-porto-de-nacala\/\" \/>\n<meta property=\"og:site_name\" content=\"CFM - Caminhos De Ferros de Mo\u00e7ambique\" \/>\n<meta property=\"article:publisher\" content=\"https:\/\/www.facebook.com\/CFMMoz\" \/>\n<meta property=\"article:published_time\" content=\"2022-04-27T12:56:59+00:00\" \/>\n<meta property=\"og:image\" content=\"https:\/\/www.cfm.co.mz\/wp-content\/uploads\/2022\/04\/Visita_PR_Malawi_ao_Porto_de_Nacala_Abril_2022_1-scaled.jpg\" \/>\n\t<meta property=\"og:image:width\" content=\"2560\" \/>\n\t<meta property=\"og:image:height\" content=\"1707\" \/>\n\t<meta property=\"og:image:type\" content=\"image\/jpeg\" \/>\n<meta name=\"author\" content=\"D\u00e9rcio Badru\" \/>\n<meta name=\"twitter:card\" content=\"summary_large_image\" \/>\n<meta name=\"twitter:label1\" content=\"Written by\" \/>\n\t<meta name=\"twitter:data1\" content=\"D\u00e9rcio Badru\" \/>\n\t<meta name=\"twitter:label2\" content=\"Est. reading time\" \/>\n\t<meta name=\"twitter:data2\" content=\"2 minutes\" \/>\n<script type=\"application\/ld+json\" class=\"yoast-schema-graph\">{\"@context\":\"https:\/\/schema.org\",\"@graph\":[{\"@type\":\"Article\",\"@id\":\"https:\/\/www.cfm.co.mz\/2022\/04\/27\/malawi-e-prioritario-para-o-porto-de-nacala\/#article\",\"isPartOf\":{\"@id\":\"https:\/\/www.cfm.co.mz\/2022\/04\/27\/malawi-e-prioritario-para-o-porto-de-nacala\/\"},\"author\":{\"name\":\"D\u00e9rcio Badru\",\"@id\":\"https:\/\/www.cfm.co.mz\/#\/schema\/person\/1bb663f3c59dc61900f6f9b1c2b53552\"},\"headline\":\"Malawi \u00e9 priorit\u00e1rio para o Porto de Nacala\",\"datePublished\":\"2022-04-27T12:56:59+00:00\",\"mainEntityOfPage\":{\"@id\":\"https:\/\/www.cfm.co.mz\/2022\/04\/27\/malawi-e-prioritario-para-o-porto-de-nacala\/\"},\"wordCount\":317,\"commentCount\":0,\"publisher\":{\"@id\":\"https:\/\/www.cfm.co.mz\/#organization\"},\"image\":{\"@id\":\"https:\/\/www.cfm.co.mz\/2022\/04\/27\/malawi-e-prioritario-para-o-porto-de-nacala\/#primaryimage\"},\"thumbnailUrl\":\"https:\/\/www.cfm.co.mz\/wp-content\/uploads\/2022\/04\/Visita_PR_Malawi_ao_Porto_de_Nacala_Abril_2022_1-scaled.jpg\",\"articleSection\":[\"Noticias\"],\"inLanguage\":\"en-US\",\"potentialAction\":[{\"@type\":\"CommentAction\",\"name\":\"Comment\",\"target\":[\"https:\/\/www.cfm.co.mz\/2022\/04\/27\/malawi-e-prioritario-para-o-porto-de-nacala\/#respond\"]}]},{\"@type\":\"WebPage\",\"@id\":\"https:\/\/www.cfm.co.mz\/2022\/04\/27\/malawi-e-prioritario-para-o-porto-de-nacala\/\",\"url\":\"https:\/\/www.cfm.co.mz\/2022\/04\/27\/malawi-e-prioritario-para-o-porto-de-nacala\/\",\"name\":\"Malawi \u00e9 priorit\u00e1rio para o Porto de Nacala - CFM - Caminhos De Ferros de Mo\u00e7ambique\",\"isPartOf\":{\"@id\":\"https:\/\/www.cfm.co.mz\/#website\"},\"primaryImageOfPage\":{\"@id\":\"https:\/\/www.cfm.co.mz\/2022\/04\/27\/malawi-e-prioritario-para-o-porto-de-nacala\/#primaryimage\"},\"image\":{\"@id\":\"https:\/\/www.cfm.co.mz\/2022\/04\/27\/malawi-e-prioritario-para-o-porto-de-nacala\/#primaryimage\"},\"thumbnailUrl\":\"https:\/\/www.cfm.co.mz\/wp-content\/uploads\/2022\/04\/Visita_PR_Malawi_ao_Porto_de_Nacala_Abril_2022_1-scaled.jpg\",\"datePublished\":\"2022-04-27T12:56:59+00:00\",\"breadcrumb\":{\"@id\":\"https:\/\/www.cfm.co.mz\/2022\/04\/27\/malawi-e-prioritario-para-o-porto-de-nacala\/#breadcrumb\"},\"inLanguage\":\"en-US\",\"potentialAction\":[{\"@type\":\"ReadAction\",\"target\":[\"https:\/\/www.cfm.co.mz\/2022\/04\/27\/malawi-e-prioritario-para-o-porto-de-nacala\/\"]}]},{\"@type\":\"ImageObject\",\"inLanguage\":\"en-US\",\"@id\":\"https:\/\/www.cfm.co.mz\/2022\/04\/27\/malawi-e-prioritario-para-o-porto-de-nacala\/#primaryimage\",\"url\":\"https:\/\/www.cfm.co.mz\/wp-content\/uploads\/2022\/04\/Visita_PR_Malawi_ao_Porto_de_Nacala_Abril_2022_1-scaled.jpg\",\"contentUrl\":\"https:\/\/www.cfm.co.mz\/wp-content\/uploads\/2022\/04\/Visita_PR_Malawi_ao_Porto_de_Nacala_Abril_2022_1-scaled.jpg\",\"width\":2560,\"height\":1707,\"caption\":\"Visita PR Malawi ao Porto de Nacala Abril 2022 1\"},{\"@type\":\"BreadcrumbList\",\"@id\":\"https:\/\/www.cfm.co.mz\/2022\/04\/27\/malawi-e-prioritario-para-o-porto-de-nacala\/#breadcrumb\",\"itemListElement\":[{\"@type\":\"ListItem\",\"position\":1,\"name\":\"Home\",\"item\":\"https:\/\/www.cfm.co.mz\/\"},{\"@type\":\"ListItem\",\"position\":2,\"name\":\"Malawi \u00e9 priorit\u00e1rio para o Porto de Nacala\"}]},{\"@type\":\"WebSite\",\"@id\":\"https:\/\/www.cfm.co.mz\/#website\",\"url\":\"https:\/\/www.cfm.co.mz\/\",\"name\":\"CFM - Caminhos De Ferros de Mo\u00e7ambique\",\"description\":\"Ampliando Horizontes\",\"publisher\":{\"@id\":\"https:\/\/www.cfm.co.mz\/#organization\"},\"potentialAction\":[{\"@type\":\"SearchAction\",\"target\":{\"@type\":\"EntryPoint\",\"urlTemplate\":\"https:\/\/www.cfm.co.mz\/?s={search_term_string}\"},\"query-input\":{\"@type\":\"PropertyValueSpecification\",\"valueRequired\":true,\"valueName\":\"search_term_string\"}}],\"inLanguage\":\"en-US\"},{\"@type\":\"Organization\",\"@id\":\"https:\/\/www.cfm.co.mz\/#organization\",\"name\":\"CFM - Caminhos De Ferros de Mo\u00e7ambique\",\"url\":\"https:\/\/www.cfm.co.mz\/\",\"logo\":{\"@type\":\"ImageObject\",\"inLanguage\":\"en-US\",\"@id\":\"https:\/\/www.cfm.co.mz\/#\/schema\/logo\/image\/\",\"url\":\"https:\/\/www.cfm.co.mz\/wp-content\/uploads\/2025\/07\/be5f0679-4f5b-4d02-9719-a26ceed29162.jpg\",\"contentUrl\":\"https:\/\/www.cfm.co.mz\/wp-content\/uploads\/2025\/07\/be5f0679-4f5b-4d02-9719-a26ceed29162.jpg\",\"width\":400,\"height\":65,\"caption\":\"CFM - Caminhos De Ferros de Mo\u00e7ambique\"},\"image\":{\"@id\":\"https:\/\/www.cfm.co.mz\/#\/schema\/logo\/image\/\"},\"sameAs\":[\"https:\/\/www.facebook.com\/CFMMoz\",\"https:\/\/www.linkedin.com\/company\/caminhos-de-ferro-de-moambique\/\"]},{\"@type\":\"Person\",\"@id\":\"https:\/\/www.cfm.co.mz\/#\/schema\/person\/1bb663f3c59dc61900f6f9b1c2b53552\",\"name\":\"D\u00e9rcio Badru\",\"image\":{\"@type\":\"ImageObject\",\"inLanguage\":\"en-US\",\"@id\":\"https:\/\/www.cfm.co.mz\/#\/schema\/person\/image\/\",\"url\":\"https:\/\/www.cfm.co.mz\/wp-content\/litespeed\/avatar\/be89d6955942d7259ef76de4577d21b3.jpg?ver=1777454359\",\"contentUrl\":\"https:\/\/www.cfm.co.mz\/wp-content\/litespeed\/avatar\/be89d6955942d7259ef76de4577d21b3.jpg?ver=1777454359\",\"caption\":\"D\u00e9rcio Badru\"},\"url\":\"https:\/\/www.cfm.co.mz\/en\/author\/dercio\/\"}]}<\/script>\n<!-- \/ Yoast SEO plugin. -->","yoast_head_json":{"title":"Malawi \u00e9 priorit\u00e1rio para o Porto de Nacala - CFM - Caminhos De Ferros de Mo\u00e7ambique","robots":{"index":"index","follow":"follow","max-snippet":"max-snippet:-1","max-image-preview":"max-image-preview:large","max-video-preview":"max-video-preview:-1"},"canonical":"https:\/\/www.cfm.co.mz\/en\/2022\/04\/27\/malawi-e-prioritario-para-o-porto-de-nacala\/","og_locale":"en_US","og_type":"article","og_title":"Malawi \u00e9 priorit\u00e1rio para o Porto de Nacala - CFM - Caminhos De Ferros de Mo\u00e7ambique","og_description":"O Presidente da Rep\u00fablica de Mo\u00e7ambique, Filipe Nyusi e o seu hom\u00f3logo do Malawi, Lazarus Chakwera, visitaram, no dia 21 de Abril do ano em curso, o Porto de Nacala, na prov\u00edncia nortenha de Nampula para se inteirar do grau de execu\u00e7\u00e3o das obras de reabilita\u00e7\u00e3o em curso no recinto que os dois Estados pretendem que seja um vector de desenvolvimento dos 2 pa\u00edses. Na ocasi\u00e3o, o estadista mo\u00e7ambicano considerou Malawi como cliente priorit\u00e1rio no uso do Porto de Nacala para o manuseamento de diversa mercadoria.As obras visitadas pelos dois estadistas v\u00e3o permitir o aumento da capacidade de manuseamento do volume de carga dos actuais 100 mil TEU (contentores) para 252 mil TEU por ano, o que representa um crescimento na ordem de 152 por cento. Espera-se, ainda, um aumento da capacidade de armazenamento em 8 mil TEU, bem como atraca\u00e7\u00e3o de navios de grande porte.","og_url":"https:\/\/www.cfm.co.mz\/en\/2022\/04\/27\/malawi-e-prioritario-para-o-porto-de-nacala\/","og_site_name":"CFM - Caminhos De Ferros de Mo\u00e7ambique","article_publisher":"https:\/\/www.facebook.com\/CFMMoz","article_published_time":"2022-04-27T12:56:59+00:00","og_image":[{"width":2560,"height":1707,"url":"https:\/\/www.cfm.co.mz\/wp-content\/uploads\/2022\/04\/Visita_PR_Malawi_ao_Porto_de_Nacala_Abril_2022_1-scaled.jpg","type":"image\/jpeg"}],"author":"D\u00e9rcio Badru","twitter_card":"summary_large_image","twitter_misc":{"Written by":"D\u00e9rcio Badru","Est. reading time":"2 minutes"},"schema":{"@context":"https:\/\/schema.org","@graph":[{"@type":"Article","@id":"https:\/\/www.cfm.co.mz\/2022\/04\/27\/malawi-e-prioritario-para-o-porto-de-nacala\/#article","isPartOf":{"@id":"https:\/\/www.cfm.co.mz\/2022\/04\/27\/malawi-e-prioritario-para-o-porto-de-nacala\/"},"author":{"name":"D\u00e9rcio Badru","@id":"https:\/\/www.cfm.co.mz\/#\/schema\/person\/1bb663f3c59dc61900f6f9b1c2b53552"},"headline":"Malawi \u00e9 priorit\u00e1rio para o Porto de Nacala","datePublished":"2022-04-27T12:56:59+00:00","mainEntityOfPage":{"@id":"https:\/\/www.cfm.co.mz\/2022\/04\/27\/malawi-e-prioritario-para-o-porto-de-nacala\/"},"wordCount":317,"commentCount":0,"publisher":{"@id":"https:\/\/www.cfm.co.mz\/#organization"},"image":{"@id":"https:\/\/www.cfm.co.mz\/2022\/04\/27\/malawi-e-prioritario-para-o-porto-de-nacala\/#primaryimage"},"thumbnailUrl":"https:\/\/www.cfm.co.mz\/wp-content\/uploads\/2022\/04\/Visita_PR_Malawi_ao_Porto_de_Nacala_Abril_2022_1-scaled.jpg","articleSection":["Noticias"],"inLanguage":"en-US","potentialAction":[{"@type":"CommentAction","name":"Comment","target":["https:\/\/www.cfm.co.mz\/2022\/04\/27\/malawi-e-prioritario-para-o-porto-de-nacala\/#respond"]}]},{"@type":"WebPage","@id":"https:\/\/www.cfm.co.mz\/2022\/04\/27\/malawi-e-prioritario-para-o-porto-de-nacala\/","url":"https:\/\/www.cfm.co.mz\/2022\/04\/27\/malawi-e-prioritario-para-o-porto-de-nacala\/","name":"Malawi \u00e9 priorit\u00e1rio para o Porto de Nacala - CFM - Caminhos De Ferros de Mo\u00e7ambique","isPartOf":{"@id":"https:\/\/www.cfm.co.mz\/#website"},"primaryImageOfPage":{"@id":"https:\/\/www.cfm.co.mz\/2022\/04\/27\/malawi-e-prioritario-para-o-porto-de-nacala\/#primaryimage"},"image":{"@id":"https:\/\/www.cfm.co.mz\/2022\/04\/27\/malawi-e-prioritario-para-o-porto-de-nacala\/#primaryimage"},"thumbnailUrl":"https:\/\/www.cfm.co.mz\/wp-content\/uploads\/2022\/04\/Visita_PR_Malawi_ao_Porto_de_Nacala_Abril_2022_1-scaled.jpg","datePublished":"2022-04-27T12:56:59+00:00","breadcrumb":{"@id":"https:\/\/www.cfm.co.mz\/2022\/04\/27\/malawi-e-prioritario-para-o-porto-de-nacala\/#breadcrumb"},"inLanguage":"en-US","potentialAction":[{"@type":"ReadAction","target":["https:\/\/www.cfm.co.mz\/2022\/04\/27\/malawi-e-prioritario-para-o-porto-de-nacala\/"]}]},{"@type":"ImageObject","inLanguage":"en-US","@id":"https:\/\/www.cfm.co.mz\/2022\/04\/27\/malawi-e-prioritario-para-o-porto-de-nacala\/#primaryimage","url":"https:\/\/www.cfm.co.mz\/wp-content\/uploads\/2022\/04\/Visita_PR_Malawi_ao_Porto_de_Nacala_Abril_2022_1-scaled.jpg","contentUrl":"https:\/\/www.cfm.co.mz\/wp-content\/uploads\/2022\/04\/Visita_PR_Malawi_ao_Porto_de_Nacala_Abril_2022_1-scaled.jpg","width":2560,"height":1707,"caption":"Visita PR Malawi ao Porto de Nacala Abril 2022 1"},{"@type":"BreadcrumbList","@id":"https:\/\/www.cfm.co.mz\/2022\/04\/27\/malawi-e-prioritario-para-o-porto-de-nacala\/#breadcrumb","itemListElement":[{"@type":"ListItem","position":1,"name":"Home","item":"https:\/\/www.cfm.co.mz\/"},{"@type":"ListItem","position":2,"name":"Malawi \u00e9 priorit\u00e1rio para o Porto de Nacala"}]},{"@type":"WebSite","@id":"https:\/\/www.cfm.co.mz\/#website","url":"https:\/\/www.cfm.co.mz\/","name":"CFM - Caminhos De Ferros de Mo\u00e7ambique","description":"Ampliando Horizontes","publisher":{"@id":"https:\/\/www.cfm.co.mz\/#organization"},"potentialAction":[{"@type":"SearchAction","target":{"@type":"EntryPoint","urlTemplate":"https:\/\/www.cfm.co.mz\/?s={search_term_string}"},"query-input":{"@type":"PropertyValueSpecification","valueRequired":true,"valueName":"search_term_string"}}],"inLanguage":"en-US"},{"@type":"Organization","@id":"https:\/\/www.cfm.co.mz\/#organization","name":"CFM - Caminhos De Ferros de Mo\u00e7ambique","url":"https:\/\/www.cfm.co.mz\/","logo":{"@type":"ImageObject","inLanguage":"en-US","@id":"https:\/\/www.cfm.co.mz\/#\/schema\/logo\/image\/","url":"https:\/\/www.cfm.co.mz\/wp-content\/uploads\/2025\/07\/be5f0679-4f5b-4d02-9719-a26ceed29162.jpg","contentUrl":"https:\/\/www.cfm.co.mz\/wp-content\/uploads\/2025\/07\/be5f0679-4f5b-4d02-9719-a26ceed29162.jpg","width":400,"height":65,"caption":"CFM - Caminhos De Ferros de Mo\u00e7ambique"},"image":{"@id":"https:\/\/www.cfm.co.mz\/#\/schema\/logo\/image\/"},"sameAs":["https:\/\/www.facebook.com\/CFMMoz","https:\/\/www.linkedin.com\/company\/caminhos-de-ferro-de-moambique\/"]},{"@type":"Person","@id":"https:\/\/www.cfm.co.mz\/#\/schema\/person\/1bb663f3c59dc61900f6f9b1c2b53552","name":"D\u00e9rcio Badru","image":{"@type":"ImageObject","inLanguage":"en-US","@id":"https:\/\/www.cfm.co.mz\/#\/schema\/person\/image\/","url":"https:\/\/www.cfm.co.mz\/wp-content\/litespeed\/avatar\/be89d6955942d7259ef76de4577d21b3.jpg?ver=1777454359","contentUrl":"https:\/\/www.cfm.co.mz\/wp-content\/litespeed\/avatar\/be89d6955942d7259ef76de4577d21b3.jpg?ver=1777454359","caption":"D\u00e9rcio Badru"},"url":"https:\/\/www.cfm.co.mz\/en\/author\/dercio\/"}]}},"_links":{"self":[{"href":"https:\/\/www.cfm.co.mz\/en\/wp-json\/wp\/v2\/posts\/9450","targetHints":{"allow":["GET"]}}],"collection":[{"href":"https:\/\/www.cfm.co.mz\/en\/wp-json\/wp\/v2\/posts"}],"about":[{"href":"https:\/\/www.cfm.co.mz\/en\/wp-json\/wp\/v2\/types\/post"}],"author":[{"embeddable":true,"href":"https:\/\/www.cfm.co.mz\/en\/wp-json\/wp\/v2\/users\/94"}],"replies":[{"embeddable":true,"href":"https:\/\/www.cfm.co.mz\/en\/wp-json\/wp\/v2\/comments?post=9450"}],"version-history":[{"count":0,"href":"https:\/\/www.cfm.co.mz\/en\/wp-json\/wp\/v2\/posts\/9450\/revisions"}],"wp:featuredmedia":[{"embeddable":true,"href":"https:\/\/www.cfm.co.mz\/en\/wp-json\/wp\/v2\/media\/9441"}],"wp:attachment":[{"href":"https:\/\/www.cfm.co.mz\/en\/wp-json\/wp\/v2\/media?parent=9450"}],"wp:term":[{"taxonomy":"category","embeddable":true,"href":"https:\/\/www.cfm.co.mz\/en\/wp-json\/wp\/v2\/categories?post=9450"},{"taxonomy":"post_tag","embeddable":true,"href":"https:\/\/www.cfm.co.mz\/en\/wp-json\/wp\/v2\/tags?post=9450"}],"curies":[{"name":"wp","href":"https:\/\/api.w.org\/{rel}","templated":true}]}}