{"id":9442,"date":"2022-03-14T14:32:13","date_gmt":"2022-03-14T14:32:13","guid":{"rendered":"https:\/\/www.cfm.co.mz\/2022\/03\/14\/aviso-publico-interdicao-de-circulacao-de-comboios-de-passageiros-e-de-mercadorias-na-linha-de-ressano-3\/"},"modified":"2022-03-14T14:32:13","modified_gmt":"2022-03-14T14:32:13","slug":"aviso-publico-interdicao-de-circulacao-de-comboios-de-passageiros-e-de-mercadorias-na-linha-de-ressano-3","status":"publish","type":"post","link":"https:\/\/www.cfm.co.mz\/en\/2022\/03\/14\/aviso-publico-interdicao-de-circulacao-de-comboios-de-passageiros-e-de-mercadorias-na-linha-de-ressano-3\/","title":{"rendered":"Aviso P\u00fablico &#8211; Interdi\u00e7\u00e3o de circula\u00e7\u00e3o de comboios de Passageiros e de Mercadorias na Linha de Ressano"},"content":{"rendered":"<p style=\"text-align: justify;\">A Direc\u00e7\u00e3o Executiva do CFM-Sul leva ao conhecimento dos Utentes e P\u00fablico, em Geral, que haver\u00e1 interdi\u00e7\u00e3o de circula\u00e7\u00e3o de comboios de Passageiros e de Mercadorias ao longo da Linha de Ressano Garcia, no dia 14 de Mar\u00e7o de 2022 (Segunda Feira) das 07h00 as 15h00, para dar lugar aos trabalhos de manuten\u00e7\u00e3o nos pontos quilom\u00e9tricos 80+000 e 51 +000, tendo em vista a&#8230;<\/p>\n<p><a href=\"http:\/\/www.cfm.co.mz\/wp-content\/uploads\/2022\/03\/Aviso_ao_Publico_14_Marco_2022-scaled.jpg\" target=\"_blank\" rel=\"noopener\">Clique aqui para ler na \u00edntegra<\/a><\/p>","protected":false},"excerpt":{"rendered":"<p>A Direc\u00e7\u00e3o Executiva do CFM-Sul leva ao conhecimento dos Utentes e P\u00fablico, em Geral, que haver\u00e1 interdi\u00e7\u00e3o de circula\u00e7\u00e3o de comboios de Passageiros e de Mercadorias ao longo da Linha de Ressano Garcia, no dia 14 de Mar\u00e7o de 2022 (Segunda Feira) das 07h00 as 15h00, para dar lugar aos trabalhos de manuten\u00e7\u00e3o nos pontos quilom\u00e9tricos 80+000 e 51 +000, tendo em vista a&#8230; Clique aqui para ler na \u00edntegra<\/p>","protected":false},"author":94,"featured_media":0,"comment_status":"open","ping_status":"open","sticky":false,"template":"","format":"standard","meta":{"_acf_changed":false,"pgc_sgb_lightbox_settings":"","footnotes":""},"categories":[1],"tags":[],"class_list":["post-9442","post","type-post","status-publish","format-standard","hentry","category-uncategorized"],"acf":[],"yoast_head":"<!-- This site is optimized with the Yoast SEO plugin v26.5 - https:\/\/yoast.com\/wordpress\/plugins\/seo\/ -->\n<title>Aviso P\u00fablico - Interdi\u00e7\u00e3o de circula\u00e7\u00e3o de comboios de Passageiros e de Mercadorias na Linha de Ressano - CFM - Caminhos De Ferros de Mo\u00e7ambique<\/title>\n<meta name=\"robots\" content=\"index, follow, max-snippet:-1, max-image-preview:large, max-video-preview:-1\" \/>\n<link rel=\"canonical\" href=\"https:\/\/www.cfm.co.mz\/en\/2022\/03\/14\/aviso-publico-interdicao-de-circulacao-de-comboios-de-passageiros-e-de-mercadorias-na-linha-de-ressano-3\/\" \/>\n<meta property=\"og:locale\" content=\"en_US\" \/>\n<meta property=\"og:type\" content=\"article\" \/>\n<meta property=\"og:title\" content=\"Aviso P\u00fablico - Interdi\u00e7\u00e3o de circula\u00e7\u00e3o de comboios de Passageiros e de Mercadorias na Linha de Ressano - CFM - Caminhos De Ferros de Mo\u00e7ambique\" \/>\n<meta property=\"og:description\" content=\"A Direc\u00e7\u00e3o Executiva do CFM-Sul leva ao conhecimento dos Utentes e P\u00fablico, em Geral, que haver\u00e1 interdi\u00e7\u00e3o de circula\u00e7\u00e3o de comboios de Passageiros e de Mercadorias ao longo da Linha de Ressano Garcia, no dia 14 de Mar\u00e7o de 2022 (Segunda Feira) das 07h00 as 15h00, para dar lugar aos trabalhos de manuten\u00e7\u00e3o nos pontos quilom\u00e9tricos 80+000 e 51 +000, tendo em vista a&#8230; Clique aqui para ler na \u00edntegra\" \/>\n<meta property=\"og:url\" content=\"https:\/\/www.cfm.co.mz\/en\/2022\/03\/14\/aviso-publico-interdicao-de-circulacao-de-comboios-de-passageiros-e-de-mercadorias-na-linha-de-ressano-3\/\" \/>\n<meta property=\"og:site_name\" content=\"CFM - Caminhos De Ferros de Mo\u00e7ambique\" \/>\n<meta property=\"article:publisher\" content=\"https:\/\/www.facebook.com\/CFMMoz\" \/>\n<meta property=\"article:published_time\" content=\"2022-03-14T14:32:13+00:00\" \/>\n<meta name=\"author\" content=\"D\u00e9rcio Badru\" \/>\n<meta name=\"twitter:card\" content=\"summary_large_image\" \/>\n<meta name=\"twitter:label1\" content=\"Written by\" \/>\n\t<meta name=\"twitter:data1\" content=\"D\u00e9rcio Badru\" \/>\n<script type=\"application\/ld+json\" class=\"yoast-schema-graph\">{\"@context\":\"https:\/\/schema.org\",\"@graph\":[{\"@type\":\"Article\",\"@id\":\"https:\/\/www.cfm.co.mz\/2022\/03\/14\/aviso-publico-interdicao-de-circulacao-de-comboios-de-passageiros-e-de-mercadorias-na-linha-de-ressano-3\/#article\",\"isPartOf\":{\"@id\":\"https:\/\/www.cfm.co.mz\/2022\/03\/14\/aviso-publico-interdicao-de-circulacao-de-comboios-de-passageiros-e-de-mercadorias-na-linha-de-ressano-3\/\"},\"author\":{\"name\":\"D\u00e9rcio Badru\",\"@id\":\"https:\/\/www.cfm.co.mz\/#\/schema\/person\/1bb663f3c59dc61900f6f9b1c2b53552\"},\"headline\":\"Aviso P\u00fablico &#8211; Interdi\u00e7\u00e3o de circula\u00e7\u00e3o de comboios de Passageiros e de Mercadorias na Linha de Ressano\",\"datePublished\":\"2022-03-14T14:32:13+00:00\",\"mainEntityOfPage\":{\"@id\":\"https:\/\/www.cfm.co.mz\/2022\/03\/14\/aviso-publico-interdicao-de-circulacao-de-comboios-de-passageiros-e-de-mercadorias-na-linha-de-ressano-3\/\"},\"wordCount\":92,\"commentCount\":0,\"publisher\":{\"@id\":\"https:\/\/www.cfm.co.mz\/#organization\"},\"inLanguage\":\"en-US\",\"potentialAction\":[{\"@type\":\"CommentAction\",\"name\":\"Comment\",\"target\":[\"https:\/\/www.cfm.co.mz\/2022\/03\/14\/aviso-publico-interdicao-de-circulacao-de-comboios-de-passageiros-e-de-mercadorias-na-linha-de-ressano-3\/#respond\"]}]},{\"@type\":\"WebPage\",\"@id\":\"https:\/\/www.cfm.co.mz\/2022\/03\/14\/aviso-publico-interdicao-de-circulacao-de-comboios-de-passageiros-e-de-mercadorias-na-linha-de-ressano-3\/\",\"url\":\"https:\/\/www.cfm.co.mz\/2022\/03\/14\/aviso-publico-interdicao-de-circulacao-de-comboios-de-passageiros-e-de-mercadorias-na-linha-de-ressano-3\/\",\"name\":\"Aviso P\u00fablico - Interdi\u00e7\u00e3o de circula\u00e7\u00e3o de comboios de Passageiros e de Mercadorias na Linha de Ressano - CFM - Caminhos De Ferros de Mo\u00e7ambique\",\"isPartOf\":{\"@id\":\"https:\/\/www.cfm.co.mz\/#website\"},\"datePublished\":\"2022-03-14T14:32:13+00:00\",\"breadcrumb\":{\"@id\":\"https:\/\/www.cfm.co.mz\/2022\/03\/14\/aviso-publico-interdicao-de-circulacao-de-comboios-de-passageiros-e-de-mercadorias-na-linha-de-ressano-3\/#breadcrumb\"},\"inLanguage\":\"en-US\",\"potentialAction\":[{\"@type\":\"ReadAction\",\"target\":[\"https:\/\/www.cfm.co.mz\/2022\/03\/14\/aviso-publico-interdicao-de-circulacao-de-comboios-de-passageiros-e-de-mercadorias-na-linha-de-ressano-3\/\"]}]},{\"@type\":\"BreadcrumbList\",\"@id\":\"https:\/\/www.cfm.co.mz\/2022\/03\/14\/aviso-publico-interdicao-de-circulacao-de-comboios-de-passageiros-e-de-mercadorias-na-linha-de-ressano-3\/#breadcrumb\",\"itemListElement\":[{\"@type\":\"ListItem\",\"position\":1,\"name\":\"Home\",\"item\":\"https:\/\/www.cfm.co.mz\/\"},{\"@type\":\"ListItem\",\"position\":2,\"name\":\"Aviso P\u00fablico &#8211; Interdi\u00e7\u00e3o de circula\u00e7\u00e3o de comboios de Passageiros e de Mercadorias na Linha de Ressano\"}]},{\"@type\":\"WebSite\",\"@id\":\"https:\/\/www.cfm.co.mz\/#website\",\"url\":\"https:\/\/www.cfm.co.mz\/\",\"name\":\"CFM - Caminhos De Ferros de Mo\u00e7ambique\",\"description\":\"Ampliando Horizontes\",\"publisher\":{\"@id\":\"https:\/\/www.cfm.co.mz\/#organization\"},\"potentialAction\":[{\"@type\":\"SearchAction\",\"target\":{\"@type\":\"EntryPoint\",\"urlTemplate\":\"https:\/\/www.cfm.co.mz\/?s={search_term_string}\"},\"query-input\":{\"@type\":\"PropertyValueSpecification\",\"valueRequired\":true,\"valueName\":\"search_term_string\"}}],\"inLanguage\":\"en-US\"},{\"@type\":\"Organization\",\"@id\":\"https:\/\/www.cfm.co.mz\/#organization\",\"name\":\"CFM - Caminhos De Ferros de Mo\u00e7ambique\",\"url\":\"https:\/\/www.cfm.co.mz\/\",\"logo\":{\"@type\":\"ImageObject\",\"inLanguage\":\"en-US\",\"@id\":\"https:\/\/www.cfm.co.mz\/#\/schema\/logo\/image\/\",\"url\":\"https:\/\/www.cfm.co.mz\/wp-content\/uploads\/2025\/07\/be5f0679-4f5b-4d02-9719-a26ceed29162.jpg\",\"contentUrl\":\"https:\/\/www.cfm.co.mz\/wp-content\/uploads\/2025\/07\/be5f0679-4f5b-4d02-9719-a26ceed29162.jpg\",\"width\":400,\"height\":65,\"caption\":\"CFM - Caminhos De Ferros de Mo\u00e7ambique\"},\"image\":{\"@id\":\"https:\/\/www.cfm.co.mz\/#\/schema\/logo\/image\/\"},\"sameAs\":[\"https:\/\/www.facebook.com\/CFMMoz\",\"https:\/\/www.linkedin.com\/company\/caminhos-de-ferro-de-moambique\/\"]},{\"@type\":\"Person\",\"@id\":\"https:\/\/www.cfm.co.mz\/#\/schema\/person\/1bb663f3c59dc61900f6f9b1c2b53552\",\"name\":\"D\u00e9rcio Badru\",\"image\":{\"@type\":\"ImageObject\",\"inLanguage\":\"en-US\",\"@id\":\"https:\/\/www.cfm.co.mz\/#\/schema\/person\/image\/\",\"url\":\"https:\/\/www.cfm.co.mz\/wp-content\/litespeed\/avatar\/be89d6955942d7259ef76de4577d21b3.jpg?ver=1777454359\",\"contentUrl\":\"https:\/\/www.cfm.co.mz\/wp-content\/litespeed\/avatar\/be89d6955942d7259ef76de4577d21b3.jpg?ver=1777454359\",\"caption\":\"D\u00e9rcio Badru\"},\"url\":\"https:\/\/www.cfm.co.mz\/en\/author\/dercio\/\"}]}<\/script>\n<!-- \/ Yoast SEO plugin. -->","yoast_head_json":{"title":"Aviso P\u00fablico - Interdi\u00e7\u00e3o de circula\u00e7\u00e3o de comboios de Passageiros e de Mercadorias na Linha de Ressano - CFM - Caminhos De Ferros de Mo\u00e7ambique","robots":{"index":"index","follow":"follow","max-snippet":"max-snippet:-1","max-image-preview":"max-image-preview:large","max-video-preview":"max-video-preview:-1"},"canonical":"https:\/\/www.cfm.co.mz\/en\/2022\/03\/14\/aviso-publico-interdicao-de-circulacao-de-comboios-de-passageiros-e-de-mercadorias-na-linha-de-ressano-3\/","og_locale":"en_US","og_type":"article","og_title":"Aviso P\u00fablico - Interdi\u00e7\u00e3o de circula\u00e7\u00e3o de comboios de Passageiros e de Mercadorias na Linha de Ressano - CFM - Caminhos De Ferros de Mo\u00e7ambique","og_description":"A Direc\u00e7\u00e3o Executiva do CFM-Sul leva ao conhecimento dos Utentes e P\u00fablico, em Geral, que haver\u00e1 interdi\u00e7\u00e3o de circula\u00e7\u00e3o de comboios de Passageiros e de Mercadorias ao longo da Linha de Ressano Garcia, no dia 14 de Mar\u00e7o de 2022 (Segunda Feira) das 07h00 as 15h00, para dar lugar aos trabalhos de manuten\u00e7\u00e3o nos pontos quilom\u00e9tricos 80+000 e 51 +000, tendo em vista a&#8230; Clique aqui para ler na \u00edntegra","og_url":"https:\/\/www.cfm.co.mz\/en\/2022\/03\/14\/aviso-publico-interdicao-de-circulacao-de-comboios-de-passageiros-e-de-mercadorias-na-linha-de-ressano-3\/","og_site_name":"CFM - Caminhos De Ferros de Mo\u00e7ambique","article_publisher":"https:\/\/www.facebook.com\/CFMMoz","article_published_time":"2022-03-14T14:32:13+00:00","author":"D\u00e9rcio Badru","twitter_card":"summary_large_image","twitter_misc":{"Written by":"D\u00e9rcio Badru"},"schema":{"@context":"https:\/\/schema.org","@graph":[{"@type":"Article","@id":"https:\/\/www.cfm.co.mz\/2022\/03\/14\/aviso-publico-interdicao-de-circulacao-de-comboios-de-passageiros-e-de-mercadorias-na-linha-de-ressano-3\/#article","isPartOf":{"@id":"https:\/\/www.cfm.co.mz\/2022\/03\/14\/aviso-publico-interdicao-de-circulacao-de-comboios-de-passageiros-e-de-mercadorias-na-linha-de-ressano-3\/"},"author":{"name":"D\u00e9rcio Badru","@id":"https:\/\/www.cfm.co.mz\/#\/schema\/person\/1bb663f3c59dc61900f6f9b1c2b53552"},"headline":"Aviso P\u00fablico &#8211; Interdi\u00e7\u00e3o de circula\u00e7\u00e3o de comboios de Passageiros e de Mercadorias na Linha de Ressano","datePublished":"2022-03-14T14:32:13+00:00","mainEntityOfPage":{"@id":"https:\/\/www.cfm.co.mz\/2022\/03\/14\/aviso-publico-interdicao-de-circulacao-de-comboios-de-passageiros-e-de-mercadorias-na-linha-de-ressano-3\/"},"wordCount":92,"commentCount":0,"publisher":{"@id":"https:\/\/www.cfm.co.mz\/#organization"},"inLanguage":"en-US","potentialAction":[{"@type":"CommentAction","name":"Comment","target":["https:\/\/www.cfm.co.mz\/2022\/03\/14\/aviso-publico-interdicao-de-circulacao-de-comboios-de-passageiros-e-de-mercadorias-na-linha-de-ressano-3\/#respond"]}]},{"@type":"WebPage","@id":"https:\/\/www.cfm.co.mz\/2022\/03\/14\/aviso-publico-interdicao-de-circulacao-de-comboios-de-passageiros-e-de-mercadorias-na-linha-de-ressano-3\/","url":"https:\/\/www.cfm.co.mz\/2022\/03\/14\/aviso-publico-interdicao-de-circulacao-de-comboios-de-passageiros-e-de-mercadorias-na-linha-de-ressano-3\/","name":"Aviso P\u00fablico - Interdi\u00e7\u00e3o de circula\u00e7\u00e3o de comboios de Passageiros e de Mercadorias na Linha de Ressano - CFM - Caminhos De Ferros de Mo\u00e7ambique","isPartOf":{"@id":"https:\/\/www.cfm.co.mz\/#website"},"datePublished":"2022-03-14T14:32:13+00:00","breadcrumb":{"@id":"https:\/\/www.cfm.co.mz\/2022\/03\/14\/aviso-publico-interdicao-de-circulacao-de-comboios-de-passageiros-e-de-mercadorias-na-linha-de-ressano-3\/#breadcrumb"},"inLanguage":"en-US","potentialAction":[{"@type":"ReadAction","target":["https:\/\/www.cfm.co.mz\/2022\/03\/14\/aviso-publico-interdicao-de-circulacao-de-comboios-de-passageiros-e-de-mercadorias-na-linha-de-ressano-3\/"]}]},{"@type":"BreadcrumbList","@id":"https:\/\/www.cfm.co.mz\/2022\/03\/14\/aviso-publico-interdicao-de-circulacao-de-comboios-de-passageiros-e-de-mercadorias-na-linha-de-ressano-3\/#breadcrumb","itemListElement":[{"@type":"ListItem","position":1,"name":"Home","item":"https:\/\/www.cfm.co.mz\/"},{"@type":"ListItem","position":2,"name":"Aviso P\u00fablico &#8211; Interdi\u00e7\u00e3o de circula\u00e7\u00e3o de comboios de Passageiros e de Mercadorias na Linha de Ressano"}]},{"@type":"WebSite","@id":"https:\/\/www.cfm.co.mz\/#website","url":"https:\/\/www.cfm.co.mz\/","name":"CFM - Caminhos De Ferros de Mo\u00e7ambique","description":"Ampliando Horizontes","publisher":{"@id":"https:\/\/www.cfm.co.mz\/#organization"},"potentialAction":[{"@type":"SearchAction","target":{"@type":"EntryPoint","urlTemplate":"https:\/\/www.cfm.co.mz\/?s={search_term_string}"},"query-input":{"@type":"PropertyValueSpecification","valueRequired":true,"valueName":"search_term_string"}}],"inLanguage":"en-US"},{"@type":"Organization","@id":"https:\/\/www.cfm.co.mz\/#organization","name":"CFM - Caminhos De Ferros de Mo\u00e7ambique","url":"https:\/\/www.cfm.co.mz\/","logo":{"@type":"ImageObject","inLanguage":"en-US","@id":"https:\/\/www.cfm.co.mz\/#\/schema\/logo\/image\/","url":"https:\/\/www.cfm.co.mz\/wp-content\/uploads\/2025\/07\/be5f0679-4f5b-4d02-9719-a26ceed29162.jpg","contentUrl":"https:\/\/www.cfm.co.mz\/wp-content\/uploads\/2025\/07\/be5f0679-4f5b-4d02-9719-a26ceed29162.jpg","width":400,"height":65,"caption":"CFM - Caminhos De Ferros de Mo\u00e7ambique"},"image":{"@id":"https:\/\/www.cfm.co.mz\/#\/schema\/logo\/image\/"},"sameAs":["https:\/\/www.facebook.com\/CFMMoz","https:\/\/www.linkedin.com\/company\/caminhos-de-ferro-de-moambique\/"]},{"@type":"Person","@id":"https:\/\/www.cfm.co.mz\/#\/schema\/person\/1bb663f3c59dc61900f6f9b1c2b53552","name":"D\u00e9rcio Badru","image":{"@type":"ImageObject","inLanguage":"en-US","@id":"https:\/\/www.cfm.co.mz\/#\/schema\/person\/image\/","url":"https:\/\/www.cfm.co.mz\/wp-content\/litespeed\/avatar\/be89d6955942d7259ef76de4577d21b3.jpg?ver=1777454359","contentUrl":"https:\/\/www.cfm.co.mz\/wp-content\/litespeed\/avatar\/be89d6955942d7259ef76de4577d21b3.jpg?ver=1777454359","caption":"D\u00e9rcio Badru"},"url":"https:\/\/www.cfm.co.mz\/en\/author\/dercio\/"}]}},"_links":{"self":[{"href":"https:\/\/www.cfm.co.mz\/en\/wp-json\/wp\/v2\/posts\/9442","targetHints":{"allow":["GET"]}}],"collection":[{"href":"https:\/\/www.cfm.co.mz\/en\/wp-json\/wp\/v2\/posts"}],"about":[{"href":"https:\/\/www.cfm.co.mz\/en\/wp-json\/wp\/v2\/types\/post"}],"author":[{"embeddable":true,"href":"https:\/\/www.cfm.co.mz\/en\/wp-json\/wp\/v2\/users\/94"}],"replies":[{"embeddable":true,"href":"https:\/\/www.cfm.co.mz\/en\/wp-json\/wp\/v2\/comments?post=9442"}],"version-history":[{"count":0,"href":"https:\/\/www.cfm.co.mz\/en\/wp-json\/wp\/v2\/posts\/9442\/revisions"}],"wp:attachment":[{"href":"https:\/\/www.cfm.co.mz\/en\/wp-json\/wp\/v2\/media?parent=9442"}],"wp:term":[{"taxonomy":"category","embeddable":true,"href":"https:\/\/www.cfm.co.mz\/en\/wp-json\/wp\/v2\/categories?post=9442"},{"taxonomy":"post_tag","embeddable":true,"href":"https:\/\/www.cfm.co.mz\/en\/wp-json\/wp\/v2\/tags?post=9442"}],"curies":[{"name":"wp","href":"https:\/\/api.w.org\/{rel}","templated":true}]}}