{"id":9422,"date":"2021-12-19T16:41:10","date_gmt":"2021-12-19T16:41:10","guid":{"rendered":"https:\/\/www.cfm.co.mz\/2021\/12\/19\/cfm-disponivel-para-apoiar-ao-malawi-na-reconstrucao-da-linha-ferrea-3\/"},"modified":"2021-12-19T16:41:10","modified_gmt":"2021-12-19T16:41:10","slug":"cfm-disponivel-para-apoiar-ao-malawi-na-reconstrucao-da-linha-ferrea-3","status":"publish","type":"post","link":"https:\/\/www.cfm.co.mz\/en\/2021\/12\/19\/cfm-disponivel-para-apoiar-ao-malawi-na-reconstrucao-da-linha-ferrea-3\/","title":{"rendered":"CFM dispon\u00edvel para apoiar ao Malawi na reconstru\u00e7\u00e3o da Linha F\u00e9rrea"},"content":{"rendered":"<p style=\"text-align: justify;\"><a href=\"http:\/\/www.cfm.co.mz\/wp-content\/uploads\/2021\/12\/Linha_Ferrea_Mocambique_Malawi_2021_1.jpeg\" type=\"image\/jpeg\" class=\"jcepopup zoom-bottom-right\" data-mediabox=\"1\" data-mediabox-width=\"800\" data-mediabox-height=\"600\"><img decoding=\"async\" src=\"http:\/\/www.cfm.co.mz\/wp-content\/uploads\/2021\/12\/Linha_Ferrea_Mocambique_Malawi_2021_1.jpeg\" alt=\"Linha F\u00e9rrea Mo\u00e7ambique Malawi 2021 1\" width=\"250\" height=\"167\" style=\"margin: 10px; float: left;\" \/><\/a>A Empresa Portos e Caminhos de Ferro de Mo\u00e7ambique (CFM) est\u00e1 dispon\u00edvel para apoiar \u00e0 sua cong\u00e9nere do Malawi \u2013 a Malawi Railways (MR94) &#8211; na viabiliza\u00e7\u00e3o do projecto de reconstru\u00e7\u00e3o da Linha F\u00e9rrea, do lado do Malawi, a partir da Vila Nova da Fronteira.<\/p>\n<p style=\"text-align: justify;\">A garantia foi dada pelo Presidente do Conselho de Administra\u00e7\u00e3o do CFM, Eng. Miguel Matabel, que chefiou uma delega\u00e7\u00e3o da Empresa CFM que se deslocou \u00e0quele Pa\u00eds no passado dia 14 de Dezembro.<\/p>\n<p style=\"text-align: justify;\">Do encontro havido em Marka, junto \u00e0 fronteira com Mo\u00e7ambique, foram apresentadas duas solu\u00e7\u00f5es: i) Reconstru\u00e7\u00e3o de cerca de 1km de Linha e Constru\u00e7\u00e3o de um Porto Seco na fronteira, em Marka, do lado do Malawi e, ii) Reconstru\u00e7\u00e3o de Linha a partir de Marka at\u00e9 Nsanje (cerca de 26 km) considerando as infraestruturas j\u00e1 existentes, como o Porto Seco, banca e telecomunica\u00e7\u00f5es.<\/p>\n<p><!--more--><\/p>\n<p style=\"text-align: justify;\"><a href=\"http:\/\/www.cfm.co.mz\/wp-content\/uploads\/2021\/12\/Linha_Ferrea_Mocambique_Malawi_2021_2.jpeg\" type=\"image\/jpeg\" class=\"jcepopup zoom-bottom-right\" data-mediabox=\"1\" data-mediabox-width=\"800\" data-mediabox-height=\"600\"><img decoding=\"async\" src=\"http:\/\/www.cfm.co.mz\/wp-content\/uploads\/2021\/12\/Linha_Ferrea_Mocambique_Malawi_2021_2.jpeg\" alt=\"Linha F\u00e9rrea Mo\u00e7ambique Malawi 2021 2\" width=\"250\" height=\"167\" style=\"margin: 10px; float: right;\" \/><\/a>Tendo em vista a que as opera\u00e7\u00f5es iniciem o mais breve poss\u00edvel, associado ao facto de acarretar menos custos, as partes entenderam que a op\u00e7\u00e3o que remete para a constru\u00e7\u00e3o do Porto Seco na fronteira se apresenta a mais vantajosa. Ou seja, em 6 meses, a Malawi Railways poder\u00e1 garantir as infraestruturas necess\u00e1rias para o processo de manuseamento das cargas do Malawi para Mo\u00e7ambique (Porto da Beira), e de Mo\u00e7ambique para o Malawi, atrav\u00e9s da Linha F\u00e9rrea.<\/p>\n<p style=\"text-align: justify;\"><em><strong>\u201cN\u00f3s queremos que este projecto esteja finalizado e possamos iniciar com as opera\u00e7\u00f5es que, n\u00e3o s\u00f3 ir\u00e3o permitir encaixes financeiros para as duas Empresas, como tamb\u00e9m, contribuir\u00e1 para a melhoria de vida das popula\u00e7\u00f5es residentes ao longo da via. \u00c9 por isso que viemos c\u00e1 e dizer aos nossos amigos Malawianos que estamos dispon\u00edveis para apoiar no que necessitarem, naturalmente, mediante um acordo. N\u00f3s j\u00e1 estamos na fronteira e entramos mais 600 metros para o lado do Malawi, conforme previa o Memorando de Entendimento\u201d<\/strong><\/em>&#8211; garantiu Miguel Matabel.<\/p>\n<p style=\"text-align: justify;\">Recorde-se que as duas Empresas assinaram, em Maio deste ano, um Memorando de Entendimento que previa a reconstru\u00e7\u00e3o da Linha F\u00e9rra que liga Mo\u00e7ambique ao Malawi, cujo t\u00e9rmino seria Dezembro deste ano. O lan\u00e7amento da 1\u00aa pedra, do lado mo\u00e7ambicano, foi dirigido pelo Presidente da Rep\u00fablica Filipe Jacinto Nyusi que referenciou as orienta\u00e7\u00f5es emanadas do encontro dos dois Presidentes, em Outubro de 2020, na Vila de Songo, relativamente \u00e0 reconstru\u00e7\u00e3o desta importante e estrat\u00e9gica Linha F\u00e9rrea.<\/p>\n<p style=\"text-align: justify;\"><a href=\"http:\/\/www.cfm.co.mz\/wp-content\/uploads\/2021\/12\/Linha_Ferrea_Mocambique_Malawi_2021_3.jpeg\" type=\"image\/jpeg\" class=\"jcepopup zoom-bottom-right\" data-mediabox=\"1\" data-mediabox-width=\"800\" data-mediabox-height=\"600\"><img decoding=\"async\" src=\"http:\/\/www.cfm.co.mz\/wp-content\/uploads\/2021\/12\/Linha_Ferrea_Mocambique_Malawi_2021_3.jpeg\" alt=\"Linha F\u00e9rrea Mo\u00e7ambique Malawi 2021 3\" width=\"250\" height=\"188\" style=\"margin: 10px; float: left;\" \/><\/a>Ainda no \u00e2mbito desta viagem o PCA do CFM aproveitou para aferir o ponto de situa\u00e7\u00e3o do Projecto de Reabilita\u00e7\u00e3o da Linha F\u00e9rrea de Machipanda tendo visitado a F\u00e1brica de Travessas de Dondo, bem como os trechos de Linha j\u00e1 executados, onde conversou com os Trabalhadores. No final da visita Miguel Matabel mostrou-se satisfeito e chamou aten\u00e7\u00e3o para o cumprimento do prazo previamente proposto (at\u00e9 Dezembro de 2022), de modo a que, a partir de 2023, os comboios possam circular sem restri\u00e7\u00f5es que prejudicam o desenvolvimento das economias dos dois Pa\u00edses, Mo\u00e7ambique e Zimbabwe.<\/p>","protected":false},"excerpt":{"rendered":"<p>A Empresa Portos e Caminhos de Ferro de Mo\u00e7ambique (CFM) est\u00e1 dispon\u00edvel para apoiar \u00e0 sua cong\u00e9nere do Malawi \u2013 a Malawi Railways (MR94) &#8211; na viabiliza\u00e7\u00e3o do projecto de reconstru\u00e7\u00e3o da Linha F\u00e9rrea, do lado do Malawi, a partir da Vila Nova da Fronteira. A garantia foi dada pelo Presidente do Conselho de Administra\u00e7\u00e3o do CFM, Eng. Miguel Matabel, que chefiou uma delega\u00e7\u00e3o da Empresa CFM que se deslocou \u00e0quele Pa\u00eds no passado dia 14 de Dezembro. Do encontro havido em Marka, junto \u00e0 fronteira com Mo\u00e7ambique, foram apresentadas duas solu\u00e7\u00f5es: i) Reconstru\u00e7\u00e3o de cerca de 1km de Linha e Constru\u00e7\u00e3o de um Porto Seco na fronteira, em Marka, do lado do Malawi e, ii) Reconstru\u00e7\u00e3o de Linha a partir de Marka at\u00e9 Nsanje (cerca de 26 km) considerando as infraestruturas j\u00e1 existentes, como o Porto Seco, banca e telecomunica\u00e7\u00f5es.<\/p>","protected":false},"author":94,"featured_media":9399,"comment_status":"open","ping_status":"open","sticky":false,"template":"","format":"standard","meta":{"_acf_changed":false,"pgc_sgb_lightbox_settings":"","footnotes":""},"categories":[680],"tags":[],"class_list":["post-9422","post","type-post","status-publish","format-standard","has-post-thumbnail","hentry","category-noticias"],"acf":[],"yoast_head":"<!-- This site is optimized with the Yoast SEO plugin v26.5 - https:\/\/yoast.com\/wordpress\/plugins\/seo\/ -->\n<title>CFM dispon\u00edvel para apoiar ao Malawi na reconstru\u00e7\u00e3o da Linha F\u00e9rrea - CFM - Caminhos De Ferros de Mo\u00e7ambique<\/title>\n<meta name=\"robots\" content=\"index, follow, max-snippet:-1, max-image-preview:large, max-video-preview:-1\" \/>\n<link rel=\"canonical\" href=\"https:\/\/www.cfm.co.mz\/en\/2021\/12\/19\/cfm-disponivel-para-apoiar-ao-malawi-na-reconstrucao-da-linha-ferrea-3\/\" \/>\n<meta property=\"og:locale\" content=\"en_US\" \/>\n<meta property=\"og:type\" content=\"article\" \/>\n<meta property=\"og:title\" content=\"CFM dispon\u00edvel para apoiar ao Malawi na reconstru\u00e7\u00e3o da Linha F\u00e9rrea - CFM - Caminhos De Ferros de Mo\u00e7ambique\" \/>\n<meta property=\"og:description\" content=\"A Empresa Portos e Caminhos de Ferro de Mo\u00e7ambique (CFM) est\u00e1 dispon\u00edvel para apoiar \u00e0 sua cong\u00e9nere do Malawi \u2013 a Malawi Railways (MR94) &#8211; na viabiliza\u00e7\u00e3o do projecto de reconstru\u00e7\u00e3o da Linha F\u00e9rrea, do lado do Malawi, a partir da Vila Nova da Fronteira. A garantia foi dada pelo Presidente do Conselho de Administra\u00e7\u00e3o do CFM, Eng. Miguel Matabel, que chefiou uma delega\u00e7\u00e3o da Empresa CFM que se deslocou \u00e0quele Pa\u00eds no passado dia 14 de Dezembro. Do encontro havido em Marka, junto \u00e0 fronteira com Mo\u00e7ambique, foram apresentadas duas solu\u00e7\u00f5es: i) Reconstru\u00e7\u00e3o de cerca de 1km de Linha e Constru\u00e7\u00e3o de um Porto Seco na fronteira, em Marka, do lado do Malawi e, ii) Reconstru\u00e7\u00e3o de Linha a partir de Marka at\u00e9 Nsanje (cerca de 26 km) considerando as infraestruturas j\u00e1 existentes, como o Porto Seco, banca e telecomunica\u00e7\u00f5es.\" \/>\n<meta property=\"og:url\" content=\"https:\/\/www.cfm.co.mz\/en\/2021\/12\/19\/cfm-disponivel-para-apoiar-ao-malawi-na-reconstrucao-da-linha-ferrea-3\/\" \/>\n<meta property=\"og:site_name\" content=\"CFM - Caminhos De Ferros de Mo\u00e7ambique\" \/>\n<meta property=\"article:publisher\" content=\"https:\/\/www.facebook.com\/CFMMoz\" \/>\n<meta property=\"article:published_time\" content=\"2021-12-19T16:41:10+00:00\" \/>\n<meta property=\"og:image\" content=\"https:\/\/www.cfm.co.mz\/wp-content\/uploads\/2021\/12\/Linha_Ferrea_Mocambique_Malawi_2021_1.jpeg\" \/>\n\t<meta property=\"og:image:width\" content=\"768\" \/>\n\t<meta property=\"og:image:height\" content=\"512\" \/>\n\t<meta property=\"og:image:type\" content=\"image\/jpeg\" \/>\n<meta name=\"author\" content=\"D\u00e9rcio Badru\" \/>\n<meta name=\"twitter:card\" content=\"summary_large_image\" \/>\n<meta name=\"twitter:label1\" content=\"Written by\" \/>\n\t<meta name=\"twitter:data1\" content=\"D\u00e9rcio Badru\" \/>\n\t<meta name=\"twitter:label2\" content=\"Est. reading time\" \/>\n\t<meta name=\"twitter:data2\" content=\"3 minutes\" \/>\n<script type=\"application\/ld+json\" class=\"yoast-schema-graph\">{\"@context\":\"https:\/\/schema.org\",\"@graph\":[{\"@type\":\"Article\",\"@id\":\"https:\/\/www.cfm.co.mz\/2021\/12\/19\/cfm-disponivel-para-apoiar-ao-malawi-na-reconstrucao-da-linha-ferrea-3\/#article\",\"isPartOf\":{\"@id\":\"https:\/\/www.cfm.co.mz\/2021\/12\/19\/cfm-disponivel-para-apoiar-ao-malawi-na-reconstrucao-da-linha-ferrea-3\/\"},\"author\":{\"name\":\"D\u00e9rcio Badru\",\"@id\":\"https:\/\/www.cfm.co.mz\/#\/schema\/person\/1bb663f3c59dc61900f6f9b1c2b53552\"},\"headline\":\"CFM dispon\u00edvel para apoiar ao Malawi na reconstru\u00e7\u00e3o da Linha F\u00e9rrea\",\"datePublished\":\"2021-12-19T16:41:10+00:00\",\"mainEntityOfPage\":{\"@id\":\"https:\/\/www.cfm.co.mz\/2021\/12\/19\/cfm-disponivel-para-apoiar-ao-malawi-na-reconstrucao-da-linha-ferrea-3\/\"},\"wordCount\":528,\"commentCount\":0,\"publisher\":{\"@id\":\"https:\/\/www.cfm.co.mz\/#organization\"},\"image\":{\"@id\":\"https:\/\/www.cfm.co.mz\/2021\/12\/19\/cfm-disponivel-para-apoiar-ao-malawi-na-reconstrucao-da-linha-ferrea-3\/#primaryimage\"},\"thumbnailUrl\":\"https:\/\/www.cfm.co.mz\/wp-content\/uploads\/2021\/12\/Linha_Ferrea_Mocambique_Malawi_2021_1.jpeg\",\"articleSection\":[\"Noticias\"],\"inLanguage\":\"en-US\",\"potentialAction\":[{\"@type\":\"CommentAction\",\"name\":\"Comment\",\"target\":[\"https:\/\/www.cfm.co.mz\/2021\/12\/19\/cfm-disponivel-para-apoiar-ao-malawi-na-reconstrucao-da-linha-ferrea-3\/#respond\"]}]},{\"@type\":\"WebPage\",\"@id\":\"https:\/\/www.cfm.co.mz\/2021\/12\/19\/cfm-disponivel-para-apoiar-ao-malawi-na-reconstrucao-da-linha-ferrea-3\/\",\"url\":\"https:\/\/www.cfm.co.mz\/2021\/12\/19\/cfm-disponivel-para-apoiar-ao-malawi-na-reconstrucao-da-linha-ferrea-3\/\",\"name\":\"CFM dispon\u00edvel para apoiar ao Malawi na reconstru\u00e7\u00e3o da Linha F\u00e9rrea - CFM - Caminhos De Ferros de Mo\u00e7ambique\",\"isPartOf\":{\"@id\":\"https:\/\/www.cfm.co.mz\/#website\"},\"primaryImageOfPage\":{\"@id\":\"https:\/\/www.cfm.co.mz\/2021\/12\/19\/cfm-disponivel-para-apoiar-ao-malawi-na-reconstrucao-da-linha-ferrea-3\/#primaryimage\"},\"image\":{\"@id\":\"https:\/\/www.cfm.co.mz\/2021\/12\/19\/cfm-disponivel-para-apoiar-ao-malawi-na-reconstrucao-da-linha-ferrea-3\/#primaryimage\"},\"thumbnailUrl\":\"https:\/\/www.cfm.co.mz\/wp-content\/uploads\/2021\/12\/Linha_Ferrea_Mocambique_Malawi_2021_1.jpeg\",\"datePublished\":\"2021-12-19T16:41:10+00:00\",\"breadcrumb\":{\"@id\":\"https:\/\/www.cfm.co.mz\/2021\/12\/19\/cfm-disponivel-para-apoiar-ao-malawi-na-reconstrucao-da-linha-ferrea-3\/#breadcrumb\"},\"inLanguage\":\"en-US\",\"potentialAction\":[{\"@type\":\"ReadAction\",\"target\":[\"https:\/\/www.cfm.co.mz\/2021\/12\/19\/cfm-disponivel-para-apoiar-ao-malawi-na-reconstrucao-da-linha-ferrea-3\/\"]}]},{\"@type\":\"ImageObject\",\"inLanguage\":\"en-US\",\"@id\":\"https:\/\/www.cfm.co.mz\/2021\/12\/19\/cfm-disponivel-para-apoiar-ao-malawi-na-reconstrucao-da-linha-ferrea-3\/#primaryimage\",\"url\":\"https:\/\/www.cfm.co.mz\/wp-content\/uploads\/2021\/12\/Linha_Ferrea_Mocambique_Malawi_2021_1.jpeg\",\"contentUrl\":\"https:\/\/www.cfm.co.mz\/wp-content\/uploads\/2021\/12\/Linha_Ferrea_Mocambique_Malawi_2021_1.jpeg\",\"width\":768,\"height\":512,\"caption\":\"Linha F\u00e9rrea Mo\u00e7ambique Malawi 2021 1\"},{\"@type\":\"BreadcrumbList\",\"@id\":\"https:\/\/www.cfm.co.mz\/2021\/12\/19\/cfm-disponivel-para-apoiar-ao-malawi-na-reconstrucao-da-linha-ferrea-3\/#breadcrumb\",\"itemListElement\":[{\"@type\":\"ListItem\",\"position\":1,\"name\":\"Home\",\"item\":\"https:\/\/www.cfm.co.mz\/\"},{\"@type\":\"ListItem\",\"position\":2,\"name\":\"CFM dispon\u00edvel para apoiar ao Malawi na reconstru\u00e7\u00e3o da Linha F\u00e9rrea\"}]},{\"@type\":\"WebSite\",\"@id\":\"https:\/\/www.cfm.co.mz\/#website\",\"url\":\"https:\/\/www.cfm.co.mz\/\",\"name\":\"CFM - Caminhos De Ferros de Mo\u00e7ambique\",\"description\":\"Ampliando Horizontes\",\"publisher\":{\"@id\":\"https:\/\/www.cfm.co.mz\/#organization\"},\"potentialAction\":[{\"@type\":\"SearchAction\",\"target\":{\"@type\":\"EntryPoint\",\"urlTemplate\":\"https:\/\/www.cfm.co.mz\/?s={search_term_string}\"},\"query-input\":{\"@type\":\"PropertyValueSpecification\",\"valueRequired\":true,\"valueName\":\"search_term_string\"}}],\"inLanguage\":\"en-US\"},{\"@type\":\"Organization\",\"@id\":\"https:\/\/www.cfm.co.mz\/#organization\",\"name\":\"CFM - Caminhos De Ferros de Mo\u00e7ambique\",\"url\":\"https:\/\/www.cfm.co.mz\/\",\"logo\":{\"@type\":\"ImageObject\",\"inLanguage\":\"en-US\",\"@id\":\"https:\/\/www.cfm.co.mz\/#\/schema\/logo\/image\/\",\"url\":\"https:\/\/www.cfm.co.mz\/wp-content\/uploads\/2025\/07\/be5f0679-4f5b-4d02-9719-a26ceed29162.jpg\",\"contentUrl\":\"https:\/\/www.cfm.co.mz\/wp-content\/uploads\/2025\/07\/be5f0679-4f5b-4d02-9719-a26ceed29162.jpg\",\"width\":400,\"height\":65,\"caption\":\"CFM - Caminhos De Ferros de Mo\u00e7ambique\"},\"image\":{\"@id\":\"https:\/\/www.cfm.co.mz\/#\/schema\/logo\/image\/\"},\"sameAs\":[\"https:\/\/www.facebook.com\/CFMMoz\",\"https:\/\/www.linkedin.com\/company\/caminhos-de-ferro-de-moambique\/\"]},{\"@type\":\"Person\",\"@id\":\"https:\/\/www.cfm.co.mz\/#\/schema\/person\/1bb663f3c59dc61900f6f9b1c2b53552\",\"name\":\"D\u00e9rcio Badru\",\"image\":{\"@type\":\"ImageObject\",\"inLanguage\":\"en-US\",\"@id\":\"https:\/\/www.cfm.co.mz\/#\/schema\/person\/image\/\",\"url\":\"https:\/\/www.cfm.co.mz\/wp-content\/litespeed\/avatar\/be89d6955942d7259ef76de4577d21b3.jpg?ver=1777454359\",\"contentUrl\":\"https:\/\/www.cfm.co.mz\/wp-content\/litespeed\/avatar\/be89d6955942d7259ef76de4577d21b3.jpg?ver=1777454359\",\"caption\":\"D\u00e9rcio Badru\"},\"url\":\"https:\/\/www.cfm.co.mz\/en\/author\/dercio\/\"}]}<\/script>\n<!-- \/ Yoast SEO plugin. -->","yoast_head_json":{"title":"CFM dispon\u00edvel para apoiar ao Malawi na reconstru\u00e7\u00e3o da Linha F\u00e9rrea - CFM - Caminhos De Ferros de Mo\u00e7ambique","robots":{"index":"index","follow":"follow","max-snippet":"max-snippet:-1","max-image-preview":"max-image-preview:large","max-video-preview":"max-video-preview:-1"},"canonical":"https:\/\/www.cfm.co.mz\/en\/2021\/12\/19\/cfm-disponivel-para-apoiar-ao-malawi-na-reconstrucao-da-linha-ferrea-3\/","og_locale":"en_US","og_type":"article","og_title":"CFM dispon\u00edvel para apoiar ao Malawi na reconstru\u00e7\u00e3o da Linha F\u00e9rrea - CFM - Caminhos De Ferros de Mo\u00e7ambique","og_description":"A Empresa Portos e Caminhos de Ferro de Mo\u00e7ambique (CFM) est\u00e1 dispon\u00edvel para apoiar \u00e0 sua cong\u00e9nere do Malawi \u2013 a Malawi Railways (MR94) &#8211; na viabiliza\u00e7\u00e3o do projecto de reconstru\u00e7\u00e3o da Linha F\u00e9rrea, do lado do Malawi, a partir da Vila Nova da Fronteira. A garantia foi dada pelo Presidente do Conselho de Administra\u00e7\u00e3o do CFM, Eng. Miguel Matabel, que chefiou uma delega\u00e7\u00e3o da Empresa CFM que se deslocou \u00e0quele Pa\u00eds no passado dia 14 de Dezembro. Do encontro havido em Marka, junto \u00e0 fronteira com Mo\u00e7ambique, foram apresentadas duas solu\u00e7\u00f5es: i) Reconstru\u00e7\u00e3o de cerca de 1km de Linha e Constru\u00e7\u00e3o de um Porto Seco na fronteira, em Marka, do lado do Malawi e, ii) Reconstru\u00e7\u00e3o de Linha a partir de Marka at\u00e9 Nsanje (cerca de 26 km) considerando as infraestruturas j\u00e1 existentes, como o Porto Seco, banca e telecomunica\u00e7\u00f5es.","og_url":"https:\/\/www.cfm.co.mz\/en\/2021\/12\/19\/cfm-disponivel-para-apoiar-ao-malawi-na-reconstrucao-da-linha-ferrea-3\/","og_site_name":"CFM - Caminhos De Ferros de Mo\u00e7ambique","article_publisher":"https:\/\/www.facebook.com\/CFMMoz","article_published_time":"2021-12-19T16:41:10+00:00","og_image":[{"width":768,"height":512,"url":"https:\/\/www.cfm.co.mz\/wp-content\/uploads\/2021\/12\/Linha_Ferrea_Mocambique_Malawi_2021_1.jpeg","type":"image\/jpeg"}],"author":"D\u00e9rcio Badru","twitter_card":"summary_large_image","twitter_misc":{"Written by":"D\u00e9rcio Badru","Est. reading time":"3 minutes"},"schema":{"@context":"https:\/\/schema.org","@graph":[{"@type":"Article","@id":"https:\/\/www.cfm.co.mz\/2021\/12\/19\/cfm-disponivel-para-apoiar-ao-malawi-na-reconstrucao-da-linha-ferrea-3\/#article","isPartOf":{"@id":"https:\/\/www.cfm.co.mz\/2021\/12\/19\/cfm-disponivel-para-apoiar-ao-malawi-na-reconstrucao-da-linha-ferrea-3\/"},"author":{"name":"D\u00e9rcio Badru","@id":"https:\/\/www.cfm.co.mz\/#\/schema\/person\/1bb663f3c59dc61900f6f9b1c2b53552"},"headline":"CFM dispon\u00edvel para apoiar ao Malawi na reconstru\u00e7\u00e3o da Linha F\u00e9rrea","datePublished":"2021-12-19T16:41:10+00:00","mainEntityOfPage":{"@id":"https:\/\/www.cfm.co.mz\/2021\/12\/19\/cfm-disponivel-para-apoiar-ao-malawi-na-reconstrucao-da-linha-ferrea-3\/"},"wordCount":528,"commentCount":0,"publisher":{"@id":"https:\/\/www.cfm.co.mz\/#organization"},"image":{"@id":"https:\/\/www.cfm.co.mz\/2021\/12\/19\/cfm-disponivel-para-apoiar-ao-malawi-na-reconstrucao-da-linha-ferrea-3\/#primaryimage"},"thumbnailUrl":"https:\/\/www.cfm.co.mz\/wp-content\/uploads\/2021\/12\/Linha_Ferrea_Mocambique_Malawi_2021_1.jpeg","articleSection":["Noticias"],"inLanguage":"en-US","potentialAction":[{"@type":"CommentAction","name":"Comment","target":["https:\/\/www.cfm.co.mz\/2021\/12\/19\/cfm-disponivel-para-apoiar-ao-malawi-na-reconstrucao-da-linha-ferrea-3\/#respond"]}]},{"@type":"WebPage","@id":"https:\/\/www.cfm.co.mz\/2021\/12\/19\/cfm-disponivel-para-apoiar-ao-malawi-na-reconstrucao-da-linha-ferrea-3\/","url":"https:\/\/www.cfm.co.mz\/2021\/12\/19\/cfm-disponivel-para-apoiar-ao-malawi-na-reconstrucao-da-linha-ferrea-3\/","name":"CFM dispon\u00edvel para apoiar ao Malawi na reconstru\u00e7\u00e3o da Linha F\u00e9rrea - CFM - Caminhos De Ferros de Mo\u00e7ambique","isPartOf":{"@id":"https:\/\/www.cfm.co.mz\/#website"},"primaryImageOfPage":{"@id":"https:\/\/www.cfm.co.mz\/2021\/12\/19\/cfm-disponivel-para-apoiar-ao-malawi-na-reconstrucao-da-linha-ferrea-3\/#primaryimage"},"image":{"@id":"https:\/\/www.cfm.co.mz\/2021\/12\/19\/cfm-disponivel-para-apoiar-ao-malawi-na-reconstrucao-da-linha-ferrea-3\/#primaryimage"},"thumbnailUrl":"https:\/\/www.cfm.co.mz\/wp-content\/uploads\/2021\/12\/Linha_Ferrea_Mocambique_Malawi_2021_1.jpeg","datePublished":"2021-12-19T16:41:10+00:00","breadcrumb":{"@id":"https:\/\/www.cfm.co.mz\/2021\/12\/19\/cfm-disponivel-para-apoiar-ao-malawi-na-reconstrucao-da-linha-ferrea-3\/#breadcrumb"},"inLanguage":"en-US","potentialAction":[{"@type":"ReadAction","target":["https:\/\/www.cfm.co.mz\/2021\/12\/19\/cfm-disponivel-para-apoiar-ao-malawi-na-reconstrucao-da-linha-ferrea-3\/"]}]},{"@type":"ImageObject","inLanguage":"en-US","@id":"https:\/\/www.cfm.co.mz\/2021\/12\/19\/cfm-disponivel-para-apoiar-ao-malawi-na-reconstrucao-da-linha-ferrea-3\/#primaryimage","url":"https:\/\/www.cfm.co.mz\/wp-content\/uploads\/2021\/12\/Linha_Ferrea_Mocambique_Malawi_2021_1.jpeg","contentUrl":"https:\/\/www.cfm.co.mz\/wp-content\/uploads\/2021\/12\/Linha_Ferrea_Mocambique_Malawi_2021_1.jpeg","width":768,"height":512,"caption":"Linha F\u00e9rrea Mo\u00e7ambique Malawi 2021 1"},{"@type":"BreadcrumbList","@id":"https:\/\/www.cfm.co.mz\/2021\/12\/19\/cfm-disponivel-para-apoiar-ao-malawi-na-reconstrucao-da-linha-ferrea-3\/#breadcrumb","itemListElement":[{"@type":"ListItem","position":1,"name":"Home","item":"https:\/\/www.cfm.co.mz\/"},{"@type":"ListItem","position":2,"name":"CFM dispon\u00edvel para apoiar ao Malawi na reconstru\u00e7\u00e3o da Linha F\u00e9rrea"}]},{"@type":"WebSite","@id":"https:\/\/www.cfm.co.mz\/#website","url":"https:\/\/www.cfm.co.mz\/","name":"CFM - Caminhos De Ferros de Mo\u00e7ambique","description":"Ampliando Horizontes","publisher":{"@id":"https:\/\/www.cfm.co.mz\/#organization"},"potentialAction":[{"@type":"SearchAction","target":{"@type":"EntryPoint","urlTemplate":"https:\/\/www.cfm.co.mz\/?s={search_term_string}"},"query-input":{"@type":"PropertyValueSpecification","valueRequired":true,"valueName":"search_term_string"}}],"inLanguage":"en-US"},{"@type":"Organization","@id":"https:\/\/www.cfm.co.mz\/#organization","name":"CFM - Caminhos De Ferros de Mo\u00e7ambique","url":"https:\/\/www.cfm.co.mz\/","logo":{"@type":"ImageObject","inLanguage":"en-US","@id":"https:\/\/www.cfm.co.mz\/#\/schema\/logo\/image\/","url":"https:\/\/www.cfm.co.mz\/wp-content\/uploads\/2025\/07\/be5f0679-4f5b-4d02-9719-a26ceed29162.jpg","contentUrl":"https:\/\/www.cfm.co.mz\/wp-content\/uploads\/2025\/07\/be5f0679-4f5b-4d02-9719-a26ceed29162.jpg","width":400,"height":65,"caption":"CFM - Caminhos De Ferros de Mo\u00e7ambique"},"image":{"@id":"https:\/\/www.cfm.co.mz\/#\/schema\/logo\/image\/"},"sameAs":["https:\/\/www.facebook.com\/CFMMoz","https:\/\/www.linkedin.com\/company\/caminhos-de-ferro-de-moambique\/"]},{"@type":"Person","@id":"https:\/\/www.cfm.co.mz\/#\/schema\/person\/1bb663f3c59dc61900f6f9b1c2b53552","name":"D\u00e9rcio Badru","image":{"@type":"ImageObject","inLanguage":"en-US","@id":"https:\/\/www.cfm.co.mz\/#\/schema\/person\/image\/","url":"https:\/\/www.cfm.co.mz\/wp-content\/litespeed\/avatar\/be89d6955942d7259ef76de4577d21b3.jpg?ver=1777454359","contentUrl":"https:\/\/www.cfm.co.mz\/wp-content\/litespeed\/avatar\/be89d6955942d7259ef76de4577d21b3.jpg?ver=1777454359","caption":"D\u00e9rcio Badru"},"url":"https:\/\/www.cfm.co.mz\/en\/author\/dercio\/"}]}},"_links":{"self":[{"href":"https:\/\/www.cfm.co.mz\/en\/wp-json\/wp\/v2\/posts\/9422","targetHints":{"allow":["GET"]}}],"collection":[{"href":"https:\/\/www.cfm.co.mz\/en\/wp-json\/wp\/v2\/posts"}],"about":[{"href":"https:\/\/www.cfm.co.mz\/en\/wp-json\/wp\/v2\/types\/post"}],"author":[{"embeddable":true,"href":"https:\/\/www.cfm.co.mz\/en\/wp-json\/wp\/v2\/users\/94"}],"replies":[{"embeddable":true,"href":"https:\/\/www.cfm.co.mz\/en\/wp-json\/wp\/v2\/comments?post=9422"}],"version-history":[{"count":0,"href":"https:\/\/www.cfm.co.mz\/en\/wp-json\/wp\/v2\/posts\/9422\/revisions"}],"wp:featuredmedia":[{"embeddable":true,"href":"https:\/\/www.cfm.co.mz\/en\/wp-json\/wp\/v2\/media\/9399"}],"wp:attachment":[{"href":"https:\/\/www.cfm.co.mz\/en\/wp-json\/wp\/v2\/media?parent=9422"}],"wp:term":[{"taxonomy":"category","embeddable":true,"href":"https:\/\/www.cfm.co.mz\/en\/wp-json\/wp\/v2\/categories?post=9422"},{"taxonomy":"post_tag","embeddable":true,"href":"https:\/\/www.cfm.co.mz\/en\/wp-json\/wp\/v2\/tags?post=9422"}],"curies":[{"name":"wp","href":"https:\/\/api.w.org\/{rel}","templated":true}]}}