{"id":9408,"date":"2022-02-22T13:14:12","date_gmt":"2022-02-22T13:14:12","guid":{"rendered":"https:\/\/www.cfm.co.mz\/2022\/02\/22\/comunicado-retomada-de-comboios-de-passageiros-de-longo-curso-ii-fase\/"},"modified":"2022-02-22T13:14:12","modified_gmt":"2022-02-22T13:14:12","slug":"comunicado-retomada-de-comboios-de-passageiros-de-longo-curso-ii-fase","status":"publish","type":"post","link":"https:\/\/www.cfm.co.mz\/en\/2022\/02\/22\/comunicado-retomada-de-comboios-de-passageiros-de-longo-curso-ii-fase\/","title":{"rendered":"Comunicado &#8211; Retomada de Comboios de Passageiros de Longo Curso &#8211; II Fase"},"content":{"rendered":"<p style=\"text-align: justify;\"><strong>RETOMADA DE COMBOIOS DE PASSAGEIROS DE LONGO CURSO- II FASE<\/strong><\/p>\n<p style=\"text-align: justify;\">A Empresa Portos e Caminhos de Ferro de Mo\u00e7ambique (CFM) comunica aos seus Estimados Passageiros e ao P\u00fablico em geral, que, a partir do pr\u00f3ximo <span style=\"text-decoration: underline;\"><strong>dia 02 de Mar\u00e7o de 2022<\/strong><\/span>, ser\u00e3o retomados os seguintes comboios de passageiros de longo curso:<\/p>\n<p><span style=\"text-decoration: underline;\"><strong>Sistema Ferrovi\u00e1rio Sul<\/strong><\/span><\/p>\n<p>\u2022 Maputo &#8211; Ressano Garcia (Linha de Ressano Garcia)<br \/>\u2022 Maputo &#8211; Ch\u00f3kwe (Linha de Limpopo)<\/p>\n<p><span style=\"text-decoration: underline;\"><strong>Sistema Ferrovi\u00e1rio Centro<\/strong><\/span><\/p>\n<p>\u2022 Beira &#8211; Marromeu (Linha de Sena)<\/p>\n<p>A informa\u00e7\u00e3o sobre os hor\u00e1rios desses comboios estar\u00e1 afixada junto \u00e0s Bilheteiras das Esta\u00e7\u00f5es dos locais acima mencionados.<\/p>\n<p>Aproveitamos para reiterar aos Estimados Passageiros para que adquiram as passagens com maior anteced\u00eancia poss\u00edvel, de modo a evitar aglomera\u00e7\u00f5es desnecess\u00e1rias. As Bilheteiras est\u00e3o sempre abertas. <span style=\"text-decoration: underline;\"><strong>O passageiro que n\u00e3o tiver bilhete, n\u00e3o vale a pena fazer-se presente \u00e0 Esta\u00e7\u00e3o para tomar o comboio porque&#8230;<\/strong><\/span><\/p>\n<p><a href=\"http:\/\/www.cfm.co.mz\/wp-content\/uploads\/2022\/02\/Comunicado-_Retomada_de_Comboio_de_Passageiros_de_Longo_Curso_-_II_Fase.pdf\" target=\"_blank\" rel=\"noopener\">Clique aqui para ler na \u00edntegra<\/a><\/p>","protected":false},"excerpt":{"rendered":"<p>RETOMADA DE COMBOIOS DE PASSAGEIROS DE LONGO CURSO- II FASE A Empresa Portos e Caminhos de Ferro de Mo\u00e7ambique (CFM) comunica aos seus Estimados Passageiros e ao P\u00fablico em geral, que, a partir do pr\u00f3ximo dia 02 de Mar\u00e7o de 2022, ser\u00e3o retomados os seguintes comboios de passageiros de longo curso: Sistema Ferrovi\u00e1rio Sul \u2022 Maputo &#8211; Ressano Garcia (Linha de Ressano Garcia)\u2022 Maputo &#8211; Ch\u00f3kwe (Linha de Limpopo) Sistema Ferrovi\u00e1rio Centro \u2022 Beira &#8211; Marromeu (Linha de Sena) A informa\u00e7\u00e3o sobre os hor\u00e1rios desses comboios estar\u00e1 afixada junto \u00e0s Bilheteiras das Esta\u00e7\u00f5es dos locais acima mencionados. Aproveitamos para reiterar aos Estimados Passageiros para que adquiram as passagens com maior anteced\u00eancia poss\u00edvel, de modo a evitar aglomera\u00e7\u00f5es desnecess\u00e1rias. As Bilheteiras est\u00e3o sempre abertas. O passageiro que n\u00e3o tiver bilhete, n\u00e3o vale a pena fazer-se presente \u00e0 Esta\u00e7\u00e3o para tomar o comboio porque&#8230; Clique aqui para ler na \u00edntegra<\/p>","protected":false},"author":94,"featured_media":0,"comment_status":"open","ping_status":"open","sticky":false,"template":"","format":"standard","meta":{"_acf_changed":false,"pgc_sgb_lightbox_settings":"","footnotes":""},"categories":[1],"tags":[],"class_list":["post-9408","post","type-post","status-publish","format-standard","hentry","category-uncategorized"],"acf":[],"yoast_head":"<!-- This site is optimized with the Yoast SEO plugin v26.5 - https:\/\/yoast.com\/wordpress\/plugins\/seo\/ -->\n<title>Comunicado - Retomada de Comboios de Passageiros de Longo Curso - II Fase - CFM - Caminhos De Ferros de Mo\u00e7ambique<\/title>\n<meta name=\"robots\" content=\"index, follow, max-snippet:-1, max-image-preview:large, max-video-preview:-1\" \/>\n<link rel=\"canonical\" href=\"https:\/\/www.cfm.co.mz\/en\/2022\/02\/22\/comunicado-retomada-de-comboios-de-passageiros-de-longo-curso-ii-fase\/\" \/>\n<meta property=\"og:locale\" content=\"en_US\" \/>\n<meta property=\"og:type\" content=\"article\" \/>\n<meta property=\"og:title\" content=\"Comunicado - Retomada de Comboios de Passageiros de Longo Curso - II Fase - CFM - Caminhos De Ferros de Mo\u00e7ambique\" \/>\n<meta property=\"og:description\" content=\"RETOMADA DE COMBOIOS DE PASSAGEIROS DE LONGO CURSO- II FASE A Empresa Portos e Caminhos de Ferro de Mo\u00e7ambique (CFM) comunica aos seus Estimados Passageiros e ao P\u00fablico em geral, que, a partir do pr\u00f3ximo dia 02 de Mar\u00e7o de 2022, ser\u00e3o retomados os seguintes comboios de passageiros de longo curso: Sistema Ferrovi\u00e1rio Sul \u2022 Maputo &#8211; Ressano Garcia (Linha de Ressano Garcia)\u2022 Maputo &#8211; Ch\u00f3kwe (Linha de Limpopo) Sistema Ferrovi\u00e1rio Centro \u2022 Beira &#8211; Marromeu (Linha de Sena) A informa\u00e7\u00e3o sobre os hor\u00e1rios desses comboios estar\u00e1 afixada junto \u00e0s Bilheteiras das Esta\u00e7\u00f5es dos locais acima mencionados. Aproveitamos para reiterar aos Estimados Passageiros para que adquiram as passagens com maior anteced\u00eancia poss\u00edvel, de modo a evitar aglomera\u00e7\u00f5es desnecess\u00e1rias. As Bilheteiras est\u00e3o sempre abertas. O passageiro que n\u00e3o tiver bilhete, n\u00e3o vale a pena fazer-se presente \u00e0 Esta\u00e7\u00e3o para tomar o comboio porque&#8230; Clique aqui para ler na \u00edntegra\" \/>\n<meta property=\"og:url\" content=\"https:\/\/www.cfm.co.mz\/en\/2022\/02\/22\/comunicado-retomada-de-comboios-de-passageiros-de-longo-curso-ii-fase\/\" \/>\n<meta property=\"og:site_name\" content=\"CFM - Caminhos De Ferros de Mo\u00e7ambique\" \/>\n<meta property=\"article:publisher\" content=\"https:\/\/www.facebook.com\/CFMMoz\" \/>\n<meta property=\"article:published_time\" content=\"2022-02-22T13:14:12+00:00\" \/>\n<meta name=\"author\" content=\"D\u00e9rcio Badru\" \/>\n<meta name=\"twitter:card\" content=\"summary_large_image\" \/>\n<meta name=\"twitter:label1\" content=\"Written by\" \/>\n\t<meta name=\"twitter:data1\" content=\"D\u00e9rcio Badru\" \/>\n\t<meta name=\"twitter:label2\" content=\"Est. reading time\" \/>\n\t<meta name=\"twitter:data2\" content=\"1 minute\" \/>\n<script type=\"application\/ld+json\" class=\"yoast-schema-graph\">{\"@context\":\"https:\/\/schema.org\",\"@graph\":[{\"@type\":\"Article\",\"@id\":\"https:\/\/www.cfm.co.mz\/2022\/02\/22\/comunicado-retomada-de-comboios-de-passageiros-de-longo-curso-ii-fase\/#article\",\"isPartOf\":{\"@id\":\"https:\/\/www.cfm.co.mz\/2022\/02\/22\/comunicado-retomada-de-comboios-de-passageiros-de-longo-curso-ii-fase\/\"},\"author\":{\"name\":\"D\u00e9rcio Badru\",\"@id\":\"https:\/\/www.cfm.co.mz\/#\/schema\/person\/1bb663f3c59dc61900f6f9b1c2b53552\"},\"headline\":\"Comunicado &#8211; Retomada de Comboios de Passageiros de Longo Curso &#8211; II Fase\",\"datePublished\":\"2022-02-22T13:14:12+00:00\",\"mainEntityOfPage\":{\"@id\":\"https:\/\/www.cfm.co.mz\/2022\/02\/22\/comunicado-retomada-de-comboios-de-passageiros-de-longo-curso-ii-fase\/\"},\"wordCount\":175,\"commentCount\":0,\"publisher\":{\"@id\":\"https:\/\/www.cfm.co.mz\/#organization\"},\"inLanguage\":\"en-US\",\"potentialAction\":[{\"@type\":\"CommentAction\",\"name\":\"Comment\",\"target\":[\"https:\/\/www.cfm.co.mz\/2022\/02\/22\/comunicado-retomada-de-comboios-de-passageiros-de-longo-curso-ii-fase\/#respond\"]}]},{\"@type\":\"WebPage\",\"@id\":\"https:\/\/www.cfm.co.mz\/2022\/02\/22\/comunicado-retomada-de-comboios-de-passageiros-de-longo-curso-ii-fase\/\",\"url\":\"https:\/\/www.cfm.co.mz\/2022\/02\/22\/comunicado-retomada-de-comboios-de-passageiros-de-longo-curso-ii-fase\/\",\"name\":\"Comunicado - Retomada de Comboios de Passageiros de Longo Curso - II Fase - CFM - Caminhos De Ferros de Mo\u00e7ambique\",\"isPartOf\":{\"@id\":\"https:\/\/www.cfm.co.mz\/#website\"},\"datePublished\":\"2022-02-22T13:14:12+00:00\",\"breadcrumb\":{\"@id\":\"https:\/\/www.cfm.co.mz\/2022\/02\/22\/comunicado-retomada-de-comboios-de-passageiros-de-longo-curso-ii-fase\/#breadcrumb\"},\"inLanguage\":\"en-US\",\"potentialAction\":[{\"@type\":\"ReadAction\",\"target\":[\"https:\/\/www.cfm.co.mz\/2022\/02\/22\/comunicado-retomada-de-comboios-de-passageiros-de-longo-curso-ii-fase\/\"]}]},{\"@type\":\"BreadcrumbList\",\"@id\":\"https:\/\/www.cfm.co.mz\/2022\/02\/22\/comunicado-retomada-de-comboios-de-passageiros-de-longo-curso-ii-fase\/#breadcrumb\",\"itemListElement\":[{\"@type\":\"ListItem\",\"position\":1,\"name\":\"Home\",\"item\":\"https:\/\/www.cfm.co.mz\/\"},{\"@type\":\"ListItem\",\"position\":2,\"name\":\"Comunicado &#8211; Retomada de Comboios de Passageiros de Longo Curso &#8211; II Fase\"}]},{\"@type\":\"WebSite\",\"@id\":\"https:\/\/www.cfm.co.mz\/#website\",\"url\":\"https:\/\/www.cfm.co.mz\/\",\"name\":\"CFM - Caminhos De Ferros de Mo\u00e7ambique\",\"description\":\"Ampliando Horizontes\",\"publisher\":{\"@id\":\"https:\/\/www.cfm.co.mz\/#organization\"},\"potentialAction\":[{\"@type\":\"SearchAction\",\"target\":{\"@type\":\"EntryPoint\",\"urlTemplate\":\"https:\/\/www.cfm.co.mz\/?s={search_term_string}\"},\"query-input\":{\"@type\":\"PropertyValueSpecification\",\"valueRequired\":true,\"valueName\":\"search_term_string\"}}],\"inLanguage\":\"en-US\"},{\"@type\":\"Organization\",\"@id\":\"https:\/\/www.cfm.co.mz\/#organization\",\"name\":\"CFM - Caminhos De Ferros de Mo\u00e7ambique\",\"url\":\"https:\/\/www.cfm.co.mz\/\",\"logo\":{\"@type\":\"ImageObject\",\"inLanguage\":\"en-US\",\"@id\":\"https:\/\/www.cfm.co.mz\/#\/schema\/logo\/image\/\",\"url\":\"https:\/\/www.cfm.co.mz\/wp-content\/uploads\/2025\/07\/be5f0679-4f5b-4d02-9719-a26ceed29162.jpg\",\"contentUrl\":\"https:\/\/www.cfm.co.mz\/wp-content\/uploads\/2025\/07\/be5f0679-4f5b-4d02-9719-a26ceed29162.jpg\",\"width\":400,\"height\":65,\"caption\":\"CFM - Caminhos De Ferros de Mo\u00e7ambique\"},\"image\":{\"@id\":\"https:\/\/www.cfm.co.mz\/#\/schema\/logo\/image\/\"},\"sameAs\":[\"https:\/\/www.facebook.com\/CFMMoz\",\"https:\/\/www.linkedin.com\/company\/caminhos-de-ferro-de-moambique\/\"]},{\"@type\":\"Person\",\"@id\":\"https:\/\/www.cfm.co.mz\/#\/schema\/person\/1bb663f3c59dc61900f6f9b1c2b53552\",\"name\":\"D\u00e9rcio Badru\",\"image\":{\"@type\":\"ImageObject\",\"inLanguage\":\"en-US\",\"@id\":\"https:\/\/www.cfm.co.mz\/#\/schema\/person\/image\/\",\"url\":\"https:\/\/www.cfm.co.mz\/wp-content\/litespeed\/avatar\/be89d6955942d7259ef76de4577d21b3.jpg?ver=1777454359\",\"contentUrl\":\"https:\/\/www.cfm.co.mz\/wp-content\/litespeed\/avatar\/be89d6955942d7259ef76de4577d21b3.jpg?ver=1777454359\",\"caption\":\"D\u00e9rcio Badru\"},\"url\":\"https:\/\/www.cfm.co.mz\/en\/author\/dercio\/\"}]}<\/script>\n<!-- \/ Yoast SEO plugin. -->","yoast_head_json":{"title":"Comunicado - Retomada de Comboios de Passageiros de Longo Curso - II Fase - CFM - Caminhos De Ferros de Mo\u00e7ambique","robots":{"index":"index","follow":"follow","max-snippet":"max-snippet:-1","max-image-preview":"max-image-preview:large","max-video-preview":"max-video-preview:-1"},"canonical":"https:\/\/www.cfm.co.mz\/en\/2022\/02\/22\/comunicado-retomada-de-comboios-de-passageiros-de-longo-curso-ii-fase\/","og_locale":"en_US","og_type":"article","og_title":"Comunicado - Retomada de Comboios de Passageiros de Longo Curso - II Fase - CFM - Caminhos De Ferros de Mo\u00e7ambique","og_description":"RETOMADA DE COMBOIOS DE PASSAGEIROS DE LONGO CURSO- II FASE A Empresa Portos e Caminhos de Ferro de Mo\u00e7ambique (CFM) comunica aos seus Estimados Passageiros e ao P\u00fablico em geral, que, a partir do pr\u00f3ximo dia 02 de Mar\u00e7o de 2022, ser\u00e3o retomados os seguintes comboios de passageiros de longo curso: Sistema Ferrovi\u00e1rio Sul \u2022 Maputo &#8211; Ressano Garcia (Linha de Ressano Garcia)\u2022 Maputo &#8211; Ch\u00f3kwe (Linha de Limpopo) Sistema Ferrovi\u00e1rio Centro \u2022 Beira &#8211; Marromeu (Linha de Sena) A informa\u00e7\u00e3o sobre os hor\u00e1rios desses comboios estar\u00e1 afixada junto \u00e0s Bilheteiras das Esta\u00e7\u00f5es dos locais acima mencionados. Aproveitamos para reiterar aos Estimados Passageiros para que adquiram as passagens com maior anteced\u00eancia poss\u00edvel, de modo a evitar aglomera\u00e7\u00f5es desnecess\u00e1rias. As Bilheteiras est\u00e3o sempre abertas. O passageiro que n\u00e3o tiver bilhete, n\u00e3o vale a pena fazer-se presente \u00e0 Esta\u00e7\u00e3o para tomar o comboio porque&#8230; Clique aqui para ler na \u00edntegra","og_url":"https:\/\/www.cfm.co.mz\/en\/2022\/02\/22\/comunicado-retomada-de-comboios-de-passageiros-de-longo-curso-ii-fase\/","og_site_name":"CFM - Caminhos De Ferros de Mo\u00e7ambique","article_publisher":"https:\/\/www.facebook.com\/CFMMoz","article_published_time":"2022-02-22T13:14:12+00:00","author":"D\u00e9rcio Badru","twitter_card":"summary_large_image","twitter_misc":{"Written by":"D\u00e9rcio Badru","Est. reading time":"1 minute"},"schema":{"@context":"https:\/\/schema.org","@graph":[{"@type":"Article","@id":"https:\/\/www.cfm.co.mz\/2022\/02\/22\/comunicado-retomada-de-comboios-de-passageiros-de-longo-curso-ii-fase\/#article","isPartOf":{"@id":"https:\/\/www.cfm.co.mz\/2022\/02\/22\/comunicado-retomada-de-comboios-de-passageiros-de-longo-curso-ii-fase\/"},"author":{"name":"D\u00e9rcio Badru","@id":"https:\/\/www.cfm.co.mz\/#\/schema\/person\/1bb663f3c59dc61900f6f9b1c2b53552"},"headline":"Comunicado &#8211; Retomada de Comboios de Passageiros de Longo Curso &#8211; II Fase","datePublished":"2022-02-22T13:14:12+00:00","mainEntityOfPage":{"@id":"https:\/\/www.cfm.co.mz\/2022\/02\/22\/comunicado-retomada-de-comboios-de-passageiros-de-longo-curso-ii-fase\/"},"wordCount":175,"commentCount":0,"publisher":{"@id":"https:\/\/www.cfm.co.mz\/#organization"},"inLanguage":"en-US","potentialAction":[{"@type":"CommentAction","name":"Comment","target":["https:\/\/www.cfm.co.mz\/2022\/02\/22\/comunicado-retomada-de-comboios-de-passageiros-de-longo-curso-ii-fase\/#respond"]}]},{"@type":"WebPage","@id":"https:\/\/www.cfm.co.mz\/2022\/02\/22\/comunicado-retomada-de-comboios-de-passageiros-de-longo-curso-ii-fase\/","url":"https:\/\/www.cfm.co.mz\/2022\/02\/22\/comunicado-retomada-de-comboios-de-passageiros-de-longo-curso-ii-fase\/","name":"Comunicado - Retomada de Comboios de Passageiros de Longo Curso - II Fase - CFM - Caminhos De Ferros de Mo\u00e7ambique","isPartOf":{"@id":"https:\/\/www.cfm.co.mz\/#website"},"datePublished":"2022-02-22T13:14:12+00:00","breadcrumb":{"@id":"https:\/\/www.cfm.co.mz\/2022\/02\/22\/comunicado-retomada-de-comboios-de-passageiros-de-longo-curso-ii-fase\/#breadcrumb"},"inLanguage":"en-US","potentialAction":[{"@type":"ReadAction","target":["https:\/\/www.cfm.co.mz\/2022\/02\/22\/comunicado-retomada-de-comboios-de-passageiros-de-longo-curso-ii-fase\/"]}]},{"@type":"BreadcrumbList","@id":"https:\/\/www.cfm.co.mz\/2022\/02\/22\/comunicado-retomada-de-comboios-de-passageiros-de-longo-curso-ii-fase\/#breadcrumb","itemListElement":[{"@type":"ListItem","position":1,"name":"Home","item":"https:\/\/www.cfm.co.mz\/"},{"@type":"ListItem","position":2,"name":"Comunicado &#8211; Retomada de Comboios de Passageiros de Longo Curso &#8211; II Fase"}]},{"@type":"WebSite","@id":"https:\/\/www.cfm.co.mz\/#website","url":"https:\/\/www.cfm.co.mz\/","name":"CFM - Caminhos De Ferros de Mo\u00e7ambique","description":"Ampliando Horizontes","publisher":{"@id":"https:\/\/www.cfm.co.mz\/#organization"},"potentialAction":[{"@type":"SearchAction","target":{"@type":"EntryPoint","urlTemplate":"https:\/\/www.cfm.co.mz\/?s={search_term_string}"},"query-input":{"@type":"PropertyValueSpecification","valueRequired":true,"valueName":"search_term_string"}}],"inLanguage":"en-US"},{"@type":"Organization","@id":"https:\/\/www.cfm.co.mz\/#organization","name":"CFM - Caminhos De Ferros de Mo\u00e7ambique","url":"https:\/\/www.cfm.co.mz\/","logo":{"@type":"ImageObject","inLanguage":"en-US","@id":"https:\/\/www.cfm.co.mz\/#\/schema\/logo\/image\/","url":"https:\/\/www.cfm.co.mz\/wp-content\/uploads\/2025\/07\/be5f0679-4f5b-4d02-9719-a26ceed29162.jpg","contentUrl":"https:\/\/www.cfm.co.mz\/wp-content\/uploads\/2025\/07\/be5f0679-4f5b-4d02-9719-a26ceed29162.jpg","width":400,"height":65,"caption":"CFM - Caminhos De Ferros de Mo\u00e7ambique"},"image":{"@id":"https:\/\/www.cfm.co.mz\/#\/schema\/logo\/image\/"},"sameAs":["https:\/\/www.facebook.com\/CFMMoz","https:\/\/www.linkedin.com\/company\/caminhos-de-ferro-de-moambique\/"]},{"@type":"Person","@id":"https:\/\/www.cfm.co.mz\/#\/schema\/person\/1bb663f3c59dc61900f6f9b1c2b53552","name":"D\u00e9rcio Badru","image":{"@type":"ImageObject","inLanguage":"en-US","@id":"https:\/\/www.cfm.co.mz\/#\/schema\/person\/image\/","url":"https:\/\/www.cfm.co.mz\/wp-content\/litespeed\/avatar\/be89d6955942d7259ef76de4577d21b3.jpg?ver=1777454359","contentUrl":"https:\/\/www.cfm.co.mz\/wp-content\/litespeed\/avatar\/be89d6955942d7259ef76de4577d21b3.jpg?ver=1777454359","caption":"D\u00e9rcio Badru"},"url":"https:\/\/www.cfm.co.mz\/en\/author\/dercio\/"}]}},"_links":{"self":[{"href":"https:\/\/www.cfm.co.mz\/en\/wp-json\/wp\/v2\/posts\/9408","targetHints":{"allow":["GET"]}}],"collection":[{"href":"https:\/\/www.cfm.co.mz\/en\/wp-json\/wp\/v2\/posts"}],"about":[{"href":"https:\/\/www.cfm.co.mz\/en\/wp-json\/wp\/v2\/types\/post"}],"author":[{"embeddable":true,"href":"https:\/\/www.cfm.co.mz\/en\/wp-json\/wp\/v2\/users\/94"}],"replies":[{"embeddable":true,"href":"https:\/\/www.cfm.co.mz\/en\/wp-json\/wp\/v2\/comments?post=9408"}],"version-history":[{"count":0,"href":"https:\/\/www.cfm.co.mz\/en\/wp-json\/wp\/v2\/posts\/9408\/revisions"}],"wp:attachment":[{"href":"https:\/\/www.cfm.co.mz\/en\/wp-json\/wp\/v2\/media?parent=9408"}],"wp:term":[{"taxonomy":"category","embeddable":true,"href":"https:\/\/www.cfm.co.mz\/en\/wp-json\/wp\/v2\/categories?post=9408"},{"taxonomy":"post_tag","embeddable":true,"href":"https:\/\/www.cfm.co.mz\/en\/wp-json\/wp\/v2\/tags?post=9408"}],"curies":[{"name":"wp","href":"https:\/\/api.w.org\/{rel}","templated":true}]}}