{"id":9396,"date":"2021-12-10T18:57:59","date_gmt":"2021-12-10T18:57:59","guid":{"rendered":"https:\/\/www.cfm.co.mz\/2021\/12\/10\/pca-do-igepe-visita-a-linha-de-ressano-garcia\/"},"modified":"2021-12-10T18:57:59","modified_gmt":"2021-12-10T18:57:59","slug":"pca-do-igepe-visita-a-linha-de-ressano-garcia","status":"publish","type":"post","link":"https:\/\/www.cfm.co.mz\/en\/2021\/12\/10\/pca-do-igepe-visita-a-linha-de-ressano-garcia\/","title":{"rendered":"PCA do IGEPE visita a Linha de Ressano Garcia"},"content":{"rendered":"<p style=\"text-align: justify;\"><a href=\"http:\/\/www.cfm.co.mz\/wp-content\/uploads\/2021\/12\/Visita_Linha_de_Ressano_Dezembro_2021_2-scaled.jpg\" type=\"image\/jpeg\" class=\"jcepopup zoom-bottom-right\" data-mediabox=\"1\" data-mediabox-width=\"800\" data-mediabox-height=\"600\" data-mediabox-caption=\"PCA do CFM, Eng. Miguel Matabel e Dra. Ana Coanai, PCA do IGEPE, acompanhados por quadros do CFM e do IGEPE, durante a visita \u00e0 Linha de Ressano Garcia\"><img decoding=\"async\" src=\"http:\/\/www.cfm.co.mz\/wp-content\/uploads\/2021\/12\/Visita_Linha_de_Ressano_Dezembro_2021_2-scaled.jpg\" alt=\"Visita Linha de Ressano Dezembro 2021 2\" width=\"250\" height=\"167\" style=\"margin: 10px; float: left;\" \/><\/a>A Presidente do Conselho de Administra\u00e7\u00e3o do IGEPE (Instituto de Gest\u00e3o das Participa\u00e7\u00f5es do Estado), Dra. Ana Coanai efetuou, na manh\u00e3 desta quinta-feira, 9 de Dezembro de 2021, uma visita de trabalho ao CFM, concretamente \u00e0 Linha de Ressano Garcia, com vista a se inteirar do progresso dos trabalhos em curso no \u00e2mbito do Projeto de Duplica\u00e7\u00e3o da Linha de Ressano Garcia, bem como da conclus\u00e3o e in\u00edcio das opera\u00e7\u00f5es do Terminal Aduaneiro de Ressano Garcia.<\/p>\n<p style=\"text-align: justify;\">A visita foi conduzida pelo Presidente do Conselho de Administra\u00e7\u00e3o do CFM, Eng. Miguel Matabel e contou com a presen\u00e7a de Quadros da Empresa e do IGEPE.<\/p>\n<p><!--more--><\/p>\n<p style=\"text-align: justify;\"><a href=\"http:\/\/www.cfm.co.mz\/wp-content\/uploads\/2021\/12\/Visita_Linha_de_Ressano_Dezembro_2021_-scaled.jpg\" type=\"image\/jpeg\" class=\"jcepopup zoom-bottom-right\" data-mediabox=\"1\" data-mediabox-width=\"800\" data-mediabox-height=\"600\" data-mediabox-caption=\"PCA do CFM, Eng. Miguel Matabel e Dra. Ana Coanai, PCA do IGEPE, acompanhados por quadros do CFM e do IGEPE, durante a visita \u00e0 Terminal Aduaneira de Ressano Garcia\"><img decoding=\"async\" src=\"http:\/\/www.cfm.co.mz\/wp-content\/uploads\/2021\/12\/Visita_Linha_de_Ressano_Dezembro_2021_-scaled.jpg\" alt=\"Visita Linha de Ressano Dezembro 2021 \" width=\"250\" height=\"167\" style=\"margin: 10px; float: right;\" \/><\/a>No final da visita, Ana Coanai mostrou-se satisfeita com o n\u00edvel de organiza\u00e7\u00e3o operacional da \u00e1rea ferrovi\u00e1ria, enaltecendo os esfor\u00e7os e resultados que advir\u00e3o da retirada de cami\u00f5es da rodovia para a ferrovia em resultado das opera\u00e7\u00f5es em pleno do Terminal Aduaneiro.<\/p>\n<p style=\"text-align: justify;\">Actualmente, o tr\u00e1fego de cami\u00f5es constitui um grande constrangimento rodovi\u00e1rio na EN4, que resulta em longas filas da fronteira de Ressano Garcia para o territ\u00f3rio mo\u00e7ambicano.<\/p>\n<p style=\"text-align: justify;\">Ap\u00f3s esta visita, o pr\u00f3ximo ponto ser\u00e1 o CFM Centro, onde decorrem, neste momento, as obras de reabilita\u00e7\u00e3o da Linha de Machipanda, bem como as de reconstru\u00e7\u00e3o da Linha F\u00e9rrea Dona Ana \/Vila Nova da Fronteira, estas praticamente no fim, aguardando-se a sua inaugura\u00e7\u00e3o.<\/p>","protected":false},"excerpt":{"rendered":"<p>A Presidente do Conselho de Administra\u00e7\u00e3o do IGEPE (Instituto de Gest\u00e3o das Participa\u00e7\u00f5es do Estado), Dra. Ana Coanai efetuou, na manh\u00e3 desta quinta-feira, 9 de Dezembro de 2021, uma visita de trabalho ao CFM, concretamente \u00e0 Linha de Ressano Garcia, com vista a se inteirar do progresso dos trabalhos em curso no \u00e2mbito do Projeto de Duplica\u00e7\u00e3o da Linha de Ressano Garcia, bem como da conclus\u00e3o e in\u00edcio das opera\u00e7\u00f5es do Terminal Aduaneiro de Ressano Garcia. A visita foi conduzida pelo Presidente do Conselho de Administra\u00e7\u00e3o do CFM, Eng. Miguel Matabel e contou com a presen\u00e7a de Quadros da Empresa e do IGEPE.<\/p>","protected":false},"author":94,"featured_media":9387,"comment_status":"open","ping_status":"open","sticky":false,"template":"","format":"standard","meta":{"_acf_changed":false,"pgc_sgb_lightbox_settings":"","footnotes":""},"categories":[680],"tags":[],"class_list":["post-9396","post","type-post","status-publish","format-standard","has-post-thumbnail","hentry","category-noticias"],"acf":[],"yoast_head":"<!-- This site is optimized with the Yoast SEO plugin v26.5 - https:\/\/yoast.com\/wordpress\/plugins\/seo\/ -->\n<title>PCA do IGEPE visita a Linha de Ressano Garcia - CFM - Caminhos De Ferros de Mo\u00e7ambique<\/title>\n<meta name=\"robots\" content=\"index, follow, max-snippet:-1, max-image-preview:large, max-video-preview:-1\" \/>\n<link rel=\"canonical\" href=\"https:\/\/www.cfm.co.mz\/en\/2021\/12\/10\/pca-do-igepe-visita-a-linha-de-ressano-garcia\/\" \/>\n<meta property=\"og:locale\" content=\"en_US\" \/>\n<meta property=\"og:type\" content=\"article\" \/>\n<meta property=\"og:title\" content=\"PCA do IGEPE visita a Linha de Ressano Garcia - CFM - Caminhos De Ferros de Mo\u00e7ambique\" \/>\n<meta property=\"og:description\" content=\"A Presidente do Conselho de Administra\u00e7\u00e3o do IGEPE (Instituto de Gest\u00e3o das Participa\u00e7\u00f5es do Estado), Dra. Ana Coanai efetuou, na manh\u00e3 desta quinta-feira, 9 de Dezembro de 2021, uma visita de trabalho ao CFM, concretamente \u00e0 Linha de Ressano Garcia, com vista a se inteirar do progresso dos trabalhos em curso no \u00e2mbito do Projeto de Duplica\u00e7\u00e3o da Linha de Ressano Garcia, bem como da conclus\u00e3o e in\u00edcio das opera\u00e7\u00f5es do Terminal Aduaneiro de Ressano Garcia. A visita foi conduzida pelo Presidente do Conselho de Administra\u00e7\u00e3o do CFM, Eng. Miguel Matabel e contou com a presen\u00e7a de Quadros da Empresa e do IGEPE.\" \/>\n<meta property=\"og:url\" content=\"https:\/\/www.cfm.co.mz\/en\/2021\/12\/10\/pca-do-igepe-visita-a-linha-de-ressano-garcia\/\" \/>\n<meta property=\"og:site_name\" content=\"CFM - Caminhos De Ferros de Mo\u00e7ambique\" \/>\n<meta property=\"article:publisher\" content=\"https:\/\/www.facebook.com\/CFMMoz\" \/>\n<meta property=\"article:published_time\" content=\"2021-12-10T18:57:59+00:00\" \/>\n<meta property=\"og:image\" content=\"https:\/\/www.cfm.co.mz\/wp-content\/uploads\/2021\/12\/Visita_Linha_de_Ressano_Dezembro_2021_2-scaled.jpg\" \/>\n\t<meta property=\"og:image:width\" content=\"2560\" \/>\n\t<meta property=\"og:image:height\" content=\"1707\" \/>\n\t<meta property=\"og:image:type\" content=\"image\/jpeg\" \/>\n<meta name=\"author\" content=\"D\u00e9rcio Badru\" \/>\n<meta name=\"twitter:card\" content=\"summary_large_image\" \/>\n<meta name=\"twitter:label1\" content=\"Written by\" \/>\n\t<meta name=\"twitter:data1\" content=\"D\u00e9rcio Badru\" \/>\n\t<meta name=\"twitter:label2\" content=\"Est. reading time\" \/>\n\t<meta name=\"twitter:data2\" content=\"1 minute\" \/>\n<script type=\"application\/ld+json\" class=\"yoast-schema-graph\">{\"@context\":\"https:\/\/schema.org\",\"@graph\":[{\"@type\":\"Article\",\"@id\":\"https:\/\/www.cfm.co.mz\/2021\/12\/10\/pca-do-igepe-visita-a-linha-de-ressano-garcia\/#article\",\"isPartOf\":{\"@id\":\"https:\/\/www.cfm.co.mz\/2021\/12\/10\/pca-do-igepe-visita-a-linha-de-ressano-garcia\/\"},\"author\":{\"name\":\"D\u00e9rcio Badru\",\"@id\":\"https:\/\/www.cfm.co.mz\/#\/schema\/person\/1bb663f3c59dc61900f6f9b1c2b53552\"},\"headline\":\"PCA do IGEPE visita a Linha de Ressano Garcia\",\"datePublished\":\"2021-12-10T18:57:59+00:00\",\"mainEntityOfPage\":{\"@id\":\"https:\/\/www.cfm.co.mz\/2021\/12\/10\/pca-do-igepe-visita-a-linha-de-ressano-garcia\/\"},\"wordCount\":248,\"commentCount\":0,\"publisher\":{\"@id\":\"https:\/\/www.cfm.co.mz\/#organization\"},\"image\":{\"@id\":\"https:\/\/www.cfm.co.mz\/2021\/12\/10\/pca-do-igepe-visita-a-linha-de-ressano-garcia\/#primaryimage\"},\"thumbnailUrl\":\"https:\/\/www.cfm.co.mz\/wp-content\/uploads\/2021\/12\/Visita_Linha_de_Ressano_Dezembro_2021_2-scaled.jpg\",\"articleSection\":[\"Noticias\"],\"inLanguage\":\"en-US\",\"potentialAction\":[{\"@type\":\"CommentAction\",\"name\":\"Comment\",\"target\":[\"https:\/\/www.cfm.co.mz\/2021\/12\/10\/pca-do-igepe-visita-a-linha-de-ressano-garcia\/#respond\"]}]},{\"@type\":\"WebPage\",\"@id\":\"https:\/\/www.cfm.co.mz\/2021\/12\/10\/pca-do-igepe-visita-a-linha-de-ressano-garcia\/\",\"url\":\"https:\/\/www.cfm.co.mz\/2021\/12\/10\/pca-do-igepe-visita-a-linha-de-ressano-garcia\/\",\"name\":\"PCA do IGEPE visita a Linha de Ressano Garcia - CFM - Caminhos De Ferros de Mo\u00e7ambique\",\"isPartOf\":{\"@id\":\"https:\/\/www.cfm.co.mz\/#website\"},\"primaryImageOfPage\":{\"@id\":\"https:\/\/www.cfm.co.mz\/2021\/12\/10\/pca-do-igepe-visita-a-linha-de-ressano-garcia\/#primaryimage\"},\"image\":{\"@id\":\"https:\/\/www.cfm.co.mz\/2021\/12\/10\/pca-do-igepe-visita-a-linha-de-ressano-garcia\/#primaryimage\"},\"thumbnailUrl\":\"https:\/\/www.cfm.co.mz\/wp-content\/uploads\/2021\/12\/Visita_Linha_de_Ressano_Dezembro_2021_2-scaled.jpg\",\"datePublished\":\"2021-12-10T18:57:59+00:00\",\"breadcrumb\":{\"@id\":\"https:\/\/www.cfm.co.mz\/2021\/12\/10\/pca-do-igepe-visita-a-linha-de-ressano-garcia\/#breadcrumb\"},\"inLanguage\":\"en-US\",\"potentialAction\":[{\"@type\":\"ReadAction\",\"target\":[\"https:\/\/www.cfm.co.mz\/2021\/12\/10\/pca-do-igepe-visita-a-linha-de-ressano-garcia\/\"]}]},{\"@type\":\"ImageObject\",\"inLanguage\":\"en-US\",\"@id\":\"https:\/\/www.cfm.co.mz\/2021\/12\/10\/pca-do-igepe-visita-a-linha-de-ressano-garcia\/#primaryimage\",\"url\":\"https:\/\/www.cfm.co.mz\/wp-content\/uploads\/2021\/12\/Visita_Linha_de_Ressano_Dezembro_2021_2-scaled.jpg\",\"contentUrl\":\"https:\/\/www.cfm.co.mz\/wp-content\/uploads\/2021\/12\/Visita_Linha_de_Ressano_Dezembro_2021_2-scaled.jpg\",\"width\":2560,\"height\":1707,\"caption\":\"Visita Linha de Ressano Dezembro 2021 2\"},{\"@type\":\"BreadcrumbList\",\"@id\":\"https:\/\/www.cfm.co.mz\/2021\/12\/10\/pca-do-igepe-visita-a-linha-de-ressano-garcia\/#breadcrumb\",\"itemListElement\":[{\"@type\":\"ListItem\",\"position\":1,\"name\":\"Home\",\"item\":\"https:\/\/www.cfm.co.mz\/\"},{\"@type\":\"ListItem\",\"position\":2,\"name\":\"PCA do IGEPE visita a Linha de Ressano Garcia\"}]},{\"@type\":\"WebSite\",\"@id\":\"https:\/\/www.cfm.co.mz\/#website\",\"url\":\"https:\/\/www.cfm.co.mz\/\",\"name\":\"CFM - Caminhos De Ferros de Mo\u00e7ambique\",\"description\":\"Ampliando Horizontes\",\"publisher\":{\"@id\":\"https:\/\/www.cfm.co.mz\/#organization\"},\"potentialAction\":[{\"@type\":\"SearchAction\",\"target\":{\"@type\":\"EntryPoint\",\"urlTemplate\":\"https:\/\/www.cfm.co.mz\/?s={search_term_string}\"},\"query-input\":{\"@type\":\"PropertyValueSpecification\",\"valueRequired\":true,\"valueName\":\"search_term_string\"}}],\"inLanguage\":\"en-US\"},{\"@type\":\"Organization\",\"@id\":\"https:\/\/www.cfm.co.mz\/#organization\",\"name\":\"CFM - Caminhos De Ferros de Mo\u00e7ambique\",\"url\":\"https:\/\/www.cfm.co.mz\/\",\"logo\":{\"@type\":\"ImageObject\",\"inLanguage\":\"en-US\",\"@id\":\"https:\/\/www.cfm.co.mz\/#\/schema\/logo\/image\/\",\"url\":\"https:\/\/www.cfm.co.mz\/wp-content\/uploads\/2025\/07\/be5f0679-4f5b-4d02-9719-a26ceed29162.jpg\",\"contentUrl\":\"https:\/\/www.cfm.co.mz\/wp-content\/uploads\/2025\/07\/be5f0679-4f5b-4d02-9719-a26ceed29162.jpg\",\"width\":400,\"height\":65,\"caption\":\"CFM - Caminhos De Ferros de Mo\u00e7ambique\"},\"image\":{\"@id\":\"https:\/\/www.cfm.co.mz\/#\/schema\/logo\/image\/\"},\"sameAs\":[\"https:\/\/www.facebook.com\/CFMMoz\",\"https:\/\/www.linkedin.com\/company\/caminhos-de-ferro-de-moambique\/\"]},{\"@type\":\"Person\",\"@id\":\"https:\/\/www.cfm.co.mz\/#\/schema\/person\/1bb663f3c59dc61900f6f9b1c2b53552\",\"name\":\"D\u00e9rcio Badru\",\"image\":{\"@type\":\"ImageObject\",\"inLanguage\":\"en-US\",\"@id\":\"https:\/\/www.cfm.co.mz\/#\/schema\/person\/image\/\",\"url\":\"https:\/\/www.cfm.co.mz\/wp-content\/litespeed\/avatar\/be89d6955942d7259ef76de4577d21b3.jpg?ver=1777454359\",\"contentUrl\":\"https:\/\/www.cfm.co.mz\/wp-content\/litespeed\/avatar\/be89d6955942d7259ef76de4577d21b3.jpg?ver=1777454359\",\"caption\":\"D\u00e9rcio Badru\"},\"url\":\"https:\/\/www.cfm.co.mz\/en\/author\/dercio\/\"}]}<\/script>\n<!-- \/ Yoast SEO plugin. -->","yoast_head_json":{"title":"PCA do IGEPE visita a Linha de Ressano Garcia - CFM - Caminhos De Ferros de Mo\u00e7ambique","robots":{"index":"index","follow":"follow","max-snippet":"max-snippet:-1","max-image-preview":"max-image-preview:large","max-video-preview":"max-video-preview:-1"},"canonical":"https:\/\/www.cfm.co.mz\/en\/2021\/12\/10\/pca-do-igepe-visita-a-linha-de-ressano-garcia\/","og_locale":"en_US","og_type":"article","og_title":"PCA do IGEPE visita a Linha de Ressano Garcia - CFM - Caminhos De Ferros de Mo\u00e7ambique","og_description":"A Presidente do Conselho de Administra\u00e7\u00e3o do IGEPE (Instituto de Gest\u00e3o das Participa\u00e7\u00f5es do Estado), Dra. Ana Coanai efetuou, na manh\u00e3 desta quinta-feira, 9 de Dezembro de 2021, uma visita de trabalho ao CFM, concretamente \u00e0 Linha de Ressano Garcia, com vista a se inteirar do progresso dos trabalhos em curso no \u00e2mbito do Projeto de Duplica\u00e7\u00e3o da Linha de Ressano Garcia, bem como da conclus\u00e3o e in\u00edcio das opera\u00e7\u00f5es do Terminal Aduaneiro de Ressano Garcia. A visita foi conduzida pelo Presidente do Conselho de Administra\u00e7\u00e3o do CFM, Eng. Miguel Matabel e contou com a presen\u00e7a de Quadros da Empresa e do IGEPE.","og_url":"https:\/\/www.cfm.co.mz\/en\/2021\/12\/10\/pca-do-igepe-visita-a-linha-de-ressano-garcia\/","og_site_name":"CFM - Caminhos De Ferros de Mo\u00e7ambique","article_publisher":"https:\/\/www.facebook.com\/CFMMoz","article_published_time":"2021-12-10T18:57:59+00:00","og_image":[{"width":2560,"height":1707,"url":"https:\/\/www.cfm.co.mz\/wp-content\/uploads\/2021\/12\/Visita_Linha_de_Ressano_Dezembro_2021_2-scaled.jpg","type":"image\/jpeg"}],"author":"D\u00e9rcio Badru","twitter_card":"summary_large_image","twitter_misc":{"Written by":"D\u00e9rcio Badru","Est. reading time":"1 minute"},"schema":{"@context":"https:\/\/schema.org","@graph":[{"@type":"Article","@id":"https:\/\/www.cfm.co.mz\/2021\/12\/10\/pca-do-igepe-visita-a-linha-de-ressano-garcia\/#article","isPartOf":{"@id":"https:\/\/www.cfm.co.mz\/2021\/12\/10\/pca-do-igepe-visita-a-linha-de-ressano-garcia\/"},"author":{"name":"D\u00e9rcio Badru","@id":"https:\/\/www.cfm.co.mz\/#\/schema\/person\/1bb663f3c59dc61900f6f9b1c2b53552"},"headline":"PCA do IGEPE visita a Linha de Ressano Garcia","datePublished":"2021-12-10T18:57:59+00:00","mainEntityOfPage":{"@id":"https:\/\/www.cfm.co.mz\/2021\/12\/10\/pca-do-igepe-visita-a-linha-de-ressano-garcia\/"},"wordCount":248,"commentCount":0,"publisher":{"@id":"https:\/\/www.cfm.co.mz\/#organization"},"image":{"@id":"https:\/\/www.cfm.co.mz\/2021\/12\/10\/pca-do-igepe-visita-a-linha-de-ressano-garcia\/#primaryimage"},"thumbnailUrl":"https:\/\/www.cfm.co.mz\/wp-content\/uploads\/2021\/12\/Visita_Linha_de_Ressano_Dezembro_2021_2-scaled.jpg","articleSection":["Noticias"],"inLanguage":"en-US","potentialAction":[{"@type":"CommentAction","name":"Comment","target":["https:\/\/www.cfm.co.mz\/2021\/12\/10\/pca-do-igepe-visita-a-linha-de-ressano-garcia\/#respond"]}]},{"@type":"WebPage","@id":"https:\/\/www.cfm.co.mz\/2021\/12\/10\/pca-do-igepe-visita-a-linha-de-ressano-garcia\/","url":"https:\/\/www.cfm.co.mz\/2021\/12\/10\/pca-do-igepe-visita-a-linha-de-ressano-garcia\/","name":"PCA do IGEPE visita a Linha de Ressano Garcia - CFM - Caminhos De Ferros de Mo\u00e7ambique","isPartOf":{"@id":"https:\/\/www.cfm.co.mz\/#website"},"primaryImageOfPage":{"@id":"https:\/\/www.cfm.co.mz\/2021\/12\/10\/pca-do-igepe-visita-a-linha-de-ressano-garcia\/#primaryimage"},"image":{"@id":"https:\/\/www.cfm.co.mz\/2021\/12\/10\/pca-do-igepe-visita-a-linha-de-ressano-garcia\/#primaryimage"},"thumbnailUrl":"https:\/\/www.cfm.co.mz\/wp-content\/uploads\/2021\/12\/Visita_Linha_de_Ressano_Dezembro_2021_2-scaled.jpg","datePublished":"2021-12-10T18:57:59+00:00","breadcrumb":{"@id":"https:\/\/www.cfm.co.mz\/2021\/12\/10\/pca-do-igepe-visita-a-linha-de-ressano-garcia\/#breadcrumb"},"inLanguage":"en-US","potentialAction":[{"@type":"ReadAction","target":["https:\/\/www.cfm.co.mz\/2021\/12\/10\/pca-do-igepe-visita-a-linha-de-ressano-garcia\/"]}]},{"@type":"ImageObject","inLanguage":"en-US","@id":"https:\/\/www.cfm.co.mz\/2021\/12\/10\/pca-do-igepe-visita-a-linha-de-ressano-garcia\/#primaryimage","url":"https:\/\/www.cfm.co.mz\/wp-content\/uploads\/2021\/12\/Visita_Linha_de_Ressano_Dezembro_2021_2-scaled.jpg","contentUrl":"https:\/\/www.cfm.co.mz\/wp-content\/uploads\/2021\/12\/Visita_Linha_de_Ressano_Dezembro_2021_2-scaled.jpg","width":2560,"height":1707,"caption":"Visita Linha de Ressano Dezembro 2021 2"},{"@type":"BreadcrumbList","@id":"https:\/\/www.cfm.co.mz\/2021\/12\/10\/pca-do-igepe-visita-a-linha-de-ressano-garcia\/#breadcrumb","itemListElement":[{"@type":"ListItem","position":1,"name":"Home","item":"https:\/\/www.cfm.co.mz\/"},{"@type":"ListItem","position":2,"name":"PCA do IGEPE visita a Linha de Ressano Garcia"}]},{"@type":"WebSite","@id":"https:\/\/www.cfm.co.mz\/#website","url":"https:\/\/www.cfm.co.mz\/","name":"CFM - Caminhos De Ferros de Mo\u00e7ambique","description":"Ampliando Horizontes","publisher":{"@id":"https:\/\/www.cfm.co.mz\/#organization"},"potentialAction":[{"@type":"SearchAction","target":{"@type":"EntryPoint","urlTemplate":"https:\/\/www.cfm.co.mz\/?s={search_term_string}"},"query-input":{"@type":"PropertyValueSpecification","valueRequired":true,"valueName":"search_term_string"}}],"inLanguage":"en-US"},{"@type":"Organization","@id":"https:\/\/www.cfm.co.mz\/#organization","name":"CFM - Caminhos De Ferros de Mo\u00e7ambique","url":"https:\/\/www.cfm.co.mz\/","logo":{"@type":"ImageObject","inLanguage":"en-US","@id":"https:\/\/www.cfm.co.mz\/#\/schema\/logo\/image\/","url":"https:\/\/www.cfm.co.mz\/wp-content\/uploads\/2025\/07\/be5f0679-4f5b-4d02-9719-a26ceed29162.jpg","contentUrl":"https:\/\/www.cfm.co.mz\/wp-content\/uploads\/2025\/07\/be5f0679-4f5b-4d02-9719-a26ceed29162.jpg","width":400,"height":65,"caption":"CFM - Caminhos De Ferros de Mo\u00e7ambique"},"image":{"@id":"https:\/\/www.cfm.co.mz\/#\/schema\/logo\/image\/"},"sameAs":["https:\/\/www.facebook.com\/CFMMoz","https:\/\/www.linkedin.com\/company\/caminhos-de-ferro-de-moambique\/"]},{"@type":"Person","@id":"https:\/\/www.cfm.co.mz\/#\/schema\/person\/1bb663f3c59dc61900f6f9b1c2b53552","name":"D\u00e9rcio Badru","image":{"@type":"ImageObject","inLanguage":"en-US","@id":"https:\/\/www.cfm.co.mz\/#\/schema\/person\/image\/","url":"https:\/\/www.cfm.co.mz\/wp-content\/litespeed\/avatar\/be89d6955942d7259ef76de4577d21b3.jpg?ver=1777454359","contentUrl":"https:\/\/www.cfm.co.mz\/wp-content\/litespeed\/avatar\/be89d6955942d7259ef76de4577d21b3.jpg?ver=1777454359","caption":"D\u00e9rcio Badru"},"url":"https:\/\/www.cfm.co.mz\/en\/author\/dercio\/"}]}},"_links":{"self":[{"href":"https:\/\/www.cfm.co.mz\/en\/wp-json\/wp\/v2\/posts\/9396","targetHints":{"allow":["GET"]}}],"collection":[{"href":"https:\/\/www.cfm.co.mz\/en\/wp-json\/wp\/v2\/posts"}],"about":[{"href":"https:\/\/www.cfm.co.mz\/en\/wp-json\/wp\/v2\/types\/post"}],"author":[{"embeddable":true,"href":"https:\/\/www.cfm.co.mz\/en\/wp-json\/wp\/v2\/users\/94"}],"replies":[{"embeddable":true,"href":"https:\/\/www.cfm.co.mz\/en\/wp-json\/wp\/v2\/comments?post=9396"}],"version-history":[{"count":0,"href":"https:\/\/www.cfm.co.mz\/en\/wp-json\/wp\/v2\/posts\/9396\/revisions"}],"wp:featuredmedia":[{"embeddable":true,"href":"https:\/\/www.cfm.co.mz\/en\/wp-json\/wp\/v2\/media\/9387"}],"wp:attachment":[{"href":"https:\/\/www.cfm.co.mz\/en\/wp-json\/wp\/v2\/media?parent=9396"}],"wp:term":[{"taxonomy":"category","embeddable":true,"href":"https:\/\/www.cfm.co.mz\/en\/wp-json\/wp\/v2\/categories?post=9396"},{"taxonomy":"post_tag","embeddable":true,"href":"https:\/\/www.cfm.co.mz\/en\/wp-json\/wp\/v2\/tags?post=9396"}],"curies":[{"name":"wp","href":"https:\/\/api.w.org\/{rel}","templated":true}]}}