{"id":9390,"date":"2021-06-23T15:11:05","date_gmt":"2021-06-23T15:11:05","guid":{"rendered":"https:\/\/www.cfm.co.mz\/2021\/06\/23\/presidente-do-botswana-visita-porto-de-nacala-3\/"},"modified":"2021-06-23T15:11:05","modified_gmt":"2021-06-23T15:11:05","slug":"presidente-do-botswana-visita-porto-de-nacala-3","status":"publish","type":"post","link":"https:\/\/www.cfm.co.mz\/en\/2021\/06\/23\/presidente-do-botswana-visita-porto-de-nacala-3\/","title":{"rendered":"Presidente do Botswana visita Porto de Nacala"},"content":{"rendered":"<p style=\"text-align: justify;\"><a href=\"http:\/\/www.cfm.co.mz\/wp-content\/uploads\/2021\/06\/Presidente_do_Botswana_visita_Porto_de_Nacala_1-scaled.jpg\" type=\"image\/jpeg\" class=\"jcepopup zoom-bottom-right\" data-mediabox=\"1\" data-mediabox-width=\"800\" data-mediabox-height=\"600\" data-mediabox-caption=\"Filipe Nyusi junto do Presidente do Botswana, Mokgweetsi Masisi, durante a visita ao Porto de Nacala\"><img decoding=\"async\" src=\"http:\/\/www.cfm.co.mz\/wp-content\/uploads\/2021\/06\/Presidente_do_Botswana_visita_Porto_de_Nacala_1-scaled.jpg\" alt=\"Presidente do Botswana visita Porto de Nacala 1\" width=\"250\" style=\"margin: 0px 10px 10px; float: left;\" \/><\/a>\u00c0 convite do Presidente da Rep\u00fablica de Mo\u00e7ambique, Filipe Nyusi e, tamb\u00e9m, Presidente em exerc\u00edcio da SADC, o Presidente do Botswana, Mokgweetsi Masisi, visitou, na tarde da \u00faltima 2\u00aa feira, 21 de Junho, o Porto de Nacala, visita essa que decorreu na esteira do programa de inaugura\u00e7\u00e3o do Centro de Opera\u00e7\u00f5es Humanit\u00e1rias e de Emerg\u00eancia (COHE) da Comunidade de Desenvolvimento da \u00c0frica Austral (SADC), tendo permitido que os dois Estadistas se inteirassem com profundidade sobre as obras de reabilita\u00e7\u00e3o e expans\u00e3o do Porto comercial de Nacala.<\/p>\n<p><!--more--><\/p>\n<p style=\"text-align: justify;\"><a href=\"http:\/\/www.cfm.co.mz\/wp-content\/uploads\/2021\/06\/Presidente_do_Botswana_visita_Porto_de_Nacala_2-scaled.jpg\" type=\"image\/jpeg\" class=\"jcepopup zoom-bottom-right\" data-mediabox=\"1\" data-mediabox-width=\"800\" data-mediabox-height=\"600\" data-mediabox-caption=\"Vista sobre o Porto de Nacala\"><img decoding=\"async\" src=\"http:\/\/www.cfm.co.mz\/wp-content\/uploads\/2021\/06\/Presidente_do_Botswana_visita_Porto_de_Nacala_2-scaled.jpg\" alt=\"Presidente do Botswana visita Porto de Nacala 2\" width=\"250\" height=\"167\" style=\"margin: 10px; float: right;\" \/><\/a>No final da visita os dois Presidentes mostraram-se satisfeitos com os progressos que est\u00e3o a ser alcan\u00e7ados no Porto de Nacala e felicitaram a Empresa Portos e Caminhos de Ferro de Mo\u00e7ambique (CFM), fazendo votos de que o processo de desenvolvimento e melhoramento deste tipo de infraestruturas seja cont\u00ednuo.<\/p>\n<p style=\"text-align: justify;\">Num outro desenvolvimento, o Presidente do Botswana congratulou o seu hom\u00f3logo mo\u00e7ambicano e, em particular, aos trabalhadores do CFM, pelo empenho demostrado tendo em vista a contribuir para desenvolvimento da \u00c1frica Austral.<\/p>\n<p style=\"text-align: justify;\"><em>\u201cTemos interesse em todos os pa\u00edses que fazem parte da SADC e, claramente, Mo\u00e7ambique \u00e9 um dos mais empenhados em promover o desenvolvimento. Parab\u00e9ns ao Presidente Nyusi e a todos os trabalhadores que t\u00eam tornado este projecto poss\u00edvel. Well done Mo\u00e7ambique!; n\u00f3s iremos sempre apoiar este projecto fazendo uso dos seus servi\u00e7os.\u201d<\/em> \u2013 concluiu, Mokgweetsi Masisi.<\/p>\n<p style=\"text-align: justify;\">Refira-se que este projecto, avaliado em cerca de 250 milh\u00f5es de USD, ir\u00e1 possibilitar, n\u00e3o s\u00f3, o aumento da capacidade de volume de manuseamento, como tamb\u00e9m, a redu\u00e7\u00e3o do tempo de perman\u00eancia dos navios e, consequentemente, todo o processo de gest\u00e3o portu\u00e1ria por meio da introdu\u00e7\u00e3o de novos e modernos equipamentos.<\/p>","protected":false},"excerpt":{"rendered":"<p>\u00c0 convite do Presidente da Rep\u00fablica de Mo\u00e7ambique, Filipe Nyusi e, tamb\u00e9m, Presidente em exerc\u00edcio da SADC, o Presidente do Botswana, Mokgweetsi Masisi, visitou, na tarde da \u00faltima 2\u00aa feira, 21 de Junho, o Porto de Nacala, visita essa que decorreu na esteira do programa de inaugura\u00e7\u00e3o do Centro de Opera\u00e7\u00f5es Humanit\u00e1rias e de Emerg\u00eancia (COHE) da Comunidade de Desenvolvimento da \u00c0frica Austral (SADC), tendo permitido que os dois Estadistas se inteirassem com profundidade sobre as obras de reabilita\u00e7\u00e3o e expans\u00e3o do Porto comercial de Nacala.<\/p>","protected":false},"author":94,"featured_media":9357,"comment_status":"open","ping_status":"open","sticky":false,"template":"","format":"standard","meta":{"_acf_changed":false,"pgc_sgb_lightbox_settings":"","footnotes":""},"categories":[680],"tags":[],"class_list":["post-9390","post","type-post","status-publish","format-standard","has-post-thumbnail","hentry","category-noticias"],"acf":[],"yoast_head":"<!-- This site is optimized with the Yoast SEO plugin v26.5 - https:\/\/yoast.com\/wordpress\/plugins\/seo\/ -->\n<title>Presidente do Botswana visita Porto de Nacala - CFM - Caminhos De Ferros de Mo\u00e7ambique<\/title>\n<meta name=\"robots\" content=\"index, follow, max-snippet:-1, max-image-preview:large, max-video-preview:-1\" \/>\n<link rel=\"canonical\" href=\"https:\/\/www.cfm.co.mz\/en\/2021\/06\/23\/presidente-do-botswana-visita-porto-de-nacala-3\/\" \/>\n<meta property=\"og:locale\" content=\"en_US\" \/>\n<meta property=\"og:type\" content=\"article\" \/>\n<meta property=\"og:title\" content=\"Presidente do Botswana visita Porto de Nacala - CFM - Caminhos De Ferros de Mo\u00e7ambique\" \/>\n<meta property=\"og:description\" content=\"\u00c0 convite do Presidente da Rep\u00fablica de Mo\u00e7ambique, Filipe Nyusi e, tamb\u00e9m, Presidente em exerc\u00edcio da SADC, o Presidente do Botswana, Mokgweetsi Masisi, visitou, na tarde da \u00faltima 2\u00aa feira, 21 de Junho, o Porto de Nacala, visita essa que decorreu na esteira do programa de inaugura\u00e7\u00e3o do Centro de Opera\u00e7\u00f5es Humanit\u00e1rias e de Emerg\u00eancia (COHE) da Comunidade de Desenvolvimento da \u00c0frica Austral (SADC), tendo permitido que os dois Estadistas se inteirassem com profundidade sobre as obras de reabilita\u00e7\u00e3o e expans\u00e3o do Porto comercial de Nacala.\" \/>\n<meta property=\"og:url\" content=\"https:\/\/www.cfm.co.mz\/en\/2021\/06\/23\/presidente-do-botswana-visita-porto-de-nacala-3\/\" \/>\n<meta property=\"og:site_name\" content=\"CFM - Caminhos De Ferros de Mo\u00e7ambique\" \/>\n<meta property=\"article:publisher\" content=\"https:\/\/www.facebook.com\/CFMMoz\" \/>\n<meta property=\"article:published_time\" content=\"2021-06-23T15:11:05+00:00\" \/>\n<meta property=\"og:image\" content=\"https:\/\/www.cfm.co.mz\/wp-content\/uploads\/2021\/06\/Presidente_do_Botswana_visita_Porto_de_Nacala_1-scaled.jpg\" \/>\n\t<meta property=\"og:image:width\" content=\"2560\" \/>\n\t<meta property=\"og:image:height\" content=\"1707\" \/>\n\t<meta property=\"og:image:type\" content=\"image\/jpeg\" \/>\n<meta name=\"author\" content=\"D\u00e9rcio Badru\" \/>\n<meta name=\"twitter:card\" content=\"summary_large_image\" \/>\n<meta name=\"twitter:label1\" content=\"Written by\" \/>\n\t<meta name=\"twitter:data1\" content=\"D\u00e9rcio Badru\" \/>\n\t<meta name=\"twitter:label2\" content=\"Est. reading time\" \/>\n\t<meta name=\"twitter:data2\" content=\"2 minutes\" \/>\n<script type=\"application\/ld+json\" class=\"yoast-schema-graph\">{\"@context\":\"https:\/\/schema.org\",\"@graph\":[{\"@type\":\"Article\",\"@id\":\"https:\/\/www.cfm.co.mz\/2021\/06\/23\/presidente-do-botswana-visita-porto-de-nacala-3\/#article\",\"isPartOf\":{\"@id\":\"https:\/\/www.cfm.co.mz\/2021\/06\/23\/presidente-do-botswana-visita-porto-de-nacala-3\/\"},\"author\":{\"name\":\"D\u00e9rcio Badru\",\"@id\":\"https:\/\/www.cfm.co.mz\/#\/schema\/person\/1bb663f3c59dc61900f6f9b1c2b53552\"},\"headline\":\"Presidente do Botswana visita Porto de Nacala\",\"datePublished\":\"2021-06-23T15:11:05+00:00\",\"mainEntityOfPage\":{\"@id\":\"https:\/\/www.cfm.co.mz\/2021\/06\/23\/presidente-do-botswana-visita-porto-de-nacala-3\/\"},\"wordCount\":307,\"commentCount\":0,\"publisher\":{\"@id\":\"https:\/\/www.cfm.co.mz\/#organization\"},\"image\":{\"@id\":\"https:\/\/www.cfm.co.mz\/2021\/06\/23\/presidente-do-botswana-visita-porto-de-nacala-3\/#primaryimage\"},\"thumbnailUrl\":\"https:\/\/www.cfm.co.mz\/wp-content\/uploads\/2021\/06\/Presidente_do_Botswana_visita_Porto_de_Nacala_1-scaled.jpg\",\"articleSection\":[\"Noticias\"],\"inLanguage\":\"en-US\",\"potentialAction\":[{\"@type\":\"CommentAction\",\"name\":\"Comment\",\"target\":[\"https:\/\/www.cfm.co.mz\/2021\/06\/23\/presidente-do-botswana-visita-porto-de-nacala-3\/#respond\"]}]},{\"@type\":\"WebPage\",\"@id\":\"https:\/\/www.cfm.co.mz\/2021\/06\/23\/presidente-do-botswana-visita-porto-de-nacala-3\/\",\"url\":\"https:\/\/www.cfm.co.mz\/2021\/06\/23\/presidente-do-botswana-visita-porto-de-nacala-3\/\",\"name\":\"Presidente do Botswana visita Porto de Nacala - CFM - Caminhos De Ferros de Mo\u00e7ambique\",\"isPartOf\":{\"@id\":\"https:\/\/www.cfm.co.mz\/#website\"},\"primaryImageOfPage\":{\"@id\":\"https:\/\/www.cfm.co.mz\/2021\/06\/23\/presidente-do-botswana-visita-porto-de-nacala-3\/#primaryimage\"},\"image\":{\"@id\":\"https:\/\/www.cfm.co.mz\/2021\/06\/23\/presidente-do-botswana-visita-porto-de-nacala-3\/#primaryimage\"},\"thumbnailUrl\":\"https:\/\/www.cfm.co.mz\/wp-content\/uploads\/2021\/06\/Presidente_do_Botswana_visita_Porto_de_Nacala_1-scaled.jpg\",\"datePublished\":\"2021-06-23T15:11:05+00:00\",\"breadcrumb\":{\"@id\":\"https:\/\/www.cfm.co.mz\/2021\/06\/23\/presidente-do-botswana-visita-porto-de-nacala-3\/#breadcrumb\"},\"inLanguage\":\"en-US\",\"potentialAction\":[{\"@type\":\"ReadAction\",\"target\":[\"https:\/\/www.cfm.co.mz\/2021\/06\/23\/presidente-do-botswana-visita-porto-de-nacala-3\/\"]}]},{\"@type\":\"ImageObject\",\"inLanguage\":\"en-US\",\"@id\":\"https:\/\/www.cfm.co.mz\/2021\/06\/23\/presidente-do-botswana-visita-porto-de-nacala-3\/#primaryimage\",\"url\":\"https:\/\/www.cfm.co.mz\/wp-content\/uploads\/2021\/06\/Presidente_do_Botswana_visita_Porto_de_Nacala_1-scaled.jpg\",\"contentUrl\":\"https:\/\/www.cfm.co.mz\/wp-content\/uploads\/2021\/06\/Presidente_do_Botswana_visita_Porto_de_Nacala_1-scaled.jpg\",\"width\":2560,\"height\":1707,\"caption\":\"Presidente do Botswana visita Porto de Nacala 1\"},{\"@type\":\"BreadcrumbList\",\"@id\":\"https:\/\/www.cfm.co.mz\/2021\/06\/23\/presidente-do-botswana-visita-porto-de-nacala-3\/#breadcrumb\",\"itemListElement\":[{\"@type\":\"ListItem\",\"position\":1,\"name\":\"Home\",\"item\":\"https:\/\/www.cfm.co.mz\/\"},{\"@type\":\"ListItem\",\"position\":2,\"name\":\"Presidente do Botswana visita Porto de Nacala\"}]},{\"@type\":\"WebSite\",\"@id\":\"https:\/\/www.cfm.co.mz\/#website\",\"url\":\"https:\/\/www.cfm.co.mz\/\",\"name\":\"CFM - Caminhos De Ferros de Mo\u00e7ambique\",\"description\":\"Ampliando Horizontes\",\"publisher\":{\"@id\":\"https:\/\/www.cfm.co.mz\/#organization\"},\"potentialAction\":[{\"@type\":\"SearchAction\",\"target\":{\"@type\":\"EntryPoint\",\"urlTemplate\":\"https:\/\/www.cfm.co.mz\/?s={search_term_string}\"},\"query-input\":{\"@type\":\"PropertyValueSpecification\",\"valueRequired\":true,\"valueName\":\"search_term_string\"}}],\"inLanguage\":\"en-US\"},{\"@type\":\"Organization\",\"@id\":\"https:\/\/www.cfm.co.mz\/#organization\",\"name\":\"CFM - Caminhos De Ferros de Mo\u00e7ambique\",\"url\":\"https:\/\/www.cfm.co.mz\/\",\"logo\":{\"@type\":\"ImageObject\",\"inLanguage\":\"en-US\",\"@id\":\"https:\/\/www.cfm.co.mz\/#\/schema\/logo\/image\/\",\"url\":\"https:\/\/www.cfm.co.mz\/wp-content\/uploads\/2025\/07\/be5f0679-4f5b-4d02-9719-a26ceed29162.jpg\",\"contentUrl\":\"https:\/\/www.cfm.co.mz\/wp-content\/uploads\/2025\/07\/be5f0679-4f5b-4d02-9719-a26ceed29162.jpg\",\"width\":400,\"height\":65,\"caption\":\"CFM - Caminhos De Ferros de Mo\u00e7ambique\"},\"image\":{\"@id\":\"https:\/\/www.cfm.co.mz\/#\/schema\/logo\/image\/\"},\"sameAs\":[\"https:\/\/www.facebook.com\/CFMMoz\",\"https:\/\/www.linkedin.com\/company\/caminhos-de-ferro-de-moambique\/\"]},{\"@type\":\"Person\",\"@id\":\"https:\/\/www.cfm.co.mz\/#\/schema\/person\/1bb663f3c59dc61900f6f9b1c2b53552\",\"name\":\"D\u00e9rcio Badru\",\"image\":{\"@type\":\"ImageObject\",\"inLanguage\":\"en-US\",\"@id\":\"https:\/\/www.cfm.co.mz\/#\/schema\/person\/image\/\",\"url\":\"https:\/\/www.cfm.co.mz\/wp-content\/litespeed\/avatar\/be89d6955942d7259ef76de4577d21b3.jpg?ver=1777454359\",\"contentUrl\":\"https:\/\/www.cfm.co.mz\/wp-content\/litespeed\/avatar\/be89d6955942d7259ef76de4577d21b3.jpg?ver=1777454359\",\"caption\":\"D\u00e9rcio Badru\"},\"url\":\"https:\/\/www.cfm.co.mz\/en\/author\/dercio\/\"}]}<\/script>\n<!-- \/ Yoast SEO plugin. -->","yoast_head_json":{"title":"Presidente do Botswana visita Porto de Nacala - CFM - Caminhos De Ferros de Mo\u00e7ambique","robots":{"index":"index","follow":"follow","max-snippet":"max-snippet:-1","max-image-preview":"max-image-preview:large","max-video-preview":"max-video-preview:-1"},"canonical":"https:\/\/www.cfm.co.mz\/en\/2021\/06\/23\/presidente-do-botswana-visita-porto-de-nacala-3\/","og_locale":"en_US","og_type":"article","og_title":"Presidente do Botswana visita Porto de Nacala - CFM - Caminhos De Ferros de Mo\u00e7ambique","og_description":"\u00c0 convite do Presidente da Rep\u00fablica de Mo\u00e7ambique, Filipe Nyusi e, tamb\u00e9m, Presidente em exerc\u00edcio da SADC, o Presidente do Botswana, Mokgweetsi Masisi, visitou, na tarde da \u00faltima 2\u00aa feira, 21 de Junho, o Porto de Nacala, visita essa que decorreu na esteira do programa de inaugura\u00e7\u00e3o do Centro de Opera\u00e7\u00f5es Humanit\u00e1rias e de Emerg\u00eancia (COHE) da Comunidade de Desenvolvimento da \u00c0frica Austral (SADC), tendo permitido que os dois Estadistas se inteirassem com profundidade sobre as obras de reabilita\u00e7\u00e3o e expans\u00e3o do Porto comercial de Nacala.","og_url":"https:\/\/www.cfm.co.mz\/en\/2021\/06\/23\/presidente-do-botswana-visita-porto-de-nacala-3\/","og_site_name":"CFM - Caminhos De Ferros de Mo\u00e7ambique","article_publisher":"https:\/\/www.facebook.com\/CFMMoz","article_published_time":"2021-06-23T15:11:05+00:00","og_image":[{"width":2560,"height":1707,"url":"https:\/\/www.cfm.co.mz\/wp-content\/uploads\/2021\/06\/Presidente_do_Botswana_visita_Porto_de_Nacala_1-scaled.jpg","type":"image\/jpeg"}],"author":"D\u00e9rcio Badru","twitter_card":"summary_large_image","twitter_misc":{"Written by":"D\u00e9rcio Badru","Est. reading time":"2 minutes"},"schema":{"@context":"https:\/\/schema.org","@graph":[{"@type":"Article","@id":"https:\/\/www.cfm.co.mz\/2021\/06\/23\/presidente-do-botswana-visita-porto-de-nacala-3\/#article","isPartOf":{"@id":"https:\/\/www.cfm.co.mz\/2021\/06\/23\/presidente-do-botswana-visita-porto-de-nacala-3\/"},"author":{"name":"D\u00e9rcio Badru","@id":"https:\/\/www.cfm.co.mz\/#\/schema\/person\/1bb663f3c59dc61900f6f9b1c2b53552"},"headline":"Presidente do Botswana visita Porto de Nacala","datePublished":"2021-06-23T15:11:05+00:00","mainEntityOfPage":{"@id":"https:\/\/www.cfm.co.mz\/2021\/06\/23\/presidente-do-botswana-visita-porto-de-nacala-3\/"},"wordCount":307,"commentCount":0,"publisher":{"@id":"https:\/\/www.cfm.co.mz\/#organization"},"image":{"@id":"https:\/\/www.cfm.co.mz\/2021\/06\/23\/presidente-do-botswana-visita-porto-de-nacala-3\/#primaryimage"},"thumbnailUrl":"https:\/\/www.cfm.co.mz\/wp-content\/uploads\/2021\/06\/Presidente_do_Botswana_visita_Porto_de_Nacala_1-scaled.jpg","articleSection":["Noticias"],"inLanguage":"en-US","potentialAction":[{"@type":"CommentAction","name":"Comment","target":["https:\/\/www.cfm.co.mz\/2021\/06\/23\/presidente-do-botswana-visita-porto-de-nacala-3\/#respond"]}]},{"@type":"WebPage","@id":"https:\/\/www.cfm.co.mz\/2021\/06\/23\/presidente-do-botswana-visita-porto-de-nacala-3\/","url":"https:\/\/www.cfm.co.mz\/2021\/06\/23\/presidente-do-botswana-visita-porto-de-nacala-3\/","name":"Presidente do Botswana visita Porto de Nacala - CFM - Caminhos De Ferros de Mo\u00e7ambique","isPartOf":{"@id":"https:\/\/www.cfm.co.mz\/#website"},"primaryImageOfPage":{"@id":"https:\/\/www.cfm.co.mz\/2021\/06\/23\/presidente-do-botswana-visita-porto-de-nacala-3\/#primaryimage"},"image":{"@id":"https:\/\/www.cfm.co.mz\/2021\/06\/23\/presidente-do-botswana-visita-porto-de-nacala-3\/#primaryimage"},"thumbnailUrl":"https:\/\/www.cfm.co.mz\/wp-content\/uploads\/2021\/06\/Presidente_do_Botswana_visita_Porto_de_Nacala_1-scaled.jpg","datePublished":"2021-06-23T15:11:05+00:00","breadcrumb":{"@id":"https:\/\/www.cfm.co.mz\/2021\/06\/23\/presidente-do-botswana-visita-porto-de-nacala-3\/#breadcrumb"},"inLanguage":"en-US","potentialAction":[{"@type":"ReadAction","target":["https:\/\/www.cfm.co.mz\/2021\/06\/23\/presidente-do-botswana-visita-porto-de-nacala-3\/"]}]},{"@type":"ImageObject","inLanguage":"en-US","@id":"https:\/\/www.cfm.co.mz\/2021\/06\/23\/presidente-do-botswana-visita-porto-de-nacala-3\/#primaryimage","url":"https:\/\/www.cfm.co.mz\/wp-content\/uploads\/2021\/06\/Presidente_do_Botswana_visita_Porto_de_Nacala_1-scaled.jpg","contentUrl":"https:\/\/www.cfm.co.mz\/wp-content\/uploads\/2021\/06\/Presidente_do_Botswana_visita_Porto_de_Nacala_1-scaled.jpg","width":2560,"height":1707,"caption":"Presidente do Botswana visita Porto de Nacala 1"},{"@type":"BreadcrumbList","@id":"https:\/\/www.cfm.co.mz\/2021\/06\/23\/presidente-do-botswana-visita-porto-de-nacala-3\/#breadcrumb","itemListElement":[{"@type":"ListItem","position":1,"name":"Home","item":"https:\/\/www.cfm.co.mz\/"},{"@type":"ListItem","position":2,"name":"Presidente do Botswana visita Porto de Nacala"}]},{"@type":"WebSite","@id":"https:\/\/www.cfm.co.mz\/#website","url":"https:\/\/www.cfm.co.mz\/","name":"CFM - Caminhos De Ferros de Mo\u00e7ambique","description":"Ampliando Horizontes","publisher":{"@id":"https:\/\/www.cfm.co.mz\/#organization"},"potentialAction":[{"@type":"SearchAction","target":{"@type":"EntryPoint","urlTemplate":"https:\/\/www.cfm.co.mz\/?s={search_term_string}"},"query-input":{"@type":"PropertyValueSpecification","valueRequired":true,"valueName":"search_term_string"}}],"inLanguage":"en-US"},{"@type":"Organization","@id":"https:\/\/www.cfm.co.mz\/#organization","name":"CFM - Caminhos De Ferros de Mo\u00e7ambique","url":"https:\/\/www.cfm.co.mz\/","logo":{"@type":"ImageObject","inLanguage":"en-US","@id":"https:\/\/www.cfm.co.mz\/#\/schema\/logo\/image\/","url":"https:\/\/www.cfm.co.mz\/wp-content\/uploads\/2025\/07\/be5f0679-4f5b-4d02-9719-a26ceed29162.jpg","contentUrl":"https:\/\/www.cfm.co.mz\/wp-content\/uploads\/2025\/07\/be5f0679-4f5b-4d02-9719-a26ceed29162.jpg","width":400,"height":65,"caption":"CFM - Caminhos De Ferros de Mo\u00e7ambique"},"image":{"@id":"https:\/\/www.cfm.co.mz\/#\/schema\/logo\/image\/"},"sameAs":["https:\/\/www.facebook.com\/CFMMoz","https:\/\/www.linkedin.com\/company\/caminhos-de-ferro-de-moambique\/"]},{"@type":"Person","@id":"https:\/\/www.cfm.co.mz\/#\/schema\/person\/1bb663f3c59dc61900f6f9b1c2b53552","name":"D\u00e9rcio Badru","image":{"@type":"ImageObject","inLanguage":"en-US","@id":"https:\/\/www.cfm.co.mz\/#\/schema\/person\/image\/","url":"https:\/\/www.cfm.co.mz\/wp-content\/litespeed\/avatar\/be89d6955942d7259ef76de4577d21b3.jpg?ver=1777454359","contentUrl":"https:\/\/www.cfm.co.mz\/wp-content\/litespeed\/avatar\/be89d6955942d7259ef76de4577d21b3.jpg?ver=1777454359","caption":"D\u00e9rcio Badru"},"url":"https:\/\/www.cfm.co.mz\/en\/author\/dercio\/"}]}},"_links":{"self":[{"href":"https:\/\/www.cfm.co.mz\/en\/wp-json\/wp\/v2\/posts\/9390","targetHints":{"allow":["GET"]}}],"collection":[{"href":"https:\/\/www.cfm.co.mz\/en\/wp-json\/wp\/v2\/posts"}],"about":[{"href":"https:\/\/www.cfm.co.mz\/en\/wp-json\/wp\/v2\/types\/post"}],"author":[{"embeddable":true,"href":"https:\/\/www.cfm.co.mz\/en\/wp-json\/wp\/v2\/users\/94"}],"replies":[{"embeddable":true,"href":"https:\/\/www.cfm.co.mz\/en\/wp-json\/wp\/v2\/comments?post=9390"}],"version-history":[{"count":0,"href":"https:\/\/www.cfm.co.mz\/en\/wp-json\/wp\/v2\/posts\/9390\/revisions"}],"wp:featuredmedia":[{"embeddable":true,"href":"https:\/\/www.cfm.co.mz\/en\/wp-json\/wp\/v2\/media\/9357"}],"wp:attachment":[{"href":"https:\/\/www.cfm.co.mz\/en\/wp-json\/wp\/v2\/media?parent=9390"}],"wp:term":[{"taxonomy":"category","embeddable":true,"href":"https:\/\/www.cfm.co.mz\/en\/wp-json\/wp\/v2\/categories?post=9390"},{"taxonomy":"post_tag","embeddable":true,"href":"https:\/\/www.cfm.co.mz\/en\/wp-json\/wp\/v2\/tags?post=9390"}],"curies":[{"name":"wp","href":"https:\/\/api.w.org\/{rel}","templated":true}]}}