{"id":9381,"date":"2021-11-24T09:39:25","date_gmt":"2021-11-24T09:39:25","guid":{"rendered":"https:\/\/www.cfm.co.mz\/2021\/11\/24\/presidente-da-aplop-termina-mandado-com-nota-positiva-quanto-ao-cumprimento-do-plano-de-actividades\/"},"modified":"2021-11-24T09:39:25","modified_gmt":"2021-11-24T09:39:25","slug":"presidente-da-aplop-termina-mandado-com-nota-positiva-quanto-ao-cumprimento-do-plano-de-actividades","status":"publish","type":"post","link":"https:\/\/www.cfm.co.mz\/en\/2021\/11\/24\/presidente-da-aplop-termina-mandado-com-nota-positiva-quanto-ao-cumprimento-do-plano-de-actividades\/","title":{"rendered":"Presidente da APLOP termina mandado com nota positiva"},"content":{"rendered":"<p style=\"text-align: justify;\"><a href=\"http:\/\/www.cfm.co.mz\/wp-content\/uploads\/2021\/11\/APLOP_2021_1.jpg\" type=\"image\/jpeg\" class=\"jcepopup zoom-bottom-right\" data-mediabox=\"1\" data-mediabox-width=\"800\" data-mediabox-height=\"600\" data-mediabox-caption=\"Eng. Miguel Matabel, intervindo no XII Congresso da APLOP\"><img decoding=\"async\" src=\"http:\/\/www.cfm.co.mz\/wp-content\/uploads\/2021\/11\/APLOP_2021_1.jpg\" alt=\"APLOP 2021 1\" width=\"250\" height=\"167\" style=\"margin: 10px; float: left;\" \/><\/a>O ent\u00e3o Presidente da APLOP, Eng Miguel Matabel apresentou, no XII Congresso da associa\u00e7\u00e3o, o Relat\u00f3rio do mandato 2019-2021, tendo ilustrado o cumprimento do plano de actividades proposto para o per\u00edodo em refer\u00eancia.<\/p>\n<p style=\"text-align: justify;\">Sob o lema <strong>\u201cPortos da Lusofonia: inova\u00e7\u00e3o, resili\u00eancia e sustentabilidade ao servi\u00e7o da Economia dos Pa\u00edses da CPLP\u201d<\/strong>, o XII Congresso da APLOP decorreu na capital de Angola, Luanda, nos dias 15 e 16 de Novembro, em plataforma virtual e presencialmente.<\/p>\n<p><!--more--><\/p>\n<p style=\"text-align: justify;\">Dentre as v\u00e1rias ac\u00e7\u00f5es, Matabel destacou o processo de certifica\u00e7\u00e3o dos Portos pela marca APLOP, Estudo de Mercado dos Pa\u00edses e Portos da CPLP, bem como, o Estudo comparativo do Direito Portu\u00e1rio nos Pa\u00edses da CPLP.<\/p>\n<p style=\"text-align: justify;\">Num outro desenvolvimento, Matabel referiu que, embora a avalia\u00e7\u00e3o positiva sobre o cumprimento dos objectivos, o principal ganho assentou-se sobre a uni\u00e3o e esp\u00edrito de coopera\u00e7\u00e3o gerados entre os pa\u00edses associados e aproveitou ainda para <em>\u201ccongratular a todos os associados pelo engenho e arte empreendida na gest\u00e3o das suas Empresas em meio ao actual contexto pand\u00e9mico\u201d<\/em>.<\/p>\n<p style=\"text-align: justify;\">A sess\u00e3o de abertura foi presidida pelo Ministro dos Transportes de Angola, Dr.&nbsp; Ricardo Viegas D\u2019Abreu (de forma virtual) e contou, ainda, com a presen\u00e7a do Secret\u00e1rio Executivo da CPLP,&nbsp; Zacarias da Costa (igualmente, de forma virtual) e do Secretario de Estado para os sectores da Avia\u00e7\u00e3o Civil, Mar\u00edtimo e Portu\u00e1rio do Governo Angolano, Fernandes Borges.<\/p>\n<p style=\"text-align: justify;\">O XII Congresso da APLOP discutiu temas como, i) a \u201cInova\u00e7\u00e3o e Digitaliza\u00e7\u00e3o ao servi\u00e7o da competitividade portu\u00e1ria\u201d, ii) \u201ca resili\u00eancia dos Portos da CPLP e os Desafios da Descarboniza\u00e7\u00e3o da Economia\u201d, iii) \u201co Direito Portu\u00e1rio nos Pa\u00edses da CPLP\u201d e iv) \u201cInternacionaliza\u00e7\u00e3o dos Portos dos Pa\u00edses de L\u00edngua Portuguesa\u201d.<\/p>\n<p style=\"text-align: justify;\">Refira-se que a Associa\u00e7\u00e3o, constitu\u00edda em Maio de 2013, tem por objectivo refor\u00e7ar os la\u00e7os de coopera\u00e7\u00e3o e aumentar as trocas comerciais entre os pa\u00edses da CPLP, sobre a perspectiva de actua\u00e7\u00e3o no ramo mar\u00edtimo-portu\u00e1rio.<\/p>\n<p style=\"text-align: justify;\">Na Assembleia Geral, Mo\u00e7ambique passou a presid\u00eancia \u00e0 Cabo Verde que dever\u00e1, igualmente, cumprir um mandato de 2 anos.<\/p>","protected":false},"excerpt":{"rendered":"<p>O ent\u00e3o Presidente da APLOP, Eng Miguel Matabel apresentou, no XII Congresso da associa\u00e7\u00e3o, o Relat\u00f3rio do mandato 2019-2021, tendo ilustrado o cumprimento do plano de actividades proposto para o per\u00edodo em refer\u00eancia. Sob o lema \u201cPortos da Lusofonia: inova\u00e7\u00e3o, resili\u00eancia e sustentabilidade ao servi\u00e7o da Economia dos Pa\u00edses da CPLP\u201d, o XII Congresso da APLOP decorreu na capital de Angola, Luanda, nos dias 15 e 16 de Novembro, em plataforma virtual e presencialmente.<\/p>","protected":false},"author":94,"featured_media":9380,"comment_status":"open","ping_status":"open","sticky":false,"template":"","format":"standard","meta":{"_acf_changed":false,"pgc_sgb_lightbox_settings":"","footnotes":""},"categories":[680],"tags":[],"class_list":["post-9381","post","type-post","status-publish","format-standard","has-post-thumbnail","hentry","category-noticias"],"acf":[],"yoast_head":"<!-- This site is optimized with the Yoast SEO plugin v26.5 - https:\/\/yoast.com\/wordpress\/plugins\/seo\/ -->\n<title>Presidente da APLOP termina mandado com nota positiva - CFM - Caminhos De Ferros de Mo\u00e7ambique<\/title>\n<meta name=\"robots\" content=\"index, follow, max-snippet:-1, max-image-preview:large, max-video-preview:-1\" \/>\n<link rel=\"canonical\" href=\"https:\/\/www.cfm.co.mz\/en\/2021\/11\/24\/presidente-da-aplop-termina-mandado-com-nota-positiva-quanto-ao-cumprimento-do-plano-de-actividades\/\" \/>\n<meta property=\"og:locale\" content=\"en_US\" \/>\n<meta property=\"og:type\" content=\"article\" \/>\n<meta property=\"og:title\" content=\"Presidente da APLOP termina mandado com nota positiva - CFM - Caminhos De Ferros de Mo\u00e7ambique\" \/>\n<meta property=\"og:description\" content=\"O ent\u00e3o Presidente da APLOP, Eng Miguel Matabel apresentou, no XII Congresso da associa\u00e7\u00e3o, o Relat\u00f3rio do mandato 2019-2021, tendo ilustrado o cumprimento do plano de actividades proposto para o per\u00edodo em refer\u00eancia. Sob o lema \u201cPortos da Lusofonia: inova\u00e7\u00e3o, resili\u00eancia e sustentabilidade ao servi\u00e7o da Economia dos Pa\u00edses da CPLP\u201d, o XII Congresso da APLOP decorreu na capital de Angola, Luanda, nos dias 15 e 16 de Novembro, em plataforma virtual e presencialmente.\" \/>\n<meta property=\"og:url\" content=\"https:\/\/www.cfm.co.mz\/en\/2021\/11\/24\/presidente-da-aplop-termina-mandado-com-nota-positiva-quanto-ao-cumprimento-do-plano-de-actividades\/\" \/>\n<meta property=\"og:site_name\" content=\"CFM - Caminhos De Ferros de Mo\u00e7ambique\" \/>\n<meta property=\"article:publisher\" content=\"https:\/\/www.facebook.com\/CFMMoz\" \/>\n<meta property=\"article:published_time\" content=\"2021-11-24T09:39:25+00:00\" \/>\n<meta property=\"og:image\" content=\"https:\/\/www.cfm.co.mz\/wp-content\/uploads\/2021\/11\/APLOP_2021_1.jpg\" \/>\n\t<meta property=\"og:image:width\" content=\"882\" \/>\n\t<meta property=\"og:image:height\" content=\"588\" \/>\n\t<meta property=\"og:image:type\" content=\"image\/jpeg\" \/>\n<meta name=\"author\" content=\"D\u00e9rcio Badru\" \/>\n<meta name=\"twitter:card\" content=\"summary_large_image\" \/>\n<meta name=\"twitter:label1\" content=\"Written by\" \/>\n\t<meta name=\"twitter:data1\" content=\"D\u00e9rcio Badru\" \/>\n\t<meta name=\"twitter:label2\" content=\"Est. reading time\" \/>\n\t<meta name=\"twitter:data2\" content=\"2 minutes\" \/>\n<script type=\"application\/ld+json\" class=\"yoast-schema-graph\">{\"@context\":\"https:\/\/schema.org\",\"@graph\":[{\"@type\":\"Article\",\"@id\":\"https:\/\/www.cfm.co.mz\/2021\/11\/24\/presidente-da-aplop-termina-mandado-com-nota-positiva-quanto-ao-cumprimento-do-plano-de-actividades\/#article\",\"isPartOf\":{\"@id\":\"https:\/\/www.cfm.co.mz\/2021\/11\/24\/presidente-da-aplop-termina-mandado-com-nota-positiva-quanto-ao-cumprimento-do-plano-de-actividades\/\"},\"author\":{\"name\":\"D\u00e9rcio Badru\",\"@id\":\"https:\/\/www.cfm.co.mz\/#\/schema\/person\/1bb663f3c59dc61900f6f9b1c2b53552\"},\"headline\":\"Presidente da APLOP termina mandado com nota positiva\",\"datePublished\":\"2021-11-24T09:39:25+00:00\",\"mainEntityOfPage\":{\"@id\":\"https:\/\/www.cfm.co.mz\/2021\/11\/24\/presidente-da-aplop-termina-mandado-com-nota-positiva-quanto-ao-cumprimento-do-plano-de-actividades\/\"},\"wordCount\":382,\"commentCount\":0,\"publisher\":{\"@id\":\"https:\/\/www.cfm.co.mz\/#organization\"},\"image\":{\"@id\":\"https:\/\/www.cfm.co.mz\/2021\/11\/24\/presidente-da-aplop-termina-mandado-com-nota-positiva-quanto-ao-cumprimento-do-plano-de-actividades\/#primaryimage\"},\"thumbnailUrl\":\"https:\/\/www.cfm.co.mz\/wp-content\/uploads\/2021\/11\/APLOP_2021_1.jpg\",\"articleSection\":[\"Noticias\"],\"inLanguage\":\"en-US\",\"potentialAction\":[{\"@type\":\"CommentAction\",\"name\":\"Comment\",\"target\":[\"https:\/\/www.cfm.co.mz\/2021\/11\/24\/presidente-da-aplop-termina-mandado-com-nota-positiva-quanto-ao-cumprimento-do-plano-de-actividades\/#respond\"]}]},{\"@type\":\"WebPage\",\"@id\":\"https:\/\/www.cfm.co.mz\/2021\/11\/24\/presidente-da-aplop-termina-mandado-com-nota-positiva-quanto-ao-cumprimento-do-plano-de-actividades\/\",\"url\":\"https:\/\/www.cfm.co.mz\/2021\/11\/24\/presidente-da-aplop-termina-mandado-com-nota-positiva-quanto-ao-cumprimento-do-plano-de-actividades\/\",\"name\":\"Presidente da APLOP termina mandado com nota positiva - CFM - Caminhos De Ferros de Mo\u00e7ambique\",\"isPartOf\":{\"@id\":\"https:\/\/www.cfm.co.mz\/#website\"},\"primaryImageOfPage\":{\"@id\":\"https:\/\/www.cfm.co.mz\/2021\/11\/24\/presidente-da-aplop-termina-mandado-com-nota-positiva-quanto-ao-cumprimento-do-plano-de-actividades\/#primaryimage\"},\"image\":{\"@id\":\"https:\/\/www.cfm.co.mz\/2021\/11\/24\/presidente-da-aplop-termina-mandado-com-nota-positiva-quanto-ao-cumprimento-do-plano-de-actividades\/#primaryimage\"},\"thumbnailUrl\":\"https:\/\/www.cfm.co.mz\/wp-content\/uploads\/2021\/11\/APLOP_2021_1.jpg\",\"datePublished\":\"2021-11-24T09:39:25+00:00\",\"breadcrumb\":{\"@id\":\"https:\/\/www.cfm.co.mz\/2021\/11\/24\/presidente-da-aplop-termina-mandado-com-nota-positiva-quanto-ao-cumprimento-do-plano-de-actividades\/#breadcrumb\"},\"inLanguage\":\"en-US\",\"potentialAction\":[{\"@type\":\"ReadAction\",\"target\":[\"https:\/\/www.cfm.co.mz\/2021\/11\/24\/presidente-da-aplop-termina-mandado-com-nota-positiva-quanto-ao-cumprimento-do-plano-de-actividades\/\"]}]},{\"@type\":\"ImageObject\",\"inLanguage\":\"en-US\",\"@id\":\"https:\/\/www.cfm.co.mz\/2021\/11\/24\/presidente-da-aplop-termina-mandado-com-nota-positiva-quanto-ao-cumprimento-do-plano-de-actividades\/#primaryimage\",\"url\":\"https:\/\/www.cfm.co.mz\/wp-content\/uploads\/2021\/11\/APLOP_2021_1.jpg\",\"contentUrl\":\"https:\/\/www.cfm.co.mz\/wp-content\/uploads\/2021\/11\/APLOP_2021_1.jpg\",\"width\":882,\"height\":588,\"caption\":\"APLOP 2021 1\"},{\"@type\":\"BreadcrumbList\",\"@id\":\"https:\/\/www.cfm.co.mz\/2021\/11\/24\/presidente-da-aplop-termina-mandado-com-nota-positiva-quanto-ao-cumprimento-do-plano-de-actividades\/#breadcrumb\",\"itemListElement\":[{\"@type\":\"ListItem\",\"position\":1,\"name\":\"Home\",\"item\":\"https:\/\/www.cfm.co.mz\/\"},{\"@type\":\"ListItem\",\"position\":2,\"name\":\"Presidente da APLOP termina mandado com nota positiva\"}]},{\"@type\":\"WebSite\",\"@id\":\"https:\/\/www.cfm.co.mz\/#website\",\"url\":\"https:\/\/www.cfm.co.mz\/\",\"name\":\"CFM - Caminhos De Ferros de Mo\u00e7ambique\",\"description\":\"Ampliando Horizontes\",\"publisher\":{\"@id\":\"https:\/\/www.cfm.co.mz\/#organization\"},\"potentialAction\":[{\"@type\":\"SearchAction\",\"target\":{\"@type\":\"EntryPoint\",\"urlTemplate\":\"https:\/\/www.cfm.co.mz\/?s={search_term_string}\"},\"query-input\":{\"@type\":\"PropertyValueSpecification\",\"valueRequired\":true,\"valueName\":\"search_term_string\"}}],\"inLanguage\":\"en-US\"},{\"@type\":\"Organization\",\"@id\":\"https:\/\/www.cfm.co.mz\/#organization\",\"name\":\"CFM - Caminhos De Ferros de Mo\u00e7ambique\",\"url\":\"https:\/\/www.cfm.co.mz\/\",\"logo\":{\"@type\":\"ImageObject\",\"inLanguage\":\"en-US\",\"@id\":\"https:\/\/www.cfm.co.mz\/#\/schema\/logo\/image\/\",\"url\":\"https:\/\/www.cfm.co.mz\/wp-content\/uploads\/2025\/07\/be5f0679-4f5b-4d02-9719-a26ceed29162.jpg\",\"contentUrl\":\"https:\/\/www.cfm.co.mz\/wp-content\/uploads\/2025\/07\/be5f0679-4f5b-4d02-9719-a26ceed29162.jpg\",\"width\":400,\"height\":65,\"caption\":\"CFM - Caminhos De Ferros de Mo\u00e7ambique\"},\"image\":{\"@id\":\"https:\/\/www.cfm.co.mz\/#\/schema\/logo\/image\/\"},\"sameAs\":[\"https:\/\/www.facebook.com\/CFMMoz\",\"https:\/\/www.linkedin.com\/company\/caminhos-de-ferro-de-moambique\/\"]},{\"@type\":\"Person\",\"@id\":\"https:\/\/www.cfm.co.mz\/#\/schema\/person\/1bb663f3c59dc61900f6f9b1c2b53552\",\"name\":\"D\u00e9rcio Badru\",\"image\":{\"@type\":\"ImageObject\",\"inLanguage\":\"en-US\",\"@id\":\"https:\/\/www.cfm.co.mz\/#\/schema\/person\/image\/\",\"url\":\"https:\/\/www.cfm.co.mz\/wp-content\/litespeed\/avatar\/be89d6955942d7259ef76de4577d21b3.jpg?ver=1777454359\",\"contentUrl\":\"https:\/\/www.cfm.co.mz\/wp-content\/litespeed\/avatar\/be89d6955942d7259ef76de4577d21b3.jpg?ver=1777454359\",\"caption\":\"D\u00e9rcio Badru\"},\"url\":\"https:\/\/www.cfm.co.mz\/en\/author\/dercio\/\"}]}<\/script>\n<!-- \/ Yoast SEO plugin. -->","yoast_head_json":{"title":"Presidente da APLOP termina mandado com nota positiva - CFM - Caminhos De Ferros de Mo\u00e7ambique","robots":{"index":"index","follow":"follow","max-snippet":"max-snippet:-1","max-image-preview":"max-image-preview:large","max-video-preview":"max-video-preview:-1"},"canonical":"https:\/\/www.cfm.co.mz\/en\/2021\/11\/24\/presidente-da-aplop-termina-mandado-com-nota-positiva-quanto-ao-cumprimento-do-plano-de-actividades\/","og_locale":"en_US","og_type":"article","og_title":"Presidente da APLOP termina mandado com nota positiva - CFM - Caminhos De Ferros de Mo\u00e7ambique","og_description":"O ent\u00e3o Presidente da APLOP, Eng Miguel Matabel apresentou, no XII Congresso da associa\u00e7\u00e3o, o Relat\u00f3rio do mandato 2019-2021, tendo ilustrado o cumprimento do plano de actividades proposto para o per\u00edodo em refer\u00eancia. Sob o lema \u201cPortos da Lusofonia: inova\u00e7\u00e3o, resili\u00eancia e sustentabilidade ao servi\u00e7o da Economia dos Pa\u00edses da CPLP\u201d, o XII Congresso da APLOP decorreu na capital de Angola, Luanda, nos dias 15 e 16 de Novembro, em plataforma virtual e presencialmente.","og_url":"https:\/\/www.cfm.co.mz\/en\/2021\/11\/24\/presidente-da-aplop-termina-mandado-com-nota-positiva-quanto-ao-cumprimento-do-plano-de-actividades\/","og_site_name":"CFM - Caminhos De Ferros de Mo\u00e7ambique","article_publisher":"https:\/\/www.facebook.com\/CFMMoz","article_published_time":"2021-11-24T09:39:25+00:00","og_image":[{"width":882,"height":588,"url":"https:\/\/www.cfm.co.mz\/wp-content\/uploads\/2021\/11\/APLOP_2021_1.jpg","type":"image\/jpeg"}],"author":"D\u00e9rcio Badru","twitter_card":"summary_large_image","twitter_misc":{"Written by":"D\u00e9rcio Badru","Est. reading time":"2 minutes"},"schema":{"@context":"https:\/\/schema.org","@graph":[{"@type":"Article","@id":"https:\/\/www.cfm.co.mz\/2021\/11\/24\/presidente-da-aplop-termina-mandado-com-nota-positiva-quanto-ao-cumprimento-do-plano-de-actividades\/#article","isPartOf":{"@id":"https:\/\/www.cfm.co.mz\/2021\/11\/24\/presidente-da-aplop-termina-mandado-com-nota-positiva-quanto-ao-cumprimento-do-plano-de-actividades\/"},"author":{"name":"D\u00e9rcio Badru","@id":"https:\/\/www.cfm.co.mz\/#\/schema\/person\/1bb663f3c59dc61900f6f9b1c2b53552"},"headline":"Presidente da APLOP termina mandado com nota positiva","datePublished":"2021-11-24T09:39:25+00:00","mainEntityOfPage":{"@id":"https:\/\/www.cfm.co.mz\/2021\/11\/24\/presidente-da-aplop-termina-mandado-com-nota-positiva-quanto-ao-cumprimento-do-plano-de-actividades\/"},"wordCount":382,"commentCount":0,"publisher":{"@id":"https:\/\/www.cfm.co.mz\/#organization"},"image":{"@id":"https:\/\/www.cfm.co.mz\/2021\/11\/24\/presidente-da-aplop-termina-mandado-com-nota-positiva-quanto-ao-cumprimento-do-plano-de-actividades\/#primaryimage"},"thumbnailUrl":"https:\/\/www.cfm.co.mz\/wp-content\/uploads\/2021\/11\/APLOP_2021_1.jpg","articleSection":["Noticias"],"inLanguage":"en-US","potentialAction":[{"@type":"CommentAction","name":"Comment","target":["https:\/\/www.cfm.co.mz\/2021\/11\/24\/presidente-da-aplop-termina-mandado-com-nota-positiva-quanto-ao-cumprimento-do-plano-de-actividades\/#respond"]}]},{"@type":"WebPage","@id":"https:\/\/www.cfm.co.mz\/2021\/11\/24\/presidente-da-aplop-termina-mandado-com-nota-positiva-quanto-ao-cumprimento-do-plano-de-actividades\/","url":"https:\/\/www.cfm.co.mz\/2021\/11\/24\/presidente-da-aplop-termina-mandado-com-nota-positiva-quanto-ao-cumprimento-do-plano-de-actividades\/","name":"Presidente da APLOP termina mandado com nota positiva - CFM - Caminhos De Ferros de Mo\u00e7ambique","isPartOf":{"@id":"https:\/\/www.cfm.co.mz\/#website"},"primaryImageOfPage":{"@id":"https:\/\/www.cfm.co.mz\/2021\/11\/24\/presidente-da-aplop-termina-mandado-com-nota-positiva-quanto-ao-cumprimento-do-plano-de-actividades\/#primaryimage"},"image":{"@id":"https:\/\/www.cfm.co.mz\/2021\/11\/24\/presidente-da-aplop-termina-mandado-com-nota-positiva-quanto-ao-cumprimento-do-plano-de-actividades\/#primaryimage"},"thumbnailUrl":"https:\/\/www.cfm.co.mz\/wp-content\/uploads\/2021\/11\/APLOP_2021_1.jpg","datePublished":"2021-11-24T09:39:25+00:00","breadcrumb":{"@id":"https:\/\/www.cfm.co.mz\/2021\/11\/24\/presidente-da-aplop-termina-mandado-com-nota-positiva-quanto-ao-cumprimento-do-plano-de-actividades\/#breadcrumb"},"inLanguage":"en-US","potentialAction":[{"@type":"ReadAction","target":["https:\/\/www.cfm.co.mz\/2021\/11\/24\/presidente-da-aplop-termina-mandado-com-nota-positiva-quanto-ao-cumprimento-do-plano-de-actividades\/"]}]},{"@type":"ImageObject","inLanguage":"en-US","@id":"https:\/\/www.cfm.co.mz\/2021\/11\/24\/presidente-da-aplop-termina-mandado-com-nota-positiva-quanto-ao-cumprimento-do-plano-de-actividades\/#primaryimage","url":"https:\/\/www.cfm.co.mz\/wp-content\/uploads\/2021\/11\/APLOP_2021_1.jpg","contentUrl":"https:\/\/www.cfm.co.mz\/wp-content\/uploads\/2021\/11\/APLOP_2021_1.jpg","width":882,"height":588,"caption":"APLOP 2021 1"},{"@type":"BreadcrumbList","@id":"https:\/\/www.cfm.co.mz\/2021\/11\/24\/presidente-da-aplop-termina-mandado-com-nota-positiva-quanto-ao-cumprimento-do-plano-de-actividades\/#breadcrumb","itemListElement":[{"@type":"ListItem","position":1,"name":"Home","item":"https:\/\/www.cfm.co.mz\/"},{"@type":"ListItem","position":2,"name":"Presidente da APLOP termina mandado com nota positiva"}]},{"@type":"WebSite","@id":"https:\/\/www.cfm.co.mz\/#website","url":"https:\/\/www.cfm.co.mz\/","name":"CFM - Caminhos De Ferros de Mo\u00e7ambique","description":"Ampliando Horizontes","publisher":{"@id":"https:\/\/www.cfm.co.mz\/#organization"},"potentialAction":[{"@type":"SearchAction","target":{"@type":"EntryPoint","urlTemplate":"https:\/\/www.cfm.co.mz\/?s={search_term_string}"},"query-input":{"@type":"PropertyValueSpecification","valueRequired":true,"valueName":"search_term_string"}}],"inLanguage":"en-US"},{"@type":"Organization","@id":"https:\/\/www.cfm.co.mz\/#organization","name":"CFM - Caminhos De Ferros de Mo\u00e7ambique","url":"https:\/\/www.cfm.co.mz\/","logo":{"@type":"ImageObject","inLanguage":"en-US","@id":"https:\/\/www.cfm.co.mz\/#\/schema\/logo\/image\/","url":"https:\/\/www.cfm.co.mz\/wp-content\/uploads\/2025\/07\/be5f0679-4f5b-4d02-9719-a26ceed29162.jpg","contentUrl":"https:\/\/www.cfm.co.mz\/wp-content\/uploads\/2025\/07\/be5f0679-4f5b-4d02-9719-a26ceed29162.jpg","width":400,"height":65,"caption":"CFM - Caminhos De Ferros de Mo\u00e7ambique"},"image":{"@id":"https:\/\/www.cfm.co.mz\/#\/schema\/logo\/image\/"},"sameAs":["https:\/\/www.facebook.com\/CFMMoz","https:\/\/www.linkedin.com\/company\/caminhos-de-ferro-de-moambique\/"]},{"@type":"Person","@id":"https:\/\/www.cfm.co.mz\/#\/schema\/person\/1bb663f3c59dc61900f6f9b1c2b53552","name":"D\u00e9rcio Badru","image":{"@type":"ImageObject","inLanguage":"en-US","@id":"https:\/\/www.cfm.co.mz\/#\/schema\/person\/image\/","url":"https:\/\/www.cfm.co.mz\/wp-content\/litespeed\/avatar\/be89d6955942d7259ef76de4577d21b3.jpg?ver=1777454359","contentUrl":"https:\/\/www.cfm.co.mz\/wp-content\/litespeed\/avatar\/be89d6955942d7259ef76de4577d21b3.jpg?ver=1777454359","caption":"D\u00e9rcio Badru"},"url":"https:\/\/www.cfm.co.mz\/en\/author\/dercio\/"}]}},"_links":{"self":[{"href":"https:\/\/www.cfm.co.mz\/en\/wp-json\/wp\/v2\/posts\/9381","targetHints":{"allow":["GET"]}}],"collection":[{"href":"https:\/\/www.cfm.co.mz\/en\/wp-json\/wp\/v2\/posts"}],"about":[{"href":"https:\/\/www.cfm.co.mz\/en\/wp-json\/wp\/v2\/types\/post"}],"author":[{"embeddable":true,"href":"https:\/\/www.cfm.co.mz\/en\/wp-json\/wp\/v2\/users\/94"}],"replies":[{"embeddable":true,"href":"https:\/\/www.cfm.co.mz\/en\/wp-json\/wp\/v2\/comments?post=9381"}],"version-history":[{"count":0,"href":"https:\/\/www.cfm.co.mz\/en\/wp-json\/wp\/v2\/posts\/9381\/revisions"}],"wp:featuredmedia":[{"embeddable":true,"href":"https:\/\/www.cfm.co.mz\/en\/wp-json\/wp\/v2\/media\/9380"}],"wp:attachment":[{"href":"https:\/\/www.cfm.co.mz\/en\/wp-json\/wp\/v2\/media?parent=9381"}],"wp:term":[{"taxonomy":"category","embeddable":true,"href":"https:\/\/www.cfm.co.mz\/en\/wp-json\/wp\/v2\/categories?post=9381"},{"taxonomy":"post_tag","embeddable":true,"href":"https:\/\/www.cfm.co.mz\/en\/wp-json\/wp\/v2\/tags?post=9381"}],"curies":[{"name":"wp","href":"https:\/\/api.w.org\/{rel}","templated":true}]}}