{"id":9364,"date":"2021-06-01T19:16:39","date_gmt":"2021-06-01T19:16:39","guid":{"rendered":"https:\/\/www.cfm.co.mz\/2021\/06\/01\/presidente-da-republica-preside-a-cerimonia-de-lancamento-da-1-pedra-para-a-reconstrucao-da-linha-ferrea-dona-ana-vila-nova-da-fronteira-2\/"},"modified":"2021-06-01T19:16:39","modified_gmt":"2021-06-01T19:16:39","slug":"presidente-da-republica-preside-a-cerimonia-de-lancamento-da-1-pedra-para-a-reconstrucao-da-linha-ferrea-dona-ana-vila-nova-da-fronteira-2","status":"publish","type":"post","link":"https:\/\/www.cfm.co.mz\/en\/2021\/06\/01\/presidente-da-republica-preside-a-cerimonia-de-lancamento-da-1-pedra-para-a-reconstrucao-da-linha-ferrea-dona-ana-vila-nova-da-fronteira-2\/","title":{"rendered":"Presidente da Rep\u00fablica preside a Cerim\u00f3nia de Lan\u00e7amento da 1\u00aa  Pedra para a Reconstru\u00e7\u00e3o da Linha F\u00e9rrea Dona Ana &#8211; Vila Nova da Fronteira"},"content":{"rendered":"<p style=\"text-align: justify;\"><a href=\"http:\/\/www.cfm.co.mz\/wp-content\/uploads\/2021\/06\/PR_no_lancamento_da_primeira_pedra_para_a_reconstrucao_da_linha_ferrea_Dona_Ana_-_Vila_Nova_da_Fronteira.jpg\" type=\"image\/jpeg\" class=\"jcepopup zoom-bottom-right\" data-mediabox=\"1\" data-mediabox-width=\"800\" data-mediabox-height=\"600\" data-mediabox-caption=\"PR, no lan\u00e7amento da primeira pedra para a reconstru\u00e7\u00e3o da linha f\u00e9rrea Dona Ana - Vila Nova da Fronteira\"><img decoding=\"async\" src=\"http:\/\/www.cfm.co.mz\/wp-content\/uploads\/2021\/06\/PR_no_lancamento_da_primeira_pedra_para_a_reconstrucao_da_linha_ferrea_Dona_Ana_-_Vila_Nova_da_Fronteira.jpg\" alt=\"PR no lan\u00e7amento da primeira pedra para a reconstru\u00e7\u00e3o da linha f\u00e9rrea Dona Ana Vila Nova da Fronteira\" width=\"250\" height=\"167\" style=\"margin: 10px; float: left;\" \/><\/a>O Presidente da Rep\u00fablica de Mo\u00e7ambique, Filipe Nyusi, presidiu no \u00faltimo s\u00e1bado, 29 de Maio, no distrito de Mutarara, na prov\u00edncia de Tete, o lan\u00e7amento da primeira pedra para a reconstru\u00e7\u00e3o da linha f\u00e9rrea Dona Ana\/ Vila Nova da Fronteira, tro\u00e7o respons\u00e1vel pela liga\u00e7\u00e3o ferrovi\u00e1ria entre Mo\u00e7ambique e Malawi.<\/p>\n<p style=\"text-align: justify;\">A infra-estrutura a ser reconstru\u00edda possui cerca de 44.6 km de extens\u00e3o, e tem em vista permitir a circula\u00e7\u00e3o de comboios comerciais,&nbsp;bem como comboios de passageiros, partindo do Porto da Beira at\u00e9 ao vizinho Malawi,&nbsp;e vice-versa.<\/p>\n<p><!--more--><\/p>\n<p style=\"text-align: justify;\">A cerim\u00f3nia contou com a participa\u00e7\u00e3o do Ministro dos Transportes e Comunica\u00e7\u00f5es, Janfar Abdulai, do Ministro da Sa\u00fade, Armindo Tiago, do Vice-Ministro de Mar, \u00c1guas Interiores e Pescas, Henriques Bongece, da Secret\u00e1ria do Estado, Elisa Zacarias, do Governador da Prov\u00edncia de Tete, Domingos Viola, da Representante do Governo Malawiano, entre outros quadros e institui\u00e7\u00f5es do Estado.<\/p>\n<p style=\"text-align: justify;\"><a href=\"http:\/\/www.cfm.co.mz\/wp-content\/uploads\/2021\/06\/Filipe_Nyusi_presidindo_a_Cerimonia-scaled.jpg\" type=\"image\/jpeg\" class=\"jcepopup zoom-bottom-right\" data-mediabox=\"1\" data-mediabox-width=\"800\" data-mediabox-height=\"600\" data-mediabox-caption=\"PR presidindo a Cerim\u00f3nia de Lan\u00e7amento da 1\u00aa  Pedra para a Reconstru\u00e7\u00e3o da Linha F\u00e9rrea Dona Ana - Vila Nova da Fronteira\"><img decoding=\"async\" src=\"http:\/\/www.cfm.co.mz\/wp-content\/uploads\/2021\/06\/Filipe_Nyusi_presidindo_a_Cerimonia-scaled.jpg\" alt=\"Filipe Nyusi presidindo a Cerim\u00f3nia\" width=\"250\" height=\"167\" style=\"margin: 10px; float: right;\" \/><\/a>O Presidente da Rep\u00fablica frisou que a Linha f\u00e9rrea ora em reconstru\u00e7\u00e3o, ser\u00e1 um colossal dinamizador do sector econ\u00f3mico e social de Mo\u00e7ambique e da regi\u00e3o da SADC pois, <em>\u201ccom esta liga\u00e7\u00e3o ferrovi\u00e1ria, materializa-se o desejo de Mo\u00e7ambique e Malawi de melhorar a log\u00edstica de importa\u00e7\u00f5es e exporta\u00e7\u00f5es entre os dois pa\u00edses e com o resto da regi\u00e3o\u201d<\/em>, referiu Filipe Nyusi.<\/p>\n<p>Falando na ocasi\u00e3o, o PCA do CFM, Miguel Matabel, frisou a import\u00e2ncia deste projecto de reconstru\u00e7\u00e3o n\u00e3o s\u00f3 para a economia do pa\u00eds, mas tamb\u00e9m para o melhoramento da vida dos mo\u00e7ambicanos residentes na regi\u00e3o.&nbsp;<em>\u201cA reabilita\u00e7\u00e3o desta infraestrutura ir\u00e1 contribuir para a cria\u00e7\u00e3o de mais de 150 novos postos de trabalho, em que pretendemos contratar m\u00e3o-de-obra local. Prevemos ainda a constitui\u00e7\u00e3o de uma escola t\u00e9cnico profissional, que poder\u00e1 contribuir para a forma\u00e7\u00e3o de quadros nesta regi\u00e3o do pa\u00eds.\u201d<\/em> Afirmou Matabel.<\/p>\n<p style=\"text-align: justify;\">Refira-se que a linha f\u00e9rrea Dona Ana\/ Vila Nova da Fronteira, que constitui a maior ponte ferrovi\u00e1ria da \u00c1frica Austral e uma das maiores de \u00c1frica, encontra-se paralisada desde Setembro de 1986.<\/p>","protected":false},"excerpt":{"rendered":"<p>O Presidente da Rep\u00fablica de Mo\u00e7ambique, Filipe Nyusi, presidiu no \u00faltimo s\u00e1bado, 29 de Maio, no distrito de Mutarara, na prov\u00edncia de Tete, o lan\u00e7amento da primeira pedra para a reconstru\u00e7\u00e3o da linha f\u00e9rrea Dona Ana\/ Vila Nova da Fronteira, tro\u00e7o respons\u00e1vel pela liga\u00e7\u00e3o ferrovi\u00e1ria entre Mo\u00e7ambique e Malawi. A infra-estrutura a ser reconstru\u00edda possui cerca de 44.6 km de extens\u00e3o, e tem em vista permitir a circula\u00e7\u00e3o de comboios comerciais,&nbsp;bem como comboios de passageiros, partindo do Porto da Beira at\u00e9 ao vizinho Malawi,&nbsp;e vice-versa.<\/p>","protected":false},"author":94,"featured_media":9353,"comment_status":"open","ping_status":"open","sticky":false,"template":"","format":"standard","meta":{"_acf_changed":false,"pgc_sgb_lightbox_settings":"","footnotes":""},"categories":[680],"tags":[],"class_list":["post-9364","post","type-post","status-publish","format-standard","has-post-thumbnail","hentry","category-noticias"],"acf":[],"yoast_head":"<!-- This site is optimized with the Yoast SEO plugin v26.5 - https:\/\/yoast.com\/wordpress\/plugins\/seo\/ -->\n<title>Presidente da Rep\u00fablica preside a Cerim\u00f3nia de Lan\u00e7amento da 1\u00aa Pedra para a Reconstru\u00e7\u00e3o da Linha F\u00e9rrea Dona Ana - Vila Nova da Fronteira - CFM - Caminhos De Ferros de Mo\u00e7ambique<\/title>\n<meta name=\"robots\" content=\"index, follow, max-snippet:-1, max-image-preview:large, max-video-preview:-1\" \/>\n<link rel=\"canonical\" href=\"https:\/\/www.cfm.co.mz\/en\/2021\/06\/01\/presidente-da-republica-preside-a-cerimonia-de-lancamento-da-1-pedra-para-a-reconstrucao-da-linha-ferrea-dona-ana-vila-nova-da-fronteira-2\/\" \/>\n<meta property=\"og:locale\" content=\"en_US\" \/>\n<meta property=\"og:type\" content=\"article\" \/>\n<meta property=\"og:title\" content=\"Presidente da Rep\u00fablica preside a Cerim\u00f3nia de Lan\u00e7amento da 1\u00aa Pedra para a Reconstru\u00e7\u00e3o da Linha F\u00e9rrea Dona Ana - Vila Nova da Fronteira - CFM - Caminhos De Ferros de Mo\u00e7ambique\" \/>\n<meta property=\"og:description\" content=\"O Presidente da Rep\u00fablica de Mo\u00e7ambique, Filipe Nyusi, presidiu no \u00faltimo s\u00e1bado, 29 de Maio, no distrito de Mutarara, na prov\u00edncia de Tete, o lan\u00e7amento da primeira pedra para a reconstru\u00e7\u00e3o da linha f\u00e9rrea Dona Ana\/ Vila Nova da Fronteira, tro\u00e7o respons\u00e1vel pela liga\u00e7\u00e3o ferrovi\u00e1ria entre Mo\u00e7ambique e Malawi. A infra-estrutura a ser reconstru\u00edda possui cerca de 44.6 km de extens\u00e3o, e tem em vista permitir a circula\u00e7\u00e3o de comboios comerciais,&nbsp;bem como comboios de passageiros, partindo do Porto da Beira at\u00e9 ao vizinho Malawi,&nbsp;e vice-versa.\" \/>\n<meta property=\"og:url\" content=\"https:\/\/www.cfm.co.mz\/en\/2021\/06\/01\/presidente-da-republica-preside-a-cerimonia-de-lancamento-da-1-pedra-para-a-reconstrucao-da-linha-ferrea-dona-ana-vila-nova-da-fronteira-2\/\" \/>\n<meta property=\"og:site_name\" content=\"CFM - Caminhos De Ferros de Mo\u00e7ambique\" \/>\n<meta property=\"article:publisher\" content=\"https:\/\/www.facebook.com\/CFMMoz\" \/>\n<meta property=\"article:published_time\" content=\"2021-06-01T19:16:39+00:00\" \/>\n<meta property=\"og:image\" content=\"https:\/\/www.cfm.co.mz\/wp-content\/uploads\/2021\/06\/PR_no_lancamento_da_primeira_pedra_para_a_reconstrucao_da_linha_ferrea_Dona_Ana_-_Vila_Nova_da_Fronteira.jpg\" \/>\n\t<meta property=\"og:image:width\" content=\"1966\" \/>\n\t<meta property=\"og:image:height\" content=\"1311\" \/>\n\t<meta property=\"og:image:type\" content=\"image\/jpeg\" \/>\n<meta name=\"author\" content=\"D\u00e9rcio Badru\" \/>\n<meta name=\"twitter:card\" content=\"summary_large_image\" \/>\n<meta name=\"twitter:label1\" content=\"Written by\" \/>\n\t<meta name=\"twitter:data1\" content=\"D\u00e9rcio Badru\" \/>\n\t<meta name=\"twitter:label2\" content=\"Est. reading time\" \/>\n\t<meta name=\"twitter:data2\" content=\"2 minutes\" \/>\n<script type=\"application\/ld+json\" class=\"yoast-schema-graph\">{\"@context\":\"https:\/\/schema.org\",\"@graph\":[{\"@type\":\"Article\",\"@id\":\"https:\/\/www.cfm.co.mz\/2021\/06\/01\/presidente-da-republica-preside-a-cerimonia-de-lancamento-da-1-pedra-para-a-reconstrucao-da-linha-ferrea-dona-ana-vila-nova-da-fronteira-2\/#article\",\"isPartOf\":{\"@id\":\"https:\/\/www.cfm.co.mz\/2021\/06\/01\/presidente-da-republica-preside-a-cerimonia-de-lancamento-da-1-pedra-para-a-reconstrucao-da-linha-ferrea-dona-ana-vila-nova-da-fronteira-2\/\"},\"author\":{\"name\":\"D\u00e9rcio Badru\",\"@id\":\"https:\/\/www.cfm.co.mz\/#\/schema\/person\/1bb663f3c59dc61900f6f9b1c2b53552\"},\"headline\":\"Presidente da Rep\u00fablica preside a Cerim\u00f3nia de Lan\u00e7amento da 1\u00aa Pedra para a Reconstru\u00e7\u00e3o da Linha F\u00e9rrea Dona Ana &#8211; Vila Nova da Fronteira\",\"datePublished\":\"2021-06-01T19:16:39+00:00\",\"mainEntityOfPage\":{\"@id\":\"https:\/\/www.cfm.co.mz\/2021\/06\/01\/presidente-da-republica-preside-a-cerimonia-de-lancamento-da-1-pedra-para-a-reconstrucao-da-linha-ferrea-dona-ana-vila-nova-da-fronteira-2\/\"},\"wordCount\":398,\"commentCount\":0,\"publisher\":{\"@id\":\"https:\/\/www.cfm.co.mz\/#organization\"},\"image\":{\"@id\":\"https:\/\/www.cfm.co.mz\/2021\/06\/01\/presidente-da-republica-preside-a-cerimonia-de-lancamento-da-1-pedra-para-a-reconstrucao-da-linha-ferrea-dona-ana-vila-nova-da-fronteira-2\/#primaryimage\"},\"thumbnailUrl\":\"https:\/\/www.cfm.co.mz\/wp-content\/uploads\/2021\/06\/PR_no_lancamento_da_primeira_pedra_para_a_reconstrucao_da_linha_ferrea_Dona_Ana_-_Vila_Nova_da_Fronteira.jpg\",\"articleSection\":[\"Noticias\"],\"inLanguage\":\"en-US\",\"potentialAction\":[{\"@type\":\"CommentAction\",\"name\":\"Comment\",\"target\":[\"https:\/\/www.cfm.co.mz\/2021\/06\/01\/presidente-da-republica-preside-a-cerimonia-de-lancamento-da-1-pedra-para-a-reconstrucao-da-linha-ferrea-dona-ana-vila-nova-da-fronteira-2\/#respond\"]}]},{\"@type\":\"WebPage\",\"@id\":\"https:\/\/www.cfm.co.mz\/2021\/06\/01\/presidente-da-republica-preside-a-cerimonia-de-lancamento-da-1-pedra-para-a-reconstrucao-da-linha-ferrea-dona-ana-vila-nova-da-fronteira-2\/\",\"url\":\"https:\/\/www.cfm.co.mz\/2021\/06\/01\/presidente-da-republica-preside-a-cerimonia-de-lancamento-da-1-pedra-para-a-reconstrucao-da-linha-ferrea-dona-ana-vila-nova-da-fronteira-2\/\",\"name\":\"Presidente da Rep\u00fablica preside a Cerim\u00f3nia de Lan\u00e7amento da 1\u00aa Pedra para a Reconstru\u00e7\u00e3o da Linha F\u00e9rrea Dona Ana - Vila Nova da Fronteira - CFM - Caminhos De Ferros de Mo\u00e7ambique\",\"isPartOf\":{\"@id\":\"https:\/\/www.cfm.co.mz\/#website\"},\"primaryImageOfPage\":{\"@id\":\"https:\/\/www.cfm.co.mz\/2021\/06\/01\/presidente-da-republica-preside-a-cerimonia-de-lancamento-da-1-pedra-para-a-reconstrucao-da-linha-ferrea-dona-ana-vila-nova-da-fronteira-2\/#primaryimage\"},\"image\":{\"@id\":\"https:\/\/www.cfm.co.mz\/2021\/06\/01\/presidente-da-republica-preside-a-cerimonia-de-lancamento-da-1-pedra-para-a-reconstrucao-da-linha-ferrea-dona-ana-vila-nova-da-fronteira-2\/#primaryimage\"},\"thumbnailUrl\":\"https:\/\/www.cfm.co.mz\/wp-content\/uploads\/2021\/06\/PR_no_lancamento_da_primeira_pedra_para_a_reconstrucao_da_linha_ferrea_Dona_Ana_-_Vila_Nova_da_Fronteira.jpg\",\"datePublished\":\"2021-06-01T19:16:39+00:00\",\"breadcrumb\":{\"@id\":\"https:\/\/www.cfm.co.mz\/2021\/06\/01\/presidente-da-republica-preside-a-cerimonia-de-lancamento-da-1-pedra-para-a-reconstrucao-da-linha-ferrea-dona-ana-vila-nova-da-fronteira-2\/#breadcrumb\"},\"inLanguage\":\"en-US\",\"potentialAction\":[{\"@type\":\"ReadAction\",\"target\":[\"https:\/\/www.cfm.co.mz\/2021\/06\/01\/presidente-da-republica-preside-a-cerimonia-de-lancamento-da-1-pedra-para-a-reconstrucao-da-linha-ferrea-dona-ana-vila-nova-da-fronteira-2\/\"]}]},{\"@type\":\"ImageObject\",\"inLanguage\":\"en-US\",\"@id\":\"https:\/\/www.cfm.co.mz\/2021\/06\/01\/presidente-da-republica-preside-a-cerimonia-de-lancamento-da-1-pedra-para-a-reconstrucao-da-linha-ferrea-dona-ana-vila-nova-da-fronteira-2\/#primaryimage\",\"url\":\"https:\/\/www.cfm.co.mz\/wp-content\/uploads\/2021\/06\/PR_no_lancamento_da_primeira_pedra_para_a_reconstrucao_da_linha_ferrea_Dona_Ana_-_Vila_Nova_da_Fronteira.jpg\",\"contentUrl\":\"https:\/\/www.cfm.co.mz\/wp-content\/uploads\/2021\/06\/PR_no_lancamento_da_primeira_pedra_para_a_reconstrucao_da_linha_ferrea_Dona_Ana_-_Vila_Nova_da_Fronteira.jpg\",\"width\":1966,\"height\":1311,\"caption\":\"PR no lan\u00e7amento da primeira pedra para a reconstru\u00e7\u00e3o da linha f\u00e9rrea Dona Ana Vila Nova da Fronteira\"},{\"@type\":\"BreadcrumbList\",\"@id\":\"https:\/\/www.cfm.co.mz\/2021\/06\/01\/presidente-da-republica-preside-a-cerimonia-de-lancamento-da-1-pedra-para-a-reconstrucao-da-linha-ferrea-dona-ana-vila-nova-da-fronteira-2\/#breadcrumb\",\"itemListElement\":[{\"@type\":\"ListItem\",\"position\":1,\"name\":\"Home\",\"item\":\"https:\/\/www.cfm.co.mz\/\"},{\"@type\":\"ListItem\",\"position\":2,\"name\":\"Presidente da Rep\u00fablica preside a Cerim\u00f3nia de Lan\u00e7amento da 1\u00aa Pedra para a Reconstru\u00e7\u00e3o da Linha F\u00e9rrea Dona Ana &#8211; Vila Nova da Fronteira\"}]},{\"@type\":\"WebSite\",\"@id\":\"https:\/\/www.cfm.co.mz\/#website\",\"url\":\"https:\/\/www.cfm.co.mz\/\",\"name\":\"CFM - Caminhos De Ferros de Mo\u00e7ambique\",\"description\":\"Ampliando Horizontes\",\"publisher\":{\"@id\":\"https:\/\/www.cfm.co.mz\/#organization\"},\"potentialAction\":[{\"@type\":\"SearchAction\",\"target\":{\"@type\":\"EntryPoint\",\"urlTemplate\":\"https:\/\/www.cfm.co.mz\/?s={search_term_string}\"},\"query-input\":{\"@type\":\"PropertyValueSpecification\",\"valueRequired\":true,\"valueName\":\"search_term_string\"}}],\"inLanguage\":\"en-US\"},{\"@type\":\"Organization\",\"@id\":\"https:\/\/www.cfm.co.mz\/#organization\",\"name\":\"CFM - Caminhos De Ferros de Mo\u00e7ambique\",\"url\":\"https:\/\/www.cfm.co.mz\/\",\"logo\":{\"@type\":\"ImageObject\",\"inLanguage\":\"en-US\",\"@id\":\"https:\/\/www.cfm.co.mz\/#\/schema\/logo\/image\/\",\"url\":\"https:\/\/www.cfm.co.mz\/wp-content\/uploads\/2025\/07\/be5f0679-4f5b-4d02-9719-a26ceed29162.jpg\",\"contentUrl\":\"https:\/\/www.cfm.co.mz\/wp-content\/uploads\/2025\/07\/be5f0679-4f5b-4d02-9719-a26ceed29162.jpg\",\"width\":400,\"height\":65,\"caption\":\"CFM - Caminhos De Ferros de Mo\u00e7ambique\"},\"image\":{\"@id\":\"https:\/\/www.cfm.co.mz\/#\/schema\/logo\/image\/\"},\"sameAs\":[\"https:\/\/www.facebook.com\/CFMMoz\",\"https:\/\/www.linkedin.com\/company\/caminhos-de-ferro-de-moambique\/\"]},{\"@type\":\"Person\",\"@id\":\"https:\/\/www.cfm.co.mz\/#\/schema\/person\/1bb663f3c59dc61900f6f9b1c2b53552\",\"name\":\"D\u00e9rcio Badru\",\"image\":{\"@type\":\"ImageObject\",\"inLanguage\":\"en-US\",\"@id\":\"https:\/\/www.cfm.co.mz\/#\/schema\/person\/image\/\",\"url\":\"https:\/\/www.cfm.co.mz\/wp-content\/litespeed\/avatar\/be89d6955942d7259ef76de4577d21b3.jpg?ver=1777454359\",\"contentUrl\":\"https:\/\/www.cfm.co.mz\/wp-content\/litespeed\/avatar\/be89d6955942d7259ef76de4577d21b3.jpg?ver=1777454359\",\"caption\":\"D\u00e9rcio Badru\"},\"url\":\"https:\/\/www.cfm.co.mz\/en\/author\/dercio\/\"}]}<\/script>\n<!-- \/ Yoast SEO plugin. -->","yoast_head_json":{"title":"Presidente da Rep\u00fablica preside a Cerim\u00f3nia de Lan\u00e7amento da 1\u00aa Pedra para a Reconstru\u00e7\u00e3o da Linha F\u00e9rrea Dona Ana - Vila Nova da Fronteira - CFM - Caminhos De Ferros de Mo\u00e7ambique","robots":{"index":"index","follow":"follow","max-snippet":"max-snippet:-1","max-image-preview":"max-image-preview:large","max-video-preview":"max-video-preview:-1"},"canonical":"https:\/\/www.cfm.co.mz\/en\/2021\/06\/01\/presidente-da-republica-preside-a-cerimonia-de-lancamento-da-1-pedra-para-a-reconstrucao-da-linha-ferrea-dona-ana-vila-nova-da-fronteira-2\/","og_locale":"en_US","og_type":"article","og_title":"Presidente da Rep\u00fablica preside a Cerim\u00f3nia de Lan\u00e7amento da 1\u00aa Pedra para a Reconstru\u00e7\u00e3o da Linha F\u00e9rrea Dona Ana - Vila Nova da Fronteira - CFM - Caminhos De Ferros de Mo\u00e7ambique","og_description":"O Presidente da Rep\u00fablica de Mo\u00e7ambique, Filipe Nyusi, presidiu no \u00faltimo s\u00e1bado, 29 de Maio, no distrito de Mutarara, na prov\u00edncia de Tete, o lan\u00e7amento da primeira pedra para a reconstru\u00e7\u00e3o da linha f\u00e9rrea Dona Ana\/ Vila Nova da Fronteira, tro\u00e7o respons\u00e1vel pela liga\u00e7\u00e3o ferrovi\u00e1ria entre Mo\u00e7ambique e Malawi. A infra-estrutura a ser reconstru\u00edda possui cerca de 44.6 km de extens\u00e3o, e tem em vista permitir a circula\u00e7\u00e3o de comboios comerciais,&nbsp;bem como comboios de passageiros, partindo do Porto da Beira at\u00e9 ao vizinho Malawi,&nbsp;e vice-versa.","og_url":"https:\/\/www.cfm.co.mz\/en\/2021\/06\/01\/presidente-da-republica-preside-a-cerimonia-de-lancamento-da-1-pedra-para-a-reconstrucao-da-linha-ferrea-dona-ana-vila-nova-da-fronteira-2\/","og_site_name":"CFM - Caminhos De Ferros de Mo\u00e7ambique","article_publisher":"https:\/\/www.facebook.com\/CFMMoz","article_published_time":"2021-06-01T19:16:39+00:00","og_image":[{"width":1966,"height":1311,"url":"https:\/\/www.cfm.co.mz\/wp-content\/uploads\/2021\/06\/PR_no_lancamento_da_primeira_pedra_para_a_reconstrucao_da_linha_ferrea_Dona_Ana_-_Vila_Nova_da_Fronteira.jpg","type":"image\/jpeg"}],"author":"D\u00e9rcio Badru","twitter_card":"summary_large_image","twitter_misc":{"Written by":"D\u00e9rcio Badru","Est. reading time":"2 minutes"},"schema":{"@context":"https:\/\/schema.org","@graph":[{"@type":"Article","@id":"https:\/\/www.cfm.co.mz\/2021\/06\/01\/presidente-da-republica-preside-a-cerimonia-de-lancamento-da-1-pedra-para-a-reconstrucao-da-linha-ferrea-dona-ana-vila-nova-da-fronteira-2\/#article","isPartOf":{"@id":"https:\/\/www.cfm.co.mz\/2021\/06\/01\/presidente-da-republica-preside-a-cerimonia-de-lancamento-da-1-pedra-para-a-reconstrucao-da-linha-ferrea-dona-ana-vila-nova-da-fronteira-2\/"},"author":{"name":"D\u00e9rcio Badru","@id":"https:\/\/www.cfm.co.mz\/#\/schema\/person\/1bb663f3c59dc61900f6f9b1c2b53552"},"headline":"Presidente da Rep\u00fablica preside a Cerim\u00f3nia de Lan\u00e7amento da 1\u00aa Pedra para a Reconstru\u00e7\u00e3o da Linha F\u00e9rrea Dona Ana &#8211; Vila Nova da Fronteira","datePublished":"2021-06-01T19:16:39+00:00","mainEntityOfPage":{"@id":"https:\/\/www.cfm.co.mz\/2021\/06\/01\/presidente-da-republica-preside-a-cerimonia-de-lancamento-da-1-pedra-para-a-reconstrucao-da-linha-ferrea-dona-ana-vila-nova-da-fronteira-2\/"},"wordCount":398,"commentCount":0,"publisher":{"@id":"https:\/\/www.cfm.co.mz\/#organization"},"image":{"@id":"https:\/\/www.cfm.co.mz\/2021\/06\/01\/presidente-da-republica-preside-a-cerimonia-de-lancamento-da-1-pedra-para-a-reconstrucao-da-linha-ferrea-dona-ana-vila-nova-da-fronteira-2\/#primaryimage"},"thumbnailUrl":"https:\/\/www.cfm.co.mz\/wp-content\/uploads\/2021\/06\/PR_no_lancamento_da_primeira_pedra_para_a_reconstrucao_da_linha_ferrea_Dona_Ana_-_Vila_Nova_da_Fronteira.jpg","articleSection":["Noticias"],"inLanguage":"en-US","potentialAction":[{"@type":"CommentAction","name":"Comment","target":["https:\/\/www.cfm.co.mz\/2021\/06\/01\/presidente-da-republica-preside-a-cerimonia-de-lancamento-da-1-pedra-para-a-reconstrucao-da-linha-ferrea-dona-ana-vila-nova-da-fronteira-2\/#respond"]}]},{"@type":"WebPage","@id":"https:\/\/www.cfm.co.mz\/2021\/06\/01\/presidente-da-republica-preside-a-cerimonia-de-lancamento-da-1-pedra-para-a-reconstrucao-da-linha-ferrea-dona-ana-vila-nova-da-fronteira-2\/","url":"https:\/\/www.cfm.co.mz\/2021\/06\/01\/presidente-da-republica-preside-a-cerimonia-de-lancamento-da-1-pedra-para-a-reconstrucao-da-linha-ferrea-dona-ana-vila-nova-da-fronteira-2\/","name":"Presidente da Rep\u00fablica preside a Cerim\u00f3nia de Lan\u00e7amento da 1\u00aa Pedra para a Reconstru\u00e7\u00e3o da Linha F\u00e9rrea Dona Ana - Vila Nova da Fronteira - CFM - Caminhos De Ferros de Mo\u00e7ambique","isPartOf":{"@id":"https:\/\/www.cfm.co.mz\/#website"},"primaryImageOfPage":{"@id":"https:\/\/www.cfm.co.mz\/2021\/06\/01\/presidente-da-republica-preside-a-cerimonia-de-lancamento-da-1-pedra-para-a-reconstrucao-da-linha-ferrea-dona-ana-vila-nova-da-fronteira-2\/#primaryimage"},"image":{"@id":"https:\/\/www.cfm.co.mz\/2021\/06\/01\/presidente-da-republica-preside-a-cerimonia-de-lancamento-da-1-pedra-para-a-reconstrucao-da-linha-ferrea-dona-ana-vila-nova-da-fronteira-2\/#primaryimage"},"thumbnailUrl":"https:\/\/www.cfm.co.mz\/wp-content\/uploads\/2021\/06\/PR_no_lancamento_da_primeira_pedra_para_a_reconstrucao_da_linha_ferrea_Dona_Ana_-_Vila_Nova_da_Fronteira.jpg","datePublished":"2021-06-01T19:16:39+00:00","breadcrumb":{"@id":"https:\/\/www.cfm.co.mz\/2021\/06\/01\/presidente-da-republica-preside-a-cerimonia-de-lancamento-da-1-pedra-para-a-reconstrucao-da-linha-ferrea-dona-ana-vila-nova-da-fronteira-2\/#breadcrumb"},"inLanguage":"en-US","potentialAction":[{"@type":"ReadAction","target":["https:\/\/www.cfm.co.mz\/2021\/06\/01\/presidente-da-republica-preside-a-cerimonia-de-lancamento-da-1-pedra-para-a-reconstrucao-da-linha-ferrea-dona-ana-vila-nova-da-fronteira-2\/"]}]},{"@type":"ImageObject","inLanguage":"en-US","@id":"https:\/\/www.cfm.co.mz\/2021\/06\/01\/presidente-da-republica-preside-a-cerimonia-de-lancamento-da-1-pedra-para-a-reconstrucao-da-linha-ferrea-dona-ana-vila-nova-da-fronteira-2\/#primaryimage","url":"https:\/\/www.cfm.co.mz\/wp-content\/uploads\/2021\/06\/PR_no_lancamento_da_primeira_pedra_para_a_reconstrucao_da_linha_ferrea_Dona_Ana_-_Vila_Nova_da_Fronteira.jpg","contentUrl":"https:\/\/www.cfm.co.mz\/wp-content\/uploads\/2021\/06\/PR_no_lancamento_da_primeira_pedra_para_a_reconstrucao_da_linha_ferrea_Dona_Ana_-_Vila_Nova_da_Fronteira.jpg","width":1966,"height":1311,"caption":"PR no lan\u00e7amento da primeira pedra para a reconstru\u00e7\u00e3o da linha f\u00e9rrea Dona Ana Vila Nova da Fronteira"},{"@type":"BreadcrumbList","@id":"https:\/\/www.cfm.co.mz\/2021\/06\/01\/presidente-da-republica-preside-a-cerimonia-de-lancamento-da-1-pedra-para-a-reconstrucao-da-linha-ferrea-dona-ana-vila-nova-da-fronteira-2\/#breadcrumb","itemListElement":[{"@type":"ListItem","position":1,"name":"Home","item":"https:\/\/www.cfm.co.mz\/"},{"@type":"ListItem","position":2,"name":"Presidente da Rep\u00fablica preside a Cerim\u00f3nia de Lan\u00e7amento da 1\u00aa Pedra para a Reconstru\u00e7\u00e3o da Linha F\u00e9rrea Dona Ana &#8211; Vila Nova da Fronteira"}]},{"@type":"WebSite","@id":"https:\/\/www.cfm.co.mz\/#website","url":"https:\/\/www.cfm.co.mz\/","name":"CFM - Caminhos De Ferros de Mo\u00e7ambique","description":"Ampliando Horizontes","publisher":{"@id":"https:\/\/www.cfm.co.mz\/#organization"},"potentialAction":[{"@type":"SearchAction","target":{"@type":"EntryPoint","urlTemplate":"https:\/\/www.cfm.co.mz\/?s={search_term_string}"},"query-input":{"@type":"PropertyValueSpecification","valueRequired":true,"valueName":"search_term_string"}}],"inLanguage":"en-US"},{"@type":"Organization","@id":"https:\/\/www.cfm.co.mz\/#organization","name":"CFM - Caminhos De Ferros de Mo\u00e7ambique","url":"https:\/\/www.cfm.co.mz\/","logo":{"@type":"ImageObject","inLanguage":"en-US","@id":"https:\/\/www.cfm.co.mz\/#\/schema\/logo\/image\/","url":"https:\/\/www.cfm.co.mz\/wp-content\/uploads\/2025\/07\/be5f0679-4f5b-4d02-9719-a26ceed29162.jpg","contentUrl":"https:\/\/www.cfm.co.mz\/wp-content\/uploads\/2025\/07\/be5f0679-4f5b-4d02-9719-a26ceed29162.jpg","width":400,"height":65,"caption":"CFM - Caminhos De Ferros de Mo\u00e7ambique"},"image":{"@id":"https:\/\/www.cfm.co.mz\/#\/schema\/logo\/image\/"},"sameAs":["https:\/\/www.facebook.com\/CFMMoz","https:\/\/www.linkedin.com\/company\/caminhos-de-ferro-de-moambique\/"]},{"@type":"Person","@id":"https:\/\/www.cfm.co.mz\/#\/schema\/person\/1bb663f3c59dc61900f6f9b1c2b53552","name":"D\u00e9rcio Badru","image":{"@type":"ImageObject","inLanguage":"en-US","@id":"https:\/\/www.cfm.co.mz\/#\/schema\/person\/image\/","url":"https:\/\/www.cfm.co.mz\/wp-content\/litespeed\/avatar\/be89d6955942d7259ef76de4577d21b3.jpg?ver=1777454359","contentUrl":"https:\/\/www.cfm.co.mz\/wp-content\/litespeed\/avatar\/be89d6955942d7259ef76de4577d21b3.jpg?ver=1777454359","caption":"D\u00e9rcio Badru"},"url":"https:\/\/www.cfm.co.mz\/en\/author\/dercio\/"}]}},"_links":{"self":[{"href":"https:\/\/www.cfm.co.mz\/en\/wp-json\/wp\/v2\/posts\/9364","targetHints":{"allow":["GET"]}}],"collection":[{"href":"https:\/\/www.cfm.co.mz\/en\/wp-json\/wp\/v2\/posts"}],"about":[{"href":"https:\/\/www.cfm.co.mz\/en\/wp-json\/wp\/v2\/types\/post"}],"author":[{"embeddable":true,"href":"https:\/\/www.cfm.co.mz\/en\/wp-json\/wp\/v2\/users\/94"}],"replies":[{"embeddable":true,"href":"https:\/\/www.cfm.co.mz\/en\/wp-json\/wp\/v2\/comments?post=9364"}],"version-history":[{"count":0,"href":"https:\/\/www.cfm.co.mz\/en\/wp-json\/wp\/v2\/posts\/9364\/revisions"}],"wp:featuredmedia":[{"embeddable":true,"href":"https:\/\/www.cfm.co.mz\/en\/wp-json\/wp\/v2\/media\/9353"}],"wp:attachment":[{"href":"https:\/\/www.cfm.co.mz\/en\/wp-json\/wp\/v2\/media?parent=9364"}],"wp:term":[{"taxonomy":"category","embeddable":true,"href":"https:\/\/www.cfm.co.mz\/en\/wp-json\/wp\/v2\/categories?post=9364"},{"taxonomy":"post_tag","embeddable":true,"href":"https:\/\/www.cfm.co.mz\/en\/wp-json\/wp\/v2\/tags?post=9364"}],"curies":[{"name":"wp","href":"https:\/\/api.w.org\/{rel}","templated":true}]}}