{"id":9361,"date":"2021-05-24T12:50:48","date_gmt":"2021-05-24T12:50:48","guid":{"rendered":"https:\/\/www.cfm.co.mz\/2021\/05\/24\/museu-do-cfm-promove-visitas-virtuais-em-celebracao-ao-dia-internacional-dos-museus-3\/"},"modified":"2021-05-24T12:50:48","modified_gmt":"2021-05-24T12:50:48","slug":"museu-do-cfm-promove-visitas-virtuais-em-celebracao-ao-dia-internacional-dos-museus-3","status":"publish","type":"post","link":"https:\/\/www.cfm.co.mz\/en\/2021\/05\/24\/museu-do-cfm-promove-visitas-virtuais-em-celebracao-ao-dia-internacional-dos-museus-3\/","title":{"rendered":"Museu do CFM promove visitas virtuais em celebra\u00e7\u00e3o ao dia Internacional dos Museus"},"content":{"rendered":"<p style=\"text-align: justify;\"><strong><a href=\"http:\/\/www.cfm.co.mz\/wp-content\/uploads\/2021\/05\/MUSEU_2021.jpg\" type=\"image\/jpeg\" class=\"jcepopup zoom-bottom-right\" data-mediabox=\"1\" data-mediabox-width=\"800\" data-mediabox-height=\"600\" data-mediabox-caption=\"Museu do CFM\"><img decoding=\"async\" src=\"http:\/\/www.cfm.co.mz\/wp-content\/uploads\/2021\/05\/MUSEU_2021.jpg\" alt=\"MUSEU 2021\" width=\"250\" style=\"margin: 10px; float: left;\" \/><\/a>\u201cO futuro dos Museus: recuperar e reimaginar\u201d<\/strong> foi o lema escolhido pelo Conselho Internacional dos Museus para celebrar o dia Internacional dos Museus, assinalado a 18 de Maio, face ao actual contexto marcado pela pandemia da Covid-19.<\/p>\n<p style=\"text-align: justify;\">Para assinalar a efem\u00e9ride o Museu do CFM, levou a acabo uma serie de visitas virtuais de 18 \u00e0 21 de Maio, que foram transmitidas em directo pelo Facebook do CFM (Portos e Caminhos de Ferro de Mo\u00e7ambique &#8211; @CFMMoz), a exposi\u00e7\u00e3o permanente e as exibi\u00e7\u00f5es tempor\u00e1rias do Museu, com vista a garantir a adapta\u00e7\u00e3o de actividades, consoante o \u201cnovo normal\u201d.<\/p>\n<p><!--more--><\/p>\n<p style=\"text-align: justify;\">O programa das celebra\u00e7\u00f5es contou ainda com a inaugura\u00e7\u00e3o da exposi\u00e7\u00e3o tempor\u00e1ria \u201cRel\u00f3gios da Estac\u00e3o\u201d, que visa transmitir a import\u00e2ncia destes aparelhos de monitoriza\u00e7\u00e3o do tempo para o desenvolvimento dos trabalhos ferrovi\u00e1rios.<\/p>\n<p style=\"text-align: justify;\">O Museu encontra-se igualmente aberto a realiza\u00e7\u00e3o de visitas presenciais, tendo em conta o cumprimento das medidas recomendas pelas autoridades nacionais de sa\u00fade.<\/p>\n<p style=\"text-align: justify;\"><strong>Caso n\u00e3o tenha acompanhado as transmiss\u00f5es em director, dirija-se ao Facebook do CFM (Portos e Caminhos de Ferro &#8211; @CFMMoz) e veja as grava\u00e7\u00f5es de acordo com o calend\u00e1rio de visitas virtuais:<\/strong><\/p>\n<p style=\"text-align: justify;\"><strong>18 de Maio<\/strong> \u2013 Visita geral ao Museu;<\/p>\n<p style=\"text-align: justify;\"><strong>19 de Maio<\/strong> \u2013 Visita ao Sector do Material Circulante;<\/p>\n<p style=\"text-align: justify;\"><strong>20 de Maio<\/strong> \u2013 Visita ao Sector do Equipamento de Oficina;<\/p>\n<p style=\"text-align: justify;\"><strong>21 de Maio<\/strong> \u2013 Visita ao Sector do Equipamento de Sinaliza\u00e7\u00e3o e Comunica\u00e7\u00e3o.<\/p>","protected":false},"excerpt":{"rendered":"<p>\u201cO futuro dos Museus: recuperar e reimaginar\u201d foi o lema escolhido pelo Conselho Internacional dos Museus para celebrar o dia Internacional dos Museus, assinalado a 18 de Maio, face ao actual contexto marcado pela pandemia da Covid-19. Para assinalar a efem\u00e9ride o Museu do CFM, levou a acabo uma serie de visitas virtuais de 18 \u00e0 21 de Maio, que foram transmitidas em directo pelo Facebook do CFM (Portos e Caminhos de Ferro de Mo\u00e7ambique &#8211; @CFMMoz), a exposi\u00e7\u00e3o permanente e as exibi\u00e7\u00f5es tempor\u00e1rias do Museu, com vista a garantir a adapta\u00e7\u00e3o de actividades, consoante o \u201cnovo normal\u201d.<\/p>","protected":false},"author":94,"featured_media":9340,"comment_status":"open","ping_status":"open","sticky":false,"template":"","format":"standard","meta":{"_acf_changed":false,"pgc_sgb_lightbox_settings":"","footnotes":""},"categories":[680],"tags":[],"class_list":["post-9361","post","type-post","status-publish","format-standard","has-post-thumbnail","hentry","category-noticias"],"acf":[],"yoast_head":"<!-- This site is optimized with the Yoast SEO plugin v26.5 - https:\/\/yoast.com\/wordpress\/plugins\/seo\/ -->\n<title>Museu do CFM promove visitas virtuais em celebra\u00e7\u00e3o ao dia Internacional dos Museus - CFM - Caminhos De Ferros de Mo\u00e7ambique<\/title>\n<meta name=\"robots\" content=\"index, follow, max-snippet:-1, max-image-preview:large, max-video-preview:-1\" \/>\n<link rel=\"canonical\" href=\"https:\/\/www.cfm.co.mz\/en\/2021\/05\/24\/museu-do-cfm-promove-visitas-virtuais-em-celebracao-ao-dia-internacional-dos-museus-3\/\" \/>\n<meta property=\"og:locale\" content=\"en_US\" \/>\n<meta property=\"og:type\" content=\"article\" \/>\n<meta property=\"og:title\" content=\"Museu do CFM promove visitas virtuais em celebra\u00e7\u00e3o ao dia Internacional dos Museus - CFM - Caminhos De Ferros de Mo\u00e7ambique\" \/>\n<meta property=\"og:description\" content=\"\u201cO futuro dos Museus: recuperar e reimaginar\u201d foi o lema escolhido pelo Conselho Internacional dos Museus para celebrar o dia Internacional dos Museus, assinalado a 18 de Maio, face ao actual contexto marcado pela pandemia da Covid-19. Para assinalar a efem\u00e9ride o Museu do CFM, levou a acabo uma serie de visitas virtuais de 18 \u00e0 21 de Maio, que foram transmitidas em directo pelo Facebook do CFM (Portos e Caminhos de Ferro de Mo\u00e7ambique &#8211; @CFMMoz), a exposi\u00e7\u00e3o permanente e as exibi\u00e7\u00f5es tempor\u00e1rias do Museu, com vista a garantir a adapta\u00e7\u00e3o de actividades, consoante o \u201cnovo normal\u201d.\" \/>\n<meta property=\"og:url\" content=\"https:\/\/www.cfm.co.mz\/en\/2021\/05\/24\/museu-do-cfm-promove-visitas-virtuais-em-celebracao-ao-dia-internacional-dos-museus-3\/\" \/>\n<meta property=\"og:site_name\" content=\"CFM - Caminhos De Ferros de Mo\u00e7ambique\" \/>\n<meta property=\"article:publisher\" content=\"https:\/\/www.facebook.com\/CFMMoz\" \/>\n<meta property=\"article:published_time\" content=\"2021-05-24T12:50:48+00:00\" \/>\n<meta property=\"og:image\" content=\"https:\/\/www.cfm.co.mz\/wp-content\/uploads\/2021\/05\/MUSEU_2021.jpg\" \/>\n\t<meta property=\"og:image:width\" content=\"1800\" \/>\n\t<meta property=\"og:image:height\" content=\"1200\" \/>\n\t<meta property=\"og:image:type\" content=\"image\/jpeg\" \/>\n<meta name=\"author\" content=\"D\u00e9rcio Badru\" \/>\n<meta name=\"twitter:card\" content=\"summary_large_image\" \/>\n<meta name=\"twitter:label1\" content=\"Written by\" \/>\n\t<meta name=\"twitter:data1\" content=\"D\u00e9rcio Badru\" \/>\n\t<meta name=\"twitter:label2\" content=\"Est. reading time\" \/>\n\t<meta name=\"twitter:data2\" content=\"1 minute\" \/>\n<script type=\"application\/ld+json\" class=\"yoast-schema-graph\">{\"@context\":\"https:\/\/schema.org\",\"@graph\":[{\"@type\":\"Article\",\"@id\":\"https:\/\/www.cfm.co.mz\/2021\/05\/24\/museu-do-cfm-promove-visitas-virtuais-em-celebracao-ao-dia-internacional-dos-museus-3\/#article\",\"isPartOf\":{\"@id\":\"https:\/\/www.cfm.co.mz\/2021\/05\/24\/museu-do-cfm-promove-visitas-virtuais-em-celebracao-ao-dia-internacional-dos-museus-3\/\"},\"author\":{\"name\":\"D\u00e9rcio Badru\",\"@id\":\"https:\/\/www.cfm.co.mz\/#\/schema\/person\/1bb663f3c59dc61900f6f9b1c2b53552\"},\"headline\":\"Museu do CFM promove visitas virtuais em celebra\u00e7\u00e3o ao dia Internacional dos Museus\",\"datePublished\":\"2021-05-24T12:50:48+00:00\",\"mainEntityOfPage\":{\"@id\":\"https:\/\/www.cfm.co.mz\/2021\/05\/24\/museu-do-cfm-promove-visitas-virtuais-em-celebracao-ao-dia-internacional-dos-museus-3\/\"},\"wordCount\":252,\"commentCount\":0,\"publisher\":{\"@id\":\"https:\/\/www.cfm.co.mz\/#organization\"},\"image\":{\"@id\":\"https:\/\/www.cfm.co.mz\/2021\/05\/24\/museu-do-cfm-promove-visitas-virtuais-em-celebracao-ao-dia-internacional-dos-museus-3\/#primaryimage\"},\"thumbnailUrl\":\"https:\/\/www.cfm.co.mz\/wp-content\/uploads\/2021\/05\/MUSEU_2021.jpg\",\"articleSection\":[\"Noticias\"],\"inLanguage\":\"en-US\",\"potentialAction\":[{\"@type\":\"CommentAction\",\"name\":\"Comment\",\"target\":[\"https:\/\/www.cfm.co.mz\/2021\/05\/24\/museu-do-cfm-promove-visitas-virtuais-em-celebracao-ao-dia-internacional-dos-museus-3\/#respond\"]}]},{\"@type\":\"WebPage\",\"@id\":\"https:\/\/www.cfm.co.mz\/2021\/05\/24\/museu-do-cfm-promove-visitas-virtuais-em-celebracao-ao-dia-internacional-dos-museus-3\/\",\"url\":\"https:\/\/www.cfm.co.mz\/2021\/05\/24\/museu-do-cfm-promove-visitas-virtuais-em-celebracao-ao-dia-internacional-dos-museus-3\/\",\"name\":\"Museu do CFM promove visitas virtuais em celebra\u00e7\u00e3o ao dia Internacional dos Museus - CFM - Caminhos De Ferros de Mo\u00e7ambique\",\"isPartOf\":{\"@id\":\"https:\/\/www.cfm.co.mz\/#website\"},\"primaryImageOfPage\":{\"@id\":\"https:\/\/www.cfm.co.mz\/2021\/05\/24\/museu-do-cfm-promove-visitas-virtuais-em-celebracao-ao-dia-internacional-dos-museus-3\/#primaryimage\"},\"image\":{\"@id\":\"https:\/\/www.cfm.co.mz\/2021\/05\/24\/museu-do-cfm-promove-visitas-virtuais-em-celebracao-ao-dia-internacional-dos-museus-3\/#primaryimage\"},\"thumbnailUrl\":\"https:\/\/www.cfm.co.mz\/wp-content\/uploads\/2021\/05\/MUSEU_2021.jpg\",\"datePublished\":\"2021-05-24T12:50:48+00:00\",\"breadcrumb\":{\"@id\":\"https:\/\/www.cfm.co.mz\/2021\/05\/24\/museu-do-cfm-promove-visitas-virtuais-em-celebracao-ao-dia-internacional-dos-museus-3\/#breadcrumb\"},\"inLanguage\":\"en-US\",\"potentialAction\":[{\"@type\":\"ReadAction\",\"target\":[\"https:\/\/www.cfm.co.mz\/2021\/05\/24\/museu-do-cfm-promove-visitas-virtuais-em-celebracao-ao-dia-internacional-dos-museus-3\/\"]}]},{\"@type\":\"ImageObject\",\"inLanguage\":\"en-US\",\"@id\":\"https:\/\/www.cfm.co.mz\/2021\/05\/24\/museu-do-cfm-promove-visitas-virtuais-em-celebracao-ao-dia-internacional-dos-museus-3\/#primaryimage\",\"url\":\"https:\/\/www.cfm.co.mz\/wp-content\/uploads\/2021\/05\/MUSEU_2021.jpg\",\"contentUrl\":\"https:\/\/www.cfm.co.mz\/wp-content\/uploads\/2021\/05\/MUSEU_2021.jpg\",\"width\":1800,\"height\":1200,\"caption\":\"MUSEU 2021\"},{\"@type\":\"BreadcrumbList\",\"@id\":\"https:\/\/www.cfm.co.mz\/2021\/05\/24\/museu-do-cfm-promove-visitas-virtuais-em-celebracao-ao-dia-internacional-dos-museus-3\/#breadcrumb\",\"itemListElement\":[{\"@type\":\"ListItem\",\"position\":1,\"name\":\"Home\",\"item\":\"https:\/\/www.cfm.co.mz\/\"},{\"@type\":\"ListItem\",\"position\":2,\"name\":\"Museu do CFM promove visitas virtuais em celebra\u00e7\u00e3o ao dia Internacional dos Museus\"}]},{\"@type\":\"WebSite\",\"@id\":\"https:\/\/www.cfm.co.mz\/#website\",\"url\":\"https:\/\/www.cfm.co.mz\/\",\"name\":\"CFM - Caminhos De Ferros de Mo\u00e7ambique\",\"description\":\"Ampliando Horizontes\",\"publisher\":{\"@id\":\"https:\/\/www.cfm.co.mz\/#organization\"},\"potentialAction\":[{\"@type\":\"SearchAction\",\"target\":{\"@type\":\"EntryPoint\",\"urlTemplate\":\"https:\/\/www.cfm.co.mz\/?s={search_term_string}\"},\"query-input\":{\"@type\":\"PropertyValueSpecification\",\"valueRequired\":true,\"valueName\":\"search_term_string\"}}],\"inLanguage\":\"en-US\"},{\"@type\":\"Organization\",\"@id\":\"https:\/\/www.cfm.co.mz\/#organization\",\"name\":\"CFM - Caminhos De Ferros de Mo\u00e7ambique\",\"url\":\"https:\/\/www.cfm.co.mz\/\",\"logo\":{\"@type\":\"ImageObject\",\"inLanguage\":\"en-US\",\"@id\":\"https:\/\/www.cfm.co.mz\/#\/schema\/logo\/image\/\",\"url\":\"https:\/\/www.cfm.co.mz\/wp-content\/uploads\/2025\/07\/be5f0679-4f5b-4d02-9719-a26ceed29162.jpg\",\"contentUrl\":\"https:\/\/www.cfm.co.mz\/wp-content\/uploads\/2025\/07\/be5f0679-4f5b-4d02-9719-a26ceed29162.jpg\",\"width\":400,\"height\":65,\"caption\":\"CFM - Caminhos De Ferros de Mo\u00e7ambique\"},\"image\":{\"@id\":\"https:\/\/www.cfm.co.mz\/#\/schema\/logo\/image\/\"},\"sameAs\":[\"https:\/\/www.facebook.com\/CFMMoz\",\"https:\/\/www.linkedin.com\/company\/caminhos-de-ferro-de-moambique\/\"]},{\"@type\":\"Person\",\"@id\":\"https:\/\/www.cfm.co.mz\/#\/schema\/person\/1bb663f3c59dc61900f6f9b1c2b53552\",\"name\":\"D\u00e9rcio Badru\",\"image\":{\"@type\":\"ImageObject\",\"inLanguage\":\"en-US\",\"@id\":\"https:\/\/www.cfm.co.mz\/#\/schema\/person\/image\/\",\"url\":\"https:\/\/www.cfm.co.mz\/wp-content\/litespeed\/avatar\/be89d6955942d7259ef76de4577d21b3.jpg?ver=1777454359\",\"contentUrl\":\"https:\/\/www.cfm.co.mz\/wp-content\/litespeed\/avatar\/be89d6955942d7259ef76de4577d21b3.jpg?ver=1777454359\",\"caption\":\"D\u00e9rcio Badru\"},\"url\":\"https:\/\/www.cfm.co.mz\/en\/author\/dercio\/\"}]}<\/script>\n<!-- \/ Yoast SEO plugin. -->","yoast_head_json":{"title":"Museu do CFM promove visitas virtuais em celebra\u00e7\u00e3o ao dia Internacional dos Museus - CFM - Caminhos De Ferros de Mo\u00e7ambique","robots":{"index":"index","follow":"follow","max-snippet":"max-snippet:-1","max-image-preview":"max-image-preview:large","max-video-preview":"max-video-preview:-1"},"canonical":"https:\/\/www.cfm.co.mz\/en\/2021\/05\/24\/museu-do-cfm-promove-visitas-virtuais-em-celebracao-ao-dia-internacional-dos-museus-3\/","og_locale":"en_US","og_type":"article","og_title":"Museu do CFM promove visitas virtuais em celebra\u00e7\u00e3o ao dia Internacional dos Museus - CFM - Caminhos De Ferros de Mo\u00e7ambique","og_description":"\u201cO futuro dos Museus: recuperar e reimaginar\u201d foi o lema escolhido pelo Conselho Internacional dos Museus para celebrar o dia Internacional dos Museus, assinalado a 18 de Maio, face ao actual contexto marcado pela pandemia da Covid-19. Para assinalar a efem\u00e9ride o Museu do CFM, levou a acabo uma serie de visitas virtuais de 18 \u00e0 21 de Maio, que foram transmitidas em directo pelo Facebook do CFM (Portos e Caminhos de Ferro de Mo\u00e7ambique &#8211; @CFMMoz), a exposi\u00e7\u00e3o permanente e as exibi\u00e7\u00f5es tempor\u00e1rias do Museu, com vista a garantir a adapta\u00e7\u00e3o de actividades, consoante o \u201cnovo normal\u201d.","og_url":"https:\/\/www.cfm.co.mz\/en\/2021\/05\/24\/museu-do-cfm-promove-visitas-virtuais-em-celebracao-ao-dia-internacional-dos-museus-3\/","og_site_name":"CFM - Caminhos De Ferros de Mo\u00e7ambique","article_publisher":"https:\/\/www.facebook.com\/CFMMoz","article_published_time":"2021-05-24T12:50:48+00:00","og_image":[{"width":1800,"height":1200,"url":"https:\/\/www.cfm.co.mz\/wp-content\/uploads\/2021\/05\/MUSEU_2021.jpg","type":"image\/jpeg"}],"author":"D\u00e9rcio Badru","twitter_card":"summary_large_image","twitter_misc":{"Written by":"D\u00e9rcio Badru","Est. reading time":"1 minute"},"schema":{"@context":"https:\/\/schema.org","@graph":[{"@type":"Article","@id":"https:\/\/www.cfm.co.mz\/2021\/05\/24\/museu-do-cfm-promove-visitas-virtuais-em-celebracao-ao-dia-internacional-dos-museus-3\/#article","isPartOf":{"@id":"https:\/\/www.cfm.co.mz\/2021\/05\/24\/museu-do-cfm-promove-visitas-virtuais-em-celebracao-ao-dia-internacional-dos-museus-3\/"},"author":{"name":"D\u00e9rcio Badru","@id":"https:\/\/www.cfm.co.mz\/#\/schema\/person\/1bb663f3c59dc61900f6f9b1c2b53552"},"headline":"Museu do CFM promove visitas virtuais em celebra\u00e7\u00e3o ao dia Internacional dos Museus","datePublished":"2021-05-24T12:50:48+00:00","mainEntityOfPage":{"@id":"https:\/\/www.cfm.co.mz\/2021\/05\/24\/museu-do-cfm-promove-visitas-virtuais-em-celebracao-ao-dia-internacional-dos-museus-3\/"},"wordCount":252,"commentCount":0,"publisher":{"@id":"https:\/\/www.cfm.co.mz\/#organization"},"image":{"@id":"https:\/\/www.cfm.co.mz\/2021\/05\/24\/museu-do-cfm-promove-visitas-virtuais-em-celebracao-ao-dia-internacional-dos-museus-3\/#primaryimage"},"thumbnailUrl":"https:\/\/www.cfm.co.mz\/wp-content\/uploads\/2021\/05\/MUSEU_2021.jpg","articleSection":["Noticias"],"inLanguage":"en-US","potentialAction":[{"@type":"CommentAction","name":"Comment","target":["https:\/\/www.cfm.co.mz\/2021\/05\/24\/museu-do-cfm-promove-visitas-virtuais-em-celebracao-ao-dia-internacional-dos-museus-3\/#respond"]}]},{"@type":"WebPage","@id":"https:\/\/www.cfm.co.mz\/2021\/05\/24\/museu-do-cfm-promove-visitas-virtuais-em-celebracao-ao-dia-internacional-dos-museus-3\/","url":"https:\/\/www.cfm.co.mz\/2021\/05\/24\/museu-do-cfm-promove-visitas-virtuais-em-celebracao-ao-dia-internacional-dos-museus-3\/","name":"Museu do CFM promove visitas virtuais em celebra\u00e7\u00e3o ao dia Internacional dos Museus - CFM - Caminhos De Ferros de Mo\u00e7ambique","isPartOf":{"@id":"https:\/\/www.cfm.co.mz\/#website"},"primaryImageOfPage":{"@id":"https:\/\/www.cfm.co.mz\/2021\/05\/24\/museu-do-cfm-promove-visitas-virtuais-em-celebracao-ao-dia-internacional-dos-museus-3\/#primaryimage"},"image":{"@id":"https:\/\/www.cfm.co.mz\/2021\/05\/24\/museu-do-cfm-promove-visitas-virtuais-em-celebracao-ao-dia-internacional-dos-museus-3\/#primaryimage"},"thumbnailUrl":"https:\/\/www.cfm.co.mz\/wp-content\/uploads\/2021\/05\/MUSEU_2021.jpg","datePublished":"2021-05-24T12:50:48+00:00","breadcrumb":{"@id":"https:\/\/www.cfm.co.mz\/2021\/05\/24\/museu-do-cfm-promove-visitas-virtuais-em-celebracao-ao-dia-internacional-dos-museus-3\/#breadcrumb"},"inLanguage":"en-US","potentialAction":[{"@type":"ReadAction","target":["https:\/\/www.cfm.co.mz\/2021\/05\/24\/museu-do-cfm-promove-visitas-virtuais-em-celebracao-ao-dia-internacional-dos-museus-3\/"]}]},{"@type":"ImageObject","inLanguage":"en-US","@id":"https:\/\/www.cfm.co.mz\/2021\/05\/24\/museu-do-cfm-promove-visitas-virtuais-em-celebracao-ao-dia-internacional-dos-museus-3\/#primaryimage","url":"https:\/\/www.cfm.co.mz\/wp-content\/uploads\/2021\/05\/MUSEU_2021.jpg","contentUrl":"https:\/\/www.cfm.co.mz\/wp-content\/uploads\/2021\/05\/MUSEU_2021.jpg","width":1800,"height":1200,"caption":"MUSEU 2021"},{"@type":"BreadcrumbList","@id":"https:\/\/www.cfm.co.mz\/2021\/05\/24\/museu-do-cfm-promove-visitas-virtuais-em-celebracao-ao-dia-internacional-dos-museus-3\/#breadcrumb","itemListElement":[{"@type":"ListItem","position":1,"name":"Home","item":"https:\/\/www.cfm.co.mz\/"},{"@type":"ListItem","position":2,"name":"Museu do CFM promove visitas virtuais em celebra\u00e7\u00e3o ao dia Internacional dos Museus"}]},{"@type":"WebSite","@id":"https:\/\/www.cfm.co.mz\/#website","url":"https:\/\/www.cfm.co.mz\/","name":"CFM - Caminhos De Ferros de Mo\u00e7ambique","description":"Ampliando Horizontes","publisher":{"@id":"https:\/\/www.cfm.co.mz\/#organization"},"potentialAction":[{"@type":"SearchAction","target":{"@type":"EntryPoint","urlTemplate":"https:\/\/www.cfm.co.mz\/?s={search_term_string}"},"query-input":{"@type":"PropertyValueSpecification","valueRequired":true,"valueName":"search_term_string"}}],"inLanguage":"en-US"},{"@type":"Organization","@id":"https:\/\/www.cfm.co.mz\/#organization","name":"CFM - Caminhos De Ferros de Mo\u00e7ambique","url":"https:\/\/www.cfm.co.mz\/","logo":{"@type":"ImageObject","inLanguage":"en-US","@id":"https:\/\/www.cfm.co.mz\/#\/schema\/logo\/image\/","url":"https:\/\/www.cfm.co.mz\/wp-content\/uploads\/2025\/07\/be5f0679-4f5b-4d02-9719-a26ceed29162.jpg","contentUrl":"https:\/\/www.cfm.co.mz\/wp-content\/uploads\/2025\/07\/be5f0679-4f5b-4d02-9719-a26ceed29162.jpg","width":400,"height":65,"caption":"CFM - Caminhos De Ferros de Mo\u00e7ambique"},"image":{"@id":"https:\/\/www.cfm.co.mz\/#\/schema\/logo\/image\/"},"sameAs":["https:\/\/www.facebook.com\/CFMMoz","https:\/\/www.linkedin.com\/company\/caminhos-de-ferro-de-moambique\/"]},{"@type":"Person","@id":"https:\/\/www.cfm.co.mz\/#\/schema\/person\/1bb663f3c59dc61900f6f9b1c2b53552","name":"D\u00e9rcio Badru","image":{"@type":"ImageObject","inLanguage":"en-US","@id":"https:\/\/www.cfm.co.mz\/#\/schema\/person\/image\/","url":"https:\/\/www.cfm.co.mz\/wp-content\/litespeed\/avatar\/be89d6955942d7259ef76de4577d21b3.jpg?ver=1777454359","contentUrl":"https:\/\/www.cfm.co.mz\/wp-content\/litespeed\/avatar\/be89d6955942d7259ef76de4577d21b3.jpg?ver=1777454359","caption":"D\u00e9rcio Badru"},"url":"https:\/\/www.cfm.co.mz\/en\/author\/dercio\/"}]}},"_links":{"self":[{"href":"https:\/\/www.cfm.co.mz\/en\/wp-json\/wp\/v2\/posts\/9361","targetHints":{"allow":["GET"]}}],"collection":[{"href":"https:\/\/www.cfm.co.mz\/en\/wp-json\/wp\/v2\/posts"}],"about":[{"href":"https:\/\/www.cfm.co.mz\/en\/wp-json\/wp\/v2\/types\/post"}],"author":[{"embeddable":true,"href":"https:\/\/www.cfm.co.mz\/en\/wp-json\/wp\/v2\/users\/94"}],"replies":[{"embeddable":true,"href":"https:\/\/www.cfm.co.mz\/en\/wp-json\/wp\/v2\/comments?post=9361"}],"version-history":[{"count":0,"href":"https:\/\/www.cfm.co.mz\/en\/wp-json\/wp\/v2\/posts\/9361\/revisions"}],"wp:featuredmedia":[{"embeddable":true,"href":"https:\/\/www.cfm.co.mz\/en\/wp-json\/wp\/v2\/media\/9340"}],"wp:attachment":[{"href":"https:\/\/www.cfm.co.mz\/en\/wp-json\/wp\/v2\/media?parent=9361"}],"wp:term":[{"taxonomy":"category","embeddable":true,"href":"https:\/\/www.cfm.co.mz\/en\/wp-json\/wp\/v2\/categories?post=9361"},{"taxonomy":"post_tag","embeddable":true,"href":"https:\/\/www.cfm.co.mz\/en\/wp-json\/wp\/v2\/tags?post=9361"}],"curies":[{"name":"wp","href":"https:\/\/api.w.org\/{rel}","templated":true}]}}