{"id":9331,"date":"2021-05-18T20:05:11","date_gmt":"2021-05-18T20:05:11","guid":{"rendered":"https:\/\/www.cfm.co.mz\/2021\/05\/18\/cfm-patrocina-a-tvm-para-a-producao-de-uma-telenovela\/"},"modified":"2021-05-18T20:05:11","modified_gmt":"2021-05-18T20:05:11","slug":"cfm-patrocina-a-tvm-para-a-producao-de-uma-telenovela","status":"publish","type":"post","link":"https:\/\/www.cfm.co.mz\/en\/2021\/05\/18\/cfm-patrocina-a-tvm-para-a-producao-de-uma-telenovela\/","title":{"rendered":"CFM patrocina \u00e0 TVM para a produ\u00e7\u00e3o de uma telenovela"},"content":{"rendered":"<p style=\"text-align: justify;\"><a href=\"http:\/\/www.cfm.co.mz\/wp-content\/uploads\/2021\/05\/Patrocinio_Novela_TVM.jpg\" type=\"image\/jpeg\" class=\"jcepopup zoom-bottom-right\" data-mediabox=\"1\" data-mediabox-width=\"800\" data-mediabox-height=\"600\" data-mediabox-caption=\"Momentos ap\u00f3s a entrega formal do sal\u00e3o \u00e0 TVM\"><img decoding=\"async\" src=\"http:\/\/www.cfm.co.mz\/wp-content\/uploads\/2021\/05\/Patrocinio_Novela_TVM.jpg\" alt=\"Patrocinio Novela TVM\" width=\"250\" height=\"167\" style=\"margin: 10px; float: left;\" \/><\/a>A Empresa Portos e Caminhos de Ferro de Mo\u00e7ambique assinou com a Televis\u00e3o de Mo\u00e7ambique (TVM), na manh\u00e3 de ontem, 17 de Maio, um contracto de ced\u00eancia de espa\u00e7o para a produ\u00e7\u00e3o de uma telenovela totalmente mo\u00e7ambicana.<\/p>\n<p style=\"text-align: justify;\">O acto enquadra-se no rol das ac\u00e7\u00f5es de responsabilidade social do CFM, para a promo\u00e7\u00e3o e preserva\u00e7\u00e3o da cultura nacional.<\/p>\n<p><!--more--><\/p>\n<p style=\"text-align: justify;\">Falando na ocasi\u00e3o, o Director de Comunica\u00e7\u00e3o e Imagem do CFM, Ad\u00e9lio Dias, referiu que \u00e9 cultura desta Empresa apoiar as artes e cultura e, para o caso concreto, o acto ganha mais pertin\u00eancia pois <em>\u201cir\u00e1 permitir a valoriza\u00e7\u00e3o da arte e cultura mo\u00e7ambicanas, pois, \u00e9 uma telenovela feita por mo\u00e7ambicanos e sobre os mo\u00e7ambicanos. Acreditamos que ter\u00e1 um impacto positivo\u201d<\/em>.<\/p>\n<p style=\"text-align: justify;\">Por sua vez, em representa\u00e7\u00e3o da TVM, o Actor Vasco Condo, agradeceu o gesto do CFM e deixou claro que ser\u00e1 uma obra que os mo\u00e7ambicanos ir\u00e3o se orgulhar; <em>\u201cestamos a preparar com todos os detalhes para que saia uma coisa bonita\u201d<\/em> &#8211; garantiu Condo.<\/p>","protected":false},"excerpt":{"rendered":"<p>A Empresa Portos e Caminhos de Ferro de Mo\u00e7ambique assinou com a Televis\u00e3o de Mo\u00e7ambique (TVM), na manh\u00e3 de ontem, 17 de Maio, um contracto de ced\u00eancia de espa\u00e7o para a produ\u00e7\u00e3o de uma telenovela totalmente mo\u00e7ambicana. O acto enquadra-se no rol das ac\u00e7\u00f5es de responsabilidade social do CFM, para a promo\u00e7\u00e3o e preserva\u00e7\u00e3o da cultura nacional.<\/p>","protected":false},"author":94,"featured_media":9330,"comment_status":"open","ping_status":"open","sticky":false,"template":"","format":"standard","meta":{"_acf_changed":false,"pgc_sgb_lightbox_settings":"","footnotes":""},"categories":[680],"tags":[],"class_list":["post-9331","post","type-post","status-publish","format-standard","has-post-thumbnail","hentry","category-noticias"],"acf":[],"yoast_head":"<!-- This site is optimized with the Yoast SEO plugin v26.5 - https:\/\/yoast.com\/wordpress\/plugins\/seo\/ -->\n<title>CFM patrocina \u00e0 TVM para a produ\u00e7\u00e3o de uma telenovela - CFM - Caminhos De Ferros de Mo\u00e7ambique<\/title>\n<meta name=\"robots\" content=\"index, follow, max-snippet:-1, max-image-preview:large, max-video-preview:-1\" \/>\n<link rel=\"canonical\" href=\"https:\/\/www.cfm.co.mz\/en\/2021\/05\/18\/cfm-patrocina-a-tvm-para-a-producao-de-uma-telenovela\/\" \/>\n<meta property=\"og:locale\" content=\"en_US\" \/>\n<meta property=\"og:type\" content=\"article\" \/>\n<meta property=\"og:title\" content=\"CFM patrocina \u00e0 TVM para a produ\u00e7\u00e3o de uma telenovela - CFM - Caminhos De Ferros de Mo\u00e7ambique\" \/>\n<meta property=\"og:description\" content=\"A Empresa Portos e Caminhos de Ferro de Mo\u00e7ambique assinou com a Televis\u00e3o de Mo\u00e7ambique (TVM), na manh\u00e3 de ontem, 17 de Maio, um contracto de ced\u00eancia de espa\u00e7o para a produ\u00e7\u00e3o de uma telenovela totalmente mo\u00e7ambicana. O acto enquadra-se no rol das ac\u00e7\u00f5es de responsabilidade social do CFM, para a promo\u00e7\u00e3o e preserva\u00e7\u00e3o da cultura nacional.\" \/>\n<meta property=\"og:url\" content=\"https:\/\/www.cfm.co.mz\/en\/2021\/05\/18\/cfm-patrocina-a-tvm-para-a-producao-de-uma-telenovela\/\" \/>\n<meta property=\"og:site_name\" content=\"CFM - Caminhos De Ferros de Mo\u00e7ambique\" \/>\n<meta property=\"article:publisher\" content=\"https:\/\/www.facebook.com\/CFMMoz\" \/>\n<meta property=\"article:published_time\" content=\"2021-05-18T20:05:11+00:00\" \/>\n<meta property=\"og:image\" content=\"https:\/\/www.cfm.co.mz\/wp-content\/uploads\/2021\/05\/Patrocinio_Novela_TVM-scaled.jpg\" \/>\n\t<meta property=\"og:image:width\" content=\"2560\" \/>\n\t<meta property=\"og:image:height\" content=\"1707\" \/>\n\t<meta property=\"og:image:type\" content=\"image\/jpeg\" \/>\n<meta name=\"author\" content=\"D\u00e9rcio Badru\" \/>\n<meta name=\"twitter:card\" content=\"summary_large_image\" \/>\n<meta name=\"twitter:label1\" content=\"Written by\" \/>\n\t<meta name=\"twitter:data1\" content=\"D\u00e9rcio Badru\" \/>\n\t<meta name=\"twitter:label2\" content=\"Est. reading time\" \/>\n\t<meta name=\"twitter:data2\" content=\"1 minute\" \/>\n<script type=\"application\/ld+json\" class=\"yoast-schema-graph\">{\"@context\":\"https:\/\/schema.org\",\"@graph\":[{\"@type\":\"Article\",\"@id\":\"https:\/\/www.cfm.co.mz\/2021\/05\/18\/cfm-patrocina-a-tvm-para-a-producao-de-uma-telenovela\/#article\",\"isPartOf\":{\"@id\":\"https:\/\/www.cfm.co.mz\/2021\/05\/18\/cfm-patrocina-a-tvm-para-a-producao-de-uma-telenovela\/\"},\"author\":{\"name\":\"D\u00e9rcio Badru\",\"@id\":\"https:\/\/www.cfm.co.mz\/#\/schema\/person\/1bb663f3c59dc61900f6f9b1c2b53552\"},\"headline\":\"CFM patrocina \u00e0 TVM para a produ\u00e7\u00e3o de uma telenovela\",\"datePublished\":\"2021-05-18T20:05:11+00:00\",\"mainEntityOfPage\":{\"@id\":\"https:\/\/www.cfm.co.mz\/2021\/05\/18\/cfm-patrocina-a-tvm-para-a-producao-de-uma-telenovela\/\"},\"wordCount\":191,\"commentCount\":0,\"publisher\":{\"@id\":\"https:\/\/www.cfm.co.mz\/#organization\"},\"image\":{\"@id\":\"https:\/\/www.cfm.co.mz\/2021\/05\/18\/cfm-patrocina-a-tvm-para-a-producao-de-uma-telenovela\/#primaryimage\"},\"thumbnailUrl\":\"https:\/\/www.cfm.co.mz\/wp-content\/uploads\/2021\/05\/Patrocinio_Novela_TVM-scaled.jpg\",\"articleSection\":[\"Noticias\"],\"inLanguage\":\"en-US\",\"potentialAction\":[{\"@type\":\"CommentAction\",\"name\":\"Comment\",\"target\":[\"https:\/\/www.cfm.co.mz\/2021\/05\/18\/cfm-patrocina-a-tvm-para-a-producao-de-uma-telenovela\/#respond\"]}]},{\"@type\":\"WebPage\",\"@id\":\"https:\/\/www.cfm.co.mz\/2021\/05\/18\/cfm-patrocina-a-tvm-para-a-producao-de-uma-telenovela\/\",\"url\":\"https:\/\/www.cfm.co.mz\/2021\/05\/18\/cfm-patrocina-a-tvm-para-a-producao-de-uma-telenovela\/\",\"name\":\"CFM patrocina \u00e0 TVM para a produ\u00e7\u00e3o de uma telenovela - CFM - Caminhos De Ferros de Mo\u00e7ambique\",\"isPartOf\":{\"@id\":\"https:\/\/www.cfm.co.mz\/#website\"},\"primaryImageOfPage\":{\"@id\":\"https:\/\/www.cfm.co.mz\/2021\/05\/18\/cfm-patrocina-a-tvm-para-a-producao-de-uma-telenovela\/#primaryimage\"},\"image\":{\"@id\":\"https:\/\/www.cfm.co.mz\/2021\/05\/18\/cfm-patrocina-a-tvm-para-a-producao-de-uma-telenovela\/#primaryimage\"},\"thumbnailUrl\":\"https:\/\/www.cfm.co.mz\/wp-content\/uploads\/2021\/05\/Patrocinio_Novela_TVM-scaled.jpg\",\"datePublished\":\"2021-05-18T20:05:11+00:00\",\"breadcrumb\":{\"@id\":\"https:\/\/www.cfm.co.mz\/2021\/05\/18\/cfm-patrocina-a-tvm-para-a-producao-de-uma-telenovela\/#breadcrumb\"},\"inLanguage\":\"en-US\",\"potentialAction\":[{\"@type\":\"ReadAction\",\"target\":[\"https:\/\/www.cfm.co.mz\/2021\/05\/18\/cfm-patrocina-a-tvm-para-a-producao-de-uma-telenovela\/\"]}]},{\"@type\":\"ImageObject\",\"inLanguage\":\"en-US\",\"@id\":\"https:\/\/www.cfm.co.mz\/2021\/05\/18\/cfm-patrocina-a-tvm-para-a-producao-de-uma-telenovela\/#primaryimage\",\"url\":\"https:\/\/www.cfm.co.mz\/wp-content\/uploads\/2021\/05\/Patrocinio_Novela_TVM-scaled.jpg\",\"contentUrl\":\"https:\/\/www.cfm.co.mz\/wp-content\/uploads\/2021\/05\/Patrocinio_Novela_TVM-scaled.jpg\",\"width\":2560,\"height\":1707,\"caption\":\"Patrocinio Novela TVM\"},{\"@type\":\"BreadcrumbList\",\"@id\":\"https:\/\/www.cfm.co.mz\/2021\/05\/18\/cfm-patrocina-a-tvm-para-a-producao-de-uma-telenovela\/#breadcrumb\",\"itemListElement\":[{\"@type\":\"ListItem\",\"position\":1,\"name\":\"Home\",\"item\":\"https:\/\/www.cfm.co.mz\/\"},{\"@type\":\"ListItem\",\"position\":2,\"name\":\"CFM patrocina \u00e0 TVM para a produ\u00e7\u00e3o de uma telenovela\"}]},{\"@type\":\"WebSite\",\"@id\":\"https:\/\/www.cfm.co.mz\/#website\",\"url\":\"https:\/\/www.cfm.co.mz\/\",\"name\":\"CFM - Caminhos De Ferros de Mo\u00e7ambique\",\"description\":\"Ampliando Horizontes\",\"publisher\":{\"@id\":\"https:\/\/www.cfm.co.mz\/#organization\"},\"potentialAction\":[{\"@type\":\"SearchAction\",\"target\":{\"@type\":\"EntryPoint\",\"urlTemplate\":\"https:\/\/www.cfm.co.mz\/?s={search_term_string}\"},\"query-input\":{\"@type\":\"PropertyValueSpecification\",\"valueRequired\":true,\"valueName\":\"search_term_string\"}}],\"inLanguage\":\"en-US\"},{\"@type\":\"Organization\",\"@id\":\"https:\/\/www.cfm.co.mz\/#organization\",\"name\":\"CFM - Caminhos De Ferros de Mo\u00e7ambique\",\"url\":\"https:\/\/www.cfm.co.mz\/\",\"logo\":{\"@type\":\"ImageObject\",\"inLanguage\":\"en-US\",\"@id\":\"https:\/\/www.cfm.co.mz\/#\/schema\/logo\/image\/\",\"url\":\"https:\/\/www.cfm.co.mz\/wp-content\/uploads\/2025\/07\/be5f0679-4f5b-4d02-9719-a26ceed29162.jpg\",\"contentUrl\":\"https:\/\/www.cfm.co.mz\/wp-content\/uploads\/2025\/07\/be5f0679-4f5b-4d02-9719-a26ceed29162.jpg\",\"width\":400,\"height\":65,\"caption\":\"CFM - Caminhos De Ferros de Mo\u00e7ambique\"},\"image\":{\"@id\":\"https:\/\/www.cfm.co.mz\/#\/schema\/logo\/image\/\"},\"sameAs\":[\"https:\/\/www.facebook.com\/CFMMoz\",\"https:\/\/www.linkedin.com\/company\/caminhos-de-ferro-de-moambique\/\"]},{\"@type\":\"Person\",\"@id\":\"https:\/\/www.cfm.co.mz\/#\/schema\/person\/1bb663f3c59dc61900f6f9b1c2b53552\",\"name\":\"D\u00e9rcio Badru\",\"image\":{\"@type\":\"ImageObject\",\"inLanguage\":\"en-US\",\"@id\":\"https:\/\/www.cfm.co.mz\/#\/schema\/person\/image\/\",\"url\":\"https:\/\/www.cfm.co.mz\/wp-content\/litespeed\/avatar\/be89d6955942d7259ef76de4577d21b3.jpg?ver=1777454359\",\"contentUrl\":\"https:\/\/www.cfm.co.mz\/wp-content\/litespeed\/avatar\/be89d6955942d7259ef76de4577d21b3.jpg?ver=1777454359\",\"caption\":\"D\u00e9rcio Badru\"},\"url\":\"https:\/\/www.cfm.co.mz\/en\/author\/dercio\/\"}]}<\/script>\n<!-- \/ Yoast SEO plugin. -->","yoast_head_json":{"title":"CFM patrocina \u00e0 TVM para a produ\u00e7\u00e3o de uma telenovela - CFM - Caminhos De Ferros de Mo\u00e7ambique","robots":{"index":"index","follow":"follow","max-snippet":"max-snippet:-1","max-image-preview":"max-image-preview:large","max-video-preview":"max-video-preview:-1"},"canonical":"https:\/\/www.cfm.co.mz\/en\/2021\/05\/18\/cfm-patrocina-a-tvm-para-a-producao-de-uma-telenovela\/","og_locale":"en_US","og_type":"article","og_title":"CFM patrocina \u00e0 TVM para a produ\u00e7\u00e3o de uma telenovela - CFM - Caminhos De Ferros de Mo\u00e7ambique","og_description":"A Empresa Portos e Caminhos de Ferro de Mo\u00e7ambique assinou com a Televis\u00e3o de Mo\u00e7ambique (TVM), na manh\u00e3 de ontem, 17 de Maio, um contracto de ced\u00eancia de espa\u00e7o para a produ\u00e7\u00e3o de uma telenovela totalmente mo\u00e7ambicana. O acto enquadra-se no rol das ac\u00e7\u00f5es de responsabilidade social do CFM, para a promo\u00e7\u00e3o e preserva\u00e7\u00e3o da cultura nacional.","og_url":"https:\/\/www.cfm.co.mz\/en\/2021\/05\/18\/cfm-patrocina-a-tvm-para-a-producao-de-uma-telenovela\/","og_site_name":"CFM - Caminhos De Ferros de Mo\u00e7ambique","article_publisher":"https:\/\/www.facebook.com\/CFMMoz","article_published_time":"2021-05-18T20:05:11+00:00","og_image":[{"width":2560,"height":1707,"url":"https:\/\/www.cfm.co.mz\/wp-content\/uploads\/2021\/05\/Patrocinio_Novela_TVM-scaled.jpg","type":"image\/jpeg"}],"author":"D\u00e9rcio Badru","twitter_card":"summary_large_image","twitter_misc":{"Written by":"D\u00e9rcio Badru","Est. reading time":"1 minute"},"schema":{"@context":"https:\/\/schema.org","@graph":[{"@type":"Article","@id":"https:\/\/www.cfm.co.mz\/2021\/05\/18\/cfm-patrocina-a-tvm-para-a-producao-de-uma-telenovela\/#article","isPartOf":{"@id":"https:\/\/www.cfm.co.mz\/2021\/05\/18\/cfm-patrocina-a-tvm-para-a-producao-de-uma-telenovela\/"},"author":{"name":"D\u00e9rcio Badru","@id":"https:\/\/www.cfm.co.mz\/#\/schema\/person\/1bb663f3c59dc61900f6f9b1c2b53552"},"headline":"CFM patrocina \u00e0 TVM para a produ\u00e7\u00e3o de uma telenovela","datePublished":"2021-05-18T20:05:11+00:00","mainEntityOfPage":{"@id":"https:\/\/www.cfm.co.mz\/2021\/05\/18\/cfm-patrocina-a-tvm-para-a-producao-de-uma-telenovela\/"},"wordCount":191,"commentCount":0,"publisher":{"@id":"https:\/\/www.cfm.co.mz\/#organization"},"image":{"@id":"https:\/\/www.cfm.co.mz\/2021\/05\/18\/cfm-patrocina-a-tvm-para-a-producao-de-uma-telenovela\/#primaryimage"},"thumbnailUrl":"https:\/\/www.cfm.co.mz\/wp-content\/uploads\/2021\/05\/Patrocinio_Novela_TVM-scaled.jpg","articleSection":["Noticias"],"inLanguage":"en-US","potentialAction":[{"@type":"CommentAction","name":"Comment","target":["https:\/\/www.cfm.co.mz\/2021\/05\/18\/cfm-patrocina-a-tvm-para-a-producao-de-uma-telenovela\/#respond"]}]},{"@type":"WebPage","@id":"https:\/\/www.cfm.co.mz\/2021\/05\/18\/cfm-patrocina-a-tvm-para-a-producao-de-uma-telenovela\/","url":"https:\/\/www.cfm.co.mz\/2021\/05\/18\/cfm-patrocina-a-tvm-para-a-producao-de-uma-telenovela\/","name":"CFM patrocina \u00e0 TVM para a produ\u00e7\u00e3o de uma telenovela - CFM - Caminhos De Ferros de Mo\u00e7ambique","isPartOf":{"@id":"https:\/\/www.cfm.co.mz\/#website"},"primaryImageOfPage":{"@id":"https:\/\/www.cfm.co.mz\/2021\/05\/18\/cfm-patrocina-a-tvm-para-a-producao-de-uma-telenovela\/#primaryimage"},"image":{"@id":"https:\/\/www.cfm.co.mz\/2021\/05\/18\/cfm-patrocina-a-tvm-para-a-producao-de-uma-telenovela\/#primaryimage"},"thumbnailUrl":"https:\/\/www.cfm.co.mz\/wp-content\/uploads\/2021\/05\/Patrocinio_Novela_TVM-scaled.jpg","datePublished":"2021-05-18T20:05:11+00:00","breadcrumb":{"@id":"https:\/\/www.cfm.co.mz\/2021\/05\/18\/cfm-patrocina-a-tvm-para-a-producao-de-uma-telenovela\/#breadcrumb"},"inLanguage":"en-US","potentialAction":[{"@type":"ReadAction","target":["https:\/\/www.cfm.co.mz\/2021\/05\/18\/cfm-patrocina-a-tvm-para-a-producao-de-uma-telenovela\/"]}]},{"@type":"ImageObject","inLanguage":"en-US","@id":"https:\/\/www.cfm.co.mz\/2021\/05\/18\/cfm-patrocina-a-tvm-para-a-producao-de-uma-telenovela\/#primaryimage","url":"https:\/\/www.cfm.co.mz\/wp-content\/uploads\/2021\/05\/Patrocinio_Novela_TVM-scaled.jpg","contentUrl":"https:\/\/www.cfm.co.mz\/wp-content\/uploads\/2021\/05\/Patrocinio_Novela_TVM-scaled.jpg","width":2560,"height":1707,"caption":"Patrocinio Novela TVM"},{"@type":"BreadcrumbList","@id":"https:\/\/www.cfm.co.mz\/2021\/05\/18\/cfm-patrocina-a-tvm-para-a-producao-de-uma-telenovela\/#breadcrumb","itemListElement":[{"@type":"ListItem","position":1,"name":"Home","item":"https:\/\/www.cfm.co.mz\/"},{"@type":"ListItem","position":2,"name":"CFM patrocina \u00e0 TVM para a produ\u00e7\u00e3o de uma telenovela"}]},{"@type":"WebSite","@id":"https:\/\/www.cfm.co.mz\/#website","url":"https:\/\/www.cfm.co.mz\/","name":"CFM - Caminhos De Ferros de Mo\u00e7ambique","description":"Ampliando Horizontes","publisher":{"@id":"https:\/\/www.cfm.co.mz\/#organization"},"potentialAction":[{"@type":"SearchAction","target":{"@type":"EntryPoint","urlTemplate":"https:\/\/www.cfm.co.mz\/?s={search_term_string}"},"query-input":{"@type":"PropertyValueSpecification","valueRequired":true,"valueName":"search_term_string"}}],"inLanguage":"en-US"},{"@type":"Organization","@id":"https:\/\/www.cfm.co.mz\/#organization","name":"CFM - Caminhos De Ferros de Mo\u00e7ambique","url":"https:\/\/www.cfm.co.mz\/","logo":{"@type":"ImageObject","inLanguage":"en-US","@id":"https:\/\/www.cfm.co.mz\/#\/schema\/logo\/image\/","url":"https:\/\/www.cfm.co.mz\/wp-content\/uploads\/2025\/07\/be5f0679-4f5b-4d02-9719-a26ceed29162.jpg","contentUrl":"https:\/\/www.cfm.co.mz\/wp-content\/uploads\/2025\/07\/be5f0679-4f5b-4d02-9719-a26ceed29162.jpg","width":400,"height":65,"caption":"CFM - Caminhos De Ferros de Mo\u00e7ambique"},"image":{"@id":"https:\/\/www.cfm.co.mz\/#\/schema\/logo\/image\/"},"sameAs":["https:\/\/www.facebook.com\/CFMMoz","https:\/\/www.linkedin.com\/company\/caminhos-de-ferro-de-moambique\/"]},{"@type":"Person","@id":"https:\/\/www.cfm.co.mz\/#\/schema\/person\/1bb663f3c59dc61900f6f9b1c2b53552","name":"D\u00e9rcio Badru","image":{"@type":"ImageObject","inLanguage":"en-US","@id":"https:\/\/www.cfm.co.mz\/#\/schema\/person\/image\/","url":"https:\/\/www.cfm.co.mz\/wp-content\/litespeed\/avatar\/be89d6955942d7259ef76de4577d21b3.jpg?ver=1777454359","contentUrl":"https:\/\/www.cfm.co.mz\/wp-content\/litespeed\/avatar\/be89d6955942d7259ef76de4577d21b3.jpg?ver=1777454359","caption":"D\u00e9rcio Badru"},"url":"https:\/\/www.cfm.co.mz\/en\/author\/dercio\/"}]}},"_links":{"self":[{"href":"https:\/\/www.cfm.co.mz\/en\/wp-json\/wp\/v2\/posts\/9331","targetHints":{"allow":["GET"]}}],"collection":[{"href":"https:\/\/www.cfm.co.mz\/en\/wp-json\/wp\/v2\/posts"}],"about":[{"href":"https:\/\/www.cfm.co.mz\/en\/wp-json\/wp\/v2\/types\/post"}],"author":[{"embeddable":true,"href":"https:\/\/www.cfm.co.mz\/en\/wp-json\/wp\/v2\/users\/94"}],"replies":[{"embeddable":true,"href":"https:\/\/www.cfm.co.mz\/en\/wp-json\/wp\/v2\/comments?post=9331"}],"version-history":[{"count":0,"href":"https:\/\/www.cfm.co.mz\/en\/wp-json\/wp\/v2\/posts\/9331\/revisions"}],"wp:featuredmedia":[{"embeddable":true,"href":"https:\/\/www.cfm.co.mz\/en\/wp-json\/wp\/v2\/media\/9330"}],"wp:attachment":[{"href":"https:\/\/www.cfm.co.mz\/en\/wp-json\/wp\/v2\/media?parent=9331"}],"wp:term":[{"taxonomy":"category","embeddable":true,"href":"https:\/\/www.cfm.co.mz\/en\/wp-json\/wp\/v2\/categories?post=9331"},{"taxonomy":"post_tag","embeddable":true,"href":"https:\/\/www.cfm.co.mz\/en\/wp-json\/wp\/v2\/tags?post=9331"}],"curies":[{"name":"wp","href":"https:\/\/api.w.org\/{rel}","templated":true}]}}