{"id":9306,"date":"2021-04-16T13:47:04","date_gmt":"2021-04-16T13:47:04","guid":{"rendered":"https:\/\/www.cfm.co.mz\/2021\/04\/16\/cfm-realiza-xxiv-conselho-de-directores-tivemos-um-crescimento-de-274-comparativamente-ao-ano-de-2019\/"},"modified":"2021-04-16T13:47:04","modified_gmt":"2021-04-16T13:47:04","slug":"cfm-realiza-xxiv-conselho-de-directores-tivemos-um-crescimento-de-274-comparativamente-ao-ano-de-2019","status":"publish","type":"post","link":"https:\/\/www.cfm.co.mz\/en\/2021\/04\/16\/cfm-realiza-xxiv-conselho-de-directores-tivemos-um-crescimento-de-274-comparativamente-ao-ano-de-2019\/","title":{"rendered":"CFM realiza XXIV Conselho de Directores e anuncia um crescimento de 274%"},"content":{"rendered":"<p style=\"text-align: justify;\"><a href=\"http:\/\/www.cfm.co.mz\/wp-content\/uploads\/2021\/04\/Conselho_de_Directores_2021_1-scaled.jpg\" type=\"image\/jpeg\" class=\"jcepopup zoom-bottom-right\" data-mediabox=\"1\" data-mediabox-width=\"800\" data-mediabox-height=\"600\" data-mediabox-caption=\"Presidium do XXIV Conselho de Directores\"><img decoding=\"async\" src=\"http:\/\/www.cfm.co.mz\/wp-content\/uploads\/2021\/04\/Conselho_de_Directores_2021_1-scaled.jpg\" alt=\"Conselho de Directores 2021 1\" width=\"250\" height=\"167\" style=\"margin: 10px; float: left;\" \/><\/a>Realiza-se nos dias 15 e 16 do corrente m\u00eas de abril, o XXIV Conselho de Directores da Empresa Portos e Caminhos de Ferro de Mo\u00e7ambique, um evento que decorre anualmente no primeiro trimestre e visa analisar as estrat\u00e9gias de gest\u00e3o empresarial em todas as suas vertentes, desde o transporte de passageiros \u00e0 log\u00edstica do manuseamento e transporte de cargas, sem descurar a componente de Recursos Humanos que constitui o principal activo do CFM.<\/p>\n<p><!--more--><\/p>\n<p style=\"text-align: justify;\"><a href=\"http:\/\/www.cfm.co.mz\/wp-content\/uploads\/2021\/04\/Conselho_de_Directores_2021_2-scaled.jpg\" type=\"image\/jpeg\" class=\"jcepopup zoom-bottom-right\" data-mediabox=\"1\" data-mediabox-width=\"800\" data-mediabox-height=\"600\" data-mediabox-caption=\"Janfar Abdulai, Ministro dos Transportes e Comunica\u00e7\u00f5es\"><img decoding=\"async\" src=\"http:\/\/www.cfm.co.mz\/wp-content\/uploads\/2021\/04\/Conselho_de_Directores_2021_2-scaled.jpg\" alt=\"Conselho de Directores 2021 2\" width=\"250\" height=\"167\" style=\"margin: 10px; float: right;\" \/><\/a>Sob o lema: <strong>\u201cPor uma Reinven\u00e7\u00e3o da Gest\u00e3o Empresarial no Contexto da Pandemia da COVID-19\u201d<\/strong>, este XXIV Conselho de Directores foi presidido por sua Excel\u00eancia o Ministro dos Transportes e Comunica\u00e7\u00f5es, Janfar Abdulai, que congratulou a Empresa pelos resultados alcan\u00e7ados, mesmo em meio \u00e0 ocorr\u00eancia da Pandemia da Covid-19. O Governante orientou os gestores da Empresa a&nbsp;<em>\u201crealizarem uma reflex\u00e3o profunda, sobre o apelo da popula\u00e7\u00e3o, em torno da retomada gradual da circula\u00e7\u00e3o dos comboios de longo curso, interrompida como medida preventiva no combate a propaga\u00e7\u00e3o da COVID-19.\u201d<\/em><\/p>\n<p style=\"text-align: justify;\">Note-se que o durante o ano de 2020, o resultado operacional do CFM situou-se em cerca de 4.7 mil milh\u00f5es de meticais, o que representa um crescimento de 274% comparativamente ao ano de 2019, cujo resultado operacional se situou em cerca de 1.3 mil milh\u00f5es de meticais.<\/p>\n<p style=\"text-align: justify;\">Em rela\u00e7\u00e3o aos resultados antes dos impostos, a Empresa apresenta, em 2020, cerca de 7.4 mil milh\u00f5es de meticais, contra cerca de 3.1 mil milh\u00f5es de meticais obtidos em 2019, representando um crescimento equivalente a 138%.<\/p>\n<p style=\"text-align: justify;\">Na \u00e1rea portu\u00e1ria, no mesmo per\u00edodo, em termos de toneladas m\u00e9tricas realizadas, a produ\u00e7\u00e3o cresceu 34% e, na \u00e1rea ferrovi\u00e1ria, 3% de toneladas-quil\u00f3metro transportadas.<\/p>\n<p style=\"text-align: justify;\"><a href=\"http:\/\/www.cfm.co.mz\/wp-content\/uploads\/2021\/04\/Conselho_de_Directores_2021_3-scaled.jpg\" type=\"image\/jpeg\" class=\"jcepopup zoom-bottom-right\" data-mediabox=\"1\" data-mediabox-width=\"800\" data-mediabox-height=\"600\" data-mediabox-caption=\"Participantes do XXIV Conselho de Directores\"><img decoding=\"async\" src=\"http:\/\/www.cfm.co.mz\/wp-content\/uploads\/2021\/04\/Conselho_de_Directores_2021_3-scaled.jpg\" alt=\"Conselho de Directores 2021 3\" width=\"250\" height=\"167\" style=\"margin: 10px; float: left;\" \/><\/a>Em termos de manuseamento de cargas nos Terminais sob a gest\u00e3o do CFM, foram manuseados, em 2020, cerca de 12 milh\u00f5es de toneladas m\u00e9tricas (representando 29% do total manuseado em todos os Portos), equivalentes a um crescimento de 34%, relativamente a igual per\u00edodo do ano de 2019.<\/p>\n<p style=\"text-align: justify;\">Nas Linhas sob a gest\u00e3o do CFM transportaram-se, em 2020, cerca de 2.300 milh\u00f5es de toneladas quil\u00f3metros contra cerca de 2.200 milh\u00f5es de toneladas quil\u00f3metros do ano anterior. Este volume representa 29% do volume em toneladas quil\u00f3metros realizadas em todas as linhas.<\/p>\n<p style=\"text-align: justify;\">Recorde-se que no ano passado (2020), o Conselho de Directores n\u00e3o se realizou devido ao pico da ocorr\u00eancia da pandemia do novo Coronav\u00edrus e respectivas restri\u00e7\u00f5es.<\/p>","protected":false},"excerpt":{"rendered":"<p>Realiza-se nos dias 15 e 16 do corrente m\u00eas de abril, o XXIV Conselho de Directores da Empresa Portos e Caminhos de Ferro de Mo\u00e7ambique, um evento que decorre anualmente no primeiro trimestre e visa analisar as estrat\u00e9gias de gest\u00e3o empresarial em todas as suas vertentes, desde o transporte de passageiros \u00e0 log\u00edstica do manuseamento e transporte de cargas, sem descurar a componente de Recursos Humanos que constitui o principal activo do CFM.<\/p>","protected":false},"author":94,"featured_media":9300,"comment_status":"open","ping_status":"open","sticky":false,"template":"","format":"standard","meta":{"_acf_changed":false,"pgc_sgb_lightbox_settings":"","footnotes":""},"categories":[680],"tags":[],"class_list":["post-9306","post","type-post","status-publish","format-standard","has-post-thumbnail","hentry","category-noticias"],"acf":[],"yoast_head":"<!-- This site is optimized with the Yoast SEO plugin v26.5 - https:\/\/yoast.com\/wordpress\/plugins\/seo\/ -->\n<title>CFM realiza XXIV Conselho de Directores e anuncia um crescimento de 274% - CFM - Caminhos De Ferros de Mo\u00e7ambique<\/title>\n<meta name=\"robots\" content=\"index, follow, max-snippet:-1, max-image-preview:large, max-video-preview:-1\" \/>\n<link rel=\"canonical\" href=\"https:\/\/www.cfm.co.mz\/en\/2021\/04\/16\/cfm-realiza-xxiv-conselho-de-directores-tivemos-um-crescimento-de-274-comparativamente-ao-ano-de-2019\/\" \/>\n<meta property=\"og:locale\" content=\"en_US\" \/>\n<meta property=\"og:type\" content=\"article\" \/>\n<meta property=\"og:title\" content=\"CFM realiza XXIV Conselho de Directores e anuncia um crescimento de 274% - CFM - Caminhos De Ferros de Mo\u00e7ambique\" \/>\n<meta property=\"og:description\" content=\"Realiza-se nos dias 15 e 16 do corrente m\u00eas de abril, o XXIV Conselho de Directores da Empresa Portos e Caminhos de Ferro de Mo\u00e7ambique, um evento que decorre anualmente no primeiro trimestre e visa analisar as estrat\u00e9gias de gest\u00e3o empresarial em todas as suas vertentes, desde o transporte de passageiros \u00e0 log\u00edstica do manuseamento e transporte de cargas, sem descurar a componente de Recursos Humanos que constitui o principal activo do CFM.\" \/>\n<meta property=\"og:url\" content=\"https:\/\/www.cfm.co.mz\/en\/2021\/04\/16\/cfm-realiza-xxiv-conselho-de-directores-tivemos-um-crescimento-de-274-comparativamente-ao-ano-de-2019\/\" \/>\n<meta property=\"og:site_name\" content=\"CFM - Caminhos De Ferros de Mo\u00e7ambique\" \/>\n<meta property=\"article:publisher\" content=\"https:\/\/www.facebook.com\/CFMMoz\" \/>\n<meta property=\"article:published_time\" content=\"2021-04-16T13:47:04+00:00\" \/>\n<meta property=\"og:image\" content=\"https:\/\/www.cfm.co.mz\/wp-content\/uploads\/2021\/04\/Conselho_de_Directores_2021_1-scaled.jpg\" \/>\n\t<meta property=\"og:image:width\" content=\"2560\" \/>\n\t<meta property=\"og:image:height\" content=\"1707\" \/>\n\t<meta property=\"og:image:type\" content=\"image\/jpeg\" \/>\n<meta name=\"author\" content=\"D\u00e9rcio Badru\" \/>\n<meta name=\"twitter:card\" content=\"summary_large_image\" \/>\n<meta name=\"twitter:label1\" content=\"Written by\" \/>\n\t<meta name=\"twitter:data1\" content=\"D\u00e9rcio Badru\" \/>\n\t<meta name=\"twitter:label2\" content=\"Est. reading time\" \/>\n\t<meta name=\"twitter:data2\" content=\"2 minutes\" \/>\n<script type=\"application\/ld+json\" class=\"yoast-schema-graph\">{\"@context\":\"https:\/\/schema.org\",\"@graph\":[{\"@type\":\"Article\",\"@id\":\"https:\/\/www.cfm.co.mz\/2021\/04\/16\/cfm-realiza-xxiv-conselho-de-directores-tivemos-um-crescimento-de-274-comparativamente-ao-ano-de-2019\/#article\",\"isPartOf\":{\"@id\":\"https:\/\/www.cfm.co.mz\/2021\/04\/16\/cfm-realiza-xxiv-conselho-de-directores-tivemos-um-crescimento-de-274-comparativamente-ao-ano-de-2019\/\"},\"author\":{\"name\":\"D\u00e9rcio Badru\",\"@id\":\"https:\/\/www.cfm.co.mz\/#\/schema\/person\/1bb663f3c59dc61900f6f9b1c2b53552\"},\"headline\":\"CFM realiza XXIV Conselho de Directores e anuncia um crescimento de 274%\",\"datePublished\":\"2021-04-16T13:47:04+00:00\",\"mainEntityOfPage\":{\"@id\":\"https:\/\/www.cfm.co.mz\/2021\/04\/16\/cfm-realiza-xxiv-conselho-de-directores-tivemos-um-crescimento-de-274-comparativamente-ao-ano-de-2019\/\"},\"wordCount\":409,\"commentCount\":0,\"publisher\":{\"@id\":\"https:\/\/www.cfm.co.mz\/#organization\"},\"image\":{\"@id\":\"https:\/\/www.cfm.co.mz\/2021\/04\/16\/cfm-realiza-xxiv-conselho-de-directores-tivemos-um-crescimento-de-274-comparativamente-ao-ano-de-2019\/#primaryimage\"},\"thumbnailUrl\":\"https:\/\/www.cfm.co.mz\/wp-content\/uploads\/2021\/04\/Conselho_de_Directores_2021_1-scaled.jpg\",\"articleSection\":[\"Noticias\"],\"inLanguage\":\"en-US\",\"potentialAction\":[{\"@type\":\"CommentAction\",\"name\":\"Comment\",\"target\":[\"https:\/\/www.cfm.co.mz\/2021\/04\/16\/cfm-realiza-xxiv-conselho-de-directores-tivemos-um-crescimento-de-274-comparativamente-ao-ano-de-2019\/#respond\"]}]},{\"@type\":\"WebPage\",\"@id\":\"https:\/\/www.cfm.co.mz\/2021\/04\/16\/cfm-realiza-xxiv-conselho-de-directores-tivemos-um-crescimento-de-274-comparativamente-ao-ano-de-2019\/\",\"url\":\"https:\/\/www.cfm.co.mz\/2021\/04\/16\/cfm-realiza-xxiv-conselho-de-directores-tivemos-um-crescimento-de-274-comparativamente-ao-ano-de-2019\/\",\"name\":\"CFM realiza XXIV Conselho de Directores e anuncia um crescimento de 274% - CFM - Caminhos De Ferros de Mo\u00e7ambique\",\"isPartOf\":{\"@id\":\"https:\/\/www.cfm.co.mz\/#website\"},\"primaryImageOfPage\":{\"@id\":\"https:\/\/www.cfm.co.mz\/2021\/04\/16\/cfm-realiza-xxiv-conselho-de-directores-tivemos-um-crescimento-de-274-comparativamente-ao-ano-de-2019\/#primaryimage\"},\"image\":{\"@id\":\"https:\/\/www.cfm.co.mz\/2021\/04\/16\/cfm-realiza-xxiv-conselho-de-directores-tivemos-um-crescimento-de-274-comparativamente-ao-ano-de-2019\/#primaryimage\"},\"thumbnailUrl\":\"https:\/\/www.cfm.co.mz\/wp-content\/uploads\/2021\/04\/Conselho_de_Directores_2021_1-scaled.jpg\",\"datePublished\":\"2021-04-16T13:47:04+00:00\",\"breadcrumb\":{\"@id\":\"https:\/\/www.cfm.co.mz\/2021\/04\/16\/cfm-realiza-xxiv-conselho-de-directores-tivemos-um-crescimento-de-274-comparativamente-ao-ano-de-2019\/#breadcrumb\"},\"inLanguage\":\"en-US\",\"potentialAction\":[{\"@type\":\"ReadAction\",\"target\":[\"https:\/\/www.cfm.co.mz\/2021\/04\/16\/cfm-realiza-xxiv-conselho-de-directores-tivemos-um-crescimento-de-274-comparativamente-ao-ano-de-2019\/\"]}]},{\"@type\":\"ImageObject\",\"inLanguage\":\"en-US\",\"@id\":\"https:\/\/www.cfm.co.mz\/2021\/04\/16\/cfm-realiza-xxiv-conselho-de-directores-tivemos-um-crescimento-de-274-comparativamente-ao-ano-de-2019\/#primaryimage\",\"url\":\"https:\/\/www.cfm.co.mz\/wp-content\/uploads\/2021\/04\/Conselho_de_Directores_2021_1-scaled.jpg\",\"contentUrl\":\"https:\/\/www.cfm.co.mz\/wp-content\/uploads\/2021\/04\/Conselho_de_Directores_2021_1-scaled.jpg\",\"width\":2560,\"height\":1707,\"caption\":\"Conselho de Directores 2021 1\"},{\"@type\":\"BreadcrumbList\",\"@id\":\"https:\/\/www.cfm.co.mz\/2021\/04\/16\/cfm-realiza-xxiv-conselho-de-directores-tivemos-um-crescimento-de-274-comparativamente-ao-ano-de-2019\/#breadcrumb\",\"itemListElement\":[{\"@type\":\"ListItem\",\"position\":1,\"name\":\"Home\",\"item\":\"https:\/\/www.cfm.co.mz\/\"},{\"@type\":\"ListItem\",\"position\":2,\"name\":\"CFM realiza XXIV Conselho de Directores e anuncia um crescimento de 274%\"}]},{\"@type\":\"WebSite\",\"@id\":\"https:\/\/www.cfm.co.mz\/#website\",\"url\":\"https:\/\/www.cfm.co.mz\/\",\"name\":\"CFM - Caminhos De Ferros de Mo\u00e7ambique\",\"description\":\"Ampliando Horizontes\",\"publisher\":{\"@id\":\"https:\/\/www.cfm.co.mz\/#organization\"},\"potentialAction\":[{\"@type\":\"SearchAction\",\"target\":{\"@type\":\"EntryPoint\",\"urlTemplate\":\"https:\/\/www.cfm.co.mz\/?s={search_term_string}\"},\"query-input\":{\"@type\":\"PropertyValueSpecification\",\"valueRequired\":true,\"valueName\":\"search_term_string\"}}],\"inLanguage\":\"en-US\"},{\"@type\":\"Organization\",\"@id\":\"https:\/\/www.cfm.co.mz\/#organization\",\"name\":\"CFM - Caminhos De Ferros de Mo\u00e7ambique\",\"url\":\"https:\/\/www.cfm.co.mz\/\",\"logo\":{\"@type\":\"ImageObject\",\"inLanguage\":\"en-US\",\"@id\":\"https:\/\/www.cfm.co.mz\/#\/schema\/logo\/image\/\",\"url\":\"https:\/\/www.cfm.co.mz\/wp-content\/uploads\/2025\/07\/be5f0679-4f5b-4d02-9719-a26ceed29162.jpg\",\"contentUrl\":\"https:\/\/www.cfm.co.mz\/wp-content\/uploads\/2025\/07\/be5f0679-4f5b-4d02-9719-a26ceed29162.jpg\",\"width\":400,\"height\":65,\"caption\":\"CFM - Caminhos De Ferros de Mo\u00e7ambique\"},\"image\":{\"@id\":\"https:\/\/www.cfm.co.mz\/#\/schema\/logo\/image\/\"},\"sameAs\":[\"https:\/\/www.facebook.com\/CFMMoz\",\"https:\/\/www.linkedin.com\/company\/caminhos-de-ferro-de-moambique\/\"]},{\"@type\":\"Person\",\"@id\":\"https:\/\/www.cfm.co.mz\/#\/schema\/person\/1bb663f3c59dc61900f6f9b1c2b53552\",\"name\":\"D\u00e9rcio Badru\",\"image\":{\"@type\":\"ImageObject\",\"inLanguage\":\"en-US\",\"@id\":\"https:\/\/www.cfm.co.mz\/#\/schema\/person\/image\/\",\"url\":\"https:\/\/www.cfm.co.mz\/wp-content\/litespeed\/avatar\/be89d6955942d7259ef76de4577d21b3.jpg?ver=1777454359\",\"contentUrl\":\"https:\/\/www.cfm.co.mz\/wp-content\/litespeed\/avatar\/be89d6955942d7259ef76de4577d21b3.jpg?ver=1777454359\",\"caption\":\"D\u00e9rcio Badru\"},\"url\":\"https:\/\/www.cfm.co.mz\/en\/author\/dercio\/\"}]}<\/script>\n<!-- \/ Yoast SEO plugin. -->","yoast_head_json":{"title":"CFM realiza XXIV Conselho de Directores e anuncia um crescimento de 274% - CFM - Caminhos De Ferros de Mo\u00e7ambique","robots":{"index":"index","follow":"follow","max-snippet":"max-snippet:-1","max-image-preview":"max-image-preview:large","max-video-preview":"max-video-preview:-1"},"canonical":"https:\/\/www.cfm.co.mz\/en\/2021\/04\/16\/cfm-realiza-xxiv-conselho-de-directores-tivemos-um-crescimento-de-274-comparativamente-ao-ano-de-2019\/","og_locale":"en_US","og_type":"article","og_title":"CFM realiza XXIV Conselho de Directores e anuncia um crescimento de 274% - CFM - Caminhos De Ferros de Mo\u00e7ambique","og_description":"Realiza-se nos dias 15 e 16 do corrente m\u00eas de abril, o XXIV Conselho de Directores da Empresa Portos e Caminhos de Ferro de Mo\u00e7ambique, um evento que decorre anualmente no primeiro trimestre e visa analisar as estrat\u00e9gias de gest\u00e3o empresarial em todas as suas vertentes, desde o transporte de passageiros \u00e0 log\u00edstica do manuseamento e transporte de cargas, sem descurar a componente de Recursos Humanos que constitui o principal activo do CFM.","og_url":"https:\/\/www.cfm.co.mz\/en\/2021\/04\/16\/cfm-realiza-xxiv-conselho-de-directores-tivemos-um-crescimento-de-274-comparativamente-ao-ano-de-2019\/","og_site_name":"CFM - Caminhos De Ferros de Mo\u00e7ambique","article_publisher":"https:\/\/www.facebook.com\/CFMMoz","article_published_time":"2021-04-16T13:47:04+00:00","og_image":[{"width":2560,"height":1707,"url":"https:\/\/www.cfm.co.mz\/wp-content\/uploads\/2021\/04\/Conselho_de_Directores_2021_1-scaled.jpg","type":"image\/jpeg"}],"author":"D\u00e9rcio Badru","twitter_card":"summary_large_image","twitter_misc":{"Written by":"D\u00e9rcio Badru","Est. reading time":"2 minutes"},"schema":{"@context":"https:\/\/schema.org","@graph":[{"@type":"Article","@id":"https:\/\/www.cfm.co.mz\/2021\/04\/16\/cfm-realiza-xxiv-conselho-de-directores-tivemos-um-crescimento-de-274-comparativamente-ao-ano-de-2019\/#article","isPartOf":{"@id":"https:\/\/www.cfm.co.mz\/2021\/04\/16\/cfm-realiza-xxiv-conselho-de-directores-tivemos-um-crescimento-de-274-comparativamente-ao-ano-de-2019\/"},"author":{"name":"D\u00e9rcio Badru","@id":"https:\/\/www.cfm.co.mz\/#\/schema\/person\/1bb663f3c59dc61900f6f9b1c2b53552"},"headline":"CFM realiza XXIV Conselho de Directores e anuncia um crescimento de 274%","datePublished":"2021-04-16T13:47:04+00:00","mainEntityOfPage":{"@id":"https:\/\/www.cfm.co.mz\/2021\/04\/16\/cfm-realiza-xxiv-conselho-de-directores-tivemos-um-crescimento-de-274-comparativamente-ao-ano-de-2019\/"},"wordCount":409,"commentCount":0,"publisher":{"@id":"https:\/\/www.cfm.co.mz\/#organization"},"image":{"@id":"https:\/\/www.cfm.co.mz\/2021\/04\/16\/cfm-realiza-xxiv-conselho-de-directores-tivemos-um-crescimento-de-274-comparativamente-ao-ano-de-2019\/#primaryimage"},"thumbnailUrl":"https:\/\/www.cfm.co.mz\/wp-content\/uploads\/2021\/04\/Conselho_de_Directores_2021_1-scaled.jpg","articleSection":["Noticias"],"inLanguage":"en-US","potentialAction":[{"@type":"CommentAction","name":"Comment","target":["https:\/\/www.cfm.co.mz\/2021\/04\/16\/cfm-realiza-xxiv-conselho-de-directores-tivemos-um-crescimento-de-274-comparativamente-ao-ano-de-2019\/#respond"]}]},{"@type":"WebPage","@id":"https:\/\/www.cfm.co.mz\/2021\/04\/16\/cfm-realiza-xxiv-conselho-de-directores-tivemos-um-crescimento-de-274-comparativamente-ao-ano-de-2019\/","url":"https:\/\/www.cfm.co.mz\/2021\/04\/16\/cfm-realiza-xxiv-conselho-de-directores-tivemos-um-crescimento-de-274-comparativamente-ao-ano-de-2019\/","name":"CFM realiza XXIV Conselho de Directores e anuncia um crescimento de 274% - CFM - Caminhos De Ferros de Mo\u00e7ambique","isPartOf":{"@id":"https:\/\/www.cfm.co.mz\/#website"},"primaryImageOfPage":{"@id":"https:\/\/www.cfm.co.mz\/2021\/04\/16\/cfm-realiza-xxiv-conselho-de-directores-tivemos-um-crescimento-de-274-comparativamente-ao-ano-de-2019\/#primaryimage"},"image":{"@id":"https:\/\/www.cfm.co.mz\/2021\/04\/16\/cfm-realiza-xxiv-conselho-de-directores-tivemos-um-crescimento-de-274-comparativamente-ao-ano-de-2019\/#primaryimage"},"thumbnailUrl":"https:\/\/www.cfm.co.mz\/wp-content\/uploads\/2021\/04\/Conselho_de_Directores_2021_1-scaled.jpg","datePublished":"2021-04-16T13:47:04+00:00","breadcrumb":{"@id":"https:\/\/www.cfm.co.mz\/2021\/04\/16\/cfm-realiza-xxiv-conselho-de-directores-tivemos-um-crescimento-de-274-comparativamente-ao-ano-de-2019\/#breadcrumb"},"inLanguage":"en-US","potentialAction":[{"@type":"ReadAction","target":["https:\/\/www.cfm.co.mz\/2021\/04\/16\/cfm-realiza-xxiv-conselho-de-directores-tivemos-um-crescimento-de-274-comparativamente-ao-ano-de-2019\/"]}]},{"@type":"ImageObject","inLanguage":"en-US","@id":"https:\/\/www.cfm.co.mz\/2021\/04\/16\/cfm-realiza-xxiv-conselho-de-directores-tivemos-um-crescimento-de-274-comparativamente-ao-ano-de-2019\/#primaryimage","url":"https:\/\/www.cfm.co.mz\/wp-content\/uploads\/2021\/04\/Conselho_de_Directores_2021_1-scaled.jpg","contentUrl":"https:\/\/www.cfm.co.mz\/wp-content\/uploads\/2021\/04\/Conselho_de_Directores_2021_1-scaled.jpg","width":2560,"height":1707,"caption":"Conselho de Directores 2021 1"},{"@type":"BreadcrumbList","@id":"https:\/\/www.cfm.co.mz\/2021\/04\/16\/cfm-realiza-xxiv-conselho-de-directores-tivemos-um-crescimento-de-274-comparativamente-ao-ano-de-2019\/#breadcrumb","itemListElement":[{"@type":"ListItem","position":1,"name":"Home","item":"https:\/\/www.cfm.co.mz\/"},{"@type":"ListItem","position":2,"name":"CFM realiza XXIV Conselho de Directores e anuncia um crescimento de 274%"}]},{"@type":"WebSite","@id":"https:\/\/www.cfm.co.mz\/#website","url":"https:\/\/www.cfm.co.mz\/","name":"CFM - Caminhos De Ferros de Mo\u00e7ambique","description":"Ampliando Horizontes","publisher":{"@id":"https:\/\/www.cfm.co.mz\/#organization"},"potentialAction":[{"@type":"SearchAction","target":{"@type":"EntryPoint","urlTemplate":"https:\/\/www.cfm.co.mz\/?s={search_term_string}"},"query-input":{"@type":"PropertyValueSpecification","valueRequired":true,"valueName":"search_term_string"}}],"inLanguage":"en-US"},{"@type":"Organization","@id":"https:\/\/www.cfm.co.mz\/#organization","name":"CFM - Caminhos De Ferros de Mo\u00e7ambique","url":"https:\/\/www.cfm.co.mz\/","logo":{"@type":"ImageObject","inLanguage":"en-US","@id":"https:\/\/www.cfm.co.mz\/#\/schema\/logo\/image\/","url":"https:\/\/www.cfm.co.mz\/wp-content\/uploads\/2025\/07\/be5f0679-4f5b-4d02-9719-a26ceed29162.jpg","contentUrl":"https:\/\/www.cfm.co.mz\/wp-content\/uploads\/2025\/07\/be5f0679-4f5b-4d02-9719-a26ceed29162.jpg","width":400,"height":65,"caption":"CFM - Caminhos De Ferros de Mo\u00e7ambique"},"image":{"@id":"https:\/\/www.cfm.co.mz\/#\/schema\/logo\/image\/"},"sameAs":["https:\/\/www.facebook.com\/CFMMoz","https:\/\/www.linkedin.com\/company\/caminhos-de-ferro-de-moambique\/"]},{"@type":"Person","@id":"https:\/\/www.cfm.co.mz\/#\/schema\/person\/1bb663f3c59dc61900f6f9b1c2b53552","name":"D\u00e9rcio Badru","image":{"@type":"ImageObject","inLanguage":"en-US","@id":"https:\/\/www.cfm.co.mz\/#\/schema\/person\/image\/","url":"https:\/\/www.cfm.co.mz\/wp-content\/litespeed\/avatar\/be89d6955942d7259ef76de4577d21b3.jpg?ver=1777454359","contentUrl":"https:\/\/www.cfm.co.mz\/wp-content\/litespeed\/avatar\/be89d6955942d7259ef76de4577d21b3.jpg?ver=1777454359","caption":"D\u00e9rcio Badru"},"url":"https:\/\/www.cfm.co.mz\/en\/author\/dercio\/"}]}},"_links":{"self":[{"href":"https:\/\/www.cfm.co.mz\/en\/wp-json\/wp\/v2\/posts\/9306","targetHints":{"allow":["GET"]}}],"collection":[{"href":"https:\/\/www.cfm.co.mz\/en\/wp-json\/wp\/v2\/posts"}],"about":[{"href":"https:\/\/www.cfm.co.mz\/en\/wp-json\/wp\/v2\/types\/post"}],"author":[{"embeddable":true,"href":"https:\/\/www.cfm.co.mz\/en\/wp-json\/wp\/v2\/users\/94"}],"replies":[{"embeddable":true,"href":"https:\/\/www.cfm.co.mz\/en\/wp-json\/wp\/v2\/comments?post=9306"}],"version-history":[{"count":0,"href":"https:\/\/www.cfm.co.mz\/en\/wp-json\/wp\/v2\/posts\/9306\/revisions"}],"wp:featuredmedia":[{"embeddable":true,"href":"https:\/\/www.cfm.co.mz\/en\/wp-json\/wp\/v2\/media\/9300"}],"wp:attachment":[{"href":"https:\/\/www.cfm.co.mz\/en\/wp-json\/wp\/v2\/media?parent=9306"}],"wp:term":[{"taxonomy":"category","embeddable":true,"href":"https:\/\/www.cfm.co.mz\/en\/wp-json\/wp\/v2\/categories?post=9306"},{"taxonomy":"post_tag","embeddable":true,"href":"https:\/\/www.cfm.co.mz\/en\/wp-json\/wp\/v2\/tags?post=9306"}],"curies":[{"name":"wp","href":"https:\/\/api.w.org\/{rel}","templated":true}]}}