{"id":9299,"date":"2021-03-24T14:49:30","date_gmt":"2021-03-24T14:49:30","guid":{"rendered":"https:\/\/www.cfm.co.mz\/2021\/03\/24\/administradora-executiva-do-cfm-visita-os-portos-de-nacala-e-de-pemba\/"},"modified":"2021-03-24T14:49:30","modified_gmt":"2021-03-24T14:49:30","slug":"administradora-executiva-do-cfm-visita-os-portos-de-nacala-e-de-pemba","status":"publish","type":"post","link":"https:\/\/www.cfm.co.mz\/en\/2021\/03\/24\/administradora-executiva-do-cfm-visita-os-portos-de-nacala-e-de-pemba\/","title":{"rendered":"Administradora Executiva do CFM visita os Portos de Nacala e de  Pemba"},"content":{"rendered":"<p style=\"text-align: justify;\"><a href=\"http:\/\/www.cfm.co.mz\/wp-content\/uploads\/2021\/03\/Visirta_Nacala_Dra_Maria_Mangue_2021-scaled.jpg\" type=\"image\/jpeg\" class=\"jcepopup zoom-bottom-right\" data-mediabox=\"1\" data-mediabox-width=\"800\" data-mediabox-height=\"600\" data-mediabox-caption=\"Dra. Maria de F\u00e1tima Mangue durante a visita ao Porto de Nacala\"><img decoding=\"async\" src=\"http:\/\/www.cfm.co.mz\/wp-content\/uploads\/2021\/03\/Visirta_Nacala_Dra_Maria_Mangue_2021-scaled.jpg\" alt=\"Visirta Nacala Dra Maria Mangue 2021\" width=\"250\" height=\"167\" style=\"margin: 10px; float: left;\" \/><\/a>A Administradora Executiva para o CFM-Norte e Rela\u00e7\u00f5es Institucionais, Dr.\u00aa Maria de F\u00e1tima Mangue, visitou, de 15 \u00e0 19 de Mar\u00e7o de 2021, os Portos de Nacala e de Pemba, no \u00e2mbito dos trabalhos de supervis\u00e3o e monitoria das actividades do seu pelouro.<\/p>\n<p style=\"text-align: justify;\">No Porto de Nacala, cuja revers\u00e3o para o CFM acorreu em Janeiro de 2020, F\u00e1tima Mangue inteirou-se da gest\u00e3o e os desenvolvimentos dos projectos em curso, com destaque para o Projecto de Reabilita\u00e7\u00e3o e Moderniza\u00e7\u00e3o do Porto, um empreendimento, avaliado em 277.530,923 USD, que prev\u00ea a reabilita\u00e7\u00e3o, amplia\u00e7\u00e3o e moderniza\u00e7\u00e3o desta estrat\u00e9gica infraestrutura, com impacto para as economias nacional e da regi\u00e3o da SADC.<\/p>\n<p><!--more--><\/p>\n<p style=\"text-align: justify;\">A conclus\u00e3o deste projecto vai conferir maior capacidade ao Porto para mais de 152% TEUS\/Ano (cerca de 252 TEU\u2019s\/ano), a atraca\u00e7\u00e3o de navios de grande porte \u2013 80 000 DWT &#8211; Post Panamax, bem como e naturalmente, redu\u00e7\u00e3o do tempo de perman\u00eancia no Cais por conta da introdu\u00e7\u00e3o de novos e modernos equipamentos portu\u00e1rios.<\/p>\n<p style=\"text-align: justify;\">No final da visita Mangue atribuiu nota positiva ao desempenho do Porto, facto que faz jus aos resultados operacionais positivos apresentados que reportam o manuseamento de 2.5 Milh\u00f5es de Toneladas M\u00e9tricas, no ano de 2020, volumes que representam uma realiza\u00e7\u00e3o de 98% do plano e uma redu\u00e7\u00e3o de apenas 6% em rela\u00e7\u00e3o ao ano 2019, pese embora as condi\u00e7\u00f5es econ\u00f3micas adversas causadas pela COVID-19.<\/p>\n<p style=\"text-align: justify;\"><a href=\"http:\/\/www.cfm.co.mz\/wp-content\/uploads\/2021\/03\/Visita_Dra_Maria_de_Fatima_Porto_de_Pemba_Marco_2021-scaled.jpg\" type=\"image\/jpeg\" class=\"jcepopup zoom-bottom-right\" data-mediabox=\"1\" data-mediabox-width=\"800\" data-mediabox-height=\"600\" data-mediabox-caption=\"Dra. Maria de F\u00e1tima Mangue durante a visita ao Porto de Pemba\"><img decoding=\"async\" src=\"http:\/\/www.cfm.co.mz\/wp-content\/uploads\/2021\/03\/Visita_Dra_Maria_de_Fatima_Porto_de_Pemba_Marco_2021-scaled.jpg\" alt=\"Visita Dra Maria de Fatima Porto de Pemba Marco 2021\" width=\"250\" style=\"margin: 10px; float: right;\" \/><\/a>Em Pemba, a Gestora visitou o respectivo Porto e os projectos em curso, nomeadamente; o Projecto SMC\/PESCHAUD Logistic para a Total, o Terminal de Gran\u00e9is S\u00f3lidos (PBT &#8211;&nbsp; Pemba Bulk Terminal) e a Base Log\u00edstica de Pemba \u2013 ENHILS \u2013 BLP.<\/p>\n<p style=\"text-align: justify;\">Recorde-se que \u00e9 nesta regi\u00e3o do Pa\u00eds onde grandes projectos de explora\u00e7\u00e3o e log\u00edstica de g\u00e1s est\u00e3o a acontecer e, cabe ao CFM, contribuir com a facilita\u00e7\u00e3o da concretiza\u00e7\u00e3o destes projectos.<\/p>\n<p style=\"text-align: justify;\">F\u00e1tima Mangue aproveitou para, tamb\u00e9m, visitar infraestruturas desportivas que est\u00e3o a cerecer de obras de reabilita\u00e7\u00e3o, tendo deixado relevantes recomenda\u00e7\u00f5es.<\/p>","protected":false},"excerpt":{"rendered":"<p>A Administradora Executiva para o CFM-Norte e Rela\u00e7\u00f5es Institucionais, Dr.\u00aa Maria de F\u00e1tima Mangue, visitou, de 15 \u00e0 19 de Mar\u00e7o de 2021, os Portos de Nacala e de Pemba, no \u00e2mbito dos trabalhos de supervis\u00e3o e monitoria das actividades do seu pelouro. No Porto de Nacala, cuja revers\u00e3o para o CFM acorreu em Janeiro de 2020, F\u00e1tima Mangue inteirou-se da gest\u00e3o e os desenvolvimentos dos projectos em curso, com destaque para o Projecto de Reabilita\u00e7\u00e3o e Moderniza\u00e7\u00e3o do Porto, um empreendimento, avaliado em 277.530,923 USD, que prev\u00ea a reabilita\u00e7\u00e3o, amplia\u00e7\u00e3o e moderniza\u00e7\u00e3o desta estrat\u00e9gica infraestrutura, com impacto para as economias nacional e da regi\u00e3o da SADC.<\/p>","protected":false},"author":94,"featured_media":9296,"comment_status":"open","ping_status":"open","sticky":false,"template":"","format":"standard","meta":{"_acf_changed":false,"pgc_sgb_lightbox_settings":"","footnotes":""},"categories":[680],"tags":[],"class_list":["post-9299","post","type-post","status-publish","format-standard","has-post-thumbnail","hentry","category-noticias"],"acf":[],"yoast_head":"<!-- This site is optimized with the Yoast SEO plugin v26.5 - https:\/\/yoast.com\/wordpress\/plugins\/seo\/ -->\n<title>Administradora Executiva do CFM visita os Portos de Nacala e de Pemba - CFM - Caminhos De Ferros de Mo\u00e7ambique<\/title>\n<meta name=\"robots\" content=\"index, follow, max-snippet:-1, max-image-preview:large, max-video-preview:-1\" \/>\n<link rel=\"canonical\" href=\"https:\/\/www.cfm.co.mz\/en\/2021\/03\/24\/administradora-executiva-do-cfm-visita-os-portos-de-nacala-e-de-pemba\/\" \/>\n<meta property=\"og:locale\" content=\"en_US\" \/>\n<meta property=\"og:type\" content=\"article\" \/>\n<meta property=\"og:title\" content=\"Administradora Executiva do CFM visita os Portos de Nacala e de Pemba - CFM - Caminhos De Ferros de Mo\u00e7ambique\" \/>\n<meta property=\"og:description\" content=\"A Administradora Executiva para o CFM-Norte e Rela\u00e7\u00f5es Institucionais, Dr.\u00aa Maria de F\u00e1tima Mangue, visitou, de 15 \u00e0 19 de Mar\u00e7o de 2021, os Portos de Nacala e de Pemba, no \u00e2mbito dos trabalhos de supervis\u00e3o e monitoria das actividades do seu pelouro. No Porto de Nacala, cuja revers\u00e3o para o CFM acorreu em Janeiro de 2020, F\u00e1tima Mangue inteirou-se da gest\u00e3o e os desenvolvimentos dos projectos em curso, com destaque para o Projecto de Reabilita\u00e7\u00e3o e Moderniza\u00e7\u00e3o do Porto, um empreendimento, avaliado em 277.530,923 USD, que prev\u00ea a reabilita\u00e7\u00e3o, amplia\u00e7\u00e3o e moderniza\u00e7\u00e3o desta estrat\u00e9gica infraestrutura, com impacto para as economias nacional e da regi\u00e3o da SADC.\" \/>\n<meta property=\"og:url\" content=\"https:\/\/www.cfm.co.mz\/en\/2021\/03\/24\/administradora-executiva-do-cfm-visita-os-portos-de-nacala-e-de-pemba\/\" \/>\n<meta property=\"og:site_name\" content=\"CFM - Caminhos De Ferros de Mo\u00e7ambique\" \/>\n<meta property=\"article:publisher\" content=\"https:\/\/www.facebook.com\/CFMMoz\" \/>\n<meta property=\"article:published_time\" content=\"2021-03-24T14:49:30+00:00\" \/>\n<meta property=\"og:image\" content=\"https:\/\/www.cfm.co.mz\/wp-content\/uploads\/2021\/03\/Visirta_Nacala_Dra_Maria_Mangue_2021-scaled.jpg\" \/>\n\t<meta property=\"og:image:width\" content=\"2560\" \/>\n\t<meta property=\"og:image:height\" content=\"1707\" \/>\n\t<meta property=\"og:image:type\" content=\"image\/jpeg\" \/>\n<meta name=\"author\" content=\"D\u00e9rcio Badru\" \/>\n<meta name=\"twitter:card\" content=\"summary_large_image\" \/>\n<meta name=\"twitter:label1\" content=\"Written by\" \/>\n\t<meta name=\"twitter:data1\" content=\"D\u00e9rcio Badru\" \/>\n\t<meta name=\"twitter:label2\" content=\"Est. reading time\" \/>\n\t<meta name=\"twitter:data2\" content=\"2 minutes\" \/>\n<script type=\"application\/ld+json\" class=\"yoast-schema-graph\">{\"@context\":\"https:\/\/schema.org\",\"@graph\":[{\"@type\":\"Article\",\"@id\":\"https:\/\/www.cfm.co.mz\/2021\/03\/24\/administradora-executiva-do-cfm-visita-os-portos-de-nacala-e-de-pemba\/#article\",\"isPartOf\":{\"@id\":\"https:\/\/www.cfm.co.mz\/2021\/03\/24\/administradora-executiva-do-cfm-visita-os-portos-de-nacala-e-de-pemba\/\"},\"author\":{\"name\":\"D\u00e9rcio Badru\",\"@id\":\"https:\/\/www.cfm.co.mz\/#\/schema\/person\/1bb663f3c59dc61900f6f9b1c2b53552\"},\"headline\":\"Administradora Executiva do CFM visita os Portos de Nacala e de Pemba\",\"datePublished\":\"2021-03-24T14:49:30+00:00\",\"mainEntityOfPage\":{\"@id\":\"https:\/\/www.cfm.co.mz\/2021\/03\/24\/administradora-executiva-do-cfm-visita-os-portos-de-nacala-e-de-pemba\/\"},\"wordCount\":358,\"commentCount\":0,\"publisher\":{\"@id\":\"https:\/\/www.cfm.co.mz\/#organization\"},\"image\":{\"@id\":\"https:\/\/www.cfm.co.mz\/2021\/03\/24\/administradora-executiva-do-cfm-visita-os-portos-de-nacala-e-de-pemba\/#primaryimage\"},\"thumbnailUrl\":\"https:\/\/www.cfm.co.mz\/wp-content\/uploads\/2021\/03\/Visirta_Nacala_Dra_Maria_Mangue_2021-scaled.jpg\",\"articleSection\":[\"Noticias\"],\"inLanguage\":\"en-US\",\"potentialAction\":[{\"@type\":\"CommentAction\",\"name\":\"Comment\",\"target\":[\"https:\/\/www.cfm.co.mz\/2021\/03\/24\/administradora-executiva-do-cfm-visita-os-portos-de-nacala-e-de-pemba\/#respond\"]}]},{\"@type\":\"WebPage\",\"@id\":\"https:\/\/www.cfm.co.mz\/2021\/03\/24\/administradora-executiva-do-cfm-visita-os-portos-de-nacala-e-de-pemba\/\",\"url\":\"https:\/\/www.cfm.co.mz\/2021\/03\/24\/administradora-executiva-do-cfm-visita-os-portos-de-nacala-e-de-pemba\/\",\"name\":\"Administradora Executiva do CFM visita os Portos de Nacala e de Pemba - CFM - Caminhos De Ferros de Mo\u00e7ambique\",\"isPartOf\":{\"@id\":\"https:\/\/www.cfm.co.mz\/#website\"},\"primaryImageOfPage\":{\"@id\":\"https:\/\/www.cfm.co.mz\/2021\/03\/24\/administradora-executiva-do-cfm-visita-os-portos-de-nacala-e-de-pemba\/#primaryimage\"},\"image\":{\"@id\":\"https:\/\/www.cfm.co.mz\/2021\/03\/24\/administradora-executiva-do-cfm-visita-os-portos-de-nacala-e-de-pemba\/#primaryimage\"},\"thumbnailUrl\":\"https:\/\/www.cfm.co.mz\/wp-content\/uploads\/2021\/03\/Visirta_Nacala_Dra_Maria_Mangue_2021-scaled.jpg\",\"datePublished\":\"2021-03-24T14:49:30+00:00\",\"breadcrumb\":{\"@id\":\"https:\/\/www.cfm.co.mz\/2021\/03\/24\/administradora-executiva-do-cfm-visita-os-portos-de-nacala-e-de-pemba\/#breadcrumb\"},\"inLanguage\":\"en-US\",\"potentialAction\":[{\"@type\":\"ReadAction\",\"target\":[\"https:\/\/www.cfm.co.mz\/2021\/03\/24\/administradora-executiva-do-cfm-visita-os-portos-de-nacala-e-de-pemba\/\"]}]},{\"@type\":\"ImageObject\",\"inLanguage\":\"en-US\",\"@id\":\"https:\/\/www.cfm.co.mz\/2021\/03\/24\/administradora-executiva-do-cfm-visita-os-portos-de-nacala-e-de-pemba\/#primaryimage\",\"url\":\"https:\/\/www.cfm.co.mz\/wp-content\/uploads\/2021\/03\/Visirta_Nacala_Dra_Maria_Mangue_2021-scaled.jpg\",\"contentUrl\":\"https:\/\/www.cfm.co.mz\/wp-content\/uploads\/2021\/03\/Visirta_Nacala_Dra_Maria_Mangue_2021-scaled.jpg\",\"width\":2560,\"height\":1707,\"caption\":\"Visirta Nacala Dra Maria Mangue 2021\"},{\"@type\":\"BreadcrumbList\",\"@id\":\"https:\/\/www.cfm.co.mz\/2021\/03\/24\/administradora-executiva-do-cfm-visita-os-portos-de-nacala-e-de-pemba\/#breadcrumb\",\"itemListElement\":[{\"@type\":\"ListItem\",\"position\":1,\"name\":\"Home\",\"item\":\"https:\/\/www.cfm.co.mz\/\"},{\"@type\":\"ListItem\",\"position\":2,\"name\":\"Administradora Executiva do CFM visita os Portos de Nacala e de Pemba\"}]},{\"@type\":\"WebSite\",\"@id\":\"https:\/\/www.cfm.co.mz\/#website\",\"url\":\"https:\/\/www.cfm.co.mz\/\",\"name\":\"CFM - Caminhos De Ferros de Mo\u00e7ambique\",\"description\":\"Ampliando Horizontes\",\"publisher\":{\"@id\":\"https:\/\/www.cfm.co.mz\/#organization\"},\"potentialAction\":[{\"@type\":\"SearchAction\",\"target\":{\"@type\":\"EntryPoint\",\"urlTemplate\":\"https:\/\/www.cfm.co.mz\/?s={search_term_string}\"},\"query-input\":{\"@type\":\"PropertyValueSpecification\",\"valueRequired\":true,\"valueName\":\"search_term_string\"}}],\"inLanguage\":\"en-US\"},{\"@type\":\"Organization\",\"@id\":\"https:\/\/www.cfm.co.mz\/#organization\",\"name\":\"CFM - Caminhos De Ferros de Mo\u00e7ambique\",\"url\":\"https:\/\/www.cfm.co.mz\/\",\"logo\":{\"@type\":\"ImageObject\",\"inLanguage\":\"en-US\",\"@id\":\"https:\/\/www.cfm.co.mz\/#\/schema\/logo\/image\/\",\"url\":\"https:\/\/www.cfm.co.mz\/wp-content\/uploads\/2025\/07\/be5f0679-4f5b-4d02-9719-a26ceed29162.jpg\",\"contentUrl\":\"https:\/\/www.cfm.co.mz\/wp-content\/uploads\/2025\/07\/be5f0679-4f5b-4d02-9719-a26ceed29162.jpg\",\"width\":400,\"height\":65,\"caption\":\"CFM - Caminhos De Ferros de Mo\u00e7ambique\"},\"image\":{\"@id\":\"https:\/\/www.cfm.co.mz\/#\/schema\/logo\/image\/\"},\"sameAs\":[\"https:\/\/www.facebook.com\/CFMMoz\",\"https:\/\/www.linkedin.com\/company\/caminhos-de-ferro-de-moambique\/\"]},{\"@type\":\"Person\",\"@id\":\"https:\/\/www.cfm.co.mz\/#\/schema\/person\/1bb663f3c59dc61900f6f9b1c2b53552\",\"name\":\"D\u00e9rcio Badru\",\"image\":{\"@type\":\"ImageObject\",\"inLanguage\":\"en-US\",\"@id\":\"https:\/\/www.cfm.co.mz\/#\/schema\/person\/image\/\",\"url\":\"https:\/\/www.cfm.co.mz\/wp-content\/litespeed\/avatar\/be89d6955942d7259ef76de4577d21b3.jpg?ver=1777454359\",\"contentUrl\":\"https:\/\/www.cfm.co.mz\/wp-content\/litespeed\/avatar\/be89d6955942d7259ef76de4577d21b3.jpg?ver=1777454359\",\"caption\":\"D\u00e9rcio Badru\"},\"url\":\"https:\/\/www.cfm.co.mz\/en\/author\/dercio\/\"}]}<\/script>\n<!-- \/ Yoast SEO plugin. -->","yoast_head_json":{"title":"Administradora Executiva do CFM visita os Portos de Nacala e de Pemba - CFM - Caminhos De Ferros de Mo\u00e7ambique","robots":{"index":"index","follow":"follow","max-snippet":"max-snippet:-1","max-image-preview":"max-image-preview:large","max-video-preview":"max-video-preview:-1"},"canonical":"https:\/\/www.cfm.co.mz\/en\/2021\/03\/24\/administradora-executiva-do-cfm-visita-os-portos-de-nacala-e-de-pemba\/","og_locale":"en_US","og_type":"article","og_title":"Administradora Executiva do CFM visita os Portos de Nacala e de Pemba - CFM - Caminhos De Ferros de Mo\u00e7ambique","og_description":"A Administradora Executiva para o CFM-Norte e Rela\u00e7\u00f5es Institucionais, Dr.\u00aa Maria de F\u00e1tima Mangue, visitou, de 15 \u00e0 19 de Mar\u00e7o de 2021, os Portos de Nacala e de Pemba, no \u00e2mbito dos trabalhos de supervis\u00e3o e monitoria das actividades do seu pelouro. No Porto de Nacala, cuja revers\u00e3o para o CFM acorreu em Janeiro de 2020, F\u00e1tima Mangue inteirou-se da gest\u00e3o e os desenvolvimentos dos projectos em curso, com destaque para o Projecto de Reabilita\u00e7\u00e3o e Moderniza\u00e7\u00e3o do Porto, um empreendimento, avaliado em 277.530,923 USD, que prev\u00ea a reabilita\u00e7\u00e3o, amplia\u00e7\u00e3o e moderniza\u00e7\u00e3o desta estrat\u00e9gica infraestrutura, com impacto para as economias nacional e da regi\u00e3o da SADC.","og_url":"https:\/\/www.cfm.co.mz\/en\/2021\/03\/24\/administradora-executiva-do-cfm-visita-os-portos-de-nacala-e-de-pemba\/","og_site_name":"CFM - Caminhos De Ferros de Mo\u00e7ambique","article_publisher":"https:\/\/www.facebook.com\/CFMMoz","article_published_time":"2021-03-24T14:49:30+00:00","og_image":[{"width":2560,"height":1707,"url":"https:\/\/www.cfm.co.mz\/wp-content\/uploads\/2021\/03\/Visirta_Nacala_Dra_Maria_Mangue_2021-scaled.jpg","type":"image\/jpeg"}],"author":"D\u00e9rcio Badru","twitter_card":"summary_large_image","twitter_misc":{"Written by":"D\u00e9rcio Badru","Est. reading time":"2 minutes"},"schema":{"@context":"https:\/\/schema.org","@graph":[{"@type":"Article","@id":"https:\/\/www.cfm.co.mz\/2021\/03\/24\/administradora-executiva-do-cfm-visita-os-portos-de-nacala-e-de-pemba\/#article","isPartOf":{"@id":"https:\/\/www.cfm.co.mz\/2021\/03\/24\/administradora-executiva-do-cfm-visita-os-portos-de-nacala-e-de-pemba\/"},"author":{"name":"D\u00e9rcio Badru","@id":"https:\/\/www.cfm.co.mz\/#\/schema\/person\/1bb663f3c59dc61900f6f9b1c2b53552"},"headline":"Administradora Executiva do CFM visita os Portos de Nacala e de Pemba","datePublished":"2021-03-24T14:49:30+00:00","mainEntityOfPage":{"@id":"https:\/\/www.cfm.co.mz\/2021\/03\/24\/administradora-executiva-do-cfm-visita-os-portos-de-nacala-e-de-pemba\/"},"wordCount":358,"commentCount":0,"publisher":{"@id":"https:\/\/www.cfm.co.mz\/#organization"},"image":{"@id":"https:\/\/www.cfm.co.mz\/2021\/03\/24\/administradora-executiva-do-cfm-visita-os-portos-de-nacala-e-de-pemba\/#primaryimage"},"thumbnailUrl":"https:\/\/www.cfm.co.mz\/wp-content\/uploads\/2021\/03\/Visirta_Nacala_Dra_Maria_Mangue_2021-scaled.jpg","articleSection":["Noticias"],"inLanguage":"en-US","potentialAction":[{"@type":"CommentAction","name":"Comment","target":["https:\/\/www.cfm.co.mz\/2021\/03\/24\/administradora-executiva-do-cfm-visita-os-portos-de-nacala-e-de-pemba\/#respond"]}]},{"@type":"WebPage","@id":"https:\/\/www.cfm.co.mz\/2021\/03\/24\/administradora-executiva-do-cfm-visita-os-portos-de-nacala-e-de-pemba\/","url":"https:\/\/www.cfm.co.mz\/2021\/03\/24\/administradora-executiva-do-cfm-visita-os-portos-de-nacala-e-de-pemba\/","name":"Administradora Executiva do CFM visita os Portos de Nacala e de Pemba - CFM - Caminhos De Ferros de Mo\u00e7ambique","isPartOf":{"@id":"https:\/\/www.cfm.co.mz\/#website"},"primaryImageOfPage":{"@id":"https:\/\/www.cfm.co.mz\/2021\/03\/24\/administradora-executiva-do-cfm-visita-os-portos-de-nacala-e-de-pemba\/#primaryimage"},"image":{"@id":"https:\/\/www.cfm.co.mz\/2021\/03\/24\/administradora-executiva-do-cfm-visita-os-portos-de-nacala-e-de-pemba\/#primaryimage"},"thumbnailUrl":"https:\/\/www.cfm.co.mz\/wp-content\/uploads\/2021\/03\/Visirta_Nacala_Dra_Maria_Mangue_2021-scaled.jpg","datePublished":"2021-03-24T14:49:30+00:00","breadcrumb":{"@id":"https:\/\/www.cfm.co.mz\/2021\/03\/24\/administradora-executiva-do-cfm-visita-os-portos-de-nacala-e-de-pemba\/#breadcrumb"},"inLanguage":"en-US","potentialAction":[{"@type":"ReadAction","target":["https:\/\/www.cfm.co.mz\/2021\/03\/24\/administradora-executiva-do-cfm-visita-os-portos-de-nacala-e-de-pemba\/"]}]},{"@type":"ImageObject","inLanguage":"en-US","@id":"https:\/\/www.cfm.co.mz\/2021\/03\/24\/administradora-executiva-do-cfm-visita-os-portos-de-nacala-e-de-pemba\/#primaryimage","url":"https:\/\/www.cfm.co.mz\/wp-content\/uploads\/2021\/03\/Visirta_Nacala_Dra_Maria_Mangue_2021-scaled.jpg","contentUrl":"https:\/\/www.cfm.co.mz\/wp-content\/uploads\/2021\/03\/Visirta_Nacala_Dra_Maria_Mangue_2021-scaled.jpg","width":2560,"height":1707,"caption":"Visirta Nacala Dra Maria Mangue 2021"},{"@type":"BreadcrumbList","@id":"https:\/\/www.cfm.co.mz\/2021\/03\/24\/administradora-executiva-do-cfm-visita-os-portos-de-nacala-e-de-pemba\/#breadcrumb","itemListElement":[{"@type":"ListItem","position":1,"name":"Home","item":"https:\/\/www.cfm.co.mz\/"},{"@type":"ListItem","position":2,"name":"Administradora Executiva do CFM visita os Portos de Nacala e de Pemba"}]},{"@type":"WebSite","@id":"https:\/\/www.cfm.co.mz\/#website","url":"https:\/\/www.cfm.co.mz\/","name":"CFM - Caminhos De Ferros de Mo\u00e7ambique","description":"Ampliando Horizontes","publisher":{"@id":"https:\/\/www.cfm.co.mz\/#organization"},"potentialAction":[{"@type":"SearchAction","target":{"@type":"EntryPoint","urlTemplate":"https:\/\/www.cfm.co.mz\/?s={search_term_string}"},"query-input":{"@type":"PropertyValueSpecification","valueRequired":true,"valueName":"search_term_string"}}],"inLanguage":"en-US"},{"@type":"Organization","@id":"https:\/\/www.cfm.co.mz\/#organization","name":"CFM - Caminhos De Ferros de Mo\u00e7ambique","url":"https:\/\/www.cfm.co.mz\/","logo":{"@type":"ImageObject","inLanguage":"en-US","@id":"https:\/\/www.cfm.co.mz\/#\/schema\/logo\/image\/","url":"https:\/\/www.cfm.co.mz\/wp-content\/uploads\/2025\/07\/be5f0679-4f5b-4d02-9719-a26ceed29162.jpg","contentUrl":"https:\/\/www.cfm.co.mz\/wp-content\/uploads\/2025\/07\/be5f0679-4f5b-4d02-9719-a26ceed29162.jpg","width":400,"height":65,"caption":"CFM - Caminhos De Ferros de Mo\u00e7ambique"},"image":{"@id":"https:\/\/www.cfm.co.mz\/#\/schema\/logo\/image\/"},"sameAs":["https:\/\/www.facebook.com\/CFMMoz","https:\/\/www.linkedin.com\/company\/caminhos-de-ferro-de-moambique\/"]},{"@type":"Person","@id":"https:\/\/www.cfm.co.mz\/#\/schema\/person\/1bb663f3c59dc61900f6f9b1c2b53552","name":"D\u00e9rcio Badru","image":{"@type":"ImageObject","inLanguage":"en-US","@id":"https:\/\/www.cfm.co.mz\/#\/schema\/person\/image\/","url":"https:\/\/www.cfm.co.mz\/wp-content\/litespeed\/avatar\/be89d6955942d7259ef76de4577d21b3.jpg?ver=1777454359","contentUrl":"https:\/\/www.cfm.co.mz\/wp-content\/litespeed\/avatar\/be89d6955942d7259ef76de4577d21b3.jpg?ver=1777454359","caption":"D\u00e9rcio Badru"},"url":"https:\/\/www.cfm.co.mz\/en\/author\/dercio\/"}]}},"_links":{"self":[{"href":"https:\/\/www.cfm.co.mz\/en\/wp-json\/wp\/v2\/posts\/9299","targetHints":{"allow":["GET"]}}],"collection":[{"href":"https:\/\/www.cfm.co.mz\/en\/wp-json\/wp\/v2\/posts"}],"about":[{"href":"https:\/\/www.cfm.co.mz\/en\/wp-json\/wp\/v2\/types\/post"}],"author":[{"embeddable":true,"href":"https:\/\/www.cfm.co.mz\/en\/wp-json\/wp\/v2\/users\/94"}],"replies":[{"embeddable":true,"href":"https:\/\/www.cfm.co.mz\/en\/wp-json\/wp\/v2\/comments?post=9299"}],"version-history":[{"count":0,"href":"https:\/\/www.cfm.co.mz\/en\/wp-json\/wp\/v2\/posts\/9299\/revisions"}],"wp:featuredmedia":[{"embeddable":true,"href":"https:\/\/www.cfm.co.mz\/en\/wp-json\/wp\/v2\/media\/9296"}],"wp:attachment":[{"href":"https:\/\/www.cfm.co.mz\/en\/wp-json\/wp\/v2\/media?parent=9299"}],"wp:term":[{"taxonomy":"category","embeddable":true,"href":"https:\/\/www.cfm.co.mz\/en\/wp-json\/wp\/v2\/categories?post=9299"},{"taxonomy":"post_tag","embeddable":true,"href":"https:\/\/www.cfm.co.mz\/en\/wp-json\/wp\/v2\/tags?post=9299"}],"curies":[{"name":"wp","href":"https:\/\/api.w.org\/{rel}","templated":true}]}}