{"id":9273,"date":"2021-02-13T00:21:30","date_gmt":"2021-02-13T00:21:30","guid":{"rendered":"https:\/\/www.cfm.co.mz\/2021\/02\/13\/comunicado-de-imprensa-descarrilamento-de-comboio-de-mercadorias-na-linha-de-goba-2\/"},"modified":"2021-02-13T00:21:30","modified_gmt":"2021-02-13T00:21:30","slug":"comunicado-de-imprensa-descarrilamento-de-comboio-de-mercadorias-na-linha-de-goba-2","status":"publish","type":"post","link":"https:\/\/www.cfm.co.mz\/en\/2021\/02\/13\/comunicado-de-imprensa-descarrilamento-de-comboio-de-mercadorias-na-linha-de-goba-2\/","title":{"rendered":"COMUNICADO DE IMPRENSA &#8211; Descarrilamento de Comboio de Mercadorias na Linha de Goba"},"content":{"rendered":"<p style=\"text-align: justify;\"><strong>DESCARRILAMENTO DE COMBOIO DE MERCADORIAS NA LINHA DE GOBA<\/strong><\/p>\n<p>A Empresa Portos e Caminhos de Ferro de Mo\u00e7ambique (CFM), comunica o descarrilamento do comboio de mercadorias rebocando tanques de gas\u00f3leo (diesel), ocorrido ontem, 10.02.2021, por volta das 23h07m, junto ao Km 75+200, dentro do territ\u00f3rio do Reino do Eswatini. <\/p>\n<p>O acidente resultou no derramamento de cerca de 360.000 litros de gas\u00f3leo (correspondente a 8 tanques), sobre o rio Umbeluze, do lado daquele territ\u00f3rio do pa\u00eds vizinho.<\/p>\n<p>Para al\u00e9m de um comboio socorro que se deslocou ao local, foi imediatamente criada uma Comiss\u00e3o de Inqu\u00e9rito conjunta, constitu\u00edda pelo CFM e pela Eswatini Railways (ESR), para o apuramento das causas do acidente, bem como os danos exactos resultantes do mesmo.<\/p>\n<p>Paralelamente, o CFM contratou uma empresa especializada no tratamento de derrames em solos e \u00e1guas, empresa essa que j\u00e1 fez o reconhecimento e mapeamento das zonas afectadas, tendo j\u00e1 delineado o plano de interven\u00e7\u00e3o que consistir\u00e1 em&#8230;<\/p>\n<p><a href=\"http:\/\/www.cfm.co.mz\/wp-content\/uploads\/2021\/02\/DESCARRILAMENTO_DE_COMBOIO_DE_MERCADORIAS_NA_LINHA_DE_GOBA.pdf\" target=\"_blank\" rel=\"noopener\">Clique aqui para ler na \u00edntegra<\/a><\/p>","protected":false},"excerpt":{"rendered":"<p>DESCARRILAMENTO DE COMBOIO DE MERCADORIAS NA LINHA DE GOBA A Empresa Portos e Caminhos de Ferro de Mo\u00e7ambique (CFM), comunica o descarrilamento do comboio de mercadorias rebocando tanques de gas\u00f3leo (diesel), ocorrido ontem, 10.02.2021, por volta das 23h07m, junto ao Km 75+200, dentro do territ\u00f3rio do Reino do Eswatini. O acidente resultou no derramamento de cerca de 360.000 litros de gas\u00f3leo (correspondente a 8 tanques), sobre o rio Umbeluze, do lado daquele territ\u00f3rio do pa\u00eds vizinho. Para al\u00e9m de um comboio socorro que se deslocou ao local, foi imediatamente criada uma Comiss\u00e3o de Inqu\u00e9rito conjunta, constitu\u00edda pelo CFM e pela Eswatini Railways (ESR), para o apuramento das causas do acidente, bem como os danos exactos resultantes do mesmo. Paralelamente, o CFM contratou uma empresa especializada no tratamento de derrames em solos e \u00e1guas, empresa essa que j\u00e1 fez o reconhecimento e mapeamento das zonas afectadas, tendo j\u00e1 delineado o plano de interven\u00e7\u00e3o que consistir\u00e1 em&#8230; Clique aqui para ler na \u00edntegra<\/p>","protected":false},"author":94,"featured_media":0,"comment_status":"open","ping_status":"open","sticky":false,"template":"","format":"standard","meta":{"_acf_changed":false,"pgc_sgb_lightbox_settings":"","footnotes":""},"categories":[1],"tags":[],"class_list":["post-9273","post","type-post","status-publish","format-standard","hentry","category-uncategorized"],"acf":[],"yoast_head":"<!-- This site is optimized with the Yoast SEO plugin v26.5 - https:\/\/yoast.com\/wordpress\/plugins\/seo\/ -->\n<title>COMUNICADO DE IMPRENSA - Descarrilamento de Comboio de Mercadorias na Linha de Goba - CFM - Caminhos De Ferros de Mo\u00e7ambique<\/title>\n<meta name=\"robots\" content=\"index, follow, max-snippet:-1, max-image-preview:large, max-video-preview:-1\" \/>\n<link rel=\"canonical\" href=\"https:\/\/www.cfm.co.mz\/en\/2021\/02\/13\/comunicado-de-imprensa-descarrilamento-de-comboio-de-mercadorias-na-linha-de-goba-2\/\" \/>\n<meta property=\"og:locale\" content=\"en_US\" \/>\n<meta property=\"og:type\" content=\"article\" \/>\n<meta property=\"og:title\" content=\"COMUNICADO DE IMPRENSA - Descarrilamento de Comboio de Mercadorias na Linha de Goba - CFM - Caminhos De Ferros de Mo\u00e7ambique\" \/>\n<meta property=\"og:description\" content=\"DESCARRILAMENTO DE COMBOIO DE MERCADORIAS NA LINHA DE GOBA A Empresa Portos e Caminhos de Ferro de Mo\u00e7ambique (CFM), comunica o descarrilamento do comboio de mercadorias rebocando tanques de gas\u00f3leo (diesel), ocorrido ontem, 10.02.2021, por volta das 23h07m, junto ao Km 75+200, dentro do territ\u00f3rio do Reino do Eswatini. O acidente resultou no derramamento de cerca de 360.000 litros de gas\u00f3leo (correspondente a 8 tanques), sobre o rio Umbeluze, do lado daquele territ\u00f3rio do pa\u00eds vizinho. Para al\u00e9m de um comboio socorro que se deslocou ao local, foi imediatamente criada uma Comiss\u00e3o de Inqu\u00e9rito conjunta, constitu\u00edda pelo CFM e pela Eswatini Railways (ESR), para o apuramento das causas do acidente, bem como os danos exactos resultantes do mesmo. Paralelamente, o CFM contratou uma empresa especializada no tratamento de derrames em solos e \u00e1guas, empresa essa que j\u00e1 fez o reconhecimento e mapeamento das zonas afectadas, tendo j\u00e1 delineado o plano de interven\u00e7\u00e3o que consistir\u00e1 em&#8230; Clique aqui para ler na \u00edntegra\" \/>\n<meta property=\"og:url\" content=\"https:\/\/www.cfm.co.mz\/en\/2021\/02\/13\/comunicado-de-imprensa-descarrilamento-de-comboio-de-mercadorias-na-linha-de-goba-2\/\" \/>\n<meta property=\"og:site_name\" content=\"CFM - Caminhos De Ferros de Mo\u00e7ambique\" \/>\n<meta property=\"article:publisher\" content=\"https:\/\/www.facebook.com\/CFMMoz\" \/>\n<meta property=\"article:published_time\" content=\"2021-02-13T00:21:30+00:00\" \/>\n<meta name=\"author\" content=\"D\u00e9rcio Badru\" \/>\n<meta name=\"twitter:card\" content=\"summary_large_image\" \/>\n<meta name=\"twitter:label1\" content=\"Written by\" \/>\n\t<meta name=\"twitter:data1\" content=\"D\u00e9rcio Badru\" \/>\n\t<meta name=\"twitter:label2\" content=\"Est. reading time\" \/>\n\t<meta name=\"twitter:data2\" content=\"1 minute\" \/>\n<script type=\"application\/ld+json\" class=\"yoast-schema-graph\">{\"@context\":\"https:\/\/schema.org\",\"@graph\":[{\"@type\":\"Article\",\"@id\":\"https:\/\/www.cfm.co.mz\/2021\/02\/13\/comunicado-de-imprensa-descarrilamento-de-comboio-de-mercadorias-na-linha-de-goba-2\/#article\",\"isPartOf\":{\"@id\":\"https:\/\/www.cfm.co.mz\/2021\/02\/13\/comunicado-de-imprensa-descarrilamento-de-comboio-de-mercadorias-na-linha-de-goba-2\/\"},\"author\":{\"name\":\"D\u00e9rcio Badru\",\"@id\":\"https:\/\/www.cfm.co.mz\/#\/schema\/person\/1bb663f3c59dc61900f6f9b1c2b53552\"},\"headline\":\"COMUNICADO DE IMPRENSA &#8211; Descarrilamento de Comboio de Mercadorias na Linha de Goba\",\"datePublished\":\"2021-02-13T00:21:30+00:00\",\"mainEntityOfPage\":{\"@id\":\"https:\/\/www.cfm.co.mz\/2021\/02\/13\/comunicado-de-imprensa-descarrilamento-de-comboio-de-mercadorias-na-linha-de-goba-2\/\"},\"wordCount\":182,\"commentCount\":0,\"publisher\":{\"@id\":\"https:\/\/www.cfm.co.mz\/#organization\"},\"inLanguage\":\"en-US\",\"potentialAction\":[{\"@type\":\"CommentAction\",\"name\":\"Comment\",\"target\":[\"https:\/\/www.cfm.co.mz\/2021\/02\/13\/comunicado-de-imprensa-descarrilamento-de-comboio-de-mercadorias-na-linha-de-goba-2\/#respond\"]}]},{\"@type\":\"WebPage\",\"@id\":\"https:\/\/www.cfm.co.mz\/2021\/02\/13\/comunicado-de-imprensa-descarrilamento-de-comboio-de-mercadorias-na-linha-de-goba-2\/\",\"url\":\"https:\/\/www.cfm.co.mz\/2021\/02\/13\/comunicado-de-imprensa-descarrilamento-de-comboio-de-mercadorias-na-linha-de-goba-2\/\",\"name\":\"COMUNICADO DE IMPRENSA - Descarrilamento de Comboio de Mercadorias na Linha de Goba - CFM - Caminhos De Ferros de Mo\u00e7ambique\",\"isPartOf\":{\"@id\":\"https:\/\/www.cfm.co.mz\/#website\"},\"datePublished\":\"2021-02-13T00:21:30+00:00\",\"breadcrumb\":{\"@id\":\"https:\/\/www.cfm.co.mz\/2021\/02\/13\/comunicado-de-imprensa-descarrilamento-de-comboio-de-mercadorias-na-linha-de-goba-2\/#breadcrumb\"},\"inLanguage\":\"en-US\",\"potentialAction\":[{\"@type\":\"ReadAction\",\"target\":[\"https:\/\/www.cfm.co.mz\/2021\/02\/13\/comunicado-de-imprensa-descarrilamento-de-comboio-de-mercadorias-na-linha-de-goba-2\/\"]}]},{\"@type\":\"BreadcrumbList\",\"@id\":\"https:\/\/www.cfm.co.mz\/2021\/02\/13\/comunicado-de-imprensa-descarrilamento-de-comboio-de-mercadorias-na-linha-de-goba-2\/#breadcrumb\",\"itemListElement\":[{\"@type\":\"ListItem\",\"position\":1,\"name\":\"Home\",\"item\":\"https:\/\/www.cfm.co.mz\/\"},{\"@type\":\"ListItem\",\"position\":2,\"name\":\"COMUNICADO DE IMPRENSA &#8211; Descarrilamento de Comboio de Mercadorias na Linha de Goba\"}]},{\"@type\":\"WebSite\",\"@id\":\"https:\/\/www.cfm.co.mz\/#website\",\"url\":\"https:\/\/www.cfm.co.mz\/\",\"name\":\"CFM - Caminhos De Ferros de Mo\u00e7ambique\",\"description\":\"Ampliando Horizontes\",\"publisher\":{\"@id\":\"https:\/\/www.cfm.co.mz\/#organization\"},\"potentialAction\":[{\"@type\":\"SearchAction\",\"target\":{\"@type\":\"EntryPoint\",\"urlTemplate\":\"https:\/\/www.cfm.co.mz\/?s={search_term_string}\"},\"query-input\":{\"@type\":\"PropertyValueSpecification\",\"valueRequired\":true,\"valueName\":\"search_term_string\"}}],\"inLanguage\":\"en-US\"},{\"@type\":\"Organization\",\"@id\":\"https:\/\/www.cfm.co.mz\/#organization\",\"name\":\"CFM - Caminhos De Ferros de Mo\u00e7ambique\",\"url\":\"https:\/\/www.cfm.co.mz\/\",\"logo\":{\"@type\":\"ImageObject\",\"inLanguage\":\"en-US\",\"@id\":\"https:\/\/www.cfm.co.mz\/#\/schema\/logo\/image\/\",\"url\":\"https:\/\/www.cfm.co.mz\/wp-content\/uploads\/2025\/07\/be5f0679-4f5b-4d02-9719-a26ceed29162.jpg\",\"contentUrl\":\"https:\/\/www.cfm.co.mz\/wp-content\/uploads\/2025\/07\/be5f0679-4f5b-4d02-9719-a26ceed29162.jpg\",\"width\":400,\"height\":65,\"caption\":\"CFM - Caminhos De Ferros de Mo\u00e7ambique\"},\"image\":{\"@id\":\"https:\/\/www.cfm.co.mz\/#\/schema\/logo\/image\/\"},\"sameAs\":[\"https:\/\/www.facebook.com\/CFMMoz\",\"https:\/\/www.linkedin.com\/company\/caminhos-de-ferro-de-moambique\/\"]},{\"@type\":\"Person\",\"@id\":\"https:\/\/www.cfm.co.mz\/#\/schema\/person\/1bb663f3c59dc61900f6f9b1c2b53552\",\"name\":\"D\u00e9rcio Badru\",\"image\":{\"@type\":\"ImageObject\",\"inLanguage\":\"en-US\",\"@id\":\"https:\/\/www.cfm.co.mz\/#\/schema\/person\/image\/\",\"url\":\"https:\/\/www.cfm.co.mz\/wp-content\/litespeed\/avatar\/be89d6955942d7259ef76de4577d21b3.jpg?ver=1777454359\",\"contentUrl\":\"https:\/\/www.cfm.co.mz\/wp-content\/litespeed\/avatar\/be89d6955942d7259ef76de4577d21b3.jpg?ver=1777454359\",\"caption\":\"D\u00e9rcio Badru\"},\"url\":\"https:\/\/www.cfm.co.mz\/en\/author\/dercio\/\"}]}<\/script>\n<!-- \/ Yoast SEO plugin. -->","yoast_head_json":{"title":"COMUNICADO DE IMPRENSA - Descarrilamento de Comboio de Mercadorias na Linha de Goba - CFM - Caminhos De Ferros de Mo\u00e7ambique","robots":{"index":"index","follow":"follow","max-snippet":"max-snippet:-1","max-image-preview":"max-image-preview:large","max-video-preview":"max-video-preview:-1"},"canonical":"https:\/\/www.cfm.co.mz\/en\/2021\/02\/13\/comunicado-de-imprensa-descarrilamento-de-comboio-de-mercadorias-na-linha-de-goba-2\/","og_locale":"en_US","og_type":"article","og_title":"COMUNICADO DE IMPRENSA - Descarrilamento de Comboio de Mercadorias na Linha de Goba - CFM - Caminhos De Ferros de Mo\u00e7ambique","og_description":"DESCARRILAMENTO DE COMBOIO DE MERCADORIAS NA LINHA DE GOBA A Empresa Portos e Caminhos de Ferro de Mo\u00e7ambique (CFM), comunica o descarrilamento do comboio de mercadorias rebocando tanques de gas\u00f3leo (diesel), ocorrido ontem, 10.02.2021, por volta das 23h07m, junto ao Km 75+200, dentro do territ\u00f3rio do Reino do Eswatini. O acidente resultou no derramamento de cerca de 360.000 litros de gas\u00f3leo (correspondente a 8 tanques), sobre o rio Umbeluze, do lado daquele territ\u00f3rio do pa\u00eds vizinho. Para al\u00e9m de um comboio socorro que se deslocou ao local, foi imediatamente criada uma Comiss\u00e3o de Inqu\u00e9rito conjunta, constitu\u00edda pelo CFM e pela Eswatini Railways (ESR), para o apuramento das causas do acidente, bem como os danos exactos resultantes do mesmo. Paralelamente, o CFM contratou uma empresa especializada no tratamento de derrames em solos e \u00e1guas, empresa essa que j\u00e1 fez o reconhecimento e mapeamento das zonas afectadas, tendo j\u00e1 delineado o plano de interven\u00e7\u00e3o que consistir\u00e1 em&#8230; Clique aqui para ler na \u00edntegra","og_url":"https:\/\/www.cfm.co.mz\/en\/2021\/02\/13\/comunicado-de-imprensa-descarrilamento-de-comboio-de-mercadorias-na-linha-de-goba-2\/","og_site_name":"CFM - Caminhos De Ferros de Mo\u00e7ambique","article_publisher":"https:\/\/www.facebook.com\/CFMMoz","article_published_time":"2021-02-13T00:21:30+00:00","author":"D\u00e9rcio Badru","twitter_card":"summary_large_image","twitter_misc":{"Written by":"D\u00e9rcio Badru","Est. reading time":"1 minute"},"schema":{"@context":"https:\/\/schema.org","@graph":[{"@type":"Article","@id":"https:\/\/www.cfm.co.mz\/2021\/02\/13\/comunicado-de-imprensa-descarrilamento-de-comboio-de-mercadorias-na-linha-de-goba-2\/#article","isPartOf":{"@id":"https:\/\/www.cfm.co.mz\/2021\/02\/13\/comunicado-de-imprensa-descarrilamento-de-comboio-de-mercadorias-na-linha-de-goba-2\/"},"author":{"name":"D\u00e9rcio Badru","@id":"https:\/\/www.cfm.co.mz\/#\/schema\/person\/1bb663f3c59dc61900f6f9b1c2b53552"},"headline":"COMUNICADO DE IMPRENSA &#8211; Descarrilamento de Comboio de Mercadorias na Linha de Goba","datePublished":"2021-02-13T00:21:30+00:00","mainEntityOfPage":{"@id":"https:\/\/www.cfm.co.mz\/2021\/02\/13\/comunicado-de-imprensa-descarrilamento-de-comboio-de-mercadorias-na-linha-de-goba-2\/"},"wordCount":182,"commentCount":0,"publisher":{"@id":"https:\/\/www.cfm.co.mz\/#organization"},"inLanguage":"en-US","potentialAction":[{"@type":"CommentAction","name":"Comment","target":["https:\/\/www.cfm.co.mz\/2021\/02\/13\/comunicado-de-imprensa-descarrilamento-de-comboio-de-mercadorias-na-linha-de-goba-2\/#respond"]}]},{"@type":"WebPage","@id":"https:\/\/www.cfm.co.mz\/2021\/02\/13\/comunicado-de-imprensa-descarrilamento-de-comboio-de-mercadorias-na-linha-de-goba-2\/","url":"https:\/\/www.cfm.co.mz\/2021\/02\/13\/comunicado-de-imprensa-descarrilamento-de-comboio-de-mercadorias-na-linha-de-goba-2\/","name":"COMUNICADO DE IMPRENSA - Descarrilamento de Comboio de Mercadorias na Linha de Goba - CFM - Caminhos De Ferros de Mo\u00e7ambique","isPartOf":{"@id":"https:\/\/www.cfm.co.mz\/#website"},"datePublished":"2021-02-13T00:21:30+00:00","breadcrumb":{"@id":"https:\/\/www.cfm.co.mz\/2021\/02\/13\/comunicado-de-imprensa-descarrilamento-de-comboio-de-mercadorias-na-linha-de-goba-2\/#breadcrumb"},"inLanguage":"en-US","potentialAction":[{"@type":"ReadAction","target":["https:\/\/www.cfm.co.mz\/2021\/02\/13\/comunicado-de-imprensa-descarrilamento-de-comboio-de-mercadorias-na-linha-de-goba-2\/"]}]},{"@type":"BreadcrumbList","@id":"https:\/\/www.cfm.co.mz\/2021\/02\/13\/comunicado-de-imprensa-descarrilamento-de-comboio-de-mercadorias-na-linha-de-goba-2\/#breadcrumb","itemListElement":[{"@type":"ListItem","position":1,"name":"Home","item":"https:\/\/www.cfm.co.mz\/"},{"@type":"ListItem","position":2,"name":"COMUNICADO DE IMPRENSA &#8211; Descarrilamento de Comboio de Mercadorias na Linha de Goba"}]},{"@type":"WebSite","@id":"https:\/\/www.cfm.co.mz\/#website","url":"https:\/\/www.cfm.co.mz\/","name":"CFM - Caminhos De Ferros de Mo\u00e7ambique","description":"Ampliando Horizontes","publisher":{"@id":"https:\/\/www.cfm.co.mz\/#organization"},"potentialAction":[{"@type":"SearchAction","target":{"@type":"EntryPoint","urlTemplate":"https:\/\/www.cfm.co.mz\/?s={search_term_string}"},"query-input":{"@type":"PropertyValueSpecification","valueRequired":true,"valueName":"search_term_string"}}],"inLanguage":"en-US"},{"@type":"Organization","@id":"https:\/\/www.cfm.co.mz\/#organization","name":"CFM - Caminhos De Ferros de Mo\u00e7ambique","url":"https:\/\/www.cfm.co.mz\/","logo":{"@type":"ImageObject","inLanguage":"en-US","@id":"https:\/\/www.cfm.co.mz\/#\/schema\/logo\/image\/","url":"https:\/\/www.cfm.co.mz\/wp-content\/uploads\/2025\/07\/be5f0679-4f5b-4d02-9719-a26ceed29162.jpg","contentUrl":"https:\/\/www.cfm.co.mz\/wp-content\/uploads\/2025\/07\/be5f0679-4f5b-4d02-9719-a26ceed29162.jpg","width":400,"height":65,"caption":"CFM - Caminhos De Ferros de Mo\u00e7ambique"},"image":{"@id":"https:\/\/www.cfm.co.mz\/#\/schema\/logo\/image\/"},"sameAs":["https:\/\/www.facebook.com\/CFMMoz","https:\/\/www.linkedin.com\/company\/caminhos-de-ferro-de-moambique\/"]},{"@type":"Person","@id":"https:\/\/www.cfm.co.mz\/#\/schema\/person\/1bb663f3c59dc61900f6f9b1c2b53552","name":"D\u00e9rcio Badru","image":{"@type":"ImageObject","inLanguage":"en-US","@id":"https:\/\/www.cfm.co.mz\/#\/schema\/person\/image\/","url":"https:\/\/www.cfm.co.mz\/wp-content\/litespeed\/avatar\/be89d6955942d7259ef76de4577d21b3.jpg?ver=1777454359","contentUrl":"https:\/\/www.cfm.co.mz\/wp-content\/litespeed\/avatar\/be89d6955942d7259ef76de4577d21b3.jpg?ver=1777454359","caption":"D\u00e9rcio Badru"},"url":"https:\/\/www.cfm.co.mz\/en\/author\/dercio\/"}]}},"_links":{"self":[{"href":"https:\/\/www.cfm.co.mz\/en\/wp-json\/wp\/v2\/posts\/9273","targetHints":{"allow":["GET"]}}],"collection":[{"href":"https:\/\/www.cfm.co.mz\/en\/wp-json\/wp\/v2\/posts"}],"about":[{"href":"https:\/\/www.cfm.co.mz\/en\/wp-json\/wp\/v2\/types\/post"}],"author":[{"embeddable":true,"href":"https:\/\/www.cfm.co.mz\/en\/wp-json\/wp\/v2\/users\/94"}],"replies":[{"embeddable":true,"href":"https:\/\/www.cfm.co.mz\/en\/wp-json\/wp\/v2\/comments?post=9273"}],"version-history":[{"count":0,"href":"https:\/\/www.cfm.co.mz\/en\/wp-json\/wp\/v2\/posts\/9273\/revisions"}],"wp:attachment":[{"href":"https:\/\/www.cfm.co.mz\/en\/wp-json\/wp\/v2\/media?parent=9273"}],"wp:term":[{"taxonomy":"category","embeddable":true,"href":"https:\/\/www.cfm.co.mz\/en\/wp-json\/wp\/v2\/categories?post=9273"},{"taxonomy":"post_tag","embeddable":true,"href":"https:\/\/www.cfm.co.mz\/en\/wp-json\/wp\/v2\/tags?post=9273"}],"curies":[{"name":"wp","href":"https:\/\/api.w.org\/{rel}","templated":true}]}}