{"id":9269,"date":"2020-12-10T18:46:28","date_gmt":"2020-12-10T18:46:28","guid":{"rendered":"https:\/\/www.cfm.co.mz\/2020\/12\/10\/pca-do-cfm-empossa-novo-director-executivo-norte-e-novo-director-do-porto-de-nacala\/"},"modified":"2020-12-10T18:46:28","modified_gmt":"2020-12-10T18:46:28","slug":"pca-do-cfm-empossa-novo-director-executivo-norte-e-novo-director-do-porto-de-nacala","status":"publish","type":"post","link":"https:\/\/www.cfm.co.mz\/en\/2020\/12\/10\/pca-do-cfm-empossa-novo-director-executivo-norte-e-novo-director-do-porto-de-nacala\/","title":{"rendered":"PCA do CFM empossa novo Director Executivo Norte e novo Director do Porto de Nacala"},"content":{"rendered":"<p><a href=\"http:\/\/www.cfm.co.mz\/wp-content\/uploads\/2020\/12\/Empossamento_Director_Executivo_Norte_e_novo_Director_do_Porto_de_Nacala-scaled.jpg\" type=\"image\/jpeg\" class=\"jcepopup zoom-bottom-right\" data-mediabox-caption=\"Da esquerda para a direita, Dr. Em\u00eddio Victor Bata, Eng. Miguel Matabel (PCA), Eng. Neimo da Esperan\u00e7a Alberto Induma  \" data-mediabox-height=\"600\" data-mediabox-width=\"800\" data-mediabox=\"1\"><img decoding=\"async\" src=\"http:\/\/www.cfm.co.mz\/wp-content\/uploads\/2020\/12\/Empossamento_Director_Executivo_Norte_e_novo_Director_do_Porto_de_Nacala-scaled.jpg\" alt=\"Empossamento Director Executivo Norte e novo Director do Porto de Nacala\" width=\"250\" height=\"167\" style=\"margin: 0px 10px 10px; float: left;\" \/><\/a>O Presidente do Conselho de Administra\u00e7\u00e3o da Empresa Portos e Caminhos de Ferro de Mo\u00e7ambique (CFM), Eng. Miguel Matabel, empossou, na manh\u00e3 do dia 07 de Dezembro de 2020, 2 novos quadros, no \u00e2mbito do processo de renova\u00e7\u00e3o e alinhamento dos diferentes n\u00edveis de gest\u00e3o, com vista a melhorar, cada vez mais, a capacidade de resposta aos novos desafios impostos pelo mercado.<\/p>\n<p>Trata-se do Dr. Em\u00eddio Victor Bata, T\u00e9cnico Superior de Gest\u00e3o de Transportes que, em comiss\u00e3o de servi\u00e7o, passa a exercer as fun\u00e7\u00f5es de Director Executivo do CFM- Norte e do Eng. Neimo da Esperan\u00e7a Alberto Induma, Engenheiro Civil, que passar\u00e1 a exercer as fun\u00e7oes de Director do Porto de Nacala.<\/p>\n<p><!--more--><\/p>\n<p>Na ocasi\u00e3o, o Eng. Matabel agradeceu aos empossados por aceitarem o desafio e instou-os a primarem por uma gest\u00e3o baseada no esp\u00edrito de trabalho em equipa, responsabilidade, zelo e dedica\u00e7\u00e3o, tomando como base a experi\u00eancia e conhecimentos adquiridos pelos mesmos ao longo do percurso profissional.<\/p>\n<p>A n\u00edvel da Direc\u00e7\u00e3o Executiva Norte no geral, o dirigente m\u00e1ximo da Empresa pretende ver, <strong><em>\u201cpelas interven\u00e7\u00f5es directas dos empossados, o aumento, cada vez maior, do manuseamento portu\u00e1rio, e com isso, o esperado impacto nos resultados financeiros da Empresa\u201d<\/em><\/strong>&#8211; referiu o PCA.<\/p>\n<p>De forma particular, para o novo Director do Porto de Nacala, ficou a miss\u00e3o de<em><strong> \u201cdar resposta aos anseios de todos os parceiros e clientes que acreditaram no potencial do CFM, a quando da repassagem do Porto de Nacala para a gest\u00e3o do CFM, ocorrida a 10 de Janeiro de 2020\u201d<\/strong><\/em>.<\/p>\n<p>Recorde-se que o CFM opera nas 3 regi\u00f5es do Pa\u00eds sendo que na regi\u00e3o Norte, os Portos de Pemba e Nacala constituem uma excelente fonte de rendimento \u00e0 Empresa e ao Pa\u00eds.<\/p>","protected":false},"excerpt":{"rendered":"<p>O Presidente do Conselho de Administra\u00e7\u00e3o da Empresa Portos e Caminhos de Ferro de Mo\u00e7ambique (CFM), Eng. Miguel Matabel, empossou, na manh\u00e3 do dia 07 de Dezembro de 2020, 2 novos quadros, no \u00e2mbito do processo de renova\u00e7\u00e3o e alinhamento dos diferentes n\u00edveis de gest\u00e3o, com vista a melhorar, cada vez mais, a capacidade de resposta aos novos desafios impostos pelo mercado. Trata-se do Dr. Em\u00eddio Victor Bata, T\u00e9cnico Superior de Gest\u00e3o de Transportes que, em comiss\u00e3o de servi\u00e7o, passa a exercer as fun\u00e7\u00f5es de Director Executivo do CFM- Norte e do Eng. Neimo da Esperan\u00e7a Alberto Induma, Engenheiro Civil, que passar\u00e1 a exercer as fun\u00e7oes de Director do Porto de Nacala.<\/p>","protected":false},"author":94,"featured_media":9268,"comment_status":"open","ping_status":"open","sticky":false,"template":"","format":"standard","meta":{"_acf_changed":false,"pgc_sgb_lightbox_settings":"","footnotes":""},"categories":[680],"tags":[],"class_list":["post-9269","post","type-post","status-publish","format-standard","has-post-thumbnail","hentry","category-noticias"],"acf":[],"yoast_head":"<!-- This site is optimized with the Yoast SEO plugin v26.5 - https:\/\/yoast.com\/wordpress\/plugins\/seo\/ -->\n<title>PCA do CFM empossa novo Director Executivo Norte e novo Director do Porto de Nacala - CFM - Caminhos De Ferros de Mo\u00e7ambique<\/title>\n<meta name=\"robots\" content=\"index, follow, max-snippet:-1, max-image-preview:large, max-video-preview:-1\" \/>\n<link rel=\"canonical\" href=\"https:\/\/www.cfm.co.mz\/en\/2020\/12\/10\/pca-do-cfm-empossa-novo-director-executivo-norte-e-novo-director-do-porto-de-nacala\/\" \/>\n<meta property=\"og:locale\" content=\"en_US\" \/>\n<meta property=\"og:type\" content=\"article\" \/>\n<meta property=\"og:title\" content=\"PCA do CFM empossa novo Director Executivo Norte e novo Director do Porto de Nacala - CFM - Caminhos De Ferros de Mo\u00e7ambique\" \/>\n<meta property=\"og:description\" content=\"O Presidente do Conselho de Administra\u00e7\u00e3o da Empresa Portos e Caminhos de Ferro de Mo\u00e7ambique (CFM), Eng. Miguel Matabel, empossou, na manh\u00e3 do dia 07 de Dezembro de 2020, 2 novos quadros, no \u00e2mbito do processo de renova\u00e7\u00e3o e alinhamento dos diferentes n\u00edveis de gest\u00e3o, com vista a melhorar, cada vez mais, a capacidade de resposta aos novos desafios impostos pelo mercado. Trata-se do Dr. Em\u00eddio Victor Bata, T\u00e9cnico Superior de Gest\u00e3o de Transportes que, em comiss\u00e3o de servi\u00e7o, passa a exercer as fun\u00e7\u00f5es de Director Executivo do CFM- Norte e do Eng. Neimo da Esperan\u00e7a Alberto Induma, Engenheiro Civil, que passar\u00e1 a exercer as fun\u00e7oes de Director do Porto de Nacala.\" \/>\n<meta property=\"og:url\" content=\"https:\/\/www.cfm.co.mz\/en\/2020\/12\/10\/pca-do-cfm-empossa-novo-director-executivo-norte-e-novo-director-do-porto-de-nacala\/\" \/>\n<meta property=\"og:site_name\" content=\"CFM - Caminhos De Ferros de Mo\u00e7ambique\" \/>\n<meta property=\"article:publisher\" content=\"https:\/\/www.facebook.com\/CFMMoz\" \/>\n<meta property=\"article:published_time\" content=\"2020-12-10T18:46:28+00:00\" \/>\n<meta property=\"og:image\" content=\"https:\/\/www.cfm.co.mz\/wp-content\/uploads\/2020\/12\/Empossamento_Director_Executivo_Norte_e_novo_Director_do_Porto_de_Nacala-scaled.jpg\" \/>\n\t<meta property=\"og:image:width\" content=\"2560\" \/>\n\t<meta property=\"og:image:height\" content=\"1707\" \/>\n\t<meta property=\"og:image:type\" content=\"image\/jpeg\" \/>\n<meta name=\"author\" content=\"D\u00e9rcio Badru\" \/>\n<meta name=\"twitter:card\" content=\"summary_large_image\" \/>\n<meta name=\"twitter:label1\" content=\"Written by\" \/>\n\t<meta name=\"twitter:data1\" content=\"D\u00e9rcio Badru\" \/>\n\t<meta name=\"twitter:label2\" content=\"Est. reading time\" \/>\n\t<meta name=\"twitter:data2\" content=\"2 minutes\" \/>\n<script type=\"application\/ld+json\" class=\"yoast-schema-graph\">{\"@context\":\"https:\/\/schema.org\",\"@graph\":[{\"@type\":\"Article\",\"@id\":\"https:\/\/www.cfm.co.mz\/2020\/12\/10\/pca-do-cfm-empossa-novo-director-executivo-norte-e-novo-director-do-porto-de-nacala\/#article\",\"isPartOf\":{\"@id\":\"https:\/\/www.cfm.co.mz\/2020\/12\/10\/pca-do-cfm-empossa-novo-director-executivo-norte-e-novo-director-do-porto-de-nacala\/\"},\"author\":{\"name\":\"D\u00e9rcio Badru\",\"@id\":\"https:\/\/www.cfm.co.mz\/#\/schema\/person\/1bb663f3c59dc61900f6f9b1c2b53552\"},\"headline\":\"PCA do CFM empossa novo Director Executivo Norte e novo Director do Porto de Nacala\",\"datePublished\":\"2020-12-10T18:46:28+00:00\",\"mainEntityOfPage\":{\"@id\":\"https:\/\/www.cfm.co.mz\/2020\/12\/10\/pca-do-cfm-empossa-novo-director-executivo-norte-e-novo-director-do-porto-de-nacala\/\"},\"wordCount\":320,\"commentCount\":0,\"publisher\":{\"@id\":\"https:\/\/www.cfm.co.mz\/#organization\"},\"image\":{\"@id\":\"https:\/\/www.cfm.co.mz\/2020\/12\/10\/pca-do-cfm-empossa-novo-director-executivo-norte-e-novo-director-do-porto-de-nacala\/#primaryimage\"},\"thumbnailUrl\":\"https:\/\/www.cfm.co.mz\/wp-content\/uploads\/2020\/12\/Empossamento_Director_Executivo_Norte_e_novo_Director_do_Porto_de_Nacala-scaled.jpg\",\"articleSection\":[\"Noticias\"],\"inLanguage\":\"en-US\",\"potentialAction\":[{\"@type\":\"CommentAction\",\"name\":\"Comment\",\"target\":[\"https:\/\/www.cfm.co.mz\/2020\/12\/10\/pca-do-cfm-empossa-novo-director-executivo-norte-e-novo-director-do-porto-de-nacala\/#respond\"]}]},{\"@type\":\"WebPage\",\"@id\":\"https:\/\/www.cfm.co.mz\/2020\/12\/10\/pca-do-cfm-empossa-novo-director-executivo-norte-e-novo-director-do-porto-de-nacala\/\",\"url\":\"https:\/\/www.cfm.co.mz\/2020\/12\/10\/pca-do-cfm-empossa-novo-director-executivo-norte-e-novo-director-do-porto-de-nacala\/\",\"name\":\"PCA do CFM empossa novo Director Executivo Norte e novo Director do Porto de Nacala - CFM - Caminhos De Ferros de Mo\u00e7ambique\",\"isPartOf\":{\"@id\":\"https:\/\/www.cfm.co.mz\/#website\"},\"primaryImageOfPage\":{\"@id\":\"https:\/\/www.cfm.co.mz\/2020\/12\/10\/pca-do-cfm-empossa-novo-director-executivo-norte-e-novo-director-do-porto-de-nacala\/#primaryimage\"},\"image\":{\"@id\":\"https:\/\/www.cfm.co.mz\/2020\/12\/10\/pca-do-cfm-empossa-novo-director-executivo-norte-e-novo-director-do-porto-de-nacala\/#primaryimage\"},\"thumbnailUrl\":\"https:\/\/www.cfm.co.mz\/wp-content\/uploads\/2020\/12\/Empossamento_Director_Executivo_Norte_e_novo_Director_do_Porto_de_Nacala-scaled.jpg\",\"datePublished\":\"2020-12-10T18:46:28+00:00\",\"breadcrumb\":{\"@id\":\"https:\/\/www.cfm.co.mz\/2020\/12\/10\/pca-do-cfm-empossa-novo-director-executivo-norte-e-novo-director-do-porto-de-nacala\/#breadcrumb\"},\"inLanguage\":\"en-US\",\"potentialAction\":[{\"@type\":\"ReadAction\",\"target\":[\"https:\/\/www.cfm.co.mz\/2020\/12\/10\/pca-do-cfm-empossa-novo-director-executivo-norte-e-novo-director-do-porto-de-nacala\/\"]}]},{\"@type\":\"ImageObject\",\"inLanguage\":\"en-US\",\"@id\":\"https:\/\/www.cfm.co.mz\/2020\/12\/10\/pca-do-cfm-empossa-novo-director-executivo-norte-e-novo-director-do-porto-de-nacala\/#primaryimage\",\"url\":\"https:\/\/www.cfm.co.mz\/wp-content\/uploads\/2020\/12\/Empossamento_Director_Executivo_Norte_e_novo_Director_do_Porto_de_Nacala-scaled.jpg\",\"contentUrl\":\"https:\/\/www.cfm.co.mz\/wp-content\/uploads\/2020\/12\/Empossamento_Director_Executivo_Norte_e_novo_Director_do_Porto_de_Nacala-scaled.jpg\",\"width\":2560,\"height\":1707,\"caption\":\"Empossamento Director Executivo Norte e novo Director do Porto de Nacala\"},{\"@type\":\"BreadcrumbList\",\"@id\":\"https:\/\/www.cfm.co.mz\/2020\/12\/10\/pca-do-cfm-empossa-novo-director-executivo-norte-e-novo-director-do-porto-de-nacala\/#breadcrumb\",\"itemListElement\":[{\"@type\":\"ListItem\",\"position\":1,\"name\":\"Home\",\"item\":\"https:\/\/www.cfm.co.mz\/\"},{\"@type\":\"ListItem\",\"position\":2,\"name\":\"PCA do CFM empossa novo Director Executivo Norte e novo Director do Porto de Nacala\"}]},{\"@type\":\"WebSite\",\"@id\":\"https:\/\/www.cfm.co.mz\/#website\",\"url\":\"https:\/\/www.cfm.co.mz\/\",\"name\":\"CFM - Caminhos De Ferros de Mo\u00e7ambique\",\"description\":\"Ampliando Horizontes\",\"publisher\":{\"@id\":\"https:\/\/www.cfm.co.mz\/#organization\"},\"potentialAction\":[{\"@type\":\"SearchAction\",\"target\":{\"@type\":\"EntryPoint\",\"urlTemplate\":\"https:\/\/www.cfm.co.mz\/?s={search_term_string}\"},\"query-input\":{\"@type\":\"PropertyValueSpecification\",\"valueRequired\":true,\"valueName\":\"search_term_string\"}}],\"inLanguage\":\"en-US\"},{\"@type\":\"Organization\",\"@id\":\"https:\/\/www.cfm.co.mz\/#organization\",\"name\":\"CFM - Caminhos De Ferros de Mo\u00e7ambique\",\"url\":\"https:\/\/www.cfm.co.mz\/\",\"logo\":{\"@type\":\"ImageObject\",\"inLanguage\":\"en-US\",\"@id\":\"https:\/\/www.cfm.co.mz\/#\/schema\/logo\/image\/\",\"url\":\"https:\/\/www.cfm.co.mz\/wp-content\/uploads\/2025\/07\/be5f0679-4f5b-4d02-9719-a26ceed29162.jpg\",\"contentUrl\":\"https:\/\/www.cfm.co.mz\/wp-content\/uploads\/2025\/07\/be5f0679-4f5b-4d02-9719-a26ceed29162.jpg\",\"width\":400,\"height\":65,\"caption\":\"CFM - Caminhos De Ferros de Mo\u00e7ambique\"},\"image\":{\"@id\":\"https:\/\/www.cfm.co.mz\/#\/schema\/logo\/image\/\"},\"sameAs\":[\"https:\/\/www.facebook.com\/CFMMoz\",\"https:\/\/www.linkedin.com\/company\/caminhos-de-ferro-de-moambique\/\"]},{\"@type\":\"Person\",\"@id\":\"https:\/\/www.cfm.co.mz\/#\/schema\/person\/1bb663f3c59dc61900f6f9b1c2b53552\",\"name\":\"D\u00e9rcio Badru\",\"image\":{\"@type\":\"ImageObject\",\"inLanguage\":\"en-US\",\"@id\":\"https:\/\/www.cfm.co.mz\/#\/schema\/person\/image\/\",\"url\":\"https:\/\/www.cfm.co.mz\/wp-content\/litespeed\/avatar\/be89d6955942d7259ef76de4577d21b3.jpg?ver=1777454359\",\"contentUrl\":\"https:\/\/www.cfm.co.mz\/wp-content\/litespeed\/avatar\/be89d6955942d7259ef76de4577d21b3.jpg?ver=1777454359\",\"caption\":\"D\u00e9rcio Badru\"},\"url\":\"https:\/\/www.cfm.co.mz\/en\/author\/dercio\/\"}]}<\/script>\n<!-- \/ Yoast SEO plugin. -->","yoast_head_json":{"title":"PCA do CFM empossa novo Director Executivo Norte e novo Director do Porto de Nacala - CFM - Caminhos De Ferros de Mo\u00e7ambique","robots":{"index":"index","follow":"follow","max-snippet":"max-snippet:-1","max-image-preview":"max-image-preview:large","max-video-preview":"max-video-preview:-1"},"canonical":"https:\/\/www.cfm.co.mz\/en\/2020\/12\/10\/pca-do-cfm-empossa-novo-director-executivo-norte-e-novo-director-do-porto-de-nacala\/","og_locale":"en_US","og_type":"article","og_title":"PCA do CFM empossa novo Director Executivo Norte e novo Director do Porto de Nacala - CFM - Caminhos De Ferros de Mo\u00e7ambique","og_description":"O Presidente do Conselho de Administra\u00e7\u00e3o da Empresa Portos e Caminhos de Ferro de Mo\u00e7ambique (CFM), Eng. Miguel Matabel, empossou, na manh\u00e3 do dia 07 de Dezembro de 2020, 2 novos quadros, no \u00e2mbito do processo de renova\u00e7\u00e3o e alinhamento dos diferentes n\u00edveis de gest\u00e3o, com vista a melhorar, cada vez mais, a capacidade de resposta aos novos desafios impostos pelo mercado. Trata-se do Dr. Em\u00eddio Victor Bata, T\u00e9cnico Superior de Gest\u00e3o de Transportes que, em comiss\u00e3o de servi\u00e7o, passa a exercer as fun\u00e7\u00f5es de Director Executivo do CFM- Norte e do Eng. Neimo da Esperan\u00e7a Alberto Induma, Engenheiro Civil, que passar\u00e1 a exercer as fun\u00e7oes de Director do Porto de Nacala.","og_url":"https:\/\/www.cfm.co.mz\/en\/2020\/12\/10\/pca-do-cfm-empossa-novo-director-executivo-norte-e-novo-director-do-porto-de-nacala\/","og_site_name":"CFM - Caminhos De Ferros de Mo\u00e7ambique","article_publisher":"https:\/\/www.facebook.com\/CFMMoz","article_published_time":"2020-12-10T18:46:28+00:00","og_image":[{"width":2560,"height":1707,"url":"https:\/\/www.cfm.co.mz\/wp-content\/uploads\/2020\/12\/Empossamento_Director_Executivo_Norte_e_novo_Director_do_Porto_de_Nacala-scaled.jpg","type":"image\/jpeg"}],"author":"D\u00e9rcio Badru","twitter_card":"summary_large_image","twitter_misc":{"Written by":"D\u00e9rcio Badru","Est. reading time":"2 minutes"},"schema":{"@context":"https:\/\/schema.org","@graph":[{"@type":"Article","@id":"https:\/\/www.cfm.co.mz\/2020\/12\/10\/pca-do-cfm-empossa-novo-director-executivo-norte-e-novo-director-do-porto-de-nacala\/#article","isPartOf":{"@id":"https:\/\/www.cfm.co.mz\/2020\/12\/10\/pca-do-cfm-empossa-novo-director-executivo-norte-e-novo-director-do-porto-de-nacala\/"},"author":{"name":"D\u00e9rcio Badru","@id":"https:\/\/www.cfm.co.mz\/#\/schema\/person\/1bb663f3c59dc61900f6f9b1c2b53552"},"headline":"PCA do CFM empossa novo Director Executivo Norte e novo Director do Porto de Nacala","datePublished":"2020-12-10T18:46:28+00:00","mainEntityOfPage":{"@id":"https:\/\/www.cfm.co.mz\/2020\/12\/10\/pca-do-cfm-empossa-novo-director-executivo-norte-e-novo-director-do-porto-de-nacala\/"},"wordCount":320,"commentCount":0,"publisher":{"@id":"https:\/\/www.cfm.co.mz\/#organization"},"image":{"@id":"https:\/\/www.cfm.co.mz\/2020\/12\/10\/pca-do-cfm-empossa-novo-director-executivo-norte-e-novo-director-do-porto-de-nacala\/#primaryimage"},"thumbnailUrl":"https:\/\/www.cfm.co.mz\/wp-content\/uploads\/2020\/12\/Empossamento_Director_Executivo_Norte_e_novo_Director_do_Porto_de_Nacala-scaled.jpg","articleSection":["Noticias"],"inLanguage":"en-US","potentialAction":[{"@type":"CommentAction","name":"Comment","target":["https:\/\/www.cfm.co.mz\/2020\/12\/10\/pca-do-cfm-empossa-novo-director-executivo-norte-e-novo-director-do-porto-de-nacala\/#respond"]}]},{"@type":"WebPage","@id":"https:\/\/www.cfm.co.mz\/2020\/12\/10\/pca-do-cfm-empossa-novo-director-executivo-norte-e-novo-director-do-porto-de-nacala\/","url":"https:\/\/www.cfm.co.mz\/2020\/12\/10\/pca-do-cfm-empossa-novo-director-executivo-norte-e-novo-director-do-porto-de-nacala\/","name":"PCA do CFM empossa novo Director Executivo Norte e novo Director do Porto de Nacala - CFM - Caminhos De Ferros de Mo\u00e7ambique","isPartOf":{"@id":"https:\/\/www.cfm.co.mz\/#website"},"primaryImageOfPage":{"@id":"https:\/\/www.cfm.co.mz\/2020\/12\/10\/pca-do-cfm-empossa-novo-director-executivo-norte-e-novo-director-do-porto-de-nacala\/#primaryimage"},"image":{"@id":"https:\/\/www.cfm.co.mz\/2020\/12\/10\/pca-do-cfm-empossa-novo-director-executivo-norte-e-novo-director-do-porto-de-nacala\/#primaryimage"},"thumbnailUrl":"https:\/\/www.cfm.co.mz\/wp-content\/uploads\/2020\/12\/Empossamento_Director_Executivo_Norte_e_novo_Director_do_Porto_de_Nacala-scaled.jpg","datePublished":"2020-12-10T18:46:28+00:00","breadcrumb":{"@id":"https:\/\/www.cfm.co.mz\/2020\/12\/10\/pca-do-cfm-empossa-novo-director-executivo-norte-e-novo-director-do-porto-de-nacala\/#breadcrumb"},"inLanguage":"en-US","potentialAction":[{"@type":"ReadAction","target":["https:\/\/www.cfm.co.mz\/2020\/12\/10\/pca-do-cfm-empossa-novo-director-executivo-norte-e-novo-director-do-porto-de-nacala\/"]}]},{"@type":"ImageObject","inLanguage":"en-US","@id":"https:\/\/www.cfm.co.mz\/2020\/12\/10\/pca-do-cfm-empossa-novo-director-executivo-norte-e-novo-director-do-porto-de-nacala\/#primaryimage","url":"https:\/\/www.cfm.co.mz\/wp-content\/uploads\/2020\/12\/Empossamento_Director_Executivo_Norte_e_novo_Director_do_Porto_de_Nacala-scaled.jpg","contentUrl":"https:\/\/www.cfm.co.mz\/wp-content\/uploads\/2020\/12\/Empossamento_Director_Executivo_Norte_e_novo_Director_do_Porto_de_Nacala-scaled.jpg","width":2560,"height":1707,"caption":"Empossamento Director Executivo Norte e novo Director do Porto de Nacala"},{"@type":"BreadcrumbList","@id":"https:\/\/www.cfm.co.mz\/2020\/12\/10\/pca-do-cfm-empossa-novo-director-executivo-norte-e-novo-director-do-porto-de-nacala\/#breadcrumb","itemListElement":[{"@type":"ListItem","position":1,"name":"Home","item":"https:\/\/www.cfm.co.mz\/"},{"@type":"ListItem","position":2,"name":"PCA do CFM empossa novo Director Executivo Norte e novo Director do Porto de Nacala"}]},{"@type":"WebSite","@id":"https:\/\/www.cfm.co.mz\/#website","url":"https:\/\/www.cfm.co.mz\/","name":"CFM - Caminhos De Ferros de Mo\u00e7ambique","description":"Ampliando Horizontes","publisher":{"@id":"https:\/\/www.cfm.co.mz\/#organization"},"potentialAction":[{"@type":"SearchAction","target":{"@type":"EntryPoint","urlTemplate":"https:\/\/www.cfm.co.mz\/?s={search_term_string}"},"query-input":{"@type":"PropertyValueSpecification","valueRequired":true,"valueName":"search_term_string"}}],"inLanguage":"en-US"},{"@type":"Organization","@id":"https:\/\/www.cfm.co.mz\/#organization","name":"CFM - Caminhos De Ferros de Mo\u00e7ambique","url":"https:\/\/www.cfm.co.mz\/","logo":{"@type":"ImageObject","inLanguage":"en-US","@id":"https:\/\/www.cfm.co.mz\/#\/schema\/logo\/image\/","url":"https:\/\/www.cfm.co.mz\/wp-content\/uploads\/2025\/07\/be5f0679-4f5b-4d02-9719-a26ceed29162.jpg","contentUrl":"https:\/\/www.cfm.co.mz\/wp-content\/uploads\/2025\/07\/be5f0679-4f5b-4d02-9719-a26ceed29162.jpg","width":400,"height":65,"caption":"CFM - Caminhos De Ferros de Mo\u00e7ambique"},"image":{"@id":"https:\/\/www.cfm.co.mz\/#\/schema\/logo\/image\/"},"sameAs":["https:\/\/www.facebook.com\/CFMMoz","https:\/\/www.linkedin.com\/company\/caminhos-de-ferro-de-moambique\/"]},{"@type":"Person","@id":"https:\/\/www.cfm.co.mz\/#\/schema\/person\/1bb663f3c59dc61900f6f9b1c2b53552","name":"D\u00e9rcio Badru","image":{"@type":"ImageObject","inLanguage":"en-US","@id":"https:\/\/www.cfm.co.mz\/#\/schema\/person\/image\/","url":"https:\/\/www.cfm.co.mz\/wp-content\/litespeed\/avatar\/be89d6955942d7259ef76de4577d21b3.jpg?ver=1777454359","contentUrl":"https:\/\/www.cfm.co.mz\/wp-content\/litespeed\/avatar\/be89d6955942d7259ef76de4577d21b3.jpg?ver=1777454359","caption":"D\u00e9rcio Badru"},"url":"https:\/\/www.cfm.co.mz\/en\/author\/dercio\/"}]}},"_links":{"self":[{"href":"https:\/\/www.cfm.co.mz\/en\/wp-json\/wp\/v2\/posts\/9269","targetHints":{"allow":["GET"]}}],"collection":[{"href":"https:\/\/www.cfm.co.mz\/en\/wp-json\/wp\/v2\/posts"}],"about":[{"href":"https:\/\/www.cfm.co.mz\/en\/wp-json\/wp\/v2\/types\/post"}],"author":[{"embeddable":true,"href":"https:\/\/www.cfm.co.mz\/en\/wp-json\/wp\/v2\/users\/94"}],"replies":[{"embeddable":true,"href":"https:\/\/www.cfm.co.mz\/en\/wp-json\/wp\/v2\/comments?post=9269"}],"version-history":[{"count":0,"href":"https:\/\/www.cfm.co.mz\/en\/wp-json\/wp\/v2\/posts\/9269\/revisions"}],"wp:featuredmedia":[{"embeddable":true,"href":"https:\/\/www.cfm.co.mz\/en\/wp-json\/wp\/v2\/media\/9268"}],"wp:attachment":[{"href":"https:\/\/www.cfm.co.mz\/en\/wp-json\/wp\/v2\/media?parent=9269"}],"wp:term":[{"taxonomy":"category","embeddable":true,"href":"https:\/\/www.cfm.co.mz\/en\/wp-json\/wp\/v2\/categories?post=9269"},{"taxonomy":"post_tag","embeddable":true,"href":"https:\/\/www.cfm.co.mz\/en\/wp-json\/wp\/v2\/tags?post=9269"}],"curies":[{"name":"wp","href":"https:\/\/api.w.org\/{rel}","templated":true}]}}