{"id":9255,"date":"2020-11-03T15:17:17","date_gmt":"2020-11-03T15:17:17","guid":{"rendered":"https:\/\/www.cfm.co.mz\/2020\/11\/03\/prevista-reabilitacao-da-via-mocambique-malawi-atraves-da-linha-de-sena\/"},"modified":"2020-11-03T15:17:17","modified_gmt":"2020-11-03T15:17:17","slug":"prevista-reabilitacao-da-via-mocambique-malawi-atraves-da-linha-de-sena","status":"publish","type":"post","link":"https:\/\/www.cfm.co.mz\/en\/2020\/11\/03\/prevista-reabilitacao-da-via-mocambique-malawi-atraves-da-linha-de-sena\/","title":{"rendered":"Prevista reabilita\u00e7\u00e3o da via Mo\u00e7ambique-Malawi atrav\u00e9s da Linha de Sena"},"content":{"rendered":"<p style=\"text-align: justify;\"><a href=\"http:\/\/www.cfm.co.mz\/wp-content\/uploads\/2020\/11\/Linha_de_Sena_perto_de_Mutarara-scaled.jpg\" type=\"image\/jpeg\" class=\"jcepopup zoom-bottom-right\" data-mediabox=\"1\" data-mediabox-width=\"800\" data-mediabox-height=\"600\" data-mediabox-caption=\"Linha de Sena\"><img decoding=\"async\" src=\"http:\/\/www.cfm.co.mz\/wp-content\/uploads\/2020\/11\/Linha_de_Sena_perto_de_Mutarara-scaled.jpg\" alt=\"Linha de Sena perto de Mutarara\" width=\"250\" style=\"margin: 10px; float: left;\" \/><\/a>A comunica\u00e7\u00e3o ferrovi\u00e1ria entre Mo\u00e7ambique e Malawi, atrav\u00e9s da Linha de Sena pelo ramal Mutarara-Vila Nova de Fronteira e Vila Nova da Fronteira-Bangula, poder\u00e1,finalmente, ser efectivada at\u00e9 Setembro de 2021.<\/p>\n<p style=\"text-align: justify;\">O compromisso neste sentido foi avan\u00e7ado, s\u00e1bado (31\/10), no final de conversa\u00e7\u00f5es bilaterais entre ambos os pa\u00edses, na cidade da Beira, chefiadas pelos respectivos Ministros dos Transportes.<\/p>\n<p><!--more--><\/p>\n<p style=\"text-align: justify;\">Janfar Abdulai, titular da pasta dos Transportes e Comunica\u00e7\u00f5es de Mo\u00e7ambique, garantiu que do lado do seu territ\u00f3rio, que compreende uma extens\u00e3o total de 44 quil\u00f3metros, j\u00e1 est\u00e3o dispon\u00edveis cerca de 46 milh\u00f5es de d\u00f3lares norte-americanos, estando assim criadas todas as condi\u00e7\u00f5es para o arranque da empreitada.<\/p>\n<p style=\"text-align: justify;\">Ja o seu hom\u00f3logo malawiano dos Transportes e Obras P\u00fablicas, Mahumed Sidik Mia, alinhou pelo mesmo diapas\u00e3o, mas ressalvou que, numa primeira fase, o seu pa\u00eds vai reabilitar 71 quil\u00f3metros, entre Vila Nova da Fronteira-Nsange e Nsange-Bangula.<\/p>\n<p style=\"text-align: justify;\">Com a liga\u00e7\u00e3o da Linha de Sena, entre Mutarara e Bangula, pretende-se, basicamente, exportar o a\u00e7\u00facar daquele pa\u00eds para mercado europeu, atrav\u00e9s do Porto da Beira.<\/p>\n<p style=\"text-align: justify;\">Na segunda fase, Malawi promete estabelecer comunica\u00e7\u00e3o ferrovi\u00e1ria Beira-Lilongwe, decorrendo actualmente a mobiliza\u00e7\u00e3o de fundos junto dos seus tradicionais parceiros de coopera\u00e7\u00e3o internacional.<\/p>\n<p style=\"text-align: justify;\">Nessa altura, poder\u00e1 mesmo ser reactivado, igualmente, o transporte de passageiros, que foi paralisado h\u00e1 longas d\u00e9cadas, sobretudo pela guerra civil de 16 anos em Mo\u00e7ambique que, ent\u00e3o, veio a acentuar cada vez mais a degrada\u00e7\u00e3o daquela importante ferrovia da Comunidade de Desenvolvimento da \u00c1frica Austral (SADC).<\/p>","protected":false},"excerpt":{"rendered":"<p>A comunica\u00e7\u00e3o ferrovi\u00e1ria entre Mo\u00e7ambique e Malawi, atrav\u00e9s da Linha de Sena pelo ramal Mutarara-Vila Nova de Fronteira e Vila Nova da Fronteira-Bangula, poder\u00e1,finalmente, ser efectivada at\u00e9 Setembro de 2021. O compromisso neste sentido foi avan\u00e7ado, s\u00e1bado (31\/10), no final de conversa\u00e7\u00f5es bilaterais entre ambos os pa\u00edses, na cidade da Beira, chefiadas pelos respectivos Ministros dos Transportes.<\/p>","protected":false},"author":94,"featured_media":9250,"comment_status":"open","ping_status":"open","sticky":false,"template":"","format":"standard","meta":{"_acf_changed":false,"pgc_sgb_lightbox_settings":"","footnotes":""},"categories":[680],"tags":[],"class_list":["post-9255","post","type-post","status-publish","format-standard","has-post-thumbnail","hentry","category-noticias"],"acf":[],"yoast_head":"<!-- This site is optimized with the Yoast SEO plugin v26.5 - https:\/\/yoast.com\/wordpress\/plugins\/seo\/ -->\n<title>Prevista reabilita\u00e7\u00e3o da via Mo\u00e7ambique-Malawi atrav\u00e9s da Linha de Sena - CFM - Caminhos De Ferros de Mo\u00e7ambique<\/title>\n<meta name=\"robots\" content=\"index, follow, max-snippet:-1, max-image-preview:large, max-video-preview:-1\" \/>\n<link rel=\"canonical\" href=\"https:\/\/www.cfm.co.mz\/en\/2020\/11\/03\/prevista-reabilitacao-da-via-mocambique-malawi-atraves-da-linha-de-sena\/\" \/>\n<meta property=\"og:locale\" content=\"en_US\" \/>\n<meta property=\"og:type\" content=\"article\" \/>\n<meta property=\"og:title\" content=\"Prevista reabilita\u00e7\u00e3o da via Mo\u00e7ambique-Malawi atrav\u00e9s da Linha de Sena - CFM - Caminhos De Ferros de Mo\u00e7ambique\" \/>\n<meta property=\"og:description\" content=\"A comunica\u00e7\u00e3o ferrovi\u00e1ria entre Mo\u00e7ambique e Malawi, atrav\u00e9s da Linha de Sena pelo ramal Mutarara-Vila Nova de Fronteira e Vila Nova da Fronteira-Bangula, poder\u00e1,finalmente, ser efectivada at\u00e9 Setembro de 2021. O compromisso neste sentido foi avan\u00e7ado, s\u00e1bado (31\/10), no final de conversa\u00e7\u00f5es bilaterais entre ambos os pa\u00edses, na cidade da Beira, chefiadas pelos respectivos Ministros dos Transportes.\" \/>\n<meta property=\"og:url\" content=\"https:\/\/www.cfm.co.mz\/en\/2020\/11\/03\/prevista-reabilitacao-da-via-mocambique-malawi-atraves-da-linha-de-sena\/\" \/>\n<meta property=\"og:site_name\" content=\"CFM - Caminhos De Ferros de Mo\u00e7ambique\" \/>\n<meta property=\"article:publisher\" content=\"https:\/\/www.facebook.com\/CFMMoz\" \/>\n<meta property=\"article:published_time\" content=\"2020-11-03T15:17:17+00:00\" \/>\n<meta property=\"og:image\" content=\"https:\/\/www.cfm.co.mz\/wp-content\/uploads\/2020\/11\/Linha_de_Sena_perto_de_Mutarara-scaled.jpg\" \/>\n\t<meta property=\"og:image:width\" content=\"2560\" \/>\n\t<meta property=\"og:image:height\" content=\"1707\" \/>\n\t<meta property=\"og:image:type\" content=\"image\/jpeg\" \/>\n<meta name=\"author\" content=\"D\u00e9rcio Badru\" \/>\n<meta name=\"twitter:card\" content=\"summary_large_image\" \/>\n<meta name=\"twitter:label1\" content=\"Written by\" \/>\n\t<meta name=\"twitter:data1\" content=\"D\u00e9rcio Badru\" \/>\n\t<meta name=\"twitter:label2\" content=\"Est. reading time\" \/>\n\t<meta name=\"twitter:data2\" content=\"1 minute\" \/>\n<script type=\"application\/ld+json\" class=\"yoast-schema-graph\">{\"@context\":\"https:\/\/schema.org\",\"@graph\":[{\"@type\":\"Article\",\"@id\":\"https:\/\/www.cfm.co.mz\/2020\/11\/03\/prevista-reabilitacao-da-via-mocambique-malawi-atraves-da-linha-de-sena\/#article\",\"isPartOf\":{\"@id\":\"https:\/\/www.cfm.co.mz\/2020\/11\/03\/prevista-reabilitacao-da-via-mocambique-malawi-atraves-da-linha-de-sena\/\"},\"author\":{\"name\":\"D\u00e9rcio Badru\",\"@id\":\"https:\/\/www.cfm.co.mz\/#\/schema\/person\/1bb663f3c59dc61900f6f9b1c2b53552\"},\"headline\":\"Prevista reabilita\u00e7\u00e3o da via Mo\u00e7ambique-Malawi atrav\u00e9s da Linha de Sena\",\"datePublished\":\"2020-11-03T15:17:17+00:00\",\"mainEntityOfPage\":{\"@id\":\"https:\/\/www.cfm.co.mz\/2020\/11\/03\/prevista-reabilitacao-da-via-mocambique-malawi-atraves-da-linha-de-sena\/\"},\"wordCount\":280,\"commentCount\":0,\"publisher\":{\"@id\":\"https:\/\/www.cfm.co.mz\/#organization\"},\"image\":{\"@id\":\"https:\/\/www.cfm.co.mz\/2020\/11\/03\/prevista-reabilitacao-da-via-mocambique-malawi-atraves-da-linha-de-sena\/#primaryimage\"},\"thumbnailUrl\":\"https:\/\/www.cfm.co.mz\/wp-content\/uploads\/2020\/11\/Linha_de_Sena_perto_de_Mutarara-scaled.jpg\",\"articleSection\":[\"Noticias\"],\"inLanguage\":\"en-US\",\"potentialAction\":[{\"@type\":\"CommentAction\",\"name\":\"Comment\",\"target\":[\"https:\/\/www.cfm.co.mz\/2020\/11\/03\/prevista-reabilitacao-da-via-mocambique-malawi-atraves-da-linha-de-sena\/#respond\"]}]},{\"@type\":\"WebPage\",\"@id\":\"https:\/\/www.cfm.co.mz\/2020\/11\/03\/prevista-reabilitacao-da-via-mocambique-malawi-atraves-da-linha-de-sena\/\",\"url\":\"https:\/\/www.cfm.co.mz\/2020\/11\/03\/prevista-reabilitacao-da-via-mocambique-malawi-atraves-da-linha-de-sena\/\",\"name\":\"Prevista reabilita\u00e7\u00e3o da via Mo\u00e7ambique-Malawi atrav\u00e9s da Linha de Sena - CFM - Caminhos De Ferros de Mo\u00e7ambique\",\"isPartOf\":{\"@id\":\"https:\/\/www.cfm.co.mz\/#website\"},\"primaryImageOfPage\":{\"@id\":\"https:\/\/www.cfm.co.mz\/2020\/11\/03\/prevista-reabilitacao-da-via-mocambique-malawi-atraves-da-linha-de-sena\/#primaryimage\"},\"image\":{\"@id\":\"https:\/\/www.cfm.co.mz\/2020\/11\/03\/prevista-reabilitacao-da-via-mocambique-malawi-atraves-da-linha-de-sena\/#primaryimage\"},\"thumbnailUrl\":\"https:\/\/www.cfm.co.mz\/wp-content\/uploads\/2020\/11\/Linha_de_Sena_perto_de_Mutarara-scaled.jpg\",\"datePublished\":\"2020-11-03T15:17:17+00:00\",\"breadcrumb\":{\"@id\":\"https:\/\/www.cfm.co.mz\/2020\/11\/03\/prevista-reabilitacao-da-via-mocambique-malawi-atraves-da-linha-de-sena\/#breadcrumb\"},\"inLanguage\":\"en-US\",\"potentialAction\":[{\"@type\":\"ReadAction\",\"target\":[\"https:\/\/www.cfm.co.mz\/2020\/11\/03\/prevista-reabilitacao-da-via-mocambique-malawi-atraves-da-linha-de-sena\/\"]}]},{\"@type\":\"ImageObject\",\"inLanguage\":\"en-US\",\"@id\":\"https:\/\/www.cfm.co.mz\/2020\/11\/03\/prevista-reabilitacao-da-via-mocambique-malawi-atraves-da-linha-de-sena\/#primaryimage\",\"url\":\"https:\/\/www.cfm.co.mz\/wp-content\/uploads\/2020\/11\/Linha_de_Sena_perto_de_Mutarara-scaled.jpg\",\"contentUrl\":\"https:\/\/www.cfm.co.mz\/wp-content\/uploads\/2020\/11\/Linha_de_Sena_perto_de_Mutarara-scaled.jpg\",\"width\":2560,\"height\":1707,\"caption\":\"Linha de Sena perto de Mutarara\"},{\"@type\":\"BreadcrumbList\",\"@id\":\"https:\/\/www.cfm.co.mz\/2020\/11\/03\/prevista-reabilitacao-da-via-mocambique-malawi-atraves-da-linha-de-sena\/#breadcrumb\",\"itemListElement\":[{\"@type\":\"ListItem\",\"position\":1,\"name\":\"Home\",\"item\":\"https:\/\/www.cfm.co.mz\/\"},{\"@type\":\"ListItem\",\"position\":2,\"name\":\"Prevista reabilita\u00e7\u00e3o da via Mo\u00e7ambique-Malawi atrav\u00e9s da Linha de Sena\"}]},{\"@type\":\"WebSite\",\"@id\":\"https:\/\/www.cfm.co.mz\/#website\",\"url\":\"https:\/\/www.cfm.co.mz\/\",\"name\":\"CFM - Caminhos De Ferros de Mo\u00e7ambique\",\"description\":\"Ampliando Horizontes\",\"publisher\":{\"@id\":\"https:\/\/www.cfm.co.mz\/#organization\"},\"potentialAction\":[{\"@type\":\"SearchAction\",\"target\":{\"@type\":\"EntryPoint\",\"urlTemplate\":\"https:\/\/www.cfm.co.mz\/?s={search_term_string}\"},\"query-input\":{\"@type\":\"PropertyValueSpecification\",\"valueRequired\":true,\"valueName\":\"search_term_string\"}}],\"inLanguage\":\"en-US\"},{\"@type\":\"Organization\",\"@id\":\"https:\/\/www.cfm.co.mz\/#organization\",\"name\":\"CFM - Caminhos De Ferros de Mo\u00e7ambique\",\"url\":\"https:\/\/www.cfm.co.mz\/\",\"logo\":{\"@type\":\"ImageObject\",\"inLanguage\":\"en-US\",\"@id\":\"https:\/\/www.cfm.co.mz\/#\/schema\/logo\/image\/\",\"url\":\"https:\/\/www.cfm.co.mz\/wp-content\/uploads\/2025\/07\/be5f0679-4f5b-4d02-9719-a26ceed29162.jpg\",\"contentUrl\":\"https:\/\/www.cfm.co.mz\/wp-content\/uploads\/2025\/07\/be5f0679-4f5b-4d02-9719-a26ceed29162.jpg\",\"width\":400,\"height\":65,\"caption\":\"CFM - Caminhos De Ferros de Mo\u00e7ambique\"},\"image\":{\"@id\":\"https:\/\/www.cfm.co.mz\/#\/schema\/logo\/image\/\"},\"sameAs\":[\"https:\/\/www.facebook.com\/CFMMoz\",\"https:\/\/www.linkedin.com\/company\/caminhos-de-ferro-de-moambique\/\"]},{\"@type\":\"Person\",\"@id\":\"https:\/\/www.cfm.co.mz\/#\/schema\/person\/1bb663f3c59dc61900f6f9b1c2b53552\",\"name\":\"D\u00e9rcio Badru\",\"image\":{\"@type\":\"ImageObject\",\"inLanguage\":\"en-US\",\"@id\":\"https:\/\/www.cfm.co.mz\/#\/schema\/person\/image\/\",\"url\":\"https:\/\/www.cfm.co.mz\/wp-content\/litespeed\/avatar\/be89d6955942d7259ef76de4577d21b3.jpg?ver=1777454359\",\"contentUrl\":\"https:\/\/www.cfm.co.mz\/wp-content\/litespeed\/avatar\/be89d6955942d7259ef76de4577d21b3.jpg?ver=1777454359\",\"caption\":\"D\u00e9rcio Badru\"},\"url\":\"https:\/\/www.cfm.co.mz\/en\/author\/dercio\/\"}]}<\/script>\n<!-- \/ Yoast SEO plugin. -->","yoast_head_json":{"title":"Prevista reabilita\u00e7\u00e3o da via Mo\u00e7ambique-Malawi atrav\u00e9s da Linha de Sena - CFM - Caminhos De Ferros de Mo\u00e7ambique","robots":{"index":"index","follow":"follow","max-snippet":"max-snippet:-1","max-image-preview":"max-image-preview:large","max-video-preview":"max-video-preview:-1"},"canonical":"https:\/\/www.cfm.co.mz\/en\/2020\/11\/03\/prevista-reabilitacao-da-via-mocambique-malawi-atraves-da-linha-de-sena\/","og_locale":"en_US","og_type":"article","og_title":"Prevista reabilita\u00e7\u00e3o da via Mo\u00e7ambique-Malawi atrav\u00e9s da Linha de Sena - CFM - Caminhos De Ferros de Mo\u00e7ambique","og_description":"A comunica\u00e7\u00e3o ferrovi\u00e1ria entre Mo\u00e7ambique e Malawi, atrav\u00e9s da Linha de Sena pelo ramal Mutarara-Vila Nova de Fronteira e Vila Nova da Fronteira-Bangula, poder\u00e1,finalmente, ser efectivada at\u00e9 Setembro de 2021. O compromisso neste sentido foi avan\u00e7ado, s\u00e1bado (31\/10), no final de conversa\u00e7\u00f5es bilaterais entre ambos os pa\u00edses, na cidade da Beira, chefiadas pelos respectivos Ministros dos Transportes.","og_url":"https:\/\/www.cfm.co.mz\/en\/2020\/11\/03\/prevista-reabilitacao-da-via-mocambique-malawi-atraves-da-linha-de-sena\/","og_site_name":"CFM - Caminhos De Ferros de Mo\u00e7ambique","article_publisher":"https:\/\/www.facebook.com\/CFMMoz","article_published_time":"2020-11-03T15:17:17+00:00","og_image":[{"width":2560,"height":1707,"url":"https:\/\/www.cfm.co.mz\/wp-content\/uploads\/2020\/11\/Linha_de_Sena_perto_de_Mutarara-scaled.jpg","type":"image\/jpeg"}],"author":"D\u00e9rcio Badru","twitter_card":"summary_large_image","twitter_misc":{"Written by":"D\u00e9rcio Badru","Est. reading time":"1 minute"},"schema":{"@context":"https:\/\/schema.org","@graph":[{"@type":"Article","@id":"https:\/\/www.cfm.co.mz\/2020\/11\/03\/prevista-reabilitacao-da-via-mocambique-malawi-atraves-da-linha-de-sena\/#article","isPartOf":{"@id":"https:\/\/www.cfm.co.mz\/2020\/11\/03\/prevista-reabilitacao-da-via-mocambique-malawi-atraves-da-linha-de-sena\/"},"author":{"name":"D\u00e9rcio Badru","@id":"https:\/\/www.cfm.co.mz\/#\/schema\/person\/1bb663f3c59dc61900f6f9b1c2b53552"},"headline":"Prevista reabilita\u00e7\u00e3o da via Mo\u00e7ambique-Malawi atrav\u00e9s da Linha de Sena","datePublished":"2020-11-03T15:17:17+00:00","mainEntityOfPage":{"@id":"https:\/\/www.cfm.co.mz\/2020\/11\/03\/prevista-reabilitacao-da-via-mocambique-malawi-atraves-da-linha-de-sena\/"},"wordCount":280,"commentCount":0,"publisher":{"@id":"https:\/\/www.cfm.co.mz\/#organization"},"image":{"@id":"https:\/\/www.cfm.co.mz\/2020\/11\/03\/prevista-reabilitacao-da-via-mocambique-malawi-atraves-da-linha-de-sena\/#primaryimage"},"thumbnailUrl":"https:\/\/www.cfm.co.mz\/wp-content\/uploads\/2020\/11\/Linha_de_Sena_perto_de_Mutarara-scaled.jpg","articleSection":["Noticias"],"inLanguage":"en-US","potentialAction":[{"@type":"CommentAction","name":"Comment","target":["https:\/\/www.cfm.co.mz\/2020\/11\/03\/prevista-reabilitacao-da-via-mocambique-malawi-atraves-da-linha-de-sena\/#respond"]}]},{"@type":"WebPage","@id":"https:\/\/www.cfm.co.mz\/2020\/11\/03\/prevista-reabilitacao-da-via-mocambique-malawi-atraves-da-linha-de-sena\/","url":"https:\/\/www.cfm.co.mz\/2020\/11\/03\/prevista-reabilitacao-da-via-mocambique-malawi-atraves-da-linha-de-sena\/","name":"Prevista reabilita\u00e7\u00e3o da via Mo\u00e7ambique-Malawi atrav\u00e9s da Linha de Sena - CFM - Caminhos De Ferros de Mo\u00e7ambique","isPartOf":{"@id":"https:\/\/www.cfm.co.mz\/#website"},"primaryImageOfPage":{"@id":"https:\/\/www.cfm.co.mz\/2020\/11\/03\/prevista-reabilitacao-da-via-mocambique-malawi-atraves-da-linha-de-sena\/#primaryimage"},"image":{"@id":"https:\/\/www.cfm.co.mz\/2020\/11\/03\/prevista-reabilitacao-da-via-mocambique-malawi-atraves-da-linha-de-sena\/#primaryimage"},"thumbnailUrl":"https:\/\/www.cfm.co.mz\/wp-content\/uploads\/2020\/11\/Linha_de_Sena_perto_de_Mutarara-scaled.jpg","datePublished":"2020-11-03T15:17:17+00:00","breadcrumb":{"@id":"https:\/\/www.cfm.co.mz\/2020\/11\/03\/prevista-reabilitacao-da-via-mocambique-malawi-atraves-da-linha-de-sena\/#breadcrumb"},"inLanguage":"en-US","potentialAction":[{"@type":"ReadAction","target":["https:\/\/www.cfm.co.mz\/2020\/11\/03\/prevista-reabilitacao-da-via-mocambique-malawi-atraves-da-linha-de-sena\/"]}]},{"@type":"ImageObject","inLanguage":"en-US","@id":"https:\/\/www.cfm.co.mz\/2020\/11\/03\/prevista-reabilitacao-da-via-mocambique-malawi-atraves-da-linha-de-sena\/#primaryimage","url":"https:\/\/www.cfm.co.mz\/wp-content\/uploads\/2020\/11\/Linha_de_Sena_perto_de_Mutarara-scaled.jpg","contentUrl":"https:\/\/www.cfm.co.mz\/wp-content\/uploads\/2020\/11\/Linha_de_Sena_perto_de_Mutarara-scaled.jpg","width":2560,"height":1707,"caption":"Linha de Sena perto de Mutarara"},{"@type":"BreadcrumbList","@id":"https:\/\/www.cfm.co.mz\/2020\/11\/03\/prevista-reabilitacao-da-via-mocambique-malawi-atraves-da-linha-de-sena\/#breadcrumb","itemListElement":[{"@type":"ListItem","position":1,"name":"Home","item":"https:\/\/www.cfm.co.mz\/"},{"@type":"ListItem","position":2,"name":"Prevista reabilita\u00e7\u00e3o da via Mo\u00e7ambique-Malawi atrav\u00e9s da Linha de Sena"}]},{"@type":"WebSite","@id":"https:\/\/www.cfm.co.mz\/#website","url":"https:\/\/www.cfm.co.mz\/","name":"CFM - Caminhos De Ferros de Mo\u00e7ambique","description":"Ampliando Horizontes","publisher":{"@id":"https:\/\/www.cfm.co.mz\/#organization"},"potentialAction":[{"@type":"SearchAction","target":{"@type":"EntryPoint","urlTemplate":"https:\/\/www.cfm.co.mz\/?s={search_term_string}"},"query-input":{"@type":"PropertyValueSpecification","valueRequired":true,"valueName":"search_term_string"}}],"inLanguage":"en-US"},{"@type":"Organization","@id":"https:\/\/www.cfm.co.mz\/#organization","name":"CFM - Caminhos De Ferros de Mo\u00e7ambique","url":"https:\/\/www.cfm.co.mz\/","logo":{"@type":"ImageObject","inLanguage":"en-US","@id":"https:\/\/www.cfm.co.mz\/#\/schema\/logo\/image\/","url":"https:\/\/www.cfm.co.mz\/wp-content\/uploads\/2025\/07\/be5f0679-4f5b-4d02-9719-a26ceed29162.jpg","contentUrl":"https:\/\/www.cfm.co.mz\/wp-content\/uploads\/2025\/07\/be5f0679-4f5b-4d02-9719-a26ceed29162.jpg","width":400,"height":65,"caption":"CFM - Caminhos De Ferros de Mo\u00e7ambique"},"image":{"@id":"https:\/\/www.cfm.co.mz\/#\/schema\/logo\/image\/"},"sameAs":["https:\/\/www.facebook.com\/CFMMoz","https:\/\/www.linkedin.com\/company\/caminhos-de-ferro-de-moambique\/"]},{"@type":"Person","@id":"https:\/\/www.cfm.co.mz\/#\/schema\/person\/1bb663f3c59dc61900f6f9b1c2b53552","name":"D\u00e9rcio Badru","image":{"@type":"ImageObject","inLanguage":"en-US","@id":"https:\/\/www.cfm.co.mz\/#\/schema\/person\/image\/","url":"https:\/\/www.cfm.co.mz\/wp-content\/litespeed\/avatar\/be89d6955942d7259ef76de4577d21b3.jpg?ver=1777454359","contentUrl":"https:\/\/www.cfm.co.mz\/wp-content\/litespeed\/avatar\/be89d6955942d7259ef76de4577d21b3.jpg?ver=1777454359","caption":"D\u00e9rcio Badru"},"url":"https:\/\/www.cfm.co.mz\/en\/author\/dercio\/"}]}},"_links":{"self":[{"href":"https:\/\/www.cfm.co.mz\/en\/wp-json\/wp\/v2\/posts\/9255","targetHints":{"allow":["GET"]}}],"collection":[{"href":"https:\/\/www.cfm.co.mz\/en\/wp-json\/wp\/v2\/posts"}],"about":[{"href":"https:\/\/www.cfm.co.mz\/en\/wp-json\/wp\/v2\/types\/post"}],"author":[{"embeddable":true,"href":"https:\/\/www.cfm.co.mz\/en\/wp-json\/wp\/v2\/users\/94"}],"replies":[{"embeddable":true,"href":"https:\/\/www.cfm.co.mz\/en\/wp-json\/wp\/v2\/comments?post=9255"}],"version-history":[{"count":0,"href":"https:\/\/www.cfm.co.mz\/en\/wp-json\/wp\/v2\/posts\/9255\/revisions"}],"wp:featuredmedia":[{"embeddable":true,"href":"https:\/\/www.cfm.co.mz\/en\/wp-json\/wp\/v2\/media\/9250"}],"wp:attachment":[{"href":"https:\/\/www.cfm.co.mz\/en\/wp-json\/wp\/v2\/media?parent=9255"}],"wp:term":[{"taxonomy":"category","embeddable":true,"href":"https:\/\/www.cfm.co.mz\/en\/wp-json\/wp\/v2\/categories?post=9255"},{"taxonomy":"post_tag","embeddable":true,"href":"https:\/\/www.cfm.co.mz\/en\/wp-json\/wp\/v2\/tags?post=9255"}],"curies":[{"name":"wp","href":"https:\/\/api.w.org\/{rel}","templated":true}]}}