{"id":9247,"date":"2020-11-03T13:46:44","date_gmt":"2020-11-03T13:46:44","guid":{"rendered":"https:\/\/www.cfm.co.mz\/2020\/11\/03\/mocambique-e-malawi-acordam-dinamizar-transporte-de-carga\/"},"modified":"2020-11-03T13:46:44","modified_gmt":"2020-11-03T13:46:44","slug":"mocambique-e-malawi-acordam-dinamizar-transporte-de-carga","status":"publish","type":"post","link":"https:\/\/www.cfm.co.mz\/en\/2020\/11\/03\/mocambique-e-malawi-acordam-dinamizar-transporte-de-carga\/","title":{"rendered":"Mo\u00e7ambique e Malawi acordam dinamizar transporte de carga"},"content":{"rendered":"<p style=\"text-align: justify;\"><img decoding=\"async\" class=\"alignleft size-full wp-image-9245\" src=\"http:\/\/www.cfm.co.mz\/wp-content\/uploads\/2020\/11\/Cooperacao_Moc_Malawi_1.jpg\" alt=\"Cooperacao Moc Malawi 1\" width=\"250\" height=\"136\" style=\"margin: 10px; float: left;\" srcset=\"https:\/\/www.cfm.co.mz\/wp-content\/uploads\/2020\/11\/Cooperacao_Moc_Malawi_1.jpg 1280w, https:\/\/www.cfm.co.mz\/wp-content\/uploads\/2020\/11\/Cooperacao_Moc_Malawi_1-300x163.jpg 300w, https:\/\/www.cfm.co.mz\/wp-content\/uploads\/2020\/11\/Cooperacao_Moc_Malawi_1-1024x555.jpg 1024w, https:\/\/www.cfm.co.mz\/wp-content\/uploads\/2020\/11\/Cooperacao_Moc_Malawi_1-768x416.jpg 768w\" sizes=\"(max-width: 250px) 100vw, 250px\" \/>A coopera\u00e7\u00e3o bilateral entre Mo\u00e7ambique e Malawi vai ser cada vez mais refor\u00e7ada no transporte de mercadorias, atrav\u00e9s dos Portos da Beira e Nacala, sobretudo no escoamento de 255 mil toneladas de fertilizante.<\/p>\n<p style=\"text-align: justify;\">O entendimento foi alcan\u00e7ado, s\u00e1bado \u00e0 noite, depois de prolongadas negocia\u00e7\u00f5es, na Beira, pelas delega\u00e7\u00f5es dos dois pa\u00edses chefiadas pelos respectivos Ministros dos Transportes.<\/p>\n<p><!--more--><\/p>\n<p style=\"text-align: justify;\">Mandatados pelos Presidentes das Republicas de Mo\u00e7ambique, Filipe Nyusi, e de Malawi, L\u00e1zarus Chakwera, tal enquadra-se na implementa\u00e7\u00e3o dos compromissos assumidos, recentemente, na vila do Songo, em Tete, entre \u00e0queles dois Chefes de Estados amigos.<\/p>\n<p style=\"text-align: justify;\">O acto, que marcou o fim de uma miss\u00e3o malawiana que desde quarta-feira escalou Portos de Nacala e Beira, as duas equipas t\u00e9cnicas trabalharam com os gestores e demais prestadores de servi\u00e7os ferro-portu\u00e1rios daqueles corredores para identificar desafios que registam aqueles pa\u00edses na log\u00edstica para as importa\u00e7\u00f5es.<\/p>\n<p style=\"text-align: justify;\">Janfar Abdulai, Ministro dos Transportes e Comunica\u00e7\u00f5es de Mo\u00e7ambique, apontou que do trabalho realizado, houve cometimento mutuo de continuar a trabalhar para a melhoria da qualidade dos servi\u00e7os de log\u00edstica prestados por nosso pa\u00eds nos Corredores da Beira e Nacala.<\/p>\n<p style=\"text-align: justify;\"><img decoding=\"async\" class=\"alignright size-full wp-image-9246\" src=\"http:\/\/www.cfm.co.mz\/wp-content\/uploads\/2020\/11\/Cooperacao_Moc_Malawi_2.jpg\" alt=\"Cooperacao Moc Malawi 2\" width=\"250\" height=\"167\" style=\"margin: 10px; float: right;\" srcset=\"https:\/\/www.cfm.co.mz\/wp-content\/uploads\/2020\/11\/Cooperacao_Moc_Malawi_2.jpg 1280w, https:\/\/www.cfm.co.mz\/wp-content\/uploads\/2020\/11\/Cooperacao_Moc_Malawi_2-300x200.jpg 300w, https:\/\/www.cfm.co.mz\/wp-content\/uploads\/2020\/11\/Cooperacao_Moc_Malawi_2-1024x683.jpg 1024w, https:\/\/www.cfm.co.mz\/wp-content\/uploads\/2020\/11\/Cooperacao_Moc_Malawi_2-768x512.jpg 768w\" sizes=\"(max-width: 250px) 100vw, 250px\" \/>Para o seu homologo do Malawi, Mahumed Sidik Mia, garantiu em continuar a privilegiar o uso das infraestruturas em transporte mo\u00e7ambicano para sua log\u00edstica, bem como incremento da carga daquele pa\u00eds que demanda os Portos de Nacala e Beira.<\/p>\n<p style=\"text-align: justify;\">Ambas as partes foram consensuais ao afirmarem que Mo\u00e7ambique vai implementar medidas especificas para viabiliza\u00e7\u00e3o do projecto de importa\u00e7\u00e3o, pelo Malawi, de cerca de 255 mil toneladas de fertilizantes, dos quais, 180 mil a partir do Porto da Beira e 75 mil atrav\u00e9s de Nacala.<\/p>\n<p style=\"text-align: justify;\">O trabalho a ser feito para atender a este projecto especifico contempla aloca\u00e7\u00e3o de mais vag\u00f5es, armazenamento, celeridade no desembara\u00e7o de mercadorias e fluidez das fronteiras, sendo que Mo\u00e7ambique, Malawi e Z\u00e2mbia continuar\u00e3o a trabalhar no sentido e de rever o acordo que estabelece o Corredor de Desenvolvimento de Nacala e estabelecer um Secretariado Permanente para a dinamiza\u00e7\u00e3o daquela faixa.<\/p>\n<p style=\"text-align: justify;\">Malawi importa atrav\u00e9s dos Portos de Nacala e Beira produtos alimentares da primeira necessidade, fertilizantes, combust\u00edveis, material de constru\u00e7\u00e3o, entre outros. Tamb\u00e9m usa as infraestruturas ferro-portuarias de Nacala e Beira para exportar produtos agr\u00edcolas, como cereais, tabaco, entre outros.<\/p>\n<p style=\"text-align: justify;\">De Janeiro a Setembro deste ano, o Porto da Beira manuseou cerca de 182 mil contentores, dos quais 12 por cento do Malawi e cerca de 2.2 milh\u00f5es de toneladas de carga-geral, sendo nove por cento da carga malawiana.<\/p>\n<p style=\"text-align: justify;\">O Porto da Beira possui uma capacidade de 300 mil contentores e tr\u00eas milh\u00f5es de toneladas de carga-geral. Com os investimentos em curso, a capacidade vai crescer, nos pr\u00f3ximos anos, para 700 mil contentores e cerca de 4.5 milh\u00f5es de toneladas de carga-gersal, enquanto Nacala vai crescer de 100 mil contentores para 250 mil e disponibiliza\u00e7\u00e3o de 600 vag\u00f5es. (X)<\/p>","protected":false},"excerpt":{"rendered":"<p>A coopera\u00e7\u00e3o bilateral entre Mo\u00e7ambique e Malawi vai ser cada vez mais refor\u00e7ada no transporte de mercadorias, atrav\u00e9s dos Portos da Beira e Nacala, sobretudo no escoamento de 255 mil toneladas de fertilizante. O entendimento foi alcan\u00e7ado, s\u00e1bado \u00e0 noite, depois de prolongadas negocia\u00e7\u00f5es, na Beira, pelas delega\u00e7\u00f5es dos dois pa\u00edses chefiadas pelos respectivos Ministros dos Transportes.<\/p>","protected":false},"author":94,"featured_media":9245,"comment_status":"open","ping_status":"open","sticky":false,"template":"","format":"standard","meta":{"_acf_changed":false,"pgc_sgb_lightbox_settings":"","footnotes":""},"categories":[680],"tags":[],"class_list":["post-9247","post","type-post","status-publish","format-standard","has-post-thumbnail","hentry","category-noticias"],"acf":[],"yoast_head":"<!-- This site is optimized with the Yoast SEO plugin v26.5 - https:\/\/yoast.com\/wordpress\/plugins\/seo\/ -->\n<title>Mo\u00e7ambique e Malawi acordam dinamizar transporte de carga - CFM - Caminhos De Ferros de Mo\u00e7ambique<\/title>\n<meta name=\"robots\" content=\"index, follow, max-snippet:-1, max-image-preview:large, max-video-preview:-1\" \/>\n<link rel=\"canonical\" href=\"https:\/\/www.cfm.co.mz\/en\/2020\/11\/03\/mocambique-e-malawi-acordam-dinamizar-transporte-de-carga\/\" \/>\n<meta property=\"og:locale\" content=\"en_US\" \/>\n<meta property=\"og:type\" content=\"article\" \/>\n<meta property=\"og:title\" content=\"Mo\u00e7ambique e Malawi acordam dinamizar transporte de carga - CFM - Caminhos De Ferros de Mo\u00e7ambique\" \/>\n<meta property=\"og:description\" content=\"A coopera\u00e7\u00e3o bilateral entre Mo\u00e7ambique e Malawi vai ser cada vez mais refor\u00e7ada no transporte de mercadorias, atrav\u00e9s dos Portos da Beira e Nacala, sobretudo no escoamento de 255 mil toneladas de fertilizante. O entendimento foi alcan\u00e7ado, s\u00e1bado \u00e0 noite, depois de prolongadas negocia\u00e7\u00f5es, na Beira, pelas delega\u00e7\u00f5es dos dois pa\u00edses chefiadas pelos respectivos Ministros dos Transportes.\" \/>\n<meta property=\"og:url\" content=\"https:\/\/www.cfm.co.mz\/en\/2020\/11\/03\/mocambique-e-malawi-acordam-dinamizar-transporte-de-carga\/\" \/>\n<meta property=\"og:site_name\" content=\"CFM - Caminhos De Ferros de Mo\u00e7ambique\" \/>\n<meta property=\"article:publisher\" content=\"https:\/\/www.facebook.com\/CFMMoz\" \/>\n<meta property=\"article:published_time\" content=\"2020-11-03T13:46:44+00:00\" \/>\n<meta property=\"og:image\" content=\"https:\/\/www.cfm.co.mz\/wp-content\/uploads\/2020\/11\/Cooperacao_Moc_Malawi_1.jpg\" \/>\n\t<meta property=\"og:image:width\" content=\"1280\" \/>\n\t<meta property=\"og:image:height\" content=\"694\" \/>\n\t<meta property=\"og:image:type\" content=\"image\/jpeg\" \/>\n<meta name=\"author\" content=\"D\u00e9rcio Badru\" \/>\n<meta name=\"twitter:card\" content=\"summary_large_image\" \/>\n<meta name=\"twitter:label1\" content=\"Written by\" \/>\n\t<meta name=\"twitter:data1\" content=\"D\u00e9rcio Badru\" \/>\n\t<meta name=\"twitter:label2\" content=\"Est. reading time\" \/>\n\t<meta name=\"twitter:data2\" content=\"2 minutes\" \/>\n<script type=\"application\/ld+json\" class=\"yoast-schema-graph\">{\"@context\":\"https:\/\/schema.org\",\"@graph\":[{\"@type\":\"Article\",\"@id\":\"https:\/\/www.cfm.co.mz\/2020\/11\/03\/mocambique-e-malawi-acordam-dinamizar-transporte-de-carga\/#article\",\"isPartOf\":{\"@id\":\"https:\/\/www.cfm.co.mz\/2020\/11\/03\/mocambique-e-malawi-acordam-dinamizar-transporte-de-carga\/\"},\"author\":{\"name\":\"D\u00e9rcio Badru\",\"@id\":\"https:\/\/www.cfm.co.mz\/#\/schema\/person\/1bb663f3c59dc61900f6f9b1c2b53552\"},\"headline\":\"Mo\u00e7ambique e Malawi acordam dinamizar transporte de carga\",\"datePublished\":\"2020-11-03T13:46:44+00:00\",\"mainEntityOfPage\":{\"@id\":\"https:\/\/www.cfm.co.mz\/2020\/11\/03\/mocambique-e-malawi-acordam-dinamizar-transporte-de-carga\/\"},\"wordCount\":506,\"commentCount\":0,\"publisher\":{\"@id\":\"https:\/\/www.cfm.co.mz\/#organization\"},\"image\":{\"@id\":\"https:\/\/www.cfm.co.mz\/2020\/11\/03\/mocambique-e-malawi-acordam-dinamizar-transporte-de-carga\/#primaryimage\"},\"thumbnailUrl\":\"https:\/\/www.cfm.co.mz\/wp-content\/uploads\/2020\/11\/Cooperacao_Moc_Malawi_1.jpg\",\"articleSection\":[\"Noticias\"],\"inLanguage\":\"en-US\",\"potentialAction\":[{\"@type\":\"CommentAction\",\"name\":\"Comment\",\"target\":[\"https:\/\/www.cfm.co.mz\/2020\/11\/03\/mocambique-e-malawi-acordam-dinamizar-transporte-de-carga\/#respond\"]}]},{\"@type\":\"WebPage\",\"@id\":\"https:\/\/www.cfm.co.mz\/2020\/11\/03\/mocambique-e-malawi-acordam-dinamizar-transporte-de-carga\/\",\"url\":\"https:\/\/www.cfm.co.mz\/2020\/11\/03\/mocambique-e-malawi-acordam-dinamizar-transporte-de-carga\/\",\"name\":\"Mo\u00e7ambique e Malawi acordam dinamizar transporte de carga - CFM - Caminhos De Ferros de Mo\u00e7ambique\",\"isPartOf\":{\"@id\":\"https:\/\/www.cfm.co.mz\/#website\"},\"primaryImageOfPage\":{\"@id\":\"https:\/\/www.cfm.co.mz\/2020\/11\/03\/mocambique-e-malawi-acordam-dinamizar-transporte-de-carga\/#primaryimage\"},\"image\":{\"@id\":\"https:\/\/www.cfm.co.mz\/2020\/11\/03\/mocambique-e-malawi-acordam-dinamizar-transporte-de-carga\/#primaryimage\"},\"thumbnailUrl\":\"https:\/\/www.cfm.co.mz\/wp-content\/uploads\/2020\/11\/Cooperacao_Moc_Malawi_1.jpg\",\"datePublished\":\"2020-11-03T13:46:44+00:00\",\"breadcrumb\":{\"@id\":\"https:\/\/www.cfm.co.mz\/2020\/11\/03\/mocambique-e-malawi-acordam-dinamizar-transporte-de-carga\/#breadcrumb\"},\"inLanguage\":\"en-US\",\"potentialAction\":[{\"@type\":\"ReadAction\",\"target\":[\"https:\/\/www.cfm.co.mz\/2020\/11\/03\/mocambique-e-malawi-acordam-dinamizar-transporte-de-carga\/\"]}]},{\"@type\":\"ImageObject\",\"inLanguage\":\"en-US\",\"@id\":\"https:\/\/www.cfm.co.mz\/2020\/11\/03\/mocambique-e-malawi-acordam-dinamizar-transporte-de-carga\/#primaryimage\",\"url\":\"https:\/\/www.cfm.co.mz\/wp-content\/uploads\/2020\/11\/Cooperacao_Moc_Malawi_1.jpg\",\"contentUrl\":\"https:\/\/www.cfm.co.mz\/wp-content\/uploads\/2020\/11\/Cooperacao_Moc_Malawi_1.jpg\",\"width\":1280,\"height\":694,\"caption\":\"Cooperacao Moc Malawi 1\"},{\"@type\":\"BreadcrumbList\",\"@id\":\"https:\/\/www.cfm.co.mz\/2020\/11\/03\/mocambique-e-malawi-acordam-dinamizar-transporte-de-carga\/#breadcrumb\",\"itemListElement\":[{\"@type\":\"ListItem\",\"position\":1,\"name\":\"Home\",\"item\":\"https:\/\/www.cfm.co.mz\/\"},{\"@type\":\"ListItem\",\"position\":2,\"name\":\"Mo\u00e7ambique e Malawi acordam dinamizar transporte de carga\"}]},{\"@type\":\"WebSite\",\"@id\":\"https:\/\/www.cfm.co.mz\/#website\",\"url\":\"https:\/\/www.cfm.co.mz\/\",\"name\":\"CFM - Caminhos De Ferros de Mo\u00e7ambique\",\"description\":\"Ampliando Horizontes\",\"publisher\":{\"@id\":\"https:\/\/www.cfm.co.mz\/#organization\"},\"potentialAction\":[{\"@type\":\"SearchAction\",\"target\":{\"@type\":\"EntryPoint\",\"urlTemplate\":\"https:\/\/www.cfm.co.mz\/?s={search_term_string}\"},\"query-input\":{\"@type\":\"PropertyValueSpecification\",\"valueRequired\":true,\"valueName\":\"search_term_string\"}}],\"inLanguage\":\"en-US\"},{\"@type\":\"Organization\",\"@id\":\"https:\/\/www.cfm.co.mz\/#organization\",\"name\":\"CFM - Caminhos De Ferros de Mo\u00e7ambique\",\"url\":\"https:\/\/www.cfm.co.mz\/\",\"logo\":{\"@type\":\"ImageObject\",\"inLanguage\":\"en-US\",\"@id\":\"https:\/\/www.cfm.co.mz\/#\/schema\/logo\/image\/\",\"url\":\"https:\/\/www.cfm.co.mz\/wp-content\/uploads\/2025\/07\/be5f0679-4f5b-4d02-9719-a26ceed29162.jpg\",\"contentUrl\":\"https:\/\/www.cfm.co.mz\/wp-content\/uploads\/2025\/07\/be5f0679-4f5b-4d02-9719-a26ceed29162.jpg\",\"width\":400,\"height\":65,\"caption\":\"CFM - Caminhos De Ferros de Mo\u00e7ambique\"},\"image\":{\"@id\":\"https:\/\/www.cfm.co.mz\/#\/schema\/logo\/image\/\"},\"sameAs\":[\"https:\/\/www.facebook.com\/CFMMoz\",\"https:\/\/www.linkedin.com\/company\/caminhos-de-ferro-de-moambique\/\"]},{\"@type\":\"Person\",\"@id\":\"https:\/\/www.cfm.co.mz\/#\/schema\/person\/1bb663f3c59dc61900f6f9b1c2b53552\",\"name\":\"D\u00e9rcio Badru\",\"image\":{\"@type\":\"ImageObject\",\"inLanguage\":\"en-US\",\"@id\":\"https:\/\/www.cfm.co.mz\/#\/schema\/person\/image\/\",\"url\":\"https:\/\/www.cfm.co.mz\/wp-content\/litespeed\/avatar\/be89d6955942d7259ef76de4577d21b3.jpg?ver=1777454359\",\"contentUrl\":\"https:\/\/www.cfm.co.mz\/wp-content\/litespeed\/avatar\/be89d6955942d7259ef76de4577d21b3.jpg?ver=1777454359\",\"caption\":\"D\u00e9rcio Badru\"},\"url\":\"https:\/\/www.cfm.co.mz\/en\/author\/dercio\/\"}]}<\/script>\n<!-- \/ Yoast SEO plugin. -->","yoast_head_json":{"title":"Mo\u00e7ambique e Malawi acordam dinamizar transporte de carga - CFM - Caminhos De Ferros de Mo\u00e7ambique","robots":{"index":"index","follow":"follow","max-snippet":"max-snippet:-1","max-image-preview":"max-image-preview:large","max-video-preview":"max-video-preview:-1"},"canonical":"https:\/\/www.cfm.co.mz\/en\/2020\/11\/03\/mocambique-e-malawi-acordam-dinamizar-transporte-de-carga\/","og_locale":"en_US","og_type":"article","og_title":"Mo\u00e7ambique e Malawi acordam dinamizar transporte de carga - CFM - Caminhos De Ferros de Mo\u00e7ambique","og_description":"A coopera\u00e7\u00e3o bilateral entre Mo\u00e7ambique e Malawi vai ser cada vez mais refor\u00e7ada no transporte de mercadorias, atrav\u00e9s dos Portos da Beira e Nacala, sobretudo no escoamento de 255 mil toneladas de fertilizante. O entendimento foi alcan\u00e7ado, s\u00e1bado \u00e0 noite, depois de prolongadas negocia\u00e7\u00f5es, na Beira, pelas delega\u00e7\u00f5es dos dois pa\u00edses chefiadas pelos respectivos Ministros dos Transportes.","og_url":"https:\/\/www.cfm.co.mz\/en\/2020\/11\/03\/mocambique-e-malawi-acordam-dinamizar-transporte-de-carga\/","og_site_name":"CFM - Caminhos De Ferros de Mo\u00e7ambique","article_publisher":"https:\/\/www.facebook.com\/CFMMoz","article_published_time":"2020-11-03T13:46:44+00:00","og_image":[{"width":1280,"height":694,"url":"https:\/\/www.cfm.co.mz\/wp-content\/uploads\/2020\/11\/Cooperacao_Moc_Malawi_1.jpg","type":"image\/jpeg"}],"author":"D\u00e9rcio Badru","twitter_card":"summary_large_image","twitter_misc":{"Written by":"D\u00e9rcio Badru","Est. reading time":"2 minutes"},"schema":{"@context":"https:\/\/schema.org","@graph":[{"@type":"Article","@id":"https:\/\/www.cfm.co.mz\/2020\/11\/03\/mocambique-e-malawi-acordam-dinamizar-transporte-de-carga\/#article","isPartOf":{"@id":"https:\/\/www.cfm.co.mz\/2020\/11\/03\/mocambique-e-malawi-acordam-dinamizar-transporte-de-carga\/"},"author":{"name":"D\u00e9rcio Badru","@id":"https:\/\/www.cfm.co.mz\/#\/schema\/person\/1bb663f3c59dc61900f6f9b1c2b53552"},"headline":"Mo\u00e7ambique e Malawi acordam dinamizar transporte de carga","datePublished":"2020-11-03T13:46:44+00:00","mainEntityOfPage":{"@id":"https:\/\/www.cfm.co.mz\/2020\/11\/03\/mocambique-e-malawi-acordam-dinamizar-transporte-de-carga\/"},"wordCount":506,"commentCount":0,"publisher":{"@id":"https:\/\/www.cfm.co.mz\/#organization"},"image":{"@id":"https:\/\/www.cfm.co.mz\/2020\/11\/03\/mocambique-e-malawi-acordam-dinamizar-transporte-de-carga\/#primaryimage"},"thumbnailUrl":"https:\/\/www.cfm.co.mz\/wp-content\/uploads\/2020\/11\/Cooperacao_Moc_Malawi_1.jpg","articleSection":["Noticias"],"inLanguage":"en-US","potentialAction":[{"@type":"CommentAction","name":"Comment","target":["https:\/\/www.cfm.co.mz\/2020\/11\/03\/mocambique-e-malawi-acordam-dinamizar-transporte-de-carga\/#respond"]}]},{"@type":"WebPage","@id":"https:\/\/www.cfm.co.mz\/2020\/11\/03\/mocambique-e-malawi-acordam-dinamizar-transporte-de-carga\/","url":"https:\/\/www.cfm.co.mz\/2020\/11\/03\/mocambique-e-malawi-acordam-dinamizar-transporte-de-carga\/","name":"Mo\u00e7ambique e Malawi acordam dinamizar transporte de carga - CFM - Caminhos De Ferros de Mo\u00e7ambique","isPartOf":{"@id":"https:\/\/www.cfm.co.mz\/#website"},"primaryImageOfPage":{"@id":"https:\/\/www.cfm.co.mz\/2020\/11\/03\/mocambique-e-malawi-acordam-dinamizar-transporte-de-carga\/#primaryimage"},"image":{"@id":"https:\/\/www.cfm.co.mz\/2020\/11\/03\/mocambique-e-malawi-acordam-dinamizar-transporte-de-carga\/#primaryimage"},"thumbnailUrl":"https:\/\/www.cfm.co.mz\/wp-content\/uploads\/2020\/11\/Cooperacao_Moc_Malawi_1.jpg","datePublished":"2020-11-03T13:46:44+00:00","breadcrumb":{"@id":"https:\/\/www.cfm.co.mz\/2020\/11\/03\/mocambique-e-malawi-acordam-dinamizar-transporte-de-carga\/#breadcrumb"},"inLanguage":"en-US","potentialAction":[{"@type":"ReadAction","target":["https:\/\/www.cfm.co.mz\/2020\/11\/03\/mocambique-e-malawi-acordam-dinamizar-transporte-de-carga\/"]}]},{"@type":"ImageObject","inLanguage":"en-US","@id":"https:\/\/www.cfm.co.mz\/2020\/11\/03\/mocambique-e-malawi-acordam-dinamizar-transporte-de-carga\/#primaryimage","url":"https:\/\/www.cfm.co.mz\/wp-content\/uploads\/2020\/11\/Cooperacao_Moc_Malawi_1.jpg","contentUrl":"https:\/\/www.cfm.co.mz\/wp-content\/uploads\/2020\/11\/Cooperacao_Moc_Malawi_1.jpg","width":1280,"height":694,"caption":"Cooperacao Moc Malawi 1"},{"@type":"BreadcrumbList","@id":"https:\/\/www.cfm.co.mz\/2020\/11\/03\/mocambique-e-malawi-acordam-dinamizar-transporte-de-carga\/#breadcrumb","itemListElement":[{"@type":"ListItem","position":1,"name":"Home","item":"https:\/\/www.cfm.co.mz\/"},{"@type":"ListItem","position":2,"name":"Mo\u00e7ambique e Malawi acordam dinamizar transporte de carga"}]},{"@type":"WebSite","@id":"https:\/\/www.cfm.co.mz\/#website","url":"https:\/\/www.cfm.co.mz\/","name":"CFM - Caminhos De Ferros de Mo\u00e7ambique","description":"Ampliando Horizontes","publisher":{"@id":"https:\/\/www.cfm.co.mz\/#organization"},"potentialAction":[{"@type":"SearchAction","target":{"@type":"EntryPoint","urlTemplate":"https:\/\/www.cfm.co.mz\/?s={search_term_string}"},"query-input":{"@type":"PropertyValueSpecification","valueRequired":true,"valueName":"search_term_string"}}],"inLanguage":"en-US"},{"@type":"Organization","@id":"https:\/\/www.cfm.co.mz\/#organization","name":"CFM - Caminhos De Ferros de Mo\u00e7ambique","url":"https:\/\/www.cfm.co.mz\/","logo":{"@type":"ImageObject","inLanguage":"en-US","@id":"https:\/\/www.cfm.co.mz\/#\/schema\/logo\/image\/","url":"https:\/\/www.cfm.co.mz\/wp-content\/uploads\/2025\/07\/be5f0679-4f5b-4d02-9719-a26ceed29162.jpg","contentUrl":"https:\/\/www.cfm.co.mz\/wp-content\/uploads\/2025\/07\/be5f0679-4f5b-4d02-9719-a26ceed29162.jpg","width":400,"height":65,"caption":"CFM - Caminhos De Ferros de Mo\u00e7ambique"},"image":{"@id":"https:\/\/www.cfm.co.mz\/#\/schema\/logo\/image\/"},"sameAs":["https:\/\/www.facebook.com\/CFMMoz","https:\/\/www.linkedin.com\/company\/caminhos-de-ferro-de-moambique\/"]},{"@type":"Person","@id":"https:\/\/www.cfm.co.mz\/#\/schema\/person\/1bb663f3c59dc61900f6f9b1c2b53552","name":"D\u00e9rcio Badru","image":{"@type":"ImageObject","inLanguage":"en-US","@id":"https:\/\/www.cfm.co.mz\/#\/schema\/person\/image\/","url":"https:\/\/www.cfm.co.mz\/wp-content\/litespeed\/avatar\/be89d6955942d7259ef76de4577d21b3.jpg?ver=1777454359","contentUrl":"https:\/\/www.cfm.co.mz\/wp-content\/litespeed\/avatar\/be89d6955942d7259ef76de4577d21b3.jpg?ver=1777454359","caption":"D\u00e9rcio Badru"},"url":"https:\/\/www.cfm.co.mz\/en\/author\/dercio\/"}]}},"_links":{"self":[{"href":"https:\/\/www.cfm.co.mz\/en\/wp-json\/wp\/v2\/posts\/9247","targetHints":{"allow":["GET"]}}],"collection":[{"href":"https:\/\/www.cfm.co.mz\/en\/wp-json\/wp\/v2\/posts"}],"about":[{"href":"https:\/\/www.cfm.co.mz\/en\/wp-json\/wp\/v2\/types\/post"}],"author":[{"embeddable":true,"href":"https:\/\/www.cfm.co.mz\/en\/wp-json\/wp\/v2\/users\/94"}],"replies":[{"embeddable":true,"href":"https:\/\/www.cfm.co.mz\/en\/wp-json\/wp\/v2\/comments?post=9247"}],"version-history":[{"count":0,"href":"https:\/\/www.cfm.co.mz\/en\/wp-json\/wp\/v2\/posts\/9247\/revisions"}],"wp:featuredmedia":[{"embeddable":true,"href":"https:\/\/www.cfm.co.mz\/en\/wp-json\/wp\/v2\/media\/9245"}],"wp:attachment":[{"href":"https:\/\/www.cfm.co.mz\/en\/wp-json\/wp\/v2\/media?parent=9247"}],"wp:term":[{"taxonomy":"category","embeddable":true,"href":"https:\/\/www.cfm.co.mz\/en\/wp-json\/wp\/v2\/categories?post=9247"},{"taxonomy":"post_tag","embeddable":true,"href":"https:\/\/www.cfm.co.mz\/en\/wp-json\/wp\/v2\/tags?post=9247"}],"curies":[{"name":"wp","href":"https:\/\/api.w.org\/{rel}","templated":true}]}}