{"id":9241,"date":"2020-10-27T17:26:21","date_gmt":"2020-10-27T17:26:21","guid":{"rendered":"https:\/\/www.cfm.co.mz\/2020\/10\/27\/presidente-da-aplop-reune-com-a-associacao-dos-operadores-portuarios-de-mocambique\/"},"modified":"2020-10-27T17:26:21","modified_gmt":"2020-10-27T17:26:21","slug":"presidente-da-aplop-reune-com-a-associacao-dos-operadores-portuarios-de-mocambique","status":"publish","type":"post","link":"https:\/\/www.cfm.co.mz\/en\/2020\/10\/27\/presidente-da-aplop-reune-com-a-associacao-dos-operadores-portuarios-de-mocambique\/","title":{"rendered":"Presidente da APLOP re\u00fane com a Associa\u00e7\u00e3o dos Operadores Portu\u00e1rios de Mo\u00e7ambique"},"content":{"rendered":"<p style=\"text-align: justify;\"><a href=\"http:\/\/www.cfm.co.mz\/wp-content\/uploads\/2020\/10\/PCA_APLOP_2019.jpg\" type=\"image\/jpeg\" class=\"jcepopup zoom-bottom-right\" data-mediabox-caption=\"Presidente da APLOP, Eng. Miguel Jos\u00e9 Matabel\" data-mediabox-height=\"600\" data-mediabox-width=\"800\" data-mediabox=\"1\"><img decoding=\"async\" src=\"http:\/\/www.cfm.co.mz\/wp-content\/uploads\/2020\/10\/PCA_APLOP_2019.jpg\" alt=\"PCA APLOP 2019\" width=\"250\" style=\"margin: 10px; float: left;\" \/><\/a>O Presidente da Associa\u00e7\u00e3o dos Portos de L\u00edngua Portuguesa (APLOP), Eng. Miguel Jos\u00e9 Matabel, reuniu (por meio virtual), na passada 6\u00aa feira, 23 de Outubro de 2020, com a Associa\u00e7\u00e3o dos Operadores Portu\u00e1rios de Mo\u00e7ambique (AOPM) para, dentre v\u00e1rios assuntos, discutir os mecanismos da retoma da execu\u00e7\u00e3o do Plano de Actividades da APLOP elaborado para o Mandato 2019-2021.<\/p>\n<p><!--more--><\/p>\n<p style=\"text-align: justify;\">Participaram do encontro, para al\u00e9m do Dr. Fernando Couto, Presidente daquela Associa\u00e7\u00e3o, as Concession\u00e1rias Cornelder de Mo\u00e7ambique e MPDC, bem como os gestores dos Portos de Nacala e Matola, que est\u00e3o sob&nbsp;\u00e0 gest\u00e3o do CFM.<\/p>\n<p style=\"text-align: justify;\">Na ocasi\u00e3o o Eng. Matabel explicou a import\u00e2ncia da ades\u00e3o dos Operadores Portu\u00e1rios de Mo\u00e7ambique ao projecto APLOP, cuja actividade da certifica\u00e7\u00e3o da marca APLOP se apresenta uma grande valia para os Pa\u00edses membros, na medida em que, para al\u00e9m da uniformiza\u00e7\u00e3o de procedimentos,&nbsp;permitir\u00e1 uma maior e melhor presta\u00e7\u00e3o de servi\u00e7os aos clientes nos padr\u00f5es internacionalmente aceites.<\/p>\n<p style=\"text-align: justify;\">Por seu turno, o Dr. Fernando Couto mostrou-se aberto a colaborar com a APLOP e prometeu tudo fazer para que todos os Operadores Portu\u00e1rios de Mo\u00e7ambique possam aderir \u00e0 APLOP, facto confirmado pelos representantes da Cornelder de Mo\u00e7ambique e do MPDC, que se mostraram \u201cabertos a colaborar no fornecimento de dados que ir\u00e3o compor o Estudo de Mercado dos Pa\u00edses da CPLP\u201d, estudo esse que est\u00e1 a ser coordenado pelo CFM na qualidade de Presidente em exerc\u00edcio da APLOP.<\/p>\n<p>Recorde-se que Miguel Matabel assumiu a presid\u00eancia da APLOP no \u00faltimo Congresso desta associa\u00e7\u00e3o, realizada em Mar\u00e7o de 2019, em Maputo.<\/p>\n<p>A APLOP tem como principal objectivo assegurar a defesa e a promo\u00e7\u00e3o dos interesses dos seus associados e contribuir para o desenvolvimento e moderniza\u00e7\u00e3o dos seus portos.<\/p>","protected":false},"excerpt":{"rendered":"<p>O Presidente da Associa\u00e7\u00e3o dos Portos de L\u00edngua Portuguesa (APLOP), Eng. Miguel Jos\u00e9 Matabel, reuniu (por meio virtual), na passada 6\u00aa feira, 23 de Outubro de 2020, com a Associa\u00e7\u00e3o dos Operadores Portu\u00e1rios de Mo\u00e7ambique (AOPM) para, dentre v\u00e1rios assuntos, discutir os mecanismos da retoma da execu\u00e7\u00e3o do Plano de Actividades da APLOP elaborado para o Mandato 2019-2021.<\/p>","protected":false},"author":94,"featured_media":9234,"comment_status":"open","ping_status":"open","sticky":false,"template":"","format":"standard","meta":{"_acf_changed":false,"pgc_sgb_lightbox_settings":"","footnotes":""},"categories":[680],"tags":[],"class_list":["post-9241","post","type-post","status-publish","format-standard","has-post-thumbnail","hentry","category-noticias"],"acf":[],"yoast_head":"<!-- This site is optimized with the Yoast SEO plugin v26.5 - https:\/\/yoast.com\/wordpress\/plugins\/seo\/ -->\n<title>Presidente da APLOP re\u00fane com a Associa\u00e7\u00e3o dos Operadores Portu\u00e1rios de Mo\u00e7ambique - CFM - Caminhos De Ferros de Mo\u00e7ambique<\/title>\n<meta name=\"robots\" content=\"index, follow, max-snippet:-1, max-image-preview:large, max-video-preview:-1\" \/>\n<link rel=\"canonical\" href=\"https:\/\/www.cfm.co.mz\/en\/2020\/10\/27\/presidente-da-aplop-reune-com-a-associacao-dos-operadores-portuarios-de-mocambique\/\" \/>\n<meta property=\"og:locale\" content=\"en_US\" \/>\n<meta property=\"og:type\" content=\"article\" \/>\n<meta property=\"og:title\" content=\"Presidente da APLOP re\u00fane com a Associa\u00e7\u00e3o dos Operadores Portu\u00e1rios de Mo\u00e7ambique - CFM - Caminhos De Ferros de Mo\u00e7ambique\" \/>\n<meta property=\"og:description\" content=\"O Presidente da Associa\u00e7\u00e3o dos Portos de L\u00edngua Portuguesa (APLOP), Eng. Miguel Jos\u00e9 Matabel, reuniu (por meio virtual), na passada 6\u00aa feira, 23 de Outubro de 2020, com a Associa\u00e7\u00e3o dos Operadores Portu\u00e1rios de Mo\u00e7ambique (AOPM) para, dentre v\u00e1rios assuntos, discutir os mecanismos da retoma da execu\u00e7\u00e3o do Plano de Actividades da APLOP elaborado para o Mandato 2019-2021.\" \/>\n<meta property=\"og:url\" content=\"https:\/\/www.cfm.co.mz\/en\/2020\/10\/27\/presidente-da-aplop-reune-com-a-associacao-dos-operadores-portuarios-de-mocambique\/\" \/>\n<meta property=\"og:site_name\" content=\"CFM - Caminhos De Ferros de Mo\u00e7ambique\" \/>\n<meta property=\"article:publisher\" content=\"https:\/\/www.facebook.com\/CFMMoz\" \/>\n<meta property=\"article:published_time\" content=\"2020-10-27T17:26:21+00:00\" \/>\n<meta property=\"og:image\" content=\"https:\/\/www.cfm.co.mz\/wp-content\/uploads\/2020\/10\/PCA_APLOP_2019-scaled.jpg\" \/>\n\t<meta property=\"og:image:width\" content=\"2560\" \/>\n\t<meta property=\"og:image:height\" content=\"1707\" \/>\n\t<meta property=\"og:image:type\" content=\"image\/jpeg\" \/>\n<meta name=\"author\" content=\"D\u00e9rcio Badru\" \/>\n<meta name=\"twitter:card\" content=\"summary_large_image\" \/>\n<meta name=\"twitter:label1\" content=\"Written by\" \/>\n\t<meta name=\"twitter:data1\" content=\"D\u00e9rcio Badru\" \/>\n\t<meta name=\"twitter:label2\" content=\"Est. reading time\" \/>\n\t<meta name=\"twitter:data2\" content=\"2 minutes\" \/>\n<script type=\"application\/ld+json\" class=\"yoast-schema-graph\">{\"@context\":\"https:\/\/schema.org\",\"@graph\":[{\"@type\":\"Article\",\"@id\":\"https:\/\/www.cfm.co.mz\/2020\/10\/27\/presidente-da-aplop-reune-com-a-associacao-dos-operadores-portuarios-de-mocambique\/#article\",\"isPartOf\":{\"@id\":\"https:\/\/www.cfm.co.mz\/2020\/10\/27\/presidente-da-aplop-reune-com-a-associacao-dos-operadores-portuarios-de-mocambique\/\"},\"author\":{\"name\":\"D\u00e9rcio Badru\",\"@id\":\"https:\/\/www.cfm.co.mz\/#\/schema\/person\/1bb663f3c59dc61900f6f9b1c2b53552\"},\"headline\":\"Presidente da APLOP re\u00fane com a Associa\u00e7\u00e3o dos Operadores Portu\u00e1rios de Mo\u00e7ambique\",\"datePublished\":\"2020-10-27T17:26:21+00:00\",\"mainEntityOfPage\":{\"@id\":\"https:\/\/www.cfm.co.mz\/2020\/10\/27\/presidente-da-aplop-reune-com-a-associacao-dos-operadores-portuarios-de-mocambique\/\"},\"wordCount\":327,\"commentCount\":0,\"publisher\":{\"@id\":\"https:\/\/www.cfm.co.mz\/#organization\"},\"image\":{\"@id\":\"https:\/\/www.cfm.co.mz\/2020\/10\/27\/presidente-da-aplop-reune-com-a-associacao-dos-operadores-portuarios-de-mocambique\/#primaryimage\"},\"thumbnailUrl\":\"https:\/\/www.cfm.co.mz\/wp-content\/uploads\/2020\/10\/PCA_APLOP_2019-scaled.jpg\",\"articleSection\":[\"Noticias\"],\"inLanguage\":\"en-US\",\"potentialAction\":[{\"@type\":\"CommentAction\",\"name\":\"Comment\",\"target\":[\"https:\/\/www.cfm.co.mz\/2020\/10\/27\/presidente-da-aplop-reune-com-a-associacao-dos-operadores-portuarios-de-mocambique\/#respond\"]}]},{\"@type\":\"WebPage\",\"@id\":\"https:\/\/www.cfm.co.mz\/2020\/10\/27\/presidente-da-aplop-reune-com-a-associacao-dos-operadores-portuarios-de-mocambique\/\",\"url\":\"https:\/\/www.cfm.co.mz\/2020\/10\/27\/presidente-da-aplop-reune-com-a-associacao-dos-operadores-portuarios-de-mocambique\/\",\"name\":\"Presidente da APLOP re\u00fane com a Associa\u00e7\u00e3o dos Operadores Portu\u00e1rios de Mo\u00e7ambique - CFM - Caminhos De Ferros de Mo\u00e7ambique\",\"isPartOf\":{\"@id\":\"https:\/\/www.cfm.co.mz\/#website\"},\"primaryImageOfPage\":{\"@id\":\"https:\/\/www.cfm.co.mz\/2020\/10\/27\/presidente-da-aplop-reune-com-a-associacao-dos-operadores-portuarios-de-mocambique\/#primaryimage\"},\"image\":{\"@id\":\"https:\/\/www.cfm.co.mz\/2020\/10\/27\/presidente-da-aplop-reune-com-a-associacao-dos-operadores-portuarios-de-mocambique\/#primaryimage\"},\"thumbnailUrl\":\"https:\/\/www.cfm.co.mz\/wp-content\/uploads\/2020\/10\/PCA_APLOP_2019-scaled.jpg\",\"datePublished\":\"2020-10-27T17:26:21+00:00\",\"breadcrumb\":{\"@id\":\"https:\/\/www.cfm.co.mz\/2020\/10\/27\/presidente-da-aplop-reune-com-a-associacao-dos-operadores-portuarios-de-mocambique\/#breadcrumb\"},\"inLanguage\":\"en-US\",\"potentialAction\":[{\"@type\":\"ReadAction\",\"target\":[\"https:\/\/www.cfm.co.mz\/2020\/10\/27\/presidente-da-aplop-reune-com-a-associacao-dos-operadores-portuarios-de-mocambique\/\"]}]},{\"@type\":\"ImageObject\",\"inLanguage\":\"en-US\",\"@id\":\"https:\/\/www.cfm.co.mz\/2020\/10\/27\/presidente-da-aplop-reune-com-a-associacao-dos-operadores-portuarios-de-mocambique\/#primaryimage\",\"url\":\"https:\/\/www.cfm.co.mz\/wp-content\/uploads\/2020\/10\/PCA_APLOP_2019-scaled.jpg\",\"contentUrl\":\"https:\/\/www.cfm.co.mz\/wp-content\/uploads\/2020\/10\/PCA_APLOP_2019-scaled.jpg\",\"width\":2560,\"height\":1707,\"caption\":\"PCA APLOP 2019\"},{\"@type\":\"BreadcrumbList\",\"@id\":\"https:\/\/www.cfm.co.mz\/2020\/10\/27\/presidente-da-aplop-reune-com-a-associacao-dos-operadores-portuarios-de-mocambique\/#breadcrumb\",\"itemListElement\":[{\"@type\":\"ListItem\",\"position\":1,\"name\":\"Home\",\"item\":\"https:\/\/www.cfm.co.mz\/\"},{\"@type\":\"ListItem\",\"position\":2,\"name\":\"Presidente da APLOP re\u00fane com a Associa\u00e7\u00e3o dos Operadores Portu\u00e1rios de Mo\u00e7ambique\"}]},{\"@type\":\"WebSite\",\"@id\":\"https:\/\/www.cfm.co.mz\/#website\",\"url\":\"https:\/\/www.cfm.co.mz\/\",\"name\":\"CFM - Caminhos De Ferros de Mo\u00e7ambique\",\"description\":\"Ampliando Horizontes\",\"publisher\":{\"@id\":\"https:\/\/www.cfm.co.mz\/#organization\"},\"potentialAction\":[{\"@type\":\"SearchAction\",\"target\":{\"@type\":\"EntryPoint\",\"urlTemplate\":\"https:\/\/www.cfm.co.mz\/?s={search_term_string}\"},\"query-input\":{\"@type\":\"PropertyValueSpecification\",\"valueRequired\":true,\"valueName\":\"search_term_string\"}}],\"inLanguage\":\"en-US\"},{\"@type\":\"Organization\",\"@id\":\"https:\/\/www.cfm.co.mz\/#organization\",\"name\":\"CFM - Caminhos De Ferros de Mo\u00e7ambique\",\"url\":\"https:\/\/www.cfm.co.mz\/\",\"logo\":{\"@type\":\"ImageObject\",\"inLanguage\":\"en-US\",\"@id\":\"https:\/\/www.cfm.co.mz\/#\/schema\/logo\/image\/\",\"url\":\"https:\/\/www.cfm.co.mz\/wp-content\/uploads\/2025\/07\/be5f0679-4f5b-4d02-9719-a26ceed29162.jpg\",\"contentUrl\":\"https:\/\/www.cfm.co.mz\/wp-content\/uploads\/2025\/07\/be5f0679-4f5b-4d02-9719-a26ceed29162.jpg\",\"width\":400,\"height\":65,\"caption\":\"CFM - Caminhos De Ferros de Mo\u00e7ambique\"},\"image\":{\"@id\":\"https:\/\/www.cfm.co.mz\/#\/schema\/logo\/image\/\"},\"sameAs\":[\"https:\/\/www.facebook.com\/CFMMoz\",\"https:\/\/www.linkedin.com\/company\/caminhos-de-ferro-de-moambique\/\"]},{\"@type\":\"Person\",\"@id\":\"https:\/\/www.cfm.co.mz\/#\/schema\/person\/1bb663f3c59dc61900f6f9b1c2b53552\",\"name\":\"D\u00e9rcio Badru\",\"image\":{\"@type\":\"ImageObject\",\"inLanguage\":\"en-US\",\"@id\":\"https:\/\/www.cfm.co.mz\/#\/schema\/person\/image\/\",\"url\":\"https:\/\/www.cfm.co.mz\/wp-content\/litespeed\/avatar\/be89d6955942d7259ef76de4577d21b3.jpg?ver=1777454359\",\"contentUrl\":\"https:\/\/www.cfm.co.mz\/wp-content\/litespeed\/avatar\/be89d6955942d7259ef76de4577d21b3.jpg?ver=1777454359\",\"caption\":\"D\u00e9rcio Badru\"},\"url\":\"https:\/\/www.cfm.co.mz\/en\/author\/dercio\/\"}]}<\/script>\n<!-- \/ Yoast SEO plugin. -->","yoast_head_json":{"title":"Presidente da APLOP re\u00fane com a Associa\u00e7\u00e3o dos Operadores Portu\u00e1rios de Mo\u00e7ambique - CFM - Caminhos De Ferros de Mo\u00e7ambique","robots":{"index":"index","follow":"follow","max-snippet":"max-snippet:-1","max-image-preview":"max-image-preview:large","max-video-preview":"max-video-preview:-1"},"canonical":"https:\/\/www.cfm.co.mz\/en\/2020\/10\/27\/presidente-da-aplop-reune-com-a-associacao-dos-operadores-portuarios-de-mocambique\/","og_locale":"en_US","og_type":"article","og_title":"Presidente da APLOP re\u00fane com a Associa\u00e7\u00e3o dos Operadores Portu\u00e1rios de Mo\u00e7ambique - CFM - Caminhos De Ferros de Mo\u00e7ambique","og_description":"O Presidente da Associa\u00e7\u00e3o dos Portos de L\u00edngua Portuguesa (APLOP), Eng. Miguel Jos\u00e9 Matabel, reuniu (por meio virtual), na passada 6\u00aa feira, 23 de Outubro de 2020, com a Associa\u00e7\u00e3o dos Operadores Portu\u00e1rios de Mo\u00e7ambique (AOPM) para, dentre v\u00e1rios assuntos, discutir os mecanismos da retoma da execu\u00e7\u00e3o do Plano de Actividades da APLOP elaborado para o Mandato 2019-2021.","og_url":"https:\/\/www.cfm.co.mz\/en\/2020\/10\/27\/presidente-da-aplop-reune-com-a-associacao-dos-operadores-portuarios-de-mocambique\/","og_site_name":"CFM - Caminhos De Ferros de Mo\u00e7ambique","article_publisher":"https:\/\/www.facebook.com\/CFMMoz","article_published_time":"2020-10-27T17:26:21+00:00","og_image":[{"width":2560,"height":1707,"url":"https:\/\/www.cfm.co.mz\/wp-content\/uploads\/2020\/10\/PCA_APLOP_2019-scaled.jpg","type":"image\/jpeg"}],"author":"D\u00e9rcio Badru","twitter_card":"summary_large_image","twitter_misc":{"Written by":"D\u00e9rcio Badru","Est. reading time":"2 minutes"},"schema":{"@context":"https:\/\/schema.org","@graph":[{"@type":"Article","@id":"https:\/\/www.cfm.co.mz\/2020\/10\/27\/presidente-da-aplop-reune-com-a-associacao-dos-operadores-portuarios-de-mocambique\/#article","isPartOf":{"@id":"https:\/\/www.cfm.co.mz\/2020\/10\/27\/presidente-da-aplop-reune-com-a-associacao-dos-operadores-portuarios-de-mocambique\/"},"author":{"name":"D\u00e9rcio Badru","@id":"https:\/\/www.cfm.co.mz\/#\/schema\/person\/1bb663f3c59dc61900f6f9b1c2b53552"},"headline":"Presidente da APLOP re\u00fane com a Associa\u00e7\u00e3o dos Operadores Portu\u00e1rios de Mo\u00e7ambique","datePublished":"2020-10-27T17:26:21+00:00","mainEntityOfPage":{"@id":"https:\/\/www.cfm.co.mz\/2020\/10\/27\/presidente-da-aplop-reune-com-a-associacao-dos-operadores-portuarios-de-mocambique\/"},"wordCount":327,"commentCount":0,"publisher":{"@id":"https:\/\/www.cfm.co.mz\/#organization"},"image":{"@id":"https:\/\/www.cfm.co.mz\/2020\/10\/27\/presidente-da-aplop-reune-com-a-associacao-dos-operadores-portuarios-de-mocambique\/#primaryimage"},"thumbnailUrl":"https:\/\/www.cfm.co.mz\/wp-content\/uploads\/2020\/10\/PCA_APLOP_2019-scaled.jpg","articleSection":["Noticias"],"inLanguage":"en-US","potentialAction":[{"@type":"CommentAction","name":"Comment","target":["https:\/\/www.cfm.co.mz\/2020\/10\/27\/presidente-da-aplop-reune-com-a-associacao-dos-operadores-portuarios-de-mocambique\/#respond"]}]},{"@type":"WebPage","@id":"https:\/\/www.cfm.co.mz\/2020\/10\/27\/presidente-da-aplop-reune-com-a-associacao-dos-operadores-portuarios-de-mocambique\/","url":"https:\/\/www.cfm.co.mz\/2020\/10\/27\/presidente-da-aplop-reune-com-a-associacao-dos-operadores-portuarios-de-mocambique\/","name":"Presidente da APLOP re\u00fane com a Associa\u00e7\u00e3o dos Operadores Portu\u00e1rios de Mo\u00e7ambique - CFM - Caminhos De Ferros de Mo\u00e7ambique","isPartOf":{"@id":"https:\/\/www.cfm.co.mz\/#website"},"primaryImageOfPage":{"@id":"https:\/\/www.cfm.co.mz\/2020\/10\/27\/presidente-da-aplop-reune-com-a-associacao-dos-operadores-portuarios-de-mocambique\/#primaryimage"},"image":{"@id":"https:\/\/www.cfm.co.mz\/2020\/10\/27\/presidente-da-aplop-reune-com-a-associacao-dos-operadores-portuarios-de-mocambique\/#primaryimage"},"thumbnailUrl":"https:\/\/www.cfm.co.mz\/wp-content\/uploads\/2020\/10\/PCA_APLOP_2019-scaled.jpg","datePublished":"2020-10-27T17:26:21+00:00","breadcrumb":{"@id":"https:\/\/www.cfm.co.mz\/2020\/10\/27\/presidente-da-aplop-reune-com-a-associacao-dos-operadores-portuarios-de-mocambique\/#breadcrumb"},"inLanguage":"en-US","potentialAction":[{"@type":"ReadAction","target":["https:\/\/www.cfm.co.mz\/2020\/10\/27\/presidente-da-aplop-reune-com-a-associacao-dos-operadores-portuarios-de-mocambique\/"]}]},{"@type":"ImageObject","inLanguage":"en-US","@id":"https:\/\/www.cfm.co.mz\/2020\/10\/27\/presidente-da-aplop-reune-com-a-associacao-dos-operadores-portuarios-de-mocambique\/#primaryimage","url":"https:\/\/www.cfm.co.mz\/wp-content\/uploads\/2020\/10\/PCA_APLOP_2019-scaled.jpg","contentUrl":"https:\/\/www.cfm.co.mz\/wp-content\/uploads\/2020\/10\/PCA_APLOP_2019-scaled.jpg","width":2560,"height":1707,"caption":"PCA APLOP 2019"},{"@type":"BreadcrumbList","@id":"https:\/\/www.cfm.co.mz\/2020\/10\/27\/presidente-da-aplop-reune-com-a-associacao-dos-operadores-portuarios-de-mocambique\/#breadcrumb","itemListElement":[{"@type":"ListItem","position":1,"name":"Home","item":"https:\/\/www.cfm.co.mz\/"},{"@type":"ListItem","position":2,"name":"Presidente da APLOP re\u00fane com a Associa\u00e7\u00e3o dos Operadores Portu\u00e1rios de Mo\u00e7ambique"}]},{"@type":"WebSite","@id":"https:\/\/www.cfm.co.mz\/#website","url":"https:\/\/www.cfm.co.mz\/","name":"CFM - Caminhos De Ferros de Mo\u00e7ambique","description":"Ampliando Horizontes","publisher":{"@id":"https:\/\/www.cfm.co.mz\/#organization"},"potentialAction":[{"@type":"SearchAction","target":{"@type":"EntryPoint","urlTemplate":"https:\/\/www.cfm.co.mz\/?s={search_term_string}"},"query-input":{"@type":"PropertyValueSpecification","valueRequired":true,"valueName":"search_term_string"}}],"inLanguage":"en-US"},{"@type":"Organization","@id":"https:\/\/www.cfm.co.mz\/#organization","name":"CFM - Caminhos De Ferros de Mo\u00e7ambique","url":"https:\/\/www.cfm.co.mz\/","logo":{"@type":"ImageObject","inLanguage":"en-US","@id":"https:\/\/www.cfm.co.mz\/#\/schema\/logo\/image\/","url":"https:\/\/www.cfm.co.mz\/wp-content\/uploads\/2025\/07\/be5f0679-4f5b-4d02-9719-a26ceed29162.jpg","contentUrl":"https:\/\/www.cfm.co.mz\/wp-content\/uploads\/2025\/07\/be5f0679-4f5b-4d02-9719-a26ceed29162.jpg","width":400,"height":65,"caption":"CFM - Caminhos De Ferros de Mo\u00e7ambique"},"image":{"@id":"https:\/\/www.cfm.co.mz\/#\/schema\/logo\/image\/"},"sameAs":["https:\/\/www.facebook.com\/CFMMoz","https:\/\/www.linkedin.com\/company\/caminhos-de-ferro-de-moambique\/"]},{"@type":"Person","@id":"https:\/\/www.cfm.co.mz\/#\/schema\/person\/1bb663f3c59dc61900f6f9b1c2b53552","name":"D\u00e9rcio Badru","image":{"@type":"ImageObject","inLanguage":"en-US","@id":"https:\/\/www.cfm.co.mz\/#\/schema\/person\/image\/","url":"https:\/\/www.cfm.co.mz\/wp-content\/litespeed\/avatar\/be89d6955942d7259ef76de4577d21b3.jpg?ver=1777454359","contentUrl":"https:\/\/www.cfm.co.mz\/wp-content\/litespeed\/avatar\/be89d6955942d7259ef76de4577d21b3.jpg?ver=1777454359","caption":"D\u00e9rcio Badru"},"url":"https:\/\/www.cfm.co.mz\/en\/author\/dercio\/"}]}},"_links":{"self":[{"href":"https:\/\/www.cfm.co.mz\/en\/wp-json\/wp\/v2\/posts\/9241","targetHints":{"allow":["GET"]}}],"collection":[{"href":"https:\/\/www.cfm.co.mz\/en\/wp-json\/wp\/v2\/posts"}],"about":[{"href":"https:\/\/www.cfm.co.mz\/en\/wp-json\/wp\/v2\/types\/post"}],"author":[{"embeddable":true,"href":"https:\/\/www.cfm.co.mz\/en\/wp-json\/wp\/v2\/users\/94"}],"replies":[{"embeddable":true,"href":"https:\/\/www.cfm.co.mz\/en\/wp-json\/wp\/v2\/comments?post=9241"}],"version-history":[{"count":0,"href":"https:\/\/www.cfm.co.mz\/en\/wp-json\/wp\/v2\/posts\/9241\/revisions"}],"wp:featuredmedia":[{"embeddable":true,"href":"https:\/\/www.cfm.co.mz\/en\/wp-json\/wp\/v2\/media\/9234"}],"wp:attachment":[{"href":"https:\/\/www.cfm.co.mz\/en\/wp-json\/wp\/v2\/media?parent=9241"}],"wp:term":[{"taxonomy":"category","embeddable":true,"href":"https:\/\/www.cfm.co.mz\/en\/wp-json\/wp\/v2\/categories?post=9241"},{"taxonomy":"post_tag","embeddable":true,"href":"https:\/\/www.cfm.co.mz\/en\/wp-json\/wp\/v2\/tags?post=9241"}],"curies":[{"name":"wp","href":"https:\/\/api.w.org\/{rel}","templated":true}]}}