{"id":9222,"date":"2020-10-15T13:46:14","date_gmt":"2020-10-15T13:46:14","guid":{"rendered":"https:\/\/www.cfm.co.mz\/2020\/10\/15\/melhora-seguranca-ao-longo-das-linhas-ferreas\/"},"modified":"2020-10-15T13:46:14","modified_gmt":"2020-10-15T13:46:14","slug":"melhora-seguranca-ao-longo-das-linhas-ferreas","status":"publish","type":"post","link":"https:\/\/www.cfm.co.mz\/en\/2020\/10\/15\/melhora-seguranca-ao-longo-das-linhas-ferreas\/","title":{"rendered":"CFM promove Campanha de Seguran\u00e7a Ferrovi\u00e1ria"},"content":{"rendered":"<p style=\"text-align: justify;\"><a href=\"http:\/\/www.cfm.co.mz\/wp-content\/uploads\/2020\/10\/Vedacao_das_Estacoes_1.jpg\" type=\"image\/jpeg\" class=\"jcepopup zoom-bottom-right\" data-mediabox=\"1\" data-mediabox-width=\"800\" data-mediabox-height=\"600\" data-mediabox-caption=\"Processo de veda\u00e7\u00e3o de esta\u00e7\u00f5es ferrovi\u00e1rias\"><img decoding=\"async\" src=\"http:\/\/www.cfm.co.mz\/wp-content\/uploads\/2020\/10\/Vedacao_das_Estacoes_1.jpg\" alt=\"Veda\u00e7\u00e3o das Estac\u00f5es 1\" width=\"250\" height=\"167\" style=\"margin: 10px; float: left;\" \/><\/a>A Empresa Portos e Caminhos de Ferro de Mo\u00e7ambique (CFM) est\u00e1 a desenvolver um trabalho que consiste na veda\u00e7\u00e3o das esta\u00e7\u00f5es e recintos ferrovi\u00e1rios ao longo de todas as linhas f\u00e9rreas do pa\u00eds.<\/p>\n<p style=\"text-align: justify;\">Para al\u00e9m deste investimento, a companhia tamb\u00e9m est\u00e1 a promover, no \u00e2mbito da Seguran\u00e7a Ferrovi\u00e1ria na Comunidade de Desenvolvimento dos Pa\u00edses da \u00c1frica Austral (SADC), ac\u00e7\u00f5es que visam encorajar as pessoas a circular com seguran\u00e7a nas \u00e1reas pr\u00f3ximas das esta\u00e7\u00f5es ferrovi\u00e1rias e das respectivas linhas.<\/p>\n<p style=\"text-align: justify;\">Devido ao movimento intenso de pessoas e de constru\u00e7\u00f5es de infra-estruturas em zonas pr\u00f3ximas \u00e0s linhas que se intensifica, houve a necessidade de proceder com a veda\u00e7\u00e3o de todas as esta\u00e7\u00f5es ferrovi\u00e1rias em todo o pa\u00eds.<\/p>\n<p style=\"text-align: justify;\">De acordo com o Inspector-Geral, Eng. Ant\u00f3nio Bi\u00e9, a seguran\u00e7a das comunidades constituiu uma das grandes preocupa\u00e7\u00f5es da companhia.<\/p>\n<p><!--more--><\/p>\n<p style=\"text-align: justify;\">\u201c<strong><em>Apesar dos grandes avan\u00e7os tecnol\u00f3gicos e cient\u00edficos que o mundo est\u00e1 a experimentar actualmente, o Sistema Ferrovi\u00e1rio continua a ser uma grande valia no sector dos transportes. Para al\u00e9m, da sua capacidade de transportar uma grande quantidade de carga de uma s\u00f3 vez, o custo por tonelada \u00e9 relativamente mais barato quando comparado com qualquer outro meio de transporte, n\u00e3o obstante os elevados custos na constru\u00e7\u00e3o e manuten\u00e7\u00e3o das infra-estruturas<\/em><\/strong>\u2019\u2019, apontou Ant\u00f3nio Bi\u00e9.<\/p>\n<p style=\"text-align: justify;\">Efectivamente, o maior desafio do CFM continua a ser a busca de transportes e de log\u00edstica que respondam \u00e0 tremenda procura no mercado interno e na regi\u00e3o Austral de \u00c1frica, tendo em conta que Mo\u00e7ambique \u00e9 a porta de entrada e de sa\u00edda para os pa\u00edses do hinterland. Tendo como b\u00fassola o desenvolvimento do sistema ferro-portu\u00e1rio mo\u00e7ambicano, tornando-o moderno e eficiente, o CFM tem empreendido ac\u00e7\u00f5es visando a melhoria da qualidade da vida das comunidades por onde passa.<\/p>\n<p style=\"text-align: justify;\"><a href=\"http:\/\/www.cfm.co.mz\/wp-content\/uploads\/2020\/10\/Vedacao_das_Estacoes_2.jpg\" type=\"image\/jpeg\" class=\"jcepopup zoom-bottom-right\" data-mediabox=\"1\" data-mediabox-width=\"800\" data-mediabox-height=\"600\" data-mediabox-caption=\"Movimento de pessoas em zonas pr\u00f3ximas \u00e0s linhas f\u00e9rreas\"><img decoding=\"async\" src=\"http:\/\/www.cfm.co.mz\/wp-content\/uploads\/2020\/10\/Vedacao_das_Estacoes_2.jpg\" alt=\"Veda\u00e7\u00e3o das Estac\u00f5es 2\" width=\"250\" height=\"167\" style=\"margin: 10px; float: right;\" \/><\/a>A semana de Seguran\u00e7a Ferrovi\u00e1ria na SADC decorre de 12 a 16 de Outubro, sob o lema \u201c<em>A seguran\u00e7a Ferrovi\u00e1ria come\u00e7a comigo: Pare e olhe, ou\u00e7a, salve vidas\u201d<\/em> um evento anual comemorado em todos os pa\u00edses e comunidades da SADC, com enfoque para as passagens de n\u00edvel.<\/p>\n<p style=\"text-align: justify;\">Com este evento, pretende-se refor\u00e7ar as campanhas de sensibiliza\u00e7\u00e3o para a seguran\u00e7a ferrovi\u00e1ria em conformidade com as pr\u00e1ticas adoptadas pela UIC (Uni\u00e3o Internacional de Caminhos de Ferro).<\/p>\n<p style=\"text-align: justify;\">Com estas ac\u00e7\u00f5es postas em pr\u00e1tica, o CFM espera observar zero incidentes e acidentes ferrovi\u00e1rios, bem como, redu\u00e7\u00e3o do vandalismo e aumento da protec\u00e7\u00e3o das infra-estruturas ferro-portu\u00e1rias e do aparato de seguran\u00e7a ferrovi\u00e1ria.<\/p>","protected":false},"excerpt":{"rendered":"<p>A Empresa Portos e Caminhos de Ferro de Mo\u00e7ambique (CFM) est\u00e1 a desenvolver um trabalho que consiste na veda\u00e7\u00e3o das esta\u00e7\u00f5es e recintos ferrovi\u00e1rios ao longo de todas as linhas f\u00e9rreas do pa\u00eds. Para al\u00e9m deste investimento, a companhia tamb\u00e9m est\u00e1 a promover, no \u00e2mbito da Seguran\u00e7a Ferrovi\u00e1ria na Comunidade de Desenvolvimento dos Pa\u00edses da \u00c1frica Austral (SADC), ac\u00e7\u00f5es que visam encorajar as pessoas a circular com seguran\u00e7a nas \u00e1reas pr\u00f3ximas das esta\u00e7\u00f5es ferrovi\u00e1rias e das respectivas linhas. Devido ao movimento intenso de pessoas e de constru\u00e7\u00f5es de infra-estruturas em zonas pr\u00f3ximas \u00e0s linhas que se intensifica, houve a necessidade de proceder com a veda\u00e7\u00e3o de todas as esta\u00e7\u00f5es ferrovi\u00e1rias em todo o pa\u00eds. De acordo com o Inspector-Geral, Eng. Ant\u00f3nio Bi\u00e9, a seguran\u00e7a das comunidades constituiu uma das grandes preocupa\u00e7\u00f5es da companhia.<\/p>","protected":false},"author":94,"featured_media":9220,"comment_status":"open","ping_status":"open","sticky":false,"template":"","format":"standard","meta":{"_acf_changed":false,"pgc_sgb_lightbox_settings":"","footnotes":""},"categories":[680],"tags":[],"class_list":["post-9222","post","type-post","status-publish","format-standard","has-post-thumbnail","hentry","category-noticias"],"acf":[],"yoast_head":"<!-- This site is optimized with the Yoast SEO plugin v26.5 - https:\/\/yoast.com\/wordpress\/plugins\/seo\/ -->\n<title>CFM promove Campanha de Seguran\u00e7a Ferrovi\u00e1ria - CFM - Caminhos De Ferros de Mo\u00e7ambique<\/title>\n<meta name=\"robots\" content=\"index, follow, max-snippet:-1, max-image-preview:large, max-video-preview:-1\" \/>\n<link rel=\"canonical\" href=\"https:\/\/www.cfm.co.mz\/en\/2020\/10\/15\/melhora-seguranca-ao-longo-das-linhas-ferreas\/\" \/>\n<meta property=\"og:locale\" content=\"en_US\" \/>\n<meta property=\"og:type\" content=\"article\" \/>\n<meta property=\"og:title\" content=\"CFM promove Campanha de Seguran\u00e7a Ferrovi\u00e1ria - CFM - Caminhos De Ferros de Mo\u00e7ambique\" \/>\n<meta property=\"og:description\" content=\"A Empresa Portos e Caminhos de Ferro de Mo\u00e7ambique (CFM) est\u00e1 a desenvolver um trabalho que consiste na veda\u00e7\u00e3o das esta\u00e7\u00f5es e recintos ferrovi\u00e1rios ao longo de todas as linhas f\u00e9rreas do pa\u00eds. Para al\u00e9m deste investimento, a companhia tamb\u00e9m est\u00e1 a promover, no \u00e2mbito da Seguran\u00e7a Ferrovi\u00e1ria na Comunidade de Desenvolvimento dos Pa\u00edses da \u00c1frica Austral (SADC), ac\u00e7\u00f5es que visam encorajar as pessoas a circular com seguran\u00e7a nas \u00e1reas pr\u00f3ximas das esta\u00e7\u00f5es ferrovi\u00e1rias e das respectivas linhas. Devido ao movimento intenso de pessoas e de constru\u00e7\u00f5es de infra-estruturas em zonas pr\u00f3ximas \u00e0s linhas que se intensifica, houve a necessidade de proceder com a veda\u00e7\u00e3o de todas as esta\u00e7\u00f5es ferrovi\u00e1rias em todo o pa\u00eds. De acordo com o Inspector-Geral, Eng. Ant\u00f3nio Bi\u00e9, a seguran\u00e7a das comunidades constituiu uma das grandes preocupa\u00e7\u00f5es da companhia.\" \/>\n<meta property=\"og:url\" content=\"https:\/\/www.cfm.co.mz\/en\/2020\/10\/15\/melhora-seguranca-ao-longo-das-linhas-ferreas\/\" \/>\n<meta property=\"og:site_name\" content=\"CFM - Caminhos De Ferros de Mo\u00e7ambique\" \/>\n<meta property=\"article:publisher\" content=\"https:\/\/www.facebook.com\/CFMMoz\" \/>\n<meta property=\"article:published_time\" content=\"2020-10-15T13:46:14+00:00\" \/>\n<meta property=\"og:image\" content=\"https:\/\/www.cfm.co.mz\/wp-content\/uploads\/2020\/10\/Vedacao_das_Estacoes_1.jpg\" \/>\n\t<meta property=\"og:image:width\" content=\"1605\" \/>\n\t<meta property=\"og:image:height\" content=\"1070\" \/>\n\t<meta property=\"og:image:type\" content=\"image\/jpeg\" \/>\n<meta name=\"author\" content=\"D\u00e9rcio Badru\" \/>\n<meta name=\"twitter:card\" content=\"summary_large_image\" \/>\n<meta name=\"twitter:label1\" content=\"Written by\" \/>\n\t<meta name=\"twitter:data1\" content=\"D\u00e9rcio Badru\" \/>\n\t<meta name=\"twitter:label2\" content=\"Est. reading time\" \/>\n\t<meta name=\"twitter:data2\" content=\"2 minutes\" \/>\n<script type=\"application\/ld+json\" class=\"yoast-schema-graph\">{\"@context\":\"https:\/\/schema.org\",\"@graph\":[{\"@type\":\"Article\",\"@id\":\"https:\/\/www.cfm.co.mz\/2020\/10\/15\/melhora-seguranca-ao-longo-das-linhas-ferreas\/#article\",\"isPartOf\":{\"@id\":\"https:\/\/www.cfm.co.mz\/2020\/10\/15\/melhora-seguranca-ao-longo-das-linhas-ferreas\/\"},\"author\":{\"name\":\"D\u00e9rcio Badru\",\"@id\":\"https:\/\/www.cfm.co.mz\/#\/schema\/person\/1bb663f3c59dc61900f6f9b1c2b53552\"},\"headline\":\"CFM promove Campanha de Seguran\u00e7a Ferrovi\u00e1ria\",\"datePublished\":\"2020-10-15T13:46:14+00:00\",\"mainEntityOfPage\":{\"@id\":\"https:\/\/www.cfm.co.mz\/2020\/10\/15\/melhora-seguranca-ao-longo-das-linhas-ferreas\/\"},\"wordCount\":459,\"commentCount\":0,\"publisher\":{\"@id\":\"https:\/\/www.cfm.co.mz\/#organization\"},\"image\":{\"@id\":\"https:\/\/www.cfm.co.mz\/2020\/10\/15\/melhora-seguranca-ao-longo-das-linhas-ferreas\/#primaryimage\"},\"thumbnailUrl\":\"https:\/\/www.cfm.co.mz\/wp-content\/uploads\/2020\/10\/Vedacao_das_Estacoes_1.jpg\",\"articleSection\":[\"Noticias\"],\"inLanguage\":\"en-US\",\"potentialAction\":[{\"@type\":\"CommentAction\",\"name\":\"Comment\",\"target\":[\"https:\/\/www.cfm.co.mz\/2020\/10\/15\/melhora-seguranca-ao-longo-das-linhas-ferreas\/#respond\"]}]},{\"@type\":\"WebPage\",\"@id\":\"https:\/\/www.cfm.co.mz\/2020\/10\/15\/melhora-seguranca-ao-longo-das-linhas-ferreas\/\",\"url\":\"https:\/\/www.cfm.co.mz\/2020\/10\/15\/melhora-seguranca-ao-longo-das-linhas-ferreas\/\",\"name\":\"CFM promove Campanha de Seguran\u00e7a Ferrovi\u00e1ria - CFM - Caminhos De Ferros de Mo\u00e7ambique\",\"isPartOf\":{\"@id\":\"https:\/\/www.cfm.co.mz\/#website\"},\"primaryImageOfPage\":{\"@id\":\"https:\/\/www.cfm.co.mz\/2020\/10\/15\/melhora-seguranca-ao-longo-das-linhas-ferreas\/#primaryimage\"},\"image\":{\"@id\":\"https:\/\/www.cfm.co.mz\/2020\/10\/15\/melhora-seguranca-ao-longo-das-linhas-ferreas\/#primaryimage\"},\"thumbnailUrl\":\"https:\/\/www.cfm.co.mz\/wp-content\/uploads\/2020\/10\/Vedacao_das_Estacoes_1.jpg\",\"datePublished\":\"2020-10-15T13:46:14+00:00\",\"breadcrumb\":{\"@id\":\"https:\/\/www.cfm.co.mz\/2020\/10\/15\/melhora-seguranca-ao-longo-das-linhas-ferreas\/#breadcrumb\"},\"inLanguage\":\"en-US\",\"potentialAction\":[{\"@type\":\"ReadAction\",\"target\":[\"https:\/\/www.cfm.co.mz\/2020\/10\/15\/melhora-seguranca-ao-longo-das-linhas-ferreas\/\"]}]},{\"@type\":\"ImageObject\",\"inLanguage\":\"en-US\",\"@id\":\"https:\/\/www.cfm.co.mz\/2020\/10\/15\/melhora-seguranca-ao-longo-das-linhas-ferreas\/#primaryimage\",\"url\":\"https:\/\/www.cfm.co.mz\/wp-content\/uploads\/2020\/10\/Vedacao_das_Estacoes_1.jpg\",\"contentUrl\":\"https:\/\/www.cfm.co.mz\/wp-content\/uploads\/2020\/10\/Vedacao_das_Estacoes_1.jpg\",\"width\":1605,\"height\":1070,\"caption\":\"Veda\u00e7\u00e3o das Estac\u00f5es 1\"},{\"@type\":\"BreadcrumbList\",\"@id\":\"https:\/\/www.cfm.co.mz\/2020\/10\/15\/melhora-seguranca-ao-longo-das-linhas-ferreas\/#breadcrumb\",\"itemListElement\":[{\"@type\":\"ListItem\",\"position\":1,\"name\":\"Home\",\"item\":\"https:\/\/www.cfm.co.mz\/\"},{\"@type\":\"ListItem\",\"position\":2,\"name\":\"CFM promove Campanha de Seguran\u00e7a Ferrovi\u00e1ria\"}]},{\"@type\":\"WebSite\",\"@id\":\"https:\/\/www.cfm.co.mz\/#website\",\"url\":\"https:\/\/www.cfm.co.mz\/\",\"name\":\"CFM - Caminhos De Ferros de Mo\u00e7ambique\",\"description\":\"Ampliando Horizontes\",\"publisher\":{\"@id\":\"https:\/\/www.cfm.co.mz\/#organization\"},\"potentialAction\":[{\"@type\":\"SearchAction\",\"target\":{\"@type\":\"EntryPoint\",\"urlTemplate\":\"https:\/\/www.cfm.co.mz\/?s={search_term_string}\"},\"query-input\":{\"@type\":\"PropertyValueSpecification\",\"valueRequired\":true,\"valueName\":\"search_term_string\"}}],\"inLanguage\":\"en-US\"},{\"@type\":\"Organization\",\"@id\":\"https:\/\/www.cfm.co.mz\/#organization\",\"name\":\"CFM - Caminhos De Ferros de Mo\u00e7ambique\",\"url\":\"https:\/\/www.cfm.co.mz\/\",\"logo\":{\"@type\":\"ImageObject\",\"inLanguage\":\"en-US\",\"@id\":\"https:\/\/www.cfm.co.mz\/#\/schema\/logo\/image\/\",\"url\":\"https:\/\/www.cfm.co.mz\/wp-content\/uploads\/2025\/07\/be5f0679-4f5b-4d02-9719-a26ceed29162.jpg\",\"contentUrl\":\"https:\/\/www.cfm.co.mz\/wp-content\/uploads\/2025\/07\/be5f0679-4f5b-4d02-9719-a26ceed29162.jpg\",\"width\":400,\"height\":65,\"caption\":\"CFM - Caminhos De Ferros de Mo\u00e7ambique\"},\"image\":{\"@id\":\"https:\/\/www.cfm.co.mz\/#\/schema\/logo\/image\/\"},\"sameAs\":[\"https:\/\/www.facebook.com\/CFMMoz\",\"https:\/\/www.linkedin.com\/company\/caminhos-de-ferro-de-moambique\/\"]},{\"@type\":\"Person\",\"@id\":\"https:\/\/www.cfm.co.mz\/#\/schema\/person\/1bb663f3c59dc61900f6f9b1c2b53552\",\"name\":\"D\u00e9rcio Badru\",\"image\":{\"@type\":\"ImageObject\",\"inLanguage\":\"en-US\",\"@id\":\"https:\/\/www.cfm.co.mz\/#\/schema\/person\/image\/\",\"url\":\"https:\/\/www.cfm.co.mz\/wp-content\/litespeed\/avatar\/be89d6955942d7259ef76de4577d21b3.jpg?ver=1777454359\",\"contentUrl\":\"https:\/\/www.cfm.co.mz\/wp-content\/litespeed\/avatar\/be89d6955942d7259ef76de4577d21b3.jpg?ver=1777454359\",\"caption\":\"D\u00e9rcio Badru\"},\"url\":\"https:\/\/www.cfm.co.mz\/en\/author\/dercio\/\"}]}<\/script>\n<!-- \/ Yoast SEO plugin. -->","yoast_head_json":{"title":"CFM promove Campanha de Seguran\u00e7a Ferrovi\u00e1ria - CFM - Caminhos De Ferros de Mo\u00e7ambique","robots":{"index":"index","follow":"follow","max-snippet":"max-snippet:-1","max-image-preview":"max-image-preview:large","max-video-preview":"max-video-preview:-1"},"canonical":"https:\/\/www.cfm.co.mz\/en\/2020\/10\/15\/melhora-seguranca-ao-longo-das-linhas-ferreas\/","og_locale":"en_US","og_type":"article","og_title":"CFM promove Campanha de Seguran\u00e7a Ferrovi\u00e1ria - CFM - Caminhos De Ferros de Mo\u00e7ambique","og_description":"A Empresa Portos e Caminhos de Ferro de Mo\u00e7ambique (CFM) est\u00e1 a desenvolver um trabalho que consiste na veda\u00e7\u00e3o das esta\u00e7\u00f5es e recintos ferrovi\u00e1rios ao longo de todas as linhas f\u00e9rreas do pa\u00eds. Para al\u00e9m deste investimento, a companhia tamb\u00e9m est\u00e1 a promover, no \u00e2mbito da Seguran\u00e7a Ferrovi\u00e1ria na Comunidade de Desenvolvimento dos Pa\u00edses da \u00c1frica Austral (SADC), ac\u00e7\u00f5es que visam encorajar as pessoas a circular com seguran\u00e7a nas \u00e1reas pr\u00f3ximas das esta\u00e7\u00f5es ferrovi\u00e1rias e das respectivas linhas. Devido ao movimento intenso de pessoas e de constru\u00e7\u00f5es de infra-estruturas em zonas pr\u00f3ximas \u00e0s linhas que se intensifica, houve a necessidade de proceder com a veda\u00e7\u00e3o de todas as esta\u00e7\u00f5es ferrovi\u00e1rias em todo o pa\u00eds. De acordo com o Inspector-Geral, Eng. Ant\u00f3nio Bi\u00e9, a seguran\u00e7a das comunidades constituiu uma das grandes preocupa\u00e7\u00f5es da companhia.","og_url":"https:\/\/www.cfm.co.mz\/en\/2020\/10\/15\/melhora-seguranca-ao-longo-das-linhas-ferreas\/","og_site_name":"CFM - Caminhos De Ferros de Mo\u00e7ambique","article_publisher":"https:\/\/www.facebook.com\/CFMMoz","article_published_time":"2020-10-15T13:46:14+00:00","og_image":[{"width":1605,"height":1070,"url":"https:\/\/www.cfm.co.mz\/wp-content\/uploads\/2020\/10\/Vedacao_das_Estacoes_1.jpg","type":"image\/jpeg"}],"author":"D\u00e9rcio Badru","twitter_card":"summary_large_image","twitter_misc":{"Written by":"D\u00e9rcio Badru","Est. reading time":"2 minutes"},"schema":{"@context":"https:\/\/schema.org","@graph":[{"@type":"Article","@id":"https:\/\/www.cfm.co.mz\/2020\/10\/15\/melhora-seguranca-ao-longo-das-linhas-ferreas\/#article","isPartOf":{"@id":"https:\/\/www.cfm.co.mz\/2020\/10\/15\/melhora-seguranca-ao-longo-das-linhas-ferreas\/"},"author":{"name":"D\u00e9rcio Badru","@id":"https:\/\/www.cfm.co.mz\/#\/schema\/person\/1bb663f3c59dc61900f6f9b1c2b53552"},"headline":"CFM promove Campanha de Seguran\u00e7a Ferrovi\u00e1ria","datePublished":"2020-10-15T13:46:14+00:00","mainEntityOfPage":{"@id":"https:\/\/www.cfm.co.mz\/2020\/10\/15\/melhora-seguranca-ao-longo-das-linhas-ferreas\/"},"wordCount":459,"commentCount":0,"publisher":{"@id":"https:\/\/www.cfm.co.mz\/#organization"},"image":{"@id":"https:\/\/www.cfm.co.mz\/2020\/10\/15\/melhora-seguranca-ao-longo-das-linhas-ferreas\/#primaryimage"},"thumbnailUrl":"https:\/\/www.cfm.co.mz\/wp-content\/uploads\/2020\/10\/Vedacao_das_Estacoes_1.jpg","articleSection":["Noticias"],"inLanguage":"en-US","potentialAction":[{"@type":"CommentAction","name":"Comment","target":["https:\/\/www.cfm.co.mz\/2020\/10\/15\/melhora-seguranca-ao-longo-das-linhas-ferreas\/#respond"]}]},{"@type":"WebPage","@id":"https:\/\/www.cfm.co.mz\/2020\/10\/15\/melhora-seguranca-ao-longo-das-linhas-ferreas\/","url":"https:\/\/www.cfm.co.mz\/2020\/10\/15\/melhora-seguranca-ao-longo-das-linhas-ferreas\/","name":"CFM promove Campanha de Seguran\u00e7a Ferrovi\u00e1ria - CFM - Caminhos De Ferros de Mo\u00e7ambique","isPartOf":{"@id":"https:\/\/www.cfm.co.mz\/#website"},"primaryImageOfPage":{"@id":"https:\/\/www.cfm.co.mz\/2020\/10\/15\/melhora-seguranca-ao-longo-das-linhas-ferreas\/#primaryimage"},"image":{"@id":"https:\/\/www.cfm.co.mz\/2020\/10\/15\/melhora-seguranca-ao-longo-das-linhas-ferreas\/#primaryimage"},"thumbnailUrl":"https:\/\/www.cfm.co.mz\/wp-content\/uploads\/2020\/10\/Vedacao_das_Estacoes_1.jpg","datePublished":"2020-10-15T13:46:14+00:00","breadcrumb":{"@id":"https:\/\/www.cfm.co.mz\/2020\/10\/15\/melhora-seguranca-ao-longo-das-linhas-ferreas\/#breadcrumb"},"inLanguage":"en-US","potentialAction":[{"@type":"ReadAction","target":["https:\/\/www.cfm.co.mz\/2020\/10\/15\/melhora-seguranca-ao-longo-das-linhas-ferreas\/"]}]},{"@type":"ImageObject","inLanguage":"en-US","@id":"https:\/\/www.cfm.co.mz\/2020\/10\/15\/melhora-seguranca-ao-longo-das-linhas-ferreas\/#primaryimage","url":"https:\/\/www.cfm.co.mz\/wp-content\/uploads\/2020\/10\/Vedacao_das_Estacoes_1.jpg","contentUrl":"https:\/\/www.cfm.co.mz\/wp-content\/uploads\/2020\/10\/Vedacao_das_Estacoes_1.jpg","width":1605,"height":1070,"caption":"Veda\u00e7\u00e3o das Estac\u00f5es 1"},{"@type":"BreadcrumbList","@id":"https:\/\/www.cfm.co.mz\/2020\/10\/15\/melhora-seguranca-ao-longo-das-linhas-ferreas\/#breadcrumb","itemListElement":[{"@type":"ListItem","position":1,"name":"Home","item":"https:\/\/www.cfm.co.mz\/"},{"@type":"ListItem","position":2,"name":"CFM promove Campanha de Seguran\u00e7a Ferrovi\u00e1ria"}]},{"@type":"WebSite","@id":"https:\/\/www.cfm.co.mz\/#website","url":"https:\/\/www.cfm.co.mz\/","name":"CFM - Caminhos De Ferros de Mo\u00e7ambique","description":"Ampliando Horizontes","publisher":{"@id":"https:\/\/www.cfm.co.mz\/#organization"},"potentialAction":[{"@type":"SearchAction","target":{"@type":"EntryPoint","urlTemplate":"https:\/\/www.cfm.co.mz\/?s={search_term_string}"},"query-input":{"@type":"PropertyValueSpecification","valueRequired":true,"valueName":"search_term_string"}}],"inLanguage":"en-US"},{"@type":"Organization","@id":"https:\/\/www.cfm.co.mz\/#organization","name":"CFM - Caminhos De Ferros de Mo\u00e7ambique","url":"https:\/\/www.cfm.co.mz\/","logo":{"@type":"ImageObject","inLanguage":"en-US","@id":"https:\/\/www.cfm.co.mz\/#\/schema\/logo\/image\/","url":"https:\/\/www.cfm.co.mz\/wp-content\/uploads\/2025\/07\/be5f0679-4f5b-4d02-9719-a26ceed29162.jpg","contentUrl":"https:\/\/www.cfm.co.mz\/wp-content\/uploads\/2025\/07\/be5f0679-4f5b-4d02-9719-a26ceed29162.jpg","width":400,"height":65,"caption":"CFM - Caminhos De Ferros de Mo\u00e7ambique"},"image":{"@id":"https:\/\/www.cfm.co.mz\/#\/schema\/logo\/image\/"},"sameAs":["https:\/\/www.facebook.com\/CFMMoz","https:\/\/www.linkedin.com\/company\/caminhos-de-ferro-de-moambique\/"]},{"@type":"Person","@id":"https:\/\/www.cfm.co.mz\/#\/schema\/person\/1bb663f3c59dc61900f6f9b1c2b53552","name":"D\u00e9rcio Badru","image":{"@type":"ImageObject","inLanguage":"en-US","@id":"https:\/\/www.cfm.co.mz\/#\/schema\/person\/image\/","url":"https:\/\/www.cfm.co.mz\/wp-content\/litespeed\/avatar\/be89d6955942d7259ef76de4577d21b3.jpg?ver=1777454359","contentUrl":"https:\/\/www.cfm.co.mz\/wp-content\/litespeed\/avatar\/be89d6955942d7259ef76de4577d21b3.jpg?ver=1777454359","caption":"D\u00e9rcio Badru"},"url":"https:\/\/www.cfm.co.mz\/en\/author\/dercio\/"}]}},"_links":{"self":[{"href":"https:\/\/www.cfm.co.mz\/en\/wp-json\/wp\/v2\/posts\/9222","targetHints":{"allow":["GET"]}}],"collection":[{"href":"https:\/\/www.cfm.co.mz\/en\/wp-json\/wp\/v2\/posts"}],"about":[{"href":"https:\/\/www.cfm.co.mz\/en\/wp-json\/wp\/v2\/types\/post"}],"author":[{"embeddable":true,"href":"https:\/\/www.cfm.co.mz\/en\/wp-json\/wp\/v2\/users\/94"}],"replies":[{"embeddable":true,"href":"https:\/\/www.cfm.co.mz\/en\/wp-json\/wp\/v2\/comments?post=9222"}],"version-history":[{"count":0,"href":"https:\/\/www.cfm.co.mz\/en\/wp-json\/wp\/v2\/posts\/9222\/revisions"}],"wp:featuredmedia":[{"embeddable":true,"href":"https:\/\/www.cfm.co.mz\/en\/wp-json\/wp\/v2\/media\/9220"}],"wp:attachment":[{"href":"https:\/\/www.cfm.co.mz\/en\/wp-json\/wp\/v2\/media?parent=9222"}],"wp:term":[{"taxonomy":"category","embeddable":true,"href":"https:\/\/www.cfm.co.mz\/en\/wp-json\/wp\/v2\/categories?post=9222"},{"taxonomy":"post_tag","embeddable":true,"href":"https:\/\/www.cfm.co.mz\/en\/wp-json\/wp\/v2\/tags?post=9222"}],"curies":[{"name":"wp","href":"https:\/\/api.w.org\/{rel}","templated":true}]}}