{"id":9163,"date":"2020-03-19T13:50:33","date_gmt":"2020-03-19T13:50:33","guid":{"rendered":"https:\/\/www.cfm.co.mz\/2020\/03\/19\/cfm-lanca-medidas-de-prevencao-contra-o-coronavirus\/"},"modified":"2020-03-19T13:50:33","modified_gmt":"2020-03-19T13:50:33","slug":"cfm-lanca-medidas-de-prevencao-contra-o-coronavirus","status":"publish","type":"post","link":"https:\/\/www.cfm.co.mz\/en\/2020\/03\/19\/cfm-lanca-medidas-de-prevencao-contra-o-coronavirus\/","title":{"rendered":"CFM lan\u00e7a medidas de preven\u00e7\u00e3o contra o coronav\u00edrus"},"content":{"rendered":"<p style=\"text-align: justify;\"><img decoding=\"async\" class=\"alignleft size-full wp-image-9161\" src=\"http:\/\/www.cfm.co.mz\/wp-content\/uploads\/2020\/03\/COVID-19.jpg\" alt=\"COVID 19\" width=\"250\" height=\"167\" style=\"margin: 10px; float: left;\" srcset=\"https:\/\/www.cfm.co.mz\/wp-content\/uploads\/2020\/03\/COVID-19.jpg 1620w, https:\/\/www.cfm.co.mz\/wp-content\/uploads\/2020\/03\/COVID-19-300x200.jpg 300w, https:\/\/www.cfm.co.mz\/wp-content\/uploads\/2020\/03\/COVID-19-1024x683.jpg 1024w, https:\/\/www.cfm.co.mz\/wp-content\/uploads\/2020\/03\/COVID-19-768x512.jpg 768w, https:\/\/www.cfm.co.mz\/wp-content\/uploads\/2020\/03\/COVID-19-1536x1024.jpg 1536w\" sizes=\"(max-width: 250px) 100vw, 250px\" \/>Face ao perigo do COVID-19 atingir o nosso Pa\u00eds e, no \u00e2mbito das orienta\u00e7\u00f5es do Governo, a Empresa Portos e Caminhos de Ferro de Mo\u00e7ambique (CFM) determina a adop\u00e7\u00e3o de um conjunto de medidas a serem cumpridas nos Portos, Sistema Ferrovi\u00e1rio, bem como nos sectores de produ\u00e7\u00e3o da Empresa.<\/p>\n<p><!--more--><\/p>\n<p style=\"text-align: justify;\"><strong>I &#8211;&nbsp;&nbsp; &nbsp;PARA O SISTEMA PORTU\u00c1RIO DEVE-SE OBSERVAR AS SEGUINTES MEDIDAS:<\/strong><\/p>\n<ol>\n<li>Solicitar ao Navio que pretende escalar o Porto, a lista dos 1O \u00faltimos escalados e verificar o tempo de tr\u00e2nsito do \u00faltimo Porto.<\/li>\n<li>Para os Navios considerados directos, ou seja, cujo Porto de partida encontra-se na lista dos Pa\u00edses afectados, que n\u00e3o tenham completado o per\u00edodo de quarentena (14 dias). devem permanecer na barra at\u00e9 completar os 14 dias. Findo este per\u00edodo, o Piloto de barra embarcar\u00e1 acompanhado por t\u00e9cnicos de sa\u00fade que proceder\u00e3o ao rastreio de toda a tripula\u00e7\u00e3o e s\u00f3 emitir\u00e3o Certificado, permitindo a atraca\u00e7\u00e3o, caso n\u00e3o seja detectado nenhum caso suspeito.<\/li>\n<li>Todos os restantes navios (incluindo os considerados directos) cujo tempo de tr\u00e2nsito entre o \u00faltimo Porto escalado e o Porto de entrada em Mo\u00e7ambique, seja superior a 14 dias, ser\u00e3o rastreados depois da atraca\u00e7\u00e3o e s\u00f3 inicia\u00e7\u00e3o a opera\u00e7\u00e3o mediante a emiss\u00e3o do Certificado da Sa\u00fade.<\/li>\n<li>Nenhum membro da Tripula\u00e7\u00e3o do Navio atracado \u00e9 autorizado a desembarcar.<\/li>\n<li>N\u00e3o ser\u00e1 permitido a retirada de lixo, do Navio.<\/li>\n<li>Todo o pessoal que trabalha nos Portos (entre Pilotos do barco Rebocador, auxiliares e Taxadores) deve, obrigatoriamente, usar o material de protec\u00e7\u00e3o dispon\u00edvel nas suas unidades (M\u00e1scaras, Gel desinfectante e luvas).<\/li>\n<li>Suspens\u00e3o do uso do Baf\u00f3metro para o controle de \u00e1lcool aos Trabalhadores, apelando, para o efeito, m\u00e1xima responsabilidade.<\/li>\n<\/ol>\n<p style=\"text-align: justify;\"><strong>II &#8211;&nbsp;&nbsp; &nbsp;PARA O SISTEMA FERROVI\u00c1RIO (TRANSPORTE DE PASSAGEIROS E MERCADORIAS),<\/strong><\/p>\n<ol>\n<li>Coloca\u00e7\u00e3o de material de desinfec\u00e7\u00e3o (Gel desinfectante e tapetes humedecidos com Hipoclorito de s\u00f3dio ou \u00e1lcool a 70%, junto \u00e0s Esta\u00e7\u00f5es de partida de comboios de passageiros, bem como nos Armaz\u00e9ns de despacho de mercadorias.<\/li>\n<li>Promo\u00e7\u00e3o de campanhas de sensibiliza\u00e7\u00e3o aos passageiros nas Esta\u00e7\u00f5es, com a ajuda dos profissionais de Sa\u00fade.<\/li>\n<li>Limita\u00e7\u00e3o de n\u00famero de passageiros por carruagens nas Esta\u00e7\u00f5es de origem.<\/li>\n<li>Coloca\u00e7\u00e3o de panfletos\/cartazes de sensibiliza\u00e7\u00e3o nas Esta\u00e7\u00f5es, carruagens e outros locais de interesse p\u00fablico.<\/li>\n<li>Apelar\/incentivar os utentes a limitarem as viagens de comboio (viajar em extrema necessidade).<\/li>\n<\/ol>\n<p style=\"text-align: justify;\"><strong>III &#8211;&nbsp;&nbsp; &nbsp;PARA OS COLABORADORES DA EMPRESA PORTOS E CAMINHOS DE FERRO DE MOCAMBIQUE,<\/strong><\/p>\n<ol>\n<li>Uso de material de protec\u00e7\u00e3o (M\u00e1scaras, Gel desinfectante e luvas) a todos os colaboradores que tem contacto directo e constante com o p\u00fablico.<\/li>\n<li>Relativamente ao uso dos Refeit\u00f3rios, aconselha-se que cada colaborador traga seus pr\u00f3prios utens\u00edlios.<\/li>\n<li>Coloca\u00e7\u00e3o, nos principais acessos dos edif\u00edcios e sectores de produ\u00e7\u00e3o, de sistema de desinfec\u00e7\u00e3o das m\u00e3os (\u00e1lcool a 70% ou gel desinfectante).<\/li>\n<li>Intensifica\u00e7\u00e3o da limpeza, sobretudo nos pontos de poss\u00edvel cont\u00e1gio (ma\u00e7anetas, balc\u00f5es, corrim\u00e3os, entre outros).<\/li>\n<li>Suspens\u00e3o do uso do Baf\u00f3metro para o controle de \u00e1lcool aos Trabalhadores, apelando, para o efeito, m\u00e1xima responsabilidade.<\/li>\n<li>Evitar cumprimentos sociais por via de aperto de m\u00e3os, abra\u00e7os e beijinhos).<\/li>\n<\/ol>\n<p style=\"text-align: justify;\"><strong>De forma geral apelamos a todos ao cumprimento das orienta\u00e7\u00f5es divulgadas pelo Minist\u00e9rio da Sa\u00fade em conson\u00e2ncia com a Organiza\u00e7\u00e3o Mundial da Sa\u00fade (OMS) quanto \u00e0 intensifica\u00e7\u00e3o das medidas de higiene que vem sendo amplamente divulgadas, nomeadamente,<\/strong><\/p>\n<ul>\n<li style=\"text-align: justify;\">Lavar sempre as m\u00e3os;<\/li>\n<li style=\"text-align: justify;\">Usar de len\u00e7os descart\u00e1veis e descartar ap\u00f3s o uso;<\/li>\n<li style=\"text-align: justify;\">&nbsp;Tossir para o cotovelo caso n\u00e3o tenha protec\u00e7\u00e3o;<\/li>\n<li style=\"text-align: justify;\">&nbsp;Evitar tocar a face com as m\u00e3os sujas;<\/li>\n<li style=\"text-align: justify;\">&nbsp;Manter uma dist\u00e2ncia segura de pessoas que apresentam sintomas da doen\u00e7a;<\/li>\n<li style=\"text-align: justify;\">&nbsp;Evitar contacto com as pessoas caso apresente sintomas da doen\u00e7a, usar m\u00e1scaras e procurar os Servi\u00e7os de Sa\u00fade.<\/li>\n<\/ul>\n<p>Vamos todos juntar esfor\u00e7os para vencermos este inimigo comum!<\/p>\n<p>&nbsp;<\/p>\n<p><a href=\"http:\/\/www.cfm.co.mz\/wp-content\/uploads\/2020\/03\/Comunicado_COVID-19.pdf\" target=\"_blank\" rel=\"noopener\">Clique aqui para ler o comunicado na integra<\/a><\/p>","protected":false},"excerpt":{"rendered":"<p>Face ao perigo do COVID-19 atingir o nosso Pa\u00eds e, no \u00e2mbito das orienta\u00e7\u00f5es do Governo, a Empresa Portos e Caminhos de Ferro de Mo\u00e7ambique (CFM) determina a adop\u00e7\u00e3o de um conjunto de medidas a serem cumpridas nos Portos, Sistema Ferrovi\u00e1rio, bem como nos sectores de produ\u00e7\u00e3o da Empresa.<\/p>","protected":false},"author":94,"featured_media":9161,"comment_status":"open","ping_status":"open","sticky":false,"template":"","format":"standard","meta":{"_acf_changed":false,"pgc_sgb_lightbox_settings":"","footnotes":""},"categories":[680],"tags":[],"class_list":["post-9163","post","type-post","status-publish","format-standard","has-post-thumbnail","hentry","category-noticias"],"acf":[],"yoast_head":"<!-- This site is optimized with the Yoast SEO plugin v26.5 - https:\/\/yoast.com\/wordpress\/plugins\/seo\/ -->\n<title>CFM lan\u00e7a medidas de preven\u00e7\u00e3o contra o coronav\u00edrus - CFM - Caminhos De Ferros de Mo\u00e7ambique<\/title>\n<meta name=\"robots\" content=\"index, follow, max-snippet:-1, max-image-preview:large, max-video-preview:-1\" \/>\n<link rel=\"canonical\" href=\"https:\/\/www.cfm.co.mz\/en\/2020\/03\/19\/cfm-lanca-medidas-de-prevencao-contra-o-coronavirus\/\" \/>\n<meta property=\"og:locale\" content=\"en_US\" \/>\n<meta property=\"og:type\" content=\"article\" \/>\n<meta property=\"og:title\" content=\"CFM lan\u00e7a medidas de preven\u00e7\u00e3o contra o coronav\u00edrus - CFM - Caminhos De Ferros de Mo\u00e7ambique\" \/>\n<meta property=\"og:description\" content=\"Face ao perigo do COVID-19 atingir o nosso Pa\u00eds e, no \u00e2mbito das orienta\u00e7\u00f5es do Governo, a Empresa Portos e Caminhos de Ferro de Mo\u00e7ambique (CFM) determina a adop\u00e7\u00e3o de um conjunto de medidas a serem cumpridas nos Portos, Sistema Ferrovi\u00e1rio, bem como nos sectores de produ\u00e7\u00e3o da Empresa.\" \/>\n<meta property=\"og:url\" content=\"https:\/\/www.cfm.co.mz\/en\/2020\/03\/19\/cfm-lanca-medidas-de-prevencao-contra-o-coronavirus\/\" \/>\n<meta property=\"og:site_name\" content=\"CFM - Caminhos De Ferros de Mo\u00e7ambique\" \/>\n<meta property=\"article:publisher\" content=\"https:\/\/www.facebook.com\/CFMMoz\" \/>\n<meta property=\"article:published_time\" content=\"2020-03-19T13:50:33+00:00\" \/>\n<meta property=\"og:image\" content=\"https:\/\/www.cfm.co.mz\/wp-content\/uploads\/2020\/03\/COVID-19.jpg\" \/>\n\t<meta property=\"og:image:width\" content=\"1620\" \/>\n\t<meta property=\"og:image:height\" content=\"1080\" \/>\n\t<meta property=\"og:image:type\" content=\"image\/jpeg\" \/>\n<meta name=\"author\" content=\"D\u00e9rcio Badru\" \/>\n<meta name=\"twitter:card\" content=\"summary_large_image\" \/>\n<meta name=\"twitter:label1\" content=\"Written by\" \/>\n\t<meta name=\"twitter:data1\" content=\"D\u00e9rcio Badru\" \/>\n\t<meta name=\"twitter:label2\" content=\"Est. reading time\" \/>\n\t<meta name=\"twitter:data2\" content=\"4 minutes\" \/>\n<script type=\"application\/ld+json\" class=\"yoast-schema-graph\">{\"@context\":\"https:\/\/schema.org\",\"@graph\":[{\"@type\":\"Article\",\"@id\":\"https:\/\/www.cfm.co.mz\/2020\/03\/19\/cfm-lanca-medidas-de-prevencao-contra-o-coronavirus\/#article\",\"isPartOf\":{\"@id\":\"https:\/\/www.cfm.co.mz\/2020\/03\/19\/cfm-lanca-medidas-de-prevencao-contra-o-coronavirus\/\"},\"author\":{\"name\":\"D\u00e9rcio Badru\",\"@id\":\"https:\/\/www.cfm.co.mz\/#\/schema\/person\/1bb663f3c59dc61900f6f9b1c2b53552\"},\"headline\":\"CFM lan\u00e7a medidas de preven\u00e7\u00e3o contra o coronav\u00edrus\",\"datePublished\":\"2020-03-19T13:50:33+00:00\",\"mainEntityOfPage\":{\"@id\":\"https:\/\/www.cfm.co.mz\/2020\/03\/19\/cfm-lanca-medidas-de-prevencao-contra-o-coronavirus\/\"},\"wordCount\":712,\"commentCount\":0,\"publisher\":{\"@id\":\"https:\/\/www.cfm.co.mz\/#organization\"},\"image\":{\"@id\":\"https:\/\/www.cfm.co.mz\/2020\/03\/19\/cfm-lanca-medidas-de-prevencao-contra-o-coronavirus\/#primaryimage\"},\"thumbnailUrl\":\"https:\/\/www.cfm.co.mz\/wp-content\/uploads\/2020\/03\/COVID-19.jpg\",\"articleSection\":[\"Noticias\"],\"inLanguage\":\"en-US\",\"potentialAction\":[{\"@type\":\"CommentAction\",\"name\":\"Comment\",\"target\":[\"https:\/\/www.cfm.co.mz\/2020\/03\/19\/cfm-lanca-medidas-de-prevencao-contra-o-coronavirus\/#respond\"]}]},{\"@type\":\"WebPage\",\"@id\":\"https:\/\/www.cfm.co.mz\/2020\/03\/19\/cfm-lanca-medidas-de-prevencao-contra-o-coronavirus\/\",\"url\":\"https:\/\/www.cfm.co.mz\/2020\/03\/19\/cfm-lanca-medidas-de-prevencao-contra-o-coronavirus\/\",\"name\":\"CFM lan\u00e7a medidas de preven\u00e7\u00e3o contra o coronav\u00edrus - CFM - Caminhos De Ferros de Mo\u00e7ambique\",\"isPartOf\":{\"@id\":\"https:\/\/www.cfm.co.mz\/#website\"},\"primaryImageOfPage\":{\"@id\":\"https:\/\/www.cfm.co.mz\/2020\/03\/19\/cfm-lanca-medidas-de-prevencao-contra-o-coronavirus\/#primaryimage\"},\"image\":{\"@id\":\"https:\/\/www.cfm.co.mz\/2020\/03\/19\/cfm-lanca-medidas-de-prevencao-contra-o-coronavirus\/#primaryimage\"},\"thumbnailUrl\":\"https:\/\/www.cfm.co.mz\/wp-content\/uploads\/2020\/03\/COVID-19.jpg\",\"datePublished\":\"2020-03-19T13:50:33+00:00\",\"breadcrumb\":{\"@id\":\"https:\/\/www.cfm.co.mz\/2020\/03\/19\/cfm-lanca-medidas-de-prevencao-contra-o-coronavirus\/#breadcrumb\"},\"inLanguage\":\"en-US\",\"potentialAction\":[{\"@type\":\"ReadAction\",\"target\":[\"https:\/\/www.cfm.co.mz\/2020\/03\/19\/cfm-lanca-medidas-de-prevencao-contra-o-coronavirus\/\"]}]},{\"@type\":\"ImageObject\",\"inLanguage\":\"en-US\",\"@id\":\"https:\/\/www.cfm.co.mz\/2020\/03\/19\/cfm-lanca-medidas-de-prevencao-contra-o-coronavirus\/#primaryimage\",\"url\":\"https:\/\/www.cfm.co.mz\/wp-content\/uploads\/2020\/03\/COVID-19.jpg\",\"contentUrl\":\"https:\/\/www.cfm.co.mz\/wp-content\/uploads\/2020\/03\/COVID-19.jpg\",\"width\":1620,\"height\":1080,\"caption\":\"COVID 19\"},{\"@type\":\"BreadcrumbList\",\"@id\":\"https:\/\/www.cfm.co.mz\/2020\/03\/19\/cfm-lanca-medidas-de-prevencao-contra-o-coronavirus\/#breadcrumb\",\"itemListElement\":[{\"@type\":\"ListItem\",\"position\":1,\"name\":\"Home\",\"item\":\"https:\/\/www.cfm.co.mz\/\"},{\"@type\":\"ListItem\",\"position\":2,\"name\":\"CFM lan\u00e7a medidas de preven\u00e7\u00e3o contra o coronav\u00edrus\"}]},{\"@type\":\"WebSite\",\"@id\":\"https:\/\/www.cfm.co.mz\/#website\",\"url\":\"https:\/\/www.cfm.co.mz\/\",\"name\":\"CFM - Caminhos De Ferros de Mo\u00e7ambique\",\"description\":\"Ampliando Horizontes\",\"publisher\":{\"@id\":\"https:\/\/www.cfm.co.mz\/#organization\"},\"potentialAction\":[{\"@type\":\"SearchAction\",\"target\":{\"@type\":\"EntryPoint\",\"urlTemplate\":\"https:\/\/www.cfm.co.mz\/?s={search_term_string}\"},\"query-input\":{\"@type\":\"PropertyValueSpecification\",\"valueRequired\":true,\"valueName\":\"search_term_string\"}}],\"inLanguage\":\"en-US\"},{\"@type\":\"Organization\",\"@id\":\"https:\/\/www.cfm.co.mz\/#organization\",\"name\":\"CFM - Caminhos De Ferros de Mo\u00e7ambique\",\"url\":\"https:\/\/www.cfm.co.mz\/\",\"logo\":{\"@type\":\"ImageObject\",\"inLanguage\":\"en-US\",\"@id\":\"https:\/\/www.cfm.co.mz\/#\/schema\/logo\/image\/\",\"url\":\"https:\/\/www.cfm.co.mz\/wp-content\/uploads\/2025\/07\/be5f0679-4f5b-4d02-9719-a26ceed29162.jpg\",\"contentUrl\":\"https:\/\/www.cfm.co.mz\/wp-content\/uploads\/2025\/07\/be5f0679-4f5b-4d02-9719-a26ceed29162.jpg\",\"width\":400,\"height\":65,\"caption\":\"CFM - Caminhos De Ferros de Mo\u00e7ambique\"},\"image\":{\"@id\":\"https:\/\/www.cfm.co.mz\/#\/schema\/logo\/image\/\"},\"sameAs\":[\"https:\/\/www.facebook.com\/CFMMoz\",\"https:\/\/www.linkedin.com\/company\/caminhos-de-ferro-de-moambique\/\"]},{\"@type\":\"Person\",\"@id\":\"https:\/\/www.cfm.co.mz\/#\/schema\/person\/1bb663f3c59dc61900f6f9b1c2b53552\",\"name\":\"D\u00e9rcio Badru\",\"image\":{\"@type\":\"ImageObject\",\"inLanguage\":\"en-US\",\"@id\":\"https:\/\/www.cfm.co.mz\/#\/schema\/person\/image\/\",\"url\":\"https:\/\/www.cfm.co.mz\/wp-content\/litespeed\/avatar\/be89d6955942d7259ef76de4577d21b3.jpg?ver=1777454359\",\"contentUrl\":\"https:\/\/www.cfm.co.mz\/wp-content\/litespeed\/avatar\/be89d6955942d7259ef76de4577d21b3.jpg?ver=1777454359\",\"caption\":\"D\u00e9rcio Badru\"},\"url\":\"https:\/\/www.cfm.co.mz\/en\/author\/dercio\/\"}]}<\/script>\n<!-- \/ Yoast SEO plugin. -->","yoast_head_json":{"title":"CFM lan\u00e7a medidas de preven\u00e7\u00e3o contra o coronav\u00edrus - CFM - Caminhos De Ferros de Mo\u00e7ambique","robots":{"index":"index","follow":"follow","max-snippet":"max-snippet:-1","max-image-preview":"max-image-preview:large","max-video-preview":"max-video-preview:-1"},"canonical":"https:\/\/www.cfm.co.mz\/en\/2020\/03\/19\/cfm-lanca-medidas-de-prevencao-contra-o-coronavirus\/","og_locale":"en_US","og_type":"article","og_title":"CFM lan\u00e7a medidas de preven\u00e7\u00e3o contra o coronav\u00edrus - CFM - Caminhos De Ferros de Mo\u00e7ambique","og_description":"Face ao perigo do COVID-19 atingir o nosso Pa\u00eds e, no \u00e2mbito das orienta\u00e7\u00f5es do Governo, a Empresa Portos e Caminhos de Ferro de Mo\u00e7ambique (CFM) determina a adop\u00e7\u00e3o de um conjunto de medidas a serem cumpridas nos Portos, Sistema Ferrovi\u00e1rio, bem como nos sectores de produ\u00e7\u00e3o da Empresa.","og_url":"https:\/\/www.cfm.co.mz\/en\/2020\/03\/19\/cfm-lanca-medidas-de-prevencao-contra-o-coronavirus\/","og_site_name":"CFM - Caminhos De Ferros de Mo\u00e7ambique","article_publisher":"https:\/\/www.facebook.com\/CFMMoz","article_published_time":"2020-03-19T13:50:33+00:00","og_image":[{"width":1620,"height":1080,"url":"https:\/\/www.cfm.co.mz\/wp-content\/uploads\/2020\/03\/COVID-19.jpg","type":"image\/jpeg"}],"author":"D\u00e9rcio Badru","twitter_card":"summary_large_image","twitter_misc":{"Written by":"D\u00e9rcio Badru","Est. reading time":"4 minutes"},"schema":{"@context":"https:\/\/schema.org","@graph":[{"@type":"Article","@id":"https:\/\/www.cfm.co.mz\/2020\/03\/19\/cfm-lanca-medidas-de-prevencao-contra-o-coronavirus\/#article","isPartOf":{"@id":"https:\/\/www.cfm.co.mz\/2020\/03\/19\/cfm-lanca-medidas-de-prevencao-contra-o-coronavirus\/"},"author":{"name":"D\u00e9rcio Badru","@id":"https:\/\/www.cfm.co.mz\/#\/schema\/person\/1bb663f3c59dc61900f6f9b1c2b53552"},"headline":"CFM lan\u00e7a medidas de preven\u00e7\u00e3o contra o coronav\u00edrus","datePublished":"2020-03-19T13:50:33+00:00","mainEntityOfPage":{"@id":"https:\/\/www.cfm.co.mz\/2020\/03\/19\/cfm-lanca-medidas-de-prevencao-contra-o-coronavirus\/"},"wordCount":712,"commentCount":0,"publisher":{"@id":"https:\/\/www.cfm.co.mz\/#organization"},"image":{"@id":"https:\/\/www.cfm.co.mz\/2020\/03\/19\/cfm-lanca-medidas-de-prevencao-contra-o-coronavirus\/#primaryimage"},"thumbnailUrl":"https:\/\/www.cfm.co.mz\/wp-content\/uploads\/2020\/03\/COVID-19.jpg","articleSection":["Noticias"],"inLanguage":"en-US","potentialAction":[{"@type":"CommentAction","name":"Comment","target":["https:\/\/www.cfm.co.mz\/2020\/03\/19\/cfm-lanca-medidas-de-prevencao-contra-o-coronavirus\/#respond"]}]},{"@type":"WebPage","@id":"https:\/\/www.cfm.co.mz\/2020\/03\/19\/cfm-lanca-medidas-de-prevencao-contra-o-coronavirus\/","url":"https:\/\/www.cfm.co.mz\/2020\/03\/19\/cfm-lanca-medidas-de-prevencao-contra-o-coronavirus\/","name":"CFM lan\u00e7a medidas de preven\u00e7\u00e3o contra o coronav\u00edrus - CFM - Caminhos De Ferros de Mo\u00e7ambique","isPartOf":{"@id":"https:\/\/www.cfm.co.mz\/#website"},"primaryImageOfPage":{"@id":"https:\/\/www.cfm.co.mz\/2020\/03\/19\/cfm-lanca-medidas-de-prevencao-contra-o-coronavirus\/#primaryimage"},"image":{"@id":"https:\/\/www.cfm.co.mz\/2020\/03\/19\/cfm-lanca-medidas-de-prevencao-contra-o-coronavirus\/#primaryimage"},"thumbnailUrl":"https:\/\/www.cfm.co.mz\/wp-content\/uploads\/2020\/03\/COVID-19.jpg","datePublished":"2020-03-19T13:50:33+00:00","breadcrumb":{"@id":"https:\/\/www.cfm.co.mz\/2020\/03\/19\/cfm-lanca-medidas-de-prevencao-contra-o-coronavirus\/#breadcrumb"},"inLanguage":"en-US","potentialAction":[{"@type":"ReadAction","target":["https:\/\/www.cfm.co.mz\/2020\/03\/19\/cfm-lanca-medidas-de-prevencao-contra-o-coronavirus\/"]}]},{"@type":"ImageObject","inLanguage":"en-US","@id":"https:\/\/www.cfm.co.mz\/2020\/03\/19\/cfm-lanca-medidas-de-prevencao-contra-o-coronavirus\/#primaryimage","url":"https:\/\/www.cfm.co.mz\/wp-content\/uploads\/2020\/03\/COVID-19.jpg","contentUrl":"https:\/\/www.cfm.co.mz\/wp-content\/uploads\/2020\/03\/COVID-19.jpg","width":1620,"height":1080,"caption":"COVID 19"},{"@type":"BreadcrumbList","@id":"https:\/\/www.cfm.co.mz\/2020\/03\/19\/cfm-lanca-medidas-de-prevencao-contra-o-coronavirus\/#breadcrumb","itemListElement":[{"@type":"ListItem","position":1,"name":"Home","item":"https:\/\/www.cfm.co.mz\/"},{"@type":"ListItem","position":2,"name":"CFM lan\u00e7a medidas de preven\u00e7\u00e3o contra o coronav\u00edrus"}]},{"@type":"WebSite","@id":"https:\/\/www.cfm.co.mz\/#website","url":"https:\/\/www.cfm.co.mz\/","name":"CFM - Caminhos De Ferros de Mo\u00e7ambique","description":"Ampliando Horizontes","publisher":{"@id":"https:\/\/www.cfm.co.mz\/#organization"},"potentialAction":[{"@type":"SearchAction","target":{"@type":"EntryPoint","urlTemplate":"https:\/\/www.cfm.co.mz\/?s={search_term_string}"},"query-input":{"@type":"PropertyValueSpecification","valueRequired":true,"valueName":"search_term_string"}}],"inLanguage":"en-US"},{"@type":"Organization","@id":"https:\/\/www.cfm.co.mz\/#organization","name":"CFM - Caminhos De Ferros de Mo\u00e7ambique","url":"https:\/\/www.cfm.co.mz\/","logo":{"@type":"ImageObject","inLanguage":"en-US","@id":"https:\/\/www.cfm.co.mz\/#\/schema\/logo\/image\/","url":"https:\/\/www.cfm.co.mz\/wp-content\/uploads\/2025\/07\/be5f0679-4f5b-4d02-9719-a26ceed29162.jpg","contentUrl":"https:\/\/www.cfm.co.mz\/wp-content\/uploads\/2025\/07\/be5f0679-4f5b-4d02-9719-a26ceed29162.jpg","width":400,"height":65,"caption":"CFM - Caminhos De Ferros de Mo\u00e7ambique"},"image":{"@id":"https:\/\/www.cfm.co.mz\/#\/schema\/logo\/image\/"},"sameAs":["https:\/\/www.facebook.com\/CFMMoz","https:\/\/www.linkedin.com\/company\/caminhos-de-ferro-de-moambique\/"]},{"@type":"Person","@id":"https:\/\/www.cfm.co.mz\/#\/schema\/person\/1bb663f3c59dc61900f6f9b1c2b53552","name":"D\u00e9rcio Badru","image":{"@type":"ImageObject","inLanguage":"en-US","@id":"https:\/\/www.cfm.co.mz\/#\/schema\/person\/image\/","url":"https:\/\/www.cfm.co.mz\/wp-content\/litespeed\/avatar\/be89d6955942d7259ef76de4577d21b3.jpg?ver=1777454359","contentUrl":"https:\/\/www.cfm.co.mz\/wp-content\/litespeed\/avatar\/be89d6955942d7259ef76de4577d21b3.jpg?ver=1777454359","caption":"D\u00e9rcio Badru"},"url":"https:\/\/www.cfm.co.mz\/en\/author\/dercio\/"}]}},"_links":{"self":[{"href":"https:\/\/www.cfm.co.mz\/en\/wp-json\/wp\/v2\/posts\/9163","targetHints":{"allow":["GET"]}}],"collection":[{"href":"https:\/\/www.cfm.co.mz\/en\/wp-json\/wp\/v2\/posts"}],"about":[{"href":"https:\/\/www.cfm.co.mz\/en\/wp-json\/wp\/v2\/types\/post"}],"author":[{"embeddable":true,"href":"https:\/\/www.cfm.co.mz\/en\/wp-json\/wp\/v2\/users\/94"}],"replies":[{"embeddable":true,"href":"https:\/\/www.cfm.co.mz\/en\/wp-json\/wp\/v2\/comments?post=9163"}],"version-history":[{"count":0,"href":"https:\/\/www.cfm.co.mz\/en\/wp-json\/wp\/v2\/posts\/9163\/revisions"}],"wp:featuredmedia":[{"embeddable":true,"href":"https:\/\/www.cfm.co.mz\/en\/wp-json\/wp\/v2\/media\/9161"}],"wp:attachment":[{"href":"https:\/\/www.cfm.co.mz\/en\/wp-json\/wp\/v2\/media?parent=9163"}],"wp:term":[{"taxonomy":"category","embeddable":true,"href":"https:\/\/www.cfm.co.mz\/en\/wp-json\/wp\/v2\/categories?post=9163"},{"taxonomy":"post_tag","embeddable":true,"href":"https:\/\/www.cfm.co.mz\/en\/wp-json\/wp\/v2\/tags?post=9163"}],"curies":[{"name":"wp","href":"https:\/\/api.w.org\/{rel}","templated":true}]}}