{"id":9155,"date":"2020-02-19T14:04:14","date_gmt":"2020-02-19T14:04:14","guid":{"rendered":"https:\/\/www.cfm.co.mz\/2020\/02\/19\/pca-do-cfm-visita-direccao-executiva-norte\/"},"modified":"2020-02-19T14:04:14","modified_gmt":"2020-02-19T14:04:14","slug":"pca-do-cfm-visita-direccao-executiva-norte","status":"publish","type":"post","link":"https:\/\/www.cfm.co.mz\/en\/2020\/02\/19\/pca-do-cfm-visita-direccao-executiva-norte\/","title":{"rendered":"PCA do CFM visita Direc\u00e7\u00e3o Executiva Norte"},"content":{"rendered":"<p style=\"text-align: justify;\"><a href=\"http:\/\/www.cfm.co.mz\/wp-content\/uploads\/2020\/02\/PCA_do_CFM_visita_Direccao_Executiva_Norte_-_2020_-_Capa-scaled.jpg\" type=\"image\/jpeg\" class=\"jcepopup zoom-bottom-right\" data-mediabox-caption=\"Porto de Nacala\" data-mediabox-height=\"600\" data-mediabox-width=\"800\" data-mediabox=\"1\"><img decoding=\"async\" src=\"http:\/\/www.cfm.co.mz\/wp-content\/uploads\/2020\/02\/PCA_do_CFM_visita_Direccao_Executiva_Norte_-_2020_-_Capa-scaled.jpg\" alt=\"PCA do CFM visita Direc\u00e7\u00e3o Executiva Norte 2020 Capa\" width=\"250\" height=\"167\" style=\"margin: 10px; float: left;\" \/><\/a>O Presidente do Conselho de Administra\u00e7\u00e3o da Empresa Portos e Caminhos de Ferro de Mo\u00e7ambique (CFM), Eng. Miguel Jos\u00e9 Matabel, efectuou, entre os dias 11 e 14 de Fevereiro, uma visita \u00e0 Direc\u00e7\u00e3o Executiva Norte, com o objectivo de aferir o funcionamento das unidades de opera\u00e7\u00e3o, bem como avaliar o grau de execu\u00e7\u00e3o das recomenda\u00e7\u00f5es da \u00faltima reuni\u00e3o de Maputo.<\/p>\n<p><!--more--><\/p>\n<p style=\"text-align: justify;\"><a href=\"http:\/\/www.cfm.co.mz\/wp-content\/uploads\/2020\/02\/PCA_do_CFM_visita_Direccao_Executiva_Norte_-_Base_Logistica-scaled.jpg\" type=\"image\/jpeg\" class=\"jcepopup zoom-bottom-right\" data-mediabox-caption=\"Vista geral da Base Log\u00edstica de Pemba \" data-mediabox-height=\"600\" data-mediabox-width=\"800\" data-mediabox=\"1\"><img decoding=\"async\" src=\"http:\/\/www.cfm.co.mz\/wp-content\/uploads\/2020\/02\/PCA_do_CFM_visita_Direccao_Executiva_Norte_-_Base_Logistica-scaled.jpg\" alt=\"PCA do CFM visita Direc\u00e7\u00e3o Executiva Norte Base Log\u00edstica\" width=\"250\" height=\"167\" style=\"margin: 10px; float: right;\" \/><\/a>Em Pemba, o Eng. Jos\u00e9 Matabel visitou as obras da Base Log\u00edstica de Pemba que est\u00e1 a ser constru\u00edda pela PCD tendo ficado satisfeito com a qualidade e o rumo que as mesmas est\u00e3o a tomar, tendo mostrado expectativa de que esta unidade seja aberta dentro do prazo acordado e que todas as partes estejam satisfeitas.<em><strong> \u201cTemos que estar todos alinhados no cumprimento dos acordos e qualquer altera\u00e7\u00e3o ao projecto deva ser devidamente comunicada aos intervenientes e, neste caso, ao CFM\u201d<\/strong><\/em>&#8211; referiu Matabel.<\/p>\n<p style=\"text-align: justify;\">No Porto de Pemba, o PCA do CFM analisou o Relat\u00f3rio de Desempenho Operacional do m\u00eas de Janeiro daquele Porto e o de Moc\u00edmboa da Praia, desempenho esse que se mostrou satisfat\u00f3rio a avaliar pelo grande contributo do CFM nas opera\u00e7\u00f5es de transporte mar\u00edtimo naquela regi\u00e3o do Pa\u00eds, devido a intransitividade das vias rodovi\u00e1rias devido \u00e0s intensas chuvas.<\/p>\n<p style=\"text-align: justify;\"><a href=\"http:\/\/www.cfm.co.mz\/wp-content\/uploads\/2020\/02\/PCA_do_CFM_visita_Direccao_Executiva_Norte_-_2020_-_Bombeiros.jpg\" type=\"image\/jpeg\" class=\"jcepopup zoom-bottom-right\" data-mediabox-caption=\"Terminal de Petr\u00f3leos - Porto de Nacala\" data-mediabox-height=\"600\" data-mediabox-width=\"800\" data-mediabox=\"1\"><img decoding=\"async\" src=\"http:\/\/www.cfm.co.mz\/wp-content\/uploads\/2020\/02\/PCA_do_CFM_visita_Direccao_Executiva_Norte_-_2020_-_Bombeiros.jpg\" alt=\"PCA do CFM visita Direc\u00e7\u00e3o Executiva Norte 2020 Bombeiros\" width=\"250\" height=\"167\" style=\"margin: 10px; float: left;\" \/><\/a>Em Nampula, o Eng. Matabel deslocou-se ao Porto de Nacala onde reuniu com os trabalhadores que passaram para o quadro do CFM na sequ\u00eancia da <a href=\"index.php\/pt\/documentos-e-media\/destaques\/401-restituicao-da-gestao-do-porto-de-nacala-da-cdn-para-o-cfm\"><span style=\"text-decoration: underline;\">reconvers\u00e3o de gest\u00e3o do Porto de Nacala<\/span><\/a>, a partir do \u00faltimo m\u00eas de Janeiro. Aqui o PCA teve, igualmente, a oportunidade de acompanhar o Relat\u00f3rio de Desempenho Operacional do primeiro m\u00eas desde que o CFM reassumiu a gest\u00e3o do Porto e mostrou-se satisfeito com os n\u00fameros apresentados que indicaram uma tend\u00eancia animadora. Contudo, <strong><em>\u201cprecisamos aperfei\u00e7oar urgentemente os processos de trabalho, privilegiando sempre o trabalho em equipe, assim como melhorar as potencialidades que a plataforma da JUE oferece &#8211; recomendou\u201d<\/em><\/strong>.<\/p>\n<p style=\"text-align: justify;\">Para concluir, Matabel recomendou mais aten\u00e7\u00e3o aos clientes deixando o desafio de se trabalhar com as autoridades alfandeg\u00e1rias no sentido de reduzir o congestionamento de cami\u00f5es junto \u00e0 entrada do Porto. <strong><em>\u201cAt\u00e9 a pr\u00f3xima semana queremos ver uma proposta de implementa\u00e7\u00e3o de medidas tendentes a reduzir o congestionamento\u201d<\/em><\/strong>&#8211; determinou o PCA do CFM.<\/p>\n<p style=\"text-align: justify;\">O Porto de Nacala \u00e9 considerado um dos maiores Portos de \u00e1guas profundas na regi\u00e3o, manuseando diversas cargas de e para diversos destinos do mundo.<\/p>","protected":false},"excerpt":{"rendered":"<p>O Presidente do Conselho de Administra\u00e7\u00e3o da Empresa Portos e Caminhos de Ferro de Mo\u00e7ambique (CFM), Eng. Miguel Jos\u00e9 Matabel, efectuou, entre os dias 11 e 14 de Fevereiro, uma visita \u00e0 Direc\u00e7\u00e3o Executiva Norte, com o objectivo de aferir o funcionamento das unidades de opera\u00e7\u00e3o, bem como avaliar o grau de execu\u00e7\u00e3o das recomenda\u00e7\u00f5es da \u00faltima reuni\u00e3o de Maputo.<\/p>","protected":false},"author":94,"featured_media":9150,"comment_status":"open","ping_status":"open","sticky":false,"template":"","format":"standard","meta":{"_acf_changed":false,"pgc_sgb_lightbox_settings":"","footnotes":""},"categories":[680],"tags":[],"class_list":["post-9155","post","type-post","status-publish","format-standard","has-post-thumbnail","hentry","category-noticias"],"acf":[],"yoast_head":"<!-- This site is optimized with the Yoast SEO plugin v26.5 - https:\/\/yoast.com\/wordpress\/plugins\/seo\/ -->\n<title>PCA do CFM visita Direc\u00e7\u00e3o Executiva Norte - CFM - Caminhos De Ferros de Mo\u00e7ambique<\/title>\n<meta name=\"robots\" content=\"index, follow, max-snippet:-1, max-image-preview:large, max-video-preview:-1\" \/>\n<link rel=\"canonical\" href=\"https:\/\/www.cfm.co.mz\/en\/2020\/02\/19\/pca-do-cfm-visita-direccao-executiva-norte\/\" \/>\n<meta property=\"og:locale\" content=\"en_US\" \/>\n<meta property=\"og:type\" content=\"article\" \/>\n<meta property=\"og:title\" content=\"PCA do CFM visita Direc\u00e7\u00e3o Executiva Norte - CFM - Caminhos De Ferros de Mo\u00e7ambique\" \/>\n<meta property=\"og:description\" content=\"O Presidente do Conselho de Administra\u00e7\u00e3o da Empresa Portos e Caminhos de Ferro de Mo\u00e7ambique (CFM), Eng. Miguel Jos\u00e9 Matabel, efectuou, entre os dias 11 e 14 de Fevereiro, uma visita \u00e0 Direc\u00e7\u00e3o Executiva Norte, com o objectivo de aferir o funcionamento das unidades de opera\u00e7\u00e3o, bem como avaliar o grau de execu\u00e7\u00e3o das recomenda\u00e7\u00f5es da \u00faltima reuni\u00e3o de Maputo.\" \/>\n<meta property=\"og:url\" content=\"https:\/\/www.cfm.co.mz\/en\/2020\/02\/19\/pca-do-cfm-visita-direccao-executiva-norte\/\" \/>\n<meta property=\"og:site_name\" content=\"CFM - Caminhos De Ferros de Mo\u00e7ambique\" \/>\n<meta property=\"article:publisher\" content=\"https:\/\/www.facebook.com\/CFMMoz\" \/>\n<meta property=\"article:published_time\" content=\"2020-02-19T14:04:14+00:00\" \/>\n<meta property=\"og:image\" content=\"https:\/\/www.cfm.co.mz\/wp-content\/uploads\/2020\/02\/PCA_do_CFM_visita_Direccao_Executiva_Norte_-_2020_-_Capa-scaled.jpg\" \/>\n\t<meta property=\"og:image:width\" content=\"2560\" \/>\n\t<meta property=\"og:image:height\" content=\"1707\" \/>\n\t<meta property=\"og:image:type\" content=\"image\/jpeg\" \/>\n<meta name=\"author\" content=\"D\u00e9rcio Badru\" \/>\n<meta name=\"twitter:card\" content=\"summary_large_image\" \/>\n<meta name=\"twitter:label1\" content=\"Written by\" \/>\n\t<meta name=\"twitter:data1\" content=\"D\u00e9rcio Badru\" \/>\n\t<meta name=\"twitter:label2\" content=\"Est. reading time\" \/>\n\t<meta name=\"twitter:data2\" content=\"2 minutes\" \/>\n<script type=\"application\/ld+json\" class=\"yoast-schema-graph\">{\"@context\":\"https:\/\/schema.org\",\"@graph\":[{\"@type\":\"Article\",\"@id\":\"https:\/\/www.cfm.co.mz\/2020\/02\/19\/pca-do-cfm-visita-direccao-executiva-norte\/#article\",\"isPartOf\":{\"@id\":\"https:\/\/www.cfm.co.mz\/2020\/02\/19\/pca-do-cfm-visita-direccao-executiva-norte\/\"},\"author\":{\"name\":\"D\u00e9rcio Badru\",\"@id\":\"https:\/\/www.cfm.co.mz\/#\/schema\/person\/1bb663f3c59dc61900f6f9b1c2b53552\"},\"headline\":\"PCA do CFM visita Direc\u00e7\u00e3o Executiva Norte\",\"datePublished\":\"2020-02-19T14:04:14+00:00\",\"mainEntityOfPage\":{\"@id\":\"https:\/\/www.cfm.co.mz\/2020\/02\/19\/pca-do-cfm-visita-direccao-executiva-norte\/\"},\"wordCount\":424,\"commentCount\":0,\"publisher\":{\"@id\":\"https:\/\/www.cfm.co.mz\/#organization\"},\"image\":{\"@id\":\"https:\/\/www.cfm.co.mz\/2020\/02\/19\/pca-do-cfm-visita-direccao-executiva-norte\/#primaryimage\"},\"thumbnailUrl\":\"https:\/\/www.cfm.co.mz\/wp-content\/uploads\/2020\/02\/PCA_do_CFM_visita_Direccao_Executiva_Norte_-_2020_-_Capa-scaled.jpg\",\"articleSection\":[\"Noticias\"],\"inLanguage\":\"en-US\",\"potentialAction\":[{\"@type\":\"CommentAction\",\"name\":\"Comment\",\"target\":[\"https:\/\/www.cfm.co.mz\/2020\/02\/19\/pca-do-cfm-visita-direccao-executiva-norte\/#respond\"]}]},{\"@type\":\"WebPage\",\"@id\":\"https:\/\/www.cfm.co.mz\/2020\/02\/19\/pca-do-cfm-visita-direccao-executiva-norte\/\",\"url\":\"https:\/\/www.cfm.co.mz\/2020\/02\/19\/pca-do-cfm-visita-direccao-executiva-norte\/\",\"name\":\"PCA do CFM visita Direc\u00e7\u00e3o Executiva Norte - CFM - Caminhos De Ferros de Mo\u00e7ambique\",\"isPartOf\":{\"@id\":\"https:\/\/www.cfm.co.mz\/#website\"},\"primaryImageOfPage\":{\"@id\":\"https:\/\/www.cfm.co.mz\/2020\/02\/19\/pca-do-cfm-visita-direccao-executiva-norte\/#primaryimage\"},\"image\":{\"@id\":\"https:\/\/www.cfm.co.mz\/2020\/02\/19\/pca-do-cfm-visita-direccao-executiva-norte\/#primaryimage\"},\"thumbnailUrl\":\"https:\/\/www.cfm.co.mz\/wp-content\/uploads\/2020\/02\/PCA_do_CFM_visita_Direccao_Executiva_Norte_-_2020_-_Capa-scaled.jpg\",\"datePublished\":\"2020-02-19T14:04:14+00:00\",\"breadcrumb\":{\"@id\":\"https:\/\/www.cfm.co.mz\/2020\/02\/19\/pca-do-cfm-visita-direccao-executiva-norte\/#breadcrumb\"},\"inLanguage\":\"en-US\",\"potentialAction\":[{\"@type\":\"ReadAction\",\"target\":[\"https:\/\/www.cfm.co.mz\/2020\/02\/19\/pca-do-cfm-visita-direccao-executiva-norte\/\"]}]},{\"@type\":\"ImageObject\",\"inLanguage\":\"en-US\",\"@id\":\"https:\/\/www.cfm.co.mz\/2020\/02\/19\/pca-do-cfm-visita-direccao-executiva-norte\/#primaryimage\",\"url\":\"https:\/\/www.cfm.co.mz\/wp-content\/uploads\/2020\/02\/PCA_do_CFM_visita_Direccao_Executiva_Norte_-_2020_-_Capa-scaled.jpg\",\"contentUrl\":\"https:\/\/www.cfm.co.mz\/wp-content\/uploads\/2020\/02\/PCA_do_CFM_visita_Direccao_Executiva_Norte_-_2020_-_Capa-scaled.jpg\",\"width\":2560,\"height\":1707,\"caption\":\"PCA do CFM visita Direc\u00e7\u00e3o Executiva Norte 2020 Capa\"},{\"@type\":\"BreadcrumbList\",\"@id\":\"https:\/\/www.cfm.co.mz\/2020\/02\/19\/pca-do-cfm-visita-direccao-executiva-norte\/#breadcrumb\",\"itemListElement\":[{\"@type\":\"ListItem\",\"position\":1,\"name\":\"Home\",\"item\":\"https:\/\/www.cfm.co.mz\/\"},{\"@type\":\"ListItem\",\"position\":2,\"name\":\"PCA do CFM visita Direc\u00e7\u00e3o Executiva Norte\"}]},{\"@type\":\"WebSite\",\"@id\":\"https:\/\/www.cfm.co.mz\/#website\",\"url\":\"https:\/\/www.cfm.co.mz\/\",\"name\":\"CFM - Caminhos De Ferros de Mo\u00e7ambique\",\"description\":\"Ampliando Horizontes\",\"publisher\":{\"@id\":\"https:\/\/www.cfm.co.mz\/#organization\"},\"potentialAction\":[{\"@type\":\"SearchAction\",\"target\":{\"@type\":\"EntryPoint\",\"urlTemplate\":\"https:\/\/www.cfm.co.mz\/?s={search_term_string}\"},\"query-input\":{\"@type\":\"PropertyValueSpecification\",\"valueRequired\":true,\"valueName\":\"search_term_string\"}}],\"inLanguage\":\"en-US\"},{\"@type\":\"Organization\",\"@id\":\"https:\/\/www.cfm.co.mz\/#organization\",\"name\":\"CFM - Caminhos De Ferros de Mo\u00e7ambique\",\"url\":\"https:\/\/www.cfm.co.mz\/\",\"logo\":{\"@type\":\"ImageObject\",\"inLanguage\":\"en-US\",\"@id\":\"https:\/\/www.cfm.co.mz\/#\/schema\/logo\/image\/\",\"url\":\"https:\/\/www.cfm.co.mz\/wp-content\/uploads\/2025\/07\/be5f0679-4f5b-4d02-9719-a26ceed29162.jpg\",\"contentUrl\":\"https:\/\/www.cfm.co.mz\/wp-content\/uploads\/2025\/07\/be5f0679-4f5b-4d02-9719-a26ceed29162.jpg\",\"width\":400,\"height\":65,\"caption\":\"CFM - Caminhos De Ferros de Mo\u00e7ambique\"},\"image\":{\"@id\":\"https:\/\/www.cfm.co.mz\/#\/schema\/logo\/image\/\"},\"sameAs\":[\"https:\/\/www.facebook.com\/CFMMoz\",\"https:\/\/www.linkedin.com\/company\/caminhos-de-ferro-de-moambique\/\"]},{\"@type\":\"Person\",\"@id\":\"https:\/\/www.cfm.co.mz\/#\/schema\/person\/1bb663f3c59dc61900f6f9b1c2b53552\",\"name\":\"D\u00e9rcio Badru\",\"image\":{\"@type\":\"ImageObject\",\"inLanguage\":\"en-US\",\"@id\":\"https:\/\/www.cfm.co.mz\/#\/schema\/person\/image\/\",\"url\":\"https:\/\/www.cfm.co.mz\/wp-content\/litespeed\/avatar\/be89d6955942d7259ef76de4577d21b3.jpg?ver=1777454359\",\"contentUrl\":\"https:\/\/www.cfm.co.mz\/wp-content\/litespeed\/avatar\/be89d6955942d7259ef76de4577d21b3.jpg?ver=1777454359\",\"caption\":\"D\u00e9rcio Badru\"},\"url\":\"https:\/\/www.cfm.co.mz\/en\/author\/dercio\/\"}]}<\/script>\n<!-- \/ Yoast SEO plugin. -->","yoast_head_json":{"title":"PCA do CFM visita Direc\u00e7\u00e3o Executiva Norte - CFM - Caminhos De Ferros de Mo\u00e7ambique","robots":{"index":"index","follow":"follow","max-snippet":"max-snippet:-1","max-image-preview":"max-image-preview:large","max-video-preview":"max-video-preview:-1"},"canonical":"https:\/\/www.cfm.co.mz\/en\/2020\/02\/19\/pca-do-cfm-visita-direccao-executiva-norte\/","og_locale":"en_US","og_type":"article","og_title":"PCA do CFM visita Direc\u00e7\u00e3o Executiva Norte - CFM - Caminhos De Ferros de Mo\u00e7ambique","og_description":"O Presidente do Conselho de Administra\u00e7\u00e3o da Empresa Portos e Caminhos de Ferro de Mo\u00e7ambique (CFM), Eng. Miguel Jos\u00e9 Matabel, efectuou, entre os dias 11 e 14 de Fevereiro, uma visita \u00e0 Direc\u00e7\u00e3o Executiva Norte, com o objectivo de aferir o funcionamento das unidades de opera\u00e7\u00e3o, bem como avaliar o grau de execu\u00e7\u00e3o das recomenda\u00e7\u00f5es da \u00faltima reuni\u00e3o de Maputo.","og_url":"https:\/\/www.cfm.co.mz\/en\/2020\/02\/19\/pca-do-cfm-visita-direccao-executiva-norte\/","og_site_name":"CFM - Caminhos De Ferros de Mo\u00e7ambique","article_publisher":"https:\/\/www.facebook.com\/CFMMoz","article_published_time":"2020-02-19T14:04:14+00:00","og_image":[{"width":2560,"height":1707,"url":"https:\/\/www.cfm.co.mz\/wp-content\/uploads\/2020\/02\/PCA_do_CFM_visita_Direccao_Executiva_Norte_-_2020_-_Capa-scaled.jpg","type":"image\/jpeg"}],"author":"D\u00e9rcio Badru","twitter_card":"summary_large_image","twitter_misc":{"Written by":"D\u00e9rcio Badru","Est. reading time":"2 minutes"},"schema":{"@context":"https:\/\/schema.org","@graph":[{"@type":"Article","@id":"https:\/\/www.cfm.co.mz\/2020\/02\/19\/pca-do-cfm-visita-direccao-executiva-norte\/#article","isPartOf":{"@id":"https:\/\/www.cfm.co.mz\/2020\/02\/19\/pca-do-cfm-visita-direccao-executiva-norte\/"},"author":{"name":"D\u00e9rcio Badru","@id":"https:\/\/www.cfm.co.mz\/#\/schema\/person\/1bb663f3c59dc61900f6f9b1c2b53552"},"headline":"PCA do CFM visita Direc\u00e7\u00e3o Executiva Norte","datePublished":"2020-02-19T14:04:14+00:00","mainEntityOfPage":{"@id":"https:\/\/www.cfm.co.mz\/2020\/02\/19\/pca-do-cfm-visita-direccao-executiva-norte\/"},"wordCount":424,"commentCount":0,"publisher":{"@id":"https:\/\/www.cfm.co.mz\/#organization"},"image":{"@id":"https:\/\/www.cfm.co.mz\/2020\/02\/19\/pca-do-cfm-visita-direccao-executiva-norte\/#primaryimage"},"thumbnailUrl":"https:\/\/www.cfm.co.mz\/wp-content\/uploads\/2020\/02\/PCA_do_CFM_visita_Direccao_Executiva_Norte_-_2020_-_Capa-scaled.jpg","articleSection":["Noticias"],"inLanguage":"en-US","potentialAction":[{"@type":"CommentAction","name":"Comment","target":["https:\/\/www.cfm.co.mz\/2020\/02\/19\/pca-do-cfm-visita-direccao-executiva-norte\/#respond"]}]},{"@type":"WebPage","@id":"https:\/\/www.cfm.co.mz\/2020\/02\/19\/pca-do-cfm-visita-direccao-executiva-norte\/","url":"https:\/\/www.cfm.co.mz\/2020\/02\/19\/pca-do-cfm-visita-direccao-executiva-norte\/","name":"PCA do CFM visita Direc\u00e7\u00e3o Executiva Norte - CFM - Caminhos De Ferros de Mo\u00e7ambique","isPartOf":{"@id":"https:\/\/www.cfm.co.mz\/#website"},"primaryImageOfPage":{"@id":"https:\/\/www.cfm.co.mz\/2020\/02\/19\/pca-do-cfm-visita-direccao-executiva-norte\/#primaryimage"},"image":{"@id":"https:\/\/www.cfm.co.mz\/2020\/02\/19\/pca-do-cfm-visita-direccao-executiva-norte\/#primaryimage"},"thumbnailUrl":"https:\/\/www.cfm.co.mz\/wp-content\/uploads\/2020\/02\/PCA_do_CFM_visita_Direccao_Executiva_Norte_-_2020_-_Capa-scaled.jpg","datePublished":"2020-02-19T14:04:14+00:00","breadcrumb":{"@id":"https:\/\/www.cfm.co.mz\/2020\/02\/19\/pca-do-cfm-visita-direccao-executiva-norte\/#breadcrumb"},"inLanguage":"en-US","potentialAction":[{"@type":"ReadAction","target":["https:\/\/www.cfm.co.mz\/2020\/02\/19\/pca-do-cfm-visita-direccao-executiva-norte\/"]}]},{"@type":"ImageObject","inLanguage":"en-US","@id":"https:\/\/www.cfm.co.mz\/2020\/02\/19\/pca-do-cfm-visita-direccao-executiva-norte\/#primaryimage","url":"https:\/\/www.cfm.co.mz\/wp-content\/uploads\/2020\/02\/PCA_do_CFM_visita_Direccao_Executiva_Norte_-_2020_-_Capa-scaled.jpg","contentUrl":"https:\/\/www.cfm.co.mz\/wp-content\/uploads\/2020\/02\/PCA_do_CFM_visita_Direccao_Executiva_Norte_-_2020_-_Capa-scaled.jpg","width":2560,"height":1707,"caption":"PCA do CFM visita Direc\u00e7\u00e3o Executiva Norte 2020 Capa"},{"@type":"BreadcrumbList","@id":"https:\/\/www.cfm.co.mz\/2020\/02\/19\/pca-do-cfm-visita-direccao-executiva-norte\/#breadcrumb","itemListElement":[{"@type":"ListItem","position":1,"name":"Home","item":"https:\/\/www.cfm.co.mz\/"},{"@type":"ListItem","position":2,"name":"PCA do CFM visita Direc\u00e7\u00e3o Executiva Norte"}]},{"@type":"WebSite","@id":"https:\/\/www.cfm.co.mz\/#website","url":"https:\/\/www.cfm.co.mz\/","name":"CFM - Caminhos De Ferros de Mo\u00e7ambique","description":"Ampliando Horizontes","publisher":{"@id":"https:\/\/www.cfm.co.mz\/#organization"},"potentialAction":[{"@type":"SearchAction","target":{"@type":"EntryPoint","urlTemplate":"https:\/\/www.cfm.co.mz\/?s={search_term_string}"},"query-input":{"@type":"PropertyValueSpecification","valueRequired":true,"valueName":"search_term_string"}}],"inLanguage":"en-US"},{"@type":"Organization","@id":"https:\/\/www.cfm.co.mz\/#organization","name":"CFM - Caminhos De Ferros de Mo\u00e7ambique","url":"https:\/\/www.cfm.co.mz\/","logo":{"@type":"ImageObject","inLanguage":"en-US","@id":"https:\/\/www.cfm.co.mz\/#\/schema\/logo\/image\/","url":"https:\/\/www.cfm.co.mz\/wp-content\/uploads\/2025\/07\/be5f0679-4f5b-4d02-9719-a26ceed29162.jpg","contentUrl":"https:\/\/www.cfm.co.mz\/wp-content\/uploads\/2025\/07\/be5f0679-4f5b-4d02-9719-a26ceed29162.jpg","width":400,"height":65,"caption":"CFM - Caminhos De Ferros de Mo\u00e7ambique"},"image":{"@id":"https:\/\/www.cfm.co.mz\/#\/schema\/logo\/image\/"},"sameAs":["https:\/\/www.facebook.com\/CFMMoz","https:\/\/www.linkedin.com\/company\/caminhos-de-ferro-de-moambique\/"]},{"@type":"Person","@id":"https:\/\/www.cfm.co.mz\/#\/schema\/person\/1bb663f3c59dc61900f6f9b1c2b53552","name":"D\u00e9rcio Badru","image":{"@type":"ImageObject","inLanguage":"en-US","@id":"https:\/\/www.cfm.co.mz\/#\/schema\/person\/image\/","url":"https:\/\/www.cfm.co.mz\/wp-content\/litespeed\/avatar\/be89d6955942d7259ef76de4577d21b3.jpg?ver=1777454359","contentUrl":"https:\/\/www.cfm.co.mz\/wp-content\/litespeed\/avatar\/be89d6955942d7259ef76de4577d21b3.jpg?ver=1777454359","caption":"D\u00e9rcio Badru"},"url":"https:\/\/www.cfm.co.mz\/en\/author\/dercio\/"}]}},"_links":{"self":[{"href":"https:\/\/www.cfm.co.mz\/en\/wp-json\/wp\/v2\/posts\/9155","targetHints":{"allow":["GET"]}}],"collection":[{"href":"https:\/\/www.cfm.co.mz\/en\/wp-json\/wp\/v2\/posts"}],"about":[{"href":"https:\/\/www.cfm.co.mz\/en\/wp-json\/wp\/v2\/types\/post"}],"author":[{"embeddable":true,"href":"https:\/\/www.cfm.co.mz\/en\/wp-json\/wp\/v2\/users\/94"}],"replies":[{"embeddable":true,"href":"https:\/\/www.cfm.co.mz\/en\/wp-json\/wp\/v2\/comments?post=9155"}],"version-history":[{"count":0,"href":"https:\/\/www.cfm.co.mz\/en\/wp-json\/wp\/v2\/posts\/9155\/revisions"}],"wp:featuredmedia":[{"embeddable":true,"href":"https:\/\/www.cfm.co.mz\/en\/wp-json\/wp\/v2\/media\/9150"}],"wp:attachment":[{"href":"https:\/\/www.cfm.co.mz\/en\/wp-json\/wp\/v2\/media?parent=9155"}],"wp:term":[{"taxonomy":"category","embeddable":true,"href":"https:\/\/www.cfm.co.mz\/en\/wp-json\/wp\/v2\/categories?post=9155"},{"taxonomy":"post_tag","embeddable":true,"href":"https:\/\/www.cfm.co.mz\/en\/wp-json\/wp\/v2\/tags?post=9155"}],"curies":[{"name":"wp","href":"https:\/\/api.w.org\/{rel}","templated":true}]}}