{"id":9140,"date":"2019-12-05T19:31:54","date_gmt":"2019-12-05T19:31:54","guid":{"rendered":"https:\/\/www.cfm.co.mz\/2019\/12\/05\/situacao-do-congestionamento-de-camioes-de-transporte-de-minerios-na-estrada-nacional-nr-4-en4\/"},"modified":"2019-12-05T19:31:54","modified_gmt":"2019-12-05T19:31:54","slug":"situacao-do-congestionamento-de-camioes-de-transporte-de-minerios-na-estrada-nacional-nr-4-en4","status":"publish","type":"post","link":"https:\/\/www.cfm.co.mz\/en\/2019\/12\/05\/situacao-do-congestionamento-de-camioes-de-transporte-de-minerios-na-estrada-nacional-nr-4-en4\/","title":{"rendered":"Situa\u00e7\u00e3o do Congestionamento de Cami\u00f5es de Transporte de Min\u00e9rios na Estrada Nacional Nr.4 (EN4)"},"content":{"rendered":"<p style=\"text-align: justify;\"><a href=\"http:\/\/www.cfm.co.mz\/wp-content\/uploads\/2019\/12\/Locomotiva_Nova_D_715-scaled.jpg\" type=\"image\/jpeg\" class=\"jcepopup zoom-bottom-right\" data-mediabox=\"1\" data-mediabox-width=\"800\" data-mediabox-height=\"600\" data-mediabox-caption=\"Locomotivas de grande pot\u00eancia 3300 HP\"><img decoding=\"async\" src=\"http:\/\/www.cfm.co.mz\/wp-content\/uploads\/2019\/12\/Locomotiva_Nova_D_715-scaled.jpg\" alt=\"Locomotiva Nova D 715\" width=\"250\" style=\"margin: 10px; float: left;\" \/><\/a>A Empresa Portos e Caminhos de Ferro de Mocambique- EP (CFM), tem estado a notar com preocupa\u00e7\u00e3o a situa\u00e7\u00e3o do aumento do tr\u00e2nsito de cami\u00f5es na EN4, sentido \u00c1frica do Sul- Ressano Garcia- Porto de Maputo, facto que tem causado grandes transtornos na circula\u00e7\u00e3o rodovi\u00e1ria.<\/p>\n<p><!--more--><\/p>\n<p style=\"text-align: justify;\">Efectivamente, a situa\u00e7\u00e3o resulta de problemas operacionais no sistema ferrovi\u00e1rio sul-africano, onde, segundo consta, bruscamente, elevou-se a procura deste meio de transporte por parte dos clientes baseados naquele Pa\u00eds. Como alternativa, est\u00e3o sendo for\u00e7ados a optar pelo escoamento das suas cargas por via rodovi\u00e1ria.<\/p>\n<p style=\"text-align: justify;\"><a href=\"http:\/\/www.cfm.co.mz\/wp-content\/uploads\/2019\/12\/Vagao_Novo__Bordas_baixas-scaled.jpg\" type=\"image\/jpeg\" class=\"jcepopup zoom-bottom-right\" data-mediabox=\"1\" data-mediabox-width=\"800\" data-mediabox-height=\"600\" data-mediabox-caption=\"Parte de Vag\u00f5es de bordas baixas rec\u00e9m adquiridos\"><img decoding=\"async\" src=\"http:\/\/www.cfm.co.mz\/wp-content\/uploads\/2019\/12\/Vagao_Novo__Bordas_baixas-scaled.jpg\" alt=\"Vag\u00e3o Novo Bordas baixas\" width=\"250\" height=\"167\" style=\"margin: 10px; float: right;\" \/><\/a>De referir que, tal como tem acontecido, o CFM est\u00e1 preparado para transportar as cargas que transitarem para o territ\u00f3rio mo\u00e7ambicano at\u00e9 ao Porto de Maputo e\/ou Matola a partir de Komatipoort, tanto \u00e9 que, no \u00e2mbito do Plano Estrat\u00e9gico da Empresa, para refor\u00e7ar a capacidade de reboque, a Empresa acaba de adquirir 300 vag\u00f5es para o transporte de cargas, grande parte dos quais a caminho de Maputo, destinados exclusivamente para a Linha de Ressano Garcia.<\/p>\n<p style=\"text-align: justify;\">No mesmo \u00e2mbito, e tendo em vista continuar a contribuir para a solu\u00e7\u00e3o definitiva desta situa\u00e7\u00e3o, em alinhamento com outras entidades (principalmente com as Alf\u00e2ndegas), o CFM est\u00e1 a construir um Porto Seco em Ressano Garcia (prevendo-se que esteja pronto at\u00e9 Mar\u00e7o de 2020), para onde os cami\u00f5es poder\u00e3o descarregar e, de l\u00e1, as cargas serem colocadas nos vag\u00f5es com destino aos Portos de Maputo e\/ou Matola.<\/p>","protected":false},"excerpt":{"rendered":"<p>A Empresa Portos e Caminhos de Ferro de Mocambique- EP (CFM), tem estado a notar com preocupa\u00e7\u00e3o a situa\u00e7\u00e3o do aumento do tr\u00e2nsito de cami\u00f5es na EN4, sentido \u00c1frica do Sul- Ressano Garcia- Porto de Maputo, facto que tem causado grandes transtornos na circula\u00e7\u00e3o rodovi\u00e1ria.<\/p>","protected":false},"author":94,"featured_media":9137,"comment_status":"open","ping_status":"open","sticky":false,"template":"","format":"standard","meta":{"_acf_changed":false,"pgc_sgb_lightbox_settings":"","footnotes":""},"categories":[680],"tags":[],"class_list":["post-9140","post","type-post","status-publish","format-standard","has-post-thumbnail","hentry","category-noticias"],"acf":[],"yoast_head":"<!-- This site is optimized with the Yoast SEO plugin v26.5 - https:\/\/yoast.com\/wordpress\/plugins\/seo\/ -->\n<title>Situa\u00e7\u00e3o do Congestionamento de Cami\u00f5es de Transporte de Min\u00e9rios na Estrada Nacional Nr.4 (EN4) - CFM - Caminhos De Ferros de Mo\u00e7ambique<\/title>\n<meta name=\"robots\" content=\"index, follow, max-snippet:-1, max-image-preview:large, max-video-preview:-1\" \/>\n<link rel=\"canonical\" href=\"https:\/\/www.cfm.co.mz\/en\/2019\/12\/05\/situacao-do-congestionamento-de-camioes-de-transporte-de-minerios-na-estrada-nacional-nr-4-en4\/\" \/>\n<meta property=\"og:locale\" content=\"en_US\" \/>\n<meta property=\"og:type\" content=\"article\" \/>\n<meta property=\"og:title\" content=\"Situa\u00e7\u00e3o do Congestionamento de Cami\u00f5es de Transporte de Min\u00e9rios na Estrada Nacional Nr.4 (EN4) - CFM - Caminhos De Ferros de Mo\u00e7ambique\" \/>\n<meta property=\"og:description\" content=\"A Empresa Portos e Caminhos de Ferro de Mocambique- EP (CFM), tem estado a notar com preocupa\u00e7\u00e3o a situa\u00e7\u00e3o do aumento do tr\u00e2nsito de cami\u00f5es na EN4, sentido \u00c1frica do Sul- Ressano Garcia- Porto de Maputo, facto que tem causado grandes transtornos na circula\u00e7\u00e3o rodovi\u00e1ria.\" \/>\n<meta property=\"og:url\" content=\"https:\/\/www.cfm.co.mz\/en\/2019\/12\/05\/situacao-do-congestionamento-de-camioes-de-transporte-de-minerios-na-estrada-nacional-nr-4-en4\/\" \/>\n<meta property=\"og:site_name\" content=\"CFM - Caminhos De Ferros de Mo\u00e7ambique\" \/>\n<meta property=\"article:publisher\" content=\"https:\/\/www.facebook.com\/CFMMoz\" \/>\n<meta property=\"article:published_time\" content=\"2019-12-05T19:31:54+00:00\" \/>\n<meta property=\"og:image\" content=\"https:\/\/www.cfm.co.mz\/wp-content\/uploads\/2019\/12\/Locomotiva_Nova_D_715-scaled.jpg\" \/>\n\t<meta property=\"og:image:width\" content=\"2560\" \/>\n\t<meta property=\"og:image:height\" content=\"1706\" \/>\n\t<meta property=\"og:image:type\" content=\"image\/jpeg\" \/>\n<meta name=\"author\" content=\"D\u00e9rcio Badru\" \/>\n<meta name=\"twitter:card\" content=\"summary_large_image\" \/>\n<meta name=\"twitter:label1\" content=\"Written by\" \/>\n\t<meta name=\"twitter:data1\" content=\"D\u00e9rcio Badru\" \/>\n\t<meta name=\"twitter:label2\" content=\"Est. reading time\" \/>\n\t<meta name=\"twitter:data2\" content=\"1 minute\" \/>\n<script type=\"application\/ld+json\" class=\"yoast-schema-graph\">{\"@context\":\"https:\/\/schema.org\",\"@graph\":[{\"@type\":\"Article\",\"@id\":\"https:\/\/www.cfm.co.mz\/2019\/12\/05\/situacao-do-congestionamento-de-camioes-de-transporte-de-minerios-na-estrada-nacional-nr-4-en4\/#article\",\"isPartOf\":{\"@id\":\"https:\/\/www.cfm.co.mz\/2019\/12\/05\/situacao-do-congestionamento-de-camioes-de-transporte-de-minerios-na-estrada-nacional-nr-4-en4\/\"},\"author\":{\"name\":\"D\u00e9rcio Badru\",\"@id\":\"https:\/\/www.cfm.co.mz\/#\/schema\/person\/1bb663f3c59dc61900f6f9b1c2b53552\"},\"headline\":\"Situa\u00e7\u00e3o do Congestionamento de Cami\u00f5es de Transporte de Min\u00e9rios na Estrada Nacional Nr.4 (EN4)\",\"datePublished\":\"2019-12-05T19:31:54+00:00\",\"mainEntityOfPage\":{\"@id\":\"https:\/\/www.cfm.co.mz\/2019\/12\/05\/situacao-do-congestionamento-de-camioes-de-transporte-de-minerios-na-estrada-nacional-nr-4-en4\/\"},\"wordCount\":272,\"commentCount\":0,\"publisher\":{\"@id\":\"https:\/\/www.cfm.co.mz\/#organization\"},\"image\":{\"@id\":\"https:\/\/www.cfm.co.mz\/2019\/12\/05\/situacao-do-congestionamento-de-camioes-de-transporte-de-minerios-na-estrada-nacional-nr-4-en4\/#primaryimage\"},\"thumbnailUrl\":\"https:\/\/www.cfm.co.mz\/wp-content\/uploads\/2019\/12\/Locomotiva_Nova_D_715-scaled.jpg\",\"articleSection\":[\"Noticias\"],\"inLanguage\":\"en-US\",\"potentialAction\":[{\"@type\":\"CommentAction\",\"name\":\"Comment\",\"target\":[\"https:\/\/www.cfm.co.mz\/2019\/12\/05\/situacao-do-congestionamento-de-camioes-de-transporte-de-minerios-na-estrada-nacional-nr-4-en4\/#respond\"]}]},{\"@type\":\"WebPage\",\"@id\":\"https:\/\/www.cfm.co.mz\/2019\/12\/05\/situacao-do-congestionamento-de-camioes-de-transporte-de-minerios-na-estrada-nacional-nr-4-en4\/\",\"url\":\"https:\/\/www.cfm.co.mz\/2019\/12\/05\/situacao-do-congestionamento-de-camioes-de-transporte-de-minerios-na-estrada-nacional-nr-4-en4\/\",\"name\":\"Situa\u00e7\u00e3o do Congestionamento de Cami\u00f5es de Transporte de Min\u00e9rios na Estrada Nacional Nr.4 (EN4) - CFM - Caminhos De Ferros de Mo\u00e7ambique\",\"isPartOf\":{\"@id\":\"https:\/\/www.cfm.co.mz\/#website\"},\"primaryImageOfPage\":{\"@id\":\"https:\/\/www.cfm.co.mz\/2019\/12\/05\/situacao-do-congestionamento-de-camioes-de-transporte-de-minerios-na-estrada-nacional-nr-4-en4\/#primaryimage\"},\"image\":{\"@id\":\"https:\/\/www.cfm.co.mz\/2019\/12\/05\/situacao-do-congestionamento-de-camioes-de-transporte-de-minerios-na-estrada-nacional-nr-4-en4\/#primaryimage\"},\"thumbnailUrl\":\"https:\/\/www.cfm.co.mz\/wp-content\/uploads\/2019\/12\/Locomotiva_Nova_D_715-scaled.jpg\",\"datePublished\":\"2019-12-05T19:31:54+00:00\",\"breadcrumb\":{\"@id\":\"https:\/\/www.cfm.co.mz\/2019\/12\/05\/situacao-do-congestionamento-de-camioes-de-transporte-de-minerios-na-estrada-nacional-nr-4-en4\/#breadcrumb\"},\"inLanguage\":\"en-US\",\"potentialAction\":[{\"@type\":\"ReadAction\",\"target\":[\"https:\/\/www.cfm.co.mz\/2019\/12\/05\/situacao-do-congestionamento-de-camioes-de-transporte-de-minerios-na-estrada-nacional-nr-4-en4\/\"]}]},{\"@type\":\"ImageObject\",\"inLanguage\":\"en-US\",\"@id\":\"https:\/\/www.cfm.co.mz\/2019\/12\/05\/situacao-do-congestionamento-de-camioes-de-transporte-de-minerios-na-estrada-nacional-nr-4-en4\/#primaryimage\",\"url\":\"https:\/\/www.cfm.co.mz\/wp-content\/uploads\/2019\/12\/Locomotiva_Nova_D_715-scaled.jpg\",\"contentUrl\":\"https:\/\/www.cfm.co.mz\/wp-content\/uploads\/2019\/12\/Locomotiva_Nova_D_715-scaled.jpg\",\"width\":2560,\"height\":1706,\"caption\":\"Locomotiva Nova D 715\"},{\"@type\":\"BreadcrumbList\",\"@id\":\"https:\/\/www.cfm.co.mz\/2019\/12\/05\/situacao-do-congestionamento-de-camioes-de-transporte-de-minerios-na-estrada-nacional-nr-4-en4\/#breadcrumb\",\"itemListElement\":[{\"@type\":\"ListItem\",\"position\":1,\"name\":\"Home\",\"item\":\"https:\/\/www.cfm.co.mz\/\"},{\"@type\":\"ListItem\",\"position\":2,\"name\":\"Situa\u00e7\u00e3o do Congestionamento de Cami\u00f5es de Transporte de Min\u00e9rios na Estrada Nacional Nr.4 (EN4)\"}]},{\"@type\":\"WebSite\",\"@id\":\"https:\/\/www.cfm.co.mz\/#website\",\"url\":\"https:\/\/www.cfm.co.mz\/\",\"name\":\"CFM - Caminhos De Ferros de Mo\u00e7ambique\",\"description\":\"Ampliando Horizontes\",\"publisher\":{\"@id\":\"https:\/\/www.cfm.co.mz\/#organization\"},\"potentialAction\":[{\"@type\":\"SearchAction\",\"target\":{\"@type\":\"EntryPoint\",\"urlTemplate\":\"https:\/\/www.cfm.co.mz\/?s={search_term_string}\"},\"query-input\":{\"@type\":\"PropertyValueSpecification\",\"valueRequired\":true,\"valueName\":\"search_term_string\"}}],\"inLanguage\":\"en-US\"},{\"@type\":\"Organization\",\"@id\":\"https:\/\/www.cfm.co.mz\/#organization\",\"name\":\"CFM - Caminhos De Ferros de Mo\u00e7ambique\",\"url\":\"https:\/\/www.cfm.co.mz\/\",\"logo\":{\"@type\":\"ImageObject\",\"inLanguage\":\"en-US\",\"@id\":\"https:\/\/www.cfm.co.mz\/#\/schema\/logo\/image\/\",\"url\":\"https:\/\/www.cfm.co.mz\/wp-content\/uploads\/2025\/07\/be5f0679-4f5b-4d02-9719-a26ceed29162.jpg\",\"contentUrl\":\"https:\/\/www.cfm.co.mz\/wp-content\/uploads\/2025\/07\/be5f0679-4f5b-4d02-9719-a26ceed29162.jpg\",\"width\":400,\"height\":65,\"caption\":\"CFM - Caminhos De Ferros de Mo\u00e7ambique\"},\"image\":{\"@id\":\"https:\/\/www.cfm.co.mz\/#\/schema\/logo\/image\/\"},\"sameAs\":[\"https:\/\/www.facebook.com\/CFMMoz\",\"https:\/\/www.linkedin.com\/company\/caminhos-de-ferro-de-moambique\/\"]},{\"@type\":\"Person\",\"@id\":\"https:\/\/www.cfm.co.mz\/#\/schema\/person\/1bb663f3c59dc61900f6f9b1c2b53552\",\"name\":\"D\u00e9rcio Badru\",\"image\":{\"@type\":\"ImageObject\",\"inLanguage\":\"en-US\",\"@id\":\"https:\/\/www.cfm.co.mz\/#\/schema\/person\/image\/\",\"url\":\"https:\/\/www.cfm.co.mz\/wp-content\/litespeed\/avatar\/be89d6955942d7259ef76de4577d21b3.jpg?ver=1777454359\",\"contentUrl\":\"https:\/\/www.cfm.co.mz\/wp-content\/litespeed\/avatar\/be89d6955942d7259ef76de4577d21b3.jpg?ver=1777454359\",\"caption\":\"D\u00e9rcio Badru\"},\"url\":\"https:\/\/www.cfm.co.mz\/en\/author\/dercio\/\"}]}<\/script>\n<!-- \/ Yoast SEO plugin. -->","yoast_head_json":{"title":"Situa\u00e7\u00e3o do Congestionamento de Cami\u00f5es de Transporte de Min\u00e9rios na Estrada Nacional Nr.4 (EN4) - CFM - Caminhos De Ferros de Mo\u00e7ambique","robots":{"index":"index","follow":"follow","max-snippet":"max-snippet:-1","max-image-preview":"max-image-preview:large","max-video-preview":"max-video-preview:-1"},"canonical":"https:\/\/www.cfm.co.mz\/en\/2019\/12\/05\/situacao-do-congestionamento-de-camioes-de-transporte-de-minerios-na-estrada-nacional-nr-4-en4\/","og_locale":"en_US","og_type":"article","og_title":"Situa\u00e7\u00e3o do Congestionamento de Cami\u00f5es de Transporte de Min\u00e9rios na Estrada Nacional Nr.4 (EN4) - CFM - Caminhos De Ferros de Mo\u00e7ambique","og_description":"A Empresa Portos e Caminhos de Ferro de Mocambique- EP (CFM), tem estado a notar com preocupa\u00e7\u00e3o a situa\u00e7\u00e3o do aumento do tr\u00e2nsito de cami\u00f5es na EN4, sentido \u00c1frica do Sul- Ressano Garcia- Porto de Maputo, facto que tem causado grandes transtornos na circula\u00e7\u00e3o rodovi\u00e1ria.","og_url":"https:\/\/www.cfm.co.mz\/en\/2019\/12\/05\/situacao-do-congestionamento-de-camioes-de-transporte-de-minerios-na-estrada-nacional-nr-4-en4\/","og_site_name":"CFM - Caminhos De Ferros de Mo\u00e7ambique","article_publisher":"https:\/\/www.facebook.com\/CFMMoz","article_published_time":"2019-12-05T19:31:54+00:00","og_image":[{"width":2560,"height":1706,"url":"https:\/\/www.cfm.co.mz\/wp-content\/uploads\/2019\/12\/Locomotiva_Nova_D_715-scaled.jpg","type":"image\/jpeg"}],"author":"D\u00e9rcio Badru","twitter_card":"summary_large_image","twitter_misc":{"Written by":"D\u00e9rcio Badru","Est. reading time":"1 minute"},"schema":{"@context":"https:\/\/schema.org","@graph":[{"@type":"Article","@id":"https:\/\/www.cfm.co.mz\/2019\/12\/05\/situacao-do-congestionamento-de-camioes-de-transporte-de-minerios-na-estrada-nacional-nr-4-en4\/#article","isPartOf":{"@id":"https:\/\/www.cfm.co.mz\/2019\/12\/05\/situacao-do-congestionamento-de-camioes-de-transporte-de-minerios-na-estrada-nacional-nr-4-en4\/"},"author":{"name":"D\u00e9rcio Badru","@id":"https:\/\/www.cfm.co.mz\/#\/schema\/person\/1bb663f3c59dc61900f6f9b1c2b53552"},"headline":"Situa\u00e7\u00e3o do Congestionamento de Cami\u00f5es de Transporte de Min\u00e9rios na Estrada Nacional Nr.4 (EN4)","datePublished":"2019-12-05T19:31:54+00:00","mainEntityOfPage":{"@id":"https:\/\/www.cfm.co.mz\/2019\/12\/05\/situacao-do-congestionamento-de-camioes-de-transporte-de-minerios-na-estrada-nacional-nr-4-en4\/"},"wordCount":272,"commentCount":0,"publisher":{"@id":"https:\/\/www.cfm.co.mz\/#organization"},"image":{"@id":"https:\/\/www.cfm.co.mz\/2019\/12\/05\/situacao-do-congestionamento-de-camioes-de-transporte-de-minerios-na-estrada-nacional-nr-4-en4\/#primaryimage"},"thumbnailUrl":"https:\/\/www.cfm.co.mz\/wp-content\/uploads\/2019\/12\/Locomotiva_Nova_D_715-scaled.jpg","articleSection":["Noticias"],"inLanguage":"en-US","potentialAction":[{"@type":"CommentAction","name":"Comment","target":["https:\/\/www.cfm.co.mz\/2019\/12\/05\/situacao-do-congestionamento-de-camioes-de-transporte-de-minerios-na-estrada-nacional-nr-4-en4\/#respond"]}]},{"@type":"WebPage","@id":"https:\/\/www.cfm.co.mz\/2019\/12\/05\/situacao-do-congestionamento-de-camioes-de-transporte-de-minerios-na-estrada-nacional-nr-4-en4\/","url":"https:\/\/www.cfm.co.mz\/2019\/12\/05\/situacao-do-congestionamento-de-camioes-de-transporte-de-minerios-na-estrada-nacional-nr-4-en4\/","name":"Situa\u00e7\u00e3o do Congestionamento de Cami\u00f5es de Transporte de Min\u00e9rios na Estrada Nacional Nr.4 (EN4) - CFM - Caminhos De Ferros de Mo\u00e7ambique","isPartOf":{"@id":"https:\/\/www.cfm.co.mz\/#website"},"primaryImageOfPage":{"@id":"https:\/\/www.cfm.co.mz\/2019\/12\/05\/situacao-do-congestionamento-de-camioes-de-transporte-de-minerios-na-estrada-nacional-nr-4-en4\/#primaryimage"},"image":{"@id":"https:\/\/www.cfm.co.mz\/2019\/12\/05\/situacao-do-congestionamento-de-camioes-de-transporte-de-minerios-na-estrada-nacional-nr-4-en4\/#primaryimage"},"thumbnailUrl":"https:\/\/www.cfm.co.mz\/wp-content\/uploads\/2019\/12\/Locomotiva_Nova_D_715-scaled.jpg","datePublished":"2019-12-05T19:31:54+00:00","breadcrumb":{"@id":"https:\/\/www.cfm.co.mz\/2019\/12\/05\/situacao-do-congestionamento-de-camioes-de-transporte-de-minerios-na-estrada-nacional-nr-4-en4\/#breadcrumb"},"inLanguage":"en-US","potentialAction":[{"@type":"ReadAction","target":["https:\/\/www.cfm.co.mz\/2019\/12\/05\/situacao-do-congestionamento-de-camioes-de-transporte-de-minerios-na-estrada-nacional-nr-4-en4\/"]}]},{"@type":"ImageObject","inLanguage":"en-US","@id":"https:\/\/www.cfm.co.mz\/2019\/12\/05\/situacao-do-congestionamento-de-camioes-de-transporte-de-minerios-na-estrada-nacional-nr-4-en4\/#primaryimage","url":"https:\/\/www.cfm.co.mz\/wp-content\/uploads\/2019\/12\/Locomotiva_Nova_D_715-scaled.jpg","contentUrl":"https:\/\/www.cfm.co.mz\/wp-content\/uploads\/2019\/12\/Locomotiva_Nova_D_715-scaled.jpg","width":2560,"height":1706,"caption":"Locomotiva Nova D 715"},{"@type":"BreadcrumbList","@id":"https:\/\/www.cfm.co.mz\/2019\/12\/05\/situacao-do-congestionamento-de-camioes-de-transporte-de-minerios-na-estrada-nacional-nr-4-en4\/#breadcrumb","itemListElement":[{"@type":"ListItem","position":1,"name":"Home","item":"https:\/\/www.cfm.co.mz\/"},{"@type":"ListItem","position":2,"name":"Situa\u00e7\u00e3o do Congestionamento de Cami\u00f5es de Transporte de Min\u00e9rios na Estrada Nacional Nr.4 (EN4)"}]},{"@type":"WebSite","@id":"https:\/\/www.cfm.co.mz\/#website","url":"https:\/\/www.cfm.co.mz\/","name":"CFM - Caminhos De Ferros de Mo\u00e7ambique","description":"Ampliando Horizontes","publisher":{"@id":"https:\/\/www.cfm.co.mz\/#organization"},"potentialAction":[{"@type":"SearchAction","target":{"@type":"EntryPoint","urlTemplate":"https:\/\/www.cfm.co.mz\/?s={search_term_string}"},"query-input":{"@type":"PropertyValueSpecification","valueRequired":true,"valueName":"search_term_string"}}],"inLanguage":"en-US"},{"@type":"Organization","@id":"https:\/\/www.cfm.co.mz\/#organization","name":"CFM - Caminhos De Ferros de Mo\u00e7ambique","url":"https:\/\/www.cfm.co.mz\/","logo":{"@type":"ImageObject","inLanguage":"en-US","@id":"https:\/\/www.cfm.co.mz\/#\/schema\/logo\/image\/","url":"https:\/\/www.cfm.co.mz\/wp-content\/uploads\/2025\/07\/be5f0679-4f5b-4d02-9719-a26ceed29162.jpg","contentUrl":"https:\/\/www.cfm.co.mz\/wp-content\/uploads\/2025\/07\/be5f0679-4f5b-4d02-9719-a26ceed29162.jpg","width":400,"height":65,"caption":"CFM - Caminhos De Ferros de Mo\u00e7ambique"},"image":{"@id":"https:\/\/www.cfm.co.mz\/#\/schema\/logo\/image\/"},"sameAs":["https:\/\/www.facebook.com\/CFMMoz","https:\/\/www.linkedin.com\/company\/caminhos-de-ferro-de-moambique\/"]},{"@type":"Person","@id":"https:\/\/www.cfm.co.mz\/#\/schema\/person\/1bb663f3c59dc61900f6f9b1c2b53552","name":"D\u00e9rcio Badru","image":{"@type":"ImageObject","inLanguage":"en-US","@id":"https:\/\/www.cfm.co.mz\/#\/schema\/person\/image\/","url":"https:\/\/www.cfm.co.mz\/wp-content\/litespeed\/avatar\/be89d6955942d7259ef76de4577d21b3.jpg?ver=1777454359","contentUrl":"https:\/\/www.cfm.co.mz\/wp-content\/litespeed\/avatar\/be89d6955942d7259ef76de4577d21b3.jpg?ver=1777454359","caption":"D\u00e9rcio Badru"},"url":"https:\/\/www.cfm.co.mz\/en\/author\/dercio\/"}]}},"_links":{"self":[{"href":"https:\/\/www.cfm.co.mz\/en\/wp-json\/wp\/v2\/posts\/9140","targetHints":{"allow":["GET"]}}],"collection":[{"href":"https:\/\/www.cfm.co.mz\/en\/wp-json\/wp\/v2\/posts"}],"about":[{"href":"https:\/\/www.cfm.co.mz\/en\/wp-json\/wp\/v2\/types\/post"}],"author":[{"embeddable":true,"href":"https:\/\/www.cfm.co.mz\/en\/wp-json\/wp\/v2\/users\/94"}],"replies":[{"embeddable":true,"href":"https:\/\/www.cfm.co.mz\/en\/wp-json\/wp\/v2\/comments?post=9140"}],"version-history":[{"count":0,"href":"https:\/\/www.cfm.co.mz\/en\/wp-json\/wp\/v2\/posts\/9140\/revisions"}],"wp:featuredmedia":[{"embeddable":true,"href":"https:\/\/www.cfm.co.mz\/en\/wp-json\/wp\/v2\/media\/9137"}],"wp:attachment":[{"href":"https:\/\/www.cfm.co.mz\/en\/wp-json\/wp\/v2\/media?parent=9140"}],"wp:term":[{"taxonomy":"category","embeddable":true,"href":"https:\/\/www.cfm.co.mz\/en\/wp-json\/wp\/v2\/categories?post=9140"},{"taxonomy":"post_tag","embeddable":true,"href":"https:\/\/www.cfm.co.mz\/en\/wp-json\/wp\/v2\/tags?post=9140"}],"curies":[{"name":"wp","href":"https:\/\/api.w.org\/{rel}","templated":true}]}}