{"id":9136,"date":"2019-10-16T14:23:31","date_gmt":"2019-10-16T14:23:31","guid":{"rendered":"https:\/\/www.cfm.co.mz\/2019\/10\/16\/cfm-anuncia-vencedores-do-concurso-faca-crescer-e-cresca-tambem\/"},"modified":"2019-10-16T14:23:31","modified_gmt":"2019-10-16T14:23:31","slug":"cfm-anuncia-vencedores-do-concurso-faca-crescer-e-cresca-tambem","status":"publish","type":"post","link":"https:\/\/www.cfm.co.mz\/en\/2019\/10\/16\/cfm-anuncia-vencedores-do-concurso-faca-crescer-e-cresca-tambem\/","title":{"rendered":"CFM Anuncia Vencedores do Concurso \u201cFa\u00e7a crescer e cres\u00e7a tamb\u00e9m\u201d"},"content":{"rendered":"<p style=\"text-align: justify;\"><a href=\"http:\/\/www.cfm.co.mz\/wp-content\/uploads\/2019\/10\/Faca_crescer_e_cresca_tambem_Premiacao_1-scaled.jpg\" type=\"image\/jpeg\" class=\"jcepopup zoom-bottom-right\" data-mediabox=\"1\" data-mediabox-width=\"800\" data-mediabox-height=\"600\" data-mediabox-caption=\" Vencedores do Concurso posando com Membros do Conselho de Administra\u00e7\u00e3o do CFM\"><img decoding=\"async\" src=\"http:\/\/www.cfm.co.mz\/wp-content\/uploads\/2019\/10\/Faca_crescer_e_cresca_tambem_Premiacao_1-scaled.jpg\" alt=\"Fa\u00e7a crescer e cres\u00e7a tamb\u00e9m Premia\u00e7\u00e3o 1\" width=\"250\" height=\"167\" style=\"margin: 10px; float: left;\" \/><\/a>A Empresa Portos e Caminhos de Ferro de Mo\u00e7ambique (CFM) anunciou, no passado dia 14 de Outubro de 2019, no Centro Regional de Forma\u00e7\u00e3o do CFM-Sul (CRF), os resultados do Concurso \u201cFa\u00e7a crescer e cres\u00e7a tamb\u00e9m\u201d, destinado a todos os Trabalhadores da Empresa.<\/p>\n<p style=\"text-align: justify;\">A Cerim\u00f3nia do an\u00fancio dos resultados foi presidida pelo Presidente do Conselho de Administra\u00e7\u00e3o, Eng. Miguel Jos\u00e9 Matabel e contou com a presen\u00e7a dos Membros do Conselho de Administra\u00e7\u00e3o, para al\u00e9m dos Colaboradores da Empresa a n\u00edvel do CFM-Sul.<\/p>\n<p><!--more--><\/p>\n<p style=\"text-align: justify;\">Foram premiados 9 trabalhadores distribu\u00eddos pelas 5 posi\u00e7\u00f5es, num universo de&nbsp;99 concorrentes que submeteram 85 trabalhos, oriundos das 3 Direc\u00e7\u00f5es Executivas da Empresa, designadamente, CFM-Sul, CFM-Centro e CFM-Norte, para al\u00e9m da Sede.<\/p>\n<p style=\"text-align: justify;\"><a href=\"http:\/\/www.cfm.co.mz\/wp-content\/uploads\/2019\/10\/Faca_crescer_e_cresca_tambem_Premiacao_2-scaled.jpg\" type=\"image\/jpeg\" class=\"jcepopup zoom-bottom-right\" data-mediabox-caption=\"Campira Eduardo Dausse, 1\u00ba classificado, recebendo o pr\u00e9mio das m\u00e3os do PCA do CFM, Eng. Miguel Matabel\" data-mediabox-height=\"600\" data-mediabox-width=\"800\" data-mediabox=\"1\"><img decoding=\"async\" src=\"http:\/\/www.cfm.co.mz\/wp-content\/uploads\/2019\/10\/Faca_crescer_e_cresca_tambem_Premiacao_2-scaled.jpg\" alt=\"Fa\u00e7a crescer e cres\u00e7a tamb\u00e9m Premia\u00e7\u00e3o 2\" width=\"250\" height=\"167\" style=\"margin: 10px; float: right;\" \/><\/a>O 1\u00ba classificado foi <strong>Campira Eduardo Dausse<\/strong>, da Direc\u00e7\u00e3o dos Recursos Humanos (Sede) que apresentou um projecto relacionado com \u201cSistema Online de Gest\u00e3o de Forma\u00e7\u00e3o Profissional e Sistema de Gest\u00e3o de escala de Maquinistas\u201d que recebeu valor pecuni\u00e1rio de 400 mil Meticais bem como um Diploma e um Trof\u00e9u. A 2\u00ba classifica\u00e7\u00e3o coube a dupla <strong>Iara Luisa Ponpisky<\/strong> e <strong>Yara Cassimo Muxlhanga<\/strong> com o projecto \u2018\u2019Sistema mecanizado de abastecimento e recolha de \u00f3leos lubrificantes\u2019\u2019 tendo recebido valor pecuni\u00e1rio de 200 mil Meticais, um Diploma para cada uma e igual n\u00famero de Trof\u00e9us. Estas colaboradoras s\u00e3o oriundas do CFM-Sul. A 3\u00ba classifica\u00e7\u00e3o coube a <strong>Manuel Mutanguiua Z\u00eambue<\/strong> e <strong>Aura Viegas Ribeiro<\/strong>, colaboradores do CFM-Centro com o projecto \u201cMelhoramento do Sistema de Alimenta\u00e7\u00e3o El\u00e9ctrica da Ponte Rolante nr. 1\u201d que receberam um valor pecuni\u00e1rio de 150 mil Meticais, assim como Diplomas e Trof\u00e9us.<\/p>\n<p style=\"text-align: justify;\"><a href=\"http:\/\/www.cfm.co.mz\/wp-content\/uploads\/2019\/10\/Faca_Crescer_e_Cresca_Tambem_-_Segundo_classificado-scaled.jpg\" type=\"image\/jpeg\" class=\"jcepopup zoom-bottom-right\" data-mediabox=\"1\" data-mediabox-width=\"800\" data-mediabox-height=\"600\" data-mediabox-caption=\"Vencedores do segundo lugar, recebendo o pr\u00e9mio das m\u00e3os do Administrador Executivo, Dr. Joaquim Zucule\"><img decoding=\"async\" src=\"http:\/\/www.cfm.co.mz\/wp-content\/uploads\/2019\/10\/Faca_Crescer_e_Cresca_Tambem_-_Segundo_classificado-scaled.jpg\" alt=\"Fa\u00e7a Crescer e Cres\u00e7a Tamb\u00e9m Segundo classificado\" width=\"250\" height=\"167\" style=\"margin: 10px; float: left;\" \/><\/a>O 4\u00ba e 5\u00ba classificados foram <strong>Evaristo Massuanganhe<\/strong>, <strong>Ana das Dores Manjate<\/strong> e <strong>Ant\u00f3nio Navisse<\/strong> (do CFM-Sul ) e <strong>Celso Delfin Malema<\/strong> (CFM-Norte) respectivamente o valor pecuni\u00e1rio para o&nbsp; 4\u00ba classificado foi de 125 mil Meticais e o 5\u00ba amealhou,&nbsp; sozinho, os 100 mil Meticais. O 4\u00ba classificado concorreu com o projecto \u2018\u2019Cria\u00e7\u00e3o de um fundo de manuten\u00e7\u00e3o de casas\u201d e o 5\u00ba versou sobre \u201cRevestimento de taludes em plataformas ferrovi\u00e1rias com manta Geotextile\u201d.<\/p>\n<p style=\"text-align: justify;\">Falando na ocasi\u00e3o, o Presidente do Conselho de Administra\u00e7\u00e3o, Eng. Miguel Matabel congratulou os vencedores e agradeceu a proactividade de todos os concorrentes por terem apresentado projectos\/ideias interessantes que visam aumentar a produ\u00e7\u00e3o e produtividade da Empresa. <strong>\u2018\u2019<em>Fazendo crescer a Empresa temos chance de crescer tamb\u00e9m, porque o nosso foco esta no capital humano.<\/em> \u201d<\/strong> disse o PCA do CFM.<\/p>\n<p style=\"text-align: justify;\">O passo \u00e0 seguir ser\u00e1 o de criar uma Comiss\u00e3o de acompanhamento para estudar a implementa\u00e7\u00e3o desses Projectos dentro da nossa Empresa; \u201cprecisamos aproveitar no m\u00e1ximo essas ideias, porque s\u00f3 assim ter\u00e1 valido a pena esta iniciativa\u201d. &#8211; concluiu o PCA.<\/p>\n<p style=\"text-align: justify;\">Recorde-se que o concurso \u201cFa\u00e7a crescer e cres\u00e7a tamb\u00e9m\u201d foi criado para desafiar os trabalhadores da Empresa a contribu\u00edrem com ideias inovadoras que possam impulsionar a produ\u00e7\u00e3o e produtividade da Empresa, assim como um excelente ambiente de trabalho.<\/p>","protected":false},"excerpt":{"rendered":"<p>A Empresa Portos e Caminhos de Ferro de Mo\u00e7ambique (CFM) anunciou, no passado dia 14 de Outubro de 2019, no Centro Regional de Forma\u00e7\u00e3o do CFM-Sul (CRF), os resultados do Concurso \u201cFa\u00e7a crescer e cres\u00e7a tamb\u00e9m\u201d, destinado a todos os Trabalhadores da Empresa. A Cerim\u00f3nia do an\u00fancio dos resultados foi presidida pelo Presidente do Conselho de Administra\u00e7\u00e3o, Eng. Miguel Jos\u00e9 Matabel e contou com a presen\u00e7a dos Membros do Conselho de Administra\u00e7\u00e3o, para al\u00e9m dos Colaboradores da Empresa a n\u00edvel do CFM-Sul.<\/p>","protected":false},"author":94,"featured_media":9131,"comment_status":"open","ping_status":"open","sticky":false,"template":"","format":"standard","meta":{"_acf_changed":false,"pgc_sgb_lightbox_settings":"","footnotes":""},"categories":[680],"tags":[],"class_list":["post-9136","post","type-post","status-publish","format-standard","has-post-thumbnail","hentry","category-noticias"],"acf":[],"yoast_head":"<!-- This site is optimized with the Yoast SEO plugin v26.5 - https:\/\/yoast.com\/wordpress\/plugins\/seo\/ -->\n<title>CFM Anuncia Vencedores do Concurso \u201cFa\u00e7a crescer e cres\u00e7a tamb\u00e9m\u201d - CFM - Caminhos De Ferros de Mo\u00e7ambique<\/title>\n<meta name=\"robots\" content=\"index, follow, max-snippet:-1, max-image-preview:large, max-video-preview:-1\" \/>\n<link rel=\"canonical\" href=\"https:\/\/www.cfm.co.mz\/en\/2019\/10\/16\/cfm-anuncia-vencedores-do-concurso-faca-crescer-e-cresca-tambem\/\" \/>\n<meta property=\"og:locale\" content=\"en_US\" \/>\n<meta property=\"og:type\" content=\"article\" \/>\n<meta property=\"og:title\" content=\"CFM Anuncia Vencedores do Concurso \u201cFa\u00e7a crescer e cres\u00e7a tamb\u00e9m\u201d - CFM - Caminhos De Ferros de Mo\u00e7ambique\" \/>\n<meta property=\"og:description\" content=\"A Empresa Portos e Caminhos de Ferro de Mo\u00e7ambique (CFM) anunciou, no passado dia 14 de Outubro de 2019, no Centro Regional de Forma\u00e7\u00e3o do CFM-Sul (CRF), os resultados do Concurso \u201cFa\u00e7a crescer e cres\u00e7a tamb\u00e9m\u201d, destinado a todos os Trabalhadores da Empresa. A Cerim\u00f3nia do an\u00fancio dos resultados foi presidida pelo Presidente do Conselho de Administra\u00e7\u00e3o, Eng. Miguel Jos\u00e9 Matabel e contou com a presen\u00e7a dos Membros do Conselho de Administra\u00e7\u00e3o, para al\u00e9m dos Colaboradores da Empresa a n\u00edvel do CFM-Sul.\" \/>\n<meta property=\"og:url\" content=\"https:\/\/www.cfm.co.mz\/en\/2019\/10\/16\/cfm-anuncia-vencedores-do-concurso-faca-crescer-e-cresca-tambem\/\" \/>\n<meta property=\"og:site_name\" content=\"CFM - Caminhos De Ferros de Mo\u00e7ambique\" \/>\n<meta property=\"article:publisher\" content=\"https:\/\/www.facebook.com\/CFMMoz\" \/>\n<meta property=\"article:published_time\" content=\"2019-10-16T14:23:31+00:00\" \/>\n<meta property=\"og:image\" content=\"https:\/\/www.cfm.co.mz\/wp-content\/uploads\/2019\/10\/Faca_crescer_e_cresca_tambem_Premiacao_1-scaled.jpg\" \/>\n\t<meta property=\"og:image:width\" content=\"2560\" \/>\n\t<meta property=\"og:image:height\" content=\"1707\" \/>\n\t<meta property=\"og:image:type\" content=\"image\/jpeg\" \/>\n<meta name=\"author\" content=\"D\u00e9rcio Badru\" \/>\n<meta name=\"twitter:card\" content=\"summary_large_image\" \/>\n<meta name=\"twitter:label1\" content=\"Written by\" \/>\n\t<meta name=\"twitter:data1\" content=\"D\u00e9rcio Badru\" \/>\n\t<meta name=\"twitter:label2\" content=\"Est. reading time\" \/>\n\t<meta name=\"twitter:data2\" content=\"2 minutes\" \/>\n<script type=\"application\/ld+json\" class=\"yoast-schema-graph\">{\"@context\":\"https:\/\/schema.org\",\"@graph\":[{\"@type\":\"Article\",\"@id\":\"https:\/\/www.cfm.co.mz\/2019\/10\/16\/cfm-anuncia-vencedores-do-concurso-faca-crescer-e-cresca-tambem\/#article\",\"isPartOf\":{\"@id\":\"https:\/\/www.cfm.co.mz\/2019\/10\/16\/cfm-anuncia-vencedores-do-concurso-faca-crescer-e-cresca-tambem\/\"},\"author\":{\"name\":\"D\u00e9rcio Badru\",\"@id\":\"https:\/\/www.cfm.co.mz\/#\/schema\/person\/1bb663f3c59dc61900f6f9b1c2b53552\"},\"headline\":\"CFM Anuncia Vencedores do Concurso \u201cFa\u00e7a crescer e cres\u00e7a tamb\u00e9m\u201d\",\"datePublished\":\"2019-10-16T14:23:31+00:00\",\"mainEntityOfPage\":{\"@id\":\"https:\/\/www.cfm.co.mz\/2019\/10\/16\/cfm-anuncia-vencedores-do-concurso-faca-crescer-e-cresca-tambem\/\"},\"wordCount\":511,\"commentCount\":0,\"publisher\":{\"@id\":\"https:\/\/www.cfm.co.mz\/#organization\"},\"image\":{\"@id\":\"https:\/\/www.cfm.co.mz\/2019\/10\/16\/cfm-anuncia-vencedores-do-concurso-faca-crescer-e-cresca-tambem\/#primaryimage\"},\"thumbnailUrl\":\"https:\/\/www.cfm.co.mz\/wp-content\/uploads\/2019\/10\/Faca_crescer_e_cresca_tambem_Premiacao_1-scaled.jpg\",\"articleSection\":[\"Noticias\"],\"inLanguage\":\"en-US\",\"potentialAction\":[{\"@type\":\"CommentAction\",\"name\":\"Comment\",\"target\":[\"https:\/\/www.cfm.co.mz\/2019\/10\/16\/cfm-anuncia-vencedores-do-concurso-faca-crescer-e-cresca-tambem\/#respond\"]}]},{\"@type\":\"WebPage\",\"@id\":\"https:\/\/www.cfm.co.mz\/2019\/10\/16\/cfm-anuncia-vencedores-do-concurso-faca-crescer-e-cresca-tambem\/\",\"url\":\"https:\/\/www.cfm.co.mz\/2019\/10\/16\/cfm-anuncia-vencedores-do-concurso-faca-crescer-e-cresca-tambem\/\",\"name\":\"CFM Anuncia Vencedores do Concurso \u201cFa\u00e7a crescer e cres\u00e7a tamb\u00e9m\u201d - CFM - Caminhos De Ferros de Mo\u00e7ambique\",\"isPartOf\":{\"@id\":\"https:\/\/www.cfm.co.mz\/#website\"},\"primaryImageOfPage\":{\"@id\":\"https:\/\/www.cfm.co.mz\/2019\/10\/16\/cfm-anuncia-vencedores-do-concurso-faca-crescer-e-cresca-tambem\/#primaryimage\"},\"image\":{\"@id\":\"https:\/\/www.cfm.co.mz\/2019\/10\/16\/cfm-anuncia-vencedores-do-concurso-faca-crescer-e-cresca-tambem\/#primaryimage\"},\"thumbnailUrl\":\"https:\/\/www.cfm.co.mz\/wp-content\/uploads\/2019\/10\/Faca_crescer_e_cresca_tambem_Premiacao_1-scaled.jpg\",\"datePublished\":\"2019-10-16T14:23:31+00:00\",\"breadcrumb\":{\"@id\":\"https:\/\/www.cfm.co.mz\/2019\/10\/16\/cfm-anuncia-vencedores-do-concurso-faca-crescer-e-cresca-tambem\/#breadcrumb\"},\"inLanguage\":\"en-US\",\"potentialAction\":[{\"@type\":\"ReadAction\",\"target\":[\"https:\/\/www.cfm.co.mz\/2019\/10\/16\/cfm-anuncia-vencedores-do-concurso-faca-crescer-e-cresca-tambem\/\"]}]},{\"@type\":\"ImageObject\",\"inLanguage\":\"en-US\",\"@id\":\"https:\/\/www.cfm.co.mz\/2019\/10\/16\/cfm-anuncia-vencedores-do-concurso-faca-crescer-e-cresca-tambem\/#primaryimage\",\"url\":\"https:\/\/www.cfm.co.mz\/wp-content\/uploads\/2019\/10\/Faca_crescer_e_cresca_tambem_Premiacao_1-scaled.jpg\",\"contentUrl\":\"https:\/\/www.cfm.co.mz\/wp-content\/uploads\/2019\/10\/Faca_crescer_e_cresca_tambem_Premiacao_1-scaled.jpg\",\"width\":2560,\"height\":1707,\"caption\":\"Fa\u00e7a crescer e cres\u00e7a tamb\u00e9m Premia\u00e7\u00e3o 1\"},{\"@type\":\"BreadcrumbList\",\"@id\":\"https:\/\/www.cfm.co.mz\/2019\/10\/16\/cfm-anuncia-vencedores-do-concurso-faca-crescer-e-cresca-tambem\/#breadcrumb\",\"itemListElement\":[{\"@type\":\"ListItem\",\"position\":1,\"name\":\"Home\",\"item\":\"https:\/\/www.cfm.co.mz\/\"},{\"@type\":\"ListItem\",\"position\":2,\"name\":\"CFM Anuncia Vencedores do Concurso \u201cFa\u00e7a crescer e cres\u00e7a tamb\u00e9m\u201d\"}]},{\"@type\":\"WebSite\",\"@id\":\"https:\/\/www.cfm.co.mz\/#website\",\"url\":\"https:\/\/www.cfm.co.mz\/\",\"name\":\"CFM - Caminhos De Ferros de Mo\u00e7ambique\",\"description\":\"Ampliando Horizontes\",\"publisher\":{\"@id\":\"https:\/\/www.cfm.co.mz\/#organization\"},\"potentialAction\":[{\"@type\":\"SearchAction\",\"target\":{\"@type\":\"EntryPoint\",\"urlTemplate\":\"https:\/\/www.cfm.co.mz\/?s={search_term_string}\"},\"query-input\":{\"@type\":\"PropertyValueSpecification\",\"valueRequired\":true,\"valueName\":\"search_term_string\"}}],\"inLanguage\":\"en-US\"},{\"@type\":\"Organization\",\"@id\":\"https:\/\/www.cfm.co.mz\/#organization\",\"name\":\"CFM - Caminhos De Ferros de Mo\u00e7ambique\",\"url\":\"https:\/\/www.cfm.co.mz\/\",\"logo\":{\"@type\":\"ImageObject\",\"inLanguage\":\"en-US\",\"@id\":\"https:\/\/www.cfm.co.mz\/#\/schema\/logo\/image\/\",\"url\":\"https:\/\/www.cfm.co.mz\/wp-content\/uploads\/2025\/07\/be5f0679-4f5b-4d02-9719-a26ceed29162.jpg\",\"contentUrl\":\"https:\/\/www.cfm.co.mz\/wp-content\/uploads\/2025\/07\/be5f0679-4f5b-4d02-9719-a26ceed29162.jpg\",\"width\":400,\"height\":65,\"caption\":\"CFM - Caminhos De Ferros de Mo\u00e7ambique\"},\"image\":{\"@id\":\"https:\/\/www.cfm.co.mz\/#\/schema\/logo\/image\/\"},\"sameAs\":[\"https:\/\/www.facebook.com\/CFMMoz\",\"https:\/\/www.linkedin.com\/company\/caminhos-de-ferro-de-moambique\/\"]},{\"@type\":\"Person\",\"@id\":\"https:\/\/www.cfm.co.mz\/#\/schema\/person\/1bb663f3c59dc61900f6f9b1c2b53552\",\"name\":\"D\u00e9rcio Badru\",\"image\":{\"@type\":\"ImageObject\",\"inLanguage\":\"en-US\",\"@id\":\"https:\/\/www.cfm.co.mz\/#\/schema\/person\/image\/\",\"url\":\"https:\/\/www.cfm.co.mz\/wp-content\/litespeed\/avatar\/be89d6955942d7259ef76de4577d21b3.jpg?ver=1777454359\",\"contentUrl\":\"https:\/\/www.cfm.co.mz\/wp-content\/litespeed\/avatar\/be89d6955942d7259ef76de4577d21b3.jpg?ver=1777454359\",\"caption\":\"D\u00e9rcio Badru\"},\"url\":\"https:\/\/www.cfm.co.mz\/en\/author\/dercio\/\"}]}<\/script>\n<!-- \/ Yoast SEO plugin. -->","yoast_head_json":{"title":"CFM Anuncia Vencedores do Concurso \u201cFa\u00e7a crescer e cres\u00e7a tamb\u00e9m\u201d - CFM - Caminhos De Ferros de Mo\u00e7ambique","robots":{"index":"index","follow":"follow","max-snippet":"max-snippet:-1","max-image-preview":"max-image-preview:large","max-video-preview":"max-video-preview:-1"},"canonical":"https:\/\/www.cfm.co.mz\/en\/2019\/10\/16\/cfm-anuncia-vencedores-do-concurso-faca-crescer-e-cresca-tambem\/","og_locale":"en_US","og_type":"article","og_title":"CFM Anuncia Vencedores do Concurso \u201cFa\u00e7a crescer e cres\u00e7a tamb\u00e9m\u201d - CFM - Caminhos De Ferros de Mo\u00e7ambique","og_description":"A Empresa Portos e Caminhos de Ferro de Mo\u00e7ambique (CFM) anunciou, no passado dia 14 de Outubro de 2019, no Centro Regional de Forma\u00e7\u00e3o do CFM-Sul (CRF), os resultados do Concurso \u201cFa\u00e7a crescer e cres\u00e7a tamb\u00e9m\u201d, destinado a todos os Trabalhadores da Empresa. A Cerim\u00f3nia do an\u00fancio dos resultados foi presidida pelo Presidente do Conselho de Administra\u00e7\u00e3o, Eng. Miguel Jos\u00e9 Matabel e contou com a presen\u00e7a dos Membros do Conselho de Administra\u00e7\u00e3o, para al\u00e9m dos Colaboradores da Empresa a n\u00edvel do CFM-Sul.","og_url":"https:\/\/www.cfm.co.mz\/en\/2019\/10\/16\/cfm-anuncia-vencedores-do-concurso-faca-crescer-e-cresca-tambem\/","og_site_name":"CFM - Caminhos De Ferros de Mo\u00e7ambique","article_publisher":"https:\/\/www.facebook.com\/CFMMoz","article_published_time":"2019-10-16T14:23:31+00:00","og_image":[{"width":2560,"height":1707,"url":"https:\/\/www.cfm.co.mz\/wp-content\/uploads\/2019\/10\/Faca_crescer_e_cresca_tambem_Premiacao_1-scaled.jpg","type":"image\/jpeg"}],"author":"D\u00e9rcio Badru","twitter_card":"summary_large_image","twitter_misc":{"Written by":"D\u00e9rcio Badru","Est. reading time":"2 minutes"},"schema":{"@context":"https:\/\/schema.org","@graph":[{"@type":"Article","@id":"https:\/\/www.cfm.co.mz\/2019\/10\/16\/cfm-anuncia-vencedores-do-concurso-faca-crescer-e-cresca-tambem\/#article","isPartOf":{"@id":"https:\/\/www.cfm.co.mz\/2019\/10\/16\/cfm-anuncia-vencedores-do-concurso-faca-crescer-e-cresca-tambem\/"},"author":{"name":"D\u00e9rcio Badru","@id":"https:\/\/www.cfm.co.mz\/#\/schema\/person\/1bb663f3c59dc61900f6f9b1c2b53552"},"headline":"CFM Anuncia Vencedores do Concurso \u201cFa\u00e7a crescer e cres\u00e7a tamb\u00e9m\u201d","datePublished":"2019-10-16T14:23:31+00:00","mainEntityOfPage":{"@id":"https:\/\/www.cfm.co.mz\/2019\/10\/16\/cfm-anuncia-vencedores-do-concurso-faca-crescer-e-cresca-tambem\/"},"wordCount":511,"commentCount":0,"publisher":{"@id":"https:\/\/www.cfm.co.mz\/#organization"},"image":{"@id":"https:\/\/www.cfm.co.mz\/2019\/10\/16\/cfm-anuncia-vencedores-do-concurso-faca-crescer-e-cresca-tambem\/#primaryimage"},"thumbnailUrl":"https:\/\/www.cfm.co.mz\/wp-content\/uploads\/2019\/10\/Faca_crescer_e_cresca_tambem_Premiacao_1-scaled.jpg","articleSection":["Noticias"],"inLanguage":"en-US","potentialAction":[{"@type":"CommentAction","name":"Comment","target":["https:\/\/www.cfm.co.mz\/2019\/10\/16\/cfm-anuncia-vencedores-do-concurso-faca-crescer-e-cresca-tambem\/#respond"]}]},{"@type":"WebPage","@id":"https:\/\/www.cfm.co.mz\/2019\/10\/16\/cfm-anuncia-vencedores-do-concurso-faca-crescer-e-cresca-tambem\/","url":"https:\/\/www.cfm.co.mz\/2019\/10\/16\/cfm-anuncia-vencedores-do-concurso-faca-crescer-e-cresca-tambem\/","name":"CFM Anuncia Vencedores do Concurso \u201cFa\u00e7a crescer e cres\u00e7a tamb\u00e9m\u201d - CFM - Caminhos De Ferros de Mo\u00e7ambique","isPartOf":{"@id":"https:\/\/www.cfm.co.mz\/#website"},"primaryImageOfPage":{"@id":"https:\/\/www.cfm.co.mz\/2019\/10\/16\/cfm-anuncia-vencedores-do-concurso-faca-crescer-e-cresca-tambem\/#primaryimage"},"image":{"@id":"https:\/\/www.cfm.co.mz\/2019\/10\/16\/cfm-anuncia-vencedores-do-concurso-faca-crescer-e-cresca-tambem\/#primaryimage"},"thumbnailUrl":"https:\/\/www.cfm.co.mz\/wp-content\/uploads\/2019\/10\/Faca_crescer_e_cresca_tambem_Premiacao_1-scaled.jpg","datePublished":"2019-10-16T14:23:31+00:00","breadcrumb":{"@id":"https:\/\/www.cfm.co.mz\/2019\/10\/16\/cfm-anuncia-vencedores-do-concurso-faca-crescer-e-cresca-tambem\/#breadcrumb"},"inLanguage":"en-US","potentialAction":[{"@type":"ReadAction","target":["https:\/\/www.cfm.co.mz\/2019\/10\/16\/cfm-anuncia-vencedores-do-concurso-faca-crescer-e-cresca-tambem\/"]}]},{"@type":"ImageObject","inLanguage":"en-US","@id":"https:\/\/www.cfm.co.mz\/2019\/10\/16\/cfm-anuncia-vencedores-do-concurso-faca-crescer-e-cresca-tambem\/#primaryimage","url":"https:\/\/www.cfm.co.mz\/wp-content\/uploads\/2019\/10\/Faca_crescer_e_cresca_tambem_Premiacao_1-scaled.jpg","contentUrl":"https:\/\/www.cfm.co.mz\/wp-content\/uploads\/2019\/10\/Faca_crescer_e_cresca_tambem_Premiacao_1-scaled.jpg","width":2560,"height":1707,"caption":"Fa\u00e7a crescer e cres\u00e7a tamb\u00e9m Premia\u00e7\u00e3o 1"},{"@type":"BreadcrumbList","@id":"https:\/\/www.cfm.co.mz\/2019\/10\/16\/cfm-anuncia-vencedores-do-concurso-faca-crescer-e-cresca-tambem\/#breadcrumb","itemListElement":[{"@type":"ListItem","position":1,"name":"Home","item":"https:\/\/www.cfm.co.mz\/"},{"@type":"ListItem","position":2,"name":"CFM Anuncia Vencedores do Concurso \u201cFa\u00e7a crescer e cres\u00e7a tamb\u00e9m\u201d"}]},{"@type":"WebSite","@id":"https:\/\/www.cfm.co.mz\/#website","url":"https:\/\/www.cfm.co.mz\/","name":"CFM - Caminhos De Ferros de Mo\u00e7ambique","description":"Ampliando Horizontes","publisher":{"@id":"https:\/\/www.cfm.co.mz\/#organization"},"potentialAction":[{"@type":"SearchAction","target":{"@type":"EntryPoint","urlTemplate":"https:\/\/www.cfm.co.mz\/?s={search_term_string}"},"query-input":{"@type":"PropertyValueSpecification","valueRequired":true,"valueName":"search_term_string"}}],"inLanguage":"en-US"},{"@type":"Organization","@id":"https:\/\/www.cfm.co.mz\/#organization","name":"CFM - Caminhos De Ferros de Mo\u00e7ambique","url":"https:\/\/www.cfm.co.mz\/","logo":{"@type":"ImageObject","inLanguage":"en-US","@id":"https:\/\/www.cfm.co.mz\/#\/schema\/logo\/image\/","url":"https:\/\/www.cfm.co.mz\/wp-content\/uploads\/2025\/07\/be5f0679-4f5b-4d02-9719-a26ceed29162.jpg","contentUrl":"https:\/\/www.cfm.co.mz\/wp-content\/uploads\/2025\/07\/be5f0679-4f5b-4d02-9719-a26ceed29162.jpg","width":400,"height":65,"caption":"CFM - Caminhos De Ferros de Mo\u00e7ambique"},"image":{"@id":"https:\/\/www.cfm.co.mz\/#\/schema\/logo\/image\/"},"sameAs":["https:\/\/www.facebook.com\/CFMMoz","https:\/\/www.linkedin.com\/company\/caminhos-de-ferro-de-moambique\/"]},{"@type":"Person","@id":"https:\/\/www.cfm.co.mz\/#\/schema\/person\/1bb663f3c59dc61900f6f9b1c2b53552","name":"D\u00e9rcio Badru","image":{"@type":"ImageObject","inLanguage":"en-US","@id":"https:\/\/www.cfm.co.mz\/#\/schema\/person\/image\/","url":"https:\/\/www.cfm.co.mz\/wp-content\/litespeed\/avatar\/be89d6955942d7259ef76de4577d21b3.jpg?ver=1777454359","contentUrl":"https:\/\/www.cfm.co.mz\/wp-content\/litespeed\/avatar\/be89d6955942d7259ef76de4577d21b3.jpg?ver=1777454359","caption":"D\u00e9rcio Badru"},"url":"https:\/\/www.cfm.co.mz\/en\/author\/dercio\/"}]}},"_links":{"self":[{"href":"https:\/\/www.cfm.co.mz\/en\/wp-json\/wp\/v2\/posts\/9136","targetHints":{"allow":["GET"]}}],"collection":[{"href":"https:\/\/www.cfm.co.mz\/en\/wp-json\/wp\/v2\/posts"}],"about":[{"href":"https:\/\/www.cfm.co.mz\/en\/wp-json\/wp\/v2\/types\/post"}],"author":[{"embeddable":true,"href":"https:\/\/www.cfm.co.mz\/en\/wp-json\/wp\/v2\/users\/94"}],"replies":[{"embeddable":true,"href":"https:\/\/www.cfm.co.mz\/en\/wp-json\/wp\/v2\/comments?post=9136"}],"version-history":[{"count":0,"href":"https:\/\/www.cfm.co.mz\/en\/wp-json\/wp\/v2\/posts\/9136\/revisions"}],"wp:featuredmedia":[{"embeddable":true,"href":"https:\/\/www.cfm.co.mz\/en\/wp-json\/wp\/v2\/media\/9131"}],"wp:attachment":[{"href":"https:\/\/www.cfm.co.mz\/en\/wp-json\/wp\/v2\/media?parent=9136"}],"wp:term":[{"taxonomy":"category","embeddable":true,"href":"https:\/\/www.cfm.co.mz\/en\/wp-json\/wp\/v2\/categories?post=9136"},{"taxonomy":"post_tag","embeddable":true,"href":"https:\/\/www.cfm.co.mz\/en\/wp-json\/wp\/v2\/tags?post=9136"}],"curies":[{"name":"wp","href":"https:\/\/api.w.org\/{rel}","templated":true}]}}