{"id":9129,"date":"2019-09-11T12:47:17","date_gmt":"2019-09-11T12:47:17","guid":{"rendered":"https:\/\/www.cfm.co.mz\/2019\/09\/11\/cfm-distinguido-com-premio-maior-investidor-nacional-e-estrangeiro-no-sector-de-transportes\/"},"modified":"2019-09-11T12:47:17","modified_gmt":"2019-09-11T12:47:17","slug":"cfm-distinguido-com-premio-maior-investidor-nacional-e-estrangeiro-no-sector-de-transportes","status":"publish","type":"post","link":"https:\/\/www.cfm.co.mz\/en\/2019\/09\/11\/cfm-distinguido-com-premio-maior-investidor-nacional-e-estrangeiro-no-sector-de-transportes\/","title":{"rendered":"CFM distinguido com pr\u00e9mio Maior Investidor Nacional e Estrangeiro no Sector de Transportes"},"content":{"rendered":"<p style=\"text-align: justify;\"><a href=\"http:\/\/www.cfm.co.mz\/wp-content\/uploads\/2019\/09\/Facim_2019_PCA-scaled.jpg\" type=\"image\/jpeg\" class=\"jcepopup zoom-bottom-right\" data-mediabox=\"1\" data-mediabox-width=\"800\" data-mediabox-height=\"600\" data-mediabox-caption=\"PCA do CFM, Eng. Miguel Matabel, recebendo o pr\u00e9mio de Maior Investidor Nacional e Estrangeiro do Sector de Transportes, FACIM 2019\"><img decoding=\"async\" src=\"http:\/\/www.cfm.co.mz\/wp-content\/uploads\/2019\/09\/Facim_2019_PCA-scaled.jpg\" alt=\"Facim 2019 PCA\" width=\"250\" height=\"167\" style=\"margin: 5px; float: left;\" \/><\/a>A Empresa Portos e Caminhos de Ferro de Mo\u00e7ambique (CFM) recebeu o pr\u00e9mio de<em> Maior Investidor Nacional e Estrangeiro do Sector de Transportes<\/em> na 55\u00aa Edi\u00e7\u00e3o da Feira Agro-Pecu\u00e1ria, Comercial e Industrial de Maputo (FACIM), que decorreu de 26 de Agosto a 1 de Setembro do ano em curso, sob o lema: Mo\u00e7ambique e o Mundo: Alargando o Mercado, Promovendo Investimento e Potenciando Parcerias.<\/p>\n<p style=\"text-align: justify;\">Perante cerca de 2000 expositores, entre nacionais e estrangeiros, foram, igualmente, premiados a Prov\u00edncia de Maputo como a prov\u00edncia melhor expositora.<\/p>\n<p><!--more--><\/p>\n<p style=\"text-align: justify;\">A Cerimonia foi presidida pelo Presidente da Republica tendo, na sua interven\u00e7\u00e3o, exortado aos empres\u00e1rios nacionais a apostarem na certifica\u00e7\u00e3o de qualidade de produtos para conquistarem o mercado internacional.<\/p>\n<p style=\"text-align: justify;\">Para o CFM, esta distin\u00e7\u00e3o revela o empenho da Empresa e dos seus colaboradores a todos n\u00edveis na valoriza\u00e7\u00e3o e materializa\u00e7\u00e3o dos seus objectivos de aumentar a produtividade e assegurar maior competitividade no mercado regional.<\/p>\n<p style=\"text-align: justify;\"><a href=\"http:\/\/www.cfm.co.mz\/wp-content\/uploads\/2019\/09\/Facim_2019_PCA_PR.jpg\" type=\"image\/jpeg\" class=\"jcepopup zoom-bottom-right\" data-mediabox-caption=\"PCA do CFM apresentando o stand da Empresa ao Presidente da Rep\u00fablica\" data-mediabox-height=\"600\" data-mediabox-width=\"800\" data-mediabox=\"1\"><img decoding=\"async\" src=\"http:\/\/www.cfm.co.mz\/wp-content\/uploads\/2019\/09\/Facim_2019_PCA_PR.jpg\" alt=\"Facim 2019 PCA PR\" width=\"250\" height=\"167\" style=\"margin: 5px; float: right;\" \/><\/a>Na FACIM, o CFM apresentou ao pa\u00eds e ao mundo as suas potencialidades no sector de transporte de pessoas e bens a n\u00edvel nacional e regional e faz um balan\u00e7o positivo da sua participa\u00e7\u00e3o neste evento porquanto milhares de visitantes escalaram o stand da Empresa.<\/p>\n<p style=\"text-align: justify;\">Entretanto, o plano de constru\u00e7\u00e3o de infra-estruturas fixas no local de exposi\u00e7\u00e3o, anunciado pelo Minist\u00e9rio da Industria e Com\u00e9rcio, representa um desafio para o CFM com vista a assegurar maior capacidade e em condi\u00e7\u00f5es seguras e de qualidade no transporte de pessoas e bens de e para Ricatla durante o ano inteiro, com maior destaque para o per\u00edodo de exposi\u00e7\u00e3o o que poder\u00e1 aliviar o tr\u00e1fego rodovi\u00e1rio que se regista nos dias da FACIM.<\/p>","protected":false},"excerpt":{"rendered":"<p>A Empresa Portos e Caminhos de Ferro de Mo\u00e7ambique (CFM) recebeu o pr\u00e9mio de Maior Investidor Nacional e Estrangeiro do Sector de Transportes na 55\u00aa Edi\u00e7\u00e3o da Feira Agro-Pecu\u00e1ria, Comercial e Industrial de Maputo (FACIM), que decorreu de 26 de Agosto a 1 de Setembro do ano em curso, sob o lema: Mo\u00e7ambique e o Mundo: Alargando o Mercado, Promovendo Investimento e Potenciando Parcerias. Perante cerca de 2000 expositores, entre nacionais e estrangeiros, foram, igualmente, premiados a Prov\u00edncia de Maputo como a prov\u00edncia melhor expositora.<\/p>","protected":false},"author":94,"featured_media":9124,"comment_status":"open","ping_status":"open","sticky":false,"template":"","format":"standard","meta":{"_acf_changed":false,"pgc_sgb_lightbox_settings":"","footnotes":""},"categories":[680],"tags":[],"class_list":["post-9129","post","type-post","status-publish","format-standard","has-post-thumbnail","hentry","category-noticias"],"acf":[],"yoast_head":"<!-- This site is optimized with the Yoast SEO plugin v26.5 - https:\/\/yoast.com\/wordpress\/plugins\/seo\/ -->\n<title>CFM distinguido com pr\u00e9mio Maior Investidor Nacional e Estrangeiro no Sector de Transportes - CFM - Caminhos De Ferros de Mo\u00e7ambique<\/title>\n<meta name=\"robots\" content=\"index, follow, max-snippet:-1, max-image-preview:large, max-video-preview:-1\" \/>\n<link rel=\"canonical\" href=\"https:\/\/www.cfm.co.mz\/en\/2019\/09\/11\/cfm-distinguido-com-premio-maior-investidor-nacional-e-estrangeiro-no-sector-de-transportes\/\" \/>\n<meta property=\"og:locale\" content=\"en_US\" \/>\n<meta property=\"og:type\" content=\"article\" \/>\n<meta property=\"og:title\" content=\"CFM distinguido com pr\u00e9mio Maior Investidor Nacional e Estrangeiro no Sector de Transportes - CFM - Caminhos De Ferros de Mo\u00e7ambique\" \/>\n<meta property=\"og:description\" content=\"A Empresa Portos e Caminhos de Ferro de Mo\u00e7ambique (CFM) recebeu o pr\u00e9mio de Maior Investidor Nacional e Estrangeiro do Sector de Transportes na 55\u00aa Edi\u00e7\u00e3o da Feira Agro-Pecu\u00e1ria, Comercial e Industrial de Maputo (FACIM), que decorreu de 26 de Agosto a 1 de Setembro do ano em curso, sob o lema: Mo\u00e7ambique e o Mundo: Alargando o Mercado, Promovendo Investimento e Potenciando Parcerias. Perante cerca de 2000 expositores, entre nacionais e estrangeiros, foram, igualmente, premiados a Prov\u00edncia de Maputo como a prov\u00edncia melhor expositora.\" \/>\n<meta property=\"og:url\" content=\"https:\/\/www.cfm.co.mz\/en\/2019\/09\/11\/cfm-distinguido-com-premio-maior-investidor-nacional-e-estrangeiro-no-sector-de-transportes\/\" \/>\n<meta property=\"og:site_name\" content=\"CFM - Caminhos De Ferros de Mo\u00e7ambique\" \/>\n<meta property=\"article:publisher\" content=\"https:\/\/www.facebook.com\/CFMMoz\" \/>\n<meta property=\"article:published_time\" content=\"2019-09-11T12:47:17+00:00\" \/>\n<meta property=\"og:image\" content=\"https:\/\/www.cfm.co.mz\/wp-content\/uploads\/2019\/09\/Facim_2019_PCA-scaled.jpg\" \/>\n\t<meta property=\"og:image:width\" content=\"2560\" \/>\n\t<meta property=\"og:image:height\" content=\"1707\" \/>\n\t<meta property=\"og:image:type\" content=\"image\/jpeg\" \/>\n<meta name=\"author\" content=\"D\u00e9rcio Badru\" \/>\n<meta name=\"twitter:card\" content=\"summary_large_image\" \/>\n<meta name=\"twitter:label1\" content=\"Written by\" \/>\n\t<meta name=\"twitter:data1\" content=\"D\u00e9rcio Badru\" \/>\n\t<meta name=\"twitter:label2\" content=\"Est. reading time\" \/>\n\t<meta name=\"twitter:data2\" content=\"1 minute\" \/>\n<script type=\"application\/ld+json\" class=\"yoast-schema-graph\">{\"@context\":\"https:\/\/schema.org\",\"@graph\":[{\"@type\":\"Article\",\"@id\":\"https:\/\/www.cfm.co.mz\/2019\/09\/11\/cfm-distinguido-com-premio-maior-investidor-nacional-e-estrangeiro-no-sector-de-transportes\/#article\",\"isPartOf\":{\"@id\":\"https:\/\/www.cfm.co.mz\/2019\/09\/11\/cfm-distinguido-com-premio-maior-investidor-nacional-e-estrangeiro-no-sector-de-transportes\/\"},\"author\":{\"name\":\"D\u00e9rcio Badru\",\"@id\":\"https:\/\/www.cfm.co.mz\/#\/schema\/person\/1bb663f3c59dc61900f6f9b1c2b53552\"},\"headline\":\"CFM distinguido com pr\u00e9mio Maior Investidor Nacional e Estrangeiro no Sector de Transportes\",\"datePublished\":\"2019-09-11T12:47:17+00:00\",\"mainEntityOfPage\":{\"@id\":\"https:\/\/www.cfm.co.mz\/2019\/09\/11\/cfm-distinguido-com-premio-maior-investidor-nacional-e-estrangeiro-no-sector-de-transportes\/\"},\"wordCount\":305,\"commentCount\":0,\"publisher\":{\"@id\":\"https:\/\/www.cfm.co.mz\/#organization\"},\"image\":{\"@id\":\"https:\/\/www.cfm.co.mz\/2019\/09\/11\/cfm-distinguido-com-premio-maior-investidor-nacional-e-estrangeiro-no-sector-de-transportes\/#primaryimage\"},\"thumbnailUrl\":\"https:\/\/www.cfm.co.mz\/wp-content\/uploads\/2019\/09\/Facim_2019_PCA-scaled.jpg\",\"articleSection\":[\"Noticias\"],\"inLanguage\":\"en-US\",\"potentialAction\":[{\"@type\":\"CommentAction\",\"name\":\"Comment\",\"target\":[\"https:\/\/www.cfm.co.mz\/2019\/09\/11\/cfm-distinguido-com-premio-maior-investidor-nacional-e-estrangeiro-no-sector-de-transportes\/#respond\"]}]},{\"@type\":\"WebPage\",\"@id\":\"https:\/\/www.cfm.co.mz\/2019\/09\/11\/cfm-distinguido-com-premio-maior-investidor-nacional-e-estrangeiro-no-sector-de-transportes\/\",\"url\":\"https:\/\/www.cfm.co.mz\/2019\/09\/11\/cfm-distinguido-com-premio-maior-investidor-nacional-e-estrangeiro-no-sector-de-transportes\/\",\"name\":\"CFM distinguido com pr\u00e9mio Maior Investidor Nacional e Estrangeiro no Sector de Transportes - CFM - Caminhos De Ferros de Mo\u00e7ambique\",\"isPartOf\":{\"@id\":\"https:\/\/www.cfm.co.mz\/#website\"},\"primaryImageOfPage\":{\"@id\":\"https:\/\/www.cfm.co.mz\/2019\/09\/11\/cfm-distinguido-com-premio-maior-investidor-nacional-e-estrangeiro-no-sector-de-transportes\/#primaryimage\"},\"image\":{\"@id\":\"https:\/\/www.cfm.co.mz\/2019\/09\/11\/cfm-distinguido-com-premio-maior-investidor-nacional-e-estrangeiro-no-sector-de-transportes\/#primaryimage\"},\"thumbnailUrl\":\"https:\/\/www.cfm.co.mz\/wp-content\/uploads\/2019\/09\/Facim_2019_PCA-scaled.jpg\",\"datePublished\":\"2019-09-11T12:47:17+00:00\",\"breadcrumb\":{\"@id\":\"https:\/\/www.cfm.co.mz\/2019\/09\/11\/cfm-distinguido-com-premio-maior-investidor-nacional-e-estrangeiro-no-sector-de-transportes\/#breadcrumb\"},\"inLanguage\":\"en-US\",\"potentialAction\":[{\"@type\":\"ReadAction\",\"target\":[\"https:\/\/www.cfm.co.mz\/2019\/09\/11\/cfm-distinguido-com-premio-maior-investidor-nacional-e-estrangeiro-no-sector-de-transportes\/\"]}]},{\"@type\":\"ImageObject\",\"inLanguage\":\"en-US\",\"@id\":\"https:\/\/www.cfm.co.mz\/2019\/09\/11\/cfm-distinguido-com-premio-maior-investidor-nacional-e-estrangeiro-no-sector-de-transportes\/#primaryimage\",\"url\":\"https:\/\/www.cfm.co.mz\/wp-content\/uploads\/2019\/09\/Facim_2019_PCA-scaled.jpg\",\"contentUrl\":\"https:\/\/www.cfm.co.mz\/wp-content\/uploads\/2019\/09\/Facim_2019_PCA-scaled.jpg\",\"width\":2560,\"height\":1707,\"caption\":\"Facim 2019 PCA\"},{\"@type\":\"BreadcrumbList\",\"@id\":\"https:\/\/www.cfm.co.mz\/2019\/09\/11\/cfm-distinguido-com-premio-maior-investidor-nacional-e-estrangeiro-no-sector-de-transportes\/#breadcrumb\",\"itemListElement\":[{\"@type\":\"ListItem\",\"position\":1,\"name\":\"Home\",\"item\":\"https:\/\/www.cfm.co.mz\/\"},{\"@type\":\"ListItem\",\"position\":2,\"name\":\"CFM distinguido com pr\u00e9mio Maior Investidor Nacional e Estrangeiro no Sector de Transportes\"}]},{\"@type\":\"WebSite\",\"@id\":\"https:\/\/www.cfm.co.mz\/#website\",\"url\":\"https:\/\/www.cfm.co.mz\/\",\"name\":\"CFM - Caminhos De Ferros de Mo\u00e7ambique\",\"description\":\"Ampliando Horizontes\",\"publisher\":{\"@id\":\"https:\/\/www.cfm.co.mz\/#organization\"},\"potentialAction\":[{\"@type\":\"SearchAction\",\"target\":{\"@type\":\"EntryPoint\",\"urlTemplate\":\"https:\/\/www.cfm.co.mz\/?s={search_term_string}\"},\"query-input\":{\"@type\":\"PropertyValueSpecification\",\"valueRequired\":true,\"valueName\":\"search_term_string\"}}],\"inLanguage\":\"en-US\"},{\"@type\":\"Organization\",\"@id\":\"https:\/\/www.cfm.co.mz\/#organization\",\"name\":\"CFM - Caminhos De Ferros de Mo\u00e7ambique\",\"url\":\"https:\/\/www.cfm.co.mz\/\",\"logo\":{\"@type\":\"ImageObject\",\"inLanguage\":\"en-US\",\"@id\":\"https:\/\/www.cfm.co.mz\/#\/schema\/logo\/image\/\",\"url\":\"https:\/\/www.cfm.co.mz\/wp-content\/uploads\/2025\/07\/be5f0679-4f5b-4d02-9719-a26ceed29162.jpg\",\"contentUrl\":\"https:\/\/www.cfm.co.mz\/wp-content\/uploads\/2025\/07\/be5f0679-4f5b-4d02-9719-a26ceed29162.jpg\",\"width\":400,\"height\":65,\"caption\":\"CFM - Caminhos De Ferros de Mo\u00e7ambique\"},\"image\":{\"@id\":\"https:\/\/www.cfm.co.mz\/#\/schema\/logo\/image\/\"},\"sameAs\":[\"https:\/\/www.facebook.com\/CFMMoz\",\"https:\/\/www.linkedin.com\/company\/caminhos-de-ferro-de-moambique\/\"]},{\"@type\":\"Person\",\"@id\":\"https:\/\/www.cfm.co.mz\/#\/schema\/person\/1bb663f3c59dc61900f6f9b1c2b53552\",\"name\":\"D\u00e9rcio Badru\",\"image\":{\"@type\":\"ImageObject\",\"inLanguage\":\"en-US\",\"@id\":\"https:\/\/www.cfm.co.mz\/#\/schema\/person\/image\/\",\"url\":\"https:\/\/www.cfm.co.mz\/wp-content\/litespeed\/avatar\/be89d6955942d7259ef76de4577d21b3.jpg?ver=1777454359\",\"contentUrl\":\"https:\/\/www.cfm.co.mz\/wp-content\/litespeed\/avatar\/be89d6955942d7259ef76de4577d21b3.jpg?ver=1777454359\",\"caption\":\"D\u00e9rcio Badru\"},\"url\":\"https:\/\/www.cfm.co.mz\/en\/author\/dercio\/\"}]}<\/script>\n<!-- \/ Yoast SEO plugin. -->","yoast_head_json":{"title":"CFM distinguido com pr\u00e9mio Maior Investidor Nacional e Estrangeiro no Sector de Transportes - CFM - Caminhos De Ferros de Mo\u00e7ambique","robots":{"index":"index","follow":"follow","max-snippet":"max-snippet:-1","max-image-preview":"max-image-preview:large","max-video-preview":"max-video-preview:-1"},"canonical":"https:\/\/www.cfm.co.mz\/en\/2019\/09\/11\/cfm-distinguido-com-premio-maior-investidor-nacional-e-estrangeiro-no-sector-de-transportes\/","og_locale":"en_US","og_type":"article","og_title":"CFM distinguido com pr\u00e9mio Maior Investidor Nacional e Estrangeiro no Sector de Transportes - CFM - Caminhos De Ferros de Mo\u00e7ambique","og_description":"A Empresa Portos e Caminhos de Ferro de Mo\u00e7ambique (CFM) recebeu o pr\u00e9mio de Maior Investidor Nacional e Estrangeiro do Sector de Transportes na 55\u00aa Edi\u00e7\u00e3o da Feira Agro-Pecu\u00e1ria, Comercial e Industrial de Maputo (FACIM), que decorreu de 26 de Agosto a 1 de Setembro do ano em curso, sob o lema: Mo\u00e7ambique e o Mundo: Alargando o Mercado, Promovendo Investimento e Potenciando Parcerias. Perante cerca de 2000 expositores, entre nacionais e estrangeiros, foram, igualmente, premiados a Prov\u00edncia de Maputo como a prov\u00edncia melhor expositora.","og_url":"https:\/\/www.cfm.co.mz\/en\/2019\/09\/11\/cfm-distinguido-com-premio-maior-investidor-nacional-e-estrangeiro-no-sector-de-transportes\/","og_site_name":"CFM - Caminhos De Ferros de Mo\u00e7ambique","article_publisher":"https:\/\/www.facebook.com\/CFMMoz","article_published_time":"2019-09-11T12:47:17+00:00","og_image":[{"width":2560,"height":1707,"url":"https:\/\/www.cfm.co.mz\/wp-content\/uploads\/2019\/09\/Facim_2019_PCA-scaled.jpg","type":"image\/jpeg"}],"author":"D\u00e9rcio Badru","twitter_card":"summary_large_image","twitter_misc":{"Written by":"D\u00e9rcio Badru","Est. reading time":"1 minute"},"schema":{"@context":"https:\/\/schema.org","@graph":[{"@type":"Article","@id":"https:\/\/www.cfm.co.mz\/2019\/09\/11\/cfm-distinguido-com-premio-maior-investidor-nacional-e-estrangeiro-no-sector-de-transportes\/#article","isPartOf":{"@id":"https:\/\/www.cfm.co.mz\/2019\/09\/11\/cfm-distinguido-com-premio-maior-investidor-nacional-e-estrangeiro-no-sector-de-transportes\/"},"author":{"name":"D\u00e9rcio Badru","@id":"https:\/\/www.cfm.co.mz\/#\/schema\/person\/1bb663f3c59dc61900f6f9b1c2b53552"},"headline":"CFM distinguido com pr\u00e9mio Maior Investidor Nacional e Estrangeiro no Sector de Transportes","datePublished":"2019-09-11T12:47:17+00:00","mainEntityOfPage":{"@id":"https:\/\/www.cfm.co.mz\/2019\/09\/11\/cfm-distinguido-com-premio-maior-investidor-nacional-e-estrangeiro-no-sector-de-transportes\/"},"wordCount":305,"commentCount":0,"publisher":{"@id":"https:\/\/www.cfm.co.mz\/#organization"},"image":{"@id":"https:\/\/www.cfm.co.mz\/2019\/09\/11\/cfm-distinguido-com-premio-maior-investidor-nacional-e-estrangeiro-no-sector-de-transportes\/#primaryimage"},"thumbnailUrl":"https:\/\/www.cfm.co.mz\/wp-content\/uploads\/2019\/09\/Facim_2019_PCA-scaled.jpg","articleSection":["Noticias"],"inLanguage":"en-US","potentialAction":[{"@type":"CommentAction","name":"Comment","target":["https:\/\/www.cfm.co.mz\/2019\/09\/11\/cfm-distinguido-com-premio-maior-investidor-nacional-e-estrangeiro-no-sector-de-transportes\/#respond"]}]},{"@type":"WebPage","@id":"https:\/\/www.cfm.co.mz\/2019\/09\/11\/cfm-distinguido-com-premio-maior-investidor-nacional-e-estrangeiro-no-sector-de-transportes\/","url":"https:\/\/www.cfm.co.mz\/2019\/09\/11\/cfm-distinguido-com-premio-maior-investidor-nacional-e-estrangeiro-no-sector-de-transportes\/","name":"CFM distinguido com pr\u00e9mio Maior Investidor Nacional e Estrangeiro no Sector de Transportes - CFM - Caminhos De Ferros de Mo\u00e7ambique","isPartOf":{"@id":"https:\/\/www.cfm.co.mz\/#website"},"primaryImageOfPage":{"@id":"https:\/\/www.cfm.co.mz\/2019\/09\/11\/cfm-distinguido-com-premio-maior-investidor-nacional-e-estrangeiro-no-sector-de-transportes\/#primaryimage"},"image":{"@id":"https:\/\/www.cfm.co.mz\/2019\/09\/11\/cfm-distinguido-com-premio-maior-investidor-nacional-e-estrangeiro-no-sector-de-transportes\/#primaryimage"},"thumbnailUrl":"https:\/\/www.cfm.co.mz\/wp-content\/uploads\/2019\/09\/Facim_2019_PCA-scaled.jpg","datePublished":"2019-09-11T12:47:17+00:00","breadcrumb":{"@id":"https:\/\/www.cfm.co.mz\/2019\/09\/11\/cfm-distinguido-com-premio-maior-investidor-nacional-e-estrangeiro-no-sector-de-transportes\/#breadcrumb"},"inLanguage":"en-US","potentialAction":[{"@type":"ReadAction","target":["https:\/\/www.cfm.co.mz\/2019\/09\/11\/cfm-distinguido-com-premio-maior-investidor-nacional-e-estrangeiro-no-sector-de-transportes\/"]}]},{"@type":"ImageObject","inLanguage":"en-US","@id":"https:\/\/www.cfm.co.mz\/2019\/09\/11\/cfm-distinguido-com-premio-maior-investidor-nacional-e-estrangeiro-no-sector-de-transportes\/#primaryimage","url":"https:\/\/www.cfm.co.mz\/wp-content\/uploads\/2019\/09\/Facim_2019_PCA-scaled.jpg","contentUrl":"https:\/\/www.cfm.co.mz\/wp-content\/uploads\/2019\/09\/Facim_2019_PCA-scaled.jpg","width":2560,"height":1707,"caption":"Facim 2019 PCA"},{"@type":"BreadcrumbList","@id":"https:\/\/www.cfm.co.mz\/2019\/09\/11\/cfm-distinguido-com-premio-maior-investidor-nacional-e-estrangeiro-no-sector-de-transportes\/#breadcrumb","itemListElement":[{"@type":"ListItem","position":1,"name":"Home","item":"https:\/\/www.cfm.co.mz\/"},{"@type":"ListItem","position":2,"name":"CFM distinguido com pr\u00e9mio Maior Investidor Nacional e Estrangeiro no Sector de Transportes"}]},{"@type":"WebSite","@id":"https:\/\/www.cfm.co.mz\/#website","url":"https:\/\/www.cfm.co.mz\/","name":"CFM - Caminhos De Ferros de Mo\u00e7ambique","description":"Ampliando Horizontes","publisher":{"@id":"https:\/\/www.cfm.co.mz\/#organization"},"potentialAction":[{"@type":"SearchAction","target":{"@type":"EntryPoint","urlTemplate":"https:\/\/www.cfm.co.mz\/?s={search_term_string}"},"query-input":{"@type":"PropertyValueSpecification","valueRequired":true,"valueName":"search_term_string"}}],"inLanguage":"en-US"},{"@type":"Organization","@id":"https:\/\/www.cfm.co.mz\/#organization","name":"CFM - Caminhos De Ferros de Mo\u00e7ambique","url":"https:\/\/www.cfm.co.mz\/","logo":{"@type":"ImageObject","inLanguage":"en-US","@id":"https:\/\/www.cfm.co.mz\/#\/schema\/logo\/image\/","url":"https:\/\/www.cfm.co.mz\/wp-content\/uploads\/2025\/07\/be5f0679-4f5b-4d02-9719-a26ceed29162.jpg","contentUrl":"https:\/\/www.cfm.co.mz\/wp-content\/uploads\/2025\/07\/be5f0679-4f5b-4d02-9719-a26ceed29162.jpg","width":400,"height":65,"caption":"CFM - Caminhos De Ferros de Mo\u00e7ambique"},"image":{"@id":"https:\/\/www.cfm.co.mz\/#\/schema\/logo\/image\/"},"sameAs":["https:\/\/www.facebook.com\/CFMMoz","https:\/\/www.linkedin.com\/company\/caminhos-de-ferro-de-moambique\/"]},{"@type":"Person","@id":"https:\/\/www.cfm.co.mz\/#\/schema\/person\/1bb663f3c59dc61900f6f9b1c2b53552","name":"D\u00e9rcio Badru","image":{"@type":"ImageObject","inLanguage":"en-US","@id":"https:\/\/www.cfm.co.mz\/#\/schema\/person\/image\/","url":"https:\/\/www.cfm.co.mz\/wp-content\/litespeed\/avatar\/be89d6955942d7259ef76de4577d21b3.jpg?ver=1777454359","contentUrl":"https:\/\/www.cfm.co.mz\/wp-content\/litespeed\/avatar\/be89d6955942d7259ef76de4577d21b3.jpg?ver=1777454359","caption":"D\u00e9rcio Badru"},"url":"https:\/\/www.cfm.co.mz\/en\/author\/dercio\/"}]}},"_links":{"self":[{"href":"https:\/\/www.cfm.co.mz\/en\/wp-json\/wp\/v2\/posts\/9129","targetHints":{"allow":["GET"]}}],"collection":[{"href":"https:\/\/www.cfm.co.mz\/en\/wp-json\/wp\/v2\/posts"}],"about":[{"href":"https:\/\/www.cfm.co.mz\/en\/wp-json\/wp\/v2\/types\/post"}],"author":[{"embeddable":true,"href":"https:\/\/www.cfm.co.mz\/en\/wp-json\/wp\/v2\/users\/94"}],"replies":[{"embeddable":true,"href":"https:\/\/www.cfm.co.mz\/en\/wp-json\/wp\/v2\/comments?post=9129"}],"version-history":[{"count":0,"href":"https:\/\/www.cfm.co.mz\/en\/wp-json\/wp\/v2\/posts\/9129\/revisions"}],"wp:featuredmedia":[{"embeddable":true,"href":"https:\/\/www.cfm.co.mz\/en\/wp-json\/wp\/v2\/media\/9124"}],"wp:attachment":[{"href":"https:\/\/www.cfm.co.mz\/en\/wp-json\/wp\/v2\/media?parent=9129"}],"wp:term":[{"taxonomy":"category","embeddable":true,"href":"https:\/\/www.cfm.co.mz\/en\/wp-json\/wp\/v2\/categories?post=9129"},{"taxonomy":"post_tag","embeddable":true,"href":"https:\/\/www.cfm.co.mz\/en\/wp-json\/wp\/v2\/tags?post=9129"}],"curies":[{"name":"wp","href":"https:\/\/api.w.org\/{rel}","templated":true}]}}