{"id":9100,"date":"2019-07-08T19:18:07","date_gmt":"2019-07-08T19:18:07","guid":{"rendered":"https:\/\/www.cfm.co.mz\/2019\/07\/08\/cfm-completa-124-anos\/"},"modified":"2019-07-08T19:18:07","modified_gmt":"2019-07-08T19:18:07","slug":"cfm-completa-124-anos","status":"publish","type":"post","link":"https:\/\/www.cfm.co.mz\/en\/2019\/07\/08\/cfm-completa-124-anos\/","title":{"rendered":"CFM Completa 124 Anos"},"content":{"rendered":"<p style=\"text-align: justify;\"><a href=\"http:\/\/www.cfm.co.mz\/wp-content\/uploads\/2019\/07\/Estacao_Central_Lourenco_Marques.jpg\" type=\"image\/jpeg\" class=\"jcepopup zoom-bottom-right\" data-mediabox=\"1\" data-mediabox-width=\"800\" data-mediabox-height=\"600\" data-mediabox-caption=\"Esta\u00e7\u00e3o Central, Louren\u00e7o Marques\"><img decoding=\"async\" src=\"http:\/\/www.cfm.co.mz\/wp-content\/uploads\/2019\/07\/Estacao_Central_Lourenco_Marques.jpg\" alt=\"Esta\u00e7\u00e3o Central Louren\u00e7o Marques\" width=\"250\" height=\"167\" style=\"margin: 5px; float: left;\" \/><\/a>Foi h\u00e1 124 anos (8 de Julho de 1895) que o primeiro comboio apitou de Louren\u00e7o Marques \u2013 Lagoa bay (Hoje Maputo) com destino \u00e0 Transvaal \u2013 na Rep\u00fablica da \u00c1frica do Sul, registado nos anais da hist\u00f3ria a Abertura Oficial da Linha F\u00e9rrea Louren\u00e7o Marques-Pret\u00f3ria, cujas cerim\u00f3nias centrais tiveram lugar em Pret\u00f3ria e Louren\u00e7o Marques, respectivamente.<\/p>\n<p style=\"text-align: justify;\">Por esta ocasi\u00e3o, o Conselho de Administra\u00e7\u00e3o, endere\u00e7a \u00e0 Fam\u00edlia Ferrovi\u00e1ria calorosas sauda\u00e7\u00f5es pelas conquistas alcan\u00e7adas ao longo destes anos, homenageando todos Ferrovi\u00e1rias que tornaram poss\u00edvel a afirma\u00e7\u00e3o desta centen\u00e1ria empresa \u2013 Portos e Caminhos de Ferro de Mo\u00e7ambique.<\/p>\n<p><!--more--><\/p>\n<p style=\"text-align: justify;\">Hoje passados 124 anos temos o orgulho de dizer que temos estado a capitalizar da melhor maneira poss\u00edvel este projecto. Tanto no ano passado, como neste ano fomos congratulados pelo Chefe de Estado pelos resultados positivos que temos estado a atingir.<\/p>\n<p style=\"text-align: justify;\"><strong>Parab\u00e9ns ao CFM e bem hajam os seus Trabalhadores!<\/strong><\/p>\n<p><a href=\"http:\/\/www.cfm.co.mz\/wp-content\/uploads\/2019\/07\/Inauguracao_de_Locomotivas_e_Vagoes_2019_PR.jpg\" type=\"image\/jpeg\" class=\"jcepopup zoom-bottom-right\" data-mediabox=\"1\" data-mediabox-width=\"800\" data-mediabox-height=\"600\" data-mediabox-caption=\"Presidente da Rep\u00fablica, Filipe Nyusi no acto da queima das fitas\"><img decoding=\"async\" src=\"http:\/\/www.cfm.co.mz\/wp-content\/uploads\/2019\/07\/Inauguracao_de_Locomotivas_e_Vagoes_2019_PR.jpg\" alt=\"Inaugura\u00e7\u00e3o de Locomotivas e Vag\u00f5es 2019 PR\" width=\"250\" height=\"167\" style=\"margin: 5px; float: left;\" \/><\/a><a href=\"http:\/\/www.cfm.co.mz\/wp-content\/uploads\/2019\/07\/Vagoes.jpg\" type=\"image\/jpeg\" class=\"jcepopup zoom-bottom-right\" data-mediabox=\"1\" data-mediabox-width=\"800\" data-mediabox-height=\"600\" data-mediabox-caption=\"Vag\u00f5es\"><img decoding=\"async\" src=\"http:\/\/www.cfm.co.mz\/wp-content\/uploads\/2019\/07\/Vagoes.jpg\" alt=\"Vag\u00f5es\" width=\"250\" height=\"167\" style=\"margin: 5px;\" \/><\/a><a href=\"http:\/\/www.cfm.co.mz\/wp-content\/uploads\/2013\/09\/Passageiros.jpg\" type=\"image\/jpeg\" class=\"jcepopup zoom-bottom-right\" data-mediabox=\"1\" data-mediabox-width=\"800\" data-mediabox-height=\"600\" data-mediabox-caption=\"Esta\u00e7\u00e3o Central de Maputo, Embarque de Passageiros\"><img loading=\"lazy\" decoding=\"async\" src=\"http:\/\/www.cfm.co.mz\/wp-content\/uploads\/2013\/09\/Passageiros.jpg\" alt=\"Passageiros\" width=\"250\" height=\"167\" style=\"margin: 5px;\" \/><\/a><\/p>\n<p>&nbsp;<\/p>","protected":false},"excerpt":{"rendered":"<p>Foi h\u00e1 124 anos (8 de Julho de 1895) que o primeiro comboio apitou de Louren\u00e7o Marques \u2013 Lagoa bay (Hoje Maputo) com destino \u00e0 Transvaal \u2013 na Rep\u00fablica da \u00c1frica do Sul, registado nos anais da hist\u00f3ria a Abertura Oficial da Linha F\u00e9rrea Louren\u00e7o Marques-Pret\u00f3ria, cujas cerim\u00f3nias centrais tiveram lugar em Pret\u00f3ria e Louren\u00e7o Marques, respectivamente. Por esta ocasi\u00e3o, o Conselho de Administra\u00e7\u00e3o, endere\u00e7a \u00e0 Fam\u00edlia Ferrovi\u00e1ria calorosas sauda\u00e7\u00f5es pelas conquistas alcan\u00e7adas ao longo destes anos, homenageando todos Ferrovi\u00e1rias que tornaram poss\u00edvel a afirma\u00e7\u00e3o desta centen\u00e1ria empresa \u2013 Portos e Caminhos de Ferro de Mo\u00e7ambique.<\/p>","protected":false},"author":94,"featured_media":9096,"comment_status":"open","ping_status":"open","sticky":false,"template":"","format":"standard","meta":{"_acf_changed":false,"pgc_sgb_lightbox_settings":"","footnotes":""},"categories":[680],"tags":[],"class_list":["post-9100","post","type-post","status-publish","format-standard","has-post-thumbnail","hentry","category-noticias"],"acf":[],"yoast_head":"<!-- This site is optimized with the Yoast SEO plugin v26.5 - https:\/\/yoast.com\/wordpress\/plugins\/seo\/ -->\n<title>CFM Completa 124 Anos - CFM - Caminhos De Ferros de Mo\u00e7ambique<\/title>\n<meta name=\"robots\" content=\"index, follow, max-snippet:-1, max-image-preview:large, max-video-preview:-1\" \/>\n<link rel=\"canonical\" href=\"https:\/\/www.cfm.co.mz\/en\/2019\/07\/08\/cfm-completa-124-anos\/\" \/>\n<meta property=\"og:locale\" content=\"en_US\" \/>\n<meta property=\"og:type\" content=\"article\" \/>\n<meta property=\"og:title\" content=\"CFM Completa 124 Anos - CFM - Caminhos De Ferros de Mo\u00e7ambique\" \/>\n<meta property=\"og:description\" content=\"Foi h\u00e1 124 anos (8 de Julho de 1895) que o primeiro comboio apitou de Louren\u00e7o Marques \u2013 Lagoa bay (Hoje Maputo) com destino \u00e0 Transvaal \u2013 na Rep\u00fablica da \u00c1frica do Sul, registado nos anais da hist\u00f3ria a Abertura Oficial da Linha F\u00e9rrea Louren\u00e7o Marques-Pret\u00f3ria, cujas cerim\u00f3nias centrais tiveram lugar em Pret\u00f3ria e Louren\u00e7o Marques, respectivamente. Por esta ocasi\u00e3o, o Conselho de Administra\u00e7\u00e3o, endere\u00e7a \u00e0 Fam\u00edlia Ferrovi\u00e1ria calorosas sauda\u00e7\u00f5es pelas conquistas alcan\u00e7adas ao longo destes anos, homenageando todos Ferrovi\u00e1rias que tornaram poss\u00edvel a afirma\u00e7\u00e3o desta centen\u00e1ria empresa \u2013 Portos e Caminhos de Ferro de Mo\u00e7ambique.\" \/>\n<meta property=\"og:url\" content=\"https:\/\/www.cfm.co.mz\/en\/2019\/07\/08\/cfm-completa-124-anos\/\" \/>\n<meta property=\"og:site_name\" content=\"CFM - Caminhos De Ferros de Mo\u00e7ambique\" \/>\n<meta property=\"article:publisher\" content=\"https:\/\/www.facebook.com\/CFMMoz\" \/>\n<meta property=\"article:published_time\" content=\"2019-07-08T19:18:07+00:00\" \/>\n<meta property=\"og:image\" content=\"https:\/\/www.cfm.co.mz\/wp-content\/uploads\/2019\/07\/Estacao_Central_Lourenco_Marques.jpg\" \/>\n\t<meta property=\"og:image:width\" content=\"1800\" \/>\n\t<meta property=\"og:image:height\" content=\"1200\" \/>\n\t<meta property=\"og:image:type\" content=\"image\/jpeg\" \/>\n<meta name=\"author\" content=\"D\u00e9rcio Badru\" \/>\n<meta name=\"twitter:card\" content=\"summary_large_image\" \/>\n<meta name=\"twitter:label1\" content=\"Written by\" \/>\n\t<meta name=\"twitter:data1\" content=\"D\u00e9rcio Badru\" \/>\n\t<meta name=\"twitter:label2\" content=\"Est. reading time\" \/>\n\t<meta name=\"twitter:data2\" content=\"1 minute\" \/>\n<script type=\"application\/ld+json\" class=\"yoast-schema-graph\">{\"@context\":\"https:\/\/schema.org\",\"@graph\":[{\"@type\":\"Article\",\"@id\":\"https:\/\/www.cfm.co.mz\/2019\/07\/08\/cfm-completa-124-anos\/#article\",\"isPartOf\":{\"@id\":\"https:\/\/www.cfm.co.mz\/2019\/07\/08\/cfm-completa-124-anos\/\"},\"author\":{\"name\":\"D\u00e9rcio Badru\",\"@id\":\"https:\/\/www.cfm.co.mz\/#\/schema\/person\/1bb663f3c59dc61900f6f9b1c2b53552\"},\"headline\":\"CFM Completa 124 Anos\",\"datePublished\":\"2019-07-08T19:18:07+00:00\",\"mainEntityOfPage\":{\"@id\":\"https:\/\/www.cfm.co.mz\/2019\/07\/08\/cfm-completa-124-anos\/\"},\"wordCount\":164,\"commentCount\":0,\"publisher\":{\"@id\":\"https:\/\/www.cfm.co.mz\/#organization\"},\"image\":{\"@id\":\"https:\/\/www.cfm.co.mz\/2019\/07\/08\/cfm-completa-124-anos\/#primaryimage\"},\"thumbnailUrl\":\"https:\/\/www.cfm.co.mz\/wp-content\/uploads\/2019\/07\/Estacao_Central_Lourenco_Marques.jpg\",\"articleSection\":[\"Noticias\"],\"inLanguage\":\"en-US\",\"potentialAction\":[{\"@type\":\"CommentAction\",\"name\":\"Comment\",\"target\":[\"https:\/\/www.cfm.co.mz\/2019\/07\/08\/cfm-completa-124-anos\/#respond\"]}]},{\"@type\":\"WebPage\",\"@id\":\"https:\/\/www.cfm.co.mz\/2019\/07\/08\/cfm-completa-124-anos\/\",\"url\":\"https:\/\/www.cfm.co.mz\/2019\/07\/08\/cfm-completa-124-anos\/\",\"name\":\"CFM Completa 124 Anos - CFM - Caminhos De Ferros de Mo\u00e7ambique\",\"isPartOf\":{\"@id\":\"https:\/\/www.cfm.co.mz\/#website\"},\"primaryImageOfPage\":{\"@id\":\"https:\/\/www.cfm.co.mz\/2019\/07\/08\/cfm-completa-124-anos\/#primaryimage\"},\"image\":{\"@id\":\"https:\/\/www.cfm.co.mz\/2019\/07\/08\/cfm-completa-124-anos\/#primaryimage\"},\"thumbnailUrl\":\"https:\/\/www.cfm.co.mz\/wp-content\/uploads\/2019\/07\/Estacao_Central_Lourenco_Marques.jpg\",\"datePublished\":\"2019-07-08T19:18:07+00:00\",\"breadcrumb\":{\"@id\":\"https:\/\/www.cfm.co.mz\/2019\/07\/08\/cfm-completa-124-anos\/#breadcrumb\"},\"inLanguage\":\"en-US\",\"potentialAction\":[{\"@type\":\"ReadAction\",\"target\":[\"https:\/\/www.cfm.co.mz\/2019\/07\/08\/cfm-completa-124-anos\/\"]}]},{\"@type\":\"ImageObject\",\"inLanguage\":\"en-US\",\"@id\":\"https:\/\/www.cfm.co.mz\/2019\/07\/08\/cfm-completa-124-anos\/#primaryimage\",\"url\":\"https:\/\/www.cfm.co.mz\/wp-content\/uploads\/2019\/07\/Estacao_Central_Lourenco_Marques.jpg\",\"contentUrl\":\"https:\/\/www.cfm.co.mz\/wp-content\/uploads\/2019\/07\/Estacao_Central_Lourenco_Marques.jpg\",\"width\":1800,\"height\":1200,\"caption\":\"Esta\u00e7\u00e3o Central Louren\u00e7o Marques\"},{\"@type\":\"BreadcrumbList\",\"@id\":\"https:\/\/www.cfm.co.mz\/2019\/07\/08\/cfm-completa-124-anos\/#breadcrumb\",\"itemListElement\":[{\"@type\":\"ListItem\",\"position\":1,\"name\":\"Home\",\"item\":\"https:\/\/www.cfm.co.mz\/\"},{\"@type\":\"ListItem\",\"position\":2,\"name\":\"CFM Completa 124 Anos\"}]},{\"@type\":\"WebSite\",\"@id\":\"https:\/\/www.cfm.co.mz\/#website\",\"url\":\"https:\/\/www.cfm.co.mz\/\",\"name\":\"CFM - Caminhos De Ferros de Mo\u00e7ambique\",\"description\":\"Ampliando Horizontes\",\"publisher\":{\"@id\":\"https:\/\/www.cfm.co.mz\/#organization\"},\"potentialAction\":[{\"@type\":\"SearchAction\",\"target\":{\"@type\":\"EntryPoint\",\"urlTemplate\":\"https:\/\/www.cfm.co.mz\/?s={search_term_string}\"},\"query-input\":{\"@type\":\"PropertyValueSpecification\",\"valueRequired\":true,\"valueName\":\"search_term_string\"}}],\"inLanguage\":\"en-US\"},{\"@type\":\"Organization\",\"@id\":\"https:\/\/www.cfm.co.mz\/#organization\",\"name\":\"CFM - Caminhos De Ferros de Mo\u00e7ambique\",\"url\":\"https:\/\/www.cfm.co.mz\/\",\"logo\":{\"@type\":\"ImageObject\",\"inLanguage\":\"en-US\",\"@id\":\"https:\/\/www.cfm.co.mz\/#\/schema\/logo\/image\/\",\"url\":\"https:\/\/www.cfm.co.mz\/wp-content\/uploads\/2025\/07\/be5f0679-4f5b-4d02-9719-a26ceed29162.jpg\",\"contentUrl\":\"https:\/\/www.cfm.co.mz\/wp-content\/uploads\/2025\/07\/be5f0679-4f5b-4d02-9719-a26ceed29162.jpg\",\"width\":400,\"height\":65,\"caption\":\"CFM - Caminhos De Ferros de Mo\u00e7ambique\"},\"image\":{\"@id\":\"https:\/\/www.cfm.co.mz\/#\/schema\/logo\/image\/\"},\"sameAs\":[\"https:\/\/www.facebook.com\/CFMMoz\",\"https:\/\/www.linkedin.com\/company\/caminhos-de-ferro-de-moambique\/\"]},{\"@type\":\"Person\",\"@id\":\"https:\/\/www.cfm.co.mz\/#\/schema\/person\/1bb663f3c59dc61900f6f9b1c2b53552\",\"name\":\"D\u00e9rcio Badru\",\"image\":{\"@type\":\"ImageObject\",\"inLanguage\":\"en-US\",\"@id\":\"https:\/\/www.cfm.co.mz\/#\/schema\/person\/image\/\",\"url\":\"https:\/\/www.cfm.co.mz\/wp-content\/litespeed\/avatar\/be89d6955942d7259ef76de4577d21b3.jpg?ver=1777454359\",\"contentUrl\":\"https:\/\/www.cfm.co.mz\/wp-content\/litespeed\/avatar\/be89d6955942d7259ef76de4577d21b3.jpg?ver=1777454359\",\"caption\":\"D\u00e9rcio Badru\"},\"url\":\"https:\/\/www.cfm.co.mz\/en\/author\/dercio\/\"}]}<\/script>\n<!-- \/ Yoast SEO plugin. -->","yoast_head_json":{"title":"CFM Completa 124 Anos - CFM - Caminhos De Ferros de Mo\u00e7ambique","robots":{"index":"index","follow":"follow","max-snippet":"max-snippet:-1","max-image-preview":"max-image-preview:large","max-video-preview":"max-video-preview:-1"},"canonical":"https:\/\/www.cfm.co.mz\/en\/2019\/07\/08\/cfm-completa-124-anos\/","og_locale":"en_US","og_type":"article","og_title":"CFM Completa 124 Anos - CFM - Caminhos De Ferros de Mo\u00e7ambique","og_description":"Foi h\u00e1 124 anos (8 de Julho de 1895) que o primeiro comboio apitou de Louren\u00e7o Marques \u2013 Lagoa bay (Hoje Maputo) com destino \u00e0 Transvaal \u2013 na Rep\u00fablica da \u00c1frica do Sul, registado nos anais da hist\u00f3ria a Abertura Oficial da Linha F\u00e9rrea Louren\u00e7o Marques-Pret\u00f3ria, cujas cerim\u00f3nias centrais tiveram lugar em Pret\u00f3ria e Louren\u00e7o Marques, respectivamente. Por esta ocasi\u00e3o, o Conselho de Administra\u00e7\u00e3o, endere\u00e7a \u00e0 Fam\u00edlia Ferrovi\u00e1ria calorosas sauda\u00e7\u00f5es pelas conquistas alcan\u00e7adas ao longo destes anos, homenageando todos Ferrovi\u00e1rias que tornaram poss\u00edvel a afirma\u00e7\u00e3o desta centen\u00e1ria empresa \u2013 Portos e Caminhos de Ferro de Mo\u00e7ambique.","og_url":"https:\/\/www.cfm.co.mz\/en\/2019\/07\/08\/cfm-completa-124-anos\/","og_site_name":"CFM - Caminhos De Ferros de Mo\u00e7ambique","article_publisher":"https:\/\/www.facebook.com\/CFMMoz","article_published_time":"2019-07-08T19:18:07+00:00","og_image":[{"width":1800,"height":1200,"url":"https:\/\/www.cfm.co.mz\/wp-content\/uploads\/2019\/07\/Estacao_Central_Lourenco_Marques.jpg","type":"image\/jpeg"}],"author":"D\u00e9rcio Badru","twitter_card":"summary_large_image","twitter_misc":{"Written by":"D\u00e9rcio Badru","Est. reading time":"1 minute"},"schema":{"@context":"https:\/\/schema.org","@graph":[{"@type":"Article","@id":"https:\/\/www.cfm.co.mz\/2019\/07\/08\/cfm-completa-124-anos\/#article","isPartOf":{"@id":"https:\/\/www.cfm.co.mz\/2019\/07\/08\/cfm-completa-124-anos\/"},"author":{"name":"D\u00e9rcio Badru","@id":"https:\/\/www.cfm.co.mz\/#\/schema\/person\/1bb663f3c59dc61900f6f9b1c2b53552"},"headline":"CFM Completa 124 Anos","datePublished":"2019-07-08T19:18:07+00:00","mainEntityOfPage":{"@id":"https:\/\/www.cfm.co.mz\/2019\/07\/08\/cfm-completa-124-anos\/"},"wordCount":164,"commentCount":0,"publisher":{"@id":"https:\/\/www.cfm.co.mz\/#organization"},"image":{"@id":"https:\/\/www.cfm.co.mz\/2019\/07\/08\/cfm-completa-124-anos\/#primaryimage"},"thumbnailUrl":"https:\/\/www.cfm.co.mz\/wp-content\/uploads\/2019\/07\/Estacao_Central_Lourenco_Marques.jpg","articleSection":["Noticias"],"inLanguage":"en-US","potentialAction":[{"@type":"CommentAction","name":"Comment","target":["https:\/\/www.cfm.co.mz\/2019\/07\/08\/cfm-completa-124-anos\/#respond"]}]},{"@type":"WebPage","@id":"https:\/\/www.cfm.co.mz\/2019\/07\/08\/cfm-completa-124-anos\/","url":"https:\/\/www.cfm.co.mz\/2019\/07\/08\/cfm-completa-124-anos\/","name":"CFM Completa 124 Anos - CFM - Caminhos De Ferros de Mo\u00e7ambique","isPartOf":{"@id":"https:\/\/www.cfm.co.mz\/#website"},"primaryImageOfPage":{"@id":"https:\/\/www.cfm.co.mz\/2019\/07\/08\/cfm-completa-124-anos\/#primaryimage"},"image":{"@id":"https:\/\/www.cfm.co.mz\/2019\/07\/08\/cfm-completa-124-anos\/#primaryimage"},"thumbnailUrl":"https:\/\/www.cfm.co.mz\/wp-content\/uploads\/2019\/07\/Estacao_Central_Lourenco_Marques.jpg","datePublished":"2019-07-08T19:18:07+00:00","breadcrumb":{"@id":"https:\/\/www.cfm.co.mz\/2019\/07\/08\/cfm-completa-124-anos\/#breadcrumb"},"inLanguage":"en-US","potentialAction":[{"@type":"ReadAction","target":["https:\/\/www.cfm.co.mz\/2019\/07\/08\/cfm-completa-124-anos\/"]}]},{"@type":"ImageObject","inLanguage":"en-US","@id":"https:\/\/www.cfm.co.mz\/2019\/07\/08\/cfm-completa-124-anos\/#primaryimage","url":"https:\/\/www.cfm.co.mz\/wp-content\/uploads\/2019\/07\/Estacao_Central_Lourenco_Marques.jpg","contentUrl":"https:\/\/www.cfm.co.mz\/wp-content\/uploads\/2019\/07\/Estacao_Central_Lourenco_Marques.jpg","width":1800,"height":1200,"caption":"Esta\u00e7\u00e3o Central Louren\u00e7o Marques"},{"@type":"BreadcrumbList","@id":"https:\/\/www.cfm.co.mz\/2019\/07\/08\/cfm-completa-124-anos\/#breadcrumb","itemListElement":[{"@type":"ListItem","position":1,"name":"Home","item":"https:\/\/www.cfm.co.mz\/"},{"@type":"ListItem","position":2,"name":"CFM Completa 124 Anos"}]},{"@type":"WebSite","@id":"https:\/\/www.cfm.co.mz\/#website","url":"https:\/\/www.cfm.co.mz\/","name":"CFM - Caminhos De Ferros de Mo\u00e7ambique","description":"Ampliando Horizontes","publisher":{"@id":"https:\/\/www.cfm.co.mz\/#organization"},"potentialAction":[{"@type":"SearchAction","target":{"@type":"EntryPoint","urlTemplate":"https:\/\/www.cfm.co.mz\/?s={search_term_string}"},"query-input":{"@type":"PropertyValueSpecification","valueRequired":true,"valueName":"search_term_string"}}],"inLanguage":"en-US"},{"@type":"Organization","@id":"https:\/\/www.cfm.co.mz\/#organization","name":"CFM - Caminhos De Ferros de Mo\u00e7ambique","url":"https:\/\/www.cfm.co.mz\/","logo":{"@type":"ImageObject","inLanguage":"en-US","@id":"https:\/\/www.cfm.co.mz\/#\/schema\/logo\/image\/","url":"https:\/\/www.cfm.co.mz\/wp-content\/uploads\/2025\/07\/be5f0679-4f5b-4d02-9719-a26ceed29162.jpg","contentUrl":"https:\/\/www.cfm.co.mz\/wp-content\/uploads\/2025\/07\/be5f0679-4f5b-4d02-9719-a26ceed29162.jpg","width":400,"height":65,"caption":"CFM - Caminhos De Ferros de Mo\u00e7ambique"},"image":{"@id":"https:\/\/www.cfm.co.mz\/#\/schema\/logo\/image\/"},"sameAs":["https:\/\/www.facebook.com\/CFMMoz","https:\/\/www.linkedin.com\/company\/caminhos-de-ferro-de-moambique\/"]},{"@type":"Person","@id":"https:\/\/www.cfm.co.mz\/#\/schema\/person\/1bb663f3c59dc61900f6f9b1c2b53552","name":"D\u00e9rcio Badru","image":{"@type":"ImageObject","inLanguage":"en-US","@id":"https:\/\/www.cfm.co.mz\/#\/schema\/person\/image\/","url":"https:\/\/www.cfm.co.mz\/wp-content\/litespeed\/avatar\/be89d6955942d7259ef76de4577d21b3.jpg?ver=1777454359","contentUrl":"https:\/\/www.cfm.co.mz\/wp-content\/litespeed\/avatar\/be89d6955942d7259ef76de4577d21b3.jpg?ver=1777454359","caption":"D\u00e9rcio Badru"},"url":"https:\/\/www.cfm.co.mz\/en\/author\/dercio\/"}]}},"_links":{"self":[{"href":"https:\/\/www.cfm.co.mz\/en\/wp-json\/wp\/v2\/posts\/9100","targetHints":{"allow":["GET"]}}],"collection":[{"href":"https:\/\/www.cfm.co.mz\/en\/wp-json\/wp\/v2\/posts"}],"about":[{"href":"https:\/\/www.cfm.co.mz\/en\/wp-json\/wp\/v2\/types\/post"}],"author":[{"embeddable":true,"href":"https:\/\/www.cfm.co.mz\/en\/wp-json\/wp\/v2\/users\/94"}],"replies":[{"embeddable":true,"href":"https:\/\/www.cfm.co.mz\/en\/wp-json\/wp\/v2\/comments?post=9100"}],"version-history":[{"count":0,"href":"https:\/\/www.cfm.co.mz\/en\/wp-json\/wp\/v2\/posts\/9100\/revisions"}],"wp:featuredmedia":[{"embeddable":true,"href":"https:\/\/www.cfm.co.mz\/en\/wp-json\/wp\/v2\/media\/9096"}],"wp:attachment":[{"href":"https:\/\/www.cfm.co.mz\/en\/wp-json\/wp\/v2\/media?parent=9100"}],"wp:term":[{"taxonomy":"category","embeddable":true,"href":"https:\/\/www.cfm.co.mz\/en\/wp-json\/wp\/v2\/categories?post=9100"},{"taxonomy":"post_tag","embeddable":true,"href":"https:\/\/www.cfm.co.mz\/en\/wp-json\/wp\/v2\/tags?post=9100"}],"curies":[{"name":"wp","href":"https:\/\/api.w.org\/{rel}","templated":true}]}}