{"id":9091,"date":"2019-07-05T06:50:26","date_gmt":"2019-07-05T06:50:26","guid":{"rendered":"https:\/\/www.cfm.co.mz\/2019\/07\/05\/porto-de-pemba-pronto-para-receber-todo-tipo-de-cargas\/"},"modified":"2019-07-05T06:50:26","modified_gmt":"2019-07-05T06:50:26","slug":"porto-de-pemba-pronto-para-receber-todo-tipo-de-cargas","status":"publish","type":"post","link":"https:\/\/www.cfm.co.mz\/en\/2019\/07\/05\/porto-de-pemba-pronto-para-receber-todo-tipo-de-cargas\/","title":{"rendered":"Porto de Pemba pronto para receber todo tipo de cargas"},"content":{"rendered":"<p style=\"text-align: justify;\"><a href=\"http:\/\/www.cfm.co.mz\/wp-content\/uploads\/2019\/07\/PORTO_DE_PEMBA_2019.jpg\" type=\"image\/jpeg\" class=\"jcepopup zoom-bottom-right\" data-mediabox=\"1\" data-mediabox-width=\"800\" data-mediabox-height=\"600\" data-mediabox-caption=\"Vista geral do Porto de Pemba\"><img decoding=\"async\" src=\"http:\/\/www.cfm.co.mz\/wp-content\/uploads\/2019\/07\/PORTO_DE_PEMBA_2019.jpg\" alt=\"PORTO DE PEMBA 2019\" width=\"250\" height=\"167\" style=\"margin: 5px; float: left;\" \/><\/a>O Porto de Pemba, pertencente e operado pela Empresa P\u00fablica Portos e Caminhos de Ferro de Mocambique (CFM), acaba de beneficiar de uma significativa reabilita\u00e7\u00e3o e refor\u00e7ado com novos equipamentos pesados e modernos, estando apto para manusear grandes quantidades de qualquer tipo de cargas, com destaque para o Grafite, M\u00e1rmore, Algod\u00e3o, Madeira e Clinker.<\/p>\n<p><!--more--><\/p>\n<p style=\"text-align: justify;\"><a href=\"http:\/\/www.cfm.co.mz\/wp-content\/uploads\/2019\/07\/Pemba_2019_PCA_discursando_11.jpg\" type=\"image\/jpeg\" class=\"jcepopup zoom-bottom-right\" data-mediabox=\"1\" data-mediabox-width=\"800\" data-mediabox-height=\"600\" data-mediabox-caption=\"PCA do CFM, Eng Miguel Matabel, falando \u00e0 margem da Confer\u00eancia organizada pelo Governo da Prov\u00edncia de Cabo Delgado, Feira Econ\u00f3mica, 2019\"><img decoding=\"async\" src=\"http:\/\/www.cfm.co.mz\/wp-content\/uploads\/2019\/07\/Pemba_2019_PCA_discursando_11.jpg\" alt=\"Pemba 2019 PCA discursando 11\" width=\"250\" height=\"167\" style=\"margin: 5px; float: right;\" \/><\/a>Falando \u00e0 margem da Confer\u00eancia organizada pelo Governo da Prov\u00edncia de Cabo Delgado, o PCA do CFM, Eng Miguel Matabel explicou que o CFM, ao realizar o investimento avaliado em pouco mais de USD 5milh\u00f5es, f\u00ea-lo na expectativa de facilitar os Donos das Cargas a escoarem suas mercadorias a partir do Porto de Pemba ao inv\u00e9s de continuarem a percorrer pouco mais de 400 Km ate ao Porto de Nacala com centenas de Toneladas por dia, danificando as estradas e gastando tempo e recursos. <em><strong>\u201c\u00c9 nossa expectativa de que o encontro entre os principais intervenientes (Clientes, Agentes Transit\u00e1rios, Linhas de Navega\u00e7\u00e3o, Alf\u00e2ndegas, CFM, CEP e o Governo), em Agosto pr\u00f3ximo, tendo em vista a monitoriza\u00e7\u00e3o dos resultados da Conferencia de Pemba possa dar lugar \u00e0 implementa\u00e7\u00e3o concreta das actividades de escoamento de cargas a partir do Porto de Pemba aliviando a danifica\u00e7\u00e3o que hoje se assiste na via rodovi\u00e1ria com destino a Nacala\u201d<\/strong><\/em>&#8211; frisou Matabel.<\/p>\n<p style=\"text-align: justify;\"><a href=\"http:\/\/www.cfm.co.mz\/wp-content\/uploads\/2019\/07\/Vista_Geral_do_Porto_de_Pemba.jpg\" type=\"image\/jpeg\" class=\"jcepopup zoom-bottom-right\" data-mediabox=\"1\" data-mediabox-width=\"800\" data-mediabox-height=\"600\" data-mediabox-caption=\"Parte do Equipamento do Porto de Pemba\"><img decoding=\"async\" src=\"http:\/\/www.cfm.co.mz\/wp-content\/uploads\/2019\/07\/Vista_Geral_do_Porto_de_Pemba.jpg\" alt=\"Vista Geral do Porto de Pemba\" width=\"250\" height=\"167\" style=\"margin: 5px; float: left;\" \/><\/a>Hoje o Porto de Pemba est\u00e1 preparado para operar 24 horas por dia e pode manusear cerca de 27.000 TEU\u2019S ano, contra os 18.000 TEUs que eram manuseadas at\u00e9 ent\u00e3o.<\/p>\n<p style=\"text-align: justify;\">Refira-se que o Porto de Pemba est\u00e1 situado na magn\u00edfica baia do mesmo nome, a uma Latitude de 12\u00b0 57\u2019 Sul e Longitude de 40\u00ba 30\u2019 Este; O canal de acesso tem 1800m de Largura naveg\u00e1veis e 30m de Profundidade; Foi aberto \u00e0 explora\u00e7\u00e3o em Janeiro de 1957 e \u00e9 classificado como Porto Secund\u00e1rio.<\/p>","protected":false},"excerpt":{"rendered":"<p>O Porto de Pemba, pertencente e operado pela Empresa P\u00fablica Portos e Caminhos de Ferro de Mocambique (CFM), acaba de beneficiar de uma significativa reabilita\u00e7\u00e3o e refor\u00e7ado com novos equipamentos pesados e modernos, estando apto para manusear grandes quantidades de qualquer tipo de cargas, com destaque para o Grafite, M\u00e1rmore, Algod\u00e3o, Madeira e Clinker.<\/p>","protected":false},"author":94,"featured_media":9086,"comment_status":"open","ping_status":"open","sticky":false,"template":"","format":"standard","meta":{"_acf_changed":false,"pgc_sgb_lightbox_settings":"","footnotes":""},"categories":[680],"tags":[],"class_list":["post-9091","post","type-post","status-publish","format-standard","has-post-thumbnail","hentry","category-noticias"],"acf":[],"yoast_head":"<!-- This site is optimized with the Yoast SEO plugin v26.5 - https:\/\/yoast.com\/wordpress\/plugins\/seo\/ -->\n<title>Porto de Pemba pronto para receber todo tipo de cargas - CFM - Caminhos De Ferros de Mo\u00e7ambique<\/title>\n<meta name=\"robots\" content=\"index, follow, max-snippet:-1, max-image-preview:large, max-video-preview:-1\" \/>\n<link rel=\"canonical\" href=\"https:\/\/www.cfm.co.mz\/en\/2019\/07\/05\/porto-de-pemba-pronto-para-receber-todo-tipo-de-cargas\/\" \/>\n<meta property=\"og:locale\" content=\"en_US\" \/>\n<meta property=\"og:type\" content=\"article\" \/>\n<meta property=\"og:title\" content=\"Porto de Pemba pronto para receber todo tipo de cargas - CFM - Caminhos De Ferros de Mo\u00e7ambique\" \/>\n<meta property=\"og:description\" content=\"O Porto de Pemba, pertencente e operado pela Empresa P\u00fablica Portos e Caminhos de Ferro de Mocambique (CFM), acaba de beneficiar de uma significativa reabilita\u00e7\u00e3o e refor\u00e7ado com novos equipamentos pesados e modernos, estando apto para manusear grandes quantidades de qualquer tipo de cargas, com destaque para o Grafite, M\u00e1rmore, Algod\u00e3o, Madeira e Clinker.\" \/>\n<meta property=\"og:url\" content=\"https:\/\/www.cfm.co.mz\/en\/2019\/07\/05\/porto-de-pemba-pronto-para-receber-todo-tipo-de-cargas\/\" \/>\n<meta property=\"og:site_name\" content=\"CFM - Caminhos De Ferros de Mo\u00e7ambique\" \/>\n<meta property=\"article:publisher\" content=\"https:\/\/www.facebook.com\/CFMMoz\" \/>\n<meta property=\"article:published_time\" content=\"2019-07-05T06:50:26+00:00\" \/>\n<meta property=\"og:image\" content=\"https:\/\/www.cfm.co.mz\/wp-content\/uploads\/2019\/07\/PORTO_DE_PEMBA_2019.jpg\" \/>\n\t<meta property=\"og:image:width\" content=\"1800\" \/>\n\t<meta property=\"og:image:height\" content=\"1200\" \/>\n\t<meta property=\"og:image:type\" content=\"image\/jpeg\" \/>\n<meta name=\"author\" content=\"D\u00e9rcio Badru\" \/>\n<meta name=\"twitter:card\" content=\"summary_large_image\" \/>\n<meta name=\"twitter:label1\" content=\"Written by\" \/>\n\t<meta name=\"twitter:data1\" content=\"D\u00e9rcio Badru\" \/>\n\t<meta name=\"twitter:label2\" content=\"Est. reading time\" \/>\n\t<meta name=\"twitter:data2\" content=\"2 minutes\" \/>\n<script type=\"application\/ld+json\" class=\"yoast-schema-graph\">{\"@context\":\"https:\/\/schema.org\",\"@graph\":[{\"@type\":\"Article\",\"@id\":\"https:\/\/www.cfm.co.mz\/2019\/07\/05\/porto-de-pemba-pronto-para-receber-todo-tipo-de-cargas\/#article\",\"isPartOf\":{\"@id\":\"https:\/\/www.cfm.co.mz\/2019\/07\/05\/porto-de-pemba-pronto-para-receber-todo-tipo-de-cargas\/\"},\"author\":{\"name\":\"D\u00e9rcio Badru\",\"@id\":\"https:\/\/www.cfm.co.mz\/#\/schema\/person\/1bb663f3c59dc61900f6f9b1c2b53552\"},\"headline\":\"Porto de Pemba pronto para receber todo tipo de cargas\",\"datePublished\":\"2019-07-05T06:50:26+00:00\",\"mainEntityOfPage\":{\"@id\":\"https:\/\/www.cfm.co.mz\/2019\/07\/05\/porto-de-pemba-pronto-para-receber-todo-tipo-de-cargas\/\"},\"wordCount\":314,\"commentCount\":0,\"publisher\":{\"@id\":\"https:\/\/www.cfm.co.mz\/#organization\"},\"image\":{\"@id\":\"https:\/\/www.cfm.co.mz\/2019\/07\/05\/porto-de-pemba-pronto-para-receber-todo-tipo-de-cargas\/#primaryimage\"},\"thumbnailUrl\":\"https:\/\/www.cfm.co.mz\/wp-content\/uploads\/2019\/07\/PORTO_DE_PEMBA_2019.jpg\",\"articleSection\":[\"Noticias\"],\"inLanguage\":\"en-US\",\"potentialAction\":[{\"@type\":\"CommentAction\",\"name\":\"Comment\",\"target\":[\"https:\/\/www.cfm.co.mz\/2019\/07\/05\/porto-de-pemba-pronto-para-receber-todo-tipo-de-cargas\/#respond\"]}]},{\"@type\":\"WebPage\",\"@id\":\"https:\/\/www.cfm.co.mz\/2019\/07\/05\/porto-de-pemba-pronto-para-receber-todo-tipo-de-cargas\/\",\"url\":\"https:\/\/www.cfm.co.mz\/2019\/07\/05\/porto-de-pemba-pronto-para-receber-todo-tipo-de-cargas\/\",\"name\":\"Porto de Pemba pronto para receber todo tipo de cargas - CFM - Caminhos De Ferros de Mo\u00e7ambique\",\"isPartOf\":{\"@id\":\"https:\/\/www.cfm.co.mz\/#website\"},\"primaryImageOfPage\":{\"@id\":\"https:\/\/www.cfm.co.mz\/2019\/07\/05\/porto-de-pemba-pronto-para-receber-todo-tipo-de-cargas\/#primaryimage\"},\"image\":{\"@id\":\"https:\/\/www.cfm.co.mz\/2019\/07\/05\/porto-de-pemba-pronto-para-receber-todo-tipo-de-cargas\/#primaryimage\"},\"thumbnailUrl\":\"https:\/\/www.cfm.co.mz\/wp-content\/uploads\/2019\/07\/PORTO_DE_PEMBA_2019.jpg\",\"datePublished\":\"2019-07-05T06:50:26+00:00\",\"breadcrumb\":{\"@id\":\"https:\/\/www.cfm.co.mz\/2019\/07\/05\/porto-de-pemba-pronto-para-receber-todo-tipo-de-cargas\/#breadcrumb\"},\"inLanguage\":\"en-US\",\"potentialAction\":[{\"@type\":\"ReadAction\",\"target\":[\"https:\/\/www.cfm.co.mz\/2019\/07\/05\/porto-de-pemba-pronto-para-receber-todo-tipo-de-cargas\/\"]}]},{\"@type\":\"ImageObject\",\"inLanguage\":\"en-US\",\"@id\":\"https:\/\/www.cfm.co.mz\/2019\/07\/05\/porto-de-pemba-pronto-para-receber-todo-tipo-de-cargas\/#primaryimage\",\"url\":\"https:\/\/www.cfm.co.mz\/wp-content\/uploads\/2019\/07\/PORTO_DE_PEMBA_2019.jpg\",\"contentUrl\":\"https:\/\/www.cfm.co.mz\/wp-content\/uploads\/2019\/07\/PORTO_DE_PEMBA_2019.jpg\",\"width\":1800,\"height\":1200,\"caption\":\"PORTO DE PEMBA 2019\"},{\"@type\":\"BreadcrumbList\",\"@id\":\"https:\/\/www.cfm.co.mz\/2019\/07\/05\/porto-de-pemba-pronto-para-receber-todo-tipo-de-cargas\/#breadcrumb\",\"itemListElement\":[{\"@type\":\"ListItem\",\"position\":1,\"name\":\"Home\",\"item\":\"https:\/\/www.cfm.co.mz\/\"},{\"@type\":\"ListItem\",\"position\":2,\"name\":\"Porto de Pemba pronto para receber todo tipo de cargas\"}]},{\"@type\":\"WebSite\",\"@id\":\"https:\/\/www.cfm.co.mz\/#website\",\"url\":\"https:\/\/www.cfm.co.mz\/\",\"name\":\"CFM - Caminhos De Ferros de Mo\u00e7ambique\",\"description\":\"Ampliando Horizontes\",\"publisher\":{\"@id\":\"https:\/\/www.cfm.co.mz\/#organization\"},\"potentialAction\":[{\"@type\":\"SearchAction\",\"target\":{\"@type\":\"EntryPoint\",\"urlTemplate\":\"https:\/\/www.cfm.co.mz\/?s={search_term_string}\"},\"query-input\":{\"@type\":\"PropertyValueSpecification\",\"valueRequired\":true,\"valueName\":\"search_term_string\"}}],\"inLanguage\":\"en-US\"},{\"@type\":\"Organization\",\"@id\":\"https:\/\/www.cfm.co.mz\/#organization\",\"name\":\"CFM - Caminhos De Ferros de Mo\u00e7ambique\",\"url\":\"https:\/\/www.cfm.co.mz\/\",\"logo\":{\"@type\":\"ImageObject\",\"inLanguage\":\"en-US\",\"@id\":\"https:\/\/www.cfm.co.mz\/#\/schema\/logo\/image\/\",\"url\":\"https:\/\/www.cfm.co.mz\/wp-content\/uploads\/2025\/07\/be5f0679-4f5b-4d02-9719-a26ceed29162.jpg\",\"contentUrl\":\"https:\/\/www.cfm.co.mz\/wp-content\/uploads\/2025\/07\/be5f0679-4f5b-4d02-9719-a26ceed29162.jpg\",\"width\":400,\"height\":65,\"caption\":\"CFM - Caminhos De Ferros de Mo\u00e7ambique\"},\"image\":{\"@id\":\"https:\/\/www.cfm.co.mz\/#\/schema\/logo\/image\/\"},\"sameAs\":[\"https:\/\/www.facebook.com\/CFMMoz\",\"https:\/\/www.linkedin.com\/company\/caminhos-de-ferro-de-moambique\/\"]},{\"@type\":\"Person\",\"@id\":\"https:\/\/www.cfm.co.mz\/#\/schema\/person\/1bb663f3c59dc61900f6f9b1c2b53552\",\"name\":\"D\u00e9rcio Badru\",\"image\":{\"@type\":\"ImageObject\",\"inLanguage\":\"en-US\",\"@id\":\"https:\/\/www.cfm.co.mz\/#\/schema\/person\/image\/\",\"url\":\"https:\/\/www.cfm.co.mz\/wp-content\/litespeed\/avatar\/be89d6955942d7259ef76de4577d21b3.jpg?ver=1777454359\",\"contentUrl\":\"https:\/\/www.cfm.co.mz\/wp-content\/litespeed\/avatar\/be89d6955942d7259ef76de4577d21b3.jpg?ver=1777454359\",\"caption\":\"D\u00e9rcio Badru\"},\"url\":\"https:\/\/www.cfm.co.mz\/en\/author\/dercio\/\"}]}<\/script>\n<!-- \/ Yoast SEO plugin. -->","yoast_head_json":{"title":"Porto de Pemba pronto para receber todo tipo de cargas - CFM - Caminhos De Ferros de Mo\u00e7ambique","robots":{"index":"index","follow":"follow","max-snippet":"max-snippet:-1","max-image-preview":"max-image-preview:large","max-video-preview":"max-video-preview:-1"},"canonical":"https:\/\/www.cfm.co.mz\/en\/2019\/07\/05\/porto-de-pemba-pronto-para-receber-todo-tipo-de-cargas\/","og_locale":"en_US","og_type":"article","og_title":"Porto de Pemba pronto para receber todo tipo de cargas - CFM - Caminhos De Ferros de Mo\u00e7ambique","og_description":"O Porto de Pemba, pertencente e operado pela Empresa P\u00fablica Portos e Caminhos de Ferro de Mocambique (CFM), acaba de beneficiar de uma significativa reabilita\u00e7\u00e3o e refor\u00e7ado com novos equipamentos pesados e modernos, estando apto para manusear grandes quantidades de qualquer tipo de cargas, com destaque para o Grafite, M\u00e1rmore, Algod\u00e3o, Madeira e Clinker.","og_url":"https:\/\/www.cfm.co.mz\/en\/2019\/07\/05\/porto-de-pemba-pronto-para-receber-todo-tipo-de-cargas\/","og_site_name":"CFM - Caminhos De Ferros de Mo\u00e7ambique","article_publisher":"https:\/\/www.facebook.com\/CFMMoz","article_published_time":"2019-07-05T06:50:26+00:00","og_image":[{"width":1800,"height":1200,"url":"https:\/\/www.cfm.co.mz\/wp-content\/uploads\/2019\/07\/PORTO_DE_PEMBA_2019.jpg","type":"image\/jpeg"}],"author":"D\u00e9rcio Badru","twitter_card":"summary_large_image","twitter_misc":{"Written by":"D\u00e9rcio Badru","Est. reading time":"2 minutes"},"schema":{"@context":"https:\/\/schema.org","@graph":[{"@type":"Article","@id":"https:\/\/www.cfm.co.mz\/2019\/07\/05\/porto-de-pemba-pronto-para-receber-todo-tipo-de-cargas\/#article","isPartOf":{"@id":"https:\/\/www.cfm.co.mz\/2019\/07\/05\/porto-de-pemba-pronto-para-receber-todo-tipo-de-cargas\/"},"author":{"name":"D\u00e9rcio Badru","@id":"https:\/\/www.cfm.co.mz\/#\/schema\/person\/1bb663f3c59dc61900f6f9b1c2b53552"},"headline":"Porto de Pemba pronto para receber todo tipo de cargas","datePublished":"2019-07-05T06:50:26+00:00","mainEntityOfPage":{"@id":"https:\/\/www.cfm.co.mz\/2019\/07\/05\/porto-de-pemba-pronto-para-receber-todo-tipo-de-cargas\/"},"wordCount":314,"commentCount":0,"publisher":{"@id":"https:\/\/www.cfm.co.mz\/#organization"},"image":{"@id":"https:\/\/www.cfm.co.mz\/2019\/07\/05\/porto-de-pemba-pronto-para-receber-todo-tipo-de-cargas\/#primaryimage"},"thumbnailUrl":"https:\/\/www.cfm.co.mz\/wp-content\/uploads\/2019\/07\/PORTO_DE_PEMBA_2019.jpg","articleSection":["Noticias"],"inLanguage":"en-US","potentialAction":[{"@type":"CommentAction","name":"Comment","target":["https:\/\/www.cfm.co.mz\/2019\/07\/05\/porto-de-pemba-pronto-para-receber-todo-tipo-de-cargas\/#respond"]}]},{"@type":"WebPage","@id":"https:\/\/www.cfm.co.mz\/2019\/07\/05\/porto-de-pemba-pronto-para-receber-todo-tipo-de-cargas\/","url":"https:\/\/www.cfm.co.mz\/2019\/07\/05\/porto-de-pemba-pronto-para-receber-todo-tipo-de-cargas\/","name":"Porto de Pemba pronto para receber todo tipo de cargas - CFM - Caminhos De Ferros de Mo\u00e7ambique","isPartOf":{"@id":"https:\/\/www.cfm.co.mz\/#website"},"primaryImageOfPage":{"@id":"https:\/\/www.cfm.co.mz\/2019\/07\/05\/porto-de-pemba-pronto-para-receber-todo-tipo-de-cargas\/#primaryimage"},"image":{"@id":"https:\/\/www.cfm.co.mz\/2019\/07\/05\/porto-de-pemba-pronto-para-receber-todo-tipo-de-cargas\/#primaryimage"},"thumbnailUrl":"https:\/\/www.cfm.co.mz\/wp-content\/uploads\/2019\/07\/PORTO_DE_PEMBA_2019.jpg","datePublished":"2019-07-05T06:50:26+00:00","breadcrumb":{"@id":"https:\/\/www.cfm.co.mz\/2019\/07\/05\/porto-de-pemba-pronto-para-receber-todo-tipo-de-cargas\/#breadcrumb"},"inLanguage":"en-US","potentialAction":[{"@type":"ReadAction","target":["https:\/\/www.cfm.co.mz\/2019\/07\/05\/porto-de-pemba-pronto-para-receber-todo-tipo-de-cargas\/"]}]},{"@type":"ImageObject","inLanguage":"en-US","@id":"https:\/\/www.cfm.co.mz\/2019\/07\/05\/porto-de-pemba-pronto-para-receber-todo-tipo-de-cargas\/#primaryimage","url":"https:\/\/www.cfm.co.mz\/wp-content\/uploads\/2019\/07\/PORTO_DE_PEMBA_2019.jpg","contentUrl":"https:\/\/www.cfm.co.mz\/wp-content\/uploads\/2019\/07\/PORTO_DE_PEMBA_2019.jpg","width":1800,"height":1200,"caption":"PORTO DE PEMBA 2019"},{"@type":"BreadcrumbList","@id":"https:\/\/www.cfm.co.mz\/2019\/07\/05\/porto-de-pemba-pronto-para-receber-todo-tipo-de-cargas\/#breadcrumb","itemListElement":[{"@type":"ListItem","position":1,"name":"Home","item":"https:\/\/www.cfm.co.mz\/"},{"@type":"ListItem","position":2,"name":"Porto de Pemba pronto para receber todo tipo de cargas"}]},{"@type":"WebSite","@id":"https:\/\/www.cfm.co.mz\/#website","url":"https:\/\/www.cfm.co.mz\/","name":"CFM - Caminhos De Ferros de Mo\u00e7ambique","description":"Ampliando Horizontes","publisher":{"@id":"https:\/\/www.cfm.co.mz\/#organization"},"potentialAction":[{"@type":"SearchAction","target":{"@type":"EntryPoint","urlTemplate":"https:\/\/www.cfm.co.mz\/?s={search_term_string}"},"query-input":{"@type":"PropertyValueSpecification","valueRequired":true,"valueName":"search_term_string"}}],"inLanguage":"en-US"},{"@type":"Organization","@id":"https:\/\/www.cfm.co.mz\/#organization","name":"CFM - Caminhos De Ferros de Mo\u00e7ambique","url":"https:\/\/www.cfm.co.mz\/","logo":{"@type":"ImageObject","inLanguage":"en-US","@id":"https:\/\/www.cfm.co.mz\/#\/schema\/logo\/image\/","url":"https:\/\/www.cfm.co.mz\/wp-content\/uploads\/2025\/07\/be5f0679-4f5b-4d02-9719-a26ceed29162.jpg","contentUrl":"https:\/\/www.cfm.co.mz\/wp-content\/uploads\/2025\/07\/be5f0679-4f5b-4d02-9719-a26ceed29162.jpg","width":400,"height":65,"caption":"CFM - Caminhos De Ferros de Mo\u00e7ambique"},"image":{"@id":"https:\/\/www.cfm.co.mz\/#\/schema\/logo\/image\/"},"sameAs":["https:\/\/www.facebook.com\/CFMMoz","https:\/\/www.linkedin.com\/company\/caminhos-de-ferro-de-moambique\/"]},{"@type":"Person","@id":"https:\/\/www.cfm.co.mz\/#\/schema\/person\/1bb663f3c59dc61900f6f9b1c2b53552","name":"D\u00e9rcio Badru","image":{"@type":"ImageObject","inLanguage":"en-US","@id":"https:\/\/www.cfm.co.mz\/#\/schema\/person\/image\/","url":"https:\/\/www.cfm.co.mz\/wp-content\/litespeed\/avatar\/be89d6955942d7259ef76de4577d21b3.jpg?ver=1777454359","contentUrl":"https:\/\/www.cfm.co.mz\/wp-content\/litespeed\/avatar\/be89d6955942d7259ef76de4577d21b3.jpg?ver=1777454359","caption":"D\u00e9rcio Badru"},"url":"https:\/\/www.cfm.co.mz\/en\/author\/dercio\/"}]}},"_links":{"self":[{"href":"https:\/\/www.cfm.co.mz\/en\/wp-json\/wp\/v2\/posts\/9091","targetHints":{"allow":["GET"]}}],"collection":[{"href":"https:\/\/www.cfm.co.mz\/en\/wp-json\/wp\/v2\/posts"}],"about":[{"href":"https:\/\/www.cfm.co.mz\/en\/wp-json\/wp\/v2\/types\/post"}],"author":[{"embeddable":true,"href":"https:\/\/www.cfm.co.mz\/en\/wp-json\/wp\/v2\/users\/94"}],"replies":[{"embeddable":true,"href":"https:\/\/www.cfm.co.mz\/en\/wp-json\/wp\/v2\/comments?post=9091"}],"version-history":[{"count":0,"href":"https:\/\/www.cfm.co.mz\/en\/wp-json\/wp\/v2\/posts\/9091\/revisions"}],"wp:featuredmedia":[{"embeddable":true,"href":"https:\/\/www.cfm.co.mz\/en\/wp-json\/wp\/v2\/media\/9086"}],"wp:attachment":[{"href":"https:\/\/www.cfm.co.mz\/en\/wp-json\/wp\/v2\/media?parent=9091"}],"wp:term":[{"taxonomy":"category","embeddable":true,"href":"https:\/\/www.cfm.co.mz\/en\/wp-json\/wp\/v2\/categories?post=9091"},{"taxonomy":"post_tag","embeddable":true,"href":"https:\/\/www.cfm.co.mz\/en\/wp-json\/wp\/v2\/tags?post=9091"}],"curies":[{"name":"wp","href":"https:\/\/api.w.org\/{rel}","templated":true}]}}