{"id":9082,"date":"2019-06-18T13:36:18","date_gmt":"2019-06-18T13:36:18","guid":{"rendered":"https:\/\/www.cfm.co.mz\/2019\/06\/18\/celebrando-o-mes-da-crianca-centenas-de-petizes-participam-no-concurso-eu-amo-a-profissao-do-meu-pai-mae\/"},"modified":"2019-06-18T13:36:18","modified_gmt":"2019-06-18T13:36:18","slug":"celebrando-o-mes-da-crianca-centenas-de-petizes-participam-no-concurso-eu-amo-a-profissao-do-meu-pai-mae","status":"publish","type":"post","link":"https:\/\/www.cfm.co.mz\/en\/2019\/06\/18\/celebrando-o-mes-da-crianca-centenas-de-petizes-participam-no-concurso-eu-amo-a-profissao-do-meu-pai-mae\/","title":{"rendered":"Celebrando o m\u00eas da Crian\u00e7a: Centenas de petizes participam no concurso \u201cEU AMO A PROFISS\u00c3O DO MEU PAI\/M\u00c3E\u201d"},"content":{"rendered":"<p style=\"text-align: justify;\"><a href=\"http:\/\/www.cfm.co.mz\/wp-content\/uploads\/2019\/06\/Concurso_Infantil_Eu_amo_a_profissao_do_meu_Pai_Mae_3-scaled.jpg\" type=\"image\/jpeg\" class=\"jcepopup zoom-bottom-right\" data-mediabox=\"1\" data-mediabox-width=\"800\" data-mediabox-height=\"600\" data-mediabox-caption=\"Concurso Infantil_Eu amo a profiss\u00e3o do meu Pai\/M\u00e3e_Categoria de Poesia\"><img decoding=\"async\" src=\"http:\/\/www.cfm.co.mz\/wp-content\/uploads\/2019\/06\/Concurso_Infantil_Eu_amo_a_profissao_do_meu_Pai_Mae_3-scaled.jpg\" alt=\"Concurso Infantil Eu amo a profiss\u00e3o do meu Pai M\u00e3e 3\" width=\"250\" height=\"167\" style=\"margin: 5px; float: left;\" \/><\/a>Para celebrar o m\u00eas da crian\u00e7a pela passagem do dia 1 e 16 de Junho, Dia Internacional da Crian\u00e7a e Dia da Crian\u00e7a Africana, respectivamente, centenas de petizes, filhos dos Trabalhadores do CFM, participaram, no passado dia 15 de Junho, num concurso infantil denominado \u201cEu amo a profiss\u00e3o do meu Pai\/M\u00e3e\u201d, organizado pela Empresa.<\/p>\n<p style=\"text-align: justify;\">Trata-se duma iniciativa que abrange crian\u00e7as com idade compreendida entre os 7 e 12 anos filhos de funcion\u00e1rios dos CFM em todo o pa\u00eds e que pretende motivar e valorizar as profiss\u00f5es do trabalhador ferro-portu\u00e1rio, bem como despertar voca\u00e7\u00f5es profissionais das crian\u00e7as de tenra idade no campo ferro-portu\u00e1rio. Constitui ainda, um acto de cidadania e de promo\u00e7\u00e3o de auto-estima nas crian\u00e7as e nos adultos pelo que fazem para o desenvolvimento do seu pa\u00eds.<\/p>\n<p><!--more--><\/p>\n<p style=\"text-align: justify;\"><a href=\"http:\/\/www.cfm.co.mz\/wp-content\/uploads\/2019\/06\/Concurso_Infantil_Eu_amo_a_profissao_do_meu_Pai_Mae_2.jpg\" type=\"image\/jpeg\" class=\"jcepopup zoom-bottom-right\" data-mediabox=\"1\" data-mediabox-width=\"800\" data-mediabox-height=\"600\" data-mediabox-caption=\"Concurso Infantil_Eu amo a profiss\u00e3o do meu Pai\/M\u00e3e_Categoria de Desenho\"><img decoding=\"async\" src=\"http:\/\/www.cfm.co.mz\/wp-content\/uploads\/2019\/06\/Concurso_Infantil_Eu_amo_a_profissao_do_meu_Pai_Mae_2.jpg\" alt=\"Concurso Infantil Eu amo a profiss\u00e3o do meu Pai M\u00e3e 2\" width=\"250\" height=\"166\" style=\"margin: 2px; float: right;\" \/><\/a>O concurso que decorreu em regime presencial nas esta\u00e7\u00f5es dos CFM Sul, Centro e Norte, consistiu em Desenho\/Pintura ou Escrita (poesia) versando temas ferro-portu\u00e1rias e foi destinado aos filhos e netos dos trabalhadores dos CFM, um acto que se entende tamb\u00e9m como homenagem aos trabalhadores por ocasi\u00e3o do Dia Internacional dos Trabalhadores que se assinalou no passado dia 1 de Maio.<\/p>\n<p style=\"text-align: justify;\">As cria\u00e7\u00f5es art\u00edsticas dos petizes retractaram actividades ferro-portu\u00e1rias relacionadas com a profiss\u00e3o dos pais, m\u00e3es ou avos, destacando-se meio ambiente, higiene, seguran\u00e7a e transporte ferro-portu\u00e1rio na componente de locomotivas, carruagens, vag\u00f5es, zorras, linhas f\u00e9rreas, travessas, guindastes, porta-contentores, etc.<\/p>\n<p style=\"text-align: justify;\">Os vencedores do concurso ser\u00e3o anunciados no pr\u00f3ximo dia 22 de Junho durante um passeio de comboio com crian\u00e7as dos trabalhadores ferro-portu\u00e1rios que estar\u00e3o em festa no percurso Esta\u00e7\u00e3o Central da Cidade de Maputo para a Esta\u00e7\u00e3o de Machava. Os tr\u00eas primeiros classificados ser\u00e3o agraciados com valiosos pr\u00e9mios que incluem material escolar durante as festividades do 1\u00ba de Junho na empresa.<\/p>\n<p style=\"text-align: justify;\">Paralelamente, durante o m\u00eas de Junho, o Museu dos CFM registou um n\u00famero muito elevado de visita de crian\u00e7as que escalaram este local para se inteirar da hist\u00f3ria, do presente e perspectivas da empresa CFM e o seu funcionamento, assim como o seu contributo na economia nacional e no transporte de passageiros, sua ac\u00e7\u00e3o de responsabilidade social. A maioria de crian\u00e7as que visitaram o Museu dos CFM pertence \u00e0s diversas escolas da capital do pa\u00eds e \u00e0s organiza\u00e7\u00f5es religiosas.<\/p>\n<p style=\"text-align: justify;\">Inaugurado a 11 de Junho 2015, o Museu dos CFM localiza-se na Esta\u00e7\u00e3o Central dos Caminhos de Ferro, em Maputo e \u00e9 uma institui\u00e7\u00e3o de \u00e2mbito tecnol\u00f3gico, cient\u00edfico e cultural ao servi\u00e7o da comunidade e tem por miss\u00e3o retratar e difundir a hist\u00f3ria dos Portos e Caminhos de Ferro de Mo\u00e7ambique. Tem como principais objectivos o estudo, a documenta\u00e7\u00e3o, a conserva\u00e7\u00e3o e divulga\u00e7\u00e3o do acervo em sua posse, bem como a valoriza\u00e7\u00e3o da Esta\u00e7\u00e3o Ferrovi\u00e1ria de Maputo, edif\u00edcio que aloja o Museu e a preserva\u00e7\u00e3o da sua mem\u00f3ria.<\/p>","protected":false},"excerpt":{"rendered":"<p>Para celebrar o m\u00eas da crian\u00e7a pela passagem do dia 1 e 16 de Junho, Dia Internacional da Crian\u00e7a e Dia da Crian\u00e7a Africana, respectivamente, centenas de petizes, filhos dos Trabalhadores do CFM, participaram, no passado dia 15 de Junho, num concurso infantil denominado \u201cEu amo a profiss\u00e3o do meu Pai\/M\u00e3e\u201d, organizado pela Empresa. Trata-se duma iniciativa que abrange crian\u00e7as com idade compreendida entre os 7 e 12 anos filhos de funcion\u00e1rios dos CFM em todo o pa\u00eds e que pretende motivar e valorizar as profiss\u00f5es do trabalhador ferro-portu\u00e1rio, bem como despertar voca\u00e7\u00f5es profissionais das crian\u00e7as de tenra idade no campo ferro-portu\u00e1rio. Constitui ainda, um acto de cidadania e de promo\u00e7\u00e3o de auto-estima nas crian\u00e7as e nos adultos pelo que fazem para o desenvolvimento do seu pa\u00eds.<\/p>","protected":false},"author":94,"featured_media":9077,"comment_status":"open","ping_status":"open","sticky":false,"template":"","format":"standard","meta":{"_acf_changed":false,"pgc_sgb_lightbox_settings":"","footnotes":""},"categories":[680],"tags":[],"class_list":["post-9082","post","type-post","status-publish","format-standard","has-post-thumbnail","hentry","category-noticias"],"acf":[],"yoast_head":"<!-- This site is optimized with the Yoast SEO plugin v26.5 - https:\/\/yoast.com\/wordpress\/plugins\/seo\/ -->\n<title>Celebrando o m\u00eas da Crian\u00e7a: Centenas de petizes participam no concurso \u201cEU AMO A PROFISS\u00c3O DO MEU PAI\/M\u00c3E\u201d - CFM - Caminhos De Ferros de Mo\u00e7ambique<\/title>\n<meta name=\"robots\" content=\"index, follow, max-snippet:-1, max-image-preview:large, max-video-preview:-1\" \/>\n<link rel=\"canonical\" href=\"https:\/\/www.cfm.co.mz\/en\/2019\/06\/18\/celebrando-o-mes-da-crianca-centenas-de-petizes-participam-no-concurso-eu-amo-a-profissao-do-meu-pai-mae\/\" \/>\n<meta property=\"og:locale\" content=\"en_US\" \/>\n<meta property=\"og:type\" content=\"article\" \/>\n<meta property=\"og:title\" content=\"Celebrando o m\u00eas da Crian\u00e7a: Centenas de petizes participam no concurso \u201cEU AMO A PROFISS\u00c3O DO MEU PAI\/M\u00c3E\u201d - CFM - Caminhos De Ferros de Mo\u00e7ambique\" \/>\n<meta property=\"og:description\" content=\"Para celebrar o m\u00eas da crian\u00e7a pela passagem do dia 1 e 16 de Junho, Dia Internacional da Crian\u00e7a e Dia da Crian\u00e7a Africana, respectivamente, centenas de petizes, filhos dos Trabalhadores do CFM, participaram, no passado dia 15 de Junho, num concurso infantil denominado \u201cEu amo a profiss\u00e3o do meu Pai\/M\u00e3e\u201d, organizado pela Empresa. Trata-se duma iniciativa que abrange crian\u00e7as com idade compreendida entre os 7 e 12 anos filhos de funcion\u00e1rios dos CFM em todo o pa\u00eds e que pretende motivar e valorizar as profiss\u00f5es do trabalhador ferro-portu\u00e1rio, bem como despertar voca\u00e7\u00f5es profissionais das crian\u00e7as de tenra idade no campo ferro-portu\u00e1rio. Constitui ainda, um acto de cidadania e de promo\u00e7\u00e3o de auto-estima nas crian\u00e7as e nos adultos pelo que fazem para o desenvolvimento do seu pa\u00eds.\" \/>\n<meta property=\"og:url\" content=\"https:\/\/www.cfm.co.mz\/en\/2019\/06\/18\/celebrando-o-mes-da-crianca-centenas-de-petizes-participam-no-concurso-eu-amo-a-profissao-do-meu-pai-mae\/\" \/>\n<meta property=\"og:site_name\" content=\"CFM - Caminhos De Ferros de Mo\u00e7ambique\" \/>\n<meta property=\"article:publisher\" content=\"https:\/\/www.facebook.com\/CFMMoz\" \/>\n<meta property=\"article:published_time\" content=\"2019-06-18T13:36:18+00:00\" \/>\n<meta property=\"og:image\" content=\"https:\/\/www.cfm.co.mz\/wp-content\/uploads\/2019\/06\/Concurso_Infantil_Eu_amo_a_profissao_do_meu_Pai_Mae_3-scaled.jpg\" \/>\n\t<meta property=\"og:image:width\" content=\"2560\" \/>\n\t<meta property=\"og:image:height\" content=\"1707\" \/>\n\t<meta property=\"og:image:type\" content=\"image\/jpeg\" \/>\n<meta name=\"author\" content=\"D\u00e9rcio Badru\" \/>\n<meta name=\"twitter:card\" content=\"summary_large_image\" \/>\n<meta name=\"twitter:label1\" content=\"Written by\" \/>\n\t<meta name=\"twitter:data1\" content=\"D\u00e9rcio Badru\" \/>\n\t<meta name=\"twitter:label2\" content=\"Est. reading time\" \/>\n\t<meta name=\"twitter:data2\" content=\"3 minutes\" \/>\n<script type=\"application\/ld+json\" class=\"yoast-schema-graph\">{\"@context\":\"https:\/\/schema.org\",\"@graph\":[{\"@type\":\"Article\",\"@id\":\"https:\/\/www.cfm.co.mz\/2019\/06\/18\/celebrando-o-mes-da-crianca-centenas-de-petizes-participam-no-concurso-eu-amo-a-profissao-do-meu-pai-mae\/#article\",\"isPartOf\":{\"@id\":\"https:\/\/www.cfm.co.mz\/2019\/06\/18\/celebrando-o-mes-da-crianca-centenas-de-petizes-participam-no-concurso-eu-amo-a-profissao-do-meu-pai-mae\/\"},\"author\":{\"name\":\"D\u00e9rcio Badru\",\"@id\":\"https:\/\/www.cfm.co.mz\/#\/schema\/person\/1bb663f3c59dc61900f6f9b1c2b53552\"},\"headline\":\"Celebrando o m\u00eas da Crian\u00e7a: Centenas de petizes participam no concurso \u201cEU AMO A PROFISS\u00c3O DO MEU PAI\/M\u00c3E\u201d\",\"datePublished\":\"2019-06-18T13:36:18+00:00\",\"mainEntityOfPage\":{\"@id\":\"https:\/\/www.cfm.co.mz\/2019\/06\/18\/celebrando-o-mes-da-crianca-centenas-de-petizes-participam-no-concurso-eu-amo-a-profissao-do-meu-pai-mae\/\"},\"wordCount\":533,\"commentCount\":0,\"publisher\":{\"@id\":\"https:\/\/www.cfm.co.mz\/#organization\"},\"image\":{\"@id\":\"https:\/\/www.cfm.co.mz\/2019\/06\/18\/celebrando-o-mes-da-crianca-centenas-de-petizes-participam-no-concurso-eu-amo-a-profissao-do-meu-pai-mae\/#primaryimage\"},\"thumbnailUrl\":\"https:\/\/www.cfm.co.mz\/wp-content\/uploads\/2019\/06\/Concurso_Infantil_Eu_amo_a_profissao_do_meu_Pai_Mae_3-scaled.jpg\",\"articleSection\":[\"Noticias\"],\"inLanguage\":\"en-US\",\"potentialAction\":[{\"@type\":\"CommentAction\",\"name\":\"Comment\",\"target\":[\"https:\/\/www.cfm.co.mz\/2019\/06\/18\/celebrando-o-mes-da-crianca-centenas-de-petizes-participam-no-concurso-eu-amo-a-profissao-do-meu-pai-mae\/#respond\"]}]},{\"@type\":\"WebPage\",\"@id\":\"https:\/\/www.cfm.co.mz\/2019\/06\/18\/celebrando-o-mes-da-crianca-centenas-de-petizes-participam-no-concurso-eu-amo-a-profissao-do-meu-pai-mae\/\",\"url\":\"https:\/\/www.cfm.co.mz\/2019\/06\/18\/celebrando-o-mes-da-crianca-centenas-de-petizes-participam-no-concurso-eu-amo-a-profissao-do-meu-pai-mae\/\",\"name\":\"Celebrando o m\u00eas da Crian\u00e7a: Centenas de petizes participam no concurso \u201cEU AMO A PROFISS\u00c3O DO MEU PAI\/M\u00c3E\u201d - CFM - Caminhos De Ferros de Mo\u00e7ambique\",\"isPartOf\":{\"@id\":\"https:\/\/www.cfm.co.mz\/#website\"},\"primaryImageOfPage\":{\"@id\":\"https:\/\/www.cfm.co.mz\/2019\/06\/18\/celebrando-o-mes-da-crianca-centenas-de-petizes-participam-no-concurso-eu-amo-a-profissao-do-meu-pai-mae\/#primaryimage\"},\"image\":{\"@id\":\"https:\/\/www.cfm.co.mz\/2019\/06\/18\/celebrando-o-mes-da-crianca-centenas-de-petizes-participam-no-concurso-eu-amo-a-profissao-do-meu-pai-mae\/#primaryimage\"},\"thumbnailUrl\":\"https:\/\/www.cfm.co.mz\/wp-content\/uploads\/2019\/06\/Concurso_Infantil_Eu_amo_a_profissao_do_meu_Pai_Mae_3-scaled.jpg\",\"datePublished\":\"2019-06-18T13:36:18+00:00\",\"breadcrumb\":{\"@id\":\"https:\/\/www.cfm.co.mz\/2019\/06\/18\/celebrando-o-mes-da-crianca-centenas-de-petizes-participam-no-concurso-eu-amo-a-profissao-do-meu-pai-mae\/#breadcrumb\"},\"inLanguage\":\"en-US\",\"potentialAction\":[{\"@type\":\"ReadAction\",\"target\":[\"https:\/\/www.cfm.co.mz\/2019\/06\/18\/celebrando-o-mes-da-crianca-centenas-de-petizes-participam-no-concurso-eu-amo-a-profissao-do-meu-pai-mae\/\"]}]},{\"@type\":\"ImageObject\",\"inLanguage\":\"en-US\",\"@id\":\"https:\/\/www.cfm.co.mz\/2019\/06\/18\/celebrando-o-mes-da-crianca-centenas-de-petizes-participam-no-concurso-eu-amo-a-profissao-do-meu-pai-mae\/#primaryimage\",\"url\":\"https:\/\/www.cfm.co.mz\/wp-content\/uploads\/2019\/06\/Concurso_Infantil_Eu_amo_a_profissao_do_meu_Pai_Mae_3-scaled.jpg\",\"contentUrl\":\"https:\/\/www.cfm.co.mz\/wp-content\/uploads\/2019\/06\/Concurso_Infantil_Eu_amo_a_profissao_do_meu_Pai_Mae_3-scaled.jpg\",\"width\":2560,\"height\":1707,\"caption\":\"Concurso Infantil Eu amo a profiss\u00e3o do meu Pai M\u00e3e 3\"},{\"@type\":\"BreadcrumbList\",\"@id\":\"https:\/\/www.cfm.co.mz\/2019\/06\/18\/celebrando-o-mes-da-crianca-centenas-de-petizes-participam-no-concurso-eu-amo-a-profissao-do-meu-pai-mae\/#breadcrumb\",\"itemListElement\":[{\"@type\":\"ListItem\",\"position\":1,\"name\":\"Home\",\"item\":\"https:\/\/www.cfm.co.mz\/\"},{\"@type\":\"ListItem\",\"position\":2,\"name\":\"Celebrando o m\u00eas da Crian\u00e7a: Centenas de petizes participam no concurso \u201cEU AMO A PROFISS\u00c3O DO MEU PAI\/M\u00c3E\u201d\"}]},{\"@type\":\"WebSite\",\"@id\":\"https:\/\/www.cfm.co.mz\/#website\",\"url\":\"https:\/\/www.cfm.co.mz\/\",\"name\":\"CFM - Caminhos De Ferros de Mo\u00e7ambique\",\"description\":\"Ampliando Horizontes\",\"publisher\":{\"@id\":\"https:\/\/www.cfm.co.mz\/#organization\"},\"potentialAction\":[{\"@type\":\"SearchAction\",\"target\":{\"@type\":\"EntryPoint\",\"urlTemplate\":\"https:\/\/www.cfm.co.mz\/?s={search_term_string}\"},\"query-input\":{\"@type\":\"PropertyValueSpecification\",\"valueRequired\":true,\"valueName\":\"search_term_string\"}}],\"inLanguage\":\"en-US\"},{\"@type\":\"Organization\",\"@id\":\"https:\/\/www.cfm.co.mz\/#organization\",\"name\":\"CFM - Caminhos De Ferros de Mo\u00e7ambique\",\"url\":\"https:\/\/www.cfm.co.mz\/\",\"logo\":{\"@type\":\"ImageObject\",\"inLanguage\":\"en-US\",\"@id\":\"https:\/\/www.cfm.co.mz\/#\/schema\/logo\/image\/\",\"url\":\"https:\/\/www.cfm.co.mz\/wp-content\/uploads\/2025\/07\/be5f0679-4f5b-4d02-9719-a26ceed29162.jpg\",\"contentUrl\":\"https:\/\/www.cfm.co.mz\/wp-content\/uploads\/2025\/07\/be5f0679-4f5b-4d02-9719-a26ceed29162.jpg\",\"width\":400,\"height\":65,\"caption\":\"CFM - Caminhos De Ferros de Mo\u00e7ambique\"},\"image\":{\"@id\":\"https:\/\/www.cfm.co.mz\/#\/schema\/logo\/image\/\"},\"sameAs\":[\"https:\/\/www.facebook.com\/CFMMoz\",\"https:\/\/www.linkedin.com\/company\/caminhos-de-ferro-de-moambique\/\"]},{\"@type\":\"Person\",\"@id\":\"https:\/\/www.cfm.co.mz\/#\/schema\/person\/1bb663f3c59dc61900f6f9b1c2b53552\",\"name\":\"D\u00e9rcio Badru\",\"image\":{\"@type\":\"ImageObject\",\"inLanguage\":\"en-US\",\"@id\":\"https:\/\/www.cfm.co.mz\/#\/schema\/person\/image\/\",\"url\":\"https:\/\/www.cfm.co.mz\/wp-content\/litespeed\/avatar\/be89d6955942d7259ef76de4577d21b3.jpg?ver=1777454359\",\"contentUrl\":\"https:\/\/www.cfm.co.mz\/wp-content\/litespeed\/avatar\/be89d6955942d7259ef76de4577d21b3.jpg?ver=1777454359\",\"caption\":\"D\u00e9rcio Badru\"},\"url\":\"https:\/\/www.cfm.co.mz\/en\/author\/dercio\/\"}]}<\/script>\n<!-- \/ Yoast SEO plugin. -->","yoast_head_json":{"title":"Celebrando o m\u00eas da Crian\u00e7a: Centenas de petizes participam no concurso \u201cEU AMO A PROFISS\u00c3O DO MEU PAI\/M\u00c3E\u201d - CFM - Caminhos De Ferros de Mo\u00e7ambique","robots":{"index":"index","follow":"follow","max-snippet":"max-snippet:-1","max-image-preview":"max-image-preview:large","max-video-preview":"max-video-preview:-1"},"canonical":"https:\/\/www.cfm.co.mz\/en\/2019\/06\/18\/celebrando-o-mes-da-crianca-centenas-de-petizes-participam-no-concurso-eu-amo-a-profissao-do-meu-pai-mae\/","og_locale":"en_US","og_type":"article","og_title":"Celebrando o m\u00eas da Crian\u00e7a: Centenas de petizes participam no concurso \u201cEU AMO A PROFISS\u00c3O DO MEU PAI\/M\u00c3E\u201d - CFM - Caminhos De Ferros de Mo\u00e7ambique","og_description":"Para celebrar o m\u00eas da crian\u00e7a pela passagem do dia 1 e 16 de Junho, Dia Internacional da Crian\u00e7a e Dia da Crian\u00e7a Africana, respectivamente, centenas de petizes, filhos dos Trabalhadores do CFM, participaram, no passado dia 15 de Junho, num concurso infantil denominado \u201cEu amo a profiss\u00e3o do meu Pai\/M\u00e3e\u201d, organizado pela Empresa. Trata-se duma iniciativa que abrange crian\u00e7as com idade compreendida entre os 7 e 12 anos filhos de funcion\u00e1rios dos CFM em todo o pa\u00eds e que pretende motivar e valorizar as profiss\u00f5es do trabalhador ferro-portu\u00e1rio, bem como despertar voca\u00e7\u00f5es profissionais das crian\u00e7as de tenra idade no campo ferro-portu\u00e1rio. Constitui ainda, um acto de cidadania e de promo\u00e7\u00e3o de auto-estima nas crian\u00e7as e nos adultos pelo que fazem para o desenvolvimento do seu pa\u00eds.","og_url":"https:\/\/www.cfm.co.mz\/en\/2019\/06\/18\/celebrando-o-mes-da-crianca-centenas-de-petizes-participam-no-concurso-eu-amo-a-profissao-do-meu-pai-mae\/","og_site_name":"CFM - Caminhos De Ferros de Mo\u00e7ambique","article_publisher":"https:\/\/www.facebook.com\/CFMMoz","article_published_time":"2019-06-18T13:36:18+00:00","og_image":[{"width":2560,"height":1707,"url":"https:\/\/www.cfm.co.mz\/wp-content\/uploads\/2019\/06\/Concurso_Infantil_Eu_amo_a_profissao_do_meu_Pai_Mae_3-scaled.jpg","type":"image\/jpeg"}],"author":"D\u00e9rcio Badru","twitter_card":"summary_large_image","twitter_misc":{"Written by":"D\u00e9rcio Badru","Est. reading time":"3 minutes"},"schema":{"@context":"https:\/\/schema.org","@graph":[{"@type":"Article","@id":"https:\/\/www.cfm.co.mz\/2019\/06\/18\/celebrando-o-mes-da-crianca-centenas-de-petizes-participam-no-concurso-eu-amo-a-profissao-do-meu-pai-mae\/#article","isPartOf":{"@id":"https:\/\/www.cfm.co.mz\/2019\/06\/18\/celebrando-o-mes-da-crianca-centenas-de-petizes-participam-no-concurso-eu-amo-a-profissao-do-meu-pai-mae\/"},"author":{"name":"D\u00e9rcio Badru","@id":"https:\/\/www.cfm.co.mz\/#\/schema\/person\/1bb663f3c59dc61900f6f9b1c2b53552"},"headline":"Celebrando o m\u00eas da Crian\u00e7a: Centenas de petizes participam no concurso \u201cEU AMO A PROFISS\u00c3O DO MEU PAI\/M\u00c3E\u201d","datePublished":"2019-06-18T13:36:18+00:00","mainEntityOfPage":{"@id":"https:\/\/www.cfm.co.mz\/2019\/06\/18\/celebrando-o-mes-da-crianca-centenas-de-petizes-participam-no-concurso-eu-amo-a-profissao-do-meu-pai-mae\/"},"wordCount":533,"commentCount":0,"publisher":{"@id":"https:\/\/www.cfm.co.mz\/#organization"},"image":{"@id":"https:\/\/www.cfm.co.mz\/2019\/06\/18\/celebrando-o-mes-da-crianca-centenas-de-petizes-participam-no-concurso-eu-amo-a-profissao-do-meu-pai-mae\/#primaryimage"},"thumbnailUrl":"https:\/\/www.cfm.co.mz\/wp-content\/uploads\/2019\/06\/Concurso_Infantil_Eu_amo_a_profissao_do_meu_Pai_Mae_3-scaled.jpg","articleSection":["Noticias"],"inLanguage":"en-US","potentialAction":[{"@type":"CommentAction","name":"Comment","target":["https:\/\/www.cfm.co.mz\/2019\/06\/18\/celebrando-o-mes-da-crianca-centenas-de-petizes-participam-no-concurso-eu-amo-a-profissao-do-meu-pai-mae\/#respond"]}]},{"@type":"WebPage","@id":"https:\/\/www.cfm.co.mz\/2019\/06\/18\/celebrando-o-mes-da-crianca-centenas-de-petizes-participam-no-concurso-eu-amo-a-profissao-do-meu-pai-mae\/","url":"https:\/\/www.cfm.co.mz\/2019\/06\/18\/celebrando-o-mes-da-crianca-centenas-de-petizes-participam-no-concurso-eu-amo-a-profissao-do-meu-pai-mae\/","name":"Celebrando o m\u00eas da Crian\u00e7a: Centenas de petizes participam no concurso \u201cEU AMO A PROFISS\u00c3O DO MEU PAI\/M\u00c3E\u201d - CFM - Caminhos De Ferros de Mo\u00e7ambique","isPartOf":{"@id":"https:\/\/www.cfm.co.mz\/#website"},"primaryImageOfPage":{"@id":"https:\/\/www.cfm.co.mz\/2019\/06\/18\/celebrando-o-mes-da-crianca-centenas-de-petizes-participam-no-concurso-eu-amo-a-profissao-do-meu-pai-mae\/#primaryimage"},"image":{"@id":"https:\/\/www.cfm.co.mz\/2019\/06\/18\/celebrando-o-mes-da-crianca-centenas-de-petizes-participam-no-concurso-eu-amo-a-profissao-do-meu-pai-mae\/#primaryimage"},"thumbnailUrl":"https:\/\/www.cfm.co.mz\/wp-content\/uploads\/2019\/06\/Concurso_Infantil_Eu_amo_a_profissao_do_meu_Pai_Mae_3-scaled.jpg","datePublished":"2019-06-18T13:36:18+00:00","breadcrumb":{"@id":"https:\/\/www.cfm.co.mz\/2019\/06\/18\/celebrando-o-mes-da-crianca-centenas-de-petizes-participam-no-concurso-eu-amo-a-profissao-do-meu-pai-mae\/#breadcrumb"},"inLanguage":"en-US","potentialAction":[{"@type":"ReadAction","target":["https:\/\/www.cfm.co.mz\/2019\/06\/18\/celebrando-o-mes-da-crianca-centenas-de-petizes-participam-no-concurso-eu-amo-a-profissao-do-meu-pai-mae\/"]}]},{"@type":"ImageObject","inLanguage":"en-US","@id":"https:\/\/www.cfm.co.mz\/2019\/06\/18\/celebrando-o-mes-da-crianca-centenas-de-petizes-participam-no-concurso-eu-amo-a-profissao-do-meu-pai-mae\/#primaryimage","url":"https:\/\/www.cfm.co.mz\/wp-content\/uploads\/2019\/06\/Concurso_Infantil_Eu_amo_a_profissao_do_meu_Pai_Mae_3-scaled.jpg","contentUrl":"https:\/\/www.cfm.co.mz\/wp-content\/uploads\/2019\/06\/Concurso_Infantil_Eu_amo_a_profissao_do_meu_Pai_Mae_3-scaled.jpg","width":2560,"height":1707,"caption":"Concurso Infantil Eu amo a profiss\u00e3o do meu Pai M\u00e3e 3"},{"@type":"BreadcrumbList","@id":"https:\/\/www.cfm.co.mz\/2019\/06\/18\/celebrando-o-mes-da-crianca-centenas-de-petizes-participam-no-concurso-eu-amo-a-profissao-do-meu-pai-mae\/#breadcrumb","itemListElement":[{"@type":"ListItem","position":1,"name":"Home","item":"https:\/\/www.cfm.co.mz\/"},{"@type":"ListItem","position":2,"name":"Celebrando o m\u00eas da Crian\u00e7a: Centenas de petizes participam no concurso \u201cEU AMO A PROFISS\u00c3O DO MEU PAI\/M\u00c3E\u201d"}]},{"@type":"WebSite","@id":"https:\/\/www.cfm.co.mz\/#website","url":"https:\/\/www.cfm.co.mz\/","name":"CFM - Caminhos De Ferros de Mo\u00e7ambique","description":"Ampliando Horizontes","publisher":{"@id":"https:\/\/www.cfm.co.mz\/#organization"},"potentialAction":[{"@type":"SearchAction","target":{"@type":"EntryPoint","urlTemplate":"https:\/\/www.cfm.co.mz\/?s={search_term_string}"},"query-input":{"@type":"PropertyValueSpecification","valueRequired":true,"valueName":"search_term_string"}}],"inLanguage":"en-US"},{"@type":"Organization","@id":"https:\/\/www.cfm.co.mz\/#organization","name":"CFM - Caminhos De Ferros de Mo\u00e7ambique","url":"https:\/\/www.cfm.co.mz\/","logo":{"@type":"ImageObject","inLanguage":"en-US","@id":"https:\/\/www.cfm.co.mz\/#\/schema\/logo\/image\/","url":"https:\/\/www.cfm.co.mz\/wp-content\/uploads\/2025\/07\/be5f0679-4f5b-4d02-9719-a26ceed29162.jpg","contentUrl":"https:\/\/www.cfm.co.mz\/wp-content\/uploads\/2025\/07\/be5f0679-4f5b-4d02-9719-a26ceed29162.jpg","width":400,"height":65,"caption":"CFM - Caminhos De Ferros de Mo\u00e7ambique"},"image":{"@id":"https:\/\/www.cfm.co.mz\/#\/schema\/logo\/image\/"},"sameAs":["https:\/\/www.facebook.com\/CFMMoz","https:\/\/www.linkedin.com\/company\/caminhos-de-ferro-de-moambique\/"]},{"@type":"Person","@id":"https:\/\/www.cfm.co.mz\/#\/schema\/person\/1bb663f3c59dc61900f6f9b1c2b53552","name":"D\u00e9rcio Badru","image":{"@type":"ImageObject","inLanguage":"en-US","@id":"https:\/\/www.cfm.co.mz\/#\/schema\/person\/image\/","url":"https:\/\/www.cfm.co.mz\/wp-content\/litespeed\/avatar\/be89d6955942d7259ef76de4577d21b3.jpg?ver=1777454359","contentUrl":"https:\/\/www.cfm.co.mz\/wp-content\/litespeed\/avatar\/be89d6955942d7259ef76de4577d21b3.jpg?ver=1777454359","caption":"D\u00e9rcio Badru"},"url":"https:\/\/www.cfm.co.mz\/en\/author\/dercio\/"}]}},"_links":{"self":[{"href":"https:\/\/www.cfm.co.mz\/en\/wp-json\/wp\/v2\/posts\/9082","targetHints":{"allow":["GET"]}}],"collection":[{"href":"https:\/\/www.cfm.co.mz\/en\/wp-json\/wp\/v2\/posts"}],"about":[{"href":"https:\/\/www.cfm.co.mz\/en\/wp-json\/wp\/v2\/types\/post"}],"author":[{"embeddable":true,"href":"https:\/\/www.cfm.co.mz\/en\/wp-json\/wp\/v2\/users\/94"}],"replies":[{"embeddable":true,"href":"https:\/\/www.cfm.co.mz\/en\/wp-json\/wp\/v2\/comments?post=9082"}],"version-history":[{"count":0,"href":"https:\/\/www.cfm.co.mz\/en\/wp-json\/wp\/v2\/posts\/9082\/revisions"}],"wp:featuredmedia":[{"embeddable":true,"href":"https:\/\/www.cfm.co.mz\/en\/wp-json\/wp\/v2\/media\/9077"}],"wp:attachment":[{"href":"https:\/\/www.cfm.co.mz\/en\/wp-json\/wp\/v2\/media?parent=9082"}],"wp:term":[{"taxonomy":"category","embeddable":true,"href":"https:\/\/www.cfm.co.mz\/en\/wp-json\/wp\/v2\/categories?post=9082"},{"taxonomy":"post_tag","embeddable":true,"href":"https:\/\/www.cfm.co.mz\/en\/wp-json\/wp\/v2\/tags?post=9082"}],"curies":[{"name":"wp","href":"https:\/\/api.w.org\/{rel}","templated":true}]}}