{"id":9072,"date":"2019-05-03T13:51:24","date_gmt":"2019-05-03T13:51:24","guid":{"rendered":"https:\/\/www.cfm.co.mz\/2019\/05\/03\/presidente-da-republica-inaugura-novas-locomotivas-e-vagoes-do-cfm\/"},"modified":"2019-05-03T13:51:24","modified_gmt":"2019-05-03T13:51:24","slug":"presidente-da-republica-inaugura-novas-locomotivas-e-vagoes-do-cfm","status":"publish","type":"post","link":"https:\/\/www.cfm.co.mz\/en\/2019\/05\/03\/presidente-da-republica-inaugura-novas-locomotivas-e-vagoes-do-cfm\/","title":{"rendered":"Presidente da Rep\u00fablica inaugura novas Locomotivas e Vag\u00f5es do CFM"},"content":{"rendered":"<p style=\"text-align: justify;\"><a href=\"http:\/\/www.cfm.co.mz\/wp-content\/uploads\/2019\/05\/Inauguracao_de_Locomotivas_e_Vagoes_2019_PR-scaled.jpg\" type=\"image\/jpeg\" class=\"jcepopup zoom-bottom-right\" data-mediabox-caption=\"Presidente da Rep\u00fablica, Filipe Nyusi no acto da queima das fitas \" data-mediabox-height=\"600\" data-mediabox-width=\"800\" data-mediabox=\"1\"><img decoding=\"async\" src=\"http:\/\/www.cfm.co.mz\/wp-content\/uploads\/2019\/05\/Inauguracao_de_Locomotivas_e_Vagoes_2019_PR-scaled.jpg\" alt=\"Inaugura\u00e7\u00e3o de Locomotivas e Vag\u00f5es 2019 PR\" width=\"250\" style=\"margin: 5px; float: left;\" \/><\/a>O Presidente da Rep\u00fablica, Filipe Nyusi inaugurou, oficialmente, no dia 2 de Maio de 2019, cinco novas locomotivas modernas de 3300 <em>Horse Power<\/em> e o primeiro lote dos 300 vag\u00f5es, investimento que vai duplicar a capacidade de manuseamento e transporte de diversas mercadorias de e para o Porto de Maputo.<\/p>\n<p><!--more--><\/p>\n<p style=\"text-align: justify;\"><a href=\"http:\/\/www.cfm.co.mz\/wp-content\/uploads\/2019\/05\/Inauguracao_de_Locomotivas_e_Vagoes_2019_PCA-scaled.jpg\" type=\"image\/jpeg\" class=\"jcepopup zoom-bottom-right\" data-mediabox-caption=\"PCA dos CFM, Eng. Miguel Matabel, discursando durante a Cerim\u00f3nia de Inaugura\u00e7\u00e3o de novas Locomotivas e Vag\u00f5es\" data-mediabox-height=\"600\" data-mediabox-width=\"800\" data-mediabox=\"1\"><img decoding=\"async\" src=\"http:\/\/www.cfm.co.mz\/wp-content\/uploads\/2019\/05\/Inauguracao_de_Locomotivas_e_Vagoes_2019_PCA-scaled.jpg\" alt=\"Inaugura\u00e7\u00e3o de Locomotivas e Vag\u00f5es 2019 PCA\" width=\"250\" style=\"margin: 5px; float: right;\" \/><\/a>Dados apresentados pelo Eng. Miguel Matabel, Presidente do Conselho de Administra\u00e7\u00e3o da Empresa Portos e Caminhos de Ferro de Mo\u00e7ambique (CFM), indicam que as Locomotivas de origem norte-americana ora recebidas, formalmente, por Chefe de Estado, est\u00e3o doptadas de tecnologia moderna e enquadram-se no Plano Estrat\u00e9gico trienal (2018-2020), que previa aquisi\u00e7\u00e3o destes meios para a zona Sul e Centro, num investimento total de 2.9 mil Milh\u00f5es de Meticais.<\/p>\n<p style=\"text-align: justify;\">Para al\u00e9m da reconstru\u00e7\u00e3o de 2 pontes ferrovi\u00e1rias na Linha de Ressano Garcia, cujas obras est\u00e3o na fase final, o investimento conta ainda com aquisi\u00e7\u00e3o de 90 carruagens de passageiros e dragagens para manuten\u00e7\u00e3o e aumento da capacidade de navegabilidade nos portos de Maputo e Beira.<\/p>\n<p style=\"text-align: justify;\">A aquisi\u00e7\u00e3o destes meios circulantes, representa uma transi\u00e7\u00e3o do CFM de locomotivas de 2000HP para 3300HP, o que vai permitir maior capacidade de reboque. Estas novas m\u00e1quinas disp\u00f5em, entre outros elementos modernos, calha para remo\u00e7\u00e3o de obst\u00e1culos protegendo os rodados, janela para o Maquinista-B para facilitar a visibilidade para a garantia de seguran\u00e7a na circula\u00e7\u00e3o e possui sino em substitui\u00e7\u00e3o de buzina dentro da oficina o que n\u00e3o perturba ambiente de trabalho.<\/p>\n<p style=\"text-align: justify;\">Trata-se duma evolu\u00e7\u00e3o para o CFM uma vez que marcam a transi\u00e7\u00e3o do sistema de freio a v\u00e1cuo para o sistema de freio \u00e0 ar comprimido que \u00e9 mais seguro e mais usado internacionalmente e tem maior capacidade de carga que passam dos antigos 45t para 62t.<\/p>\n<p style=\"text-align: justify;\">O CFM vai ainda adquirir automotoras constitu\u00eddas por 10 a 12 carruagens de passageiros com trac\u00e7\u00e3o AC de 2800 a 3600 HP, com acelera\u00e7\u00e3o r\u00e1pida que v\u00e3o proporcionar um excelente conforto aos passageiros com for\u00e7a de trac\u00e7\u00e3o de 65-70 Toneladas de Bollard Pull dispon\u00edveis da primeira \u00e0 terceira classes. As carruagens da primeira e segunda classes est\u00e3o devidamente acondicionados por forma a oferecer maior conforto, sobretudo aos passageiros de longo curso, por exemplo, nas linhas de Maputo\u2013Chicualacuala, Beira-Moatize, Beira-Machipanda e Nampula-Lichinga.<\/p>\n<p style=\"text-align: justify;\">Para o Presidente da Republica, Filipe Jacinto Nyusi, este material adquirido com fundos pr\u00f3prios do CFM representa um orgulho para o povo mo\u00e7ambicano porque vai criar um impacto multiplicador na economia nacional.<\/p>\n<p style=\"text-align: justify;\">Filipe Nyusi ap\u00f3s recep\u00e7\u00e3o formal dos meios, lembrou que a Empresa CFM \u00e9 a que mais sofreu com a guerra, \u201c<strong><em>mas sempre se manteve de p\u00e9 contribuindo para a economia do pa\u00eds e mantendo-se sempre o orgulho dos mo\u00e7ambicanos<\/em><\/strong>\u201d. E, pelos resultados alcan\u00e7ados, \u201c<strong><em>significa que o CFM ouviu e compreendeu o nosso apelo<\/em><\/strong>\u201d, acrescentou Filipe Nyusi.<\/p>\n<p style=\"text-align: justify;\">Segundo Nyusi, as capacidades t\u00e9cnicas apresentadas permitem que o CFM corresponda com satisfa\u00e7\u00e3o \u00e0s necessidades dos clientes internos e internacionais, pelo que, devem continuar a ser cada vez mais competitivos e capazes de liderar a integra\u00e7\u00e3o regional.<\/p>\n<p style=\"text-align: justify;\">Ainda de acordo com o Chefe de Estado, os resultados operacionais de 2018 que o CFM alcan\u00e7ou em cerca 2.5 mil milh\u00f5es de Meticais do total de rendimentos de cerca de 18.8 mil milh\u00f5es de Meticais, s\u00e3o encorajadores, sobretudo numa altura em o Governo exige que as empresas p\u00fablicas sejam mais produtivas por forma a contribuir significativamente ao tesouro do Estado e por via disso, aliviar a press\u00e3o sobre Or\u00e7amento do Estado que depende da produ\u00e7\u00e3o nacional. Neste sentido, Filipe Nyusi apelou ao CFM para, com o refor\u00e7o de equipamento adquirido, deve aumentar os seus resultados a curto e m\u00e9dio prazos.<\/p>\n<p style=\"text-align: justify;\">Finalmente, o Presidente da Rep\u00fablica destacou que \u00e9 importante que o CFM continue o baluarte na afirma\u00e7\u00e3o do orgulho nacional e, sobretudo na pronta disponibilidade de recursos para a solu\u00e7\u00e3o dos problemas dos mo\u00e7ambicanos tal como se verificou na pronta resposta \u00e0s v\u00edtimas do ciclone tropical Idai que assolou o pa\u00eds no primeiro trimestre do ano em curso.<\/p>\n<p style=\"text-align: justify;\"><img decoding=\"async\" class=\"alignleft size-full wp-image-9071\" src=\"http:\/\/www.cfm.co.mz\/wp-content\/uploads\/2019\/05\/Novas_Locomotivas_e_Vagoes_2019.jpg\" alt=\"Novas Locomotivas e Vag\u00f5es 2019\" width=\"250\" height=\"167\" style=\"margin: 5px; float: left;\" \/>\u201cO sucesso do CFM inspira-nos a consolidar o passado de gl\u00f3rias e coloca a nossa empresa nacional numa posi\u00e7\u00e3o privilegiada para se colocar em cada fase numa empresa do futuro\u201d, concluiu o Chefe de Estado.<\/p>","protected":false},"excerpt":{"rendered":"<p>O Presidente da Rep\u00fablica, Filipe Nyusi inaugurou, oficialmente, no dia 2 de Maio de 2019, cinco novas locomotivas modernas de 3300 Horse Power e o primeiro lote dos 300 vag\u00f5es, investimento que vai duplicar a capacidade de manuseamento e transporte de diversas mercadorias de e para o Porto de Maputo.<\/p>","protected":false},"author":94,"featured_media":9069,"comment_status":"open","ping_status":"open","sticky":false,"template":"","format":"standard","meta":{"_acf_changed":false,"pgc_sgb_lightbox_settings":"","footnotes":""},"categories":[680],"tags":[],"class_list":["post-9072","post","type-post","status-publish","format-standard","has-post-thumbnail","hentry","category-noticias"],"acf":[],"yoast_head":"<!-- This site is optimized with the Yoast SEO plugin v26.5 - https:\/\/yoast.com\/wordpress\/plugins\/seo\/ -->\n<title>Presidente da Rep\u00fablica inaugura novas Locomotivas e Vag\u00f5es do CFM - CFM - Caminhos De Ferros de Mo\u00e7ambique<\/title>\n<meta name=\"robots\" content=\"index, follow, max-snippet:-1, max-image-preview:large, max-video-preview:-1\" \/>\n<link rel=\"canonical\" href=\"https:\/\/www.cfm.co.mz\/en\/2019\/05\/03\/presidente-da-republica-inaugura-novas-locomotivas-e-vagoes-do-cfm\/\" \/>\n<meta property=\"og:locale\" content=\"en_US\" \/>\n<meta property=\"og:type\" content=\"article\" \/>\n<meta property=\"og:title\" content=\"Presidente da Rep\u00fablica inaugura novas Locomotivas e Vag\u00f5es do CFM - CFM - Caminhos De Ferros de Mo\u00e7ambique\" \/>\n<meta property=\"og:description\" content=\"O Presidente da Rep\u00fablica, Filipe Nyusi inaugurou, oficialmente, no dia 2 de Maio de 2019, cinco novas locomotivas modernas de 3300 Horse Power e o primeiro lote dos 300 vag\u00f5es, investimento que vai duplicar a capacidade de manuseamento e transporte de diversas mercadorias de e para o Porto de Maputo.\" \/>\n<meta property=\"og:url\" content=\"https:\/\/www.cfm.co.mz\/en\/2019\/05\/03\/presidente-da-republica-inaugura-novas-locomotivas-e-vagoes-do-cfm\/\" \/>\n<meta property=\"og:site_name\" content=\"CFM - Caminhos De Ferros de Mo\u00e7ambique\" \/>\n<meta property=\"article:publisher\" content=\"https:\/\/www.facebook.com\/CFMMoz\" \/>\n<meta property=\"article:published_time\" content=\"2019-05-03T13:51:24+00:00\" \/>\n<meta property=\"og:image\" content=\"https:\/\/www.cfm.co.mz\/wp-content\/uploads\/2019\/05\/Inauguracao_de_Locomotivas_e_Vagoes_2019_PR-scaled.jpg\" \/>\n\t<meta property=\"og:image:width\" content=\"2560\" \/>\n\t<meta property=\"og:image:height\" content=\"1707\" \/>\n\t<meta property=\"og:image:type\" content=\"image\/jpeg\" \/>\n<meta name=\"author\" content=\"D\u00e9rcio Badru\" \/>\n<meta name=\"twitter:card\" content=\"summary_large_image\" \/>\n<meta name=\"twitter:label1\" content=\"Written by\" \/>\n\t<meta name=\"twitter:data1\" content=\"D\u00e9rcio Badru\" \/>\n\t<meta name=\"twitter:label2\" content=\"Est. reading time\" \/>\n\t<meta name=\"twitter:data2\" content=\"4 minutes\" \/>\n<script type=\"application\/ld+json\" class=\"yoast-schema-graph\">{\"@context\":\"https:\/\/schema.org\",\"@graph\":[{\"@type\":\"Article\",\"@id\":\"https:\/\/www.cfm.co.mz\/2019\/05\/03\/presidente-da-republica-inaugura-novas-locomotivas-e-vagoes-do-cfm\/#article\",\"isPartOf\":{\"@id\":\"https:\/\/www.cfm.co.mz\/2019\/05\/03\/presidente-da-republica-inaugura-novas-locomotivas-e-vagoes-do-cfm\/\"},\"author\":{\"name\":\"D\u00e9rcio Badru\",\"@id\":\"https:\/\/www.cfm.co.mz\/#\/schema\/person\/1bb663f3c59dc61900f6f9b1c2b53552\"},\"headline\":\"Presidente da Rep\u00fablica inaugura novas Locomotivas e Vag\u00f5es do CFM\",\"datePublished\":\"2019-05-03T13:51:24+00:00\",\"mainEntityOfPage\":{\"@id\":\"https:\/\/www.cfm.co.mz\/2019\/05\/03\/presidente-da-republica-inaugura-novas-locomotivas-e-vagoes-do-cfm\/\"},\"wordCount\":740,\"commentCount\":0,\"publisher\":{\"@id\":\"https:\/\/www.cfm.co.mz\/#organization\"},\"image\":{\"@id\":\"https:\/\/www.cfm.co.mz\/2019\/05\/03\/presidente-da-republica-inaugura-novas-locomotivas-e-vagoes-do-cfm\/#primaryimage\"},\"thumbnailUrl\":\"https:\/\/www.cfm.co.mz\/wp-content\/uploads\/2019\/05\/Inauguracao_de_Locomotivas_e_Vagoes_2019_PR-scaled.jpg\",\"articleSection\":[\"Noticias\"],\"inLanguage\":\"en-US\",\"potentialAction\":[{\"@type\":\"CommentAction\",\"name\":\"Comment\",\"target\":[\"https:\/\/www.cfm.co.mz\/2019\/05\/03\/presidente-da-republica-inaugura-novas-locomotivas-e-vagoes-do-cfm\/#respond\"]}]},{\"@type\":\"WebPage\",\"@id\":\"https:\/\/www.cfm.co.mz\/2019\/05\/03\/presidente-da-republica-inaugura-novas-locomotivas-e-vagoes-do-cfm\/\",\"url\":\"https:\/\/www.cfm.co.mz\/2019\/05\/03\/presidente-da-republica-inaugura-novas-locomotivas-e-vagoes-do-cfm\/\",\"name\":\"Presidente da Rep\u00fablica inaugura novas Locomotivas e Vag\u00f5es do CFM - CFM - Caminhos De Ferros de Mo\u00e7ambique\",\"isPartOf\":{\"@id\":\"https:\/\/www.cfm.co.mz\/#website\"},\"primaryImageOfPage\":{\"@id\":\"https:\/\/www.cfm.co.mz\/2019\/05\/03\/presidente-da-republica-inaugura-novas-locomotivas-e-vagoes-do-cfm\/#primaryimage\"},\"image\":{\"@id\":\"https:\/\/www.cfm.co.mz\/2019\/05\/03\/presidente-da-republica-inaugura-novas-locomotivas-e-vagoes-do-cfm\/#primaryimage\"},\"thumbnailUrl\":\"https:\/\/www.cfm.co.mz\/wp-content\/uploads\/2019\/05\/Inauguracao_de_Locomotivas_e_Vagoes_2019_PR-scaled.jpg\",\"datePublished\":\"2019-05-03T13:51:24+00:00\",\"breadcrumb\":{\"@id\":\"https:\/\/www.cfm.co.mz\/2019\/05\/03\/presidente-da-republica-inaugura-novas-locomotivas-e-vagoes-do-cfm\/#breadcrumb\"},\"inLanguage\":\"en-US\",\"potentialAction\":[{\"@type\":\"ReadAction\",\"target\":[\"https:\/\/www.cfm.co.mz\/2019\/05\/03\/presidente-da-republica-inaugura-novas-locomotivas-e-vagoes-do-cfm\/\"]}]},{\"@type\":\"ImageObject\",\"inLanguage\":\"en-US\",\"@id\":\"https:\/\/www.cfm.co.mz\/2019\/05\/03\/presidente-da-republica-inaugura-novas-locomotivas-e-vagoes-do-cfm\/#primaryimage\",\"url\":\"https:\/\/www.cfm.co.mz\/wp-content\/uploads\/2019\/05\/Inauguracao_de_Locomotivas_e_Vagoes_2019_PR-scaled.jpg\",\"contentUrl\":\"https:\/\/www.cfm.co.mz\/wp-content\/uploads\/2019\/05\/Inauguracao_de_Locomotivas_e_Vagoes_2019_PR-scaled.jpg\",\"width\":2560,\"height\":1707,\"caption\":\"Inaugura\u00e7\u00e3o de Locomotivas e Vag\u00f5es 2019 PR\"},{\"@type\":\"BreadcrumbList\",\"@id\":\"https:\/\/www.cfm.co.mz\/2019\/05\/03\/presidente-da-republica-inaugura-novas-locomotivas-e-vagoes-do-cfm\/#breadcrumb\",\"itemListElement\":[{\"@type\":\"ListItem\",\"position\":1,\"name\":\"Home\",\"item\":\"https:\/\/www.cfm.co.mz\/\"},{\"@type\":\"ListItem\",\"position\":2,\"name\":\"Presidente da Rep\u00fablica inaugura novas Locomotivas e Vag\u00f5es do CFM\"}]},{\"@type\":\"WebSite\",\"@id\":\"https:\/\/www.cfm.co.mz\/#website\",\"url\":\"https:\/\/www.cfm.co.mz\/\",\"name\":\"CFM - Caminhos De Ferros de Mo\u00e7ambique\",\"description\":\"Ampliando Horizontes\",\"publisher\":{\"@id\":\"https:\/\/www.cfm.co.mz\/#organization\"},\"potentialAction\":[{\"@type\":\"SearchAction\",\"target\":{\"@type\":\"EntryPoint\",\"urlTemplate\":\"https:\/\/www.cfm.co.mz\/?s={search_term_string}\"},\"query-input\":{\"@type\":\"PropertyValueSpecification\",\"valueRequired\":true,\"valueName\":\"search_term_string\"}}],\"inLanguage\":\"en-US\"},{\"@type\":\"Organization\",\"@id\":\"https:\/\/www.cfm.co.mz\/#organization\",\"name\":\"CFM - Caminhos De Ferros de Mo\u00e7ambique\",\"url\":\"https:\/\/www.cfm.co.mz\/\",\"logo\":{\"@type\":\"ImageObject\",\"inLanguage\":\"en-US\",\"@id\":\"https:\/\/www.cfm.co.mz\/#\/schema\/logo\/image\/\",\"url\":\"https:\/\/www.cfm.co.mz\/wp-content\/uploads\/2025\/07\/be5f0679-4f5b-4d02-9719-a26ceed29162.jpg\",\"contentUrl\":\"https:\/\/www.cfm.co.mz\/wp-content\/uploads\/2025\/07\/be5f0679-4f5b-4d02-9719-a26ceed29162.jpg\",\"width\":400,\"height\":65,\"caption\":\"CFM - Caminhos De Ferros de Mo\u00e7ambique\"},\"image\":{\"@id\":\"https:\/\/www.cfm.co.mz\/#\/schema\/logo\/image\/\"},\"sameAs\":[\"https:\/\/www.facebook.com\/CFMMoz\",\"https:\/\/www.linkedin.com\/company\/caminhos-de-ferro-de-moambique\/\"]},{\"@type\":\"Person\",\"@id\":\"https:\/\/www.cfm.co.mz\/#\/schema\/person\/1bb663f3c59dc61900f6f9b1c2b53552\",\"name\":\"D\u00e9rcio Badru\",\"image\":{\"@type\":\"ImageObject\",\"inLanguage\":\"en-US\",\"@id\":\"https:\/\/www.cfm.co.mz\/#\/schema\/person\/image\/\",\"url\":\"https:\/\/www.cfm.co.mz\/wp-content\/litespeed\/avatar\/be89d6955942d7259ef76de4577d21b3.jpg?ver=1777454359\",\"contentUrl\":\"https:\/\/www.cfm.co.mz\/wp-content\/litespeed\/avatar\/be89d6955942d7259ef76de4577d21b3.jpg?ver=1777454359\",\"caption\":\"D\u00e9rcio Badru\"},\"url\":\"https:\/\/www.cfm.co.mz\/en\/author\/dercio\/\"}]}<\/script>\n<!-- \/ Yoast SEO plugin. -->","yoast_head_json":{"title":"Presidente da Rep\u00fablica inaugura novas Locomotivas e Vag\u00f5es do CFM - CFM - Caminhos De Ferros de Mo\u00e7ambique","robots":{"index":"index","follow":"follow","max-snippet":"max-snippet:-1","max-image-preview":"max-image-preview:large","max-video-preview":"max-video-preview:-1"},"canonical":"https:\/\/www.cfm.co.mz\/en\/2019\/05\/03\/presidente-da-republica-inaugura-novas-locomotivas-e-vagoes-do-cfm\/","og_locale":"en_US","og_type":"article","og_title":"Presidente da Rep\u00fablica inaugura novas Locomotivas e Vag\u00f5es do CFM - CFM - Caminhos De Ferros de Mo\u00e7ambique","og_description":"O Presidente da Rep\u00fablica, Filipe Nyusi inaugurou, oficialmente, no dia 2 de Maio de 2019, cinco novas locomotivas modernas de 3300 Horse Power e o primeiro lote dos 300 vag\u00f5es, investimento que vai duplicar a capacidade de manuseamento e transporte de diversas mercadorias de e para o Porto de Maputo.","og_url":"https:\/\/www.cfm.co.mz\/en\/2019\/05\/03\/presidente-da-republica-inaugura-novas-locomotivas-e-vagoes-do-cfm\/","og_site_name":"CFM - Caminhos De Ferros de Mo\u00e7ambique","article_publisher":"https:\/\/www.facebook.com\/CFMMoz","article_published_time":"2019-05-03T13:51:24+00:00","og_image":[{"width":2560,"height":1707,"url":"https:\/\/www.cfm.co.mz\/wp-content\/uploads\/2019\/05\/Inauguracao_de_Locomotivas_e_Vagoes_2019_PR-scaled.jpg","type":"image\/jpeg"}],"author":"D\u00e9rcio Badru","twitter_card":"summary_large_image","twitter_misc":{"Written by":"D\u00e9rcio Badru","Est. reading time":"4 minutes"},"schema":{"@context":"https:\/\/schema.org","@graph":[{"@type":"Article","@id":"https:\/\/www.cfm.co.mz\/2019\/05\/03\/presidente-da-republica-inaugura-novas-locomotivas-e-vagoes-do-cfm\/#article","isPartOf":{"@id":"https:\/\/www.cfm.co.mz\/2019\/05\/03\/presidente-da-republica-inaugura-novas-locomotivas-e-vagoes-do-cfm\/"},"author":{"name":"D\u00e9rcio Badru","@id":"https:\/\/www.cfm.co.mz\/#\/schema\/person\/1bb663f3c59dc61900f6f9b1c2b53552"},"headline":"Presidente da Rep\u00fablica inaugura novas Locomotivas e Vag\u00f5es do CFM","datePublished":"2019-05-03T13:51:24+00:00","mainEntityOfPage":{"@id":"https:\/\/www.cfm.co.mz\/2019\/05\/03\/presidente-da-republica-inaugura-novas-locomotivas-e-vagoes-do-cfm\/"},"wordCount":740,"commentCount":0,"publisher":{"@id":"https:\/\/www.cfm.co.mz\/#organization"},"image":{"@id":"https:\/\/www.cfm.co.mz\/2019\/05\/03\/presidente-da-republica-inaugura-novas-locomotivas-e-vagoes-do-cfm\/#primaryimage"},"thumbnailUrl":"https:\/\/www.cfm.co.mz\/wp-content\/uploads\/2019\/05\/Inauguracao_de_Locomotivas_e_Vagoes_2019_PR-scaled.jpg","articleSection":["Noticias"],"inLanguage":"en-US","potentialAction":[{"@type":"CommentAction","name":"Comment","target":["https:\/\/www.cfm.co.mz\/2019\/05\/03\/presidente-da-republica-inaugura-novas-locomotivas-e-vagoes-do-cfm\/#respond"]}]},{"@type":"WebPage","@id":"https:\/\/www.cfm.co.mz\/2019\/05\/03\/presidente-da-republica-inaugura-novas-locomotivas-e-vagoes-do-cfm\/","url":"https:\/\/www.cfm.co.mz\/2019\/05\/03\/presidente-da-republica-inaugura-novas-locomotivas-e-vagoes-do-cfm\/","name":"Presidente da Rep\u00fablica inaugura novas Locomotivas e Vag\u00f5es do CFM - CFM - Caminhos De Ferros de Mo\u00e7ambique","isPartOf":{"@id":"https:\/\/www.cfm.co.mz\/#website"},"primaryImageOfPage":{"@id":"https:\/\/www.cfm.co.mz\/2019\/05\/03\/presidente-da-republica-inaugura-novas-locomotivas-e-vagoes-do-cfm\/#primaryimage"},"image":{"@id":"https:\/\/www.cfm.co.mz\/2019\/05\/03\/presidente-da-republica-inaugura-novas-locomotivas-e-vagoes-do-cfm\/#primaryimage"},"thumbnailUrl":"https:\/\/www.cfm.co.mz\/wp-content\/uploads\/2019\/05\/Inauguracao_de_Locomotivas_e_Vagoes_2019_PR-scaled.jpg","datePublished":"2019-05-03T13:51:24+00:00","breadcrumb":{"@id":"https:\/\/www.cfm.co.mz\/2019\/05\/03\/presidente-da-republica-inaugura-novas-locomotivas-e-vagoes-do-cfm\/#breadcrumb"},"inLanguage":"en-US","potentialAction":[{"@type":"ReadAction","target":["https:\/\/www.cfm.co.mz\/2019\/05\/03\/presidente-da-republica-inaugura-novas-locomotivas-e-vagoes-do-cfm\/"]}]},{"@type":"ImageObject","inLanguage":"en-US","@id":"https:\/\/www.cfm.co.mz\/2019\/05\/03\/presidente-da-republica-inaugura-novas-locomotivas-e-vagoes-do-cfm\/#primaryimage","url":"https:\/\/www.cfm.co.mz\/wp-content\/uploads\/2019\/05\/Inauguracao_de_Locomotivas_e_Vagoes_2019_PR-scaled.jpg","contentUrl":"https:\/\/www.cfm.co.mz\/wp-content\/uploads\/2019\/05\/Inauguracao_de_Locomotivas_e_Vagoes_2019_PR-scaled.jpg","width":2560,"height":1707,"caption":"Inaugura\u00e7\u00e3o de Locomotivas e Vag\u00f5es 2019 PR"},{"@type":"BreadcrumbList","@id":"https:\/\/www.cfm.co.mz\/2019\/05\/03\/presidente-da-republica-inaugura-novas-locomotivas-e-vagoes-do-cfm\/#breadcrumb","itemListElement":[{"@type":"ListItem","position":1,"name":"Home","item":"https:\/\/www.cfm.co.mz\/"},{"@type":"ListItem","position":2,"name":"Presidente da Rep\u00fablica inaugura novas Locomotivas e Vag\u00f5es do CFM"}]},{"@type":"WebSite","@id":"https:\/\/www.cfm.co.mz\/#website","url":"https:\/\/www.cfm.co.mz\/","name":"CFM - Caminhos De Ferros de Mo\u00e7ambique","description":"Ampliando Horizontes","publisher":{"@id":"https:\/\/www.cfm.co.mz\/#organization"},"potentialAction":[{"@type":"SearchAction","target":{"@type":"EntryPoint","urlTemplate":"https:\/\/www.cfm.co.mz\/?s={search_term_string}"},"query-input":{"@type":"PropertyValueSpecification","valueRequired":true,"valueName":"search_term_string"}}],"inLanguage":"en-US"},{"@type":"Organization","@id":"https:\/\/www.cfm.co.mz\/#organization","name":"CFM - Caminhos De Ferros de Mo\u00e7ambique","url":"https:\/\/www.cfm.co.mz\/","logo":{"@type":"ImageObject","inLanguage":"en-US","@id":"https:\/\/www.cfm.co.mz\/#\/schema\/logo\/image\/","url":"https:\/\/www.cfm.co.mz\/wp-content\/uploads\/2025\/07\/be5f0679-4f5b-4d02-9719-a26ceed29162.jpg","contentUrl":"https:\/\/www.cfm.co.mz\/wp-content\/uploads\/2025\/07\/be5f0679-4f5b-4d02-9719-a26ceed29162.jpg","width":400,"height":65,"caption":"CFM - Caminhos De Ferros de Mo\u00e7ambique"},"image":{"@id":"https:\/\/www.cfm.co.mz\/#\/schema\/logo\/image\/"},"sameAs":["https:\/\/www.facebook.com\/CFMMoz","https:\/\/www.linkedin.com\/company\/caminhos-de-ferro-de-moambique\/"]},{"@type":"Person","@id":"https:\/\/www.cfm.co.mz\/#\/schema\/person\/1bb663f3c59dc61900f6f9b1c2b53552","name":"D\u00e9rcio Badru","image":{"@type":"ImageObject","inLanguage":"en-US","@id":"https:\/\/www.cfm.co.mz\/#\/schema\/person\/image\/","url":"https:\/\/www.cfm.co.mz\/wp-content\/litespeed\/avatar\/be89d6955942d7259ef76de4577d21b3.jpg?ver=1777454359","contentUrl":"https:\/\/www.cfm.co.mz\/wp-content\/litespeed\/avatar\/be89d6955942d7259ef76de4577d21b3.jpg?ver=1777454359","caption":"D\u00e9rcio Badru"},"url":"https:\/\/www.cfm.co.mz\/en\/author\/dercio\/"}]}},"_links":{"self":[{"href":"https:\/\/www.cfm.co.mz\/en\/wp-json\/wp\/v2\/posts\/9072","targetHints":{"allow":["GET"]}}],"collection":[{"href":"https:\/\/www.cfm.co.mz\/en\/wp-json\/wp\/v2\/posts"}],"about":[{"href":"https:\/\/www.cfm.co.mz\/en\/wp-json\/wp\/v2\/types\/post"}],"author":[{"embeddable":true,"href":"https:\/\/www.cfm.co.mz\/en\/wp-json\/wp\/v2\/users\/94"}],"replies":[{"embeddable":true,"href":"https:\/\/www.cfm.co.mz\/en\/wp-json\/wp\/v2\/comments?post=9072"}],"version-history":[{"count":0,"href":"https:\/\/www.cfm.co.mz\/en\/wp-json\/wp\/v2\/posts\/9072\/revisions"}],"wp:featuredmedia":[{"embeddable":true,"href":"https:\/\/www.cfm.co.mz\/en\/wp-json\/wp\/v2\/media\/9069"}],"wp:attachment":[{"href":"https:\/\/www.cfm.co.mz\/en\/wp-json\/wp\/v2\/media?parent=9072"}],"wp:term":[{"taxonomy":"category","embeddable":true,"href":"https:\/\/www.cfm.co.mz\/en\/wp-json\/wp\/v2\/categories?post=9072"},{"taxonomy":"post_tag","embeddable":true,"href":"https:\/\/www.cfm.co.mz\/en\/wp-json\/wp\/v2\/tags?post=9072"}],"curies":[{"name":"wp","href":"https:\/\/api.w.org\/{rel}","templated":true}]}}