{"id":9064,"date":"2019-04-12T14:54:15","date_gmt":"2019-04-12T14:54:15","guid":{"rendered":"https:\/\/www.cfm.co.mz\/2019\/04\/12\/reunida-em-conselho-de-directores-cfm-faz-balanco-positivo-de-2018-e-perspectiva-o-futuro-da-empresa\/"},"modified":"2019-04-12T14:54:15","modified_gmt":"2019-04-12T14:54:15","slug":"reunida-em-conselho-de-directores-cfm-faz-balanco-positivo-de-2018-e-perspectiva-o-futuro-da-empresa","status":"publish","type":"post","link":"https:\/\/www.cfm.co.mz\/en\/2019\/04\/12\/reunida-em-conselho-de-directores-cfm-faz-balanco-positivo-de-2018-e-perspectiva-o-futuro-da-empresa\/","title":{"rendered":"CFM faz balan\u00e7o positivo de 2018 e perspectiva o futuro da empresa"},"content":{"rendered":"<p style=\"text-align: justify;\"><a href=\"http:\/\/www.cfm.co.mz\/wp-content\/uploads\/2019\/04\/Conselho_de_Directores_2019_Foto_Familia.jpg\" type=\"image\/jpeg\" class=\"jcepopup zoom-bottom-right\" data-mediabox=\"1\" data-mediabox-width=\"800\" data-mediabox-height=\"600\" data-mediabox-caption=\"Conselho de Administra\u00e7\u00e3o do CFM e Directores Executivos pousando com o Ministro dos Transportes e Comunica\u00e7\u00f5es, Carlos Mesquita\"><img decoding=\"async\" src=\"http:\/\/www.cfm.co.mz\/wp-content\/uploads\/2019\/04\/Conselho_de_Directores_2019_Foto_Familia.jpg\" alt=\"Conselho de Directores 2019 Foto Familia\" width=\"250\" height=\"167\" style=\"margin: 5px; float: left;\" \/><\/a>Reunida em XXIII Conselho de Directores, nos dias 4 e 5 de Abril corrente, na Cidade de Maputo, a Empresa Portos e Caminhos de Ferro de Mo\u00e7ambique (CFM) anunciou ter alcan\u00e7ado um total de rendimentos e ganhos de 18.8 mil milh\u00f5es de meticais, o que representa um cumprimento de 100% do planificado para o ano de 2018, cujos resultados operacionais se mostram positivos ao se situarem em cerca de 2.5 mil milh\u00f5es de meticais.<\/p>\n<p style=\"text-align: justify;\">Segundo o Presidente do Conselho de Administra\u00e7\u00e3o do CFM, Eng. Miguel Matabel, que iniciou a sua interven\u00e7\u00e3o com uma homenagem \u00e0s v\u00edtimas do ciclone tropical Idai, estes resultados foram conseguidos gra\u00e7as ao empenho de todos os colaboradores, desde o n\u00edvel estrat\u00e9gico ao operacional.<\/p>\n<p><!--more--><\/p>\n<p style=\"text-align: justify;\">Em termos de manuseamento de cargas nos Terminais sob gest\u00e3o do CFM foram manuseados, em 2018, cerca de 7.5 milh\u00f5es de Toneladas m\u00e9tricas, representando um crescimento acima do plano em 9%, um incremento de 19% em rela\u00e7\u00e3o ao ano de 2017, cujo manuseamento se situou em 6.3 milh\u00f5es de toneladas m\u00e9tricas.<\/p>\n<p style=\"text-align: justify;\">O Sistema Portu\u00e1rio global registou, em 2018, um crescimento de 5.5%, ao ter atingido cerca de 46 milh\u00f5es de toneladas m\u00e9tricas manuseadas, contra cerca de 44 milh\u00f5es de toneladas m\u00e9tricas manuseadas em 2017.<\/p>\n<p style=\"text-align: justify;\">Em rela\u00e7\u00e3o ao Sistema Ferrovi\u00e1rio, nos corredores sob gest\u00e3o do CFM (Sul e Centro), foram transportadas cerca de 11.4 milh\u00f5es de toneladas l\u00edquidas, superando o plano em cerca de 9% e tiveram uma varia\u00e7\u00e3o positiva de pouco mais de 2% do transportado em 2017, que se tinha em cerca de 11.1 Milh\u00f5es de toneladas l\u00edquidas.<\/p>\n<p style=\"text-align: justify;\">Relativamente ao Sistema Ferrovi\u00e1rio no global, incluindo as 2 concession\u00e1rias da regi\u00e3o Norte, em 2018, foram transportadas cerca de 23.7 milh\u00f5es de toneladas l\u00edquidas, correspondendo a um crescimento de 6.4% da realiza\u00e7\u00e3o de 2017, em que se fixou em 22.3 milh\u00f5es de toneladas l\u00edquidas.<\/p>\n<p style=\"text-align: justify;\"><a href=\"http:\/\/www.cfm.co.mz\/wp-content\/uploads\/2019\/04\/Conselho_de_Directores_2019_Eng_Matabel_2.jpg\" type=\"image\/jpeg\" class=\"jcepopup zoom-bottom-right\" data-mediabox-height=\"600\" data-mediabox-width=\"800\" data-mediabox=\"1\" data-mediabox-caption=\"Eng. Jos\u00e9 Miguel Matabel, PCA dos CFM\"><img decoding=\"async\" src=\"http:\/\/www.cfm.co.mz\/wp-content\/uploads\/2019\/04\/Conselho_de_Directores_2019_Eng_Matabel_2.jpg\" alt=\"Conselho de Directores 2019 Eng Matabel 2\" width=\"250\" height=\"167\" style=\"margin: 5px; float: right;\" \/><\/a>Para o PCA, estes resultados representam a seriedade do trabalho desafiante que est\u00e1 sendo realizado pelos CFM e aumenta a confian\u00e7a, responsabilidade de continuar a registar os \u00edndices de crescimento e, por via disso, continuar a contribuir para o desenvolvimento sustent\u00e1vel do pa\u00eds.<\/p>\n<p style=\"text-align: justify;\">Relativamente ao Plano Estrat\u00e9gico para o tri\u00e9nio 2018-2020, o CFM orgulha-se que, com um grande esfor\u00e7o financeiro, concretizou-se o que estava previsto situado em 2.9 mil Milh\u00f5es de Meticais. De acordo com este plano, previa-se durante os tr\u00eas anos efectuar aquisi\u00e7\u00e3o de uma s\u00e9rie de equipamentos, constru\u00e7\u00e3o e\/ou reabilita\u00e7\u00e3o de infra-estruturas ferrovi\u00e1rias, bem como aquisi\u00e7\u00e3o de material circulante.<\/p>\n<p style=\"text-align: justify;\">Segundo o Conselho de Directores, constatou-se que a n\u00edvel Ferrovi\u00e1rio foram adquiridas 5 locomotivas de 3300HP, 90 vag\u00f5es, bem como decorrem, a bom ritmo a reconstru\u00e7\u00e3o de 2 pontes ferrovi\u00e1rias na Linha de Ressano Garcia, fim das quais poder\u00e3o passar sobre elas locomotivas e cargas de maior capacidade.<\/p>\n<p style=\"text-align: justify;\">Igualmente, na zona Centro, destaca-se a aquisi\u00e7\u00e3o de 2 rebocadores e 1 Barco Piloto, a reabilita\u00e7\u00e3o das defesas dos cais 2 e 5 no Porto da Beira, bem como a aquisi\u00e7\u00e3o de um sistema moderno de controlo de tr\u00e1fego de navios, designado, VTS, que ir\u00e1 melhorar a seguran\u00e7a e dinamizar a celeridade das opera\u00e7\u00f5es no Porto da Beira.<\/p>\n<p style=\"text-align: justify;\">Em rela\u00e7\u00e3o a zona Norte, houve aquisi\u00e7\u00e3o de uma s\u00e9rie de equipamentos que ir\u00e3o tornar o Porto de Pemba mais moderno e competitivo e melhorar a seguran\u00e7a portu\u00e1ria baseada no ISPS Code. Trata-se do melhoramento do sistema de ilumina\u00e7\u00e3o e instala\u00e7\u00e3o da veda\u00e7\u00e3o do Recinto Portu\u00e1rio, aquisi\u00e7\u00e3o de cami\u00e3o bombeiro para combate a inc\u00eandios, reposi\u00e7\u00e3o das defensas e cabe\u00e7os de amarra\u00e7\u00e3o, aquisi\u00e7\u00e3o de 2 tractores de reboque, de 2 <em>spreaders<\/em>, dos quais um de 20 e outro de 40. Foram efectuadas tamb\u00e9m aquisi\u00e7\u00f5es de um <em>Reach stacker<\/em> de 45 ton e de um <em>forklift<\/em> de 40 Ton, entre outras obras.<\/p>\n<p style=\"text-align: justify;\">No dom\u00ednio da Responsabilidade Social, na componente do transporte de passageiros, o CFM vai, em breve, receber 90 carruagens para refor\u00e7ar o servi\u00e7o de transporte de passageiros de modo a que se possa continuar a melhorar a presta\u00e7\u00e3o deste servi\u00e7o com a necess\u00e1ria comodidade e seguran\u00e7a, contribuindo para a mitiga\u00e7\u00e3o do problema da falta de transporte urbano e inter-urbano de passageiros.<\/p>\n<p style=\"text-align: justify;\">Orientada pela melhor planifica\u00e7\u00e3o, efici\u00eancia, monitoria e trabalho em equipe o CFM procura, cada vez mais, ser uma Empresa robusta e competitiva, orientada para o mercado.<\/p>","protected":false},"excerpt":{"rendered":"<p>Reunida em XXIII Conselho de Directores, nos dias 4 e 5 de Abril corrente, na Cidade de Maputo, a Empresa Portos e Caminhos de Ferro de Mo\u00e7ambique (CFM) anunciou ter alcan\u00e7ado um total de rendimentos e ganhos de 18.8 mil milh\u00f5es de meticais, o que representa um cumprimento de 100% do planificado para o ano de 2018, cujos resultados operacionais se mostram positivos ao se situarem em cerca de 2.5 mil milh\u00f5es de meticais. Segundo o Presidente do Conselho de Administra\u00e7\u00e3o do CFM, Eng. Miguel Matabel, que iniciou a sua interven\u00e7\u00e3o com uma homenagem \u00e0s v\u00edtimas do ciclone tropical Idai, estes resultados foram conseguidos gra\u00e7as ao empenho de todos os colaboradores, desde o n\u00edvel estrat\u00e9gico ao operacional.<\/p>","protected":false},"author":94,"featured_media":9061,"comment_status":"open","ping_status":"open","sticky":false,"template":"","format":"standard","meta":{"_acf_changed":false,"pgc_sgb_lightbox_settings":"","footnotes":""},"categories":[680],"tags":[],"class_list":["post-9064","post","type-post","status-publish","format-standard","has-post-thumbnail","hentry","category-noticias"],"acf":[],"yoast_head":"<!-- This site is optimized with the Yoast SEO plugin v26.5 - https:\/\/yoast.com\/wordpress\/plugins\/seo\/ -->\n<title>CFM faz balan\u00e7o positivo de 2018 e perspectiva o futuro da empresa - CFM - Caminhos De Ferros de Mo\u00e7ambique<\/title>\n<meta name=\"robots\" content=\"index, follow, max-snippet:-1, max-image-preview:large, max-video-preview:-1\" \/>\n<link rel=\"canonical\" href=\"https:\/\/www.cfm.co.mz\/en\/2019\/04\/12\/reunida-em-conselho-de-directores-cfm-faz-balanco-positivo-de-2018-e-perspectiva-o-futuro-da-empresa\/\" \/>\n<meta property=\"og:locale\" content=\"en_US\" \/>\n<meta property=\"og:type\" content=\"article\" \/>\n<meta property=\"og:title\" content=\"CFM faz balan\u00e7o positivo de 2018 e perspectiva o futuro da empresa - CFM - Caminhos De Ferros de Mo\u00e7ambique\" \/>\n<meta property=\"og:description\" content=\"Reunida em XXIII Conselho de Directores, nos dias 4 e 5 de Abril corrente, na Cidade de Maputo, a Empresa Portos e Caminhos de Ferro de Mo\u00e7ambique (CFM) anunciou ter alcan\u00e7ado um total de rendimentos e ganhos de 18.8 mil milh\u00f5es de meticais, o que representa um cumprimento de 100% do planificado para o ano de 2018, cujos resultados operacionais se mostram positivos ao se situarem em cerca de 2.5 mil milh\u00f5es de meticais. Segundo o Presidente do Conselho de Administra\u00e7\u00e3o do CFM, Eng. Miguel Matabel, que iniciou a sua interven\u00e7\u00e3o com uma homenagem \u00e0s v\u00edtimas do ciclone tropical Idai, estes resultados foram conseguidos gra\u00e7as ao empenho de todos os colaboradores, desde o n\u00edvel estrat\u00e9gico ao operacional.\" \/>\n<meta property=\"og:url\" content=\"https:\/\/www.cfm.co.mz\/en\/2019\/04\/12\/reunida-em-conselho-de-directores-cfm-faz-balanco-positivo-de-2018-e-perspectiva-o-futuro-da-empresa\/\" \/>\n<meta property=\"og:site_name\" content=\"CFM - Caminhos De Ferros de Mo\u00e7ambique\" \/>\n<meta property=\"article:publisher\" content=\"https:\/\/www.facebook.com\/CFMMoz\" \/>\n<meta property=\"article:published_time\" content=\"2019-04-12T14:54:15+00:00\" \/>\n<meta property=\"og:image\" content=\"https:\/\/www.cfm.co.mz\/wp-content\/uploads\/2019\/04\/Conselho_de_Directores_2019_Foto_Familia.jpg\" \/>\n\t<meta property=\"og:image:width\" content=\"1800\" \/>\n\t<meta property=\"og:image:height\" content=\"1200\" \/>\n\t<meta property=\"og:image:type\" content=\"image\/jpeg\" \/>\n<meta name=\"author\" content=\"D\u00e9rcio Badru\" \/>\n<meta name=\"twitter:card\" content=\"summary_large_image\" \/>\n<meta name=\"twitter:label1\" content=\"Written by\" \/>\n\t<meta name=\"twitter:data1\" content=\"D\u00e9rcio Badru\" \/>\n\t<meta name=\"twitter:label2\" content=\"Est. reading time\" \/>\n\t<meta name=\"twitter:data2\" content=\"4 minutes\" \/>\n<script type=\"application\/ld+json\" class=\"yoast-schema-graph\">{\"@context\":\"https:\/\/schema.org\",\"@graph\":[{\"@type\":\"Article\",\"@id\":\"https:\/\/www.cfm.co.mz\/2019\/04\/12\/reunida-em-conselho-de-directores-cfm-faz-balanco-positivo-de-2018-e-perspectiva-o-futuro-da-empresa\/#article\",\"isPartOf\":{\"@id\":\"https:\/\/www.cfm.co.mz\/2019\/04\/12\/reunida-em-conselho-de-directores-cfm-faz-balanco-positivo-de-2018-e-perspectiva-o-futuro-da-empresa\/\"},\"author\":{\"name\":\"D\u00e9rcio Badru\",\"@id\":\"https:\/\/www.cfm.co.mz\/#\/schema\/person\/1bb663f3c59dc61900f6f9b1c2b53552\"},\"headline\":\"CFM faz balan\u00e7o positivo de 2018 e perspectiva o futuro da empresa\",\"datePublished\":\"2019-04-12T14:54:15+00:00\",\"mainEntityOfPage\":{\"@id\":\"https:\/\/www.cfm.co.mz\/2019\/04\/12\/reunida-em-conselho-de-directores-cfm-faz-balanco-positivo-de-2018-e-perspectiva-o-futuro-da-empresa\/\"},\"wordCount\":756,\"commentCount\":0,\"publisher\":{\"@id\":\"https:\/\/www.cfm.co.mz\/#organization\"},\"image\":{\"@id\":\"https:\/\/www.cfm.co.mz\/2019\/04\/12\/reunida-em-conselho-de-directores-cfm-faz-balanco-positivo-de-2018-e-perspectiva-o-futuro-da-empresa\/#primaryimage\"},\"thumbnailUrl\":\"https:\/\/www.cfm.co.mz\/wp-content\/uploads\/2019\/04\/Conselho_de_Directores_2019_Foto_Familia.jpg\",\"articleSection\":[\"Noticias\"],\"inLanguage\":\"en-US\",\"potentialAction\":[{\"@type\":\"CommentAction\",\"name\":\"Comment\",\"target\":[\"https:\/\/www.cfm.co.mz\/2019\/04\/12\/reunida-em-conselho-de-directores-cfm-faz-balanco-positivo-de-2018-e-perspectiva-o-futuro-da-empresa\/#respond\"]}]},{\"@type\":\"WebPage\",\"@id\":\"https:\/\/www.cfm.co.mz\/2019\/04\/12\/reunida-em-conselho-de-directores-cfm-faz-balanco-positivo-de-2018-e-perspectiva-o-futuro-da-empresa\/\",\"url\":\"https:\/\/www.cfm.co.mz\/2019\/04\/12\/reunida-em-conselho-de-directores-cfm-faz-balanco-positivo-de-2018-e-perspectiva-o-futuro-da-empresa\/\",\"name\":\"CFM faz balan\u00e7o positivo de 2018 e perspectiva o futuro da empresa - CFM - Caminhos De Ferros de Mo\u00e7ambique\",\"isPartOf\":{\"@id\":\"https:\/\/www.cfm.co.mz\/#website\"},\"primaryImageOfPage\":{\"@id\":\"https:\/\/www.cfm.co.mz\/2019\/04\/12\/reunida-em-conselho-de-directores-cfm-faz-balanco-positivo-de-2018-e-perspectiva-o-futuro-da-empresa\/#primaryimage\"},\"image\":{\"@id\":\"https:\/\/www.cfm.co.mz\/2019\/04\/12\/reunida-em-conselho-de-directores-cfm-faz-balanco-positivo-de-2018-e-perspectiva-o-futuro-da-empresa\/#primaryimage\"},\"thumbnailUrl\":\"https:\/\/www.cfm.co.mz\/wp-content\/uploads\/2019\/04\/Conselho_de_Directores_2019_Foto_Familia.jpg\",\"datePublished\":\"2019-04-12T14:54:15+00:00\",\"breadcrumb\":{\"@id\":\"https:\/\/www.cfm.co.mz\/2019\/04\/12\/reunida-em-conselho-de-directores-cfm-faz-balanco-positivo-de-2018-e-perspectiva-o-futuro-da-empresa\/#breadcrumb\"},\"inLanguage\":\"en-US\",\"potentialAction\":[{\"@type\":\"ReadAction\",\"target\":[\"https:\/\/www.cfm.co.mz\/2019\/04\/12\/reunida-em-conselho-de-directores-cfm-faz-balanco-positivo-de-2018-e-perspectiva-o-futuro-da-empresa\/\"]}]},{\"@type\":\"ImageObject\",\"inLanguage\":\"en-US\",\"@id\":\"https:\/\/www.cfm.co.mz\/2019\/04\/12\/reunida-em-conselho-de-directores-cfm-faz-balanco-positivo-de-2018-e-perspectiva-o-futuro-da-empresa\/#primaryimage\",\"url\":\"https:\/\/www.cfm.co.mz\/wp-content\/uploads\/2019\/04\/Conselho_de_Directores_2019_Foto_Familia.jpg\",\"contentUrl\":\"https:\/\/www.cfm.co.mz\/wp-content\/uploads\/2019\/04\/Conselho_de_Directores_2019_Foto_Familia.jpg\",\"width\":1800,\"height\":1200,\"caption\":\"Conselho de Directores 2019 Foto Familia\"},{\"@type\":\"BreadcrumbList\",\"@id\":\"https:\/\/www.cfm.co.mz\/2019\/04\/12\/reunida-em-conselho-de-directores-cfm-faz-balanco-positivo-de-2018-e-perspectiva-o-futuro-da-empresa\/#breadcrumb\",\"itemListElement\":[{\"@type\":\"ListItem\",\"position\":1,\"name\":\"Home\",\"item\":\"https:\/\/www.cfm.co.mz\/\"},{\"@type\":\"ListItem\",\"position\":2,\"name\":\"CFM faz balan\u00e7o positivo de 2018 e perspectiva o futuro da empresa\"}]},{\"@type\":\"WebSite\",\"@id\":\"https:\/\/www.cfm.co.mz\/#website\",\"url\":\"https:\/\/www.cfm.co.mz\/\",\"name\":\"CFM - Caminhos De Ferros de Mo\u00e7ambique\",\"description\":\"Ampliando Horizontes\",\"publisher\":{\"@id\":\"https:\/\/www.cfm.co.mz\/#organization\"},\"potentialAction\":[{\"@type\":\"SearchAction\",\"target\":{\"@type\":\"EntryPoint\",\"urlTemplate\":\"https:\/\/www.cfm.co.mz\/?s={search_term_string}\"},\"query-input\":{\"@type\":\"PropertyValueSpecification\",\"valueRequired\":true,\"valueName\":\"search_term_string\"}}],\"inLanguage\":\"en-US\"},{\"@type\":\"Organization\",\"@id\":\"https:\/\/www.cfm.co.mz\/#organization\",\"name\":\"CFM - Caminhos De Ferros de Mo\u00e7ambique\",\"url\":\"https:\/\/www.cfm.co.mz\/\",\"logo\":{\"@type\":\"ImageObject\",\"inLanguage\":\"en-US\",\"@id\":\"https:\/\/www.cfm.co.mz\/#\/schema\/logo\/image\/\",\"url\":\"https:\/\/www.cfm.co.mz\/wp-content\/uploads\/2025\/07\/be5f0679-4f5b-4d02-9719-a26ceed29162.jpg\",\"contentUrl\":\"https:\/\/www.cfm.co.mz\/wp-content\/uploads\/2025\/07\/be5f0679-4f5b-4d02-9719-a26ceed29162.jpg\",\"width\":400,\"height\":65,\"caption\":\"CFM - Caminhos De Ferros de Mo\u00e7ambique\"},\"image\":{\"@id\":\"https:\/\/www.cfm.co.mz\/#\/schema\/logo\/image\/\"},\"sameAs\":[\"https:\/\/www.facebook.com\/CFMMoz\",\"https:\/\/www.linkedin.com\/company\/caminhos-de-ferro-de-moambique\/\"]},{\"@type\":\"Person\",\"@id\":\"https:\/\/www.cfm.co.mz\/#\/schema\/person\/1bb663f3c59dc61900f6f9b1c2b53552\",\"name\":\"D\u00e9rcio Badru\",\"image\":{\"@type\":\"ImageObject\",\"inLanguage\":\"en-US\",\"@id\":\"https:\/\/www.cfm.co.mz\/#\/schema\/person\/image\/\",\"url\":\"https:\/\/www.cfm.co.mz\/wp-content\/litespeed\/avatar\/be89d6955942d7259ef76de4577d21b3.jpg?ver=1777454359\",\"contentUrl\":\"https:\/\/www.cfm.co.mz\/wp-content\/litespeed\/avatar\/be89d6955942d7259ef76de4577d21b3.jpg?ver=1777454359\",\"caption\":\"D\u00e9rcio Badru\"},\"url\":\"https:\/\/www.cfm.co.mz\/en\/author\/dercio\/\"}]}<\/script>\n<!-- \/ Yoast SEO plugin. -->","yoast_head_json":{"title":"CFM faz balan\u00e7o positivo de 2018 e perspectiva o futuro da empresa - CFM - Caminhos De Ferros de Mo\u00e7ambique","robots":{"index":"index","follow":"follow","max-snippet":"max-snippet:-1","max-image-preview":"max-image-preview:large","max-video-preview":"max-video-preview:-1"},"canonical":"https:\/\/www.cfm.co.mz\/en\/2019\/04\/12\/reunida-em-conselho-de-directores-cfm-faz-balanco-positivo-de-2018-e-perspectiva-o-futuro-da-empresa\/","og_locale":"en_US","og_type":"article","og_title":"CFM faz balan\u00e7o positivo de 2018 e perspectiva o futuro da empresa - CFM - Caminhos De Ferros de Mo\u00e7ambique","og_description":"Reunida em XXIII Conselho de Directores, nos dias 4 e 5 de Abril corrente, na Cidade de Maputo, a Empresa Portos e Caminhos de Ferro de Mo\u00e7ambique (CFM) anunciou ter alcan\u00e7ado um total de rendimentos e ganhos de 18.8 mil milh\u00f5es de meticais, o que representa um cumprimento de 100% do planificado para o ano de 2018, cujos resultados operacionais se mostram positivos ao se situarem em cerca de 2.5 mil milh\u00f5es de meticais. Segundo o Presidente do Conselho de Administra\u00e7\u00e3o do CFM, Eng. Miguel Matabel, que iniciou a sua interven\u00e7\u00e3o com uma homenagem \u00e0s v\u00edtimas do ciclone tropical Idai, estes resultados foram conseguidos gra\u00e7as ao empenho de todos os colaboradores, desde o n\u00edvel estrat\u00e9gico ao operacional.","og_url":"https:\/\/www.cfm.co.mz\/en\/2019\/04\/12\/reunida-em-conselho-de-directores-cfm-faz-balanco-positivo-de-2018-e-perspectiva-o-futuro-da-empresa\/","og_site_name":"CFM - Caminhos De Ferros de Mo\u00e7ambique","article_publisher":"https:\/\/www.facebook.com\/CFMMoz","article_published_time":"2019-04-12T14:54:15+00:00","og_image":[{"width":1800,"height":1200,"url":"https:\/\/www.cfm.co.mz\/wp-content\/uploads\/2019\/04\/Conselho_de_Directores_2019_Foto_Familia.jpg","type":"image\/jpeg"}],"author":"D\u00e9rcio Badru","twitter_card":"summary_large_image","twitter_misc":{"Written by":"D\u00e9rcio Badru","Est. reading time":"4 minutes"},"schema":{"@context":"https:\/\/schema.org","@graph":[{"@type":"Article","@id":"https:\/\/www.cfm.co.mz\/2019\/04\/12\/reunida-em-conselho-de-directores-cfm-faz-balanco-positivo-de-2018-e-perspectiva-o-futuro-da-empresa\/#article","isPartOf":{"@id":"https:\/\/www.cfm.co.mz\/2019\/04\/12\/reunida-em-conselho-de-directores-cfm-faz-balanco-positivo-de-2018-e-perspectiva-o-futuro-da-empresa\/"},"author":{"name":"D\u00e9rcio Badru","@id":"https:\/\/www.cfm.co.mz\/#\/schema\/person\/1bb663f3c59dc61900f6f9b1c2b53552"},"headline":"CFM faz balan\u00e7o positivo de 2018 e perspectiva o futuro da empresa","datePublished":"2019-04-12T14:54:15+00:00","mainEntityOfPage":{"@id":"https:\/\/www.cfm.co.mz\/2019\/04\/12\/reunida-em-conselho-de-directores-cfm-faz-balanco-positivo-de-2018-e-perspectiva-o-futuro-da-empresa\/"},"wordCount":756,"commentCount":0,"publisher":{"@id":"https:\/\/www.cfm.co.mz\/#organization"},"image":{"@id":"https:\/\/www.cfm.co.mz\/2019\/04\/12\/reunida-em-conselho-de-directores-cfm-faz-balanco-positivo-de-2018-e-perspectiva-o-futuro-da-empresa\/#primaryimage"},"thumbnailUrl":"https:\/\/www.cfm.co.mz\/wp-content\/uploads\/2019\/04\/Conselho_de_Directores_2019_Foto_Familia.jpg","articleSection":["Noticias"],"inLanguage":"en-US","potentialAction":[{"@type":"CommentAction","name":"Comment","target":["https:\/\/www.cfm.co.mz\/2019\/04\/12\/reunida-em-conselho-de-directores-cfm-faz-balanco-positivo-de-2018-e-perspectiva-o-futuro-da-empresa\/#respond"]}]},{"@type":"WebPage","@id":"https:\/\/www.cfm.co.mz\/2019\/04\/12\/reunida-em-conselho-de-directores-cfm-faz-balanco-positivo-de-2018-e-perspectiva-o-futuro-da-empresa\/","url":"https:\/\/www.cfm.co.mz\/2019\/04\/12\/reunida-em-conselho-de-directores-cfm-faz-balanco-positivo-de-2018-e-perspectiva-o-futuro-da-empresa\/","name":"CFM faz balan\u00e7o positivo de 2018 e perspectiva o futuro da empresa - CFM - Caminhos De Ferros de Mo\u00e7ambique","isPartOf":{"@id":"https:\/\/www.cfm.co.mz\/#website"},"primaryImageOfPage":{"@id":"https:\/\/www.cfm.co.mz\/2019\/04\/12\/reunida-em-conselho-de-directores-cfm-faz-balanco-positivo-de-2018-e-perspectiva-o-futuro-da-empresa\/#primaryimage"},"image":{"@id":"https:\/\/www.cfm.co.mz\/2019\/04\/12\/reunida-em-conselho-de-directores-cfm-faz-balanco-positivo-de-2018-e-perspectiva-o-futuro-da-empresa\/#primaryimage"},"thumbnailUrl":"https:\/\/www.cfm.co.mz\/wp-content\/uploads\/2019\/04\/Conselho_de_Directores_2019_Foto_Familia.jpg","datePublished":"2019-04-12T14:54:15+00:00","breadcrumb":{"@id":"https:\/\/www.cfm.co.mz\/2019\/04\/12\/reunida-em-conselho-de-directores-cfm-faz-balanco-positivo-de-2018-e-perspectiva-o-futuro-da-empresa\/#breadcrumb"},"inLanguage":"en-US","potentialAction":[{"@type":"ReadAction","target":["https:\/\/www.cfm.co.mz\/2019\/04\/12\/reunida-em-conselho-de-directores-cfm-faz-balanco-positivo-de-2018-e-perspectiva-o-futuro-da-empresa\/"]}]},{"@type":"ImageObject","inLanguage":"en-US","@id":"https:\/\/www.cfm.co.mz\/2019\/04\/12\/reunida-em-conselho-de-directores-cfm-faz-balanco-positivo-de-2018-e-perspectiva-o-futuro-da-empresa\/#primaryimage","url":"https:\/\/www.cfm.co.mz\/wp-content\/uploads\/2019\/04\/Conselho_de_Directores_2019_Foto_Familia.jpg","contentUrl":"https:\/\/www.cfm.co.mz\/wp-content\/uploads\/2019\/04\/Conselho_de_Directores_2019_Foto_Familia.jpg","width":1800,"height":1200,"caption":"Conselho de Directores 2019 Foto Familia"},{"@type":"BreadcrumbList","@id":"https:\/\/www.cfm.co.mz\/2019\/04\/12\/reunida-em-conselho-de-directores-cfm-faz-balanco-positivo-de-2018-e-perspectiva-o-futuro-da-empresa\/#breadcrumb","itemListElement":[{"@type":"ListItem","position":1,"name":"Home","item":"https:\/\/www.cfm.co.mz\/"},{"@type":"ListItem","position":2,"name":"CFM faz balan\u00e7o positivo de 2018 e perspectiva o futuro da empresa"}]},{"@type":"WebSite","@id":"https:\/\/www.cfm.co.mz\/#website","url":"https:\/\/www.cfm.co.mz\/","name":"CFM - Caminhos De Ferros de Mo\u00e7ambique","description":"Ampliando Horizontes","publisher":{"@id":"https:\/\/www.cfm.co.mz\/#organization"},"potentialAction":[{"@type":"SearchAction","target":{"@type":"EntryPoint","urlTemplate":"https:\/\/www.cfm.co.mz\/?s={search_term_string}"},"query-input":{"@type":"PropertyValueSpecification","valueRequired":true,"valueName":"search_term_string"}}],"inLanguage":"en-US"},{"@type":"Organization","@id":"https:\/\/www.cfm.co.mz\/#organization","name":"CFM - Caminhos De Ferros de Mo\u00e7ambique","url":"https:\/\/www.cfm.co.mz\/","logo":{"@type":"ImageObject","inLanguage":"en-US","@id":"https:\/\/www.cfm.co.mz\/#\/schema\/logo\/image\/","url":"https:\/\/www.cfm.co.mz\/wp-content\/uploads\/2025\/07\/be5f0679-4f5b-4d02-9719-a26ceed29162.jpg","contentUrl":"https:\/\/www.cfm.co.mz\/wp-content\/uploads\/2025\/07\/be5f0679-4f5b-4d02-9719-a26ceed29162.jpg","width":400,"height":65,"caption":"CFM - Caminhos De Ferros de Mo\u00e7ambique"},"image":{"@id":"https:\/\/www.cfm.co.mz\/#\/schema\/logo\/image\/"},"sameAs":["https:\/\/www.facebook.com\/CFMMoz","https:\/\/www.linkedin.com\/company\/caminhos-de-ferro-de-moambique\/"]},{"@type":"Person","@id":"https:\/\/www.cfm.co.mz\/#\/schema\/person\/1bb663f3c59dc61900f6f9b1c2b53552","name":"D\u00e9rcio Badru","image":{"@type":"ImageObject","inLanguage":"en-US","@id":"https:\/\/www.cfm.co.mz\/#\/schema\/person\/image\/","url":"https:\/\/www.cfm.co.mz\/wp-content\/litespeed\/avatar\/be89d6955942d7259ef76de4577d21b3.jpg?ver=1777454359","contentUrl":"https:\/\/www.cfm.co.mz\/wp-content\/litespeed\/avatar\/be89d6955942d7259ef76de4577d21b3.jpg?ver=1777454359","caption":"D\u00e9rcio Badru"},"url":"https:\/\/www.cfm.co.mz\/en\/author\/dercio\/"}]}},"_links":{"self":[{"href":"https:\/\/www.cfm.co.mz\/en\/wp-json\/wp\/v2\/posts\/9064","targetHints":{"allow":["GET"]}}],"collection":[{"href":"https:\/\/www.cfm.co.mz\/en\/wp-json\/wp\/v2\/posts"}],"about":[{"href":"https:\/\/www.cfm.co.mz\/en\/wp-json\/wp\/v2\/types\/post"}],"author":[{"embeddable":true,"href":"https:\/\/www.cfm.co.mz\/en\/wp-json\/wp\/v2\/users\/94"}],"replies":[{"embeddable":true,"href":"https:\/\/www.cfm.co.mz\/en\/wp-json\/wp\/v2\/comments?post=9064"}],"version-history":[{"count":0,"href":"https:\/\/www.cfm.co.mz\/en\/wp-json\/wp\/v2\/posts\/9064\/revisions"}],"wp:featuredmedia":[{"embeddable":true,"href":"https:\/\/www.cfm.co.mz\/en\/wp-json\/wp\/v2\/media\/9061"}],"wp:attachment":[{"href":"https:\/\/www.cfm.co.mz\/en\/wp-json\/wp\/v2\/media?parent=9064"}],"wp:term":[{"taxonomy":"category","embeddable":true,"href":"https:\/\/www.cfm.co.mz\/en\/wp-json\/wp\/v2\/categories?post=9064"},{"taxonomy":"post_tag","embeddable":true,"href":"https:\/\/www.cfm.co.mz\/en\/wp-json\/wp\/v2\/tags?post=9064"}],"curies":[{"name":"wp","href":"https:\/\/api.w.org\/{rel}","templated":true}]}}