{"id":9060,"date":"2019-04-12T14:49:04","date_gmt":"2019-04-12T14:49:04","guid":{"rendered":"https:\/\/www.cfm.co.mz\/2019\/04\/12\/cfm-rende-homenagem-e-junta-se-ao-movimento-para-apoiar-as-vitimas-do-ciclone-idai\/"},"modified":"2019-04-12T14:49:04","modified_gmt":"2019-04-12T14:49:04","slug":"cfm-rende-homenagem-e-junta-se-ao-movimento-para-apoiar-as-vitimas-do-ciclone-idai","status":"publish","type":"post","link":"https:\/\/www.cfm.co.mz\/en\/2019\/04\/12\/cfm-rende-homenagem-e-junta-se-ao-movimento-para-apoiar-as-vitimas-do-ciclone-idai\/","title":{"rendered":"CFM rende homenagem e junta-se ao movimento para apoiar \u00e0s vitimas do ciclone Idai"},"content":{"rendered":"<p><a href=\"http:\/\/www.cfm.co.mz\/wp-content\/uploads\/2019\/04\/Conselho_de_Directores_2019_Eng_Matabel_1.jpg\" type=\"image\/jpeg\" class=\"jcepopup zoom-bottom-right\" data-mediabox=\"1\" data-mediabox-width=\"800\" data-mediabox-height=\"600\" data-mediabox-caption=\"Eng. Jos\u00e9 Miguel Matabel, PCA do CFM, intervindo no XXIII Conselho de Directores da empresa\"><img decoding=\"async\" src=\"http:\/\/www.cfm.co.mz\/wp-content\/uploads\/2019\/04\/Conselho_de_Directores_2019_Eng_Matabel_1.jpg\" alt=\"Conselho de Directores 2019 Eng Matabel 1\" width=\"250\" height=\"167\" style=\"margin: 5px; float: right;\" \/><\/a>O Presidente do Conselho de Administra\u00e7\u00e3o (PCA) dos CFM, Eng. Miguel Matabel pediu um minuto de sil\u00eancio, na Abertura do XII Conselho de Directores da Empresa, em homenagem aos concidad\u00e3os que perderam e continuam a perder a vida, em consequ\u00eancia da passagem do ciclone tropical IDAI, na Zona Centro, designadamente, nas prov\u00edncias de Sofala, Manica, Tete e Zamb\u00e9zia.<\/p>\n<p style=\"text-align: justify;\">O XIII Conselho de Directores que anteriormente estava marcado para se realizar na Cidade da Beira, foi transferido para a Cidade de Maputo e decorreu nos dias 4 e 5 de Abril corrente, na ocasi\u00e3o o PCA dos CFM reiterou a solidariedade para com os colegas do CFM &#8211; Centro que, tal como a popula\u00e7\u00e3o em geral daquela prov\u00edncia, tamb\u00e9m foram afectados pelos efeitos do ciclone Idai e disse que, a n\u00edvel do Conselho de Administra\u00e7\u00e3o, algumas medidas espec\u00edficas foram orientadas para fazer frente \u00e0 recupera\u00e7\u00e3o dos estragos que os colegas tiveram.<\/p>\n<p><!--more--><\/p>\n<p style=\"text-align: justify;\">Ap\u00f3s a passagem do ciclone tropical IDAI, no dia 14 de Mar\u00e7o do ano em curso, tendo afectado a zona Centro do pa\u00eds e com registo de mais de 600 mortos e 1.522 feridos, mais de 135 mil pessoas a viverem em 159 centros de acolhimento, a Empresa Portos e Caminhos de Ferro de Mo\u00e7ambique (CFM) e seus trabalhadores juntaram-se aos esfor\u00e7os da comunidade nacional e internacional para mitigar os danos deste fen\u00f3meno devastador.<\/p>\n<p style=\"text-align: justify;\">No quadro das medidas tomadas pelo Governo e que inclu\u00edram a redu\u00e7\u00e3o de taxas em electricidade e transportes, assist\u00eancia m\u00e9dica gratuita e redistribui\u00e7\u00e3o do livro escolar gratuito, nos transportes ferrovi\u00e1rios os passageiros das linhas de Sena e Machipanda bem como no transporte de materiais de constru\u00e7\u00e3o, a tarifa reduziu 50%.<\/p>\n<p style=\"text-align: justify;\">Os CFM ao assumir esta medida de redu\u00e7\u00e3o das tarifas para os comboios de mercadorias (material de constru\u00e7\u00e3o) e passageiros, procura dar resposta \u00e0s necessidades da popula\u00e7\u00e3o afectada pelo ciclone, contribuindo, deste modo, para minorar a ang\u00fastia e o sofrimento de milhares de cidad\u00e3os que diariamente procuram reerguer-se do desastre natural.<\/p>\n<p style=\"text-align: justify;\">Embora o transporte de passageiros \u00e9 exercido como de responsabilidade social, uma vez que os CFM comparticipavam com 85% do custo da passagem, cabendo ao passageiro apenas os restantes 15%, antes da actual medida de redu\u00e7\u00e3o a 50%, reveste-se de grande import\u00e2ncia para a direc\u00e7\u00e3o e constitui uma das prioridades dentro da pol\u00edtica estrat\u00e9gica dos CFM.<\/p>\n<p style=\"text-align: justify;\">Por seu turno, os trabalhadores da empresa dos CFM da zona Norte e Sul contribu\u00edram grande quantidade de diversos bens e produtos alimentares n\u00e3o perec\u00edveis, cuja entrega foi canalizada ao Instituto Nacional de Gest\u00e3o de Calamidades (INGC) na Beira.<\/p>\n<p style=\"text-align: justify;\">Trata-se de produtos alimentares como arroz, farinha de milho, \u00f3leo, \u00e1gua, produtos de higiene, roupas e cal\u00e7ados em quantidade n\u00e3o especificado doados pelos trabalhadores numa campanha que decorreu sob o signo: <strong>\u00c9 com amor e solidariedade que construiremos um mundo melhor. Avante CFM.<\/strong><\/p>\n<p style=\"text-align: justify;\">A contribui\u00e7\u00e3o foi coordenada pelo Gabinete de Comunica\u00e7\u00e3o e Imagem e contou com a colabora\u00e7\u00e3o do Sindicato Nacional dos Portos e Caminhos de Ferro (SINPOCAF).<\/p>\n<p style=\"text-align: justify;\">Refira-se que o ciclone tropical Idai foi uma depress\u00e3o tropical caracterizada pelas chuvas e ventos fortes com velocidade que atingiu at\u00e9 200 K\/h e afectou as prov\u00edncias de Sofala, Zamb\u00e9zia, Manica e Tete em Mo\u00e7ambique, assim como os pa\u00edses vizinhos de Malawi e Zimbabwe.<\/p>","protected":false},"excerpt":{"rendered":"<p>O Presidente do Conselho de Administra\u00e7\u00e3o (PCA) dos CFM, Eng. Miguel Matabel pediu um minuto de sil\u00eancio, na Abertura do XII Conselho de Directores da Empresa, em homenagem aos concidad\u00e3os que perderam e continuam a perder a vida, em consequ\u00eancia da passagem do ciclone tropical IDAI, na Zona Centro, designadamente, nas prov\u00edncias de Sofala, Manica, Tete e Zamb\u00e9zia. O XIII Conselho de Directores que anteriormente estava marcado para se realizar na Cidade da Beira, foi transferido para a Cidade de Maputo e decorreu nos dias 4 e 5 de Abril corrente, na ocasi\u00e3o o PCA dos CFM reiterou a solidariedade para com os colegas do CFM &#8211; Centro que, tal como a popula\u00e7\u00e3o em geral daquela prov\u00edncia, tamb\u00e9m foram afectados pelos efeitos do ciclone Idai e disse que, a n\u00edvel do Conselho de Administra\u00e7\u00e3o, algumas medidas espec\u00edficas foram orientadas para fazer frente \u00e0 recupera\u00e7\u00e3o dos estragos que os colegas tiveram.<\/p>","protected":false},"author":94,"featured_media":9056,"comment_status":"open","ping_status":"open","sticky":false,"template":"","format":"standard","meta":{"_acf_changed":false,"pgc_sgb_lightbox_settings":"","footnotes":""},"categories":[680],"tags":[],"class_list":["post-9060","post","type-post","status-publish","format-standard","has-post-thumbnail","hentry","category-noticias"],"acf":[],"yoast_head":"<!-- This site is optimized with the Yoast SEO plugin v26.5 - https:\/\/yoast.com\/wordpress\/plugins\/seo\/ -->\n<title>CFM rende homenagem e junta-se ao movimento para apoiar \u00e0s vitimas do ciclone Idai - CFM - Caminhos De Ferros de Mo\u00e7ambique<\/title>\n<meta name=\"robots\" content=\"index, follow, max-snippet:-1, max-image-preview:large, max-video-preview:-1\" \/>\n<link rel=\"canonical\" href=\"https:\/\/www.cfm.co.mz\/en\/2019\/04\/12\/cfm-rende-homenagem-e-junta-se-ao-movimento-para-apoiar-as-vitimas-do-ciclone-idai\/\" \/>\n<meta property=\"og:locale\" content=\"en_US\" \/>\n<meta property=\"og:type\" content=\"article\" \/>\n<meta property=\"og:title\" content=\"CFM rende homenagem e junta-se ao movimento para apoiar \u00e0s vitimas do ciclone Idai - CFM - Caminhos De Ferros de Mo\u00e7ambique\" \/>\n<meta property=\"og:description\" content=\"O Presidente do Conselho de Administra\u00e7\u00e3o (PCA) dos CFM, Eng. Miguel Matabel pediu um minuto de sil\u00eancio, na Abertura do XII Conselho de Directores da Empresa, em homenagem aos concidad\u00e3os que perderam e continuam a perder a vida, em consequ\u00eancia da passagem do ciclone tropical IDAI, na Zona Centro, designadamente, nas prov\u00edncias de Sofala, Manica, Tete e Zamb\u00e9zia. O XIII Conselho de Directores que anteriormente estava marcado para se realizar na Cidade da Beira, foi transferido para a Cidade de Maputo e decorreu nos dias 4 e 5 de Abril corrente, na ocasi\u00e3o o PCA dos CFM reiterou a solidariedade para com os colegas do CFM &#8211; Centro que, tal como a popula\u00e7\u00e3o em geral daquela prov\u00edncia, tamb\u00e9m foram afectados pelos efeitos do ciclone Idai e disse que, a n\u00edvel do Conselho de Administra\u00e7\u00e3o, algumas medidas espec\u00edficas foram orientadas para fazer frente \u00e0 recupera\u00e7\u00e3o dos estragos que os colegas tiveram.\" \/>\n<meta property=\"og:url\" content=\"https:\/\/www.cfm.co.mz\/en\/2019\/04\/12\/cfm-rende-homenagem-e-junta-se-ao-movimento-para-apoiar-as-vitimas-do-ciclone-idai\/\" \/>\n<meta property=\"og:site_name\" content=\"CFM - Caminhos De Ferros de Mo\u00e7ambique\" \/>\n<meta property=\"article:publisher\" content=\"https:\/\/www.facebook.com\/CFMMoz\" \/>\n<meta property=\"article:published_time\" content=\"2019-04-12T14:49:04+00:00\" \/>\n<meta property=\"og:image\" content=\"https:\/\/www.cfm.co.mz\/wp-content\/uploads\/2019\/04\/Conselho_de_Directores_2019_Eng_Matabel_1.jpg\" \/>\n\t<meta property=\"og:image:width\" content=\"1800\" \/>\n\t<meta property=\"og:image:height\" content=\"1200\" \/>\n\t<meta property=\"og:image:type\" content=\"image\/jpeg\" \/>\n<meta name=\"author\" content=\"D\u00e9rcio Badru\" \/>\n<meta name=\"twitter:card\" content=\"summary_large_image\" \/>\n<meta name=\"twitter:label1\" content=\"Written by\" \/>\n\t<meta name=\"twitter:data1\" content=\"D\u00e9rcio Badru\" \/>\n\t<meta name=\"twitter:label2\" content=\"Est. reading time\" \/>\n\t<meta name=\"twitter:data2\" content=\"3 minutes\" \/>\n<script type=\"application\/ld+json\" class=\"yoast-schema-graph\">{\"@context\":\"https:\/\/schema.org\",\"@graph\":[{\"@type\":\"Article\",\"@id\":\"https:\/\/www.cfm.co.mz\/2019\/04\/12\/cfm-rende-homenagem-e-junta-se-ao-movimento-para-apoiar-as-vitimas-do-ciclone-idai\/#article\",\"isPartOf\":{\"@id\":\"https:\/\/www.cfm.co.mz\/2019\/04\/12\/cfm-rende-homenagem-e-junta-se-ao-movimento-para-apoiar-as-vitimas-do-ciclone-idai\/\"},\"author\":{\"name\":\"D\u00e9rcio Badru\",\"@id\":\"https:\/\/www.cfm.co.mz\/#\/schema\/person\/1bb663f3c59dc61900f6f9b1c2b53552\"},\"headline\":\"CFM rende homenagem e junta-se ao movimento para apoiar \u00e0s vitimas do ciclone Idai\",\"datePublished\":\"2019-04-12T14:49:04+00:00\",\"mainEntityOfPage\":{\"@id\":\"https:\/\/www.cfm.co.mz\/2019\/04\/12\/cfm-rende-homenagem-e-junta-se-ao-movimento-para-apoiar-as-vitimas-do-ciclone-idai\/\"},\"wordCount\":583,\"commentCount\":0,\"publisher\":{\"@id\":\"https:\/\/www.cfm.co.mz\/#organization\"},\"image\":{\"@id\":\"https:\/\/www.cfm.co.mz\/2019\/04\/12\/cfm-rende-homenagem-e-junta-se-ao-movimento-para-apoiar-as-vitimas-do-ciclone-idai\/#primaryimage\"},\"thumbnailUrl\":\"https:\/\/www.cfm.co.mz\/wp-content\/uploads\/2019\/04\/Conselho_de_Directores_2019_Eng_Matabel_1.jpg\",\"articleSection\":[\"Noticias\"],\"inLanguage\":\"en-US\",\"potentialAction\":[{\"@type\":\"CommentAction\",\"name\":\"Comment\",\"target\":[\"https:\/\/www.cfm.co.mz\/2019\/04\/12\/cfm-rende-homenagem-e-junta-se-ao-movimento-para-apoiar-as-vitimas-do-ciclone-idai\/#respond\"]}]},{\"@type\":\"WebPage\",\"@id\":\"https:\/\/www.cfm.co.mz\/2019\/04\/12\/cfm-rende-homenagem-e-junta-se-ao-movimento-para-apoiar-as-vitimas-do-ciclone-idai\/\",\"url\":\"https:\/\/www.cfm.co.mz\/2019\/04\/12\/cfm-rende-homenagem-e-junta-se-ao-movimento-para-apoiar-as-vitimas-do-ciclone-idai\/\",\"name\":\"CFM rende homenagem e junta-se ao movimento para apoiar \u00e0s vitimas do ciclone Idai - CFM - Caminhos De Ferros de Mo\u00e7ambique\",\"isPartOf\":{\"@id\":\"https:\/\/www.cfm.co.mz\/#website\"},\"primaryImageOfPage\":{\"@id\":\"https:\/\/www.cfm.co.mz\/2019\/04\/12\/cfm-rende-homenagem-e-junta-se-ao-movimento-para-apoiar-as-vitimas-do-ciclone-idai\/#primaryimage\"},\"image\":{\"@id\":\"https:\/\/www.cfm.co.mz\/2019\/04\/12\/cfm-rende-homenagem-e-junta-se-ao-movimento-para-apoiar-as-vitimas-do-ciclone-idai\/#primaryimage\"},\"thumbnailUrl\":\"https:\/\/www.cfm.co.mz\/wp-content\/uploads\/2019\/04\/Conselho_de_Directores_2019_Eng_Matabel_1.jpg\",\"datePublished\":\"2019-04-12T14:49:04+00:00\",\"breadcrumb\":{\"@id\":\"https:\/\/www.cfm.co.mz\/2019\/04\/12\/cfm-rende-homenagem-e-junta-se-ao-movimento-para-apoiar-as-vitimas-do-ciclone-idai\/#breadcrumb\"},\"inLanguage\":\"en-US\",\"potentialAction\":[{\"@type\":\"ReadAction\",\"target\":[\"https:\/\/www.cfm.co.mz\/2019\/04\/12\/cfm-rende-homenagem-e-junta-se-ao-movimento-para-apoiar-as-vitimas-do-ciclone-idai\/\"]}]},{\"@type\":\"ImageObject\",\"inLanguage\":\"en-US\",\"@id\":\"https:\/\/www.cfm.co.mz\/2019\/04\/12\/cfm-rende-homenagem-e-junta-se-ao-movimento-para-apoiar-as-vitimas-do-ciclone-idai\/#primaryimage\",\"url\":\"https:\/\/www.cfm.co.mz\/wp-content\/uploads\/2019\/04\/Conselho_de_Directores_2019_Eng_Matabel_1.jpg\",\"contentUrl\":\"https:\/\/www.cfm.co.mz\/wp-content\/uploads\/2019\/04\/Conselho_de_Directores_2019_Eng_Matabel_1.jpg\",\"width\":1800,\"height\":1200,\"caption\":\"Conselho de Directores 2019 Eng Matabel 1\"},{\"@type\":\"BreadcrumbList\",\"@id\":\"https:\/\/www.cfm.co.mz\/2019\/04\/12\/cfm-rende-homenagem-e-junta-se-ao-movimento-para-apoiar-as-vitimas-do-ciclone-idai\/#breadcrumb\",\"itemListElement\":[{\"@type\":\"ListItem\",\"position\":1,\"name\":\"Home\",\"item\":\"https:\/\/www.cfm.co.mz\/\"},{\"@type\":\"ListItem\",\"position\":2,\"name\":\"CFM rende homenagem e junta-se ao movimento para apoiar \u00e0s vitimas do ciclone Idai\"}]},{\"@type\":\"WebSite\",\"@id\":\"https:\/\/www.cfm.co.mz\/#website\",\"url\":\"https:\/\/www.cfm.co.mz\/\",\"name\":\"CFM - Caminhos De Ferros de Mo\u00e7ambique\",\"description\":\"Ampliando Horizontes\",\"publisher\":{\"@id\":\"https:\/\/www.cfm.co.mz\/#organization\"},\"potentialAction\":[{\"@type\":\"SearchAction\",\"target\":{\"@type\":\"EntryPoint\",\"urlTemplate\":\"https:\/\/www.cfm.co.mz\/?s={search_term_string}\"},\"query-input\":{\"@type\":\"PropertyValueSpecification\",\"valueRequired\":true,\"valueName\":\"search_term_string\"}}],\"inLanguage\":\"en-US\"},{\"@type\":\"Organization\",\"@id\":\"https:\/\/www.cfm.co.mz\/#organization\",\"name\":\"CFM - Caminhos De Ferros de Mo\u00e7ambique\",\"url\":\"https:\/\/www.cfm.co.mz\/\",\"logo\":{\"@type\":\"ImageObject\",\"inLanguage\":\"en-US\",\"@id\":\"https:\/\/www.cfm.co.mz\/#\/schema\/logo\/image\/\",\"url\":\"https:\/\/www.cfm.co.mz\/wp-content\/uploads\/2025\/07\/be5f0679-4f5b-4d02-9719-a26ceed29162.jpg\",\"contentUrl\":\"https:\/\/www.cfm.co.mz\/wp-content\/uploads\/2025\/07\/be5f0679-4f5b-4d02-9719-a26ceed29162.jpg\",\"width\":400,\"height\":65,\"caption\":\"CFM - Caminhos De Ferros de Mo\u00e7ambique\"},\"image\":{\"@id\":\"https:\/\/www.cfm.co.mz\/#\/schema\/logo\/image\/\"},\"sameAs\":[\"https:\/\/www.facebook.com\/CFMMoz\",\"https:\/\/www.linkedin.com\/company\/caminhos-de-ferro-de-moambique\/\"]},{\"@type\":\"Person\",\"@id\":\"https:\/\/www.cfm.co.mz\/#\/schema\/person\/1bb663f3c59dc61900f6f9b1c2b53552\",\"name\":\"D\u00e9rcio Badru\",\"image\":{\"@type\":\"ImageObject\",\"inLanguage\":\"en-US\",\"@id\":\"https:\/\/www.cfm.co.mz\/#\/schema\/person\/image\/\",\"url\":\"https:\/\/www.cfm.co.mz\/wp-content\/litespeed\/avatar\/be89d6955942d7259ef76de4577d21b3.jpg?ver=1777454359\",\"contentUrl\":\"https:\/\/www.cfm.co.mz\/wp-content\/litespeed\/avatar\/be89d6955942d7259ef76de4577d21b3.jpg?ver=1777454359\",\"caption\":\"D\u00e9rcio Badru\"},\"url\":\"https:\/\/www.cfm.co.mz\/en\/author\/dercio\/\"}]}<\/script>\n<!-- \/ Yoast SEO plugin. -->","yoast_head_json":{"title":"CFM rende homenagem e junta-se ao movimento para apoiar \u00e0s vitimas do ciclone Idai - CFM - Caminhos De Ferros de Mo\u00e7ambique","robots":{"index":"index","follow":"follow","max-snippet":"max-snippet:-1","max-image-preview":"max-image-preview:large","max-video-preview":"max-video-preview:-1"},"canonical":"https:\/\/www.cfm.co.mz\/en\/2019\/04\/12\/cfm-rende-homenagem-e-junta-se-ao-movimento-para-apoiar-as-vitimas-do-ciclone-idai\/","og_locale":"en_US","og_type":"article","og_title":"CFM rende homenagem e junta-se ao movimento para apoiar \u00e0s vitimas do ciclone Idai - CFM - Caminhos De Ferros de Mo\u00e7ambique","og_description":"O Presidente do Conselho de Administra\u00e7\u00e3o (PCA) dos CFM, Eng. Miguel Matabel pediu um minuto de sil\u00eancio, na Abertura do XII Conselho de Directores da Empresa, em homenagem aos concidad\u00e3os que perderam e continuam a perder a vida, em consequ\u00eancia da passagem do ciclone tropical IDAI, na Zona Centro, designadamente, nas prov\u00edncias de Sofala, Manica, Tete e Zamb\u00e9zia. O XIII Conselho de Directores que anteriormente estava marcado para se realizar na Cidade da Beira, foi transferido para a Cidade de Maputo e decorreu nos dias 4 e 5 de Abril corrente, na ocasi\u00e3o o PCA dos CFM reiterou a solidariedade para com os colegas do CFM &#8211; Centro que, tal como a popula\u00e7\u00e3o em geral daquela prov\u00edncia, tamb\u00e9m foram afectados pelos efeitos do ciclone Idai e disse que, a n\u00edvel do Conselho de Administra\u00e7\u00e3o, algumas medidas espec\u00edficas foram orientadas para fazer frente \u00e0 recupera\u00e7\u00e3o dos estragos que os colegas tiveram.","og_url":"https:\/\/www.cfm.co.mz\/en\/2019\/04\/12\/cfm-rende-homenagem-e-junta-se-ao-movimento-para-apoiar-as-vitimas-do-ciclone-idai\/","og_site_name":"CFM - Caminhos De Ferros de Mo\u00e7ambique","article_publisher":"https:\/\/www.facebook.com\/CFMMoz","article_published_time":"2019-04-12T14:49:04+00:00","og_image":[{"width":1800,"height":1200,"url":"https:\/\/www.cfm.co.mz\/wp-content\/uploads\/2019\/04\/Conselho_de_Directores_2019_Eng_Matabel_1.jpg","type":"image\/jpeg"}],"author":"D\u00e9rcio Badru","twitter_card":"summary_large_image","twitter_misc":{"Written by":"D\u00e9rcio Badru","Est. reading time":"3 minutes"},"schema":{"@context":"https:\/\/schema.org","@graph":[{"@type":"Article","@id":"https:\/\/www.cfm.co.mz\/2019\/04\/12\/cfm-rende-homenagem-e-junta-se-ao-movimento-para-apoiar-as-vitimas-do-ciclone-idai\/#article","isPartOf":{"@id":"https:\/\/www.cfm.co.mz\/2019\/04\/12\/cfm-rende-homenagem-e-junta-se-ao-movimento-para-apoiar-as-vitimas-do-ciclone-idai\/"},"author":{"name":"D\u00e9rcio Badru","@id":"https:\/\/www.cfm.co.mz\/#\/schema\/person\/1bb663f3c59dc61900f6f9b1c2b53552"},"headline":"CFM rende homenagem e junta-se ao movimento para apoiar \u00e0s vitimas do ciclone Idai","datePublished":"2019-04-12T14:49:04+00:00","mainEntityOfPage":{"@id":"https:\/\/www.cfm.co.mz\/2019\/04\/12\/cfm-rende-homenagem-e-junta-se-ao-movimento-para-apoiar-as-vitimas-do-ciclone-idai\/"},"wordCount":583,"commentCount":0,"publisher":{"@id":"https:\/\/www.cfm.co.mz\/#organization"},"image":{"@id":"https:\/\/www.cfm.co.mz\/2019\/04\/12\/cfm-rende-homenagem-e-junta-se-ao-movimento-para-apoiar-as-vitimas-do-ciclone-idai\/#primaryimage"},"thumbnailUrl":"https:\/\/www.cfm.co.mz\/wp-content\/uploads\/2019\/04\/Conselho_de_Directores_2019_Eng_Matabel_1.jpg","articleSection":["Noticias"],"inLanguage":"en-US","potentialAction":[{"@type":"CommentAction","name":"Comment","target":["https:\/\/www.cfm.co.mz\/2019\/04\/12\/cfm-rende-homenagem-e-junta-se-ao-movimento-para-apoiar-as-vitimas-do-ciclone-idai\/#respond"]}]},{"@type":"WebPage","@id":"https:\/\/www.cfm.co.mz\/2019\/04\/12\/cfm-rende-homenagem-e-junta-se-ao-movimento-para-apoiar-as-vitimas-do-ciclone-idai\/","url":"https:\/\/www.cfm.co.mz\/2019\/04\/12\/cfm-rende-homenagem-e-junta-se-ao-movimento-para-apoiar-as-vitimas-do-ciclone-idai\/","name":"CFM rende homenagem e junta-se ao movimento para apoiar \u00e0s vitimas do ciclone Idai - CFM - Caminhos De Ferros de Mo\u00e7ambique","isPartOf":{"@id":"https:\/\/www.cfm.co.mz\/#website"},"primaryImageOfPage":{"@id":"https:\/\/www.cfm.co.mz\/2019\/04\/12\/cfm-rende-homenagem-e-junta-se-ao-movimento-para-apoiar-as-vitimas-do-ciclone-idai\/#primaryimage"},"image":{"@id":"https:\/\/www.cfm.co.mz\/2019\/04\/12\/cfm-rende-homenagem-e-junta-se-ao-movimento-para-apoiar-as-vitimas-do-ciclone-idai\/#primaryimage"},"thumbnailUrl":"https:\/\/www.cfm.co.mz\/wp-content\/uploads\/2019\/04\/Conselho_de_Directores_2019_Eng_Matabel_1.jpg","datePublished":"2019-04-12T14:49:04+00:00","breadcrumb":{"@id":"https:\/\/www.cfm.co.mz\/2019\/04\/12\/cfm-rende-homenagem-e-junta-se-ao-movimento-para-apoiar-as-vitimas-do-ciclone-idai\/#breadcrumb"},"inLanguage":"en-US","potentialAction":[{"@type":"ReadAction","target":["https:\/\/www.cfm.co.mz\/2019\/04\/12\/cfm-rende-homenagem-e-junta-se-ao-movimento-para-apoiar-as-vitimas-do-ciclone-idai\/"]}]},{"@type":"ImageObject","inLanguage":"en-US","@id":"https:\/\/www.cfm.co.mz\/2019\/04\/12\/cfm-rende-homenagem-e-junta-se-ao-movimento-para-apoiar-as-vitimas-do-ciclone-idai\/#primaryimage","url":"https:\/\/www.cfm.co.mz\/wp-content\/uploads\/2019\/04\/Conselho_de_Directores_2019_Eng_Matabel_1.jpg","contentUrl":"https:\/\/www.cfm.co.mz\/wp-content\/uploads\/2019\/04\/Conselho_de_Directores_2019_Eng_Matabel_1.jpg","width":1800,"height":1200,"caption":"Conselho de Directores 2019 Eng Matabel 1"},{"@type":"BreadcrumbList","@id":"https:\/\/www.cfm.co.mz\/2019\/04\/12\/cfm-rende-homenagem-e-junta-se-ao-movimento-para-apoiar-as-vitimas-do-ciclone-idai\/#breadcrumb","itemListElement":[{"@type":"ListItem","position":1,"name":"Home","item":"https:\/\/www.cfm.co.mz\/"},{"@type":"ListItem","position":2,"name":"CFM rende homenagem e junta-se ao movimento para apoiar \u00e0s vitimas do ciclone Idai"}]},{"@type":"WebSite","@id":"https:\/\/www.cfm.co.mz\/#website","url":"https:\/\/www.cfm.co.mz\/","name":"CFM - Caminhos De Ferros de Mo\u00e7ambique","description":"Ampliando Horizontes","publisher":{"@id":"https:\/\/www.cfm.co.mz\/#organization"},"potentialAction":[{"@type":"SearchAction","target":{"@type":"EntryPoint","urlTemplate":"https:\/\/www.cfm.co.mz\/?s={search_term_string}"},"query-input":{"@type":"PropertyValueSpecification","valueRequired":true,"valueName":"search_term_string"}}],"inLanguage":"en-US"},{"@type":"Organization","@id":"https:\/\/www.cfm.co.mz\/#organization","name":"CFM - Caminhos De Ferros de Mo\u00e7ambique","url":"https:\/\/www.cfm.co.mz\/","logo":{"@type":"ImageObject","inLanguage":"en-US","@id":"https:\/\/www.cfm.co.mz\/#\/schema\/logo\/image\/","url":"https:\/\/www.cfm.co.mz\/wp-content\/uploads\/2025\/07\/be5f0679-4f5b-4d02-9719-a26ceed29162.jpg","contentUrl":"https:\/\/www.cfm.co.mz\/wp-content\/uploads\/2025\/07\/be5f0679-4f5b-4d02-9719-a26ceed29162.jpg","width":400,"height":65,"caption":"CFM - Caminhos De Ferros de Mo\u00e7ambique"},"image":{"@id":"https:\/\/www.cfm.co.mz\/#\/schema\/logo\/image\/"},"sameAs":["https:\/\/www.facebook.com\/CFMMoz","https:\/\/www.linkedin.com\/company\/caminhos-de-ferro-de-moambique\/"]},{"@type":"Person","@id":"https:\/\/www.cfm.co.mz\/#\/schema\/person\/1bb663f3c59dc61900f6f9b1c2b53552","name":"D\u00e9rcio Badru","image":{"@type":"ImageObject","inLanguage":"en-US","@id":"https:\/\/www.cfm.co.mz\/#\/schema\/person\/image\/","url":"https:\/\/www.cfm.co.mz\/wp-content\/litespeed\/avatar\/be89d6955942d7259ef76de4577d21b3.jpg?ver=1777454359","contentUrl":"https:\/\/www.cfm.co.mz\/wp-content\/litespeed\/avatar\/be89d6955942d7259ef76de4577d21b3.jpg?ver=1777454359","caption":"D\u00e9rcio Badru"},"url":"https:\/\/www.cfm.co.mz\/en\/author\/dercio\/"}]}},"_links":{"self":[{"href":"https:\/\/www.cfm.co.mz\/en\/wp-json\/wp\/v2\/posts\/9060","targetHints":{"allow":["GET"]}}],"collection":[{"href":"https:\/\/www.cfm.co.mz\/en\/wp-json\/wp\/v2\/posts"}],"about":[{"href":"https:\/\/www.cfm.co.mz\/en\/wp-json\/wp\/v2\/types\/post"}],"author":[{"embeddable":true,"href":"https:\/\/www.cfm.co.mz\/en\/wp-json\/wp\/v2\/users\/94"}],"replies":[{"embeddable":true,"href":"https:\/\/www.cfm.co.mz\/en\/wp-json\/wp\/v2\/comments?post=9060"}],"version-history":[{"count":0,"href":"https:\/\/www.cfm.co.mz\/en\/wp-json\/wp\/v2\/posts\/9060\/revisions"}],"wp:featuredmedia":[{"embeddable":true,"href":"https:\/\/www.cfm.co.mz\/en\/wp-json\/wp\/v2\/media\/9056"}],"wp:attachment":[{"href":"https:\/\/www.cfm.co.mz\/en\/wp-json\/wp\/v2\/media?parent=9060"}],"wp:term":[{"taxonomy":"category","embeddable":true,"href":"https:\/\/www.cfm.co.mz\/en\/wp-json\/wp\/v2\/categories?post=9060"},{"taxonomy":"post_tag","embeddable":true,"href":"https:\/\/www.cfm.co.mz\/en\/wp-json\/wp\/v2\/tags?post=9060"}],"curies":[{"name":"wp","href":"https:\/\/api.w.org\/{rel}","templated":true}]}}