{"id":9052,"date":"2019-03-18T19:26:23","date_gmt":"2019-03-18T19:26:23","guid":{"rendered":"https:\/\/www.cfm.co.mz\/2019\/03\/18\/mocambique-e-eswatini-removem-as-barreiras-alfandegarias-na-linha-de-goba\/"},"modified":"2019-03-18T19:26:23","modified_gmt":"2019-03-18T19:26:23","slug":"mocambique-e-eswatini-removem-as-barreiras-alfandegarias-na-linha-de-goba","status":"publish","type":"post","link":"https:\/\/www.cfm.co.mz\/en\/2019\/03\/18\/mocambique-e-eswatini-removem-as-barreiras-alfandegarias-na-linha-de-goba\/","title":{"rendered":"Mo\u00e7ambique e eSwatini removem as barreiras alfandeg\u00e1rias na Linha de Goba"},"content":{"rendered":"<p style=\"text-align: justify;\"><a href=\"http:\/\/www.cfm.co.mz\/wp-content\/uploads\/2019\/03\/Linha_de_Goba.jpg\" type=\"image\/jpeg\" class=\"jcepopup\" data-mediabox=\"1\"><img decoding=\"async\" src=\"http:\/\/www.cfm.co.mz\/wp-content\/uploads\/2019\/03\/Linha_de_Goba.jpg\" alt=\"Linha de Goba\" width=\"250\" height=\"167\" style=\"margin: 5px; float: left;\" \/><\/a>Os neg\u00f3cios transfronteiri\u00e7os entre Mo\u00e7ambique e Eswatini poder\u00e3o avolumar nos pr\u00f3ximos dias merc\u00ea da remo\u00e7\u00e3o das taxas de explora\u00e7\u00e3o de infra-estruturas rodovi\u00e1rias e portu\u00e1rias nacionais ao servi\u00e7o de eSwatini com destaque para a Linha de Goba.<\/p>\n<p style=\"text-align: justify;\">Para o efeito, v\u00e1rios acordos foram rubricados entre os dois pa\u00edses durante a visita que o Presidente da Rep\u00fablica, Filipe Nyusi efectuou nos dias 16 e 17 de Mar\u00e7o corrente, \u00e0quele pa\u00eds a convite do seu hom\u00f3logo o rei Mswati III, no in\u00edcio da visita que o Chefe do Estado mo\u00e7ambicano faz \u00e0quele pa\u00eds vizinho.<\/p>\n<p><!--more--><\/p>\n<p>Na ocasi\u00e3o, o Presidente da Rep\u00fablica manifestou a disponibilidade do Governo mo\u00e7ambicano em estudar, de forma pormenorizada, todas as quest\u00f5es que eventualmente criam obst\u00e1culo \u00e0 utiliza\u00e7\u00e3o pelo eSwatini da fronteira de Goba para o escoamento de mercadoria, a partir do Porto de Maputo.<\/p>\n<p>\u201c<em><strong>Estamos dispostos a remover todos os obst\u00e1culos, caso existam, para o sector privado su\u00e1zi encarar o corredor de Goba como sustent\u00e1vel para a sua actividade comercial<\/strong><\/em>\u201d, garantiu o Chefe do Estado.<\/p>\n<p>Para flexibilizar o processo, o Director-Geral das Alf\u00e2ndegas de Mo\u00e7ambique, Aly Malla e do Porto de Maputo, Os\u00f3rio Lucas, garantiram aos empres\u00e1rios a remo\u00e7\u00e3o do pagamento de cau\u00e7\u00e3o que fazia com que os suazis optassem pelo Porto de Durban, duas vezes mais distante em rela\u00e7\u00e3o ao Porto de Maputo.<\/p>\n<p>Neste sentido, a Linha de Goba poder\u00e1 aumentar, nos pr\u00f3ximos dias, a sua utiliza\u00e7\u00e3o uma vez que na \u00e1rea portu\u00e1ria, o Governo mo\u00e7ambicano predisp\u00f5e-se a dinamizar o desembara\u00e7o aduaneiro no Porto de Maputo, com vista a viabilizar o neg\u00f3cio, nomeadamente do transporte de a\u00e7\u00facar e madeira.<\/p>\n<p>As duas partes rubricaram dois acordos nos dom\u00ednios de isen\u00e7\u00e3o de pagamentos de seguros de responsabilidade civil autom\u00f3vel e de coordena\u00e7\u00e3o dos servi\u00e7os de busca e salvamento.<\/p>\n<p>Os instrumentos foram assinados pelos ministros dos Neg\u00f3cios Estrangeiros e Coopera\u00e7\u00e3o, Jos\u00e9 Pacheco, e pela sua hom\u00f3loga de eSwatini, Thulisile Dhladlha, e pelos ministros dos Transportes e Comunica\u00e7\u00f5es, Carlos Mesquita, e das Obras P\u00fablicas e Transporte do vizinho reino, Ndlhaluhaka Ndwandwe, na presen\u00e7a de Filipe Nyusi e do rei Mswati III.<\/p>\n<p>O protocolo de busca e salvamento dever\u00e1 viabilizar as opera\u00e7\u00f5es de resgate em caso de ocorr\u00eancia de calamidades naturais nos dois pa\u00edses, enquanto o de isen\u00e7\u00e3o de pagamento de seguros de responsabilidade civil autom\u00f3vel ir\u00e1 dinamizar as trocas comerciais entre Mo\u00e7ambique e eSwatini.<\/p>\n<p>Acompanhado por um grupo de 28 empres\u00e1rios nacionais, durante a sua estadia no Eswatini o Presidente da Rep\u00fablica participou no F\u00f3rum de neg\u00f3cio entre os dois Pa\u00edses, e visitou tr\u00eas unidades industriais, nomeadamente f\u00e1brica de processamento de madeira, de leite e de carne.<\/p><\/p>","protected":false},"excerpt":{"rendered":"<p>Os neg\u00f3cios transfronteiri\u00e7os entre Mo\u00e7ambique e Eswatini poder\u00e3o avolumar nos pr\u00f3ximos dias merc\u00ea da remo\u00e7\u00e3o das taxas de explora\u00e7\u00e3o de infra-estruturas rodovi\u00e1rias e portu\u00e1rias nacionais ao servi\u00e7o de eSwatini com destaque para a Linha de Goba. Para o efeito, v\u00e1rios acordos foram rubricados entre os dois pa\u00edses durante a visita que o Presidente da Rep\u00fablica, Filipe Nyusi efectuou nos dias 16 e 17 de Mar\u00e7o corrente, \u00e0quele pa\u00eds a convite do seu hom\u00f3logo o rei Mswati III, no in\u00edcio da visita que o Chefe do Estado mo\u00e7ambicano faz \u00e0quele pa\u00eds vizinho.<\/p>","protected":false},"author":94,"featured_media":9051,"comment_status":"open","ping_status":"open","sticky":false,"template":"","format":"standard","meta":{"_acf_changed":false,"pgc_sgb_lightbox_settings":"","footnotes":""},"categories":[680],"tags":[],"class_list":["post-9052","post","type-post","status-publish","format-standard","has-post-thumbnail","hentry","category-noticias"],"acf":[],"yoast_head":"<!-- This site is optimized with the Yoast SEO plugin v26.5 - https:\/\/yoast.com\/wordpress\/plugins\/seo\/ -->\n<title>Mo\u00e7ambique e eSwatini removem as barreiras alfandeg\u00e1rias na Linha de Goba - CFM - Caminhos De Ferros de Mo\u00e7ambique<\/title>\n<meta name=\"robots\" content=\"index, follow, max-snippet:-1, max-image-preview:large, max-video-preview:-1\" \/>\n<link rel=\"canonical\" href=\"https:\/\/www.cfm.co.mz\/en\/2019\/03\/18\/mocambique-e-eswatini-removem-as-barreiras-alfandegarias-na-linha-de-goba\/\" \/>\n<meta property=\"og:locale\" content=\"en_US\" \/>\n<meta property=\"og:type\" content=\"article\" \/>\n<meta property=\"og:title\" content=\"Mo\u00e7ambique e eSwatini removem as barreiras alfandeg\u00e1rias na Linha de Goba - CFM - Caminhos De Ferros de Mo\u00e7ambique\" \/>\n<meta property=\"og:description\" content=\"Os neg\u00f3cios transfronteiri\u00e7os entre Mo\u00e7ambique e Eswatini poder\u00e3o avolumar nos pr\u00f3ximos dias merc\u00ea da remo\u00e7\u00e3o das taxas de explora\u00e7\u00e3o de infra-estruturas rodovi\u00e1rias e portu\u00e1rias nacionais ao servi\u00e7o de eSwatini com destaque para a Linha de Goba. Para o efeito, v\u00e1rios acordos foram rubricados entre os dois pa\u00edses durante a visita que o Presidente da Rep\u00fablica, Filipe Nyusi efectuou nos dias 16 e 17 de Mar\u00e7o corrente, \u00e0quele pa\u00eds a convite do seu hom\u00f3logo o rei Mswati III, no in\u00edcio da visita que o Chefe do Estado mo\u00e7ambicano faz \u00e0quele pa\u00eds vizinho.\" \/>\n<meta property=\"og:url\" content=\"https:\/\/www.cfm.co.mz\/en\/2019\/03\/18\/mocambique-e-eswatini-removem-as-barreiras-alfandegarias-na-linha-de-goba\/\" \/>\n<meta property=\"og:site_name\" content=\"CFM - Caminhos De Ferros de Mo\u00e7ambique\" \/>\n<meta property=\"article:publisher\" content=\"https:\/\/www.facebook.com\/CFMMoz\" \/>\n<meta property=\"article:published_time\" content=\"2019-03-18T19:26:23+00:00\" \/>\n<meta property=\"og:image\" content=\"https:\/\/www.cfm.co.mz\/wp-content\/uploads\/2019\/03\/Linha_de_Goba.jpg\" \/>\n\t<meta property=\"og:image:width\" content=\"1800\" \/>\n\t<meta property=\"og:image:height\" content=\"1200\" \/>\n\t<meta property=\"og:image:type\" content=\"image\/jpeg\" \/>\n<meta name=\"author\" content=\"D\u00e9rcio Badru\" \/>\n<meta name=\"twitter:card\" content=\"summary_large_image\" \/>\n<meta name=\"twitter:label1\" content=\"Written by\" \/>\n\t<meta name=\"twitter:data1\" content=\"D\u00e9rcio Badru\" \/>\n\t<meta name=\"twitter:label2\" content=\"Est. reading time\" \/>\n\t<meta name=\"twitter:data2\" content=\"2 minutes\" \/>\n<script type=\"application\/ld+json\" class=\"yoast-schema-graph\">{\"@context\":\"https:\/\/schema.org\",\"@graph\":[{\"@type\":\"Article\",\"@id\":\"https:\/\/www.cfm.co.mz\/2019\/03\/18\/mocambique-e-eswatini-removem-as-barreiras-alfandegarias-na-linha-de-goba\/#article\",\"isPartOf\":{\"@id\":\"https:\/\/www.cfm.co.mz\/2019\/03\/18\/mocambique-e-eswatini-removem-as-barreiras-alfandegarias-na-linha-de-goba\/\"},\"author\":{\"name\":\"D\u00e9rcio Badru\",\"@id\":\"https:\/\/www.cfm.co.mz\/#\/schema\/person\/1bb663f3c59dc61900f6f9b1c2b53552\"},\"headline\":\"Mo\u00e7ambique e eSwatini removem as barreiras alfandeg\u00e1rias na Linha de Goba\",\"datePublished\":\"2019-03-18T19:26:23+00:00\",\"mainEntityOfPage\":{\"@id\":\"https:\/\/www.cfm.co.mz\/2019\/03\/18\/mocambique-e-eswatini-removem-as-barreiras-alfandegarias-na-linha-de-goba\/\"},\"wordCount\":500,\"commentCount\":0,\"publisher\":{\"@id\":\"https:\/\/www.cfm.co.mz\/#organization\"},\"image\":{\"@id\":\"https:\/\/www.cfm.co.mz\/2019\/03\/18\/mocambique-e-eswatini-removem-as-barreiras-alfandegarias-na-linha-de-goba\/#primaryimage\"},\"thumbnailUrl\":\"https:\/\/www.cfm.co.mz\/wp-content\/uploads\/2019\/03\/Linha_de_Goba.jpg\",\"articleSection\":[\"Noticias\"],\"inLanguage\":\"en-US\",\"potentialAction\":[{\"@type\":\"CommentAction\",\"name\":\"Comment\",\"target\":[\"https:\/\/www.cfm.co.mz\/2019\/03\/18\/mocambique-e-eswatini-removem-as-barreiras-alfandegarias-na-linha-de-goba\/#respond\"]}]},{\"@type\":\"WebPage\",\"@id\":\"https:\/\/www.cfm.co.mz\/2019\/03\/18\/mocambique-e-eswatini-removem-as-barreiras-alfandegarias-na-linha-de-goba\/\",\"url\":\"https:\/\/www.cfm.co.mz\/2019\/03\/18\/mocambique-e-eswatini-removem-as-barreiras-alfandegarias-na-linha-de-goba\/\",\"name\":\"Mo\u00e7ambique e eSwatini removem as barreiras alfandeg\u00e1rias na Linha de Goba - CFM - Caminhos De Ferros de Mo\u00e7ambique\",\"isPartOf\":{\"@id\":\"https:\/\/www.cfm.co.mz\/#website\"},\"primaryImageOfPage\":{\"@id\":\"https:\/\/www.cfm.co.mz\/2019\/03\/18\/mocambique-e-eswatini-removem-as-barreiras-alfandegarias-na-linha-de-goba\/#primaryimage\"},\"image\":{\"@id\":\"https:\/\/www.cfm.co.mz\/2019\/03\/18\/mocambique-e-eswatini-removem-as-barreiras-alfandegarias-na-linha-de-goba\/#primaryimage\"},\"thumbnailUrl\":\"https:\/\/www.cfm.co.mz\/wp-content\/uploads\/2019\/03\/Linha_de_Goba.jpg\",\"datePublished\":\"2019-03-18T19:26:23+00:00\",\"breadcrumb\":{\"@id\":\"https:\/\/www.cfm.co.mz\/2019\/03\/18\/mocambique-e-eswatini-removem-as-barreiras-alfandegarias-na-linha-de-goba\/#breadcrumb\"},\"inLanguage\":\"en-US\",\"potentialAction\":[{\"@type\":\"ReadAction\",\"target\":[\"https:\/\/www.cfm.co.mz\/2019\/03\/18\/mocambique-e-eswatini-removem-as-barreiras-alfandegarias-na-linha-de-goba\/\"]}]},{\"@type\":\"ImageObject\",\"inLanguage\":\"en-US\",\"@id\":\"https:\/\/www.cfm.co.mz\/2019\/03\/18\/mocambique-e-eswatini-removem-as-barreiras-alfandegarias-na-linha-de-goba\/#primaryimage\",\"url\":\"https:\/\/www.cfm.co.mz\/wp-content\/uploads\/2019\/03\/Linha_de_Goba.jpg\",\"contentUrl\":\"https:\/\/www.cfm.co.mz\/wp-content\/uploads\/2019\/03\/Linha_de_Goba.jpg\",\"width\":1800,\"height\":1200,\"caption\":\"Linha de Goba\"},{\"@type\":\"BreadcrumbList\",\"@id\":\"https:\/\/www.cfm.co.mz\/2019\/03\/18\/mocambique-e-eswatini-removem-as-barreiras-alfandegarias-na-linha-de-goba\/#breadcrumb\",\"itemListElement\":[{\"@type\":\"ListItem\",\"position\":1,\"name\":\"Home\",\"item\":\"https:\/\/www.cfm.co.mz\/\"},{\"@type\":\"ListItem\",\"position\":2,\"name\":\"Mo\u00e7ambique e eSwatini removem as barreiras alfandeg\u00e1rias na Linha de Goba\"}]},{\"@type\":\"WebSite\",\"@id\":\"https:\/\/www.cfm.co.mz\/#website\",\"url\":\"https:\/\/www.cfm.co.mz\/\",\"name\":\"CFM - Caminhos De Ferros de Mo\u00e7ambique\",\"description\":\"Ampliando Horizontes\",\"publisher\":{\"@id\":\"https:\/\/www.cfm.co.mz\/#organization\"},\"potentialAction\":[{\"@type\":\"SearchAction\",\"target\":{\"@type\":\"EntryPoint\",\"urlTemplate\":\"https:\/\/www.cfm.co.mz\/?s={search_term_string}\"},\"query-input\":{\"@type\":\"PropertyValueSpecification\",\"valueRequired\":true,\"valueName\":\"search_term_string\"}}],\"inLanguage\":\"en-US\"},{\"@type\":\"Organization\",\"@id\":\"https:\/\/www.cfm.co.mz\/#organization\",\"name\":\"CFM - Caminhos De Ferros de Mo\u00e7ambique\",\"url\":\"https:\/\/www.cfm.co.mz\/\",\"logo\":{\"@type\":\"ImageObject\",\"inLanguage\":\"en-US\",\"@id\":\"https:\/\/www.cfm.co.mz\/#\/schema\/logo\/image\/\",\"url\":\"https:\/\/www.cfm.co.mz\/wp-content\/uploads\/2025\/07\/be5f0679-4f5b-4d02-9719-a26ceed29162.jpg\",\"contentUrl\":\"https:\/\/www.cfm.co.mz\/wp-content\/uploads\/2025\/07\/be5f0679-4f5b-4d02-9719-a26ceed29162.jpg\",\"width\":400,\"height\":65,\"caption\":\"CFM - Caminhos De Ferros de Mo\u00e7ambique\"},\"image\":{\"@id\":\"https:\/\/www.cfm.co.mz\/#\/schema\/logo\/image\/\"},\"sameAs\":[\"https:\/\/www.facebook.com\/CFMMoz\",\"https:\/\/www.linkedin.com\/company\/caminhos-de-ferro-de-moambique\/\"]},{\"@type\":\"Person\",\"@id\":\"https:\/\/www.cfm.co.mz\/#\/schema\/person\/1bb663f3c59dc61900f6f9b1c2b53552\",\"name\":\"D\u00e9rcio Badru\",\"image\":{\"@type\":\"ImageObject\",\"inLanguage\":\"en-US\",\"@id\":\"https:\/\/www.cfm.co.mz\/#\/schema\/person\/image\/\",\"url\":\"https:\/\/www.cfm.co.mz\/wp-content\/litespeed\/avatar\/be89d6955942d7259ef76de4577d21b3.jpg?ver=1777454359\",\"contentUrl\":\"https:\/\/www.cfm.co.mz\/wp-content\/litespeed\/avatar\/be89d6955942d7259ef76de4577d21b3.jpg?ver=1777454359\",\"caption\":\"D\u00e9rcio Badru\"},\"url\":\"https:\/\/www.cfm.co.mz\/en\/author\/dercio\/\"}]}<\/script>\n<!-- \/ Yoast SEO plugin. -->","yoast_head_json":{"title":"Mo\u00e7ambique e eSwatini removem as barreiras alfandeg\u00e1rias na Linha de Goba - CFM - Caminhos De Ferros de Mo\u00e7ambique","robots":{"index":"index","follow":"follow","max-snippet":"max-snippet:-1","max-image-preview":"max-image-preview:large","max-video-preview":"max-video-preview:-1"},"canonical":"https:\/\/www.cfm.co.mz\/en\/2019\/03\/18\/mocambique-e-eswatini-removem-as-barreiras-alfandegarias-na-linha-de-goba\/","og_locale":"en_US","og_type":"article","og_title":"Mo\u00e7ambique e eSwatini removem as barreiras alfandeg\u00e1rias na Linha de Goba - CFM - Caminhos De Ferros de Mo\u00e7ambique","og_description":"Os neg\u00f3cios transfronteiri\u00e7os entre Mo\u00e7ambique e Eswatini poder\u00e3o avolumar nos pr\u00f3ximos dias merc\u00ea da remo\u00e7\u00e3o das taxas de explora\u00e7\u00e3o de infra-estruturas rodovi\u00e1rias e portu\u00e1rias nacionais ao servi\u00e7o de eSwatini com destaque para a Linha de Goba. Para o efeito, v\u00e1rios acordos foram rubricados entre os dois pa\u00edses durante a visita que o Presidente da Rep\u00fablica, Filipe Nyusi efectuou nos dias 16 e 17 de Mar\u00e7o corrente, \u00e0quele pa\u00eds a convite do seu hom\u00f3logo o rei Mswati III, no in\u00edcio da visita que o Chefe do Estado mo\u00e7ambicano faz \u00e0quele pa\u00eds vizinho.","og_url":"https:\/\/www.cfm.co.mz\/en\/2019\/03\/18\/mocambique-e-eswatini-removem-as-barreiras-alfandegarias-na-linha-de-goba\/","og_site_name":"CFM - Caminhos De Ferros de Mo\u00e7ambique","article_publisher":"https:\/\/www.facebook.com\/CFMMoz","article_published_time":"2019-03-18T19:26:23+00:00","og_image":[{"width":1800,"height":1200,"url":"https:\/\/www.cfm.co.mz\/wp-content\/uploads\/2019\/03\/Linha_de_Goba.jpg","type":"image\/jpeg"}],"author":"D\u00e9rcio Badru","twitter_card":"summary_large_image","twitter_misc":{"Written by":"D\u00e9rcio Badru","Est. reading time":"2 minutes"},"schema":{"@context":"https:\/\/schema.org","@graph":[{"@type":"Article","@id":"https:\/\/www.cfm.co.mz\/2019\/03\/18\/mocambique-e-eswatini-removem-as-barreiras-alfandegarias-na-linha-de-goba\/#article","isPartOf":{"@id":"https:\/\/www.cfm.co.mz\/2019\/03\/18\/mocambique-e-eswatini-removem-as-barreiras-alfandegarias-na-linha-de-goba\/"},"author":{"name":"D\u00e9rcio Badru","@id":"https:\/\/www.cfm.co.mz\/#\/schema\/person\/1bb663f3c59dc61900f6f9b1c2b53552"},"headline":"Mo\u00e7ambique e eSwatini removem as barreiras alfandeg\u00e1rias na Linha de Goba","datePublished":"2019-03-18T19:26:23+00:00","mainEntityOfPage":{"@id":"https:\/\/www.cfm.co.mz\/2019\/03\/18\/mocambique-e-eswatini-removem-as-barreiras-alfandegarias-na-linha-de-goba\/"},"wordCount":500,"commentCount":0,"publisher":{"@id":"https:\/\/www.cfm.co.mz\/#organization"},"image":{"@id":"https:\/\/www.cfm.co.mz\/2019\/03\/18\/mocambique-e-eswatini-removem-as-barreiras-alfandegarias-na-linha-de-goba\/#primaryimage"},"thumbnailUrl":"https:\/\/www.cfm.co.mz\/wp-content\/uploads\/2019\/03\/Linha_de_Goba.jpg","articleSection":["Noticias"],"inLanguage":"en-US","potentialAction":[{"@type":"CommentAction","name":"Comment","target":["https:\/\/www.cfm.co.mz\/2019\/03\/18\/mocambique-e-eswatini-removem-as-barreiras-alfandegarias-na-linha-de-goba\/#respond"]}]},{"@type":"WebPage","@id":"https:\/\/www.cfm.co.mz\/2019\/03\/18\/mocambique-e-eswatini-removem-as-barreiras-alfandegarias-na-linha-de-goba\/","url":"https:\/\/www.cfm.co.mz\/2019\/03\/18\/mocambique-e-eswatini-removem-as-barreiras-alfandegarias-na-linha-de-goba\/","name":"Mo\u00e7ambique e eSwatini removem as barreiras alfandeg\u00e1rias na Linha de Goba - CFM - Caminhos De Ferros de Mo\u00e7ambique","isPartOf":{"@id":"https:\/\/www.cfm.co.mz\/#website"},"primaryImageOfPage":{"@id":"https:\/\/www.cfm.co.mz\/2019\/03\/18\/mocambique-e-eswatini-removem-as-barreiras-alfandegarias-na-linha-de-goba\/#primaryimage"},"image":{"@id":"https:\/\/www.cfm.co.mz\/2019\/03\/18\/mocambique-e-eswatini-removem-as-barreiras-alfandegarias-na-linha-de-goba\/#primaryimage"},"thumbnailUrl":"https:\/\/www.cfm.co.mz\/wp-content\/uploads\/2019\/03\/Linha_de_Goba.jpg","datePublished":"2019-03-18T19:26:23+00:00","breadcrumb":{"@id":"https:\/\/www.cfm.co.mz\/2019\/03\/18\/mocambique-e-eswatini-removem-as-barreiras-alfandegarias-na-linha-de-goba\/#breadcrumb"},"inLanguage":"en-US","potentialAction":[{"@type":"ReadAction","target":["https:\/\/www.cfm.co.mz\/2019\/03\/18\/mocambique-e-eswatini-removem-as-barreiras-alfandegarias-na-linha-de-goba\/"]}]},{"@type":"ImageObject","inLanguage":"en-US","@id":"https:\/\/www.cfm.co.mz\/2019\/03\/18\/mocambique-e-eswatini-removem-as-barreiras-alfandegarias-na-linha-de-goba\/#primaryimage","url":"https:\/\/www.cfm.co.mz\/wp-content\/uploads\/2019\/03\/Linha_de_Goba.jpg","contentUrl":"https:\/\/www.cfm.co.mz\/wp-content\/uploads\/2019\/03\/Linha_de_Goba.jpg","width":1800,"height":1200,"caption":"Linha de Goba"},{"@type":"BreadcrumbList","@id":"https:\/\/www.cfm.co.mz\/2019\/03\/18\/mocambique-e-eswatini-removem-as-barreiras-alfandegarias-na-linha-de-goba\/#breadcrumb","itemListElement":[{"@type":"ListItem","position":1,"name":"Home","item":"https:\/\/www.cfm.co.mz\/"},{"@type":"ListItem","position":2,"name":"Mo\u00e7ambique e eSwatini removem as barreiras alfandeg\u00e1rias na Linha de Goba"}]},{"@type":"WebSite","@id":"https:\/\/www.cfm.co.mz\/#website","url":"https:\/\/www.cfm.co.mz\/","name":"CFM - Caminhos De Ferros de Mo\u00e7ambique","description":"Ampliando Horizontes","publisher":{"@id":"https:\/\/www.cfm.co.mz\/#organization"},"potentialAction":[{"@type":"SearchAction","target":{"@type":"EntryPoint","urlTemplate":"https:\/\/www.cfm.co.mz\/?s={search_term_string}"},"query-input":{"@type":"PropertyValueSpecification","valueRequired":true,"valueName":"search_term_string"}}],"inLanguage":"en-US"},{"@type":"Organization","@id":"https:\/\/www.cfm.co.mz\/#organization","name":"CFM - Caminhos De Ferros de Mo\u00e7ambique","url":"https:\/\/www.cfm.co.mz\/","logo":{"@type":"ImageObject","inLanguage":"en-US","@id":"https:\/\/www.cfm.co.mz\/#\/schema\/logo\/image\/","url":"https:\/\/www.cfm.co.mz\/wp-content\/uploads\/2025\/07\/be5f0679-4f5b-4d02-9719-a26ceed29162.jpg","contentUrl":"https:\/\/www.cfm.co.mz\/wp-content\/uploads\/2025\/07\/be5f0679-4f5b-4d02-9719-a26ceed29162.jpg","width":400,"height":65,"caption":"CFM - Caminhos De Ferros de Mo\u00e7ambique"},"image":{"@id":"https:\/\/www.cfm.co.mz\/#\/schema\/logo\/image\/"},"sameAs":["https:\/\/www.facebook.com\/CFMMoz","https:\/\/www.linkedin.com\/company\/caminhos-de-ferro-de-moambique\/"]},{"@type":"Person","@id":"https:\/\/www.cfm.co.mz\/#\/schema\/person\/1bb663f3c59dc61900f6f9b1c2b53552","name":"D\u00e9rcio Badru","image":{"@type":"ImageObject","inLanguage":"en-US","@id":"https:\/\/www.cfm.co.mz\/#\/schema\/person\/image\/","url":"https:\/\/www.cfm.co.mz\/wp-content\/litespeed\/avatar\/be89d6955942d7259ef76de4577d21b3.jpg?ver=1777454359","contentUrl":"https:\/\/www.cfm.co.mz\/wp-content\/litespeed\/avatar\/be89d6955942d7259ef76de4577d21b3.jpg?ver=1777454359","caption":"D\u00e9rcio Badru"},"url":"https:\/\/www.cfm.co.mz\/en\/author\/dercio\/"}]}},"_links":{"self":[{"href":"https:\/\/www.cfm.co.mz\/en\/wp-json\/wp\/v2\/posts\/9052","targetHints":{"allow":["GET"]}}],"collection":[{"href":"https:\/\/www.cfm.co.mz\/en\/wp-json\/wp\/v2\/posts"}],"about":[{"href":"https:\/\/www.cfm.co.mz\/en\/wp-json\/wp\/v2\/types\/post"}],"author":[{"embeddable":true,"href":"https:\/\/www.cfm.co.mz\/en\/wp-json\/wp\/v2\/users\/94"}],"replies":[{"embeddable":true,"href":"https:\/\/www.cfm.co.mz\/en\/wp-json\/wp\/v2\/comments?post=9052"}],"version-history":[{"count":0,"href":"https:\/\/www.cfm.co.mz\/en\/wp-json\/wp\/v2\/posts\/9052\/revisions"}],"wp:featuredmedia":[{"embeddable":true,"href":"https:\/\/www.cfm.co.mz\/en\/wp-json\/wp\/v2\/media\/9051"}],"wp:attachment":[{"href":"https:\/\/www.cfm.co.mz\/en\/wp-json\/wp\/v2\/media?parent=9052"}],"wp:term":[{"taxonomy":"category","embeddable":true,"href":"https:\/\/www.cfm.co.mz\/en\/wp-json\/wp\/v2\/categories?post=9052"},{"taxonomy":"post_tag","embeddable":true,"href":"https:\/\/www.cfm.co.mz\/en\/wp-json\/wp\/v2\/tags?post=9052"}],"curies":[{"name":"wp","href":"https:\/\/api.w.org\/{rel}","templated":true}]}}