{"id":9049,"date":"2019-03-04T19:05:22","date_gmt":"2019-03-04T19:05:22","guid":{"rendered":"https:\/\/www.cfm.co.mz\/2019\/03\/04\/cfm-acolhe-xi-congresso-dos-portos-da-cplp-e-assume-a-presidencia-da-agremiacao\/"},"modified":"2019-03-04T19:05:22","modified_gmt":"2019-03-04T19:05:22","slug":"cfm-acolhe-xi-congresso-dos-portos-da-cplp-e-assume-a-presidencia-da-agremiacao","status":"publish","type":"post","link":"https:\/\/www.cfm.co.mz\/en\/2019\/03\/04\/cfm-acolhe-xi-congresso-dos-portos-da-cplp-e-assume-a-presidencia-da-agremiacao\/","title":{"rendered":"CFM acolhe XI Congresso dos Portos da CPLP e assume a Presid\u00eancia da agremia\u00e7\u00e3o"},"content":{"rendered":"<p style=\"text-align: justify;\"><a href=\"http:\/\/www.cfm.co.mz\/wp-content\/uploads\/2019\/03\/APLOP_2019_1.jpg\" type=\"image\/jpeg\" class=\"jcepopup zoom-bottom-right\" data-mediabox=\"1\" data-mediabox-width=\"800\" data-mediabox-height=\"600\"><img decoding=\"async\" src=\"http:\/\/www.cfm.co.mz\/wp-content\/uploads\/2019\/03\/APLOP_2019_1.jpg\" alt=\"APLOP 2019 1\" width=\"250\" height=\"167\" style=\"margin: 5px; float: left;\" \/><\/a>A empresa Portos e Caminhos de Ferro de Mo\u00e7ambique (CFM), acolheu nos dias 27 e 28 de Fevereiro corrente, em Maputo, o XI Congresso da Associa\u00e7\u00e3o dos Portos de L\u00edngua Portuguesa (APLOP) e assumiu a presid\u00eancia rotativa da associa\u00e7\u00e3o para o bi\u00e9nio 2019 \u2013 2020.<\/p>\n<p style=\"text-align: justify;\">A presid\u00eancia da APLOP, agora liderada pelo Presidente do Conselho de Administra\u00e7\u00e3o (PCA) Eng. Miguel Matabel, sucede&nbsp;\u00e0 Associa\u00e7\u00e3o Brasileira das Entidades Portu\u00e1rias e Hidrovi\u00e1rias (ABEPH).<\/p>\n<p><!--more--><\/p>\n<p style=\"text-align: justify;\">Sob o lema \u201c<strong><em>O papel da APLOP na consolida\u00e7\u00e3o da vis\u00e3o estrat\u00e9gica da CPLP\u201d<\/em><\/strong>, o XI Congresso da APLOP reflectiu sobre os novos desafios log\u00edsticos e portu\u00e1rios no espa\u00e7o lus\u00f3fono, direito portu\u00e1rio \u2013 gest\u00e3o econ\u00f3mica do dom\u00ednio portu\u00e1rio e sua regula\u00e7\u00e3o, desenvolvimento sustent\u00e1vel do transporte e coopera\u00e7\u00e3o no espa\u00e7o da CPLP. Mo\u00e7ambique apresentou os novos desafios para os Portos e Caminhos-de-Ferro de Mo\u00e7ambique e a estrat\u00e9gia do Porto de Maputo e a integra\u00e7\u00e3o global log\u00edstica.<\/p>\n<p style=\"text-align: justify;\"><a href=\"http:\/\/www.cfm.co.mz\/wp-content\/uploads\/2019\/03\/APLOP_2019_Carlos_Mesquita.jpg\" type=\"image\/jpeg\" class=\"jcepopup zoom-bottom-right\" data-mediabox=\"1\" data-mediabox-width=\"800\" data-mediabox-height=\"600\" data-mediabox-caption=\"Carlos Mesquita, Ministro dos Transportes e Comunica\u00e7\u00f5es\"><img decoding=\"async\" src=\"http:\/\/www.cfm.co.mz\/wp-content\/uploads\/2019\/03\/APLOP_2019_Carlos_Mesquita.jpg\" alt=\"APLOP 2019 Carlos Mesquita\" width=\"250\" height=\"167\" style=\"margin: 5px; float: right;\" \/><\/a>Discursando na sess\u00e3o da abertura, o Ministro dos Transportes e Comunica\u00e7\u00f5es, Carlos Mesquita, destacou a posi\u00e7\u00e3o estrat\u00e9gica dos portos mo\u00e7ambicanos e disse que constituem desafios a gest\u00e3o da complexidade dos produtos e servi\u00e7os assim como o aumento de infra-estruturas.<\/p>\n<p style=\"text-align: justify;\">Carlos Mesquista desafiou aos gestores portu\u00e1rios da CPLP a refor\u00e7arem medidas de seguran\u00e7a ambiental e ferro-portu\u00e1ria e a colaborarem com maior efici\u00eancia na elabora\u00e7\u00e3o de dados estat\u00edsticos, garantindo o acesso a informa\u00e7\u00f5es dos dados.<\/p>\n<p style=\"text-align: justify;\"><a href=\"http:\/\/www.cfm.co.mz\/wp-content\/uploads\/2019\/03\/APLOP2019_Membros_integrantes.jpg\" type=\"image\/jpeg\" class=\"jcepopup zoom-bottom-right\" data-mediabox=\"1\" data-mediabox-width=\"800\" data-mediabox-height=\"600\" data-mediabox-caption=\"Membros integrantes da APLOP\"><img decoding=\"async\" src=\"http:\/\/www.cfm.co.mz\/wp-content\/uploads\/2019\/03\/APLOP2019_Membros_integrantes.jpg\" alt=\"APLOP2019 Membros integrantes\" width=\"250\" height=\"167\" style=\"margin: 5px; float: left;\" \/><\/a>A APLOP foi constitu\u00edda tendo como objectivos consolidar os la\u00e7os de coopera\u00e7\u00e3o e dinamiza\u00e7\u00e3o das trocas comerciais entre os seus associados, nomeadamente, Angola, Brasil, Cabo Verde, Guin\u00e9-Bissau, Guin\u00e9-Equatorial, Mo\u00e7ambique, Portugal, S\u00e3o-Tom\u00e9 e Pr\u00edncipe e Macau, Marrocos como pa\u00edses observadores.<\/p>\n<p style=\"text-align: justify;\">Refira-se que Mo\u00e7ambique acolheu o evento pela segunda vez depois do VIII Congresso em 2015, sendo que o X Congresso da APLOP realizou-se, em Setembro de 2018, em Lisboa, capital de Portugal, evento que discutiu sobre o<em> Investimento em Infra-estruturas, desenvolvendo o neg\u00f3cio portu\u00e1rio.<\/em><\/p>","protected":false},"excerpt":{"rendered":"<p>A empresa Portos e Caminhos de Ferro de Mo\u00e7ambique (CFM), acolheu nos dias 27 e 28 de Fevereiro corrente, em Maputo, o XI Congresso da Associa\u00e7\u00e3o dos Portos de L\u00edngua Portuguesa (APLOP) e assumiu a presid\u00eancia rotativa da associa\u00e7\u00e3o para o bi\u00e9nio 2019 \u2013 2020. A presid\u00eancia da APLOP, agora liderada pelo Presidente do Conselho de Administra\u00e7\u00e3o (PCA) Eng. Miguel Matabel, sucede&nbsp;\u00e0 Associa\u00e7\u00e3o Brasileira das Entidades Portu\u00e1rias e Hidrovi\u00e1rias (ABEPH).<\/p>","protected":false},"author":94,"featured_media":9045,"comment_status":"open","ping_status":"open","sticky":false,"template":"","format":"standard","meta":{"_acf_changed":false,"pgc_sgb_lightbox_settings":"","footnotes":""},"categories":[680],"tags":[],"class_list":["post-9049","post","type-post","status-publish","format-standard","has-post-thumbnail","hentry","category-noticias"],"acf":[],"yoast_head":"<!-- This site is optimized with the Yoast SEO plugin v26.5 - https:\/\/yoast.com\/wordpress\/plugins\/seo\/ -->\n<title>CFM acolhe XI Congresso dos Portos da CPLP e assume a Presid\u00eancia da agremia\u00e7\u00e3o - CFM - Caminhos De Ferros de Mo\u00e7ambique<\/title>\n<meta name=\"robots\" content=\"index, follow, max-snippet:-1, max-image-preview:large, max-video-preview:-1\" \/>\n<link rel=\"canonical\" href=\"https:\/\/www.cfm.co.mz\/en\/2019\/03\/04\/cfm-acolhe-xi-congresso-dos-portos-da-cplp-e-assume-a-presidencia-da-agremiacao\/\" \/>\n<meta property=\"og:locale\" content=\"en_US\" \/>\n<meta property=\"og:type\" content=\"article\" \/>\n<meta property=\"og:title\" content=\"CFM acolhe XI Congresso dos Portos da CPLP e assume a Presid\u00eancia da agremia\u00e7\u00e3o - CFM - Caminhos De Ferros de Mo\u00e7ambique\" \/>\n<meta property=\"og:description\" content=\"A empresa Portos e Caminhos de Ferro de Mo\u00e7ambique (CFM), acolheu nos dias 27 e 28 de Fevereiro corrente, em Maputo, o XI Congresso da Associa\u00e7\u00e3o dos Portos de L\u00edngua Portuguesa (APLOP) e assumiu a presid\u00eancia rotativa da associa\u00e7\u00e3o para o bi\u00e9nio 2019 \u2013 2020. A presid\u00eancia da APLOP, agora liderada pelo Presidente do Conselho de Administra\u00e7\u00e3o (PCA) Eng. Miguel Matabel, sucede&nbsp;\u00e0 Associa\u00e7\u00e3o Brasileira das Entidades Portu\u00e1rias e Hidrovi\u00e1rias (ABEPH).\" \/>\n<meta property=\"og:url\" content=\"https:\/\/www.cfm.co.mz\/en\/2019\/03\/04\/cfm-acolhe-xi-congresso-dos-portos-da-cplp-e-assume-a-presidencia-da-agremiacao\/\" \/>\n<meta property=\"og:site_name\" content=\"CFM - Caminhos De Ferros de Mo\u00e7ambique\" \/>\n<meta property=\"article:publisher\" content=\"https:\/\/www.facebook.com\/CFMMoz\" \/>\n<meta property=\"article:published_time\" content=\"2019-03-04T19:05:22+00:00\" \/>\n<meta property=\"og:image\" content=\"https:\/\/www.cfm.co.mz\/wp-content\/uploads\/2019\/03\/APLOP_2019_1.jpg\" \/>\n\t<meta property=\"og:image:width\" content=\"1800\" \/>\n\t<meta property=\"og:image:height\" content=\"1200\" \/>\n\t<meta property=\"og:image:type\" content=\"image\/jpeg\" \/>\n<meta name=\"author\" content=\"D\u00e9rcio Badru\" \/>\n<meta name=\"twitter:card\" content=\"summary_large_image\" \/>\n<meta name=\"twitter:label1\" content=\"Written by\" \/>\n\t<meta name=\"twitter:data1\" content=\"D\u00e9rcio Badru\" \/>\n\t<meta name=\"twitter:label2\" content=\"Est. reading time\" \/>\n\t<meta name=\"twitter:data2\" content=\"2 minutes\" \/>\n<script type=\"application\/ld+json\" class=\"yoast-schema-graph\">{\"@context\":\"https:\/\/schema.org\",\"@graph\":[{\"@type\":\"Article\",\"@id\":\"https:\/\/www.cfm.co.mz\/2019\/03\/04\/cfm-acolhe-xi-congresso-dos-portos-da-cplp-e-assume-a-presidencia-da-agremiacao\/#article\",\"isPartOf\":{\"@id\":\"https:\/\/www.cfm.co.mz\/2019\/03\/04\/cfm-acolhe-xi-congresso-dos-portos-da-cplp-e-assume-a-presidencia-da-agremiacao\/\"},\"author\":{\"name\":\"D\u00e9rcio Badru\",\"@id\":\"https:\/\/www.cfm.co.mz\/#\/schema\/person\/1bb663f3c59dc61900f6f9b1c2b53552\"},\"headline\":\"CFM acolhe XI Congresso dos Portos da CPLP e assume a Presid\u00eancia da agremia\u00e7\u00e3o\",\"datePublished\":\"2019-03-04T19:05:22+00:00\",\"mainEntityOfPage\":{\"@id\":\"https:\/\/www.cfm.co.mz\/2019\/03\/04\/cfm-acolhe-xi-congresso-dos-portos-da-cplp-e-assume-a-presidencia-da-agremiacao\/\"},\"wordCount\":370,\"commentCount\":0,\"publisher\":{\"@id\":\"https:\/\/www.cfm.co.mz\/#organization\"},\"image\":{\"@id\":\"https:\/\/www.cfm.co.mz\/2019\/03\/04\/cfm-acolhe-xi-congresso-dos-portos-da-cplp-e-assume-a-presidencia-da-agremiacao\/#primaryimage\"},\"thumbnailUrl\":\"https:\/\/www.cfm.co.mz\/wp-content\/uploads\/2019\/03\/APLOP_2019_1.jpg\",\"articleSection\":[\"Noticias\"],\"inLanguage\":\"en-US\",\"potentialAction\":[{\"@type\":\"CommentAction\",\"name\":\"Comment\",\"target\":[\"https:\/\/www.cfm.co.mz\/2019\/03\/04\/cfm-acolhe-xi-congresso-dos-portos-da-cplp-e-assume-a-presidencia-da-agremiacao\/#respond\"]}]},{\"@type\":\"WebPage\",\"@id\":\"https:\/\/www.cfm.co.mz\/2019\/03\/04\/cfm-acolhe-xi-congresso-dos-portos-da-cplp-e-assume-a-presidencia-da-agremiacao\/\",\"url\":\"https:\/\/www.cfm.co.mz\/2019\/03\/04\/cfm-acolhe-xi-congresso-dos-portos-da-cplp-e-assume-a-presidencia-da-agremiacao\/\",\"name\":\"CFM acolhe XI Congresso dos Portos da CPLP e assume a Presid\u00eancia da agremia\u00e7\u00e3o - CFM - Caminhos De Ferros de Mo\u00e7ambique\",\"isPartOf\":{\"@id\":\"https:\/\/www.cfm.co.mz\/#website\"},\"primaryImageOfPage\":{\"@id\":\"https:\/\/www.cfm.co.mz\/2019\/03\/04\/cfm-acolhe-xi-congresso-dos-portos-da-cplp-e-assume-a-presidencia-da-agremiacao\/#primaryimage\"},\"image\":{\"@id\":\"https:\/\/www.cfm.co.mz\/2019\/03\/04\/cfm-acolhe-xi-congresso-dos-portos-da-cplp-e-assume-a-presidencia-da-agremiacao\/#primaryimage\"},\"thumbnailUrl\":\"https:\/\/www.cfm.co.mz\/wp-content\/uploads\/2019\/03\/APLOP_2019_1.jpg\",\"datePublished\":\"2019-03-04T19:05:22+00:00\",\"breadcrumb\":{\"@id\":\"https:\/\/www.cfm.co.mz\/2019\/03\/04\/cfm-acolhe-xi-congresso-dos-portos-da-cplp-e-assume-a-presidencia-da-agremiacao\/#breadcrumb\"},\"inLanguage\":\"en-US\",\"potentialAction\":[{\"@type\":\"ReadAction\",\"target\":[\"https:\/\/www.cfm.co.mz\/2019\/03\/04\/cfm-acolhe-xi-congresso-dos-portos-da-cplp-e-assume-a-presidencia-da-agremiacao\/\"]}]},{\"@type\":\"ImageObject\",\"inLanguage\":\"en-US\",\"@id\":\"https:\/\/www.cfm.co.mz\/2019\/03\/04\/cfm-acolhe-xi-congresso-dos-portos-da-cplp-e-assume-a-presidencia-da-agremiacao\/#primaryimage\",\"url\":\"https:\/\/www.cfm.co.mz\/wp-content\/uploads\/2019\/03\/APLOP_2019_1.jpg\",\"contentUrl\":\"https:\/\/www.cfm.co.mz\/wp-content\/uploads\/2019\/03\/APLOP_2019_1.jpg\",\"width\":1800,\"height\":1200,\"caption\":\"APLOP 2019 1\"},{\"@type\":\"BreadcrumbList\",\"@id\":\"https:\/\/www.cfm.co.mz\/2019\/03\/04\/cfm-acolhe-xi-congresso-dos-portos-da-cplp-e-assume-a-presidencia-da-agremiacao\/#breadcrumb\",\"itemListElement\":[{\"@type\":\"ListItem\",\"position\":1,\"name\":\"Home\",\"item\":\"https:\/\/www.cfm.co.mz\/\"},{\"@type\":\"ListItem\",\"position\":2,\"name\":\"CFM acolhe XI Congresso dos Portos da CPLP e assume a Presid\u00eancia da agremia\u00e7\u00e3o\"}]},{\"@type\":\"WebSite\",\"@id\":\"https:\/\/www.cfm.co.mz\/#website\",\"url\":\"https:\/\/www.cfm.co.mz\/\",\"name\":\"CFM - Caminhos De Ferros de Mo\u00e7ambique\",\"description\":\"Ampliando Horizontes\",\"publisher\":{\"@id\":\"https:\/\/www.cfm.co.mz\/#organization\"},\"potentialAction\":[{\"@type\":\"SearchAction\",\"target\":{\"@type\":\"EntryPoint\",\"urlTemplate\":\"https:\/\/www.cfm.co.mz\/?s={search_term_string}\"},\"query-input\":{\"@type\":\"PropertyValueSpecification\",\"valueRequired\":true,\"valueName\":\"search_term_string\"}}],\"inLanguage\":\"en-US\"},{\"@type\":\"Organization\",\"@id\":\"https:\/\/www.cfm.co.mz\/#organization\",\"name\":\"CFM - Caminhos De Ferros de Mo\u00e7ambique\",\"url\":\"https:\/\/www.cfm.co.mz\/\",\"logo\":{\"@type\":\"ImageObject\",\"inLanguage\":\"en-US\",\"@id\":\"https:\/\/www.cfm.co.mz\/#\/schema\/logo\/image\/\",\"url\":\"https:\/\/www.cfm.co.mz\/wp-content\/uploads\/2025\/07\/be5f0679-4f5b-4d02-9719-a26ceed29162.jpg\",\"contentUrl\":\"https:\/\/www.cfm.co.mz\/wp-content\/uploads\/2025\/07\/be5f0679-4f5b-4d02-9719-a26ceed29162.jpg\",\"width\":400,\"height\":65,\"caption\":\"CFM - Caminhos De Ferros de Mo\u00e7ambique\"},\"image\":{\"@id\":\"https:\/\/www.cfm.co.mz\/#\/schema\/logo\/image\/\"},\"sameAs\":[\"https:\/\/www.facebook.com\/CFMMoz\",\"https:\/\/www.linkedin.com\/company\/caminhos-de-ferro-de-moambique\/\"]},{\"@type\":\"Person\",\"@id\":\"https:\/\/www.cfm.co.mz\/#\/schema\/person\/1bb663f3c59dc61900f6f9b1c2b53552\",\"name\":\"D\u00e9rcio Badru\",\"image\":{\"@type\":\"ImageObject\",\"inLanguage\":\"en-US\",\"@id\":\"https:\/\/www.cfm.co.mz\/#\/schema\/person\/image\/\",\"url\":\"https:\/\/www.cfm.co.mz\/wp-content\/litespeed\/avatar\/be89d6955942d7259ef76de4577d21b3.jpg?ver=1777454359\",\"contentUrl\":\"https:\/\/www.cfm.co.mz\/wp-content\/litespeed\/avatar\/be89d6955942d7259ef76de4577d21b3.jpg?ver=1777454359\",\"caption\":\"D\u00e9rcio Badru\"},\"url\":\"https:\/\/www.cfm.co.mz\/en\/author\/dercio\/\"}]}<\/script>\n<!-- \/ Yoast SEO plugin. -->","yoast_head_json":{"title":"CFM acolhe XI Congresso dos Portos da CPLP e assume a Presid\u00eancia da agremia\u00e7\u00e3o - CFM - Caminhos De Ferros de Mo\u00e7ambique","robots":{"index":"index","follow":"follow","max-snippet":"max-snippet:-1","max-image-preview":"max-image-preview:large","max-video-preview":"max-video-preview:-1"},"canonical":"https:\/\/www.cfm.co.mz\/en\/2019\/03\/04\/cfm-acolhe-xi-congresso-dos-portos-da-cplp-e-assume-a-presidencia-da-agremiacao\/","og_locale":"en_US","og_type":"article","og_title":"CFM acolhe XI Congresso dos Portos da CPLP e assume a Presid\u00eancia da agremia\u00e7\u00e3o - CFM - Caminhos De Ferros de Mo\u00e7ambique","og_description":"A empresa Portos e Caminhos de Ferro de Mo\u00e7ambique (CFM), acolheu nos dias 27 e 28 de Fevereiro corrente, em Maputo, o XI Congresso da Associa\u00e7\u00e3o dos Portos de L\u00edngua Portuguesa (APLOP) e assumiu a presid\u00eancia rotativa da associa\u00e7\u00e3o para o bi\u00e9nio 2019 \u2013 2020. A presid\u00eancia da APLOP, agora liderada pelo Presidente do Conselho de Administra\u00e7\u00e3o (PCA) Eng. Miguel Matabel, sucede&nbsp;\u00e0 Associa\u00e7\u00e3o Brasileira das Entidades Portu\u00e1rias e Hidrovi\u00e1rias (ABEPH).","og_url":"https:\/\/www.cfm.co.mz\/en\/2019\/03\/04\/cfm-acolhe-xi-congresso-dos-portos-da-cplp-e-assume-a-presidencia-da-agremiacao\/","og_site_name":"CFM - Caminhos De Ferros de Mo\u00e7ambique","article_publisher":"https:\/\/www.facebook.com\/CFMMoz","article_published_time":"2019-03-04T19:05:22+00:00","og_image":[{"width":1800,"height":1200,"url":"https:\/\/www.cfm.co.mz\/wp-content\/uploads\/2019\/03\/APLOP_2019_1.jpg","type":"image\/jpeg"}],"author":"D\u00e9rcio Badru","twitter_card":"summary_large_image","twitter_misc":{"Written by":"D\u00e9rcio Badru","Est. reading time":"2 minutes"},"schema":{"@context":"https:\/\/schema.org","@graph":[{"@type":"Article","@id":"https:\/\/www.cfm.co.mz\/2019\/03\/04\/cfm-acolhe-xi-congresso-dos-portos-da-cplp-e-assume-a-presidencia-da-agremiacao\/#article","isPartOf":{"@id":"https:\/\/www.cfm.co.mz\/2019\/03\/04\/cfm-acolhe-xi-congresso-dos-portos-da-cplp-e-assume-a-presidencia-da-agremiacao\/"},"author":{"name":"D\u00e9rcio Badru","@id":"https:\/\/www.cfm.co.mz\/#\/schema\/person\/1bb663f3c59dc61900f6f9b1c2b53552"},"headline":"CFM acolhe XI Congresso dos Portos da CPLP e assume a Presid\u00eancia da agremia\u00e7\u00e3o","datePublished":"2019-03-04T19:05:22+00:00","mainEntityOfPage":{"@id":"https:\/\/www.cfm.co.mz\/2019\/03\/04\/cfm-acolhe-xi-congresso-dos-portos-da-cplp-e-assume-a-presidencia-da-agremiacao\/"},"wordCount":370,"commentCount":0,"publisher":{"@id":"https:\/\/www.cfm.co.mz\/#organization"},"image":{"@id":"https:\/\/www.cfm.co.mz\/2019\/03\/04\/cfm-acolhe-xi-congresso-dos-portos-da-cplp-e-assume-a-presidencia-da-agremiacao\/#primaryimage"},"thumbnailUrl":"https:\/\/www.cfm.co.mz\/wp-content\/uploads\/2019\/03\/APLOP_2019_1.jpg","articleSection":["Noticias"],"inLanguage":"en-US","potentialAction":[{"@type":"CommentAction","name":"Comment","target":["https:\/\/www.cfm.co.mz\/2019\/03\/04\/cfm-acolhe-xi-congresso-dos-portos-da-cplp-e-assume-a-presidencia-da-agremiacao\/#respond"]}]},{"@type":"WebPage","@id":"https:\/\/www.cfm.co.mz\/2019\/03\/04\/cfm-acolhe-xi-congresso-dos-portos-da-cplp-e-assume-a-presidencia-da-agremiacao\/","url":"https:\/\/www.cfm.co.mz\/2019\/03\/04\/cfm-acolhe-xi-congresso-dos-portos-da-cplp-e-assume-a-presidencia-da-agremiacao\/","name":"CFM acolhe XI Congresso dos Portos da CPLP e assume a Presid\u00eancia da agremia\u00e7\u00e3o - CFM - Caminhos De Ferros de Mo\u00e7ambique","isPartOf":{"@id":"https:\/\/www.cfm.co.mz\/#website"},"primaryImageOfPage":{"@id":"https:\/\/www.cfm.co.mz\/2019\/03\/04\/cfm-acolhe-xi-congresso-dos-portos-da-cplp-e-assume-a-presidencia-da-agremiacao\/#primaryimage"},"image":{"@id":"https:\/\/www.cfm.co.mz\/2019\/03\/04\/cfm-acolhe-xi-congresso-dos-portos-da-cplp-e-assume-a-presidencia-da-agremiacao\/#primaryimage"},"thumbnailUrl":"https:\/\/www.cfm.co.mz\/wp-content\/uploads\/2019\/03\/APLOP_2019_1.jpg","datePublished":"2019-03-04T19:05:22+00:00","breadcrumb":{"@id":"https:\/\/www.cfm.co.mz\/2019\/03\/04\/cfm-acolhe-xi-congresso-dos-portos-da-cplp-e-assume-a-presidencia-da-agremiacao\/#breadcrumb"},"inLanguage":"en-US","potentialAction":[{"@type":"ReadAction","target":["https:\/\/www.cfm.co.mz\/2019\/03\/04\/cfm-acolhe-xi-congresso-dos-portos-da-cplp-e-assume-a-presidencia-da-agremiacao\/"]}]},{"@type":"ImageObject","inLanguage":"en-US","@id":"https:\/\/www.cfm.co.mz\/2019\/03\/04\/cfm-acolhe-xi-congresso-dos-portos-da-cplp-e-assume-a-presidencia-da-agremiacao\/#primaryimage","url":"https:\/\/www.cfm.co.mz\/wp-content\/uploads\/2019\/03\/APLOP_2019_1.jpg","contentUrl":"https:\/\/www.cfm.co.mz\/wp-content\/uploads\/2019\/03\/APLOP_2019_1.jpg","width":1800,"height":1200,"caption":"APLOP 2019 1"},{"@type":"BreadcrumbList","@id":"https:\/\/www.cfm.co.mz\/2019\/03\/04\/cfm-acolhe-xi-congresso-dos-portos-da-cplp-e-assume-a-presidencia-da-agremiacao\/#breadcrumb","itemListElement":[{"@type":"ListItem","position":1,"name":"Home","item":"https:\/\/www.cfm.co.mz\/"},{"@type":"ListItem","position":2,"name":"CFM acolhe XI Congresso dos Portos da CPLP e assume a Presid\u00eancia da agremia\u00e7\u00e3o"}]},{"@type":"WebSite","@id":"https:\/\/www.cfm.co.mz\/#website","url":"https:\/\/www.cfm.co.mz\/","name":"CFM - Caminhos De Ferros de Mo\u00e7ambique","description":"Ampliando Horizontes","publisher":{"@id":"https:\/\/www.cfm.co.mz\/#organization"},"potentialAction":[{"@type":"SearchAction","target":{"@type":"EntryPoint","urlTemplate":"https:\/\/www.cfm.co.mz\/?s={search_term_string}"},"query-input":{"@type":"PropertyValueSpecification","valueRequired":true,"valueName":"search_term_string"}}],"inLanguage":"en-US"},{"@type":"Organization","@id":"https:\/\/www.cfm.co.mz\/#organization","name":"CFM - Caminhos De Ferros de Mo\u00e7ambique","url":"https:\/\/www.cfm.co.mz\/","logo":{"@type":"ImageObject","inLanguage":"en-US","@id":"https:\/\/www.cfm.co.mz\/#\/schema\/logo\/image\/","url":"https:\/\/www.cfm.co.mz\/wp-content\/uploads\/2025\/07\/be5f0679-4f5b-4d02-9719-a26ceed29162.jpg","contentUrl":"https:\/\/www.cfm.co.mz\/wp-content\/uploads\/2025\/07\/be5f0679-4f5b-4d02-9719-a26ceed29162.jpg","width":400,"height":65,"caption":"CFM - Caminhos De Ferros de Mo\u00e7ambique"},"image":{"@id":"https:\/\/www.cfm.co.mz\/#\/schema\/logo\/image\/"},"sameAs":["https:\/\/www.facebook.com\/CFMMoz","https:\/\/www.linkedin.com\/company\/caminhos-de-ferro-de-moambique\/"]},{"@type":"Person","@id":"https:\/\/www.cfm.co.mz\/#\/schema\/person\/1bb663f3c59dc61900f6f9b1c2b53552","name":"D\u00e9rcio Badru","image":{"@type":"ImageObject","inLanguage":"en-US","@id":"https:\/\/www.cfm.co.mz\/#\/schema\/person\/image\/","url":"https:\/\/www.cfm.co.mz\/wp-content\/litespeed\/avatar\/be89d6955942d7259ef76de4577d21b3.jpg?ver=1777454359","contentUrl":"https:\/\/www.cfm.co.mz\/wp-content\/litespeed\/avatar\/be89d6955942d7259ef76de4577d21b3.jpg?ver=1777454359","caption":"D\u00e9rcio Badru"},"url":"https:\/\/www.cfm.co.mz\/en\/author\/dercio\/"}]}},"_links":{"self":[{"href":"https:\/\/www.cfm.co.mz\/en\/wp-json\/wp\/v2\/posts\/9049","targetHints":{"allow":["GET"]}}],"collection":[{"href":"https:\/\/www.cfm.co.mz\/en\/wp-json\/wp\/v2\/posts"}],"about":[{"href":"https:\/\/www.cfm.co.mz\/en\/wp-json\/wp\/v2\/types\/post"}],"author":[{"embeddable":true,"href":"https:\/\/www.cfm.co.mz\/en\/wp-json\/wp\/v2\/users\/94"}],"replies":[{"embeddable":true,"href":"https:\/\/www.cfm.co.mz\/en\/wp-json\/wp\/v2\/comments?post=9049"}],"version-history":[{"count":0,"href":"https:\/\/www.cfm.co.mz\/en\/wp-json\/wp\/v2\/posts\/9049\/revisions"}],"wp:featuredmedia":[{"embeddable":true,"href":"https:\/\/www.cfm.co.mz\/en\/wp-json\/wp\/v2\/media\/9045"}],"wp:attachment":[{"href":"https:\/\/www.cfm.co.mz\/en\/wp-json\/wp\/v2\/media?parent=9049"}],"wp:term":[{"taxonomy":"category","embeddable":true,"href":"https:\/\/www.cfm.co.mz\/en\/wp-json\/wp\/v2\/categories?post=9049"},{"taxonomy":"post_tag","embeddable":true,"href":"https:\/\/www.cfm.co.mz\/en\/wp-json\/wp\/v2\/tags?post=9049"}],"curies":[{"name":"wp","href":"https:\/\/api.w.org\/{rel}","templated":true}]}}