{"id":9041,"date":"2018-12-06T22:21:40","date_gmt":"2018-12-06T22:21:40","guid":{"rendered":"https:\/\/www.cfm.co.mz\/2018\/12\/06\/aviso-ao-publico-publicacao-do-livro-de-tarifas-dos-portos-e-terminais-oceanicos-do-cfm-para-o-exercicio-2019\/"},"modified":"2018-12-06T22:21:40","modified_gmt":"2018-12-06T22:21:40","slug":"aviso-ao-publico-publicacao-do-livro-de-tarifas-dos-portos-e-terminais-oceanicos-do-cfm-para-o-exercicio-2019","status":"publish","type":"post","link":"https:\/\/www.cfm.co.mz\/en\/2018\/12\/06\/aviso-ao-publico-publicacao-do-livro-de-tarifas-dos-portos-e-terminais-oceanicos-do-cfm-para-o-exercicio-2019\/","title":{"rendered":"AVISO AO P\u00daBLICO \u2013 Publica\u00e7\u00e3o do Livro de Tarifas dos Portos e Terminais Oce\u00e2nicos do CFM para o Exerc\u00edcio 2019"},"content":{"rendered":"<p style=\"text-align: justify;\"><strong>PUBLICA\u00c7\u00c3O DO LIVRO DE TARIFAS DOS PORTOS E TERMINAIS OCE\u00c2NICOS DO CFM PARA O EXERC\u00cdCIO 2019<\/strong><\/p>\n<p>Para os devidos efeitos, a Empresa Portos e Caminhos de Ferro de Mo\u00e7ambique \u2013 E.P. (CFM), publica, em anexo, a vers\u00e3o do <strong>Livro de Tarifas dos Portos e Terminais Oce\u00e2nicos<\/strong> que dever\u00e1 vigorar em todo exerc\u00edcio econ\u00f3mico de 2019, com efeitos a partir de 01 de Abril de 2019.<\/p>\n<p style=\"text-align: justify;\">Trata-se de \u2026<\/p>\n<p style=\"text-align: justify;\">\n<p><a href=\"http:\/\/www.cfm.co.mz\/wp-content\/uploads\/2018\/12\/AVISO_PUBLICO_N_3-DC-CFM-2018.pdf\" target=\"_blank\" rel=\"noopener\">Clique aqui para ler na \u00edntegra<\/a><\/p>\n<p><a href=\"index.php\/pt\/documentos-e-media\/outros-documentos\/42-livro-de-tarifas-dos-portos-e-terminais-oceanicos-do-cfm-edicao-2019\/file\" target=\"_blank\" rel=\"noopener\">Baixar o livro de tarifas<\/a><\/p>","protected":false},"excerpt":{"rendered":"<p>PUBLICA\u00c7\u00c3O DO LIVRO DE TARIFAS DOS PORTOS E TERMINAIS OCE\u00c2NICOS DO CFM PARA O EXERC\u00cdCIO 2019 Para os devidos efeitos, a Empresa Portos e Caminhos de Ferro de Mo\u00e7ambique \u2013 E.P. (CFM), publica, em anexo, a vers\u00e3o do Livro de Tarifas dos Portos e Terminais Oce\u00e2nicos que dever\u00e1 vigorar em todo exerc\u00edcio econ\u00f3mico de 2019, com efeitos a partir de 01 de Abril de 2019. Trata-se de \u2026 Clique aqui para ler na \u00edntegra Baixar o livro de tarifas<\/p>","protected":false},"author":94,"featured_media":0,"comment_status":"open","ping_status":"open","sticky":false,"template":"","format":"standard","meta":{"_acf_changed":false,"pgc_sgb_lightbox_settings":"","footnotes":""},"categories":[1],"tags":[],"class_list":["post-9041","post","type-post","status-publish","format-standard","hentry","category-uncategorized"],"acf":[],"yoast_head":"<!-- This site is optimized with the Yoast SEO plugin v26.5 - https:\/\/yoast.com\/wordpress\/plugins\/seo\/ -->\n<title>AVISO AO P\u00daBLICO \u2013 Publica\u00e7\u00e3o do Livro de Tarifas dos Portos e Terminais Oce\u00e2nicos do CFM para o Exerc\u00edcio 2019 - CFM - Caminhos De Ferros de Mo\u00e7ambique<\/title>\n<meta name=\"robots\" content=\"index, follow, max-snippet:-1, max-image-preview:large, max-video-preview:-1\" \/>\n<link rel=\"canonical\" href=\"https:\/\/www.cfm.co.mz\/en\/2018\/12\/06\/aviso-ao-publico-publicacao-do-livro-de-tarifas-dos-portos-e-terminais-oceanicos-do-cfm-para-o-exercicio-2019\/\" \/>\n<meta property=\"og:locale\" content=\"en_US\" \/>\n<meta property=\"og:type\" content=\"article\" \/>\n<meta property=\"og:title\" content=\"AVISO AO P\u00daBLICO \u2013 Publica\u00e7\u00e3o do Livro de Tarifas dos Portos e Terminais Oce\u00e2nicos do CFM para o Exerc\u00edcio 2019 - CFM - Caminhos De Ferros de Mo\u00e7ambique\" \/>\n<meta property=\"og:description\" content=\"PUBLICA\u00c7\u00c3O DO LIVRO DE TARIFAS DOS PORTOS E TERMINAIS OCE\u00c2NICOS DO CFM PARA O EXERC\u00cdCIO 2019 Para os devidos efeitos, a Empresa Portos e Caminhos de Ferro de Mo\u00e7ambique \u2013 E.P. (CFM), publica, em anexo, a vers\u00e3o do Livro de Tarifas dos Portos e Terminais Oce\u00e2nicos que dever\u00e1 vigorar em todo exerc\u00edcio econ\u00f3mico de 2019, com efeitos a partir de 01 de Abril de 2019. Trata-se de \u2026 Clique aqui para ler na \u00edntegra Baixar o livro de tarifas\" \/>\n<meta property=\"og:url\" content=\"https:\/\/www.cfm.co.mz\/en\/2018\/12\/06\/aviso-ao-publico-publicacao-do-livro-de-tarifas-dos-portos-e-terminais-oceanicos-do-cfm-para-o-exercicio-2019\/\" \/>\n<meta property=\"og:site_name\" content=\"CFM - Caminhos De Ferros de Mo\u00e7ambique\" \/>\n<meta property=\"article:publisher\" content=\"https:\/\/www.facebook.com\/CFMMoz\" \/>\n<meta property=\"article:published_time\" content=\"2018-12-06T22:21:40+00:00\" \/>\n<meta name=\"author\" content=\"D\u00e9rcio Badru\" \/>\n<meta name=\"twitter:card\" content=\"summary_large_image\" \/>\n<meta name=\"twitter:label1\" content=\"Written by\" \/>\n\t<meta name=\"twitter:data1\" content=\"D\u00e9rcio Badru\" \/>\n<script type=\"application\/ld+json\" class=\"yoast-schema-graph\">{\"@context\":\"https:\/\/schema.org\",\"@graph\":[{\"@type\":\"Article\",\"@id\":\"https:\/\/www.cfm.co.mz\/2018\/12\/06\/aviso-ao-publico-publicacao-do-livro-de-tarifas-dos-portos-e-terminais-oceanicos-do-cfm-para-o-exercicio-2019\/#article\",\"isPartOf\":{\"@id\":\"https:\/\/www.cfm.co.mz\/2018\/12\/06\/aviso-ao-publico-publicacao-do-livro-de-tarifas-dos-portos-e-terminais-oceanicos-do-cfm-para-o-exercicio-2019\/\"},\"author\":{\"name\":\"D\u00e9rcio Badru\",\"@id\":\"https:\/\/www.cfm.co.mz\/#\/schema\/person\/1bb663f3c59dc61900f6f9b1c2b53552\"},\"headline\":\"AVISO AO P\u00daBLICO \u2013 Publica\u00e7\u00e3o do Livro de Tarifas dos Portos e Terminais Oce\u00e2nicos do CFM para o Exerc\u00edcio 2019\",\"datePublished\":\"2018-12-06T22:21:40+00:00\",\"mainEntityOfPage\":{\"@id\":\"https:\/\/www.cfm.co.mz\/2018\/12\/06\/aviso-ao-publico-publicacao-do-livro-de-tarifas-dos-portos-e-terminais-oceanicos-do-cfm-para-o-exercicio-2019\/\"},\"wordCount\":104,\"commentCount\":0,\"publisher\":{\"@id\":\"https:\/\/www.cfm.co.mz\/#organization\"},\"inLanguage\":\"en-US\",\"potentialAction\":[{\"@type\":\"CommentAction\",\"name\":\"Comment\",\"target\":[\"https:\/\/www.cfm.co.mz\/2018\/12\/06\/aviso-ao-publico-publicacao-do-livro-de-tarifas-dos-portos-e-terminais-oceanicos-do-cfm-para-o-exercicio-2019\/#respond\"]}]},{\"@type\":\"WebPage\",\"@id\":\"https:\/\/www.cfm.co.mz\/2018\/12\/06\/aviso-ao-publico-publicacao-do-livro-de-tarifas-dos-portos-e-terminais-oceanicos-do-cfm-para-o-exercicio-2019\/\",\"url\":\"https:\/\/www.cfm.co.mz\/2018\/12\/06\/aviso-ao-publico-publicacao-do-livro-de-tarifas-dos-portos-e-terminais-oceanicos-do-cfm-para-o-exercicio-2019\/\",\"name\":\"AVISO AO P\u00daBLICO \u2013 Publica\u00e7\u00e3o do Livro de Tarifas dos Portos e Terminais Oce\u00e2nicos do CFM para o Exerc\u00edcio 2019 - CFM - Caminhos De Ferros de Mo\u00e7ambique\",\"isPartOf\":{\"@id\":\"https:\/\/www.cfm.co.mz\/#website\"},\"datePublished\":\"2018-12-06T22:21:40+00:00\",\"breadcrumb\":{\"@id\":\"https:\/\/www.cfm.co.mz\/2018\/12\/06\/aviso-ao-publico-publicacao-do-livro-de-tarifas-dos-portos-e-terminais-oceanicos-do-cfm-para-o-exercicio-2019\/#breadcrumb\"},\"inLanguage\":\"en-US\",\"potentialAction\":[{\"@type\":\"ReadAction\",\"target\":[\"https:\/\/www.cfm.co.mz\/2018\/12\/06\/aviso-ao-publico-publicacao-do-livro-de-tarifas-dos-portos-e-terminais-oceanicos-do-cfm-para-o-exercicio-2019\/\"]}]},{\"@type\":\"BreadcrumbList\",\"@id\":\"https:\/\/www.cfm.co.mz\/2018\/12\/06\/aviso-ao-publico-publicacao-do-livro-de-tarifas-dos-portos-e-terminais-oceanicos-do-cfm-para-o-exercicio-2019\/#breadcrumb\",\"itemListElement\":[{\"@type\":\"ListItem\",\"position\":1,\"name\":\"Home\",\"item\":\"https:\/\/www.cfm.co.mz\/\"},{\"@type\":\"ListItem\",\"position\":2,\"name\":\"AVISO AO P\u00daBLICO \u2013 Publica\u00e7\u00e3o do Livro de Tarifas dos Portos e Terminais Oce\u00e2nicos do CFM para o Exerc\u00edcio 2019\"}]},{\"@type\":\"WebSite\",\"@id\":\"https:\/\/www.cfm.co.mz\/#website\",\"url\":\"https:\/\/www.cfm.co.mz\/\",\"name\":\"CFM - Caminhos De Ferros de Mo\u00e7ambique\",\"description\":\"Ampliando Horizontes\",\"publisher\":{\"@id\":\"https:\/\/www.cfm.co.mz\/#organization\"},\"potentialAction\":[{\"@type\":\"SearchAction\",\"target\":{\"@type\":\"EntryPoint\",\"urlTemplate\":\"https:\/\/www.cfm.co.mz\/?s={search_term_string}\"},\"query-input\":{\"@type\":\"PropertyValueSpecification\",\"valueRequired\":true,\"valueName\":\"search_term_string\"}}],\"inLanguage\":\"en-US\"},{\"@type\":\"Organization\",\"@id\":\"https:\/\/www.cfm.co.mz\/#organization\",\"name\":\"CFM - Caminhos De Ferros de Mo\u00e7ambique\",\"url\":\"https:\/\/www.cfm.co.mz\/\",\"logo\":{\"@type\":\"ImageObject\",\"inLanguage\":\"en-US\",\"@id\":\"https:\/\/www.cfm.co.mz\/#\/schema\/logo\/image\/\",\"url\":\"https:\/\/www.cfm.co.mz\/wp-content\/uploads\/2025\/07\/be5f0679-4f5b-4d02-9719-a26ceed29162.jpg\",\"contentUrl\":\"https:\/\/www.cfm.co.mz\/wp-content\/uploads\/2025\/07\/be5f0679-4f5b-4d02-9719-a26ceed29162.jpg\",\"width\":400,\"height\":65,\"caption\":\"CFM - Caminhos De Ferros de Mo\u00e7ambique\"},\"image\":{\"@id\":\"https:\/\/www.cfm.co.mz\/#\/schema\/logo\/image\/\"},\"sameAs\":[\"https:\/\/www.facebook.com\/CFMMoz\",\"https:\/\/www.linkedin.com\/company\/caminhos-de-ferro-de-moambique\/\"]},{\"@type\":\"Person\",\"@id\":\"https:\/\/www.cfm.co.mz\/#\/schema\/person\/1bb663f3c59dc61900f6f9b1c2b53552\",\"name\":\"D\u00e9rcio Badru\",\"image\":{\"@type\":\"ImageObject\",\"inLanguage\":\"en-US\",\"@id\":\"https:\/\/www.cfm.co.mz\/#\/schema\/person\/image\/\",\"url\":\"https:\/\/www.cfm.co.mz\/wp-content\/litespeed\/avatar\/be89d6955942d7259ef76de4577d21b3.jpg?ver=1777454359\",\"contentUrl\":\"https:\/\/www.cfm.co.mz\/wp-content\/litespeed\/avatar\/be89d6955942d7259ef76de4577d21b3.jpg?ver=1777454359\",\"caption\":\"D\u00e9rcio Badru\"},\"url\":\"https:\/\/www.cfm.co.mz\/en\/author\/dercio\/\"}]}<\/script>\n<!-- \/ Yoast SEO plugin. -->","yoast_head_json":{"title":"AVISO AO P\u00daBLICO \u2013 Publica\u00e7\u00e3o do Livro de Tarifas dos Portos e Terminais Oce\u00e2nicos do CFM para o Exerc\u00edcio 2019 - CFM - Caminhos De Ferros de Mo\u00e7ambique","robots":{"index":"index","follow":"follow","max-snippet":"max-snippet:-1","max-image-preview":"max-image-preview:large","max-video-preview":"max-video-preview:-1"},"canonical":"https:\/\/www.cfm.co.mz\/en\/2018\/12\/06\/aviso-ao-publico-publicacao-do-livro-de-tarifas-dos-portos-e-terminais-oceanicos-do-cfm-para-o-exercicio-2019\/","og_locale":"en_US","og_type":"article","og_title":"AVISO AO P\u00daBLICO \u2013 Publica\u00e7\u00e3o do Livro de Tarifas dos Portos e Terminais Oce\u00e2nicos do CFM para o Exerc\u00edcio 2019 - CFM - Caminhos De Ferros de Mo\u00e7ambique","og_description":"PUBLICA\u00c7\u00c3O DO LIVRO DE TARIFAS DOS PORTOS E TERMINAIS OCE\u00c2NICOS DO CFM PARA O EXERC\u00cdCIO 2019 Para os devidos efeitos, a Empresa Portos e Caminhos de Ferro de Mo\u00e7ambique \u2013 E.P. (CFM), publica, em anexo, a vers\u00e3o do Livro de Tarifas dos Portos e Terminais Oce\u00e2nicos que dever\u00e1 vigorar em todo exerc\u00edcio econ\u00f3mico de 2019, com efeitos a partir de 01 de Abril de 2019. Trata-se de \u2026 Clique aqui para ler na \u00edntegra Baixar o livro de tarifas","og_url":"https:\/\/www.cfm.co.mz\/en\/2018\/12\/06\/aviso-ao-publico-publicacao-do-livro-de-tarifas-dos-portos-e-terminais-oceanicos-do-cfm-para-o-exercicio-2019\/","og_site_name":"CFM - Caminhos De Ferros de Mo\u00e7ambique","article_publisher":"https:\/\/www.facebook.com\/CFMMoz","article_published_time":"2018-12-06T22:21:40+00:00","author":"D\u00e9rcio Badru","twitter_card":"summary_large_image","twitter_misc":{"Written by":"D\u00e9rcio Badru"},"schema":{"@context":"https:\/\/schema.org","@graph":[{"@type":"Article","@id":"https:\/\/www.cfm.co.mz\/2018\/12\/06\/aviso-ao-publico-publicacao-do-livro-de-tarifas-dos-portos-e-terminais-oceanicos-do-cfm-para-o-exercicio-2019\/#article","isPartOf":{"@id":"https:\/\/www.cfm.co.mz\/2018\/12\/06\/aviso-ao-publico-publicacao-do-livro-de-tarifas-dos-portos-e-terminais-oceanicos-do-cfm-para-o-exercicio-2019\/"},"author":{"name":"D\u00e9rcio Badru","@id":"https:\/\/www.cfm.co.mz\/#\/schema\/person\/1bb663f3c59dc61900f6f9b1c2b53552"},"headline":"AVISO AO P\u00daBLICO \u2013 Publica\u00e7\u00e3o do Livro de Tarifas dos Portos e Terminais Oce\u00e2nicos do CFM para o Exerc\u00edcio 2019","datePublished":"2018-12-06T22:21:40+00:00","mainEntityOfPage":{"@id":"https:\/\/www.cfm.co.mz\/2018\/12\/06\/aviso-ao-publico-publicacao-do-livro-de-tarifas-dos-portos-e-terminais-oceanicos-do-cfm-para-o-exercicio-2019\/"},"wordCount":104,"commentCount":0,"publisher":{"@id":"https:\/\/www.cfm.co.mz\/#organization"},"inLanguage":"en-US","potentialAction":[{"@type":"CommentAction","name":"Comment","target":["https:\/\/www.cfm.co.mz\/2018\/12\/06\/aviso-ao-publico-publicacao-do-livro-de-tarifas-dos-portos-e-terminais-oceanicos-do-cfm-para-o-exercicio-2019\/#respond"]}]},{"@type":"WebPage","@id":"https:\/\/www.cfm.co.mz\/2018\/12\/06\/aviso-ao-publico-publicacao-do-livro-de-tarifas-dos-portos-e-terminais-oceanicos-do-cfm-para-o-exercicio-2019\/","url":"https:\/\/www.cfm.co.mz\/2018\/12\/06\/aviso-ao-publico-publicacao-do-livro-de-tarifas-dos-portos-e-terminais-oceanicos-do-cfm-para-o-exercicio-2019\/","name":"AVISO AO P\u00daBLICO \u2013 Publica\u00e7\u00e3o do Livro de Tarifas dos Portos e Terminais Oce\u00e2nicos do CFM para o Exerc\u00edcio 2019 - CFM - Caminhos De Ferros de Mo\u00e7ambique","isPartOf":{"@id":"https:\/\/www.cfm.co.mz\/#website"},"datePublished":"2018-12-06T22:21:40+00:00","breadcrumb":{"@id":"https:\/\/www.cfm.co.mz\/2018\/12\/06\/aviso-ao-publico-publicacao-do-livro-de-tarifas-dos-portos-e-terminais-oceanicos-do-cfm-para-o-exercicio-2019\/#breadcrumb"},"inLanguage":"en-US","potentialAction":[{"@type":"ReadAction","target":["https:\/\/www.cfm.co.mz\/2018\/12\/06\/aviso-ao-publico-publicacao-do-livro-de-tarifas-dos-portos-e-terminais-oceanicos-do-cfm-para-o-exercicio-2019\/"]}]},{"@type":"BreadcrumbList","@id":"https:\/\/www.cfm.co.mz\/2018\/12\/06\/aviso-ao-publico-publicacao-do-livro-de-tarifas-dos-portos-e-terminais-oceanicos-do-cfm-para-o-exercicio-2019\/#breadcrumb","itemListElement":[{"@type":"ListItem","position":1,"name":"Home","item":"https:\/\/www.cfm.co.mz\/"},{"@type":"ListItem","position":2,"name":"AVISO AO P\u00daBLICO \u2013 Publica\u00e7\u00e3o do Livro de Tarifas dos Portos e Terminais Oce\u00e2nicos do CFM para o Exerc\u00edcio 2019"}]},{"@type":"WebSite","@id":"https:\/\/www.cfm.co.mz\/#website","url":"https:\/\/www.cfm.co.mz\/","name":"CFM - Caminhos De Ferros de Mo\u00e7ambique","description":"Ampliando Horizontes","publisher":{"@id":"https:\/\/www.cfm.co.mz\/#organization"},"potentialAction":[{"@type":"SearchAction","target":{"@type":"EntryPoint","urlTemplate":"https:\/\/www.cfm.co.mz\/?s={search_term_string}"},"query-input":{"@type":"PropertyValueSpecification","valueRequired":true,"valueName":"search_term_string"}}],"inLanguage":"en-US"},{"@type":"Organization","@id":"https:\/\/www.cfm.co.mz\/#organization","name":"CFM - Caminhos De Ferros de Mo\u00e7ambique","url":"https:\/\/www.cfm.co.mz\/","logo":{"@type":"ImageObject","inLanguage":"en-US","@id":"https:\/\/www.cfm.co.mz\/#\/schema\/logo\/image\/","url":"https:\/\/www.cfm.co.mz\/wp-content\/uploads\/2025\/07\/be5f0679-4f5b-4d02-9719-a26ceed29162.jpg","contentUrl":"https:\/\/www.cfm.co.mz\/wp-content\/uploads\/2025\/07\/be5f0679-4f5b-4d02-9719-a26ceed29162.jpg","width":400,"height":65,"caption":"CFM - Caminhos De Ferros de Mo\u00e7ambique"},"image":{"@id":"https:\/\/www.cfm.co.mz\/#\/schema\/logo\/image\/"},"sameAs":["https:\/\/www.facebook.com\/CFMMoz","https:\/\/www.linkedin.com\/company\/caminhos-de-ferro-de-moambique\/"]},{"@type":"Person","@id":"https:\/\/www.cfm.co.mz\/#\/schema\/person\/1bb663f3c59dc61900f6f9b1c2b53552","name":"D\u00e9rcio Badru","image":{"@type":"ImageObject","inLanguage":"en-US","@id":"https:\/\/www.cfm.co.mz\/#\/schema\/person\/image\/","url":"https:\/\/www.cfm.co.mz\/wp-content\/litespeed\/avatar\/be89d6955942d7259ef76de4577d21b3.jpg?ver=1777454359","contentUrl":"https:\/\/www.cfm.co.mz\/wp-content\/litespeed\/avatar\/be89d6955942d7259ef76de4577d21b3.jpg?ver=1777454359","caption":"D\u00e9rcio Badru"},"url":"https:\/\/www.cfm.co.mz\/en\/author\/dercio\/"}]}},"_links":{"self":[{"href":"https:\/\/www.cfm.co.mz\/en\/wp-json\/wp\/v2\/posts\/9041","targetHints":{"allow":["GET"]}}],"collection":[{"href":"https:\/\/www.cfm.co.mz\/en\/wp-json\/wp\/v2\/posts"}],"about":[{"href":"https:\/\/www.cfm.co.mz\/en\/wp-json\/wp\/v2\/types\/post"}],"author":[{"embeddable":true,"href":"https:\/\/www.cfm.co.mz\/en\/wp-json\/wp\/v2\/users\/94"}],"replies":[{"embeddable":true,"href":"https:\/\/www.cfm.co.mz\/en\/wp-json\/wp\/v2\/comments?post=9041"}],"version-history":[{"count":0,"href":"https:\/\/www.cfm.co.mz\/en\/wp-json\/wp\/v2\/posts\/9041\/revisions"}],"wp:attachment":[{"href":"https:\/\/www.cfm.co.mz\/en\/wp-json\/wp\/v2\/media?parent=9041"}],"wp:term":[{"taxonomy":"category","embeddable":true,"href":"https:\/\/www.cfm.co.mz\/en\/wp-json\/wp\/v2\/categories?post=9041"},{"taxonomy":"post_tag","embeddable":true,"href":"https:\/\/www.cfm.co.mz\/en\/wp-json\/wp\/v2\/tags?post=9041"}],"curies":[{"name":"wp","href":"https:\/\/api.w.org\/{rel}","templated":true}]}}