{"id":9028,"date":"2018-10-08T15:01:05","date_gmt":"2018-10-08T15:01:05","guid":{"rendered":"https:\/\/www.cfm.co.mz\/2018\/10\/08\/arrancou-o-projecto-de-modernizacao-do-porto-de-nacala-2\/"},"modified":"2018-10-08T15:01:05","modified_gmt":"2018-10-08T15:01:05","slug":"arrancou-o-projecto-de-modernizacao-do-porto-de-nacala-2","status":"publish","type":"post","link":"https:\/\/www.cfm.co.mz\/en\/2018\/10\/08\/arrancou-o-projecto-de-modernizacao-do-porto-de-nacala-2\/","title":{"rendered":"Arranca o Projecto de Moderniza\u00e7\u00e3o do Porto de Nacala"},"content":{"rendered":"<p style=\"text-align: justify;\"><a href=\"http:\/\/www.cfm.co.mz\/wp-content\/uploads\/2018\/10\/MTC_Porto_de_Nacala_3_de_Outubro_2018.jpg\" type=\"image\/jpeg\" class=\"jcepopup zoom-bottom-right\" data-mediabox=\"1\" data-mediabox-width=\"800\" data-mediabox-height=\"600\" data-mediabox-caption=\"Eng. Carlos Mesquita, Ministro dos Transportes e Comunica\u00e7\u00f5es, lan\u00e7ando a primeira pedra\"><img decoding=\"async\" src=\"http:\/\/www.cfm.co.mz\/wp-content\/uploads\/2018\/10\/MTC_Porto_de_Nacala_3_de_Outubro_2018.jpg\" alt=\"MTC Porto de Nacala 3 de Outubro 2018\" width=\"250\" height=\"167\" style=\"margin: 5px; float: left;\" \/><\/a>Foi lan\u00e7ada, no dia 3 de Outubro de 2018, a primeira pedra para a reabilita\u00e7\u00e3o do Porto de Nacala, na prov\u00edncia de Nampula, cerim\u00f3nia dirigida pelo Ministro dos Transportes e Comuica\u00e7\u00f5es, Carlos Mesquita.<br \/>O projecto, que compreende as fases I e II, com a dura\u00e7\u00e3o de 36 meses, \u00e9 or\u00e7ado em 273,6 milh\u00f5es de d\u00f3lares norte-americanos, da Ag\u00eancia Internacional de Coopera\u00e7\u00e3o do Jap\u00e3o (JICA) e ter\u00e1 um grande impacto social na regi\u00e3o, bem como econ\u00f3mico na medida em que envolvendo 400 trabalhadores mo\u00e7ambicanos e 56 estrangeiros.<\/p>\n<p><!--more--><\/p>\n<p style=\"text-align: justify;\">Na ocasi\u00e3o, Carlos Mesquita referiu que a reabilita\u00e7\u00e3o n\u00e3o deve ser vista como um empreendimento meramente econ\u00f3mico, mas como algo importante e com real impacto social.<\/p>\n<p style=\"text-align: justify;\">\u201c<strong><em>Durante as obras, projectam-se oportunidades directas de emprego para um universo de 400 trabalhadores nacionais, al\u00e9m da dinamiza\u00e7\u00e3o de neg\u00f3cios na cidade de Nacala, para os fornecedores de v\u00e1rios servi\u00e7os<\/em><\/strong>\u201d, disse.<\/p>\n<p style=\"text-align: justify;\">Mesquita destacou que o Porto de Nacala \u00e9 estrat\u00e9gico dada a sua localiza\u00e7\u00e3o geogr\u00e1fica e que as obras quarta-feira lan\u00e7adas correspondem as duas fases seguintes, ap\u00f3s a reabilita\u00e7\u00e3o de emerg\u00eancia ocorrida entre Fevereiro de 2014 e Setembro de 2015, gra\u00e7as a um donativo do Jap\u00e3o no valor de 32.6 milh\u00f5es de d\u00f3lares norte-americanos.<\/p>\n<p style=\"text-align: justify;\"><a href=\"http:\/\/www.cfm.co.mz\/wp-content\/uploads\/2018\/10\/Vista_Geral_do_Porto_de_Nacala_Outubro_2018-scaled.jpg\" type=\"image\/jpeg\" class=\"jcepopup zoom-bottom-right\" data-mediabox=\"1\" data-mediabox-width=\"800\" data-mediabox-height=\"600\" data-mediabox-caption=\"Vista Geral, Porto de Nacala\"><img decoding=\"async\" src=\"http:\/\/www.cfm.co.mz\/wp-content\/uploads\/2018\/10\/Vista_Geral_do_Porto_de_Nacala_Outubro_2018-scaled.jpg\" alt=\"Vista Geral do Porto de Nacala Outubro 2018\" width=\"250\" height=\"167\" style=\"margin: 5px; float: right;\" \/><\/a>Como impacto das interven\u00e7\u00f5es j\u00e1 realizadas, a capacidade no terminal de combust\u00edveis passou de 500 metros c\u00fabicos para 1200 por hora. No manuseamento de carga est\u00e3o criadas as condi\u00e7\u00f5es necess\u00e1rias para que durante a realiza\u00e7\u00e3o das obras nas fases I e II, o porto continue a operar com capacidade instalada de cerca de tr\u00eas milh\u00f5es de toneladas por ano.<\/p>\n<p style=\"text-align: justify;\">O titular da pasta dos Transportes e Comunica\u00e7\u00f5es entende que o Porto de Nacala tem potencial para se tornar num ponto nodal das rotas de transporte mar\u00edtimo e consequentemente facilitar o acesso aos mercados internacionais do leste e sul da \u00c1sia e o m\u00e9dio oriente.<\/p>\n<p style=\"text-align: justify;\">\u201c<strong><em>Nacala passar\u00e1 a constar do mapa dos portos mais competitivos da regi\u00e3o com uma capacidade de manuseamento de contentores acima de 250 mil por ano contra os actuais 170 mil e atraca\u00e7\u00e3o de navios de grande porte de at\u00e9 120 mil toneladas\u201d<\/em><\/strong>, frisou o Ministro.<\/p>\n<p style=\"text-align: justify;\"><a href=\"http:\/\/www.cfm.co.mz\/wp-content\/uploads\/2018\/10\/PCA_CFM_Porto_de_Nacala_Outubro_2018.jpg\" type=\"image\/jpeg\" class=\"jcepopup zoom-bottom-right\" data-mediabox=\"1\" data-mediabox-width=\"800\" data-mediabox-height=\"600\" data-mediabox-caption=\"Eng. Jos\u00e9 Miguel Matabel, PCA do CFM, intervindo durante a cerim\u00f3nia\"><img decoding=\"async\" src=\"http:\/\/www.cfm.co.mz\/wp-content\/uploads\/2018\/10\/PCA_CFM_Porto_de_Nacala_Outubro_2018.jpg\" alt=\"PCA CFM Porto de Nacala Outubro 2018\" width=\"250\" height=\"167\" style=\"margin: 5px; float: left;\" \/><\/a>Por seu turno, o Presidente do Conselho de Administra\u00e7\u00e3o do CFM, Eng. Miguel Matabel garantiu que, da parte do CFM, &#8220;<strong><em>saberemos capitalizar o investimento que fizemos atrav\u00e9s da cria\u00e7\u00e3o da Unidade de Implementa\u00e7\u00e3o do Projecto de Reabilita\u00e7\u00e3o do Porto de Nacala, porque estamos cientes das potencialidades que este Porto ir\u00e1 oferecer, o que nos permitir\u00e1 uma actua\u00e7\u00e3o mais competitiva no mercado&#8221;<\/em><\/strong>.<\/p>\n<p><br style=\"text-align: justify;\" \/><\/p>\n<p style=\"text-align: justify;\">O Porto de Nacala faz parte do Corredor de Desenvolvimento de Nacala e disp\u00f5e actualmente de capacidade para processar 900 mil toneladas de carga diversa, estando ainda a ser utilizado pela Vale Mo\u00e7ambique na exporta\u00e7\u00e3o do carv\u00e3o extra\u00eddo em Moatize, prov\u00edncia de Tete.<\/p>\n<p style=\"text-align: justify;\">A maior parte da carga que transita pelo porto, al\u00e9m do carv\u00e3o, prov\u00e9m do Malawi que, n\u00e3o dispondo de acesso directo ao mar, utiliza a infra-estrutura para importar e exportar parte dos produtos de que necessita, como sejam adubos, a\u00e7\u00facar, trigo, cl\u00ednquer e tabaco.<\/p>\n<p style=\"text-align: justify;\"><a href=\"http:\/\/www.cfm.co.mz\/wp-content\/uploads\/2018\/10\/Porto_de_Nacala_3_de_Outubro_2018_Participantes-scaled.jpg\" type=\"image\/jpeg\" class=\"jcepopup zoom-bottom-right\" data-mediabox=\"1\" data-mediabox-width=\"800\" data-mediabox-height=\"600\" data-mediabox-caption=\"Participantes da Cerim\u00f3nia\"><img loading=\"lazy\" decoding=\"async\" src=\"http:\/\/www.cfm.co.mz\/wp-content\/uploads\/2018\/10\/Porto_de_Nacala_3_de_Outubro_2018_Participantes-scaled.jpg\" alt=\"Porto de Nacala 3 de Outubro 2018 Participantes\" width=\"250\" height=\"167\" style=\"margin: 5px; float: right;\" \/><\/a>Estiveram presentes no evento que marcou o in\u00edcio da reabilita\u00e7\u00e3o do Porto de Nacala, entre outras entidades, o embaixador do Jap\u00e3o, acreditado em Mo\u00e7ambique, Toshio Ikeda, bem como o representante da JICA, Agencia financiadora do Projecto.<\/p>","protected":false},"excerpt":{"rendered":"<p>Foi lan\u00e7ada, no dia 3 de Outubro de 2018, a primeira pedra para a reabilita\u00e7\u00e3o do Porto de Nacala, na prov\u00edncia de Nampula, cerim\u00f3nia dirigida pelo Ministro dos Transportes e Comuica\u00e7\u00f5es, Carlos Mesquita.O projecto, que compreende as fases I e II, com a dura\u00e7\u00e3o de 36 meses, \u00e9 or\u00e7ado em 273,6 milh\u00f5es de d\u00f3lares norte-americanos, da Ag\u00eancia Internacional de Coopera\u00e7\u00e3o do Jap\u00e3o (JICA) e ter\u00e1 um grande impacto social na regi\u00e3o, bem como econ\u00f3mico na medida em que envolvendo 400 trabalhadores mo\u00e7ambicanos e 56 estrangeiros.<\/p>","protected":false},"author":94,"featured_media":9019,"comment_status":"open","ping_status":"open","sticky":false,"template":"","format":"standard","meta":{"_acf_changed":false,"pgc_sgb_lightbox_settings":"","footnotes":""},"categories":[680],"tags":[],"class_list":["post-9028","post","type-post","status-publish","format-standard","has-post-thumbnail","hentry","category-noticias"],"acf":[],"yoast_head":"<!-- This site is optimized with the Yoast SEO plugin v26.5 - https:\/\/yoast.com\/wordpress\/plugins\/seo\/ -->\n<title>Arranca o Projecto de Moderniza\u00e7\u00e3o do Porto de Nacala - CFM - Caminhos De Ferros de Mo\u00e7ambique<\/title>\n<meta name=\"robots\" content=\"index, follow, max-snippet:-1, max-image-preview:large, max-video-preview:-1\" \/>\n<link rel=\"canonical\" href=\"https:\/\/www.cfm.co.mz\/en\/2018\/10\/08\/arrancou-o-projecto-de-modernizacao-do-porto-de-nacala-2\/\" \/>\n<meta property=\"og:locale\" content=\"en_US\" \/>\n<meta property=\"og:type\" content=\"article\" \/>\n<meta property=\"og:title\" content=\"Arranca o Projecto de Moderniza\u00e7\u00e3o do Porto de Nacala - CFM - Caminhos De Ferros de Mo\u00e7ambique\" \/>\n<meta property=\"og:description\" content=\"Foi lan\u00e7ada, no dia 3 de Outubro de 2018, a primeira pedra para a reabilita\u00e7\u00e3o do Porto de Nacala, na prov\u00edncia de Nampula, cerim\u00f3nia dirigida pelo Ministro dos Transportes e Comuica\u00e7\u00f5es, Carlos Mesquita.O projecto, que compreende as fases I e II, com a dura\u00e7\u00e3o de 36 meses, \u00e9 or\u00e7ado em 273,6 milh\u00f5es de d\u00f3lares norte-americanos, da Ag\u00eancia Internacional de Coopera\u00e7\u00e3o do Jap\u00e3o (JICA) e ter\u00e1 um grande impacto social na regi\u00e3o, bem como econ\u00f3mico na medida em que envolvendo 400 trabalhadores mo\u00e7ambicanos e 56 estrangeiros.\" \/>\n<meta property=\"og:url\" content=\"https:\/\/www.cfm.co.mz\/en\/2018\/10\/08\/arrancou-o-projecto-de-modernizacao-do-porto-de-nacala-2\/\" \/>\n<meta property=\"og:site_name\" content=\"CFM - Caminhos De Ferros de Mo\u00e7ambique\" \/>\n<meta property=\"article:publisher\" content=\"https:\/\/www.facebook.com\/CFMMoz\" \/>\n<meta property=\"article:published_time\" content=\"2018-10-08T15:01:05+00:00\" \/>\n<meta property=\"og:image\" content=\"https:\/\/www.cfm.co.mz\/wp-content\/uploads\/2018\/10\/MTC_Porto_de_Nacala_3_de_Outubro_2018.jpg\" \/>\n\t<meta property=\"og:image:width\" content=\"1800\" \/>\n\t<meta property=\"og:image:height\" content=\"1200\" \/>\n\t<meta property=\"og:image:type\" content=\"image\/jpeg\" \/>\n<meta name=\"author\" content=\"D\u00e9rcio Badru\" \/>\n<meta name=\"twitter:card\" content=\"summary_large_image\" \/>\n<meta name=\"twitter:label1\" content=\"Written by\" \/>\n\t<meta name=\"twitter:data1\" content=\"D\u00e9rcio Badru\" \/>\n\t<meta name=\"twitter:label2\" content=\"Est. reading time\" \/>\n\t<meta name=\"twitter:data2\" content=\"3 minutes\" \/>\n<script type=\"application\/ld+json\" class=\"yoast-schema-graph\">{\"@context\":\"https:\/\/schema.org\",\"@graph\":[{\"@type\":\"Article\",\"@id\":\"https:\/\/www.cfm.co.mz\/2018\/10\/08\/arrancou-o-projecto-de-modernizacao-do-porto-de-nacala-2\/#article\",\"isPartOf\":{\"@id\":\"https:\/\/www.cfm.co.mz\/2018\/10\/08\/arrancou-o-projecto-de-modernizacao-do-porto-de-nacala-2\/\"},\"author\":{\"name\":\"D\u00e9rcio Badru\",\"@id\":\"https:\/\/www.cfm.co.mz\/#\/schema\/person\/1bb663f3c59dc61900f6f9b1c2b53552\"},\"headline\":\"Arranca o Projecto de Moderniza\u00e7\u00e3o do Porto de Nacala\",\"datePublished\":\"2018-10-08T15:01:05+00:00\",\"mainEntityOfPage\":{\"@id\":\"https:\/\/www.cfm.co.mz\/2018\/10\/08\/arrancou-o-projecto-de-modernizacao-do-porto-de-nacala-2\/\"},\"wordCount\":592,\"commentCount\":0,\"publisher\":{\"@id\":\"https:\/\/www.cfm.co.mz\/#organization\"},\"image\":{\"@id\":\"https:\/\/www.cfm.co.mz\/2018\/10\/08\/arrancou-o-projecto-de-modernizacao-do-porto-de-nacala-2\/#primaryimage\"},\"thumbnailUrl\":\"https:\/\/www.cfm.co.mz\/wp-content\/uploads\/2018\/10\/MTC_Porto_de_Nacala_3_de_Outubro_2018.jpg\",\"articleSection\":[\"Noticias\"],\"inLanguage\":\"en-US\",\"potentialAction\":[{\"@type\":\"CommentAction\",\"name\":\"Comment\",\"target\":[\"https:\/\/www.cfm.co.mz\/2018\/10\/08\/arrancou-o-projecto-de-modernizacao-do-porto-de-nacala-2\/#respond\"]}]},{\"@type\":\"WebPage\",\"@id\":\"https:\/\/www.cfm.co.mz\/2018\/10\/08\/arrancou-o-projecto-de-modernizacao-do-porto-de-nacala-2\/\",\"url\":\"https:\/\/www.cfm.co.mz\/2018\/10\/08\/arrancou-o-projecto-de-modernizacao-do-porto-de-nacala-2\/\",\"name\":\"Arranca o Projecto de Moderniza\u00e7\u00e3o do Porto de Nacala - CFM - Caminhos De Ferros de Mo\u00e7ambique\",\"isPartOf\":{\"@id\":\"https:\/\/www.cfm.co.mz\/#website\"},\"primaryImageOfPage\":{\"@id\":\"https:\/\/www.cfm.co.mz\/2018\/10\/08\/arrancou-o-projecto-de-modernizacao-do-porto-de-nacala-2\/#primaryimage\"},\"image\":{\"@id\":\"https:\/\/www.cfm.co.mz\/2018\/10\/08\/arrancou-o-projecto-de-modernizacao-do-porto-de-nacala-2\/#primaryimage\"},\"thumbnailUrl\":\"https:\/\/www.cfm.co.mz\/wp-content\/uploads\/2018\/10\/MTC_Porto_de_Nacala_3_de_Outubro_2018.jpg\",\"datePublished\":\"2018-10-08T15:01:05+00:00\",\"breadcrumb\":{\"@id\":\"https:\/\/www.cfm.co.mz\/2018\/10\/08\/arrancou-o-projecto-de-modernizacao-do-porto-de-nacala-2\/#breadcrumb\"},\"inLanguage\":\"en-US\",\"potentialAction\":[{\"@type\":\"ReadAction\",\"target\":[\"https:\/\/www.cfm.co.mz\/2018\/10\/08\/arrancou-o-projecto-de-modernizacao-do-porto-de-nacala-2\/\"]}]},{\"@type\":\"ImageObject\",\"inLanguage\":\"en-US\",\"@id\":\"https:\/\/www.cfm.co.mz\/2018\/10\/08\/arrancou-o-projecto-de-modernizacao-do-porto-de-nacala-2\/#primaryimage\",\"url\":\"https:\/\/www.cfm.co.mz\/wp-content\/uploads\/2018\/10\/MTC_Porto_de_Nacala_3_de_Outubro_2018.jpg\",\"contentUrl\":\"https:\/\/www.cfm.co.mz\/wp-content\/uploads\/2018\/10\/MTC_Porto_de_Nacala_3_de_Outubro_2018.jpg\",\"width\":1800,\"height\":1200,\"caption\":\"MTC Porto de Nacala 3 de Outubro 2018\"},{\"@type\":\"BreadcrumbList\",\"@id\":\"https:\/\/www.cfm.co.mz\/2018\/10\/08\/arrancou-o-projecto-de-modernizacao-do-porto-de-nacala-2\/#breadcrumb\",\"itemListElement\":[{\"@type\":\"ListItem\",\"position\":1,\"name\":\"Home\",\"item\":\"https:\/\/www.cfm.co.mz\/\"},{\"@type\":\"ListItem\",\"position\":2,\"name\":\"Arranca o Projecto de Moderniza\u00e7\u00e3o do Porto de Nacala\"}]},{\"@type\":\"WebSite\",\"@id\":\"https:\/\/www.cfm.co.mz\/#website\",\"url\":\"https:\/\/www.cfm.co.mz\/\",\"name\":\"CFM - Caminhos De Ferros de Mo\u00e7ambique\",\"description\":\"Ampliando Horizontes\",\"publisher\":{\"@id\":\"https:\/\/www.cfm.co.mz\/#organization\"},\"potentialAction\":[{\"@type\":\"SearchAction\",\"target\":{\"@type\":\"EntryPoint\",\"urlTemplate\":\"https:\/\/www.cfm.co.mz\/?s={search_term_string}\"},\"query-input\":{\"@type\":\"PropertyValueSpecification\",\"valueRequired\":true,\"valueName\":\"search_term_string\"}}],\"inLanguage\":\"en-US\"},{\"@type\":\"Organization\",\"@id\":\"https:\/\/www.cfm.co.mz\/#organization\",\"name\":\"CFM - Caminhos De Ferros de Mo\u00e7ambique\",\"url\":\"https:\/\/www.cfm.co.mz\/\",\"logo\":{\"@type\":\"ImageObject\",\"inLanguage\":\"en-US\",\"@id\":\"https:\/\/www.cfm.co.mz\/#\/schema\/logo\/image\/\",\"url\":\"https:\/\/www.cfm.co.mz\/wp-content\/uploads\/2025\/07\/be5f0679-4f5b-4d02-9719-a26ceed29162.jpg\",\"contentUrl\":\"https:\/\/www.cfm.co.mz\/wp-content\/uploads\/2025\/07\/be5f0679-4f5b-4d02-9719-a26ceed29162.jpg\",\"width\":400,\"height\":65,\"caption\":\"CFM - Caminhos De Ferros de Mo\u00e7ambique\"},\"image\":{\"@id\":\"https:\/\/www.cfm.co.mz\/#\/schema\/logo\/image\/\"},\"sameAs\":[\"https:\/\/www.facebook.com\/CFMMoz\",\"https:\/\/www.linkedin.com\/company\/caminhos-de-ferro-de-moambique\/\"]},{\"@type\":\"Person\",\"@id\":\"https:\/\/www.cfm.co.mz\/#\/schema\/person\/1bb663f3c59dc61900f6f9b1c2b53552\",\"name\":\"D\u00e9rcio Badru\",\"image\":{\"@type\":\"ImageObject\",\"inLanguage\":\"en-US\",\"@id\":\"https:\/\/www.cfm.co.mz\/#\/schema\/person\/image\/\",\"url\":\"https:\/\/www.cfm.co.mz\/wp-content\/litespeed\/avatar\/be89d6955942d7259ef76de4577d21b3.jpg?ver=1777454359\",\"contentUrl\":\"https:\/\/www.cfm.co.mz\/wp-content\/litespeed\/avatar\/be89d6955942d7259ef76de4577d21b3.jpg?ver=1777454359\",\"caption\":\"D\u00e9rcio Badru\"},\"url\":\"https:\/\/www.cfm.co.mz\/en\/author\/dercio\/\"}]}<\/script>\n<!-- \/ Yoast SEO plugin. -->","yoast_head_json":{"title":"Arranca o Projecto de Moderniza\u00e7\u00e3o do Porto de Nacala - CFM - Caminhos De Ferros de Mo\u00e7ambique","robots":{"index":"index","follow":"follow","max-snippet":"max-snippet:-1","max-image-preview":"max-image-preview:large","max-video-preview":"max-video-preview:-1"},"canonical":"https:\/\/www.cfm.co.mz\/en\/2018\/10\/08\/arrancou-o-projecto-de-modernizacao-do-porto-de-nacala-2\/","og_locale":"en_US","og_type":"article","og_title":"Arranca o Projecto de Moderniza\u00e7\u00e3o do Porto de Nacala - CFM - Caminhos De Ferros de Mo\u00e7ambique","og_description":"Foi lan\u00e7ada, no dia 3 de Outubro de 2018, a primeira pedra para a reabilita\u00e7\u00e3o do Porto de Nacala, na prov\u00edncia de Nampula, cerim\u00f3nia dirigida pelo Ministro dos Transportes e Comuica\u00e7\u00f5es, Carlos Mesquita.O projecto, que compreende as fases I e II, com a dura\u00e7\u00e3o de 36 meses, \u00e9 or\u00e7ado em 273,6 milh\u00f5es de d\u00f3lares norte-americanos, da Ag\u00eancia Internacional de Coopera\u00e7\u00e3o do Jap\u00e3o (JICA) e ter\u00e1 um grande impacto social na regi\u00e3o, bem como econ\u00f3mico na medida em que envolvendo 400 trabalhadores mo\u00e7ambicanos e 56 estrangeiros.","og_url":"https:\/\/www.cfm.co.mz\/en\/2018\/10\/08\/arrancou-o-projecto-de-modernizacao-do-porto-de-nacala-2\/","og_site_name":"CFM - Caminhos De Ferros de Mo\u00e7ambique","article_publisher":"https:\/\/www.facebook.com\/CFMMoz","article_published_time":"2018-10-08T15:01:05+00:00","og_image":[{"width":1800,"height":1200,"url":"https:\/\/www.cfm.co.mz\/wp-content\/uploads\/2018\/10\/MTC_Porto_de_Nacala_3_de_Outubro_2018.jpg","type":"image\/jpeg"}],"author":"D\u00e9rcio Badru","twitter_card":"summary_large_image","twitter_misc":{"Written by":"D\u00e9rcio Badru","Est. reading time":"3 minutes"},"schema":{"@context":"https:\/\/schema.org","@graph":[{"@type":"Article","@id":"https:\/\/www.cfm.co.mz\/2018\/10\/08\/arrancou-o-projecto-de-modernizacao-do-porto-de-nacala-2\/#article","isPartOf":{"@id":"https:\/\/www.cfm.co.mz\/2018\/10\/08\/arrancou-o-projecto-de-modernizacao-do-porto-de-nacala-2\/"},"author":{"name":"D\u00e9rcio Badru","@id":"https:\/\/www.cfm.co.mz\/#\/schema\/person\/1bb663f3c59dc61900f6f9b1c2b53552"},"headline":"Arranca o Projecto de Moderniza\u00e7\u00e3o do Porto de Nacala","datePublished":"2018-10-08T15:01:05+00:00","mainEntityOfPage":{"@id":"https:\/\/www.cfm.co.mz\/2018\/10\/08\/arrancou-o-projecto-de-modernizacao-do-porto-de-nacala-2\/"},"wordCount":592,"commentCount":0,"publisher":{"@id":"https:\/\/www.cfm.co.mz\/#organization"},"image":{"@id":"https:\/\/www.cfm.co.mz\/2018\/10\/08\/arrancou-o-projecto-de-modernizacao-do-porto-de-nacala-2\/#primaryimage"},"thumbnailUrl":"https:\/\/www.cfm.co.mz\/wp-content\/uploads\/2018\/10\/MTC_Porto_de_Nacala_3_de_Outubro_2018.jpg","articleSection":["Noticias"],"inLanguage":"en-US","potentialAction":[{"@type":"CommentAction","name":"Comment","target":["https:\/\/www.cfm.co.mz\/2018\/10\/08\/arrancou-o-projecto-de-modernizacao-do-porto-de-nacala-2\/#respond"]}]},{"@type":"WebPage","@id":"https:\/\/www.cfm.co.mz\/2018\/10\/08\/arrancou-o-projecto-de-modernizacao-do-porto-de-nacala-2\/","url":"https:\/\/www.cfm.co.mz\/2018\/10\/08\/arrancou-o-projecto-de-modernizacao-do-porto-de-nacala-2\/","name":"Arranca o Projecto de Moderniza\u00e7\u00e3o do Porto de Nacala - CFM - Caminhos De Ferros de Mo\u00e7ambique","isPartOf":{"@id":"https:\/\/www.cfm.co.mz\/#website"},"primaryImageOfPage":{"@id":"https:\/\/www.cfm.co.mz\/2018\/10\/08\/arrancou-o-projecto-de-modernizacao-do-porto-de-nacala-2\/#primaryimage"},"image":{"@id":"https:\/\/www.cfm.co.mz\/2018\/10\/08\/arrancou-o-projecto-de-modernizacao-do-porto-de-nacala-2\/#primaryimage"},"thumbnailUrl":"https:\/\/www.cfm.co.mz\/wp-content\/uploads\/2018\/10\/MTC_Porto_de_Nacala_3_de_Outubro_2018.jpg","datePublished":"2018-10-08T15:01:05+00:00","breadcrumb":{"@id":"https:\/\/www.cfm.co.mz\/2018\/10\/08\/arrancou-o-projecto-de-modernizacao-do-porto-de-nacala-2\/#breadcrumb"},"inLanguage":"en-US","potentialAction":[{"@type":"ReadAction","target":["https:\/\/www.cfm.co.mz\/2018\/10\/08\/arrancou-o-projecto-de-modernizacao-do-porto-de-nacala-2\/"]}]},{"@type":"ImageObject","inLanguage":"en-US","@id":"https:\/\/www.cfm.co.mz\/2018\/10\/08\/arrancou-o-projecto-de-modernizacao-do-porto-de-nacala-2\/#primaryimage","url":"https:\/\/www.cfm.co.mz\/wp-content\/uploads\/2018\/10\/MTC_Porto_de_Nacala_3_de_Outubro_2018.jpg","contentUrl":"https:\/\/www.cfm.co.mz\/wp-content\/uploads\/2018\/10\/MTC_Porto_de_Nacala_3_de_Outubro_2018.jpg","width":1800,"height":1200,"caption":"MTC Porto de Nacala 3 de Outubro 2018"},{"@type":"BreadcrumbList","@id":"https:\/\/www.cfm.co.mz\/2018\/10\/08\/arrancou-o-projecto-de-modernizacao-do-porto-de-nacala-2\/#breadcrumb","itemListElement":[{"@type":"ListItem","position":1,"name":"Home","item":"https:\/\/www.cfm.co.mz\/"},{"@type":"ListItem","position":2,"name":"Arranca o Projecto de Moderniza\u00e7\u00e3o do Porto de Nacala"}]},{"@type":"WebSite","@id":"https:\/\/www.cfm.co.mz\/#website","url":"https:\/\/www.cfm.co.mz\/","name":"CFM - Caminhos De Ferros de Mo\u00e7ambique","description":"Ampliando Horizontes","publisher":{"@id":"https:\/\/www.cfm.co.mz\/#organization"},"potentialAction":[{"@type":"SearchAction","target":{"@type":"EntryPoint","urlTemplate":"https:\/\/www.cfm.co.mz\/?s={search_term_string}"},"query-input":{"@type":"PropertyValueSpecification","valueRequired":true,"valueName":"search_term_string"}}],"inLanguage":"en-US"},{"@type":"Organization","@id":"https:\/\/www.cfm.co.mz\/#organization","name":"CFM - Caminhos De Ferros de Mo\u00e7ambique","url":"https:\/\/www.cfm.co.mz\/","logo":{"@type":"ImageObject","inLanguage":"en-US","@id":"https:\/\/www.cfm.co.mz\/#\/schema\/logo\/image\/","url":"https:\/\/www.cfm.co.mz\/wp-content\/uploads\/2025\/07\/be5f0679-4f5b-4d02-9719-a26ceed29162.jpg","contentUrl":"https:\/\/www.cfm.co.mz\/wp-content\/uploads\/2025\/07\/be5f0679-4f5b-4d02-9719-a26ceed29162.jpg","width":400,"height":65,"caption":"CFM - Caminhos De Ferros de Mo\u00e7ambique"},"image":{"@id":"https:\/\/www.cfm.co.mz\/#\/schema\/logo\/image\/"},"sameAs":["https:\/\/www.facebook.com\/CFMMoz","https:\/\/www.linkedin.com\/company\/caminhos-de-ferro-de-moambique\/"]},{"@type":"Person","@id":"https:\/\/www.cfm.co.mz\/#\/schema\/person\/1bb663f3c59dc61900f6f9b1c2b53552","name":"D\u00e9rcio Badru","image":{"@type":"ImageObject","inLanguage":"en-US","@id":"https:\/\/www.cfm.co.mz\/#\/schema\/person\/image\/","url":"https:\/\/www.cfm.co.mz\/wp-content\/litespeed\/avatar\/be89d6955942d7259ef76de4577d21b3.jpg?ver=1777454359","contentUrl":"https:\/\/www.cfm.co.mz\/wp-content\/litespeed\/avatar\/be89d6955942d7259ef76de4577d21b3.jpg?ver=1777454359","caption":"D\u00e9rcio Badru"},"url":"https:\/\/www.cfm.co.mz\/en\/author\/dercio\/"}]}},"_links":{"self":[{"href":"https:\/\/www.cfm.co.mz\/en\/wp-json\/wp\/v2\/posts\/9028","targetHints":{"allow":["GET"]}}],"collection":[{"href":"https:\/\/www.cfm.co.mz\/en\/wp-json\/wp\/v2\/posts"}],"about":[{"href":"https:\/\/www.cfm.co.mz\/en\/wp-json\/wp\/v2\/types\/post"}],"author":[{"embeddable":true,"href":"https:\/\/www.cfm.co.mz\/en\/wp-json\/wp\/v2\/users\/94"}],"replies":[{"embeddable":true,"href":"https:\/\/www.cfm.co.mz\/en\/wp-json\/wp\/v2\/comments?post=9028"}],"version-history":[{"count":0,"href":"https:\/\/www.cfm.co.mz\/en\/wp-json\/wp\/v2\/posts\/9028\/revisions"}],"wp:featuredmedia":[{"embeddable":true,"href":"https:\/\/www.cfm.co.mz\/en\/wp-json\/wp\/v2\/media\/9019"}],"wp:attachment":[{"href":"https:\/\/www.cfm.co.mz\/en\/wp-json\/wp\/v2\/media?parent=9028"}],"wp:term":[{"taxonomy":"category","embeddable":true,"href":"https:\/\/www.cfm.co.mz\/en\/wp-json\/wp\/v2\/categories?post=9028"},{"taxonomy":"post_tag","embeddable":true,"href":"https:\/\/www.cfm.co.mz\/en\/wp-json\/wp\/v2\/tags?post=9028"}],"curies":[{"name":"wp","href":"https:\/\/api.w.org\/{rel}","templated":true}]}}