{"id":9020,"date":"2018-07-11T13:52:51","date_gmt":"2018-07-11T13:52:51","guid":{"rendered":"https:\/\/www.cfm.co.mz\/2018\/07\/11\/cfm-apresenta-desempenho-produtivo-e-economico-financeiro-positivos-com-olhar-para-o-futuro-2\/"},"modified":"2018-07-11T13:52:51","modified_gmt":"2018-07-11T13:52:51","slug":"cfm-apresenta-desempenho-produtivo-e-economico-financeiro-positivos-com-olhar-para-o-futuro-2","status":"publish","type":"post","link":"https:\/\/www.cfm.co.mz\/en\/2018\/07\/11\/cfm-apresenta-desempenho-produtivo-e-economico-financeiro-positivos-com-olhar-para-o-futuro-2\/","title":{"rendered":"CFM apresenta Desempenho Produtivo e Econ\u00f3mico-Financeiro positivos com olhar para o futuro"},"content":{"rendered":"<p><a href=\"http:\/\/www.cfm.co.mz\/wp-content\/uploads\/2018\/07\/123-anos-dos-CFM_PCA.jpg\" type=\"image\/jpeg\" class=\"jcepopup zoom-bottom-right\" data-mediabox=\"1\" data-mediabox-width=\"800\" data-mediabox-height=\"600\" data-mediabox-caption=\"Eng. Miguel Jos\u00e9 Matabel discursando durante a visita do Presidente da Rep\u00fablica ao CFM\"><img decoding=\"async\" src=\"http:\/\/www.cfm.co.mz\/wp-content\/uploads\/2018\/07\/123-anos-dos-CFM_PCA.jpg\" alt=\"123 anos dos CFM PCA\" width=\"250\" height=\"167\" style=\"margin: 5px; float: left;\" \/><\/a>A Empresa Portos e Caminhos de Ferro de Mo\u00e7ambique, E.P (CFM) vai investir, nos pr\u00f3ximos 3 anos, no sector ferrovi\u00e1rio, USD 300,6 milh\u00f5es em linhas f\u00e9rreas e em Material Circulante (locomotivas e vag\u00f5es).<\/p>\n<p style=\"text-align: justify;\">No sector portu\u00e1rio, os CFM v\u00e3o investir de 2018 a 2020 na dragagem de emerg\u00eancia e de manuten\u00e7\u00e3o do canal de acesso, cais de acostagem e bacia de manobras com USD 33,9 Milh\u00f5es, aquisi\u00e7\u00e3o de 2 Rebocadores e Barco Piloto para o Porto da Beira em USD 25,9 Milh\u00f5es e obras e outros equipamentos portu\u00e1rios com USD 32,2 milh\u00f5es (<em>Reach Stakers, Forklifts<\/em>, Sistema VTS, Veda\u00e7\u00f5es).<\/p>\n<p style=\"text-align: justify;\">Esta informa\u00e7\u00e3o consta do Plano Estrat\u00e9gico da empresa apresentado pelo Presidente do Conselho de Administra\u00e7\u00e3o Eng. Miguel Jos\u00e9 Matabel, durante a celebra\u00e7\u00e3o do 123\u00ba Anivers\u00e1rio dos CFM assinalado no dia 8 de Julho, cuja comemora\u00e7\u00e3o teve lugar na Esta\u00e7\u00e3o Central dos CFM-Sul, no dia 9 de Julho, na presen\u00e7a do Presidente da Rep\u00fablica, Filipe Nyusi, do Ministro dos Transportes e Comunica\u00e7\u00f5es, Carlos Mesquita, antigos dirigentes da empresa e milhares de trabalhadores.<\/p>\n<p><!--more--><\/p>\n<p style=\"text-align: justify;\">Na ocasi\u00e3o, para al\u00e9m do Plano Estrat\u00e9gico (2018 \u2013 2020), o Eng. Matabel apresentou o desempenho produtivo, econ\u00f3mico e financeiro dos \u00faltimos tr\u00eas anos da empresa que tem como objecto principal o transporte ferrovi\u00e1rio de pessoas e mercadoria, bem como o manuseamento portu\u00e1rio de mercadorias.<br \/>Em termos de produ\u00e7\u00e3o global, no tr\u00e1fego ferrovi\u00e1rio foram transportadas 22.3 milh\u00f5es de toneladas, no tr\u00e1fego portu\u00e1rio 43.7 milh\u00f5es de toneladas e transportados cerca de 7.9 milh\u00f5es de passageiros.<\/p>\n<p style=\"text-align: justify;\">Em termos de resultados econ\u00f3micos e financeiros, os CFM tiveram proveitos na ordem USD 258,5 milh\u00f5es, USD 192.0 milh\u00f5es de custos operacionais e resultados l\u00edquidos de USD 47,2 milh\u00f5es.<\/p>\n<p style=\"text-align: justify;\">At\u00e9 Maio de 2018, os CFM tinham activos fixos estimados em USD 594.2 milh\u00f5es, capital pr\u00f3prio de USD 597.5 milh\u00f5es, D\u00edvida de Longo Prazo avaliada em USD 56.7 milh\u00f5es e um <em>Cash-Flow<\/em> operacional de USD 88,3 milh\u00f5es.<\/p>\n<p style=\"text-align: justify;\"><a href=\"http:\/\/www.cfm.co.mz\/wp-content\/uploads\/2018\/07\/Visita-do-PR_Foto_Trabalhadores.jpg\" type=\"image\/jpeg\" class=\"jcepopup zoom-bottom-right\" data-mediabox=\"1\" data-mediabox-width=\"800\" data-mediabox-height=\"600\" data-mediabox-caption=\"Trabalhadores do CFM\"><img decoding=\"async\" src=\"http:\/\/www.cfm.co.mz\/wp-content\/uploads\/2018\/07\/Visita-do-PR_Foto_Trabalhadores.jpg\" alt=\"Visita do PR Foto Trabalhadores\" width=\"250\" height=\"167\" style=\"margin: 5px; float: right;\" \/><\/a>Operando com um capital humano total de cerca de 5.365 trabalhadores com idade m\u00e9dia 39 anos, os CFM t\u00eam planos que constituem desafios de forma\u00e7\u00e3o e de sucess\u00e3o para conferir compet\u00eancias e\/ou certificar os trabalhadores das \u00e1reas espec\u00edficas, no tri\u00e9nio 2018-2020, com enfoque na especializa\u00e7\u00e3o em manuten\u00e7\u00e3o de infra-estrutura e opera\u00e7\u00e3o ferro-portu\u00e1ria e provimento gradual das vacaturas abertas por t\u00e9cnicos especializados que saem do activo por imperativos de Lei.<\/p>\n<p style=\"text-align: justify;\">Tendo produzido lucros avaliados em pouco mais de 45 milh\u00f5es de d\u00f3lares no ano passado, os CFM pagaram em impostos e dividendos para o Estado mais de 90 milh\u00f5es de d\u00f3lares o que a fez merecer o galard\u00e3o de um dos maiores contribuintes em Mo\u00e7ambique atribu\u00eddo pela Autoridade Tribut\u00e1ria. Para o Chefe de Estado este facto mostra que a empresa tem contas em dia.<\/p>\n<p style=\"text-align: justify;\">Com a vis\u00e3o de ser refer\u00eancia e melhor op\u00e7\u00e3o log\u00edstica pela qualidade dos servi\u00e7os e relacionamentos, a empresa tem estado a desenvolver um sistema ferro-portu\u00e1rio, para que seja moderno, competitivo, eficiente e orientado ao mercado com vista a gerar mais impostos e dividendos para o Estado, aumentar a capacidade de presta\u00e7\u00e3o do servi\u00e7o de transporte de passageiros e resgatar o tr\u00e1fego tradicional da ferrovia.<\/p>","protected":false},"excerpt":{"rendered":"<p>A Empresa Portos e Caminhos de Ferro de Mo\u00e7ambique, E.P (CFM) vai investir, nos pr\u00f3ximos 3 anos, no sector ferrovi\u00e1rio, USD 300,6 milh\u00f5es em linhas f\u00e9rreas e em Material Circulante (locomotivas e vag\u00f5es). No sector portu\u00e1rio, os CFM v\u00e3o investir de 2018 a 2020 na dragagem de emerg\u00eancia e de manuten\u00e7\u00e3o do canal de acesso, cais de acostagem e bacia de manobras com USD 33,9 Milh\u00f5es, aquisi\u00e7\u00e3o de 2 Rebocadores e Barco Piloto para o Porto da Beira em USD 25,9 Milh\u00f5es e obras e outros equipamentos portu\u00e1rios com USD 32,2 milh\u00f5es (Reach Stakers, Forklifts, Sistema VTS, Veda\u00e7\u00f5es). Esta informa\u00e7\u00e3o consta do Plano Estrat\u00e9gico da empresa apresentado pelo Presidente do Conselho de Administra\u00e7\u00e3o Eng. Miguel Jos\u00e9 Matabel, durante a celebra\u00e7\u00e3o do 123\u00ba Anivers\u00e1rio dos CFM assinalado no dia 8 de Julho, cuja comemora\u00e7\u00e3o teve lugar na Esta\u00e7\u00e3o Central dos CFM-Sul, no dia 9 de Julho, na presen\u00e7a do Presidente da Rep\u00fablica, Filipe Nyusi, do Ministro dos Transportes e Comunica\u00e7\u00f5es, Carlos Mesquita, antigos dirigentes da empresa e milhares de trabalhadores.<\/p>","protected":false},"author":94,"featured_media":9008,"comment_status":"open","ping_status":"open","sticky":false,"template":"","format":"standard","meta":{"_acf_changed":false,"pgc_sgb_lightbox_settings":"","footnotes":""},"categories":[680],"tags":[],"class_list":["post-9020","post","type-post","status-publish","format-standard","has-post-thumbnail","hentry","category-noticias"],"acf":[],"yoast_head":"<!-- This site is optimized with the Yoast SEO plugin v26.5 - https:\/\/yoast.com\/wordpress\/plugins\/seo\/ -->\n<title>CFM apresenta Desempenho Produtivo e Econ\u00f3mico-Financeiro positivos com olhar para o futuro - CFM - Caminhos De Ferros de Mo\u00e7ambique<\/title>\n<meta name=\"robots\" content=\"index, follow, max-snippet:-1, max-image-preview:large, max-video-preview:-1\" \/>\n<link rel=\"canonical\" href=\"https:\/\/www.cfm.co.mz\/en\/2018\/07\/11\/cfm-apresenta-desempenho-produtivo-e-economico-financeiro-positivos-com-olhar-para-o-futuro-2\/\" \/>\n<meta property=\"og:locale\" content=\"en_US\" \/>\n<meta property=\"og:type\" content=\"article\" \/>\n<meta property=\"og:title\" content=\"CFM apresenta Desempenho Produtivo e Econ\u00f3mico-Financeiro positivos com olhar para o futuro - CFM - Caminhos De Ferros de Mo\u00e7ambique\" \/>\n<meta property=\"og:description\" content=\"A Empresa Portos e Caminhos de Ferro de Mo\u00e7ambique, E.P (CFM) vai investir, nos pr\u00f3ximos 3 anos, no sector ferrovi\u00e1rio, USD 300,6 milh\u00f5es em linhas f\u00e9rreas e em Material Circulante (locomotivas e vag\u00f5es). No sector portu\u00e1rio, os CFM v\u00e3o investir de 2018 a 2020 na dragagem de emerg\u00eancia e de manuten\u00e7\u00e3o do canal de acesso, cais de acostagem e bacia de manobras com USD 33,9 Milh\u00f5es, aquisi\u00e7\u00e3o de 2 Rebocadores e Barco Piloto para o Porto da Beira em USD 25,9 Milh\u00f5es e obras e outros equipamentos portu\u00e1rios com USD 32,2 milh\u00f5es (Reach Stakers, Forklifts, Sistema VTS, Veda\u00e7\u00f5es). Esta informa\u00e7\u00e3o consta do Plano Estrat\u00e9gico da empresa apresentado pelo Presidente do Conselho de Administra\u00e7\u00e3o Eng. Miguel Jos\u00e9 Matabel, durante a celebra\u00e7\u00e3o do 123\u00ba Anivers\u00e1rio dos CFM assinalado no dia 8 de Julho, cuja comemora\u00e7\u00e3o teve lugar na Esta\u00e7\u00e3o Central dos CFM-Sul, no dia 9 de Julho, na presen\u00e7a do Presidente da Rep\u00fablica, Filipe Nyusi, do Ministro dos Transportes e Comunica\u00e7\u00f5es, Carlos Mesquita, antigos dirigentes da empresa e milhares de trabalhadores.\" \/>\n<meta property=\"og:url\" content=\"https:\/\/www.cfm.co.mz\/en\/2018\/07\/11\/cfm-apresenta-desempenho-produtivo-e-economico-financeiro-positivos-com-olhar-para-o-futuro-2\/\" \/>\n<meta property=\"og:site_name\" content=\"CFM - Caminhos De Ferros de Mo\u00e7ambique\" \/>\n<meta property=\"article:publisher\" content=\"https:\/\/www.facebook.com\/CFMMoz\" \/>\n<meta property=\"article:published_time\" content=\"2018-07-11T13:52:51+00:00\" \/>\n<meta property=\"og:image\" content=\"https:\/\/www.cfm.co.mz\/wp-content\/uploads\/2018\/07\/123-anos-dos-CFM_PCA.jpg\" \/>\n\t<meta property=\"og:image:width\" content=\"1800\" \/>\n\t<meta property=\"og:image:height\" content=\"1200\" \/>\n\t<meta property=\"og:image:type\" content=\"image\/jpeg\" \/>\n<meta name=\"author\" content=\"D\u00e9rcio Badru\" \/>\n<meta name=\"twitter:card\" content=\"summary_large_image\" \/>\n<meta name=\"twitter:label1\" content=\"Written by\" \/>\n\t<meta name=\"twitter:data1\" content=\"D\u00e9rcio Badru\" \/>\n\t<meta name=\"twitter:label2\" content=\"Est. reading time\" \/>\n\t<meta name=\"twitter:data2\" content=\"3 minutes\" \/>\n<script type=\"application\/ld+json\" class=\"yoast-schema-graph\">{\"@context\":\"https:\/\/schema.org\",\"@graph\":[{\"@type\":\"Article\",\"@id\":\"https:\/\/www.cfm.co.mz\/2018\/07\/11\/cfm-apresenta-desempenho-produtivo-e-economico-financeiro-positivos-com-olhar-para-o-futuro-2\/#article\",\"isPartOf\":{\"@id\":\"https:\/\/www.cfm.co.mz\/2018\/07\/11\/cfm-apresenta-desempenho-produtivo-e-economico-financeiro-positivos-com-olhar-para-o-futuro-2\/\"},\"author\":{\"name\":\"D\u00e9rcio Badru\",\"@id\":\"https:\/\/www.cfm.co.mz\/#\/schema\/person\/1bb663f3c59dc61900f6f9b1c2b53552\"},\"headline\":\"CFM apresenta Desempenho Produtivo e Econ\u00f3mico-Financeiro positivos com olhar para o futuro\",\"datePublished\":\"2018-07-11T13:52:51+00:00\",\"mainEntityOfPage\":{\"@id\":\"https:\/\/www.cfm.co.mz\/2018\/07\/11\/cfm-apresenta-desempenho-produtivo-e-economico-financeiro-positivos-com-olhar-para-o-futuro-2\/\"},\"wordCount\":573,\"commentCount\":0,\"publisher\":{\"@id\":\"https:\/\/www.cfm.co.mz\/#organization\"},\"image\":{\"@id\":\"https:\/\/www.cfm.co.mz\/2018\/07\/11\/cfm-apresenta-desempenho-produtivo-e-economico-financeiro-positivos-com-olhar-para-o-futuro-2\/#primaryimage\"},\"thumbnailUrl\":\"https:\/\/www.cfm.co.mz\/wp-content\/uploads\/2018\/07\/123-anos-dos-CFM_PCA.jpg\",\"articleSection\":[\"Noticias\"],\"inLanguage\":\"en-US\",\"potentialAction\":[{\"@type\":\"CommentAction\",\"name\":\"Comment\",\"target\":[\"https:\/\/www.cfm.co.mz\/2018\/07\/11\/cfm-apresenta-desempenho-produtivo-e-economico-financeiro-positivos-com-olhar-para-o-futuro-2\/#respond\"]}]},{\"@type\":\"WebPage\",\"@id\":\"https:\/\/www.cfm.co.mz\/2018\/07\/11\/cfm-apresenta-desempenho-produtivo-e-economico-financeiro-positivos-com-olhar-para-o-futuro-2\/\",\"url\":\"https:\/\/www.cfm.co.mz\/2018\/07\/11\/cfm-apresenta-desempenho-produtivo-e-economico-financeiro-positivos-com-olhar-para-o-futuro-2\/\",\"name\":\"CFM apresenta Desempenho Produtivo e Econ\u00f3mico-Financeiro positivos com olhar para o futuro - CFM - Caminhos De Ferros de Mo\u00e7ambique\",\"isPartOf\":{\"@id\":\"https:\/\/www.cfm.co.mz\/#website\"},\"primaryImageOfPage\":{\"@id\":\"https:\/\/www.cfm.co.mz\/2018\/07\/11\/cfm-apresenta-desempenho-produtivo-e-economico-financeiro-positivos-com-olhar-para-o-futuro-2\/#primaryimage\"},\"image\":{\"@id\":\"https:\/\/www.cfm.co.mz\/2018\/07\/11\/cfm-apresenta-desempenho-produtivo-e-economico-financeiro-positivos-com-olhar-para-o-futuro-2\/#primaryimage\"},\"thumbnailUrl\":\"https:\/\/www.cfm.co.mz\/wp-content\/uploads\/2018\/07\/123-anos-dos-CFM_PCA.jpg\",\"datePublished\":\"2018-07-11T13:52:51+00:00\",\"breadcrumb\":{\"@id\":\"https:\/\/www.cfm.co.mz\/2018\/07\/11\/cfm-apresenta-desempenho-produtivo-e-economico-financeiro-positivos-com-olhar-para-o-futuro-2\/#breadcrumb\"},\"inLanguage\":\"en-US\",\"potentialAction\":[{\"@type\":\"ReadAction\",\"target\":[\"https:\/\/www.cfm.co.mz\/2018\/07\/11\/cfm-apresenta-desempenho-produtivo-e-economico-financeiro-positivos-com-olhar-para-o-futuro-2\/\"]}]},{\"@type\":\"ImageObject\",\"inLanguage\":\"en-US\",\"@id\":\"https:\/\/www.cfm.co.mz\/2018\/07\/11\/cfm-apresenta-desempenho-produtivo-e-economico-financeiro-positivos-com-olhar-para-o-futuro-2\/#primaryimage\",\"url\":\"https:\/\/www.cfm.co.mz\/wp-content\/uploads\/2018\/07\/123-anos-dos-CFM_PCA.jpg\",\"contentUrl\":\"https:\/\/www.cfm.co.mz\/wp-content\/uploads\/2018\/07\/123-anos-dos-CFM_PCA.jpg\",\"width\":1800,\"height\":1200,\"caption\":\"123 anos dos CFM PCA\"},{\"@type\":\"BreadcrumbList\",\"@id\":\"https:\/\/www.cfm.co.mz\/2018\/07\/11\/cfm-apresenta-desempenho-produtivo-e-economico-financeiro-positivos-com-olhar-para-o-futuro-2\/#breadcrumb\",\"itemListElement\":[{\"@type\":\"ListItem\",\"position\":1,\"name\":\"Home\",\"item\":\"https:\/\/www.cfm.co.mz\/\"},{\"@type\":\"ListItem\",\"position\":2,\"name\":\"CFM apresenta Desempenho Produtivo e Econ\u00f3mico-Financeiro positivos com olhar para o futuro\"}]},{\"@type\":\"WebSite\",\"@id\":\"https:\/\/www.cfm.co.mz\/#website\",\"url\":\"https:\/\/www.cfm.co.mz\/\",\"name\":\"CFM - Caminhos De Ferros de Mo\u00e7ambique\",\"description\":\"Ampliando Horizontes\",\"publisher\":{\"@id\":\"https:\/\/www.cfm.co.mz\/#organization\"},\"potentialAction\":[{\"@type\":\"SearchAction\",\"target\":{\"@type\":\"EntryPoint\",\"urlTemplate\":\"https:\/\/www.cfm.co.mz\/?s={search_term_string}\"},\"query-input\":{\"@type\":\"PropertyValueSpecification\",\"valueRequired\":true,\"valueName\":\"search_term_string\"}}],\"inLanguage\":\"en-US\"},{\"@type\":\"Organization\",\"@id\":\"https:\/\/www.cfm.co.mz\/#organization\",\"name\":\"CFM - Caminhos De Ferros de Mo\u00e7ambique\",\"url\":\"https:\/\/www.cfm.co.mz\/\",\"logo\":{\"@type\":\"ImageObject\",\"inLanguage\":\"en-US\",\"@id\":\"https:\/\/www.cfm.co.mz\/#\/schema\/logo\/image\/\",\"url\":\"https:\/\/www.cfm.co.mz\/wp-content\/uploads\/2025\/07\/be5f0679-4f5b-4d02-9719-a26ceed29162.jpg\",\"contentUrl\":\"https:\/\/www.cfm.co.mz\/wp-content\/uploads\/2025\/07\/be5f0679-4f5b-4d02-9719-a26ceed29162.jpg\",\"width\":400,\"height\":65,\"caption\":\"CFM - Caminhos De Ferros de Mo\u00e7ambique\"},\"image\":{\"@id\":\"https:\/\/www.cfm.co.mz\/#\/schema\/logo\/image\/\"},\"sameAs\":[\"https:\/\/www.facebook.com\/CFMMoz\",\"https:\/\/www.linkedin.com\/company\/caminhos-de-ferro-de-moambique\/\"]},{\"@type\":\"Person\",\"@id\":\"https:\/\/www.cfm.co.mz\/#\/schema\/person\/1bb663f3c59dc61900f6f9b1c2b53552\",\"name\":\"D\u00e9rcio Badru\",\"image\":{\"@type\":\"ImageObject\",\"inLanguage\":\"en-US\",\"@id\":\"https:\/\/www.cfm.co.mz\/#\/schema\/person\/image\/\",\"url\":\"https:\/\/www.cfm.co.mz\/wp-content\/litespeed\/avatar\/be89d6955942d7259ef76de4577d21b3.jpg?ver=1777454359\",\"contentUrl\":\"https:\/\/www.cfm.co.mz\/wp-content\/litespeed\/avatar\/be89d6955942d7259ef76de4577d21b3.jpg?ver=1777454359\",\"caption\":\"D\u00e9rcio Badru\"},\"url\":\"https:\/\/www.cfm.co.mz\/en\/author\/dercio\/\"}]}<\/script>\n<!-- \/ Yoast SEO plugin. -->","yoast_head_json":{"title":"CFM apresenta Desempenho Produtivo e Econ\u00f3mico-Financeiro positivos com olhar para o futuro - CFM - Caminhos De Ferros de Mo\u00e7ambique","robots":{"index":"index","follow":"follow","max-snippet":"max-snippet:-1","max-image-preview":"max-image-preview:large","max-video-preview":"max-video-preview:-1"},"canonical":"https:\/\/www.cfm.co.mz\/en\/2018\/07\/11\/cfm-apresenta-desempenho-produtivo-e-economico-financeiro-positivos-com-olhar-para-o-futuro-2\/","og_locale":"en_US","og_type":"article","og_title":"CFM apresenta Desempenho Produtivo e Econ\u00f3mico-Financeiro positivos com olhar para o futuro - CFM - Caminhos De Ferros de Mo\u00e7ambique","og_description":"A Empresa Portos e Caminhos de Ferro de Mo\u00e7ambique, E.P (CFM) vai investir, nos pr\u00f3ximos 3 anos, no sector ferrovi\u00e1rio, USD 300,6 milh\u00f5es em linhas f\u00e9rreas e em Material Circulante (locomotivas e vag\u00f5es). No sector portu\u00e1rio, os CFM v\u00e3o investir de 2018 a 2020 na dragagem de emerg\u00eancia e de manuten\u00e7\u00e3o do canal de acesso, cais de acostagem e bacia de manobras com USD 33,9 Milh\u00f5es, aquisi\u00e7\u00e3o de 2 Rebocadores e Barco Piloto para o Porto da Beira em USD 25,9 Milh\u00f5es e obras e outros equipamentos portu\u00e1rios com USD 32,2 milh\u00f5es (Reach Stakers, Forklifts, Sistema VTS, Veda\u00e7\u00f5es). Esta informa\u00e7\u00e3o consta do Plano Estrat\u00e9gico da empresa apresentado pelo Presidente do Conselho de Administra\u00e7\u00e3o Eng. Miguel Jos\u00e9 Matabel, durante a celebra\u00e7\u00e3o do 123\u00ba Anivers\u00e1rio dos CFM assinalado no dia 8 de Julho, cuja comemora\u00e7\u00e3o teve lugar na Esta\u00e7\u00e3o Central dos CFM-Sul, no dia 9 de Julho, na presen\u00e7a do Presidente da Rep\u00fablica, Filipe Nyusi, do Ministro dos Transportes e Comunica\u00e7\u00f5es, Carlos Mesquita, antigos dirigentes da empresa e milhares de trabalhadores.","og_url":"https:\/\/www.cfm.co.mz\/en\/2018\/07\/11\/cfm-apresenta-desempenho-produtivo-e-economico-financeiro-positivos-com-olhar-para-o-futuro-2\/","og_site_name":"CFM - Caminhos De Ferros de Mo\u00e7ambique","article_publisher":"https:\/\/www.facebook.com\/CFMMoz","article_published_time":"2018-07-11T13:52:51+00:00","og_image":[{"width":1800,"height":1200,"url":"https:\/\/www.cfm.co.mz\/wp-content\/uploads\/2018\/07\/123-anos-dos-CFM_PCA.jpg","type":"image\/jpeg"}],"author":"D\u00e9rcio Badru","twitter_card":"summary_large_image","twitter_misc":{"Written by":"D\u00e9rcio Badru","Est. reading time":"3 minutes"},"schema":{"@context":"https:\/\/schema.org","@graph":[{"@type":"Article","@id":"https:\/\/www.cfm.co.mz\/2018\/07\/11\/cfm-apresenta-desempenho-produtivo-e-economico-financeiro-positivos-com-olhar-para-o-futuro-2\/#article","isPartOf":{"@id":"https:\/\/www.cfm.co.mz\/2018\/07\/11\/cfm-apresenta-desempenho-produtivo-e-economico-financeiro-positivos-com-olhar-para-o-futuro-2\/"},"author":{"name":"D\u00e9rcio Badru","@id":"https:\/\/www.cfm.co.mz\/#\/schema\/person\/1bb663f3c59dc61900f6f9b1c2b53552"},"headline":"CFM apresenta Desempenho Produtivo e Econ\u00f3mico-Financeiro positivos com olhar para o futuro","datePublished":"2018-07-11T13:52:51+00:00","mainEntityOfPage":{"@id":"https:\/\/www.cfm.co.mz\/2018\/07\/11\/cfm-apresenta-desempenho-produtivo-e-economico-financeiro-positivos-com-olhar-para-o-futuro-2\/"},"wordCount":573,"commentCount":0,"publisher":{"@id":"https:\/\/www.cfm.co.mz\/#organization"},"image":{"@id":"https:\/\/www.cfm.co.mz\/2018\/07\/11\/cfm-apresenta-desempenho-produtivo-e-economico-financeiro-positivos-com-olhar-para-o-futuro-2\/#primaryimage"},"thumbnailUrl":"https:\/\/www.cfm.co.mz\/wp-content\/uploads\/2018\/07\/123-anos-dos-CFM_PCA.jpg","articleSection":["Noticias"],"inLanguage":"en-US","potentialAction":[{"@type":"CommentAction","name":"Comment","target":["https:\/\/www.cfm.co.mz\/2018\/07\/11\/cfm-apresenta-desempenho-produtivo-e-economico-financeiro-positivos-com-olhar-para-o-futuro-2\/#respond"]}]},{"@type":"WebPage","@id":"https:\/\/www.cfm.co.mz\/2018\/07\/11\/cfm-apresenta-desempenho-produtivo-e-economico-financeiro-positivos-com-olhar-para-o-futuro-2\/","url":"https:\/\/www.cfm.co.mz\/2018\/07\/11\/cfm-apresenta-desempenho-produtivo-e-economico-financeiro-positivos-com-olhar-para-o-futuro-2\/","name":"CFM apresenta Desempenho Produtivo e Econ\u00f3mico-Financeiro positivos com olhar para o futuro - CFM - Caminhos De Ferros de Mo\u00e7ambique","isPartOf":{"@id":"https:\/\/www.cfm.co.mz\/#website"},"primaryImageOfPage":{"@id":"https:\/\/www.cfm.co.mz\/2018\/07\/11\/cfm-apresenta-desempenho-produtivo-e-economico-financeiro-positivos-com-olhar-para-o-futuro-2\/#primaryimage"},"image":{"@id":"https:\/\/www.cfm.co.mz\/2018\/07\/11\/cfm-apresenta-desempenho-produtivo-e-economico-financeiro-positivos-com-olhar-para-o-futuro-2\/#primaryimage"},"thumbnailUrl":"https:\/\/www.cfm.co.mz\/wp-content\/uploads\/2018\/07\/123-anos-dos-CFM_PCA.jpg","datePublished":"2018-07-11T13:52:51+00:00","breadcrumb":{"@id":"https:\/\/www.cfm.co.mz\/2018\/07\/11\/cfm-apresenta-desempenho-produtivo-e-economico-financeiro-positivos-com-olhar-para-o-futuro-2\/#breadcrumb"},"inLanguage":"en-US","potentialAction":[{"@type":"ReadAction","target":["https:\/\/www.cfm.co.mz\/2018\/07\/11\/cfm-apresenta-desempenho-produtivo-e-economico-financeiro-positivos-com-olhar-para-o-futuro-2\/"]}]},{"@type":"ImageObject","inLanguage":"en-US","@id":"https:\/\/www.cfm.co.mz\/2018\/07\/11\/cfm-apresenta-desempenho-produtivo-e-economico-financeiro-positivos-com-olhar-para-o-futuro-2\/#primaryimage","url":"https:\/\/www.cfm.co.mz\/wp-content\/uploads\/2018\/07\/123-anos-dos-CFM_PCA.jpg","contentUrl":"https:\/\/www.cfm.co.mz\/wp-content\/uploads\/2018\/07\/123-anos-dos-CFM_PCA.jpg","width":1800,"height":1200,"caption":"123 anos dos CFM PCA"},{"@type":"BreadcrumbList","@id":"https:\/\/www.cfm.co.mz\/2018\/07\/11\/cfm-apresenta-desempenho-produtivo-e-economico-financeiro-positivos-com-olhar-para-o-futuro-2\/#breadcrumb","itemListElement":[{"@type":"ListItem","position":1,"name":"Home","item":"https:\/\/www.cfm.co.mz\/"},{"@type":"ListItem","position":2,"name":"CFM apresenta Desempenho Produtivo e Econ\u00f3mico-Financeiro positivos com olhar para o futuro"}]},{"@type":"WebSite","@id":"https:\/\/www.cfm.co.mz\/#website","url":"https:\/\/www.cfm.co.mz\/","name":"CFM - Caminhos De Ferros de Mo\u00e7ambique","description":"Ampliando Horizontes","publisher":{"@id":"https:\/\/www.cfm.co.mz\/#organization"},"potentialAction":[{"@type":"SearchAction","target":{"@type":"EntryPoint","urlTemplate":"https:\/\/www.cfm.co.mz\/?s={search_term_string}"},"query-input":{"@type":"PropertyValueSpecification","valueRequired":true,"valueName":"search_term_string"}}],"inLanguage":"en-US"},{"@type":"Organization","@id":"https:\/\/www.cfm.co.mz\/#organization","name":"CFM - Caminhos De Ferros de Mo\u00e7ambique","url":"https:\/\/www.cfm.co.mz\/","logo":{"@type":"ImageObject","inLanguage":"en-US","@id":"https:\/\/www.cfm.co.mz\/#\/schema\/logo\/image\/","url":"https:\/\/www.cfm.co.mz\/wp-content\/uploads\/2025\/07\/be5f0679-4f5b-4d02-9719-a26ceed29162.jpg","contentUrl":"https:\/\/www.cfm.co.mz\/wp-content\/uploads\/2025\/07\/be5f0679-4f5b-4d02-9719-a26ceed29162.jpg","width":400,"height":65,"caption":"CFM - Caminhos De Ferros de Mo\u00e7ambique"},"image":{"@id":"https:\/\/www.cfm.co.mz\/#\/schema\/logo\/image\/"},"sameAs":["https:\/\/www.facebook.com\/CFMMoz","https:\/\/www.linkedin.com\/company\/caminhos-de-ferro-de-moambique\/"]},{"@type":"Person","@id":"https:\/\/www.cfm.co.mz\/#\/schema\/person\/1bb663f3c59dc61900f6f9b1c2b53552","name":"D\u00e9rcio Badru","image":{"@type":"ImageObject","inLanguage":"en-US","@id":"https:\/\/www.cfm.co.mz\/#\/schema\/person\/image\/","url":"https:\/\/www.cfm.co.mz\/wp-content\/litespeed\/avatar\/be89d6955942d7259ef76de4577d21b3.jpg?ver=1777454359","contentUrl":"https:\/\/www.cfm.co.mz\/wp-content\/litespeed\/avatar\/be89d6955942d7259ef76de4577d21b3.jpg?ver=1777454359","caption":"D\u00e9rcio Badru"},"url":"https:\/\/www.cfm.co.mz\/en\/author\/dercio\/"}]}},"_links":{"self":[{"href":"https:\/\/www.cfm.co.mz\/en\/wp-json\/wp\/v2\/posts\/9020","targetHints":{"allow":["GET"]}}],"collection":[{"href":"https:\/\/www.cfm.co.mz\/en\/wp-json\/wp\/v2\/posts"}],"about":[{"href":"https:\/\/www.cfm.co.mz\/en\/wp-json\/wp\/v2\/types\/post"}],"author":[{"embeddable":true,"href":"https:\/\/www.cfm.co.mz\/en\/wp-json\/wp\/v2\/users\/94"}],"replies":[{"embeddable":true,"href":"https:\/\/www.cfm.co.mz\/en\/wp-json\/wp\/v2\/comments?post=9020"}],"version-history":[{"count":0,"href":"https:\/\/www.cfm.co.mz\/en\/wp-json\/wp\/v2\/posts\/9020\/revisions"}],"wp:featuredmedia":[{"embeddable":true,"href":"https:\/\/www.cfm.co.mz\/en\/wp-json\/wp\/v2\/media\/9008"}],"wp:attachment":[{"href":"https:\/\/www.cfm.co.mz\/en\/wp-json\/wp\/v2\/media?parent=9020"}],"wp:term":[{"taxonomy":"category","embeddable":true,"href":"https:\/\/www.cfm.co.mz\/en\/wp-json\/wp\/v2\/categories?post=9020"},{"taxonomy":"post_tag","embeddable":true,"href":"https:\/\/www.cfm.co.mz\/en\/wp-json\/wp\/v2\/tags?post=9020"}],"curies":[{"name":"wp","href":"https:\/\/api.w.org\/{rel}","templated":true}]}}