{"id":9013,"date":"2018-04-18T10:12:20","date_gmt":"2018-04-18T10:12:20","guid":{"rendered":"https:\/\/www.cfm.co.mz\/2018\/04\/18\/cfm-homenageia-a-mulher-ferro-portuaria-2\/"},"modified":"2018-04-18T10:12:20","modified_gmt":"2018-04-18T10:12:20","slug":"cfm-homenageia-a-mulher-ferro-portuaria-2","status":"publish","type":"post","link":"https:\/\/www.cfm.co.mz\/en\/2018\/04\/18\/cfm-homenageia-a-mulher-ferro-portuaria-2\/","title":{"rendered":"CFM homenageia a Mulher ferro-portu\u00e1ria"},"content":{"rendered":"<p><a href=\"http:\/\/www.cfm.co.mz\/wp-content\/uploads\/2018\/04\/Homenagem_7_de_Abril_2018.jpg\" class=\"jcepopup\" data-mediabox=\"1\"><img decoding=\"async\" src=\"http:\/\/www.cfm.co.mz\/wp-content\/uploads\/2018\/04\/Homenagem_7_de_Abril_2018.jpg\" alt=\"Homenagem 7 de Abril 2018\" width=\"250\" height=\"167\" style=\"margin-right: 10px; float: left;\" \/><\/a>Para assinalar as celebra\u00e7\u00f5es do 7 de Abril, Dia da Mulher Mo\u00e7ambicana, a Empresa Portos e Caminhos de Ferro de Mo\u00e7ambique (CFM), homenageou toda a Mulher Ferrovi\u00e1ria pelo seu empenho e dedica\u00e7\u00e3o na gest\u00e3o e produ\u00e7\u00e3o dos resultados positivos que a empresa regista.Para assinalar as celebra\u00e7\u00f5es do 7 de Abril, Dia da Mulher Mo\u00e7ambicana, a Empresa Portos e Caminhos de Ferro de Mo\u00e7ambique (CFM), homenageou toda a Mulher Ferrovi\u00e1ria pelo seu empenho e dedica\u00e7\u00e3o na gest\u00e3o e produ\u00e7\u00e3o dos resultados positivos que a empresa regista.<\/p>\n<p><!--more--><\/p>\n<p>De acordo com o Presidente do Conselho de Administra\u00e7\u00e3o (PCA) Eng. Miguel Matabel, <em>\u201cas mulheres quando se encontram \u00e9 para semear a educa\u00e7\u00e3o e a Paz, pelo que os homens t\u00eam o papel de defender e promover sempre as mulheres abrindo espa\u00e7os de progress\u00e3o nas carreiras profissionais e n\u00e3o s\u00f3\u201d<\/em>.<\/p>\n<p>O Eng. Miguel Matabel, reconheceu o contributo colectivo e individual que cada uma das colaboradoras presta na consolida\u00e7\u00e3o da actividade da empresa em diferentes \u00e1reas, desde a Operacional, Manuten\u00e7\u00e3o, Via e Obra, Sinaliza\u00e7\u00e3o, apenas para mencionar algumas. Deste modo, reiterou o compromisso da empresa CFM de sempre respeitar e encorajar as conquistas destas ferrovi\u00e1rias na empresa.<\/p>\n<p>A data foi assinalada atrav\u00e9s de uma palestra subordinada ao tema: <strong>\u201cPostura da Mulher Ferrovi\u00e1ria\u201d<\/strong>, e foi proferida pela <strong>Inspectora Destina Canda<\/strong>, que abordou assuntos sobre a viol\u00eancia dom\u00e9stica, div\u00f3rcio, viola\u00e7\u00e3o sexual e viola\u00e7\u00e3o de menores, tendo aconselhado as mulheres e homens ferrovi\u00e1rios a denunciarem estes actos em qualquer canto onde se encontrem, n\u00e3o s\u00f3 na empresa.<\/p>\n<p>Cerca de 300 mulheres representando as trabalhadoras ferro-portu\u00e1rias participaram da palestra.<\/p>","protected":false},"excerpt":{"rendered":"<p>Para assinalar as celebra\u00e7\u00f5es do 7 de Abril, Dia da Mulher Mo\u00e7ambicana, a Empresa Portos e Caminhos de Ferro de Mo\u00e7ambique (CFM), homenageou toda a Mulher Ferrovi\u00e1ria pelo seu empenho e dedica\u00e7\u00e3o na gest\u00e3o e produ\u00e7\u00e3o dos resultados positivos que a empresa regista.Para assinalar as celebra\u00e7\u00f5es do 7 de Abril, Dia da Mulher Mo\u00e7ambicana, a Empresa Portos e Caminhos de Ferro de Mo\u00e7ambique (CFM), homenageou toda a Mulher Ferrovi\u00e1ria pelo seu empenho e dedica\u00e7\u00e3o na gest\u00e3o e produ\u00e7\u00e3o dos resultados positivos que a empresa regista.<\/p>","protected":false},"author":94,"featured_media":8994,"comment_status":"open","ping_status":"open","sticky":false,"template":"","format":"standard","meta":{"_acf_changed":false,"pgc_sgb_lightbox_settings":"","footnotes":""},"categories":[680],"tags":[],"class_list":["post-9013","post","type-post","status-publish","format-standard","has-post-thumbnail","hentry","category-noticias"],"acf":[],"yoast_head":"<!-- This site is optimized with the Yoast SEO plugin v26.5 - https:\/\/yoast.com\/wordpress\/plugins\/seo\/ -->\n<title>CFM homenageia a Mulher ferro-portu\u00e1ria - CFM - Caminhos De Ferros de Mo\u00e7ambique<\/title>\n<meta name=\"robots\" content=\"index, follow, max-snippet:-1, max-image-preview:large, max-video-preview:-1\" \/>\n<link rel=\"canonical\" href=\"https:\/\/www.cfm.co.mz\/en\/2018\/04\/18\/cfm-homenageia-a-mulher-ferro-portuaria-2\/\" \/>\n<meta property=\"og:locale\" content=\"en_US\" \/>\n<meta property=\"og:type\" content=\"article\" \/>\n<meta property=\"og:title\" content=\"CFM homenageia a Mulher ferro-portu\u00e1ria - CFM - Caminhos De Ferros de Mo\u00e7ambique\" \/>\n<meta property=\"og:description\" content=\"Para assinalar as celebra\u00e7\u00f5es do 7 de Abril, Dia da Mulher Mo\u00e7ambicana, a Empresa Portos e Caminhos de Ferro de Mo\u00e7ambique (CFM), homenageou toda a Mulher Ferrovi\u00e1ria pelo seu empenho e dedica\u00e7\u00e3o na gest\u00e3o e produ\u00e7\u00e3o dos resultados positivos que a empresa regista.Para assinalar as celebra\u00e7\u00f5es do 7 de Abril, Dia da Mulher Mo\u00e7ambicana, a Empresa Portos e Caminhos de Ferro de Mo\u00e7ambique (CFM), homenageou toda a Mulher Ferrovi\u00e1ria pelo seu empenho e dedica\u00e7\u00e3o na gest\u00e3o e produ\u00e7\u00e3o dos resultados positivos que a empresa regista.\" \/>\n<meta property=\"og:url\" content=\"https:\/\/www.cfm.co.mz\/en\/2018\/04\/18\/cfm-homenageia-a-mulher-ferro-portuaria-2\/\" \/>\n<meta property=\"og:site_name\" content=\"CFM - Caminhos De Ferros de Mo\u00e7ambique\" \/>\n<meta property=\"article:publisher\" content=\"https:\/\/www.facebook.com\/CFMMoz\" \/>\n<meta property=\"article:published_time\" content=\"2018-04-18T10:12:20+00:00\" \/>\n<meta property=\"og:image\" content=\"https:\/\/www.cfm.co.mz\/wp-content\/uploads\/2018\/04\/Homenagem_7_de_Abril_2018.jpg\" \/>\n\t<meta property=\"og:image:width\" content=\"1800\" \/>\n\t<meta property=\"og:image:height\" content=\"1200\" \/>\n\t<meta property=\"og:image:type\" content=\"image\/jpeg\" \/>\n<meta name=\"author\" content=\"D\u00e9rcio Badru\" \/>\n<meta name=\"twitter:card\" content=\"summary_large_image\" \/>\n<meta name=\"twitter:label1\" content=\"Written by\" \/>\n\t<meta name=\"twitter:data1\" content=\"D\u00e9rcio Badru\" \/>\n\t<meta name=\"twitter:label2\" content=\"Est. reading time\" \/>\n\t<meta name=\"twitter:data2\" content=\"1 minute\" \/>\n<script type=\"application\/ld+json\" class=\"yoast-schema-graph\">{\"@context\":\"https:\/\/schema.org\",\"@graph\":[{\"@type\":\"Article\",\"@id\":\"https:\/\/www.cfm.co.mz\/2018\/04\/18\/cfm-homenageia-a-mulher-ferro-portuaria-2\/#article\",\"isPartOf\":{\"@id\":\"https:\/\/www.cfm.co.mz\/2018\/04\/18\/cfm-homenageia-a-mulher-ferro-portuaria-2\/\"},\"author\":{\"name\":\"D\u00e9rcio Badru\",\"@id\":\"https:\/\/www.cfm.co.mz\/#\/schema\/person\/1bb663f3c59dc61900f6f9b1c2b53552\"},\"headline\":\"CFM homenageia a Mulher ferro-portu\u00e1ria\",\"datePublished\":\"2018-04-18T10:12:20+00:00\",\"mainEntityOfPage\":{\"@id\":\"https:\/\/www.cfm.co.mz\/2018\/04\/18\/cfm-homenageia-a-mulher-ferro-portuaria-2\/\"},\"wordCount\":296,\"commentCount\":0,\"publisher\":{\"@id\":\"https:\/\/www.cfm.co.mz\/#organization\"},\"image\":{\"@id\":\"https:\/\/www.cfm.co.mz\/2018\/04\/18\/cfm-homenageia-a-mulher-ferro-portuaria-2\/#primaryimage\"},\"thumbnailUrl\":\"https:\/\/www.cfm.co.mz\/wp-content\/uploads\/2018\/04\/Homenagem_7_de_Abril_2018.jpg\",\"articleSection\":[\"Noticias\"],\"inLanguage\":\"en-US\",\"potentialAction\":[{\"@type\":\"CommentAction\",\"name\":\"Comment\",\"target\":[\"https:\/\/www.cfm.co.mz\/2018\/04\/18\/cfm-homenageia-a-mulher-ferro-portuaria-2\/#respond\"]}]},{\"@type\":\"WebPage\",\"@id\":\"https:\/\/www.cfm.co.mz\/2018\/04\/18\/cfm-homenageia-a-mulher-ferro-portuaria-2\/\",\"url\":\"https:\/\/www.cfm.co.mz\/2018\/04\/18\/cfm-homenageia-a-mulher-ferro-portuaria-2\/\",\"name\":\"CFM homenageia a Mulher ferro-portu\u00e1ria - CFM - Caminhos De Ferros de Mo\u00e7ambique\",\"isPartOf\":{\"@id\":\"https:\/\/www.cfm.co.mz\/#website\"},\"primaryImageOfPage\":{\"@id\":\"https:\/\/www.cfm.co.mz\/2018\/04\/18\/cfm-homenageia-a-mulher-ferro-portuaria-2\/#primaryimage\"},\"image\":{\"@id\":\"https:\/\/www.cfm.co.mz\/2018\/04\/18\/cfm-homenageia-a-mulher-ferro-portuaria-2\/#primaryimage\"},\"thumbnailUrl\":\"https:\/\/www.cfm.co.mz\/wp-content\/uploads\/2018\/04\/Homenagem_7_de_Abril_2018.jpg\",\"datePublished\":\"2018-04-18T10:12:20+00:00\",\"breadcrumb\":{\"@id\":\"https:\/\/www.cfm.co.mz\/2018\/04\/18\/cfm-homenageia-a-mulher-ferro-portuaria-2\/#breadcrumb\"},\"inLanguage\":\"en-US\",\"potentialAction\":[{\"@type\":\"ReadAction\",\"target\":[\"https:\/\/www.cfm.co.mz\/2018\/04\/18\/cfm-homenageia-a-mulher-ferro-portuaria-2\/\"]}]},{\"@type\":\"ImageObject\",\"inLanguage\":\"en-US\",\"@id\":\"https:\/\/www.cfm.co.mz\/2018\/04\/18\/cfm-homenageia-a-mulher-ferro-portuaria-2\/#primaryimage\",\"url\":\"https:\/\/www.cfm.co.mz\/wp-content\/uploads\/2018\/04\/Homenagem_7_de_Abril_2018.jpg\",\"contentUrl\":\"https:\/\/www.cfm.co.mz\/wp-content\/uploads\/2018\/04\/Homenagem_7_de_Abril_2018.jpg\",\"width\":1800,\"height\":1200,\"caption\":\"Homenagem 7 de Abril 2018\"},{\"@type\":\"BreadcrumbList\",\"@id\":\"https:\/\/www.cfm.co.mz\/2018\/04\/18\/cfm-homenageia-a-mulher-ferro-portuaria-2\/#breadcrumb\",\"itemListElement\":[{\"@type\":\"ListItem\",\"position\":1,\"name\":\"Home\",\"item\":\"https:\/\/www.cfm.co.mz\/\"},{\"@type\":\"ListItem\",\"position\":2,\"name\":\"CFM homenageia a Mulher ferro-portu\u00e1ria\"}]},{\"@type\":\"WebSite\",\"@id\":\"https:\/\/www.cfm.co.mz\/#website\",\"url\":\"https:\/\/www.cfm.co.mz\/\",\"name\":\"CFM - Caminhos De Ferros de Mo\u00e7ambique\",\"description\":\"Ampliando Horizontes\",\"publisher\":{\"@id\":\"https:\/\/www.cfm.co.mz\/#organization\"},\"potentialAction\":[{\"@type\":\"SearchAction\",\"target\":{\"@type\":\"EntryPoint\",\"urlTemplate\":\"https:\/\/www.cfm.co.mz\/?s={search_term_string}\"},\"query-input\":{\"@type\":\"PropertyValueSpecification\",\"valueRequired\":true,\"valueName\":\"search_term_string\"}}],\"inLanguage\":\"en-US\"},{\"@type\":\"Organization\",\"@id\":\"https:\/\/www.cfm.co.mz\/#organization\",\"name\":\"CFM - Caminhos De Ferros de Mo\u00e7ambique\",\"url\":\"https:\/\/www.cfm.co.mz\/\",\"logo\":{\"@type\":\"ImageObject\",\"inLanguage\":\"en-US\",\"@id\":\"https:\/\/www.cfm.co.mz\/#\/schema\/logo\/image\/\",\"url\":\"https:\/\/www.cfm.co.mz\/wp-content\/uploads\/2025\/07\/be5f0679-4f5b-4d02-9719-a26ceed29162.jpg\",\"contentUrl\":\"https:\/\/www.cfm.co.mz\/wp-content\/uploads\/2025\/07\/be5f0679-4f5b-4d02-9719-a26ceed29162.jpg\",\"width\":400,\"height\":65,\"caption\":\"CFM - Caminhos De Ferros de Mo\u00e7ambique\"},\"image\":{\"@id\":\"https:\/\/www.cfm.co.mz\/#\/schema\/logo\/image\/\"},\"sameAs\":[\"https:\/\/www.facebook.com\/CFMMoz\",\"https:\/\/www.linkedin.com\/company\/caminhos-de-ferro-de-moambique\/\"]},{\"@type\":\"Person\",\"@id\":\"https:\/\/www.cfm.co.mz\/#\/schema\/person\/1bb663f3c59dc61900f6f9b1c2b53552\",\"name\":\"D\u00e9rcio Badru\",\"image\":{\"@type\":\"ImageObject\",\"inLanguage\":\"en-US\",\"@id\":\"https:\/\/www.cfm.co.mz\/#\/schema\/person\/image\/\",\"url\":\"https:\/\/www.cfm.co.mz\/wp-content\/litespeed\/avatar\/be89d6955942d7259ef76de4577d21b3.jpg?ver=1777454359\",\"contentUrl\":\"https:\/\/www.cfm.co.mz\/wp-content\/litespeed\/avatar\/be89d6955942d7259ef76de4577d21b3.jpg?ver=1777454359\",\"caption\":\"D\u00e9rcio Badru\"},\"url\":\"https:\/\/www.cfm.co.mz\/en\/author\/dercio\/\"}]}<\/script>\n<!-- \/ Yoast SEO plugin. -->","yoast_head_json":{"title":"CFM homenageia a Mulher ferro-portu\u00e1ria - CFM - Caminhos De Ferros de Mo\u00e7ambique","robots":{"index":"index","follow":"follow","max-snippet":"max-snippet:-1","max-image-preview":"max-image-preview:large","max-video-preview":"max-video-preview:-1"},"canonical":"https:\/\/www.cfm.co.mz\/en\/2018\/04\/18\/cfm-homenageia-a-mulher-ferro-portuaria-2\/","og_locale":"en_US","og_type":"article","og_title":"CFM homenageia a Mulher ferro-portu\u00e1ria - CFM - Caminhos De Ferros de Mo\u00e7ambique","og_description":"Para assinalar as celebra\u00e7\u00f5es do 7 de Abril, Dia da Mulher Mo\u00e7ambicana, a Empresa Portos e Caminhos de Ferro de Mo\u00e7ambique (CFM), homenageou toda a Mulher Ferrovi\u00e1ria pelo seu empenho e dedica\u00e7\u00e3o na gest\u00e3o e produ\u00e7\u00e3o dos resultados positivos que a empresa regista.Para assinalar as celebra\u00e7\u00f5es do 7 de Abril, Dia da Mulher Mo\u00e7ambicana, a Empresa Portos e Caminhos de Ferro de Mo\u00e7ambique (CFM), homenageou toda a Mulher Ferrovi\u00e1ria pelo seu empenho e dedica\u00e7\u00e3o na gest\u00e3o e produ\u00e7\u00e3o dos resultados positivos que a empresa regista.","og_url":"https:\/\/www.cfm.co.mz\/en\/2018\/04\/18\/cfm-homenageia-a-mulher-ferro-portuaria-2\/","og_site_name":"CFM - Caminhos De Ferros de Mo\u00e7ambique","article_publisher":"https:\/\/www.facebook.com\/CFMMoz","article_published_time":"2018-04-18T10:12:20+00:00","og_image":[{"width":1800,"height":1200,"url":"https:\/\/www.cfm.co.mz\/wp-content\/uploads\/2018\/04\/Homenagem_7_de_Abril_2018.jpg","type":"image\/jpeg"}],"author":"D\u00e9rcio Badru","twitter_card":"summary_large_image","twitter_misc":{"Written by":"D\u00e9rcio Badru","Est. reading time":"1 minute"},"schema":{"@context":"https:\/\/schema.org","@graph":[{"@type":"Article","@id":"https:\/\/www.cfm.co.mz\/2018\/04\/18\/cfm-homenageia-a-mulher-ferro-portuaria-2\/#article","isPartOf":{"@id":"https:\/\/www.cfm.co.mz\/2018\/04\/18\/cfm-homenageia-a-mulher-ferro-portuaria-2\/"},"author":{"name":"D\u00e9rcio Badru","@id":"https:\/\/www.cfm.co.mz\/#\/schema\/person\/1bb663f3c59dc61900f6f9b1c2b53552"},"headline":"CFM homenageia a Mulher ferro-portu\u00e1ria","datePublished":"2018-04-18T10:12:20+00:00","mainEntityOfPage":{"@id":"https:\/\/www.cfm.co.mz\/2018\/04\/18\/cfm-homenageia-a-mulher-ferro-portuaria-2\/"},"wordCount":296,"commentCount":0,"publisher":{"@id":"https:\/\/www.cfm.co.mz\/#organization"},"image":{"@id":"https:\/\/www.cfm.co.mz\/2018\/04\/18\/cfm-homenageia-a-mulher-ferro-portuaria-2\/#primaryimage"},"thumbnailUrl":"https:\/\/www.cfm.co.mz\/wp-content\/uploads\/2018\/04\/Homenagem_7_de_Abril_2018.jpg","articleSection":["Noticias"],"inLanguage":"en-US","potentialAction":[{"@type":"CommentAction","name":"Comment","target":["https:\/\/www.cfm.co.mz\/2018\/04\/18\/cfm-homenageia-a-mulher-ferro-portuaria-2\/#respond"]}]},{"@type":"WebPage","@id":"https:\/\/www.cfm.co.mz\/2018\/04\/18\/cfm-homenageia-a-mulher-ferro-portuaria-2\/","url":"https:\/\/www.cfm.co.mz\/2018\/04\/18\/cfm-homenageia-a-mulher-ferro-portuaria-2\/","name":"CFM homenageia a Mulher ferro-portu\u00e1ria - CFM - Caminhos De Ferros de Mo\u00e7ambique","isPartOf":{"@id":"https:\/\/www.cfm.co.mz\/#website"},"primaryImageOfPage":{"@id":"https:\/\/www.cfm.co.mz\/2018\/04\/18\/cfm-homenageia-a-mulher-ferro-portuaria-2\/#primaryimage"},"image":{"@id":"https:\/\/www.cfm.co.mz\/2018\/04\/18\/cfm-homenageia-a-mulher-ferro-portuaria-2\/#primaryimage"},"thumbnailUrl":"https:\/\/www.cfm.co.mz\/wp-content\/uploads\/2018\/04\/Homenagem_7_de_Abril_2018.jpg","datePublished":"2018-04-18T10:12:20+00:00","breadcrumb":{"@id":"https:\/\/www.cfm.co.mz\/2018\/04\/18\/cfm-homenageia-a-mulher-ferro-portuaria-2\/#breadcrumb"},"inLanguage":"en-US","potentialAction":[{"@type":"ReadAction","target":["https:\/\/www.cfm.co.mz\/2018\/04\/18\/cfm-homenageia-a-mulher-ferro-portuaria-2\/"]}]},{"@type":"ImageObject","inLanguage":"en-US","@id":"https:\/\/www.cfm.co.mz\/2018\/04\/18\/cfm-homenageia-a-mulher-ferro-portuaria-2\/#primaryimage","url":"https:\/\/www.cfm.co.mz\/wp-content\/uploads\/2018\/04\/Homenagem_7_de_Abril_2018.jpg","contentUrl":"https:\/\/www.cfm.co.mz\/wp-content\/uploads\/2018\/04\/Homenagem_7_de_Abril_2018.jpg","width":1800,"height":1200,"caption":"Homenagem 7 de Abril 2018"},{"@type":"BreadcrumbList","@id":"https:\/\/www.cfm.co.mz\/2018\/04\/18\/cfm-homenageia-a-mulher-ferro-portuaria-2\/#breadcrumb","itemListElement":[{"@type":"ListItem","position":1,"name":"Home","item":"https:\/\/www.cfm.co.mz\/"},{"@type":"ListItem","position":2,"name":"CFM homenageia a Mulher ferro-portu\u00e1ria"}]},{"@type":"WebSite","@id":"https:\/\/www.cfm.co.mz\/#website","url":"https:\/\/www.cfm.co.mz\/","name":"CFM - Caminhos De Ferros de Mo\u00e7ambique","description":"Ampliando Horizontes","publisher":{"@id":"https:\/\/www.cfm.co.mz\/#organization"},"potentialAction":[{"@type":"SearchAction","target":{"@type":"EntryPoint","urlTemplate":"https:\/\/www.cfm.co.mz\/?s={search_term_string}"},"query-input":{"@type":"PropertyValueSpecification","valueRequired":true,"valueName":"search_term_string"}}],"inLanguage":"en-US"},{"@type":"Organization","@id":"https:\/\/www.cfm.co.mz\/#organization","name":"CFM - Caminhos De Ferros de Mo\u00e7ambique","url":"https:\/\/www.cfm.co.mz\/","logo":{"@type":"ImageObject","inLanguage":"en-US","@id":"https:\/\/www.cfm.co.mz\/#\/schema\/logo\/image\/","url":"https:\/\/www.cfm.co.mz\/wp-content\/uploads\/2025\/07\/be5f0679-4f5b-4d02-9719-a26ceed29162.jpg","contentUrl":"https:\/\/www.cfm.co.mz\/wp-content\/uploads\/2025\/07\/be5f0679-4f5b-4d02-9719-a26ceed29162.jpg","width":400,"height":65,"caption":"CFM - Caminhos De Ferros de Mo\u00e7ambique"},"image":{"@id":"https:\/\/www.cfm.co.mz\/#\/schema\/logo\/image\/"},"sameAs":["https:\/\/www.facebook.com\/CFMMoz","https:\/\/www.linkedin.com\/company\/caminhos-de-ferro-de-moambique\/"]},{"@type":"Person","@id":"https:\/\/www.cfm.co.mz\/#\/schema\/person\/1bb663f3c59dc61900f6f9b1c2b53552","name":"D\u00e9rcio Badru","image":{"@type":"ImageObject","inLanguage":"en-US","@id":"https:\/\/www.cfm.co.mz\/#\/schema\/person\/image\/","url":"https:\/\/www.cfm.co.mz\/wp-content\/litespeed\/avatar\/be89d6955942d7259ef76de4577d21b3.jpg?ver=1777454359","contentUrl":"https:\/\/www.cfm.co.mz\/wp-content\/litespeed\/avatar\/be89d6955942d7259ef76de4577d21b3.jpg?ver=1777454359","caption":"D\u00e9rcio Badru"},"url":"https:\/\/www.cfm.co.mz\/en\/author\/dercio\/"}]}},"_links":{"self":[{"href":"https:\/\/www.cfm.co.mz\/en\/wp-json\/wp\/v2\/posts\/9013","targetHints":{"allow":["GET"]}}],"collection":[{"href":"https:\/\/www.cfm.co.mz\/en\/wp-json\/wp\/v2\/posts"}],"about":[{"href":"https:\/\/www.cfm.co.mz\/en\/wp-json\/wp\/v2\/types\/post"}],"author":[{"embeddable":true,"href":"https:\/\/www.cfm.co.mz\/en\/wp-json\/wp\/v2\/users\/94"}],"replies":[{"embeddable":true,"href":"https:\/\/www.cfm.co.mz\/en\/wp-json\/wp\/v2\/comments?post=9013"}],"version-history":[{"count":0,"href":"https:\/\/www.cfm.co.mz\/en\/wp-json\/wp\/v2\/posts\/9013\/revisions"}],"wp:featuredmedia":[{"embeddable":true,"href":"https:\/\/www.cfm.co.mz\/en\/wp-json\/wp\/v2\/media\/8994"}],"wp:attachment":[{"href":"https:\/\/www.cfm.co.mz\/en\/wp-json\/wp\/v2\/media?parent=9013"}],"wp:term":[{"taxonomy":"category","embeddable":true,"href":"https:\/\/www.cfm.co.mz\/en\/wp-json\/wp\/v2\/categories?post=9013"},{"taxonomy":"post_tag","embeddable":true,"href":"https:\/\/www.cfm.co.mz\/en\/wp-json\/wp\/v2\/tags?post=9013"}],"curies":[{"name":"wp","href":"https:\/\/api.w.org\/{rel}","templated":true}]}}