{"id":8998,"date":"2018-05-15T08:13:46","date_gmt":"2018-05-15T08:13:46","guid":{"rendered":"https:\/\/www.cfm.co.mz\/2018\/05\/15\/cfm-realiza-curso-de-administracao-e-dimensionamento-de-terminais\/"},"modified":"2018-05-15T08:13:46","modified_gmt":"2018-05-15T08:13:46","slug":"cfm-realiza-curso-de-administracao-e-dimensionamento-de-terminais","status":"publish","type":"post","link":"https:\/\/www.cfm.co.mz\/en\/2018\/05\/15\/cfm-realiza-curso-de-administracao-e-dimensionamento-de-terminais\/","title":{"rendered":"CFM realiza Curso de Administra\u00e7\u00e3o e Dimensionamento de Terminais"},"content":{"rendered":"<p><a href=\"http:\/\/www.cfm.co.mz\/wp-content\/uploads\/2018\/05\/Curso_ADT.jpg\" class=\"jcepopup\" data-mediabox=\"1\"><img decoding=\"async\" src=\"http:\/\/www.cfm.co.mz\/wp-content\/uploads\/2018\/05\/Curso_ADT.jpg\" alt=\"Curso ADT\" width=\"250\" height=\"167\" style=\"margin-right: 10px; margin-top: 10px; float: left;\" \/><\/a>A Empresa Portos e Caminhos de Ferro de Mo\u00e7ambique (CFM), sob a dire\u00e7\u00e3o do Presidente do Conselho de Administra\u00e7\u00e3o e Vice-Presidente da APLOP, Eng. Miguel Matabel, realizou, nos dias 4 e 5 de Maio, o curso intensivo de <strong>\u201cAdministra\u00e7\u00e3o e Dimensionamento de Terminais\u201d<\/strong>, que foi ministrado pelo Prof. Eng. Adalmir Jos\u00e9 de Souza, Diretor Geral do NEDIN \u2013 N\u00facleo de Estudos e Desenvolvimento de Infraestrutura da UFF, Universidade Federal Fluminense de Niter\u00f3i \/ RJ, Brasil.A Empresa Portos e Caminhos de Ferro de Mo\u00e7ambique (CFM), sob a dire\u00e7\u00e3o do Presidente do Conselho de Administra\u00e7\u00e3o e Vice-Presidente da APLOP, Eng. Miguel Matabel, realizou, nos dias 4 e 5 de Maio, o curso intensivo de \u201cAdministra\u00e7\u00e3o e Dimensionamento de Terminais\u201d, que foi ministrado pelo Prof. Eng. Adalmir Jos\u00e9 de Souza, Diretor Geral do NEDIN \u2013 N\u00facleo de Estudos e Desenvolvimento de Infraestrutura da UFF, Universidade Federal Fluminense de Niter\u00f3i \/ RJ, Brasil.<\/p>\n<p>O curso, realizado em regime integral, na Sala dos Grandes Actos, contou com a participa\u00e7\u00e3o de 39 t\u00e9cnicos, sendo em sua maioria engenheiros representantes dos portos de norte a sul do pa\u00eds.<\/p>\n<p>Com cerca de 250 slides, v\u00eddeos e exerc\u00edcios pr\u00e1ticos de dimensionamento de defensas de cais e de terminal de contentores, teve como principal programa os seguintes itens: 1) Portos; 2) Obras de Melhoramento; 3) Muros de Cais; 4) Aluvionamento; 5) Dragagem; 6) Defensas de Cais; 7) Unitiza\u00e7\u00e3o de Cargas; 8) Transporte Multimodal; 9) Terminal Multimodal; 10) Terminal de Gran\u00e9is L\u00edquidos; 11) Terminal de Contentores; 12) Portos Secos; 13) Portos de Transbordo; 14) Portos de Enlace; 15) O Sistema Transbordo; 16) Conceito de Superporto; 17) Transbordo na Am\u00e9rica do Sul; 18) Transbordo na Am\u00e9rica Central e Caribe; 19) Transbordo na Europa; 20) Transbordo na \u00c1sia; 21) Transbordo na \u00c1frica.<\/p>\n<p><a href=\"http:\/\/www.cfm.co.mz\/wp-content\/uploads\/2018\/05\/Curso_ADT_Foto_Familia.jpg\" class=\"jcepopup\" data-mediabox=\"1\"><img decoding=\"async\" src=\"http:\/\/www.cfm.co.mz\/wp-content\/uploads\/2018\/05\/Curso_ADT_Foto_Familia.jpg\" alt=\"Curso ADT Foto Familia\" width=\"250\" height=\"167\" style=\"margin-left: 10px; float: right;\" \/><\/a>Segundo o Professor Engenheiro Adalmir, o mais importante no curso foi o alto n\u00edvel dos participantes, demonstrando dedica\u00e7\u00e3o e respeito e proporcionando uma rela\u00e7\u00e3o m\u00fatua de interc\u00e2mbio t\u00e9cnico-cultural, com a qual todos sa\u00edram ganhando. Assim sendo, al\u00e9m do programa, com o objetivo de atualizar os participantes, apresentou mais 108 slides e analisou os seguintes temas:<\/p>\n<ol>\n<li>Automa\u00e7\u00e3o, Log\u00edstica dos Transportes e Futuro do Transporte Mar\u00edtimo;<\/li>\n<li>Sistema de Transposi\u00e7\u00e3o de Desn\u00edvel, Eclusas e Canal do Panam\u00e1;<\/li>\n<li>Revitaliza\u00e7\u00e3o e Turismo;<\/li>\n<li>A Integra\u00e7\u00e3o dos Portos da CPLP<\/li>\n<\/ol>\n<p><strong>ADALMIR JOS\u00c9 DE SOUZA<\/strong> <em>\u00e9 Engenheiro Civil da UFF de Niter\u00f3i \/ BRASIL; DEA-Diplomado de Estudos Avan\u00e7ados em Engenharia N\u00e1utica na UPC de Barcelona \/ ESPANHA; MsC &#8211; Mestre em Transportes na UFF de Niter\u00f3i \/ BRASIL; P\u00f3s- graduado em Engenharia Portu\u00e1ria no HHLA de Hamburgo \/ ALEMANHA; Especializado em Portos e Vias Naveg\u00e1veis na UFRJ do Rio de Janeiro \/ BRASIL. Al\u00e9m disso, possui cerca de 88 publica\u00e7\u00f5es, entre livros e trabalhos t\u00e9cnicos, tendo ministrado cursos e confer\u00eancias nos principais pa\u00edses da Am\u00e9rica do Norte, Central e do Sul, Europa, \u00c1sia e \u00c1frica. Como Engenheiro de Carreira, trabalhou na CBD-Dragagem, PORTOBR\u00c1S S.A., CDRJ \u2013 Docas do Rio. Foi Diretor-Executivo da ABEPH \u2013 Associa\u00e7\u00e3o Brasileira das Entidades Portu\u00e1rias e Hidrovi\u00e1rias &#8211; e v\u00e1rias empresas nacionais e internacionais como Engenheiro Consultor. Atualmente \u00e9 Professor da Escola de Engenharia da UFF e Diretor Geral do NEDIN \u2013 N\u00facleo de Estudos e Desenvolvimento de Infraestrutura da UFF.<\/em><\/p>","protected":false},"excerpt":{"rendered":"<p>A Empresa Portos e Caminhos de Ferro de Mo\u00e7ambique (CFM), sob a dire\u00e7\u00e3o do Presidente do Conselho de Administra\u00e7\u00e3o e Vice-Presidente da APLOP, Eng. Miguel Matabel, realizou, nos dias 4 e 5 de Maio, o curso intensivo de \u201cAdministra\u00e7\u00e3o e Dimensionamento de Terminais\u201d, que foi ministrado pelo Prof. Eng. Adalmir Jos\u00e9 de Souza, Diretor Geral do NEDIN \u2013 N\u00facleo de Estudos e Desenvolvimento de Infraestrutura da UFF, Universidade Federal Fluminense de Niter\u00f3i \/ RJ, Brasil.A Empresa Portos e Caminhos de Ferro de Mo\u00e7ambique (CFM), sob a dire\u00e7\u00e3o do Presidente do Conselho de Administra\u00e7\u00e3o e Vice-Presidente da APLOP, Eng. Miguel Matabel, realizou, nos dias 4 e 5 de Maio, o curso intensivo de \u201cAdministra\u00e7\u00e3o e Dimensionamento de Terminais\u201d, que foi ministrado pelo Prof. Eng. Adalmir Jos\u00e9 de Souza, Diretor Geral do NEDIN \u2013 N\u00facleo de Estudos e Desenvolvimento de Infraestrutura da UFF, Universidade Federal Fluminense de Niter\u00f3i \/ RJ, Brasil. O curso, realizado em regime integral, na Sala dos Grandes Actos, contou com a participa\u00e7\u00e3o de 39 t\u00e9cnicos, sendo em sua maioria engenheiros representantes dos portos de norte a sul do pa\u00eds. Com cerca de 250 slides, v\u00eddeos e exerc\u00edcios pr\u00e1ticos de dimensionamento de defensas de cais e de terminal de contentores, teve como principal programa os seguintes itens: 1) Portos; 2) Obras de Melhoramento; 3) Muros de Cais; 4) Aluvionamento; 5) Dragagem; 6) Defensas de Cais; 7) Unitiza\u00e7\u00e3o de Cargas; 8) Transporte Multimodal; 9) Terminal Multimodal; 10) Terminal de Gran\u00e9is L\u00edquidos; 11) Terminal de Contentores; 12) Portos Secos; 13) Portos de Transbordo; 14) Portos de Enlace; 15) O Sistema Transbordo; 16) Conceito de Superporto; 17) Transbordo na Am\u00e9rica do Sul; 18) Transbordo na Am\u00e9rica Central e Caribe; 19) Transbordo na Europa; 20) Transbordo na \u00c1sia; 21) Transbordo na \u00c1frica. Segundo o Professor Engenheiro Adalmir, o mais importante no curso foi o alto n\u00edvel dos participantes, demonstrando dedica\u00e7\u00e3o e respeito e proporcionando uma rela\u00e7\u00e3o m\u00fatua de interc\u00e2mbio t\u00e9cnico-cultural, com a qual todos sa\u00edram ganhando. Assim sendo, al\u00e9m do programa, com o objetivo de atualizar os participantes, apresentou mais 108 slides e analisou os seguintes temas: Automa\u00e7\u00e3o, Log\u00edstica dos Transportes e Futuro do Transporte Mar\u00edtimo; Sistema de Transposi\u00e7\u00e3o de Desn\u00edvel, Eclusas e Canal do Panam\u00e1; Revitaliza\u00e7\u00e3o e Turismo; A Integra\u00e7\u00e3o dos Portos da CPLP ADALMIR JOS\u00c9 DE SOUZA \u00e9 Engenheiro Civil da UFF de Niter\u00f3i \/ BRASIL; DEA-Diplomado de Estudos Avan\u00e7ados em Engenharia N\u00e1utica na UPC de Barcelona \/ ESPANHA; MsC &#8211; Mestre em Transportes na UFF de Niter\u00f3i \/ BRASIL; P\u00f3s- graduado em Engenharia Portu\u00e1ria no HHLA de Hamburgo \/ ALEMANHA; Especializado em Portos e Vias Naveg\u00e1veis na UFRJ do Rio de Janeiro \/ BRASIL. Al\u00e9m disso, possui cerca de 88 publica\u00e7\u00f5es, entre livros e trabalhos t\u00e9cnicos, tendo ministrado cursos e confer\u00eancias nos principais pa\u00edses da Am\u00e9rica do Norte, Central e do Sul, Europa, \u00c1sia e \u00c1frica. Como Engenheiro de Carreira, trabalhou na CBD-Dragagem, PORTOBR\u00c1S S.A., CDRJ \u2013 Docas do Rio. Foi Diretor-Executivo da ABEPH \u2013 Associa\u00e7\u00e3o Brasileira das Entidades Portu\u00e1rias e Hidrovi\u00e1rias &#8211; e v\u00e1rias empresas nacionais e internacionais como Engenheiro Consultor. Atualmente \u00e9 Professor da Escola de Engenharia da UFF e Diretor Geral do NEDIN \u2013 N\u00facleo de Estudos e Desenvolvimento de Infraestrutura da UFF.<\/p>","protected":false},"author":94,"featured_media":8996,"comment_status":"open","ping_status":"open","sticky":false,"template":"","format":"standard","meta":{"_acf_changed":false,"pgc_sgb_lightbox_settings":"","footnotes":""},"categories":[680],"tags":[],"class_list":["post-8998","post","type-post","status-publish","format-standard","has-post-thumbnail","hentry","category-noticias"],"acf":[],"yoast_head":"<!-- This site is optimized with the Yoast SEO plugin v26.5 - https:\/\/yoast.com\/wordpress\/plugins\/seo\/ -->\n<title>CFM realiza Curso de Administra\u00e7\u00e3o e Dimensionamento de Terminais - CFM - Caminhos De Ferros de Mo\u00e7ambique<\/title>\n<meta name=\"robots\" content=\"index, follow, max-snippet:-1, max-image-preview:large, max-video-preview:-1\" \/>\n<link rel=\"canonical\" href=\"https:\/\/www.cfm.co.mz\/en\/2018\/05\/15\/cfm-realiza-curso-de-administracao-e-dimensionamento-de-terminais\/\" \/>\n<meta property=\"og:locale\" content=\"en_US\" \/>\n<meta property=\"og:type\" content=\"article\" \/>\n<meta property=\"og:title\" content=\"CFM realiza Curso de Administra\u00e7\u00e3o e Dimensionamento de Terminais - CFM - Caminhos De Ferros de Mo\u00e7ambique\" \/>\n<meta property=\"og:description\" content=\"A Empresa Portos e Caminhos de Ferro de Mo\u00e7ambique (CFM), sob a dire\u00e7\u00e3o do Presidente do Conselho de Administra\u00e7\u00e3o e Vice-Presidente da APLOP, Eng. Miguel Matabel, realizou, nos dias 4 e 5 de Maio, o curso intensivo de \u201cAdministra\u00e7\u00e3o e Dimensionamento de Terminais\u201d, que foi ministrado pelo Prof. Eng. Adalmir Jos\u00e9 de Souza, Diretor Geral do NEDIN \u2013 N\u00facleo de Estudos e Desenvolvimento de Infraestrutura da UFF, Universidade Federal Fluminense de Niter\u00f3i \/ RJ, Brasil.A Empresa Portos e Caminhos de Ferro de Mo\u00e7ambique (CFM), sob a dire\u00e7\u00e3o do Presidente do Conselho de Administra\u00e7\u00e3o e Vice-Presidente da APLOP, Eng. Miguel Matabel, realizou, nos dias 4 e 5 de Maio, o curso intensivo de \u201cAdministra\u00e7\u00e3o e Dimensionamento de Terminais\u201d, que foi ministrado pelo Prof. Eng. Adalmir Jos\u00e9 de Souza, Diretor Geral do NEDIN \u2013 N\u00facleo de Estudos e Desenvolvimento de Infraestrutura da UFF, Universidade Federal Fluminense de Niter\u00f3i \/ RJ, Brasil. O curso, realizado em regime integral, na Sala dos Grandes Actos, contou com a participa\u00e7\u00e3o de 39 t\u00e9cnicos, sendo em sua maioria engenheiros representantes dos portos de norte a sul do pa\u00eds. Com cerca de 250 slides, v\u00eddeos e exerc\u00edcios pr\u00e1ticos de dimensionamento de defensas de cais e de terminal de contentores, teve como principal programa os seguintes itens: 1) Portos; 2) Obras de Melhoramento; 3) Muros de Cais; 4) Aluvionamento; 5) Dragagem; 6) Defensas de Cais; 7) Unitiza\u00e7\u00e3o de Cargas; 8) Transporte Multimodal; 9) Terminal Multimodal; 10) Terminal de Gran\u00e9is L\u00edquidos; 11) Terminal de Contentores; 12) Portos Secos; 13) Portos de Transbordo; 14) Portos de Enlace; 15) O Sistema Transbordo; 16) Conceito de Superporto; 17) Transbordo na Am\u00e9rica do Sul; 18) Transbordo na Am\u00e9rica Central e Caribe; 19) Transbordo na Europa; 20) Transbordo na \u00c1sia; 21) Transbordo na \u00c1frica. Segundo o Professor Engenheiro Adalmir, o mais importante no curso foi o alto n\u00edvel dos participantes, demonstrando dedica\u00e7\u00e3o e respeito e proporcionando uma rela\u00e7\u00e3o m\u00fatua de interc\u00e2mbio t\u00e9cnico-cultural, com a qual todos sa\u00edram ganhando. Assim sendo, al\u00e9m do programa, com o objetivo de atualizar os participantes, apresentou mais 108 slides e analisou os seguintes temas: Automa\u00e7\u00e3o, Log\u00edstica dos Transportes e Futuro do Transporte Mar\u00edtimo; Sistema de Transposi\u00e7\u00e3o de Desn\u00edvel, Eclusas e Canal do Panam\u00e1; Revitaliza\u00e7\u00e3o e Turismo; A Integra\u00e7\u00e3o dos Portos da CPLP ADALMIR JOS\u00c9 DE SOUZA \u00e9 Engenheiro Civil da UFF de Niter\u00f3i \/ BRASIL; DEA-Diplomado de Estudos Avan\u00e7ados em Engenharia N\u00e1utica na UPC de Barcelona \/ ESPANHA; MsC &#8211; Mestre em Transportes na UFF de Niter\u00f3i \/ BRASIL; P\u00f3s- graduado em Engenharia Portu\u00e1ria no HHLA de Hamburgo \/ ALEMANHA; Especializado em Portos e Vias Naveg\u00e1veis na UFRJ do Rio de Janeiro \/ BRASIL. Al\u00e9m disso, possui cerca de 88 publica\u00e7\u00f5es, entre livros e trabalhos t\u00e9cnicos, tendo ministrado cursos e confer\u00eancias nos principais pa\u00edses da Am\u00e9rica do Norte, Central e do Sul, Europa, \u00c1sia e \u00c1frica. Como Engenheiro de Carreira, trabalhou na CBD-Dragagem, PORTOBR\u00c1S S.A., CDRJ \u2013 Docas do Rio. Foi Diretor-Executivo da ABEPH \u2013 Associa\u00e7\u00e3o Brasileira das Entidades Portu\u00e1rias e Hidrovi\u00e1rias &#8211; e v\u00e1rias empresas nacionais e internacionais como Engenheiro Consultor. Atualmente \u00e9 Professor da Escola de Engenharia da UFF e Diretor Geral do NEDIN \u2013 N\u00facleo de Estudos e Desenvolvimento de Infraestrutura da UFF.\" \/>\n<meta property=\"og:url\" content=\"https:\/\/www.cfm.co.mz\/en\/2018\/05\/15\/cfm-realiza-curso-de-administracao-e-dimensionamento-de-terminais\/\" \/>\n<meta property=\"og:site_name\" content=\"CFM - Caminhos De Ferros de Mo\u00e7ambique\" \/>\n<meta property=\"article:publisher\" content=\"https:\/\/www.facebook.com\/CFMMoz\" \/>\n<meta property=\"article:published_time\" content=\"2018-05-15T08:13:46+00:00\" \/>\n<meta property=\"og:image\" content=\"https:\/\/www.cfm.co.mz\/wp-content\/uploads\/2018\/05\/Curso_ADT.jpg\" \/>\n\t<meta property=\"og:image:width\" content=\"1800\" \/>\n\t<meta property=\"og:image:height\" content=\"1200\" \/>\n\t<meta property=\"og:image:type\" content=\"image\/jpeg\" \/>\n<meta name=\"author\" content=\"D\u00e9rcio Badru\" \/>\n<meta name=\"twitter:card\" content=\"summary_large_image\" \/>\n<meta name=\"twitter:label1\" content=\"Written by\" \/>\n\t<meta name=\"twitter:data1\" content=\"D\u00e9rcio Badru\" \/>\n\t<meta name=\"twitter:label2\" content=\"Est. reading time\" \/>\n\t<meta name=\"twitter:data2\" content=\"3 minutes\" \/>\n<script type=\"application\/ld+json\" class=\"yoast-schema-graph\">{\"@context\":\"https:\/\/schema.org\",\"@graph\":[{\"@type\":\"Article\",\"@id\":\"https:\/\/www.cfm.co.mz\/2018\/05\/15\/cfm-realiza-curso-de-administracao-e-dimensionamento-de-terminais\/#article\",\"isPartOf\":{\"@id\":\"https:\/\/www.cfm.co.mz\/2018\/05\/15\/cfm-realiza-curso-de-administracao-e-dimensionamento-de-terminais\/\"},\"author\":{\"name\":\"D\u00e9rcio Badru\",\"@id\":\"https:\/\/www.cfm.co.mz\/#\/schema\/person\/1bb663f3c59dc61900f6f9b1c2b53552\"},\"headline\":\"CFM realiza Curso de Administra\u00e7\u00e3o e Dimensionamento de Terminais\",\"datePublished\":\"2018-05-15T08:13:46+00:00\",\"mainEntityOfPage\":{\"@id\":\"https:\/\/www.cfm.co.mz\/2018\/05\/15\/cfm-realiza-curso-de-administracao-e-dimensionamento-de-terminais\/\"},\"wordCount\":552,\"commentCount\":0,\"publisher\":{\"@id\":\"https:\/\/www.cfm.co.mz\/#organization\"},\"image\":{\"@id\":\"https:\/\/www.cfm.co.mz\/2018\/05\/15\/cfm-realiza-curso-de-administracao-e-dimensionamento-de-terminais\/#primaryimage\"},\"thumbnailUrl\":\"https:\/\/www.cfm.co.mz\/wp-content\/uploads\/2018\/05\/Curso_ADT.jpg\",\"articleSection\":[\"Noticias\"],\"inLanguage\":\"en-US\",\"potentialAction\":[{\"@type\":\"CommentAction\",\"name\":\"Comment\",\"target\":[\"https:\/\/www.cfm.co.mz\/2018\/05\/15\/cfm-realiza-curso-de-administracao-e-dimensionamento-de-terminais\/#respond\"]}]},{\"@type\":\"WebPage\",\"@id\":\"https:\/\/www.cfm.co.mz\/2018\/05\/15\/cfm-realiza-curso-de-administracao-e-dimensionamento-de-terminais\/\",\"url\":\"https:\/\/www.cfm.co.mz\/2018\/05\/15\/cfm-realiza-curso-de-administracao-e-dimensionamento-de-terminais\/\",\"name\":\"CFM realiza Curso de Administra\u00e7\u00e3o e Dimensionamento de Terminais - CFM - Caminhos De Ferros de Mo\u00e7ambique\",\"isPartOf\":{\"@id\":\"https:\/\/www.cfm.co.mz\/#website\"},\"primaryImageOfPage\":{\"@id\":\"https:\/\/www.cfm.co.mz\/2018\/05\/15\/cfm-realiza-curso-de-administracao-e-dimensionamento-de-terminais\/#primaryimage\"},\"image\":{\"@id\":\"https:\/\/www.cfm.co.mz\/2018\/05\/15\/cfm-realiza-curso-de-administracao-e-dimensionamento-de-terminais\/#primaryimage\"},\"thumbnailUrl\":\"https:\/\/www.cfm.co.mz\/wp-content\/uploads\/2018\/05\/Curso_ADT.jpg\",\"datePublished\":\"2018-05-15T08:13:46+00:00\",\"breadcrumb\":{\"@id\":\"https:\/\/www.cfm.co.mz\/2018\/05\/15\/cfm-realiza-curso-de-administracao-e-dimensionamento-de-terminais\/#breadcrumb\"},\"inLanguage\":\"en-US\",\"potentialAction\":[{\"@type\":\"ReadAction\",\"target\":[\"https:\/\/www.cfm.co.mz\/2018\/05\/15\/cfm-realiza-curso-de-administracao-e-dimensionamento-de-terminais\/\"]}]},{\"@type\":\"ImageObject\",\"inLanguage\":\"en-US\",\"@id\":\"https:\/\/www.cfm.co.mz\/2018\/05\/15\/cfm-realiza-curso-de-administracao-e-dimensionamento-de-terminais\/#primaryimage\",\"url\":\"https:\/\/www.cfm.co.mz\/wp-content\/uploads\/2018\/05\/Curso_ADT.jpg\",\"contentUrl\":\"https:\/\/www.cfm.co.mz\/wp-content\/uploads\/2018\/05\/Curso_ADT.jpg\",\"width\":1800,\"height\":1200,\"caption\":\"Curso ADT\"},{\"@type\":\"BreadcrumbList\",\"@id\":\"https:\/\/www.cfm.co.mz\/2018\/05\/15\/cfm-realiza-curso-de-administracao-e-dimensionamento-de-terminais\/#breadcrumb\",\"itemListElement\":[{\"@type\":\"ListItem\",\"position\":1,\"name\":\"Home\",\"item\":\"https:\/\/www.cfm.co.mz\/\"},{\"@type\":\"ListItem\",\"position\":2,\"name\":\"CFM realiza Curso de Administra\u00e7\u00e3o e Dimensionamento de Terminais\"}]},{\"@type\":\"WebSite\",\"@id\":\"https:\/\/www.cfm.co.mz\/#website\",\"url\":\"https:\/\/www.cfm.co.mz\/\",\"name\":\"CFM - Caminhos De Ferros de Mo\u00e7ambique\",\"description\":\"Ampliando Horizontes\",\"publisher\":{\"@id\":\"https:\/\/www.cfm.co.mz\/#organization\"},\"potentialAction\":[{\"@type\":\"SearchAction\",\"target\":{\"@type\":\"EntryPoint\",\"urlTemplate\":\"https:\/\/www.cfm.co.mz\/?s={search_term_string}\"},\"query-input\":{\"@type\":\"PropertyValueSpecification\",\"valueRequired\":true,\"valueName\":\"search_term_string\"}}],\"inLanguage\":\"en-US\"},{\"@type\":\"Organization\",\"@id\":\"https:\/\/www.cfm.co.mz\/#organization\",\"name\":\"CFM - Caminhos De Ferros de Mo\u00e7ambique\",\"url\":\"https:\/\/www.cfm.co.mz\/\",\"logo\":{\"@type\":\"ImageObject\",\"inLanguage\":\"en-US\",\"@id\":\"https:\/\/www.cfm.co.mz\/#\/schema\/logo\/image\/\",\"url\":\"https:\/\/www.cfm.co.mz\/wp-content\/uploads\/2025\/07\/be5f0679-4f5b-4d02-9719-a26ceed29162.jpg\",\"contentUrl\":\"https:\/\/www.cfm.co.mz\/wp-content\/uploads\/2025\/07\/be5f0679-4f5b-4d02-9719-a26ceed29162.jpg\",\"width\":400,\"height\":65,\"caption\":\"CFM - Caminhos De Ferros de Mo\u00e7ambique\"},\"image\":{\"@id\":\"https:\/\/www.cfm.co.mz\/#\/schema\/logo\/image\/\"},\"sameAs\":[\"https:\/\/www.facebook.com\/CFMMoz\",\"https:\/\/www.linkedin.com\/company\/caminhos-de-ferro-de-moambique\/\"]},{\"@type\":\"Person\",\"@id\":\"https:\/\/www.cfm.co.mz\/#\/schema\/person\/1bb663f3c59dc61900f6f9b1c2b53552\",\"name\":\"D\u00e9rcio Badru\",\"image\":{\"@type\":\"ImageObject\",\"inLanguage\":\"en-US\",\"@id\":\"https:\/\/www.cfm.co.mz\/#\/schema\/person\/image\/\",\"url\":\"https:\/\/www.cfm.co.mz\/wp-content\/litespeed\/avatar\/be89d6955942d7259ef76de4577d21b3.jpg?ver=1777454359\",\"contentUrl\":\"https:\/\/www.cfm.co.mz\/wp-content\/litespeed\/avatar\/be89d6955942d7259ef76de4577d21b3.jpg?ver=1777454359\",\"caption\":\"D\u00e9rcio Badru\"},\"url\":\"https:\/\/www.cfm.co.mz\/en\/author\/dercio\/\"}]}<\/script>\n<!-- \/ Yoast SEO plugin. -->","yoast_head_json":{"title":"CFM realiza Curso de Administra\u00e7\u00e3o e Dimensionamento de Terminais - CFM - Caminhos De Ferros de Mo\u00e7ambique","robots":{"index":"index","follow":"follow","max-snippet":"max-snippet:-1","max-image-preview":"max-image-preview:large","max-video-preview":"max-video-preview:-1"},"canonical":"https:\/\/www.cfm.co.mz\/en\/2018\/05\/15\/cfm-realiza-curso-de-administracao-e-dimensionamento-de-terminais\/","og_locale":"en_US","og_type":"article","og_title":"CFM realiza Curso de Administra\u00e7\u00e3o e Dimensionamento de Terminais - CFM - Caminhos De Ferros de Mo\u00e7ambique","og_description":"A Empresa Portos e Caminhos de Ferro de Mo\u00e7ambique (CFM), sob a dire\u00e7\u00e3o do Presidente do Conselho de Administra\u00e7\u00e3o e Vice-Presidente da APLOP, Eng. Miguel Matabel, realizou, nos dias 4 e 5 de Maio, o curso intensivo de \u201cAdministra\u00e7\u00e3o e Dimensionamento de Terminais\u201d, que foi ministrado pelo Prof. Eng. Adalmir Jos\u00e9 de Souza, Diretor Geral do NEDIN \u2013 N\u00facleo de Estudos e Desenvolvimento de Infraestrutura da UFF, Universidade Federal Fluminense de Niter\u00f3i \/ RJ, Brasil.A Empresa Portos e Caminhos de Ferro de Mo\u00e7ambique (CFM), sob a dire\u00e7\u00e3o do Presidente do Conselho de Administra\u00e7\u00e3o e Vice-Presidente da APLOP, Eng. Miguel Matabel, realizou, nos dias 4 e 5 de Maio, o curso intensivo de \u201cAdministra\u00e7\u00e3o e Dimensionamento de Terminais\u201d, que foi ministrado pelo Prof. Eng. Adalmir Jos\u00e9 de Souza, Diretor Geral do NEDIN \u2013 N\u00facleo de Estudos e Desenvolvimento de Infraestrutura da UFF, Universidade Federal Fluminense de Niter\u00f3i \/ RJ, Brasil. O curso, realizado em regime integral, na Sala dos Grandes Actos, contou com a participa\u00e7\u00e3o de 39 t\u00e9cnicos, sendo em sua maioria engenheiros representantes dos portos de norte a sul do pa\u00eds. Com cerca de 250 slides, v\u00eddeos e exerc\u00edcios pr\u00e1ticos de dimensionamento de defensas de cais e de terminal de contentores, teve como principal programa os seguintes itens: 1) Portos; 2) Obras de Melhoramento; 3) Muros de Cais; 4) Aluvionamento; 5) Dragagem; 6) Defensas de Cais; 7) Unitiza\u00e7\u00e3o de Cargas; 8) Transporte Multimodal; 9) Terminal Multimodal; 10) Terminal de Gran\u00e9is L\u00edquidos; 11) Terminal de Contentores; 12) Portos Secos; 13) Portos de Transbordo; 14) Portos de Enlace; 15) O Sistema Transbordo; 16) Conceito de Superporto; 17) Transbordo na Am\u00e9rica do Sul; 18) Transbordo na Am\u00e9rica Central e Caribe; 19) Transbordo na Europa; 20) Transbordo na \u00c1sia; 21) Transbordo na \u00c1frica. Segundo o Professor Engenheiro Adalmir, o mais importante no curso foi o alto n\u00edvel dos participantes, demonstrando dedica\u00e7\u00e3o e respeito e proporcionando uma rela\u00e7\u00e3o m\u00fatua de interc\u00e2mbio t\u00e9cnico-cultural, com a qual todos sa\u00edram ganhando. Assim sendo, al\u00e9m do programa, com o objetivo de atualizar os participantes, apresentou mais 108 slides e analisou os seguintes temas: Automa\u00e7\u00e3o, Log\u00edstica dos Transportes e Futuro do Transporte Mar\u00edtimo; Sistema de Transposi\u00e7\u00e3o de Desn\u00edvel, Eclusas e Canal do Panam\u00e1; Revitaliza\u00e7\u00e3o e Turismo; A Integra\u00e7\u00e3o dos Portos da CPLP ADALMIR JOS\u00c9 DE SOUZA \u00e9 Engenheiro Civil da UFF de Niter\u00f3i \/ BRASIL; DEA-Diplomado de Estudos Avan\u00e7ados em Engenharia N\u00e1utica na UPC de Barcelona \/ ESPANHA; MsC &#8211; Mestre em Transportes na UFF de Niter\u00f3i \/ BRASIL; P\u00f3s- graduado em Engenharia Portu\u00e1ria no HHLA de Hamburgo \/ ALEMANHA; Especializado em Portos e Vias Naveg\u00e1veis na UFRJ do Rio de Janeiro \/ BRASIL. Al\u00e9m disso, possui cerca de 88 publica\u00e7\u00f5es, entre livros e trabalhos t\u00e9cnicos, tendo ministrado cursos e confer\u00eancias nos principais pa\u00edses da Am\u00e9rica do Norte, Central e do Sul, Europa, \u00c1sia e \u00c1frica. Como Engenheiro de Carreira, trabalhou na CBD-Dragagem, PORTOBR\u00c1S S.A., CDRJ \u2013 Docas do Rio. Foi Diretor-Executivo da ABEPH \u2013 Associa\u00e7\u00e3o Brasileira das Entidades Portu\u00e1rias e Hidrovi\u00e1rias &#8211; e v\u00e1rias empresas nacionais e internacionais como Engenheiro Consultor. Atualmente \u00e9 Professor da Escola de Engenharia da UFF e Diretor Geral do NEDIN \u2013 N\u00facleo de Estudos e Desenvolvimento de Infraestrutura da UFF.","og_url":"https:\/\/www.cfm.co.mz\/en\/2018\/05\/15\/cfm-realiza-curso-de-administracao-e-dimensionamento-de-terminais\/","og_site_name":"CFM - Caminhos De Ferros de Mo\u00e7ambique","article_publisher":"https:\/\/www.facebook.com\/CFMMoz","article_published_time":"2018-05-15T08:13:46+00:00","og_image":[{"width":1800,"height":1200,"url":"https:\/\/www.cfm.co.mz\/wp-content\/uploads\/2018\/05\/Curso_ADT.jpg","type":"image\/jpeg"}],"author":"D\u00e9rcio Badru","twitter_card":"summary_large_image","twitter_misc":{"Written by":"D\u00e9rcio Badru","Est. reading time":"3 minutes"},"schema":{"@context":"https:\/\/schema.org","@graph":[{"@type":"Article","@id":"https:\/\/www.cfm.co.mz\/2018\/05\/15\/cfm-realiza-curso-de-administracao-e-dimensionamento-de-terminais\/#article","isPartOf":{"@id":"https:\/\/www.cfm.co.mz\/2018\/05\/15\/cfm-realiza-curso-de-administracao-e-dimensionamento-de-terminais\/"},"author":{"name":"D\u00e9rcio Badru","@id":"https:\/\/www.cfm.co.mz\/#\/schema\/person\/1bb663f3c59dc61900f6f9b1c2b53552"},"headline":"CFM realiza Curso de Administra\u00e7\u00e3o e Dimensionamento de Terminais","datePublished":"2018-05-15T08:13:46+00:00","mainEntityOfPage":{"@id":"https:\/\/www.cfm.co.mz\/2018\/05\/15\/cfm-realiza-curso-de-administracao-e-dimensionamento-de-terminais\/"},"wordCount":552,"commentCount":0,"publisher":{"@id":"https:\/\/www.cfm.co.mz\/#organization"},"image":{"@id":"https:\/\/www.cfm.co.mz\/2018\/05\/15\/cfm-realiza-curso-de-administracao-e-dimensionamento-de-terminais\/#primaryimage"},"thumbnailUrl":"https:\/\/www.cfm.co.mz\/wp-content\/uploads\/2018\/05\/Curso_ADT.jpg","articleSection":["Noticias"],"inLanguage":"en-US","potentialAction":[{"@type":"CommentAction","name":"Comment","target":["https:\/\/www.cfm.co.mz\/2018\/05\/15\/cfm-realiza-curso-de-administracao-e-dimensionamento-de-terminais\/#respond"]}]},{"@type":"WebPage","@id":"https:\/\/www.cfm.co.mz\/2018\/05\/15\/cfm-realiza-curso-de-administracao-e-dimensionamento-de-terminais\/","url":"https:\/\/www.cfm.co.mz\/2018\/05\/15\/cfm-realiza-curso-de-administracao-e-dimensionamento-de-terminais\/","name":"CFM realiza Curso de Administra\u00e7\u00e3o e Dimensionamento de Terminais - CFM - Caminhos De Ferros de Mo\u00e7ambique","isPartOf":{"@id":"https:\/\/www.cfm.co.mz\/#website"},"primaryImageOfPage":{"@id":"https:\/\/www.cfm.co.mz\/2018\/05\/15\/cfm-realiza-curso-de-administracao-e-dimensionamento-de-terminais\/#primaryimage"},"image":{"@id":"https:\/\/www.cfm.co.mz\/2018\/05\/15\/cfm-realiza-curso-de-administracao-e-dimensionamento-de-terminais\/#primaryimage"},"thumbnailUrl":"https:\/\/www.cfm.co.mz\/wp-content\/uploads\/2018\/05\/Curso_ADT.jpg","datePublished":"2018-05-15T08:13:46+00:00","breadcrumb":{"@id":"https:\/\/www.cfm.co.mz\/2018\/05\/15\/cfm-realiza-curso-de-administracao-e-dimensionamento-de-terminais\/#breadcrumb"},"inLanguage":"en-US","potentialAction":[{"@type":"ReadAction","target":["https:\/\/www.cfm.co.mz\/2018\/05\/15\/cfm-realiza-curso-de-administracao-e-dimensionamento-de-terminais\/"]}]},{"@type":"ImageObject","inLanguage":"en-US","@id":"https:\/\/www.cfm.co.mz\/2018\/05\/15\/cfm-realiza-curso-de-administracao-e-dimensionamento-de-terminais\/#primaryimage","url":"https:\/\/www.cfm.co.mz\/wp-content\/uploads\/2018\/05\/Curso_ADT.jpg","contentUrl":"https:\/\/www.cfm.co.mz\/wp-content\/uploads\/2018\/05\/Curso_ADT.jpg","width":1800,"height":1200,"caption":"Curso ADT"},{"@type":"BreadcrumbList","@id":"https:\/\/www.cfm.co.mz\/2018\/05\/15\/cfm-realiza-curso-de-administracao-e-dimensionamento-de-terminais\/#breadcrumb","itemListElement":[{"@type":"ListItem","position":1,"name":"Home","item":"https:\/\/www.cfm.co.mz\/"},{"@type":"ListItem","position":2,"name":"CFM realiza Curso de Administra\u00e7\u00e3o e Dimensionamento de Terminais"}]},{"@type":"WebSite","@id":"https:\/\/www.cfm.co.mz\/#website","url":"https:\/\/www.cfm.co.mz\/","name":"CFM - Caminhos De Ferros de Mo\u00e7ambique","description":"Ampliando Horizontes","publisher":{"@id":"https:\/\/www.cfm.co.mz\/#organization"},"potentialAction":[{"@type":"SearchAction","target":{"@type":"EntryPoint","urlTemplate":"https:\/\/www.cfm.co.mz\/?s={search_term_string}"},"query-input":{"@type":"PropertyValueSpecification","valueRequired":true,"valueName":"search_term_string"}}],"inLanguage":"en-US"},{"@type":"Organization","@id":"https:\/\/www.cfm.co.mz\/#organization","name":"CFM - Caminhos De Ferros de Mo\u00e7ambique","url":"https:\/\/www.cfm.co.mz\/","logo":{"@type":"ImageObject","inLanguage":"en-US","@id":"https:\/\/www.cfm.co.mz\/#\/schema\/logo\/image\/","url":"https:\/\/www.cfm.co.mz\/wp-content\/uploads\/2025\/07\/be5f0679-4f5b-4d02-9719-a26ceed29162.jpg","contentUrl":"https:\/\/www.cfm.co.mz\/wp-content\/uploads\/2025\/07\/be5f0679-4f5b-4d02-9719-a26ceed29162.jpg","width":400,"height":65,"caption":"CFM - Caminhos De Ferros de Mo\u00e7ambique"},"image":{"@id":"https:\/\/www.cfm.co.mz\/#\/schema\/logo\/image\/"},"sameAs":["https:\/\/www.facebook.com\/CFMMoz","https:\/\/www.linkedin.com\/company\/caminhos-de-ferro-de-moambique\/"]},{"@type":"Person","@id":"https:\/\/www.cfm.co.mz\/#\/schema\/person\/1bb663f3c59dc61900f6f9b1c2b53552","name":"D\u00e9rcio Badru","image":{"@type":"ImageObject","inLanguage":"en-US","@id":"https:\/\/www.cfm.co.mz\/#\/schema\/person\/image\/","url":"https:\/\/www.cfm.co.mz\/wp-content\/litespeed\/avatar\/be89d6955942d7259ef76de4577d21b3.jpg?ver=1777454359","contentUrl":"https:\/\/www.cfm.co.mz\/wp-content\/litespeed\/avatar\/be89d6955942d7259ef76de4577d21b3.jpg?ver=1777454359","caption":"D\u00e9rcio Badru"},"url":"https:\/\/www.cfm.co.mz\/en\/author\/dercio\/"}]}},"_links":{"self":[{"href":"https:\/\/www.cfm.co.mz\/en\/wp-json\/wp\/v2\/posts\/8998","targetHints":{"allow":["GET"]}}],"collection":[{"href":"https:\/\/www.cfm.co.mz\/en\/wp-json\/wp\/v2\/posts"}],"about":[{"href":"https:\/\/www.cfm.co.mz\/en\/wp-json\/wp\/v2\/types\/post"}],"author":[{"embeddable":true,"href":"https:\/\/www.cfm.co.mz\/en\/wp-json\/wp\/v2\/users\/94"}],"replies":[{"embeddable":true,"href":"https:\/\/www.cfm.co.mz\/en\/wp-json\/wp\/v2\/comments?post=8998"}],"version-history":[{"count":0,"href":"https:\/\/www.cfm.co.mz\/en\/wp-json\/wp\/v2\/posts\/8998\/revisions"}],"wp:featuredmedia":[{"embeddable":true,"href":"https:\/\/www.cfm.co.mz\/en\/wp-json\/wp\/v2\/media\/8996"}],"wp:attachment":[{"href":"https:\/\/www.cfm.co.mz\/en\/wp-json\/wp\/v2\/media?parent=8998"}],"wp:term":[{"taxonomy":"category","embeddable":true,"href":"https:\/\/www.cfm.co.mz\/en\/wp-json\/wp\/v2\/categories?post=8998"},{"taxonomy":"post_tag","embeddable":true,"href":"https:\/\/www.cfm.co.mz\/en\/wp-json\/wp\/v2\/tags?post=8998"}],"curies":[{"name":"wp","href":"https:\/\/api.w.org\/{rel}","templated":true}]}}