{"id":8980,"date":"2018-03-02T07:26:19","date_gmt":"2018-03-02T07:26:19","guid":{"rendered":"https:\/\/www.cfm.co.mz\/2018\/03\/02\/governo-enaltece-o-papel-do-cfm-na-maximizacao-das-suas-infra-estruturas\/"},"modified":"2018-03-02T07:26:19","modified_gmt":"2018-03-02T07:26:19","slug":"governo-enaltece-o-papel-do-cfm-na-maximizacao-das-suas-infra-estruturas","status":"publish","type":"post","link":"https:\/\/www.cfm.co.mz\/en\/2018\/03\/02\/governo-enaltece-o-papel-do-cfm-na-maximizacao-das-suas-infra-estruturas\/","title":{"rendered":"Governo enaltece o papel do CFM na maximiza\u00e7\u00e3o das suas infra-estruturas"},"content":{"rendered":"<p style=\"text-align: justify;\"><a href=\"http:\/\/www.cfm.co.mz\/wp-content\/uploads\/2018\/03\/Reuniao-de-Directores-2018_Carlos-Mesquita-scaled.jpg\" target=\"_blank\" type=\"image\" class=\"jcepopup icon-bottom-right\" data-mediabox=\"width[800];height[600];caption[Ministro dos Transportes e Comunica\u00e7\u00f5es, Carlos Mesquita, discursando durante a Reuni\u00e3o Anual do Conselho de Directores dos CFM]\" rel=\"noopener\"><img decoding=\"async\" src=\"http:\/\/www.cfm.co.mz\/wp-content\/uploads\/2018\/03\/Reuniao-de-Directores-2018_Carlos-Mesquita-scaled.jpg\" alt=\"Reuni\u00e3o de Directores 2018 Carlos Mesquita\" width=\"250\" height=\"167\" style=\"margin: 5px; float: left;\" \/><\/a>Os resultados positivos de 2017, que registaram um crescimento do tr\u00e1fego ferrovi\u00e1rio e manuseamento portu\u00e1rio no pa\u00eds na ordem de 39.4% e 28.2% respectivamente, representam um sinal inequ\u00edvoco de que os esfor\u00e7os em curso para maximizar a utiliza\u00e7\u00e3o das infra-estruturas ferro-portu\u00e1rias mo\u00e7ambicanas est\u00e3o a conhecer resposta favor\u00e1vel ao mercado.<\/p>\n<p style=\"text-align: justify;\">Segundo o Ministro dos Transportes e Comunica\u00e7\u00f5es, Carlos Mesquita, para elevar cada vez mais a produtividade no CFM, os quadros deste sector devem abstrair-se e olharem com &#8220;olhos de ver&#8221; os desafios envolventes a exemplo da situa\u00e7\u00e3o daquilo que chamou de \u201cnovo Zimbabwe\u201d insinuando-se ao advento positivo da economia zimbabueana que, no seu entender gera responsabilidades acrescidas ao CFM na reten\u00e7\u00e3o do tr\u00e1fego daquele pa\u00eds em condi\u00e7\u00f5es contratuais competitivos, entre outros aspectos estrat\u00e9gicos da \u00e1rea de que \u00e9 exime conhecedor.<\/p>\n<p><!--more--><\/p>\n<p style=\"text-align: justify;\">Carlos Mesquita, que falava na abertura do XXII Conselho de Directores do CFM que decorreu nos dias 22 e 23 de Fevereiro de 2018, em Maputo, disse que a empresa <em><strong>&#8220;deve ser mais eficiente na cobran\u00e7a dos seus cr\u00e9ditos que atingiram valores pr\u00f3ximos de 60 milh\u00f5es de d\u00f3lares em 2017&#8221;<\/strong> <\/em>os quais Mesquita, diz que&nbsp;\u00e9 imperativo que se&nbsp;fa\u00e7a um trabalho profundo e s\u00e9rio junto dos clientes que se apresentam como maiores devedores.<\/p>\n<p style=\"text-align: justify;\">Ainda sobre esta mat\u00e9ria o governante destacou que o XXII CD realizou-se numa altura em que o governo est\u00e1 a implementar profundas reformas para a melhoria do sector empresarial do Estado, de que CFM e parte integrante. Com esse exerc\u00edcio o governo de Mo\u00e7ambique pretende que as empresas p\u00fablicas e participadas pelo Estado se reinventem de modo a serem rent\u00e1veis e gerarem receitas e divisas para garantirem o financiamento do processo de desenvolvimento econ\u00f3mico nacional na sua plenitude. Sublinhou ainda que as empresas do Estado n\u00e3o devem constituir um centro de custos para o Estado, mas sim uma fonte de receitas p\u00fablicas.<\/p>\n<p style=\"text-align: justify;\"><a href=\"http:\/\/www.cfm.co.mz\/wp-content\/uploads\/2018\/03\/Reuniao-de-Directores-2018_Foto-Familia-scaled.jpg\" target=\"_blank\" type=\"image\" class=\"jcepopup icon-bottom-right\" data-mediabox=\"width[800];height[600];caption[Participantes do XXII Conselho de Directores dos CFM]\" rel=\"noopener\"><img decoding=\"async\" src=\"http:\/\/www.cfm.co.mz\/wp-content\/uploads\/2018\/03\/Reuniao-de-Directores-2018_Foto-Familia-scaled.jpg\" alt=\"Reuni\u00e3o de Directores 2018 Foto Familia\" width=\"250\" height=\"167\" style=\"margin: 5px; float: right;\" \/><\/a>Carlos Mesquita entende que para a efic\u00e1cia da estrat\u00e9gia do executivo os gestores devem se comprometer com o trabalho, atrav\u00e9s da realiza\u00e7\u00e3o de planos de trabalho com metas e indicadores de rentabilidade previamente estabelecidos, exortando que, nessa senda, a avalia\u00e7\u00e3o a ser feita aos gestores das empresas p\u00fablicas e participadas (EPP) incidir\u00e1, em grande medida, na sua capacidade criativa para atingir as metas de produ\u00e7\u00e3o estabelecidas.<\/p>","protected":false},"excerpt":{"rendered":"<p>Os resultados positivos de 2017, que registaram um crescimento do tr\u00e1fego ferrovi\u00e1rio e manuseamento portu\u00e1rio no pa\u00eds na ordem de 39.4% e 28.2% respectivamente, representam um sinal inequ\u00edvoco de que os esfor\u00e7os em curso para maximizar a utiliza\u00e7\u00e3o das infra-estruturas ferro-portu\u00e1rias mo\u00e7ambicanas est\u00e3o a conhecer resposta favor\u00e1vel ao mercado. Segundo o Ministro dos Transportes e Comunica\u00e7\u00f5es, Carlos Mesquita, para elevar cada vez mais a produtividade no CFM, os quadros deste sector devem abstrair-se e olharem com &#8220;olhos de ver&#8221; os desafios envolventes a exemplo da situa\u00e7\u00e3o daquilo que chamou de \u201cnovo Zimbabwe\u201d insinuando-se ao advento positivo da economia zimbabueana que, no seu entender gera responsabilidades acrescidas ao CFM na reten\u00e7\u00e3o do tr\u00e1fego daquele pa\u00eds em condi\u00e7\u00f5es contratuais competitivos, entre outros aspectos estrat\u00e9gicos da \u00e1rea de que \u00e9 exime conhecedor.<\/p>","protected":false},"author":94,"featured_media":8977,"comment_status":"open","ping_status":"open","sticky":false,"template":"","format":"standard","meta":{"_acf_changed":false,"pgc_sgb_lightbox_settings":"","footnotes":""},"categories":[680],"tags":[],"class_list":["post-8980","post","type-post","status-publish","format-standard","has-post-thumbnail","hentry","category-noticias"],"acf":[],"yoast_head":"<!-- This site is optimized with the Yoast SEO plugin v26.5 - https:\/\/yoast.com\/wordpress\/plugins\/seo\/ -->\n<title>Governo enaltece o papel do CFM na maximiza\u00e7\u00e3o das suas infra-estruturas - CFM - Caminhos De Ferros de Mo\u00e7ambique<\/title>\n<meta name=\"robots\" content=\"index, follow, max-snippet:-1, max-image-preview:large, max-video-preview:-1\" \/>\n<link rel=\"canonical\" href=\"https:\/\/www.cfm.co.mz\/en\/2018\/03\/02\/governo-enaltece-o-papel-do-cfm-na-maximizacao-das-suas-infra-estruturas\/\" \/>\n<meta property=\"og:locale\" content=\"en_US\" \/>\n<meta property=\"og:type\" content=\"article\" \/>\n<meta property=\"og:title\" content=\"Governo enaltece o papel do CFM na maximiza\u00e7\u00e3o das suas infra-estruturas - CFM - Caminhos De Ferros de Mo\u00e7ambique\" \/>\n<meta property=\"og:description\" content=\"Os resultados positivos de 2017, que registaram um crescimento do tr\u00e1fego ferrovi\u00e1rio e manuseamento portu\u00e1rio no pa\u00eds na ordem de 39.4% e 28.2% respectivamente, representam um sinal inequ\u00edvoco de que os esfor\u00e7os em curso para maximizar a utiliza\u00e7\u00e3o das infra-estruturas ferro-portu\u00e1rias mo\u00e7ambicanas est\u00e3o a conhecer resposta favor\u00e1vel ao mercado. Segundo o Ministro dos Transportes e Comunica\u00e7\u00f5es, Carlos Mesquita, para elevar cada vez mais a produtividade no CFM, os quadros deste sector devem abstrair-se e olharem com &#8220;olhos de ver&#8221; os desafios envolventes a exemplo da situa\u00e7\u00e3o daquilo que chamou de \u201cnovo Zimbabwe\u201d insinuando-se ao advento positivo da economia zimbabueana que, no seu entender gera responsabilidades acrescidas ao CFM na reten\u00e7\u00e3o do tr\u00e1fego daquele pa\u00eds em condi\u00e7\u00f5es contratuais competitivos, entre outros aspectos estrat\u00e9gicos da \u00e1rea de que \u00e9 exime conhecedor.\" \/>\n<meta property=\"og:url\" content=\"https:\/\/www.cfm.co.mz\/en\/2018\/03\/02\/governo-enaltece-o-papel-do-cfm-na-maximizacao-das-suas-infra-estruturas\/\" \/>\n<meta property=\"og:site_name\" content=\"CFM - Caminhos De Ferros de Mo\u00e7ambique\" \/>\n<meta property=\"article:publisher\" content=\"https:\/\/www.facebook.com\/CFMMoz\" \/>\n<meta property=\"article:published_time\" content=\"2018-03-02T07:26:19+00:00\" \/>\n<meta property=\"og:image\" content=\"https:\/\/www.cfm.co.mz\/wp-content\/uploads\/2018\/03\/Reuniao-de-Directores-2018_Carlos-Mesquita-scaled.jpg\" \/>\n\t<meta property=\"og:image:width\" content=\"2560\" \/>\n\t<meta property=\"og:image:height\" content=\"1707\" \/>\n\t<meta property=\"og:image:type\" content=\"image\/jpeg\" \/>\n<meta name=\"author\" content=\"D\u00e9rcio Badru\" \/>\n<meta name=\"twitter:card\" content=\"summary_large_image\" \/>\n<meta name=\"twitter:label1\" content=\"Written by\" \/>\n\t<meta name=\"twitter:data1\" content=\"D\u00e9rcio Badru\" \/>\n\t<meta name=\"twitter:label2\" content=\"Est. reading time\" \/>\n\t<meta name=\"twitter:data2\" content=\"2 minutes\" \/>\n<script type=\"application\/ld+json\" class=\"yoast-schema-graph\">{\"@context\":\"https:\/\/schema.org\",\"@graph\":[{\"@type\":\"Article\",\"@id\":\"https:\/\/www.cfm.co.mz\/2018\/03\/02\/governo-enaltece-o-papel-do-cfm-na-maximizacao-das-suas-infra-estruturas\/#article\",\"isPartOf\":{\"@id\":\"https:\/\/www.cfm.co.mz\/2018\/03\/02\/governo-enaltece-o-papel-do-cfm-na-maximizacao-das-suas-infra-estruturas\/\"},\"author\":{\"name\":\"D\u00e9rcio Badru\",\"@id\":\"https:\/\/www.cfm.co.mz\/#\/schema\/person\/1bb663f3c59dc61900f6f9b1c2b53552\"},\"headline\":\"Governo enaltece o papel do CFM na maximiza\u00e7\u00e3o das suas infra-estruturas\",\"datePublished\":\"2018-03-02T07:26:19+00:00\",\"mainEntityOfPage\":{\"@id\":\"https:\/\/www.cfm.co.mz\/2018\/03\/02\/governo-enaltece-o-papel-do-cfm-na-maximizacao-das-suas-infra-estruturas\/\"},\"wordCount\":415,\"commentCount\":0,\"publisher\":{\"@id\":\"https:\/\/www.cfm.co.mz\/#organization\"},\"image\":{\"@id\":\"https:\/\/www.cfm.co.mz\/2018\/03\/02\/governo-enaltece-o-papel-do-cfm-na-maximizacao-das-suas-infra-estruturas\/#primaryimage\"},\"thumbnailUrl\":\"https:\/\/www.cfm.co.mz\/wp-content\/uploads\/2018\/03\/Reuniao-de-Directores-2018_Carlos-Mesquita-scaled.jpg\",\"articleSection\":[\"Noticias\"],\"inLanguage\":\"en-US\",\"potentialAction\":[{\"@type\":\"CommentAction\",\"name\":\"Comment\",\"target\":[\"https:\/\/www.cfm.co.mz\/2018\/03\/02\/governo-enaltece-o-papel-do-cfm-na-maximizacao-das-suas-infra-estruturas\/#respond\"]}]},{\"@type\":\"WebPage\",\"@id\":\"https:\/\/www.cfm.co.mz\/2018\/03\/02\/governo-enaltece-o-papel-do-cfm-na-maximizacao-das-suas-infra-estruturas\/\",\"url\":\"https:\/\/www.cfm.co.mz\/2018\/03\/02\/governo-enaltece-o-papel-do-cfm-na-maximizacao-das-suas-infra-estruturas\/\",\"name\":\"Governo enaltece o papel do CFM na maximiza\u00e7\u00e3o das suas infra-estruturas - CFM - Caminhos De Ferros de Mo\u00e7ambique\",\"isPartOf\":{\"@id\":\"https:\/\/www.cfm.co.mz\/#website\"},\"primaryImageOfPage\":{\"@id\":\"https:\/\/www.cfm.co.mz\/2018\/03\/02\/governo-enaltece-o-papel-do-cfm-na-maximizacao-das-suas-infra-estruturas\/#primaryimage\"},\"image\":{\"@id\":\"https:\/\/www.cfm.co.mz\/2018\/03\/02\/governo-enaltece-o-papel-do-cfm-na-maximizacao-das-suas-infra-estruturas\/#primaryimage\"},\"thumbnailUrl\":\"https:\/\/www.cfm.co.mz\/wp-content\/uploads\/2018\/03\/Reuniao-de-Directores-2018_Carlos-Mesquita-scaled.jpg\",\"datePublished\":\"2018-03-02T07:26:19+00:00\",\"breadcrumb\":{\"@id\":\"https:\/\/www.cfm.co.mz\/2018\/03\/02\/governo-enaltece-o-papel-do-cfm-na-maximizacao-das-suas-infra-estruturas\/#breadcrumb\"},\"inLanguage\":\"en-US\",\"potentialAction\":[{\"@type\":\"ReadAction\",\"target\":[\"https:\/\/www.cfm.co.mz\/2018\/03\/02\/governo-enaltece-o-papel-do-cfm-na-maximizacao-das-suas-infra-estruturas\/\"]}]},{\"@type\":\"ImageObject\",\"inLanguage\":\"en-US\",\"@id\":\"https:\/\/www.cfm.co.mz\/2018\/03\/02\/governo-enaltece-o-papel-do-cfm-na-maximizacao-das-suas-infra-estruturas\/#primaryimage\",\"url\":\"https:\/\/www.cfm.co.mz\/wp-content\/uploads\/2018\/03\/Reuniao-de-Directores-2018_Carlos-Mesquita-scaled.jpg\",\"contentUrl\":\"https:\/\/www.cfm.co.mz\/wp-content\/uploads\/2018\/03\/Reuniao-de-Directores-2018_Carlos-Mesquita-scaled.jpg\",\"width\":2560,\"height\":1707,\"caption\":\"Reuni\u00e3o de Directores 2018 Carlos Mesquita\"},{\"@type\":\"BreadcrumbList\",\"@id\":\"https:\/\/www.cfm.co.mz\/2018\/03\/02\/governo-enaltece-o-papel-do-cfm-na-maximizacao-das-suas-infra-estruturas\/#breadcrumb\",\"itemListElement\":[{\"@type\":\"ListItem\",\"position\":1,\"name\":\"Home\",\"item\":\"https:\/\/www.cfm.co.mz\/\"},{\"@type\":\"ListItem\",\"position\":2,\"name\":\"Governo enaltece o papel do CFM na maximiza\u00e7\u00e3o das suas infra-estruturas\"}]},{\"@type\":\"WebSite\",\"@id\":\"https:\/\/www.cfm.co.mz\/#website\",\"url\":\"https:\/\/www.cfm.co.mz\/\",\"name\":\"CFM - Caminhos De Ferros de Mo\u00e7ambique\",\"description\":\"Ampliando Horizontes\",\"publisher\":{\"@id\":\"https:\/\/www.cfm.co.mz\/#organization\"},\"potentialAction\":[{\"@type\":\"SearchAction\",\"target\":{\"@type\":\"EntryPoint\",\"urlTemplate\":\"https:\/\/www.cfm.co.mz\/?s={search_term_string}\"},\"query-input\":{\"@type\":\"PropertyValueSpecification\",\"valueRequired\":true,\"valueName\":\"search_term_string\"}}],\"inLanguage\":\"en-US\"},{\"@type\":\"Organization\",\"@id\":\"https:\/\/www.cfm.co.mz\/#organization\",\"name\":\"CFM - Caminhos De Ferros de Mo\u00e7ambique\",\"url\":\"https:\/\/www.cfm.co.mz\/\",\"logo\":{\"@type\":\"ImageObject\",\"inLanguage\":\"en-US\",\"@id\":\"https:\/\/www.cfm.co.mz\/#\/schema\/logo\/image\/\",\"url\":\"https:\/\/www.cfm.co.mz\/wp-content\/uploads\/2025\/07\/be5f0679-4f5b-4d02-9719-a26ceed29162.jpg\",\"contentUrl\":\"https:\/\/www.cfm.co.mz\/wp-content\/uploads\/2025\/07\/be5f0679-4f5b-4d02-9719-a26ceed29162.jpg\",\"width\":400,\"height\":65,\"caption\":\"CFM - Caminhos De Ferros de Mo\u00e7ambique\"},\"image\":{\"@id\":\"https:\/\/www.cfm.co.mz\/#\/schema\/logo\/image\/\"},\"sameAs\":[\"https:\/\/www.facebook.com\/CFMMoz\",\"https:\/\/www.linkedin.com\/company\/caminhos-de-ferro-de-moambique\/\"]},{\"@type\":\"Person\",\"@id\":\"https:\/\/www.cfm.co.mz\/#\/schema\/person\/1bb663f3c59dc61900f6f9b1c2b53552\",\"name\":\"D\u00e9rcio Badru\",\"image\":{\"@type\":\"ImageObject\",\"inLanguage\":\"en-US\",\"@id\":\"https:\/\/www.cfm.co.mz\/#\/schema\/person\/image\/\",\"url\":\"https:\/\/www.cfm.co.mz\/wp-content\/litespeed\/avatar\/be89d6955942d7259ef76de4577d21b3.jpg?ver=1777454359\",\"contentUrl\":\"https:\/\/www.cfm.co.mz\/wp-content\/litespeed\/avatar\/be89d6955942d7259ef76de4577d21b3.jpg?ver=1777454359\",\"caption\":\"D\u00e9rcio Badru\"},\"url\":\"https:\/\/www.cfm.co.mz\/en\/author\/dercio\/\"}]}<\/script>\n<!-- \/ Yoast SEO plugin. -->","yoast_head_json":{"title":"Governo enaltece o papel do CFM na maximiza\u00e7\u00e3o das suas infra-estruturas - CFM - Caminhos De Ferros de Mo\u00e7ambique","robots":{"index":"index","follow":"follow","max-snippet":"max-snippet:-1","max-image-preview":"max-image-preview:large","max-video-preview":"max-video-preview:-1"},"canonical":"https:\/\/www.cfm.co.mz\/en\/2018\/03\/02\/governo-enaltece-o-papel-do-cfm-na-maximizacao-das-suas-infra-estruturas\/","og_locale":"en_US","og_type":"article","og_title":"Governo enaltece o papel do CFM na maximiza\u00e7\u00e3o das suas infra-estruturas - CFM - Caminhos De Ferros de Mo\u00e7ambique","og_description":"Os resultados positivos de 2017, que registaram um crescimento do tr\u00e1fego ferrovi\u00e1rio e manuseamento portu\u00e1rio no pa\u00eds na ordem de 39.4% e 28.2% respectivamente, representam um sinal inequ\u00edvoco de que os esfor\u00e7os em curso para maximizar a utiliza\u00e7\u00e3o das infra-estruturas ferro-portu\u00e1rias mo\u00e7ambicanas est\u00e3o a conhecer resposta favor\u00e1vel ao mercado. Segundo o Ministro dos Transportes e Comunica\u00e7\u00f5es, Carlos Mesquita, para elevar cada vez mais a produtividade no CFM, os quadros deste sector devem abstrair-se e olharem com &#8220;olhos de ver&#8221; os desafios envolventes a exemplo da situa\u00e7\u00e3o daquilo que chamou de \u201cnovo Zimbabwe\u201d insinuando-se ao advento positivo da economia zimbabueana que, no seu entender gera responsabilidades acrescidas ao CFM na reten\u00e7\u00e3o do tr\u00e1fego daquele pa\u00eds em condi\u00e7\u00f5es contratuais competitivos, entre outros aspectos estrat\u00e9gicos da \u00e1rea de que \u00e9 exime conhecedor.","og_url":"https:\/\/www.cfm.co.mz\/en\/2018\/03\/02\/governo-enaltece-o-papel-do-cfm-na-maximizacao-das-suas-infra-estruturas\/","og_site_name":"CFM - Caminhos De Ferros de Mo\u00e7ambique","article_publisher":"https:\/\/www.facebook.com\/CFMMoz","article_published_time":"2018-03-02T07:26:19+00:00","og_image":[{"width":2560,"height":1707,"url":"https:\/\/www.cfm.co.mz\/wp-content\/uploads\/2018\/03\/Reuniao-de-Directores-2018_Carlos-Mesquita-scaled.jpg","type":"image\/jpeg"}],"author":"D\u00e9rcio Badru","twitter_card":"summary_large_image","twitter_misc":{"Written by":"D\u00e9rcio Badru","Est. reading time":"2 minutes"},"schema":{"@context":"https:\/\/schema.org","@graph":[{"@type":"Article","@id":"https:\/\/www.cfm.co.mz\/2018\/03\/02\/governo-enaltece-o-papel-do-cfm-na-maximizacao-das-suas-infra-estruturas\/#article","isPartOf":{"@id":"https:\/\/www.cfm.co.mz\/2018\/03\/02\/governo-enaltece-o-papel-do-cfm-na-maximizacao-das-suas-infra-estruturas\/"},"author":{"name":"D\u00e9rcio Badru","@id":"https:\/\/www.cfm.co.mz\/#\/schema\/person\/1bb663f3c59dc61900f6f9b1c2b53552"},"headline":"Governo enaltece o papel do CFM na maximiza\u00e7\u00e3o das suas infra-estruturas","datePublished":"2018-03-02T07:26:19+00:00","mainEntityOfPage":{"@id":"https:\/\/www.cfm.co.mz\/2018\/03\/02\/governo-enaltece-o-papel-do-cfm-na-maximizacao-das-suas-infra-estruturas\/"},"wordCount":415,"commentCount":0,"publisher":{"@id":"https:\/\/www.cfm.co.mz\/#organization"},"image":{"@id":"https:\/\/www.cfm.co.mz\/2018\/03\/02\/governo-enaltece-o-papel-do-cfm-na-maximizacao-das-suas-infra-estruturas\/#primaryimage"},"thumbnailUrl":"https:\/\/www.cfm.co.mz\/wp-content\/uploads\/2018\/03\/Reuniao-de-Directores-2018_Carlos-Mesquita-scaled.jpg","articleSection":["Noticias"],"inLanguage":"en-US","potentialAction":[{"@type":"CommentAction","name":"Comment","target":["https:\/\/www.cfm.co.mz\/2018\/03\/02\/governo-enaltece-o-papel-do-cfm-na-maximizacao-das-suas-infra-estruturas\/#respond"]}]},{"@type":"WebPage","@id":"https:\/\/www.cfm.co.mz\/2018\/03\/02\/governo-enaltece-o-papel-do-cfm-na-maximizacao-das-suas-infra-estruturas\/","url":"https:\/\/www.cfm.co.mz\/2018\/03\/02\/governo-enaltece-o-papel-do-cfm-na-maximizacao-das-suas-infra-estruturas\/","name":"Governo enaltece o papel do CFM na maximiza\u00e7\u00e3o das suas infra-estruturas - CFM - Caminhos De Ferros de Mo\u00e7ambique","isPartOf":{"@id":"https:\/\/www.cfm.co.mz\/#website"},"primaryImageOfPage":{"@id":"https:\/\/www.cfm.co.mz\/2018\/03\/02\/governo-enaltece-o-papel-do-cfm-na-maximizacao-das-suas-infra-estruturas\/#primaryimage"},"image":{"@id":"https:\/\/www.cfm.co.mz\/2018\/03\/02\/governo-enaltece-o-papel-do-cfm-na-maximizacao-das-suas-infra-estruturas\/#primaryimage"},"thumbnailUrl":"https:\/\/www.cfm.co.mz\/wp-content\/uploads\/2018\/03\/Reuniao-de-Directores-2018_Carlos-Mesquita-scaled.jpg","datePublished":"2018-03-02T07:26:19+00:00","breadcrumb":{"@id":"https:\/\/www.cfm.co.mz\/2018\/03\/02\/governo-enaltece-o-papel-do-cfm-na-maximizacao-das-suas-infra-estruturas\/#breadcrumb"},"inLanguage":"en-US","potentialAction":[{"@type":"ReadAction","target":["https:\/\/www.cfm.co.mz\/2018\/03\/02\/governo-enaltece-o-papel-do-cfm-na-maximizacao-das-suas-infra-estruturas\/"]}]},{"@type":"ImageObject","inLanguage":"en-US","@id":"https:\/\/www.cfm.co.mz\/2018\/03\/02\/governo-enaltece-o-papel-do-cfm-na-maximizacao-das-suas-infra-estruturas\/#primaryimage","url":"https:\/\/www.cfm.co.mz\/wp-content\/uploads\/2018\/03\/Reuniao-de-Directores-2018_Carlos-Mesquita-scaled.jpg","contentUrl":"https:\/\/www.cfm.co.mz\/wp-content\/uploads\/2018\/03\/Reuniao-de-Directores-2018_Carlos-Mesquita-scaled.jpg","width":2560,"height":1707,"caption":"Reuni\u00e3o de Directores 2018 Carlos Mesquita"},{"@type":"BreadcrumbList","@id":"https:\/\/www.cfm.co.mz\/2018\/03\/02\/governo-enaltece-o-papel-do-cfm-na-maximizacao-das-suas-infra-estruturas\/#breadcrumb","itemListElement":[{"@type":"ListItem","position":1,"name":"Home","item":"https:\/\/www.cfm.co.mz\/"},{"@type":"ListItem","position":2,"name":"Governo enaltece o papel do CFM na maximiza\u00e7\u00e3o das suas infra-estruturas"}]},{"@type":"WebSite","@id":"https:\/\/www.cfm.co.mz\/#website","url":"https:\/\/www.cfm.co.mz\/","name":"CFM - Caminhos De Ferros de Mo\u00e7ambique","description":"Ampliando Horizontes","publisher":{"@id":"https:\/\/www.cfm.co.mz\/#organization"},"potentialAction":[{"@type":"SearchAction","target":{"@type":"EntryPoint","urlTemplate":"https:\/\/www.cfm.co.mz\/?s={search_term_string}"},"query-input":{"@type":"PropertyValueSpecification","valueRequired":true,"valueName":"search_term_string"}}],"inLanguage":"en-US"},{"@type":"Organization","@id":"https:\/\/www.cfm.co.mz\/#organization","name":"CFM - Caminhos De Ferros de Mo\u00e7ambique","url":"https:\/\/www.cfm.co.mz\/","logo":{"@type":"ImageObject","inLanguage":"en-US","@id":"https:\/\/www.cfm.co.mz\/#\/schema\/logo\/image\/","url":"https:\/\/www.cfm.co.mz\/wp-content\/uploads\/2025\/07\/be5f0679-4f5b-4d02-9719-a26ceed29162.jpg","contentUrl":"https:\/\/www.cfm.co.mz\/wp-content\/uploads\/2025\/07\/be5f0679-4f5b-4d02-9719-a26ceed29162.jpg","width":400,"height":65,"caption":"CFM - Caminhos De Ferros de Mo\u00e7ambique"},"image":{"@id":"https:\/\/www.cfm.co.mz\/#\/schema\/logo\/image\/"},"sameAs":["https:\/\/www.facebook.com\/CFMMoz","https:\/\/www.linkedin.com\/company\/caminhos-de-ferro-de-moambique\/"]},{"@type":"Person","@id":"https:\/\/www.cfm.co.mz\/#\/schema\/person\/1bb663f3c59dc61900f6f9b1c2b53552","name":"D\u00e9rcio Badru","image":{"@type":"ImageObject","inLanguage":"en-US","@id":"https:\/\/www.cfm.co.mz\/#\/schema\/person\/image\/","url":"https:\/\/www.cfm.co.mz\/wp-content\/litespeed\/avatar\/be89d6955942d7259ef76de4577d21b3.jpg?ver=1777454359","contentUrl":"https:\/\/www.cfm.co.mz\/wp-content\/litespeed\/avatar\/be89d6955942d7259ef76de4577d21b3.jpg?ver=1777454359","caption":"D\u00e9rcio Badru"},"url":"https:\/\/www.cfm.co.mz\/en\/author\/dercio\/"}]}},"_links":{"self":[{"href":"https:\/\/www.cfm.co.mz\/en\/wp-json\/wp\/v2\/posts\/8980","targetHints":{"allow":["GET"]}}],"collection":[{"href":"https:\/\/www.cfm.co.mz\/en\/wp-json\/wp\/v2\/posts"}],"about":[{"href":"https:\/\/www.cfm.co.mz\/en\/wp-json\/wp\/v2\/types\/post"}],"author":[{"embeddable":true,"href":"https:\/\/www.cfm.co.mz\/en\/wp-json\/wp\/v2\/users\/94"}],"replies":[{"embeddable":true,"href":"https:\/\/www.cfm.co.mz\/en\/wp-json\/wp\/v2\/comments?post=8980"}],"version-history":[{"count":0,"href":"https:\/\/www.cfm.co.mz\/en\/wp-json\/wp\/v2\/posts\/8980\/revisions"}],"wp:featuredmedia":[{"embeddable":true,"href":"https:\/\/www.cfm.co.mz\/en\/wp-json\/wp\/v2\/media\/8977"}],"wp:attachment":[{"href":"https:\/\/www.cfm.co.mz\/en\/wp-json\/wp\/v2\/media?parent=8980"}],"wp:term":[{"taxonomy":"category","embeddable":true,"href":"https:\/\/www.cfm.co.mz\/en\/wp-json\/wp\/v2\/categories?post=8980"},{"taxonomy":"post_tag","embeddable":true,"href":"https:\/\/www.cfm.co.mz\/en\/wp-json\/wp\/v2\/tags?post=8980"}],"curies":[{"name":"wp","href":"https:\/\/api.w.org\/{rel}","templated":true}]}}