{"id":8972,"date":"2017-12-08T12:47:53","date_gmt":"2017-12-08T12:47:53","guid":{"rendered":"https:\/\/www.cfm.co.mz\/2017\/12\/08\/pca-dos-cfm-faz-apelo-a-uma-disciplina-orcamental-rigorosa-na-empresa\/"},"modified":"2017-12-08T12:47:53","modified_gmt":"2017-12-08T12:47:53","slug":"pca-dos-cfm-faz-apelo-a-uma-disciplina-orcamental-rigorosa-na-empresa","status":"publish","type":"post","link":"https:\/\/www.cfm.co.mz\/en\/2017\/12\/08\/pca-dos-cfm-faz-apelo-a-uma-disciplina-orcamental-rigorosa-na-empresa\/","title":{"rendered":"PCA dos CFM faz apelo \u00e0 uma disciplina or\u00e7amental rigorosa na Empresa"},"content":{"rendered":"<p style=\"text-align: justify;\"><a class=\"jcepopup icon-bottom-right\" type=\"image\" href=\"http:\/\/www.cfm.co.mz\/wp-content\/uploads\/2017\/12\/Reun_Aprec_Aprov_Orc_2017_CA.jpg\" target=\"_blank\" data-mediabox=\"width[800];height[600];caption[Membos do Conselho de Administra\u00e7\u00e3o dos CFM]\" rel=\"noopener\"><img decoding=\"async\" style=\"margin: 5px; float: left;\" src=\"http:\/\/www.cfm.co.mz\/wp-content\/uploads\/2017\/12\/Reun_Aprec_Aprov_Orc_2017_CA.jpg\" alt=\"Reun Aprec Aprov Orc 2017 CA\" width=\"250\" height=\"167\" \/><\/a>O Presidente do Conselho de Administra\u00e7\u00e3o (PCA) da empresa Portos e Caminhos de Ferro de Mo\u00e7ambique (CFM), Eng. Miguel Matabel apelou, no dia 6 de Dezembro de 2017, \u00e0 necessidade de uma disciplina or\u00e7amental rigorosa de modo a que, efectivamente, os CFM possam blindar a casa e atingir, com sucesso, o que foi planeado para cada um dos sectores e, com isso, continuar a obter resultados positivos, como os que se t\u00eam vindo a registar mesmo diante de outras adversidades que se tem vivido.<\/p>\n<p><!--more--><\/p>\n<p style=\"text-align: justify;\"><a class=\"jcepopup icon-bottom-right\" type=\"image\" href=\"http:\/\/www.cfm.co.mz\/wp-content\/uploads\/2017\/12\/Reun_Aprec_Aprov_Orc_2017_PCA.jpg\" target=\"_blank\" data-mediabox=\"width[800];height[600];caption[PCA dos CFM discursando durante a Reuni\u00e3o Anual de Aprecia\u00e7\u00e3o e Aprova\u00e7\u00e3o do Or\u00e7amento]\" rel=\"noopener\"><img decoding=\"async\" style=\"margin: 5px; float: right;\" src=\"http:\/\/www.cfm.co.mz\/wp-content\/uploads\/2017\/12\/Reun_Aprec_Aprov_Orc_2017_PCA.jpg\" alt=\"Reun Aprec Aprov Orc 2017 PCA\" width=\"250\" height=\"167\" \/><\/a>Matabel, que falava em Maputo, na abertura Reuni\u00e3o de Aprecia\u00e7\u00e3o e Aprova\u00e7\u00e3o do Or\u00e7amento para o Exerc\u00edcio Econ\u00f3mico de 2018, anunciou que os resultados operacionais dos CFM v\u00e3o atingir 3.5 mil milh\u00f5es de Meticais at\u00e9 ao final do ano, o correspondente a um crescimento de 11% em rela\u00e7\u00e3o a igual per\u00edodo do ano passado.<\/p>\n<p style=\"text-align: justify;\">O PCA frisou que os CFM esperam que os resultados financeiros e globais da companhia cres\u00e7am na mesma grandeza. <em>&#8220;Estes resultados animadores s\u00f3 nos encorajam a prosseguir e nunca nos acomodarmos\u201d<\/em> sustentou.<\/p>\n<p style=\"text-align: justify;\">Referiu ainda que os alertas emitidos, tanto pelo Banco de Mo\u00e7ambique, como pelo Minist\u00e9rio da Economia e Finan\u00e7as sobre as dificuldades que o pa\u00eds poder\u00e1 enfrentar no pr\u00f3ximo ano, s\u00e3o prova da necessidade de se redobrar as aten\u00e7\u00f5es na gest\u00e3o da companhia.<\/p>\n<p style=\"text-align: justify;\"><em>&#8220;A nossa empresa n\u00e3o ser\u00e1 uma ilha dentro deste pa\u00eds, a ponto de n\u00e3o sentirmos o abalo. Por isso, gostaria de reiterar a necessidade de uma disciplina or\u00e7amental rigorosa de modo a que, efectivamente, possamos blindar a nossa casa e atingirmos o que foi planeado para cada um dos sectores&#8221;<\/em>, sustentou Matabel.<\/p>\n<p style=\"text-align: justify;\">Acrescentou que para a concretiza\u00e7\u00e3o destes pressupostos, afigura-se importante que todos os envolvidos tomem em considera\u00e7\u00e3o o princ\u00edpio da prioriza\u00e7\u00e3o do emprego mais eficiente dos recursos alocados para a concretiza\u00e7\u00e3o dos projectos propostos e evitar a ocorr\u00eancia de desvios que poder\u00e3o levar a disp\u00eandios desordenados e sem crit\u00e9rios estabelecidos.<\/p>\n<p style=\"text-align: justify;\">Mais adiante, o PCA dos CFM observou que \u00e9 aceit\u00e1vel que algumas varia\u00e7\u00f5es possam acontecer e n\u00e3o causar alarme, se as mesmas oscilarem dentro de um par\u00e2metro determinado. Mas, outras poder\u00e3o constituir motivo de preocupa\u00e7\u00e3o, sobretudo, quando n\u00e3o houver, da parte do proponente, sensibilidade e preocupa\u00e7\u00e3o pela adop\u00e7\u00e3o de uma politica de gest\u00e3o proactiva, cuja actua\u00e7\u00e3o passa pela escolha de algumas ac\u00e7\u00f5es em detrimento de outras dispon\u00edveis.<\/p>\n<p style=\"text-align: justify;\">Reconhecendo que a aprova\u00e7\u00e3o do Or\u00e7amento para o pr\u00f3ximo ano n\u00e3o pode ser vista como o fim de tudo, Miguel Matabel apelou aos dirigentes da empresa para que, diante de situa\u00e7\u00f5es adversas que possam surgir, cada gestor use o engenho e a arte para contorn\u00e1-las.<\/p>\n<p style=\"text-align: justify;\">A Reuni\u00e3o de Aprecia\u00e7\u00e3o e Aprova\u00e7\u00e3o do Or\u00e7amento dos CFM que durou cerca de tr\u00eas dias, juntou quadros superiores da empresa de quase todo o pa\u00eds.<\/p>","protected":false},"excerpt":{"rendered":"<p>O Presidente do Conselho de Administra\u00e7\u00e3o (PCA) da empresa Portos e Caminhos de Ferro de Mo\u00e7ambique (CFM), Eng. Miguel Matabel apelou, no dia 6 de Dezembro de 2017, \u00e0 necessidade de uma disciplina or\u00e7amental rigorosa de modo a que, efectivamente, os CFM possam blindar a casa e atingir, com sucesso, o que foi planeado para cada um dos sectores e, com isso, continuar a obter resultados positivos, como os que se t\u00eam vindo a registar mesmo diante de outras adversidades que se tem vivido.<\/p>","protected":false},"author":94,"featured_media":8969,"comment_status":"open","ping_status":"open","sticky":false,"template":"","format":"standard","meta":{"_acf_changed":false,"pgc_sgb_lightbox_settings":"","footnotes":""},"categories":[680],"tags":[],"class_list":["post-8972","post","type-post","status-publish","format-standard","has-post-thumbnail","hentry","category-noticias"],"acf":[],"yoast_head":"<!-- This site is optimized with the Yoast SEO plugin v26.5 - https:\/\/yoast.com\/wordpress\/plugins\/seo\/ -->\n<title>PCA dos CFM faz apelo \u00e0 uma disciplina or\u00e7amental rigorosa na Empresa - CFM - Caminhos De Ferros de Mo\u00e7ambique<\/title>\n<meta name=\"robots\" content=\"index, follow, max-snippet:-1, max-image-preview:large, max-video-preview:-1\" \/>\n<link rel=\"canonical\" href=\"https:\/\/www.cfm.co.mz\/en\/2017\/12\/08\/pca-dos-cfm-faz-apelo-a-uma-disciplina-orcamental-rigorosa-na-empresa\/\" \/>\n<meta property=\"og:locale\" content=\"en_US\" \/>\n<meta property=\"og:type\" content=\"article\" \/>\n<meta property=\"og:title\" content=\"PCA dos CFM faz apelo \u00e0 uma disciplina or\u00e7amental rigorosa na Empresa - CFM - Caminhos De Ferros de Mo\u00e7ambique\" \/>\n<meta property=\"og:description\" content=\"O Presidente do Conselho de Administra\u00e7\u00e3o (PCA) da empresa Portos e Caminhos de Ferro de Mo\u00e7ambique (CFM), Eng. Miguel Matabel apelou, no dia 6 de Dezembro de 2017, \u00e0 necessidade de uma disciplina or\u00e7amental rigorosa de modo a que, efectivamente, os CFM possam blindar a casa e atingir, com sucesso, o que foi planeado para cada um dos sectores e, com isso, continuar a obter resultados positivos, como os que se t\u00eam vindo a registar mesmo diante de outras adversidades que se tem vivido.\" \/>\n<meta property=\"og:url\" content=\"https:\/\/www.cfm.co.mz\/en\/2017\/12\/08\/pca-dos-cfm-faz-apelo-a-uma-disciplina-orcamental-rigorosa-na-empresa\/\" \/>\n<meta property=\"og:site_name\" content=\"CFM - Caminhos De Ferros de Mo\u00e7ambique\" \/>\n<meta property=\"article:publisher\" content=\"https:\/\/www.facebook.com\/CFMMoz\" \/>\n<meta property=\"article:published_time\" content=\"2017-12-08T12:47:53+00:00\" \/>\n<meta property=\"og:image\" content=\"https:\/\/www.cfm.co.mz\/wp-content\/uploads\/2017\/12\/Reun_Aprec_Aprov_Orc_2017_CA.jpg\" \/>\n\t<meta property=\"og:image:width\" content=\"1800\" \/>\n\t<meta property=\"og:image:height\" content=\"1200\" \/>\n\t<meta property=\"og:image:type\" content=\"image\/jpeg\" \/>\n<meta name=\"author\" content=\"D\u00e9rcio Badru\" \/>\n<meta name=\"twitter:card\" content=\"summary_large_image\" \/>\n<meta name=\"twitter:label1\" content=\"Written by\" \/>\n\t<meta name=\"twitter:data1\" content=\"D\u00e9rcio Badru\" \/>\n\t<meta name=\"twitter:label2\" content=\"Est. reading time\" \/>\n\t<meta name=\"twitter:data2\" content=\"3 minutes\" \/>\n<script type=\"application\/ld+json\" class=\"yoast-schema-graph\">{\"@context\":\"https:\/\/schema.org\",\"@graph\":[{\"@type\":\"Article\",\"@id\":\"https:\/\/www.cfm.co.mz\/2017\/12\/08\/pca-dos-cfm-faz-apelo-a-uma-disciplina-orcamental-rigorosa-na-empresa\/#article\",\"isPartOf\":{\"@id\":\"https:\/\/www.cfm.co.mz\/2017\/12\/08\/pca-dos-cfm-faz-apelo-a-uma-disciplina-orcamental-rigorosa-na-empresa\/\"},\"author\":{\"name\":\"D\u00e9rcio Badru\",\"@id\":\"https:\/\/www.cfm.co.mz\/#\/schema\/person\/1bb663f3c59dc61900f6f9b1c2b53552\"},\"headline\":\"PCA dos CFM faz apelo \u00e0 uma disciplina or\u00e7amental rigorosa na Empresa\",\"datePublished\":\"2017-12-08T12:47:53+00:00\",\"mainEntityOfPage\":{\"@id\":\"https:\/\/www.cfm.co.mz\/2017\/12\/08\/pca-dos-cfm-faz-apelo-a-uma-disciplina-orcamental-rigorosa-na-empresa\/\"},\"wordCount\":517,\"commentCount\":0,\"publisher\":{\"@id\":\"https:\/\/www.cfm.co.mz\/#organization\"},\"image\":{\"@id\":\"https:\/\/www.cfm.co.mz\/2017\/12\/08\/pca-dos-cfm-faz-apelo-a-uma-disciplina-orcamental-rigorosa-na-empresa\/#primaryimage\"},\"thumbnailUrl\":\"https:\/\/www.cfm.co.mz\/wp-content\/uploads\/2017\/12\/Reun_Aprec_Aprov_Orc_2017_CA.jpg\",\"articleSection\":[\"Noticias\"],\"inLanguage\":\"en-US\",\"potentialAction\":[{\"@type\":\"CommentAction\",\"name\":\"Comment\",\"target\":[\"https:\/\/www.cfm.co.mz\/2017\/12\/08\/pca-dos-cfm-faz-apelo-a-uma-disciplina-orcamental-rigorosa-na-empresa\/#respond\"]}]},{\"@type\":\"WebPage\",\"@id\":\"https:\/\/www.cfm.co.mz\/2017\/12\/08\/pca-dos-cfm-faz-apelo-a-uma-disciplina-orcamental-rigorosa-na-empresa\/\",\"url\":\"https:\/\/www.cfm.co.mz\/2017\/12\/08\/pca-dos-cfm-faz-apelo-a-uma-disciplina-orcamental-rigorosa-na-empresa\/\",\"name\":\"PCA dos CFM faz apelo \u00e0 uma disciplina or\u00e7amental rigorosa na Empresa - CFM - Caminhos De Ferros de Mo\u00e7ambique\",\"isPartOf\":{\"@id\":\"https:\/\/www.cfm.co.mz\/#website\"},\"primaryImageOfPage\":{\"@id\":\"https:\/\/www.cfm.co.mz\/2017\/12\/08\/pca-dos-cfm-faz-apelo-a-uma-disciplina-orcamental-rigorosa-na-empresa\/#primaryimage\"},\"image\":{\"@id\":\"https:\/\/www.cfm.co.mz\/2017\/12\/08\/pca-dos-cfm-faz-apelo-a-uma-disciplina-orcamental-rigorosa-na-empresa\/#primaryimage\"},\"thumbnailUrl\":\"https:\/\/www.cfm.co.mz\/wp-content\/uploads\/2017\/12\/Reun_Aprec_Aprov_Orc_2017_CA.jpg\",\"datePublished\":\"2017-12-08T12:47:53+00:00\",\"breadcrumb\":{\"@id\":\"https:\/\/www.cfm.co.mz\/2017\/12\/08\/pca-dos-cfm-faz-apelo-a-uma-disciplina-orcamental-rigorosa-na-empresa\/#breadcrumb\"},\"inLanguage\":\"en-US\",\"potentialAction\":[{\"@type\":\"ReadAction\",\"target\":[\"https:\/\/www.cfm.co.mz\/2017\/12\/08\/pca-dos-cfm-faz-apelo-a-uma-disciplina-orcamental-rigorosa-na-empresa\/\"]}]},{\"@type\":\"ImageObject\",\"inLanguage\":\"en-US\",\"@id\":\"https:\/\/www.cfm.co.mz\/2017\/12\/08\/pca-dos-cfm-faz-apelo-a-uma-disciplina-orcamental-rigorosa-na-empresa\/#primaryimage\",\"url\":\"https:\/\/www.cfm.co.mz\/wp-content\/uploads\/2017\/12\/Reun_Aprec_Aprov_Orc_2017_CA.jpg\",\"contentUrl\":\"https:\/\/www.cfm.co.mz\/wp-content\/uploads\/2017\/12\/Reun_Aprec_Aprov_Orc_2017_CA.jpg\",\"width\":1800,\"height\":1200,\"caption\":\"Reun Aprec Aprov Orc 2017 CA\"},{\"@type\":\"BreadcrumbList\",\"@id\":\"https:\/\/www.cfm.co.mz\/2017\/12\/08\/pca-dos-cfm-faz-apelo-a-uma-disciplina-orcamental-rigorosa-na-empresa\/#breadcrumb\",\"itemListElement\":[{\"@type\":\"ListItem\",\"position\":1,\"name\":\"Home\",\"item\":\"https:\/\/www.cfm.co.mz\/\"},{\"@type\":\"ListItem\",\"position\":2,\"name\":\"PCA dos CFM faz apelo \u00e0 uma disciplina or\u00e7amental rigorosa na Empresa\"}]},{\"@type\":\"WebSite\",\"@id\":\"https:\/\/www.cfm.co.mz\/#website\",\"url\":\"https:\/\/www.cfm.co.mz\/\",\"name\":\"CFM - Caminhos De Ferros de Mo\u00e7ambique\",\"description\":\"Ampliando Horizontes\",\"publisher\":{\"@id\":\"https:\/\/www.cfm.co.mz\/#organization\"},\"potentialAction\":[{\"@type\":\"SearchAction\",\"target\":{\"@type\":\"EntryPoint\",\"urlTemplate\":\"https:\/\/www.cfm.co.mz\/?s={search_term_string}\"},\"query-input\":{\"@type\":\"PropertyValueSpecification\",\"valueRequired\":true,\"valueName\":\"search_term_string\"}}],\"inLanguage\":\"en-US\"},{\"@type\":\"Organization\",\"@id\":\"https:\/\/www.cfm.co.mz\/#organization\",\"name\":\"CFM - Caminhos De Ferros de Mo\u00e7ambique\",\"url\":\"https:\/\/www.cfm.co.mz\/\",\"logo\":{\"@type\":\"ImageObject\",\"inLanguage\":\"en-US\",\"@id\":\"https:\/\/www.cfm.co.mz\/#\/schema\/logo\/image\/\",\"url\":\"https:\/\/www.cfm.co.mz\/wp-content\/uploads\/2025\/07\/be5f0679-4f5b-4d02-9719-a26ceed29162.jpg\",\"contentUrl\":\"https:\/\/www.cfm.co.mz\/wp-content\/uploads\/2025\/07\/be5f0679-4f5b-4d02-9719-a26ceed29162.jpg\",\"width\":400,\"height\":65,\"caption\":\"CFM - Caminhos De Ferros de Mo\u00e7ambique\"},\"image\":{\"@id\":\"https:\/\/www.cfm.co.mz\/#\/schema\/logo\/image\/\"},\"sameAs\":[\"https:\/\/www.facebook.com\/CFMMoz\",\"https:\/\/www.linkedin.com\/company\/caminhos-de-ferro-de-moambique\/\"]},{\"@type\":\"Person\",\"@id\":\"https:\/\/www.cfm.co.mz\/#\/schema\/person\/1bb663f3c59dc61900f6f9b1c2b53552\",\"name\":\"D\u00e9rcio Badru\",\"image\":{\"@type\":\"ImageObject\",\"inLanguage\":\"en-US\",\"@id\":\"https:\/\/www.cfm.co.mz\/#\/schema\/person\/image\/\",\"url\":\"https:\/\/www.cfm.co.mz\/wp-content\/litespeed\/avatar\/be89d6955942d7259ef76de4577d21b3.jpg?ver=1777454359\",\"contentUrl\":\"https:\/\/www.cfm.co.mz\/wp-content\/litespeed\/avatar\/be89d6955942d7259ef76de4577d21b3.jpg?ver=1777454359\",\"caption\":\"D\u00e9rcio Badru\"},\"url\":\"https:\/\/www.cfm.co.mz\/en\/author\/dercio\/\"}]}<\/script>\n<!-- \/ Yoast SEO plugin. -->","yoast_head_json":{"title":"PCA dos CFM faz apelo \u00e0 uma disciplina or\u00e7amental rigorosa na Empresa - CFM - Caminhos De Ferros de Mo\u00e7ambique","robots":{"index":"index","follow":"follow","max-snippet":"max-snippet:-1","max-image-preview":"max-image-preview:large","max-video-preview":"max-video-preview:-1"},"canonical":"https:\/\/www.cfm.co.mz\/en\/2017\/12\/08\/pca-dos-cfm-faz-apelo-a-uma-disciplina-orcamental-rigorosa-na-empresa\/","og_locale":"en_US","og_type":"article","og_title":"PCA dos CFM faz apelo \u00e0 uma disciplina or\u00e7amental rigorosa na Empresa - CFM - Caminhos De Ferros de Mo\u00e7ambique","og_description":"O Presidente do Conselho de Administra\u00e7\u00e3o (PCA) da empresa Portos e Caminhos de Ferro de Mo\u00e7ambique (CFM), Eng. Miguel Matabel apelou, no dia 6 de Dezembro de 2017, \u00e0 necessidade de uma disciplina or\u00e7amental rigorosa de modo a que, efectivamente, os CFM possam blindar a casa e atingir, com sucesso, o que foi planeado para cada um dos sectores e, com isso, continuar a obter resultados positivos, como os que se t\u00eam vindo a registar mesmo diante de outras adversidades que se tem vivido.","og_url":"https:\/\/www.cfm.co.mz\/en\/2017\/12\/08\/pca-dos-cfm-faz-apelo-a-uma-disciplina-orcamental-rigorosa-na-empresa\/","og_site_name":"CFM - Caminhos De Ferros de Mo\u00e7ambique","article_publisher":"https:\/\/www.facebook.com\/CFMMoz","article_published_time":"2017-12-08T12:47:53+00:00","og_image":[{"width":1800,"height":1200,"url":"https:\/\/www.cfm.co.mz\/wp-content\/uploads\/2017\/12\/Reun_Aprec_Aprov_Orc_2017_CA.jpg","type":"image\/jpeg"}],"author":"D\u00e9rcio Badru","twitter_card":"summary_large_image","twitter_misc":{"Written by":"D\u00e9rcio Badru","Est. reading time":"3 minutes"},"schema":{"@context":"https:\/\/schema.org","@graph":[{"@type":"Article","@id":"https:\/\/www.cfm.co.mz\/2017\/12\/08\/pca-dos-cfm-faz-apelo-a-uma-disciplina-orcamental-rigorosa-na-empresa\/#article","isPartOf":{"@id":"https:\/\/www.cfm.co.mz\/2017\/12\/08\/pca-dos-cfm-faz-apelo-a-uma-disciplina-orcamental-rigorosa-na-empresa\/"},"author":{"name":"D\u00e9rcio Badru","@id":"https:\/\/www.cfm.co.mz\/#\/schema\/person\/1bb663f3c59dc61900f6f9b1c2b53552"},"headline":"PCA dos CFM faz apelo \u00e0 uma disciplina or\u00e7amental rigorosa na Empresa","datePublished":"2017-12-08T12:47:53+00:00","mainEntityOfPage":{"@id":"https:\/\/www.cfm.co.mz\/2017\/12\/08\/pca-dos-cfm-faz-apelo-a-uma-disciplina-orcamental-rigorosa-na-empresa\/"},"wordCount":517,"commentCount":0,"publisher":{"@id":"https:\/\/www.cfm.co.mz\/#organization"},"image":{"@id":"https:\/\/www.cfm.co.mz\/2017\/12\/08\/pca-dos-cfm-faz-apelo-a-uma-disciplina-orcamental-rigorosa-na-empresa\/#primaryimage"},"thumbnailUrl":"https:\/\/www.cfm.co.mz\/wp-content\/uploads\/2017\/12\/Reun_Aprec_Aprov_Orc_2017_CA.jpg","articleSection":["Noticias"],"inLanguage":"en-US","potentialAction":[{"@type":"CommentAction","name":"Comment","target":["https:\/\/www.cfm.co.mz\/2017\/12\/08\/pca-dos-cfm-faz-apelo-a-uma-disciplina-orcamental-rigorosa-na-empresa\/#respond"]}]},{"@type":"WebPage","@id":"https:\/\/www.cfm.co.mz\/2017\/12\/08\/pca-dos-cfm-faz-apelo-a-uma-disciplina-orcamental-rigorosa-na-empresa\/","url":"https:\/\/www.cfm.co.mz\/2017\/12\/08\/pca-dos-cfm-faz-apelo-a-uma-disciplina-orcamental-rigorosa-na-empresa\/","name":"PCA dos CFM faz apelo \u00e0 uma disciplina or\u00e7amental rigorosa na Empresa - CFM - Caminhos De Ferros de Mo\u00e7ambique","isPartOf":{"@id":"https:\/\/www.cfm.co.mz\/#website"},"primaryImageOfPage":{"@id":"https:\/\/www.cfm.co.mz\/2017\/12\/08\/pca-dos-cfm-faz-apelo-a-uma-disciplina-orcamental-rigorosa-na-empresa\/#primaryimage"},"image":{"@id":"https:\/\/www.cfm.co.mz\/2017\/12\/08\/pca-dos-cfm-faz-apelo-a-uma-disciplina-orcamental-rigorosa-na-empresa\/#primaryimage"},"thumbnailUrl":"https:\/\/www.cfm.co.mz\/wp-content\/uploads\/2017\/12\/Reun_Aprec_Aprov_Orc_2017_CA.jpg","datePublished":"2017-12-08T12:47:53+00:00","breadcrumb":{"@id":"https:\/\/www.cfm.co.mz\/2017\/12\/08\/pca-dos-cfm-faz-apelo-a-uma-disciplina-orcamental-rigorosa-na-empresa\/#breadcrumb"},"inLanguage":"en-US","potentialAction":[{"@type":"ReadAction","target":["https:\/\/www.cfm.co.mz\/2017\/12\/08\/pca-dos-cfm-faz-apelo-a-uma-disciplina-orcamental-rigorosa-na-empresa\/"]}]},{"@type":"ImageObject","inLanguage":"en-US","@id":"https:\/\/www.cfm.co.mz\/2017\/12\/08\/pca-dos-cfm-faz-apelo-a-uma-disciplina-orcamental-rigorosa-na-empresa\/#primaryimage","url":"https:\/\/www.cfm.co.mz\/wp-content\/uploads\/2017\/12\/Reun_Aprec_Aprov_Orc_2017_CA.jpg","contentUrl":"https:\/\/www.cfm.co.mz\/wp-content\/uploads\/2017\/12\/Reun_Aprec_Aprov_Orc_2017_CA.jpg","width":1800,"height":1200,"caption":"Reun Aprec Aprov Orc 2017 CA"},{"@type":"BreadcrumbList","@id":"https:\/\/www.cfm.co.mz\/2017\/12\/08\/pca-dos-cfm-faz-apelo-a-uma-disciplina-orcamental-rigorosa-na-empresa\/#breadcrumb","itemListElement":[{"@type":"ListItem","position":1,"name":"Home","item":"https:\/\/www.cfm.co.mz\/"},{"@type":"ListItem","position":2,"name":"PCA dos CFM faz apelo \u00e0 uma disciplina or\u00e7amental rigorosa na Empresa"}]},{"@type":"WebSite","@id":"https:\/\/www.cfm.co.mz\/#website","url":"https:\/\/www.cfm.co.mz\/","name":"CFM - Caminhos De Ferros de Mo\u00e7ambique","description":"Ampliando Horizontes","publisher":{"@id":"https:\/\/www.cfm.co.mz\/#organization"},"potentialAction":[{"@type":"SearchAction","target":{"@type":"EntryPoint","urlTemplate":"https:\/\/www.cfm.co.mz\/?s={search_term_string}"},"query-input":{"@type":"PropertyValueSpecification","valueRequired":true,"valueName":"search_term_string"}}],"inLanguage":"en-US"},{"@type":"Organization","@id":"https:\/\/www.cfm.co.mz\/#organization","name":"CFM - Caminhos De Ferros de Mo\u00e7ambique","url":"https:\/\/www.cfm.co.mz\/","logo":{"@type":"ImageObject","inLanguage":"en-US","@id":"https:\/\/www.cfm.co.mz\/#\/schema\/logo\/image\/","url":"https:\/\/www.cfm.co.mz\/wp-content\/uploads\/2025\/07\/be5f0679-4f5b-4d02-9719-a26ceed29162.jpg","contentUrl":"https:\/\/www.cfm.co.mz\/wp-content\/uploads\/2025\/07\/be5f0679-4f5b-4d02-9719-a26ceed29162.jpg","width":400,"height":65,"caption":"CFM - Caminhos De Ferros de Mo\u00e7ambique"},"image":{"@id":"https:\/\/www.cfm.co.mz\/#\/schema\/logo\/image\/"},"sameAs":["https:\/\/www.facebook.com\/CFMMoz","https:\/\/www.linkedin.com\/company\/caminhos-de-ferro-de-moambique\/"]},{"@type":"Person","@id":"https:\/\/www.cfm.co.mz\/#\/schema\/person\/1bb663f3c59dc61900f6f9b1c2b53552","name":"D\u00e9rcio Badru","image":{"@type":"ImageObject","inLanguage":"en-US","@id":"https:\/\/www.cfm.co.mz\/#\/schema\/person\/image\/","url":"https:\/\/www.cfm.co.mz\/wp-content\/litespeed\/avatar\/be89d6955942d7259ef76de4577d21b3.jpg?ver=1777454359","contentUrl":"https:\/\/www.cfm.co.mz\/wp-content\/litespeed\/avatar\/be89d6955942d7259ef76de4577d21b3.jpg?ver=1777454359","caption":"D\u00e9rcio Badru"},"url":"https:\/\/www.cfm.co.mz\/en\/author\/dercio\/"}]}},"_links":{"self":[{"href":"https:\/\/www.cfm.co.mz\/en\/wp-json\/wp\/v2\/posts\/8972","targetHints":{"allow":["GET"]}}],"collection":[{"href":"https:\/\/www.cfm.co.mz\/en\/wp-json\/wp\/v2\/posts"}],"about":[{"href":"https:\/\/www.cfm.co.mz\/en\/wp-json\/wp\/v2\/types\/post"}],"author":[{"embeddable":true,"href":"https:\/\/www.cfm.co.mz\/en\/wp-json\/wp\/v2\/users\/94"}],"replies":[{"embeddable":true,"href":"https:\/\/www.cfm.co.mz\/en\/wp-json\/wp\/v2\/comments?post=8972"}],"version-history":[{"count":0,"href":"https:\/\/www.cfm.co.mz\/en\/wp-json\/wp\/v2\/posts\/8972\/revisions"}],"wp:featuredmedia":[{"embeddable":true,"href":"https:\/\/www.cfm.co.mz\/en\/wp-json\/wp\/v2\/media\/8969"}],"wp:attachment":[{"href":"https:\/\/www.cfm.co.mz\/en\/wp-json\/wp\/v2\/media?parent=8972"}],"wp:term":[{"taxonomy":"category","embeddable":true,"href":"https:\/\/www.cfm.co.mz\/en\/wp-json\/wp\/v2\/categories?post=8972"},{"taxonomy":"post_tag","embeddable":true,"href":"https:\/\/www.cfm.co.mz\/en\/wp-json\/wp\/v2\/tags?post=8972"}],"curies":[{"name":"wp","href":"https:\/\/api.w.org\/{rel}","templated":true}]}}