{"id":8957,"date":"2017-10-26T14:51:14","date_gmt":"2017-10-26T14:51:14","guid":{"rendered":"https:\/\/www.cfm.co.mz\/2017\/10\/26\/cfm-acolhe-a-reuniao-anual-das-empresas-ferroviarias-da-africa-austral-sara\/"},"modified":"2017-10-26T14:51:14","modified_gmt":"2017-10-26T14:51:14","slug":"cfm-acolhe-a-reuniao-anual-das-empresas-ferroviarias-da-africa-austral-sara","status":"publish","type":"post","link":"https:\/\/www.cfm.co.mz\/en\/2017\/10\/26\/cfm-acolhe-a-reuniao-anual-das-empresas-ferroviarias-da-africa-austral-sara\/","title":{"rendered":"CFM acolhe a Reuni\u00e3o Anual das Empresas Ferrovi\u00e1rias da \u00c1frica Austral &#8211; SARA"},"content":{"rendered":"<p style=\"text-align: justify;\"><img decoding=\"async\" class=\"alignleft size-full wp-image-8955\" style=\"margin: 5px; float: left;\" src=\"http:\/\/www.cfm.co.mz\/wp-content\/uploads\/2017\/10\/Sara_2017_Geral.jpg\" alt=\"Sara 2017 Geral\" width=\"250\" srcset=\"https:\/\/www.cfm.co.mz\/wp-content\/uploads\/2017\/10\/Sara_2017_Geral.jpg 1800w, https:\/\/www.cfm.co.mz\/wp-content\/uploads\/2017\/10\/Sara_2017_Geral-300x200.jpg 300w, https:\/\/www.cfm.co.mz\/wp-content\/uploads\/2017\/10\/Sara_2017_Geral-1024x683.jpg 1024w, https:\/\/www.cfm.co.mz\/wp-content\/uploads\/2017\/10\/Sara_2017_Geral-768x512.jpg 768w, https:\/\/www.cfm.co.mz\/wp-content\/uploads\/2017\/10\/Sara_2017_Geral-1536x1024.jpg 1536w\" sizes=\"(max-width: 1800px) 100vw, 1800px\" \/>Decorreu na Cidade de Maputo, nos dias 24 e 25 de Outubro corrente, a Reuni\u00e3o Anual do Comit\u00e9 Executivo da Associa\u00e7\u00e3o das Empresas Ferrovi\u00e1rias da \u00c1frica Austral (SARA) traduzido do Ingl\u00eas, Southern African Railways Association.<\/p>\n<p style=\"text-align: justify;\">Durante o encontro, os representantes das empresas ferrovi\u00e1rias da SADC comprometeram-se a prover a regi\u00e3o de um sistema ferrovi\u00e1rio competitivo, robusto, seguro e integrado, numa base de coopera\u00e7\u00e3o virada para ganhos m\u00fatuos.<\/p>\n<p><!--more--><\/p>\n<p style=\"text-align: justify;\"><img decoding=\"async\" class=\"alignright size-full wp-image-8956\" style=\"margin: 5px; float: right;\" src=\"http:\/\/www.cfm.co.mz\/wp-content\/uploads\/2017\/10\/PCA_Close.jpg\" alt=\"PCA Close\" width=\"250\" height=\"167\" srcset=\"https:\/\/www.cfm.co.mz\/wp-content\/uploads\/2017\/10\/PCA_Close.jpg 1800w, https:\/\/www.cfm.co.mz\/wp-content\/uploads\/2017\/10\/PCA_Close-300x200.jpg 300w, https:\/\/www.cfm.co.mz\/wp-content\/uploads\/2017\/10\/PCA_Close-1024x683.jpg 1024w, https:\/\/www.cfm.co.mz\/wp-content\/uploads\/2017\/10\/PCA_Close-768x512.jpg 768w, https:\/\/www.cfm.co.mz\/wp-content\/uploads\/2017\/10\/PCA_Close-1536x1024.jpg 1536w\" sizes=\"(max-width: 250px) 100vw, 250px\" \/>Segundo o Presidente do Conselho de Administra\u00e7\u00e3o (PCA) da empresa p\u00fablica Portos e Caminhos de Ferro de Mo\u00e7ambique (CFM), Eng\u00ba Jos\u00e9 Miguel Matabele, o objectivo de primeira linha das administra\u00e7\u00f5es ferrovi\u00e1rias da regi\u00e3o e do CFM, em particular, \u00e9 trazer de volta as ferrovias a carga granel a n\u00edvel da \u00c1frica Austral,&nbsp; que actualmente \u00e9 transportada nas rodovias.<\/p>\n<p style=\"text-align: justify;\">Para Mo\u00e7ambique, os esfor\u00e7os da optimiza\u00e7\u00e3o log\u00edstica, v\u00e3o tamb\u00e9m contribuir para a redu\u00e7\u00e3o o congestionamento do tr\u00e1fego pesado rodovi\u00e1rio e vai contribuir para a conserva\u00e7\u00e3o do meio ambiente, a redu\u00e7\u00e3o da ocorr\u00eancia de acidentes rodovi\u00e1rios.<\/p>\n<p style=\"text-align: justify;\">O transporte ferrovi\u00e1rio \u00e9 determinante para o desenvolvimento da economia da \u00c1frica Austral porque assenta na exporta\u00e7\u00e3o e importa\u00e7\u00e3o de mercadorias que, por falta de industrializa\u00e7\u00e3o local, agregam pouco valor e cuja oferta \u00e9 tamb\u00e9m extremamente competitiva no mercado global.<\/p>\n<p style=\"text-align: justify;\">O transporte de mercadorias por via ferrovi\u00e1ria para al\u00e9m de auferir maior seguran\u00e7a, contribui para a redu\u00e7\u00e3o significativa de pre\u00e7os das mercadorias o que torna mais inacess\u00edveis a maioria da popula\u00e7\u00e3o e, consequentemente, aumenta a capacidade de consumo dos cidad\u00e3os dos pa\u00edses da regi\u00e3o.<\/p>\n<p style=\"text-align: justify;\">Por seu turno, o Director Executivo da SARA, Babe Botana, defendeu a necessidade urgente de refor\u00e7o de solu\u00e7\u00f5es log\u00edsticas e de transporte ferrovi\u00e1rio na regi\u00e3o, numa base integrada e sustent\u00e1vel por forma a tornar o transporte ferrovi\u00e1rio a primeira op\u00e7\u00e3o de transporte de cargas pesadas para longas dist\u00e2ncias nos corredores da regi\u00e3o, um desafio para o qual todos os pa\u00edses membros est\u00e3o engajados. A busca de solu\u00e7\u00f5es vi\u00e1veis vai reduzir as perdas econ\u00f3micas e eventuais destrui\u00e7\u00f5es das estradas, para al\u00e9m do impacto positivo nos aspectos de seguran\u00e7a rodovi\u00e1ria.&nbsp;<\/p>\n<p style=\"text-align: justify;\">A SARA sublinha a import\u00e2ncia estrat\u00e9gica do sistema ferrovi\u00e1rio que permite uma maior competitividade das mercadorias que transitam pelas estradas.<\/p>\n<p style=\"text-align: justify;\">O transporte rodoviario deve actuar como complemento do sistema ferrovi\u00e1rio porque a partir dos portos e\/ou estac\u00f5es, o rodovi\u00e1rio leva as mercadorias para os destinos finais e, nesta base os dois subsistemas actuam no modelo de complementaridade.<\/p>","protected":false},"excerpt":{"rendered":"<p>Decorreu na Cidade de Maputo, nos dias 24 e 25 de Outubro corrente, a Reuni\u00e3o Anual do Comit\u00e9 Executivo da Associa\u00e7\u00e3o das Empresas Ferrovi\u00e1rias da \u00c1frica Austral (SARA) traduzido do Ingl\u00eas, Southern African Railways Association. Durante o encontro, os representantes das empresas ferrovi\u00e1rias da SADC comprometeram-se a prover a regi\u00e3o de um sistema ferrovi\u00e1rio competitivo, robusto, seguro e integrado, numa base de coopera\u00e7\u00e3o virada para ganhos m\u00fatuos.<\/p>","protected":false},"author":94,"featured_media":8955,"comment_status":"open","ping_status":"open","sticky":false,"template":"","format":"standard","meta":{"_acf_changed":false,"pgc_sgb_lightbox_settings":"","footnotes":""},"categories":[680],"tags":[],"class_list":["post-8957","post","type-post","status-publish","format-standard","has-post-thumbnail","hentry","category-noticias"],"acf":[],"yoast_head":"<!-- This site is optimized with the Yoast SEO plugin v26.5 - https:\/\/yoast.com\/wordpress\/plugins\/seo\/ -->\n<title>CFM acolhe a Reuni\u00e3o Anual das Empresas Ferrovi\u00e1rias da \u00c1frica Austral - SARA - CFM - Caminhos De Ferros de Mo\u00e7ambique<\/title>\n<meta name=\"robots\" content=\"index, follow, max-snippet:-1, max-image-preview:large, max-video-preview:-1\" \/>\n<link rel=\"canonical\" href=\"https:\/\/www.cfm.co.mz\/en\/2017\/10\/26\/cfm-acolhe-a-reuniao-anual-das-empresas-ferroviarias-da-africa-austral-sara\/\" \/>\n<meta property=\"og:locale\" content=\"en_US\" \/>\n<meta property=\"og:type\" content=\"article\" \/>\n<meta property=\"og:title\" content=\"CFM acolhe a Reuni\u00e3o Anual das Empresas Ferrovi\u00e1rias da \u00c1frica Austral - SARA - CFM - Caminhos De Ferros de Mo\u00e7ambique\" \/>\n<meta property=\"og:description\" content=\"Decorreu na Cidade de Maputo, nos dias 24 e 25 de Outubro corrente, a Reuni\u00e3o Anual do Comit\u00e9 Executivo da Associa\u00e7\u00e3o das Empresas Ferrovi\u00e1rias da \u00c1frica Austral (SARA) traduzido do Ingl\u00eas, Southern African Railways Association. Durante o encontro, os representantes das empresas ferrovi\u00e1rias da SADC comprometeram-se a prover a regi\u00e3o de um sistema ferrovi\u00e1rio competitivo, robusto, seguro e integrado, numa base de coopera\u00e7\u00e3o virada para ganhos m\u00fatuos.\" \/>\n<meta property=\"og:url\" content=\"https:\/\/www.cfm.co.mz\/en\/2017\/10\/26\/cfm-acolhe-a-reuniao-anual-das-empresas-ferroviarias-da-africa-austral-sara\/\" \/>\n<meta property=\"og:site_name\" content=\"CFM - Caminhos De Ferros de Mo\u00e7ambique\" \/>\n<meta property=\"article:publisher\" content=\"https:\/\/www.facebook.com\/CFMMoz\" \/>\n<meta property=\"article:published_time\" content=\"2017-10-26T14:51:14+00:00\" \/>\n<meta property=\"og:image\" content=\"https:\/\/www.cfm.co.mz\/wp-content\/uploads\/2017\/10\/Sara_2017_Geral.jpg\" \/>\n\t<meta property=\"og:image:width\" content=\"1800\" \/>\n\t<meta property=\"og:image:height\" content=\"1200\" \/>\n\t<meta property=\"og:image:type\" content=\"image\/jpeg\" \/>\n<meta name=\"author\" content=\"D\u00e9rcio Badru\" \/>\n<meta name=\"twitter:card\" content=\"summary_large_image\" \/>\n<meta name=\"twitter:label1\" content=\"Written by\" \/>\n\t<meta name=\"twitter:data1\" content=\"D\u00e9rcio Badru\" \/>\n\t<meta name=\"twitter:label2\" content=\"Est. reading time\" \/>\n\t<meta name=\"twitter:data2\" content=\"2 minutes\" \/>\n<script type=\"application\/ld+json\" class=\"yoast-schema-graph\">{\"@context\":\"https:\/\/schema.org\",\"@graph\":[{\"@type\":\"Article\",\"@id\":\"https:\/\/www.cfm.co.mz\/2017\/10\/26\/cfm-acolhe-a-reuniao-anual-das-empresas-ferroviarias-da-africa-austral-sara\/#article\",\"isPartOf\":{\"@id\":\"https:\/\/www.cfm.co.mz\/2017\/10\/26\/cfm-acolhe-a-reuniao-anual-das-empresas-ferroviarias-da-africa-austral-sara\/\"},\"author\":{\"name\":\"D\u00e9rcio Badru\",\"@id\":\"https:\/\/www.cfm.co.mz\/#\/schema\/person\/1bb663f3c59dc61900f6f9b1c2b53552\"},\"headline\":\"CFM acolhe a Reuni\u00e3o Anual das Empresas Ferrovi\u00e1rias da \u00c1frica Austral &#8211; SARA\",\"datePublished\":\"2017-10-26T14:51:14+00:00\",\"mainEntityOfPage\":{\"@id\":\"https:\/\/www.cfm.co.mz\/2017\/10\/26\/cfm-acolhe-a-reuniao-anual-das-empresas-ferroviarias-da-africa-austral-sara\/\"},\"wordCount\":470,\"commentCount\":0,\"publisher\":{\"@id\":\"https:\/\/www.cfm.co.mz\/#organization\"},\"image\":{\"@id\":\"https:\/\/www.cfm.co.mz\/2017\/10\/26\/cfm-acolhe-a-reuniao-anual-das-empresas-ferroviarias-da-africa-austral-sara\/#primaryimage\"},\"thumbnailUrl\":\"https:\/\/www.cfm.co.mz\/wp-content\/uploads\/2017\/10\/Sara_2017_Geral.jpg\",\"articleSection\":[\"Noticias\"],\"inLanguage\":\"en-US\",\"potentialAction\":[{\"@type\":\"CommentAction\",\"name\":\"Comment\",\"target\":[\"https:\/\/www.cfm.co.mz\/2017\/10\/26\/cfm-acolhe-a-reuniao-anual-das-empresas-ferroviarias-da-africa-austral-sara\/#respond\"]}]},{\"@type\":\"WebPage\",\"@id\":\"https:\/\/www.cfm.co.mz\/2017\/10\/26\/cfm-acolhe-a-reuniao-anual-das-empresas-ferroviarias-da-africa-austral-sara\/\",\"url\":\"https:\/\/www.cfm.co.mz\/2017\/10\/26\/cfm-acolhe-a-reuniao-anual-das-empresas-ferroviarias-da-africa-austral-sara\/\",\"name\":\"CFM acolhe a Reuni\u00e3o Anual das Empresas Ferrovi\u00e1rias da \u00c1frica Austral - SARA - CFM - Caminhos De Ferros de Mo\u00e7ambique\",\"isPartOf\":{\"@id\":\"https:\/\/www.cfm.co.mz\/#website\"},\"primaryImageOfPage\":{\"@id\":\"https:\/\/www.cfm.co.mz\/2017\/10\/26\/cfm-acolhe-a-reuniao-anual-das-empresas-ferroviarias-da-africa-austral-sara\/#primaryimage\"},\"image\":{\"@id\":\"https:\/\/www.cfm.co.mz\/2017\/10\/26\/cfm-acolhe-a-reuniao-anual-das-empresas-ferroviarias-da-africa-austral-sara\/#primaryimage\"},\"thumbnailUrl\":\"https:\/\/www.cfm.co.mz\/wp-content\/uploads\/2017\/10\/Sara_2017_Geral.jpg\",\"datePublished\":\"2017-10-26T14:51:14+00:00\",\"breadcrumb\":{\"@id\":\"https:\/\/www.cfm.co.mz\/2017\/10\/26\/cfm-acolhe-a-reuniao-anual-das-empresas-ferroviarias-da-africa-austral-sara\/#breadcrumb\"},\"inLanguage\":\"en-US\",\"potentialAction\":[{\"@type\":\"ReadAction\",\"target\":[\"https:\/\/www.cfm.co.mz\/2017\/10\/26\/cfm-acolhe-a-reuniao-anual-das-empresas-ferroviarias-da-africa-austral-sara\/\"]}]},{\"@type\":\"ImageObject\",\"inLanguage\":\"en-US\",\"@id\":\"https:\/\/www.cfm.co.mz\/2017\/10\/26\/cfm-acolhe-a-reuniao-anual-das-empresas-ferroviarias-da-africa-austral-sara\/#primaryimage\",\"url\":\"https:\/\/www.cfm.co.mz\/wp-content\/uploads\/2017\/10\/Sara_2017_Geral.jpg\",\"contentUrl\":\"https:\/\/www.cfm.co.mz\/wp-content\/uploads\/2017\/10\/Sara_2017_Geral.jpg\",\"width\":1800,\"height\":1200,\"caption\":\"Sara 2017 Geral\"},{\"@type\":\"BreadcrumbList\",\"@id\":\"https:\/\/www.cfm.co.mz\/2017\/10\/26\/cfm-acolhe-a-reuniao-anual-das-empresas-ferroviarias-da-africa-austral-sara\/#breadcrumb\",\"itemListElement\":[{\"@type\":\"ListItem\",\"position\":1,\"name\":\"Home\",\"item\":\"https:\/\/www.cfm.co.mz\/\"},{\"@type\":\"ListItem\",\"position\":2,\"name\":\"CFM acolhe a Reuni\u00e3o Anual das Empresas Ferrovi\u00e1rias da \u00c1frica Austral &#8211; SARA\"}]},{\"@type\":\"WebSite\",\"@id\":\"https:\/\/www.cfm.co.mz\/#website\",\"url\":\"https:\/\/www.cfm.co.mz\/\",\"name\":\"CFM - Caminhos De Ferros de Mo\u00e7ambique\",\"description\":\"Ampliando Horizontes\",\"publisher\":{\"@id\":\"https:\/\/www.cfm.co.mz\/#organization\"},\"potentialAction\":[{\"@type\":\"SearchAction\",\"target\":{\"@type\":\"EntryPoint\",\"urlTemplate\":\"https:\/\/www.cfm.co.mz\/?s={search_term_string}\"},\"query-input\":{\"@type\":\"PropertyValueSpecification\",\"valueRequired\":true,\"valueName\":\"search_term_string\"}}],\"inLanguage\":\"en-US\"},{\"@type\":\"Organization\",\"@id\":\"https:\/\/www.cfm.co.mz\/#organization\",\"name\":\"CFM - Caminhos De Ferros de Mo\u00e7ambique\",\"url\":\"https:\/\/www.cfm.co.mz\/\",\"logo\":{\"@type\":\"ImageObject\",\"inLanguage\":\"en-US\",\"@id\":\"https:\/\/www.cfm.co.mz\/#\/schema\/logo\/image\/\",\"url\":\"https:\/\/www.cfm.co.mz\/wp-content\/uploads\/2025\/07\/be5f0679-4f5b-4d02-9719-a26ceed29162.jpg\",\"contentUrl\":\"https:\/\/www.cfm.co.mz\/wp-content\/uploads\/2025\/07\/be5f0679-4f5b-4d02-9719-a26ceed29162.jpg\",\"width\":400,\"height\":65,\"caption\":\"CFM - Caminhos De Ferros de Mo\u00e7ambique\"},\"image\":{\"@id\":\"https:\/\/www.cfm.co.mz\/#\/schema\/logo\/image\/\"},\"sameAs\":[\"https:\/\/www.facebook.com\/CFMMoz\",\"https:\/\/www.linkedin.com\/company\/caminhos-de-ferro-de-moambique\/\"]},{\"@type\":\"Person\",\"@id\":\"https:\/\/www.cfm.co.mz\/#\/schema\/person\/1bb663f3c59dc61900f6f9b1c2b53552\",\"name\":\"D\u00e9rcio Badru\",\"image\":{\"@type\":\"ImageObject\",\"inLanguage\":\"en-US\",\"@id\":\"https:\/\/www.cfm.co.mz\/#\/schema\/person\/image\/\",\"url\":\"https:\/\/www.cfm.co.mz\/wp-content\/litespeed\/avatar\/be89d6955942d7259ef76de4577d21b3.jpg?ver=1777454359\",\"contentUrl\":\"https:\/\/www.cfm.co.mz\/wp-content\/litespeed\/avatar\/be89d6955942d7259ef76de4577d21b3.jpg?ver=1777454359\",\"caption\":\"D\u00e9rcio Badru\"},\"url\":\"https:\/\/www.cfm.co.mz\/en\/author\/dercio\/\"}]}<\/script>\n<!-- \/ Yoast SEO plugin. -->","yoast_head_json":{"title":"CFM acolhe a Reuni\u00e3o Anual das Empresas Ferrovi\u00e1rias da \u00c1frica Austral - SARA - CFM - Caminhos De Ferros de Mo\u00e7ambique","robots":{"index":"index","follow":"follow","max-snippet":"max-snippet:-1","max-image-preview":"max-image-preview:large","max-video-preview":"max-video-preview:-1"},"canonical":"https:\/\/www.cfm.co.mz\/en\/2017\/10\/26\/cfm-acolhe-a-reuniao-anual-das-empresas-ferroviarias-da-africa-austral-sara\/","og_locale":"en_US","og_type":"article","og_title":"CFM acolhe a Reuni\u00e3o Anual das Empresas Ferrovi\u00e1rias da \u00c1frica Austral - SARA - CFM - Caminhos De Ferros de Mo\u00e7ambique","og_description":"Decorreu na Cidade de Maputo, nos dias 24 e 25 de Outubro corrente, a Reuni\u00e3o Anual do Comit\u00e9 Executivo da Associa\u00e7\u00e3o das Empresas Ferrovi\u00e1rias da \u00c1frica Austral (SARA) traduzido do Ingl\u00eas, Southern African Railways Association. Durante o encontro, os representantes das empresas ferrovi\u00e1rias da SADC comprometeram-se a prover a regi\u00e3o de um sistema ferrovi\u00e1rio competitivo, robusto, seguro e integrado, numa base de coopera\u00e7\u00e3o virada para ganhos m\u00fatuos.","og_url":"https:\/\/www.cfm.co.mz\/en\/2017\/10\/26\/cfm-acolhe-a-reuniao-anual-das-empresas-ferroviarias-da-africa-austral-sara\/","og_site_name":"CFM - Caminhos De Ferros de Mo\u00e7ambique","article_publisher":"https:\/\/www.facebook.com\/CFMMoz","article_published_time":"2017-10-26T14:51:14+00:00","og_image":[{"width":1800,"height":1200,"url":"https:\/\/www.cfm.co.mz\/wp-content\/uploads\/2017\/10\/Sara_2017_Geral.jpg","type":"image\/jpeg"}],"author":"D\u00e9rcio Badru","twitter_card":"summary_large_image","twitter_misc":{"Written by":"D\u00e9rcio Badru","Est. reading time":"2 minutes"},"schema":{"@context":"https:\/\/schema.org","@graph":[{"@type":"Article","@id":"https:\/\/www.cfm.co.mz\/2017\/10\/26\/cfm-acolhe-a-reuniao-anual-das-empresas-ferroviarias-da-africa-austral-sara\/#article","isPartOf":{"@id":"https:\/\/www.cfm.co.mz\/2017\/10\/26\/cfm-acolhe-a-reuniao-anual-das-empresas-ferroviarias-da-africa-austral-sara\/"},"author":{"name":"D\u00e9rcio Badru","@id":"https:\/\/www.cfm.co.mz\/#\/schema\/person\/1bb663f3c59dc61900f6f9b1c2b53552"},"headline":"CFM acolhe a Reuni\u00e3o Anual das Empresas Ferrovi\u00e1rias da \u00c1frica Austral &#8211; SARA","datePublished":"2017-10-26T14:51:14+00:00","mainEntityOfPage":{"@id":"https:\/\/www.cfm.co.mz\/2017\/10\/26\/cfm-acolhe-a-reuniao-anual-das-empresas-ferroviarias-da-africa-austral-sara\/"},"wordCount":470,"commentCount":0,"publisher":{"@id":"https:\/\/www.cfm.co.mz\/#organization"},"image":{"@id":"https:\/\/www.cfm.co.mz\/2017\/10\/26\/cfm-acolhe-a-reuniao-anual-das-empresas-ferroviarias-da-africa-austral-sara\/#primaryimage"},"thumbnailUrl":"https:\/\/www.cfm.co.mz\/wp-content\/uploads\/2017\/10\/Sara_2017_Geral.jpg","articleSection":["Noticias"],"inLanguage":"en-US","potentialAction":[{"@type":"CommentAction","name":"Comment","target":["https:\/\/www.cfm.co.mz\/2017\/10\/26\/cfm-acolhe-a-reuniao-anual-das-empresas-ferroviarias-da-africa-austral-sara\/#respond"]}]},{"@type":"WebPage","@id":"https:\/\/www.cfm.co.mz\/2017\/10\/26\/cfm-acolhe-a-reuniao-anual-das-empresas-ferroviarias-da-africa-austral-sara\/","url":"https:\/\/www.cfm.co.mz\/2017\/10\/26\/cfm-acolhe-a-reuniao-anual-das-empresas-ferroviarias-da-africa-austral-sara\/","name":"CFM acolhe a Reuni\u00e3o Anual das Empresas Ferrovi\u00e1rias da \u00c1frica Austral - SARA - CFM - Caminhos De Ferros de Mo\u00e7ambique","isPartOf":{"@id":"https:\/\/www.cfm.co.mz\/#website"},"primaryImageOfPage":{"@id":"https:\/\/www.cfm.co.mz\/2017\/10\/26\/cfm-acolhe-a-reuniao-anual-das-empresas-ferroviarias-da-africa-austral-sara\/#primaryimage"},"image":{"@id":"https:\/\/www.cfm.co.mz\/2017\/10\/26\/cfm-acolhe-a-reuniao-anual-das-empresas-ferroviarias-da-africa-austral-sara\/#primaryimage"},"thumbnailUrl":"https:\/\/www.cfm.co.mz\/wp-content\/uploads\/2017\/10\/Sara_2017_Geral.jpg","datePublished":"2017-10-26T14:51:14+00:00","breadcrumb":{"@id":"https:\/\/www.cfm.co.mz\/2017\/10\/26\/cfm-acolhe-a-reuniao-anual-das-empresas-ferroviarias-da-africa-austral-sara\/#breadcrumb"},"inLanguage":"en-US","potentialAction":[{"@type":"ReadAction","target":["https:\/\/www.cfm.co.mz\/2017\/10\/26\/cfm-acolhe-a-reuniao-anual-das-empresas-ferroviarias-da-africa-austral-sara\/"]}]},{"@type":"ImageObject","inLanguage":"en-US","@id":"https:\/\/www.cfm.co.mz\/2017\/10\/26\/cfm-acolhe-a-reuniao-anual-das-empresas-ferroviarias-da-africa-austral-sara\/#primaryimage","url":"https:\/\/www.cfm.co.mz\/wp-content\/uploads\/2017\/10\/Sara_2017_Geral.jpg","contentUrl":"https:\/\/www.cfm.co.mz\/wp-content\/uploads\/2017\/10\/Sara_2017_Geral.jpg","width":1800,"height":1200,"caption":"Sara 2017 Geral"},{"@type":"BreadcrumbList","@id":"https:\/\/www.cfm.co.mz\/2017\/10\/26\/cfm-acolhe-a-reuniao-anual-das-empresas-ferroviarias-da-africa-austral-sara\/#breadcrumb","itemListElement":[{"@type":"ListItem","position":1,"name":"Home","item":"https:\/\/www.cfm.co.mz\/"},{"@type":"ListItem","position":2,"name":"CFM acolhe a Reuni\u00e3o Anual das Empresas Ferrovi\u00e1rias da \u00c1frica Austral &#8211; SARA"}]},{"@type":"WebSite","@id":"https:\/\/www.cfm.co.mz\/#website","url":"https:\/\/www.cfm.co.mz\/","name":"CFM - Caminhos De Ferros de Mo\u00e7ambique","description":"Ampliando Horizontes","publisher":{"@id":"https:\/\/www.cfm.co.mz\/#organization"},"potentialAction":[{"@type":"SearchAction","target":{"@type":"EntryPoint","urlTemplate":"https:\/\/www.cfm.co.mz\/?s={search_term_string}"},"query-input":{"@type":"PropertyValueSpecification","valueRequired":true,"valueName":"search_term_string"}}],"inLanguage":"en-US"},{"@type":"Organization","@id":"https:\/\/www.cfm.co.mz\/#organization","name":"CFM - Caminhos De Ferros de Mo\u00e7ambique","url":"https:\/\/www.cfm.co.mz\/","logo":{"@type":"ImageObject","inLanguage":"en-US","@id":"https:\/\/www.cfm.co.mz\/#\/schema\/logo\/image\/","url":"https:\/\/www.cfm.co.mz\/wp-content\/uploads\/2025\/07\/be5f0679-4f5b-4d02-9719-a26ceed29162.jpg","contentUrl":"https:\/\/www.cfm.co.mz\/wp-content\/uploads\/2025\/07\/be5f0679-4f5b-4d02-9719-a26ceed29162.jpg","width":400,"height":65,"caption":"CFM - Caminhos De Ferros de Mo\u00e7ambique"},"image":{"@id":"https:\/\/www.cfm.co.mz\/#\/schema\/logo\/image\/"},"sameAs":["https:\/\/www.facebook.com\/CFMMoz","https:\/\/www.linkedin.com\/company\/caminhos-de-ferro-de-moambique\/"]},{"@type":"Person","@id":"https:\/\/www.cfm.co.mz\/#\/schema\/person\/1bb663f3c59dc61900f6f9b1c2b53552","name":"D\u00e9rcio Badru","image":{"@type":"ImageObject","inLanguage":"en-US","@id":"https:\/\/www.cfm.co.mz\/#\/schema\/person\/image\/","url":"https:\/\/www.cfm.co.mz\/wp-content\/litespeed\/avatar\/be89d6955942d7259ef76de4577d21b3.jpg?ver=1777454359","contentUrl":"https:\/\/www.cfm.co.mz\/wp-content\/litespeed\/avatar\/be89d6955942d7259ef76de4577d21b3.jpg?ver=1777454359","caption":"D\u00e9rcio Badru"},"url":"https:\/\/www.cfm.co.mz\/en\/author\/dercio\/"}]}},"_links":{"self":[{"href":"https:\/\/www.cfm.co.mz\/en\/wp-json\/wp\/v2\/posts\/8957","targetHints":{"allow":["GET"]}}],"collection":[{"href":"https:\/\/www.cfm.co.mz\/en\/wp-json\/wp\/v2\/posts"}],"about":[{"href":"https:\/\/www.cfm.co.mz\/en\/wp-json\/wp\/v2\/types\/post"}],"author":[{"embeddable":true,"href":"https:\/\/www.cfm.co.mz\/en\/wp-json\/wp\/v2\/users\/94"}],"replies":[{"embeddable":true,"href":"https:\/\/www.cfm.co.mz\/en\/wp-json\/wp\/v2\/comments?post=8957"}],"version-history":[{"count":0,"href":"https:\/\/www.cfm.co.mz\/en\/wp-json\/wp\/v2\/posts\/8957\/revisions"}],"wp:featuredmedia":[{"embeddable":true,"href":"https:\/\/www.cfm.co.mz\/en\/wp-json\/wp\/v2\/media\/8955"}],"wp:attachment":[{"href":"https:\/\/www.cfm.co.mz\/en\/wp-json\/wp\/v2\/media?parent=8957"}],"wp:term":[{"taxonomy":"category","embeddable":true,"href":"https:\/\/www.cfm.co.mz\/en\/wp-json\/wp\/v2\/categories?post=8957"},{"taxonomy":"post_tag","embeddable":true,"href":"https:\/\/www.cfm.co.mz\/en\/wp-json\/wp\/v2\/tags?post=8957"}],"curies":[{"name":"wp","href":"https:\/\/api.w.org\/{rel}","templated":true}]}}