{"id":8920,"date":"2017-08-31T08:38:57","date_gmt":"2017-08-31T08:38:57","guid":{"rendered":"https:\/\/www.cfm.co.mz\/2017\/08\/31\/inicia-em-2018-a-construcao-da-linha-ferrea-chitima-moatize-macuse\/"},"modified":"2017-08-31T08:38:57","modified_gmt":"2017-08-31T08:38:57","slug":"inicia-em-2018-a-construcao-da-linha-ferrea-chitima-moatize-macuse","status":"publish","type":"post","link":"https:\/\/www.cfm.co.mz\/en\/2017\/08\/31\/inicia-em-2018-a-construcao-da-linha-ferrea-chitima-moatize-macuse\/","title":{"rendered":"Inicia em 2018 a constru\u00e7\u00e3o da Linha F\u00e9rrea Chitima \u2013 Moatize &#8211; Macuse"},"content":{"rendered":"<p style=\"text-align: justify;\"><img decoding=\"async\" class=\"alignleft size-full wp-image-8917\" style=\"margin: 5px; float: left;\" src=\"http:\/\/www.cfm.co.mz\/wp-content\/uploads\/2017\/08\/Linha-Ferrea.jpg\" alt=\"Linha F\u00e9rrea\" width=\"250\" height=\"167\" srcset=\"https:\/\/www.cfm.co.mz\/wp-content\/uploads\/2017\/08\/Linha-Ferrea.jpg 1800w, https:\/\/www.cfm.co.mz\/wp-content\/uploads\/2017\/08\/Linha-Ferrea-300x200.jpg 300w, https:\/\/www.cfm.co.mz\/wp-content\/uploads\/2017\/08\/Linha-Ferrea-1024x683.jpg 1024w, https:\/\/www.cfm.co.mz\/wp-content\/uploads\/2017\/08\/Linha-Ferrea-768x512.jpg 768w, https:\/\/www.cfm.co.mz\/wp-content\/uploads\/2017\/08\/Linha-Ferrea-1536x1024.jpg 1536w\" sizes=\"(max-width: 250px) 100vw, 250px\" \/>Ser\u00e1 lan\u00e7ada em 2018 a primeira pedra para a constru\u00e7\u00e3o da Linha F\u00e9rrea Chitima \u2013 Moatize \u2013 Macuze, ligando as prov\u00edncias centrais de Tete e Zamb\u00e9zia.<\/p>\n<p style=\"text-align: justify;\">Trata-se de um tra\u00e7ado com uma extens\u00e3o de cerca de 620 km de Chitima a Macuse onde ser\u00e1 constru\u00eddo um Porto de \u00e1guas profundas em Macuse, empreendimento a ser desenvolvido e explorado numa parceria p\u00fablico-privada, entre a Italian Thai Development Company Limited, da Tail\u00e2ndia com 60% e 40% repartidos pela metade entre os Caminhos de Ferro de Mo\u00e7ambique (CFM) e pelo Corredor do Desenvolvimento Integrado do Zambeze (CODIZA).<\/p>\n<p><!--more--><\/p>\n<p style=\"text-align: justify;\">A nova linha f\u00e9rrea ir\u00e1 permitir o acesso \u00e0s concess\u00f5es carbon\u00edferas existentes em Tete, que actualmente n\u00e3o est\u00e3o ligadas \u00e0 rota.<\/p>\n<p style=\"text-align: justify;\">O Porto de Macuse dever\u00e1 ter capacidade para receber navios de at\u00e9 80 mil toneladas, onde quatro companhias indianas com licen\u00e7as para a explora\u00e7\u00e3o do carv\u00e3o em Mo\u00e7ambique t\u00eam interesses e que precisam do recurso para alimentar as suas centrais t\u00e9rmicas naquele pa\u00eds asi\u00e1tico. A grande diferen\u00e7a com a linha de Sena e a de Nacala \u00e9 que nestas exporta-se o carv\u00e3o de coque, necess\u00e1rio para a ind\u00fastria do a\u00e7o, enquanto no projecto de Macuse as empresas estatais indianas v\u00e3o escoar carv\u00e3o t\u00e9rmico para a produ\u00e7\u00e3o de energia na \u00cdndia.<\/p>\n<p style=\"text-align: justify;\">Avaliado em mais de cinco mil milh\u00f5es de d\u00f3lares norte americanos, o Projecto Macuse vai instalar uma capacidade de transporte de, numa primeira fase, 25 milh\u00f5es de toneladas\/ano, capacidade que dever\u00e1 aumentar gradualmente at\u00e9 100 milh\u00f5es de toneladas\/ano.<\/p>\n<p style=\"text-align: justify;\">O Porto de \u00c1guas Profundas de Macuse ter\u00e1 a capacidade de receber navios de grande calado que, n\u00e3o s\u00f3 v\u00e3o transportar carv\u00e3o mineral, como tamb\u00e9m outro tipo de mercadoria. Deste modo, pa\u00edses do hinterland, como Malawi, Z\u00e2mbia, Zimbabwe e RDC, poder\u00e3o ter acesso ao Porto de Macuse atrav\u00e9s do Corredor do Desenvolvimento da Zamb\u00e9zia (CODIZA) e novas oportunidades de neg\u00f3cios poder\u00e3o surgir atrav\u00e9s de pequenas e m\u00e9dias empresas que v\u00e3o prestar servi\u00e7os e o nascimento de armaz\u00e9ns ao longo da linha.<\/p>\n<p style=\"text-align: justify;\">A linha f\u00e9rrea Moatize\/Macuse e o respectivo porto v\u00e3o complementar o sistema ferro \u2013 portu\u00e1rio existente nas regi\u00f5es Norte e Centro do pa\u00eds, o que facilitar\u00e1 o r\u00e1pido escoamento e cria\u00e7\u00e3o de vantagens competitivas para as actividades de minera\u00e7\u00e3o e de transporte.<\/p>\n<p style=\"text-align: justify;\">\u00c0 luz do contrato de concess\u00e3o, a Italian Thai Development Company Limited tem o direito de construir, operar, manter, gerir devolver esta rede ferrovi\u00e1ria e o servi\u00e7o ferrovi\u00e1rio que lhe est\u00e1 adstrito, numa base em que se garanta a n\u00e3o discrimina\u00e7\u00e3o de nenhum exportador de carv\u00e3o e a garantia de aloca\u00e7\u00e3o de capacidade suficiente para a carga geral e comboios de passageiros.<\/p>\n<p style=\"text-align: justify;\">Um cons\u00f3rcio constitu\u00eddo pelo grupo portugu\u00eas de constru\u00e7\u00e3o civil Mota-Engil e pela empresa China National Complete Engineering Corporation assinou o contrato com a Thai Mo\u00e7ambique Log\u00edstica Limitada para construir a linha de caminho-de-ferro Chitima \u2013 Moatize \u2013 Macuse com uma dura\u00e7\u00e3o contratual de 44 meses.<\/p>\n<p style=\"text-align: justify;\">No desenho inicial e aprovado pelo Governo, a linha cobria uma extens\u00e3o de 500 quil\u00f3metros entre Moatize e Macuse, facto que foi alterado por necessidades das empresas mineradoras de carv\u00e3o e de alguns bancos com interesse nestes investimentos, de ver a linha prolongada at\u00e9 Chitima, numa extens\u00e3o de 120 km, igualmente na prov\u00edncia de Tete.<\/p>","protected":false},"excerpt":{"rendered":"<p>Ser\u00e1 lan\u00e7ada em 2018 a primeira pedra para a constru\u00e7\u00e3o da Linha F\u00e9rrea Chitima \u2013 Moatize \u2013 Macuze, ligando as prov\u00edncias centrais de Tete e Zamb\u00e9zia. Trata-se de um tra\u00e7ado com uma extens\u00e3o de cerca de 620 km de Chitima a Macuse onde ser\u00e1 constru\u00eddo um Porto de \u00e1guas profundas em Macuse, empreendimento a ser desenvolvido e explorado numa parceria p\u00fablico-privada, entre a Italian Thai Development Company Limited, da Tail\u00e2ndia com 60% e 40% repartidos pela metade entre os Caminhos de Ferro de Mo\u00e7ambique (CFM) e pelo Corredor do Desenvolvimento Integrado do Zambeze (CODIZA).<\/p>","protected":false},"author":94,"featured_media":8917,"comment_status":"open","ping_status":"open","sticky":false,"template":"","format":"standard","meta":{"_acf_changed":false,"pgc_sgb_lightbox_settings":"","footnotes":""},"categories":[680],"tags":[],"class_list":["post-8920","post","type-post","status-publish","format-standard","has-post-thumbnail","hentry","category-noticias"],"acf":[],"yoast_head":"<!-- This site is optimized with the Yoast SEO plugin v26.5 - https:\/\/yoast.com\/wordpress\/plugins\/seo\/ -->\n<title>Inicia em 2018 a constru\u00e7\u00e3o da Linha F\u00e9rrea Chitima \u2013 Moatize - Macuse - CFM - Caminhos De Ferros de Mo\u00e7ambique<\/title>\n<meta name=\"robots\" content=\"index, follow, max-snippet:-1, max-image-preview:large, max-video-preview:-1\" \/>\n<link rel=\"canonical\" href=\"https:\/\/www.cfm.co.mz\/en\/2017\/08\/31\/inicia-em-2018-a-construcao-da-linha-ferrea-chitima-moatize-macuse\/\" \/>\n<meta property=\"og:locale\" content=\"en_US\" \/>\n<meta property=\"og:type\" content=\"article\" \/>\n<meta property=\"og:title\" content=\"Inicia em 2018 a constru\u00e7\u00e3o da Linha F\u00e9rrea Chitima \u2013 Moatize - Macuse - CFM - Caminhos De Ferros de Mo\u00e7ambique\" \/>\n<meta property=\"og:description\" content=\"Ser\u00e1 lan\u00e7ada em 2018 a primeira pedra para a constru\u00e7\u00e3o da Linha F\u00e9rrea Chitima \u2013 Moatize \u2013 Macuze, ligando as prov\u00edncias centrais de Tete e Zamb\u00e9zia. Trata-se de um tra\u00e7ado com uma extens\u00e3o de cerca de 620 km de Chitima a Macuse onde ser\u00e1 constru\u00eddo um Porto de \u00e1guas profundas em Macuse, empreendimento a ser desenvolvido e explorado numa parceria p\u00fablico-privada, entre a Italian Thai Development Company Limited, da Tail\u00e2ndia com 60% e 40% repartidos pela metade entre os Caminhos de Ferro de Mo\u00e7ambique (CFM) e pelo Corredor do Desenvolvimento Integrado do Zambeze (CODIZA).\" \/>\n<meta property=\"og:url\" content=\"https:\/\/www.cfm.co.mz\/en\/2017\/08\/31\/inicia-em-2018-a-construcao-da-linha-ferrea-chitima-moatize-macuse\/\" \/>\n<meta property=\"og:site_name\" content=\"CFM - Caminhos De Ferros de Mo\u00e7ambique\" \/>\n<meta property=\"article:publisher\" content=\"https:\/\/www.facebook.com\/CFMMoz\" \/>\n<meta property=\"article:published_time\" content=\"2017-08-31T08:38:57+00:00\" \/>\n<meta property=\"og:image\" content=\"https:\/\/www.cfm.co.mz\/wp-content\/uploads\/2017\/08\/Linha-Ferrea.jpg\" \/>\n\t<meta property=\"og:image:width\" content=\"1800\" \/>\n\t<meta property=\"og:image:height\" content=\"1200\" \/>\n\t<meta property=\"og:image:type\" content=\"image\/jpeg\" \/>\n<meta name=\"author\" content=\"D\u00e9rcio Badru\" \/>\n<meta name=\"twitter:card\" content=\"summary_large_image\" \/>\n<meta name=\"twitter:label1\" content=\"Written by\" \/>\n\t<meta name=\"twitter:data1\" content=\"D\u00e9rcio Badru\" \/>\n\t<meta name=\"twitter:label2\" content=\"Est. reading time\" \/>\n\t<meta name=\"twitter:data2\" content=\"3 minutes\" \/>\n<script type=\"application\/ld+json\" class=\"yoast-schema-graph\">{\"@context\":\"https:\/\/schema.org\",\"@graph\":[{\"@type\":\"Article\",\"@id\":\"https:\/\/www.cfm.co.mz\/2017\/08\/31\/inicia-em-2018-a-construcao-da-linha-ferrea-chitima-moatize-macuse\/#article\",\"isPartOf\":{\"@id\":\"https:\/\/www.cfm.co.mz\/2017\/08\/31\/inicia-em-2018-a-construcao-da-linha-ferrea-chitima-moatize-macuse\/\"},\"author\":{\"name\":\"D\u00e9rcio Badru\",\"@id\":\"https:\/\/www.cfm.co.mz\/#\/schema\/person\/1bb663f3c59dc61900f6f9b1c2b53552\"},\"headline\":\"Inicia em 2018 a constru\u00e7\u00e3o da Linha F\u00e9rrea Chitima \u2013 Moatize &#8211; Macuse\",\"datePublished\":\"2017-08-31T08:38:57+00:00\",\"mainEntityOfPage\":{\"@id\":\"https:\/\/www.cfm.co.mz\/2017\/08\/31\/inicia-em-2018-a-construcao-da-linha-ferrea-chitima-moatize-macuse\/\"},\"wordCount\":607,\"commentCount\":0,\"publisher\":{\"@id\":\"https:\/\/www.cfm.co.mz\/#organization\"},\"image\":{\"@id\":\"https:\/\/www.cfm.co.mz\/2017\/08\/31\/inicia-em-2018-a-construcao-da-linha-ferrea-chitima-moatize-macuse\/#primaryimage\"},\"thumbnailUrl\":\"https:\/\/www.cfm.co.mz\/wp-content\/uploads\/2017\/08\/Linha-Ferrea.jpg\",\"articleSection\":[\"Noticias\"],\"inLanguage\":\"en-US\",\"potentialAction\":[{\"@type\":\"CommentAction\",\"name\":\"Comment\",\"target\":[\"https:\/\/www.cfm.co.mz\/2017\/08\/31\/inicia-em-2018-a-construcao-da-linha-ferrea-chitima-moatize-macuse\/#respond\"]}]},{\"@type\":\"WebPage\",\"@id\":\"https:\/\/www.cfm.co.mz\/2017\/08\/31\/inicia-em-2018-a-construcao-da-linha-ferrea-chitima-moatize-macuse\/\",\"url\":\"https:\/\/www.cfm.co.mz\/2017\/08\/31\/inicia-em-2018-a-construcao-da-linha-ferrea-chitima-moatize-macuse\/\",\"name\":\"Inicia em 2018 a constru\u00e7\u00e3o da Linha F\u00e9rrea Chitima \u2013 Moatize - Macuse - CFM - Caminhos De Ferros de Mo\u00e7ambique\",\"isPartOf\":{\"@id\":\"https:\/\/www.cfm.co.mz\/#website\"},\"primaryImageOfPage\":{\"@id\":\"https:\/\/www.cfm.co.mz\/2017\/08\/31\/inicia-em-2018-a-construcao-da-linha-ferrea-chitima-moatize-macuse\/#primaryimage\"},\"image\":{\"@id\":\"https:\/\/www.cfm.co.mz\/2017\/08\/31\/inicia-em-2018-a-construcao-da-linha-ferrea-chitima-moatize-macuse\/#primaryimage\"},\"thumbnailUrl\":\"https:\/\/www.cfm.co.mz\/wp-content\/uploads\/2017\/08\/Linha-Ferrea.jpg\",\"datePublished\":\"2017-08-31T08:38:57+00:00\",\"breadcrumb\":{\"@id\":\"https:\/\/www.cfm.co.mz\/2017\/08\/31\/inicia-em-2018-a-construcao-da-linha-ferrea-chitima-moatize-macuse\/#breadcrumb\"},\"inLanguage\":\"en-US\",\"potentialAction\":[{\"@type\":\"ReadAction\",\"target\":[\"https:\/\/www.cfm.co.mz\/2017\/08\/31\/inicia-em-2018-a-construcao-da-linha-ferrea-chitima-moatize-macuse\/\"]}]},{\"@type\":\"ImageObject\",\"inLanguage\":\"en-US\",\"@id\":\"https:\/\/www.cfm.co.mz\/2017\/08\/31\/inicia-em-2018-a-construcao-da-linha-ferrea-chitima-moatize-macuse\/#primaryimage\",\"url\":\"https:\/\/www.cfm.co.mz\/wp-content\/uploads\/2017\/08\/Linha-Ferrea.jpg\",\"contentUrl\":\"https:\/\/www.cfm.co.mz\/wp-content\/uploads\/2017\/08\/Linha-Ferrea.jpg\",\"width\":1800,\"height\":1200,\"caption\":\"Linha F\u00e9rrea\"},{\"@type\":\"BreadcrumbList\",\"@id\":\"https:\/\/www.cfm.co.mz\/2017\/08\/31\/inicia-em-2018-a-construcao-da-linha-ferrea-chitima-moatize-macuse\/#breadcrumb\",\"itemListElement\":[{\"@type\":\"ListItem\",\"position\":1,\"name\":\"Home\",\"item\":\"https:\/\/www.cfm.co.mz\/\"},{\"@type\":\"ListItem\",\"position\":2,\"name\":\"Inicia em 2018 a constru\u00e7\u00e3o da Linha F\u00e9rrea Chitima \u2013 Moatize &#8211; Macuse\"}]},{\"@type\":\"WebSite\",\"@id\":\"https:\/\/www.cfm.co.mz\/#website\",\"url\":\"https:\/\/www.cfm.co.mz\/\",\"name\":\"CFM - Caminhos De Ferros de Mo\u00e7ambique\",\"description\":\"Ampliando Horizontes\",\"publisher\":{\"@id\":\"https:\/\/www.cfm.co.mz\/#organization\"},\"potentialAction\":[{\"@type\":\"SearchAction\",\"target\":{\"@type\":\"EntryPoint\",\"urlTemplate\":\"https:\/\/www.cfm.co.mz\/?s={search_term_string}\"},\"query-input\":{\"@type\":\"PropertyValueSpecification\",\"valueRequired\":true,\"valueName\":\"search_term_string\"}}],\"inLanguage\":\"en-US\"},{\"@type\":\"Organization\",\"@id\":\"https:\/\/www.cfm.co.mz\/#organization\",\"name\":\"CFM - Caminhos De Ferros de Mo\u00e7ambique\",\"url\":\"https:\/\/www.cfm.co.mz\/\",\"logo\":{\"@type\":\"ImageObject\",\"inLanguage\":\"en-US\",\"@id\":\"https:\/\/www.cfm.co.mz\/#\/schema\/logo\/image\/\",\"url\":\"https:\/\/www.cfm.co.mz\/wp-content\/uploads\/2025\/07\/be5f0679-4f5b-4d02-9719-a26ceed29162.jpg\",\"contentUrl\":\"https:\/\/www.cfm.co.mz\/wp-content\/uploads\/2025\/07\/be5f0679-4f5b-4d02-9719-a26ceed29162.jpg\",\"width\":400,\"height\":65,\"caption\":\"CFM - Caminhos De Ferros de Mo\u00e7ambique\"},\"image\":{\"@id\":\"https:\/\/www.cfm.co.mz\/#\/schema\/logo\/image\/\"},\"sameAs\":[\"https:\/\/www.facebook.com\/CFMMoz\",\"https:\/\/www.linkedin.com\/company\/caminhos-de-ferro-de-moambique\/\"]},{\"@type\":\"Person\",\"@id\":\"https:\/\/www.cfm.co.mz\/#\/schema\/person\/1bb663f3c59dc61900f6f9b1c2b53552\",\"name\":\"D\u00e9rcio Badru\",\"image\":{\"@type\":\"ImageObject\",\"inLanguage\":\"en-US\",\"@id\":\"https:\/\/www.cfm.co.mz\/#\/schema\/person\/image\/\",\"url\":\"https:\/\/www.cfm.co.mz\/wp-content\/litespeed\/avatar\/be89d6955942d7259ef76de4577d21b3.jpg?ver=1777454359\",\"contentUrl\":\"https:\/\/www.cfm.co.mz\/wp-content\/litespeed\/avatar\/be89d6955942d7259ef76de4577d21b3.jpg?ver=1777454359\",\"caption\":\"D\u00e9rcio Badru\"},\"url\":\"https:\/\/www.cfm.co.mz\/en\/author\/dercio\/\"}]}<\/script>\n<!-- \/ Yoast SEO plugin. -->","yoast_head_json":{"title":"Inicia em 2018 a constru\u00e7\u00e3o da Linha F\u00e9rrea Chitima \u2013 Moatize - Macuse - CFM - Caminhos De Ferros de Mo\u00e7ambique","robots":{"index":"index","follow":"follow","max-snippet":"max-snippet:-1","max-image-preview":"max-image-preview:large","max-video-preview":"max-video-preview:-1"},"canonical":"https:\/\/www.cfm.co.mz\/en\/2017\/08\/31\/inicia-em-2018-a-construcao-da-linha-ferrea-chitima-moatize-macuse\/","og_locale":"en_US","og_type":"article","og_title":"Inicia em 2018 a constru\u00e7\u00e3o da Linha F\u00e9rrea Chitima \u2013 Moatize - Macuse - CFM - Caminhos De Ferros de Mo\u00e7ambique","og_description":"Ser\u00e1 lan\u00e7ada em 2018 a primeira pedra para a constru\u00e7\u00e3o da Linha F\u00e9rrea Chitima \u2013 Moatize \u2013 Macuze, ligando as prov\u00edncias centrais de Tete e Zamb\u00e9zia. Trata-se de um tra\u00e7ado com uma extens\u00e3o de cerca de 620 km de Chitima a Macuse onde ser\u00e1 constru\u00eddo um Porto de \u00e1guas profundas em Macuse, empreendimento a ser desenvolvido e explorado numa parceria p\u00fablico-privada, entre a Italian Thai Development Company Limited, da Tail\u00e2ndia com 60% e 40% repartidos pela metade entre os Caminhos de Ferro de Mo\u00e7ambique (CFM) e pelo Corredor do Desenvolvimento Integrado do Zambeze (CODIZA).","og_url":"https:\/\/www.cfm.co.mz\/en\/2017\/08\/31\/inicia-em-2018-a-construcao-da-linha-ferrea-chitima-moatize-macuse\/","og_site_name":"CFM - Caminhos De Ferros de Mo\u00e7ambique","article_publisher":"https:\/\/www.facebook.com\/CFMMoz","article_published_time":"2017-08-31T08:38:57+00:00","og_image":[{"width":1800,"height":1200,"url":"https:\/\/www.cfm.co.mz\/wp-content\/uploads\/2017\/08\/Linha-Ferrea.jpg","type":"image\/jpeg"}],"author":"D\u00e9rcio Badru","twitter_card":"summary_large_image","twitter_misc":{"Written by":"D\u00e9rcio Badru","Est. reading time":"3 minutes"},"schema":{"@context":"https:\/\/schema.org","@graph":[{"@type":"Article","@id":"https:\/\/www.cfm.co.mz\/2017\/08\/31\/inicia-em-2018-a-construcao-da-linha-ferrea-chitima-moatize-macuse\/#article","isPartOf":{"@id":"https:\/\/www.cfm.co.mz\/2017\/08\/31\/inicia-em-2018-a-construcao-da-linha-ferrea-chitima-moatize-macuse\/"},"author":{"name":"D\u00e9rcio Badru","@id":"https:\/\/www.cfm.co.mz\/#\/schema\/person\/1bb663f3c59dc61900f6f9b1c2b53552"},"headline":"Inicia em 2018 a constru\u00e7\u00e3o da Linha F\u00e9rrea Chitima \u2013 Moatize &#8211; Macuse","datePublished":"2017-08-31T08:38:57+00:00","mainEntityOfPage":{"@id":"https:\/\/www.cfm.co.mz\/2017\/08\/31\/inicia-em-2018-a-construcao-da-linha-ferrea-chitima-moatize-macuse\/"},"wordCount":607,"commentCount":0,"publisher":{"@id":"https:\/\/www.cfm.co.mz\/#organization"},"image":{"@id":"https:\/\/www.cfm.co.mz\/2017\/08\/31\/inicia-em-2018-a-construcao-da-linha-ferrea-chitima-moatize-macuse\/#primaryimage"},"thumbnailUrl":"https:\/\/www.cfm.co.mz\/wp-content\/uploads\/2017\/08\/Linha-Ferrea.jpg","articleSection":["Noticias"],"inLanguage":"en-US","potentialAction":[{"@type":"CommentAction","name":"Comment","target":["https:\/\/www.cfm.co.mz\/2017\/08\/31\/inicia-em-2018-a-construcao-da-linha-ferrea-chitima-moatize-macuse\/#respond"]}]},{"@type":"WebPage","@id":"https:\/\/www.cfm.co.mz\/2017\/08\/31\/inicia-em-2018-a-construcao-da-linha-ferrea-chitima-moatize-macuse\/","url":"https:\/\/www.cfm.co.mz\/2017\/08\/31\/inicia-em-2018-a-construcao-da-linha-ferrea-chitima-moatize-macuse\/","name":"Inicia em 2018 a constru\u00e7\u00e3o da Linha F\u00e9rrea Chitima \u2013 Moatize - Macuse - CFM - Caminhos De Ferros de Mo\u00e7ambique","isPartOf":{"@id":"https:\/\/www.cfm.co.mz\/#website"},"primaryImageOfPage":{"@id":"https:\/\/www.cfm.co.mz\/2017\/08\/31\/inicia-em-2018-a-construcao-da-linha-ferrea-chitima-moatize-macuse\/#primaryimage"},"image":{"@id":"https:\/\/www.cfm.co.mz\/2017\/08\/31\/inicia-em-2018-a-construcao-da-linha-ferrea-chitima-moatize-macuse\/#primaryimage"},"thumbnailUrl":"https:\/\/www.cfm.co.mz\/wp-content\/uploads\/2017\/08\/Linha-Ferrea.jpg","datePublished":"2017-08-31T08:38:57+00:00","breadcrumb":{"@id":"https:\/\/www.cfm.co.mz\/2017\/08\/31\/inicia-em-2018-a-construcao-da-linha-ferrea-chitima-moatize-macuse\/#breadcrumb"},"inLanguage":"en-US","potentialAction":[{"@type":"ReadAction","target":["https:\/\/www.cfm.co.mz\/2017\/08\/31\/inicia-em-2018-a-construcao-da-linha-ferrea-chitima-moatize-macuse\/"]}]},{"@type":"ImageObject","inLanguage":"en-US","@id":"https:\/\/www.cfm.co.mz\/2017\/08\/31\/inicia-em-2018-a-construcao-da-linha-ferrea-chitima-moatize-macuse\/#primaryimage","url":"https:\/\/www.cfm.co.mz\/wp-content\/uploads\/2017\/08\/Linha-Ferrea.jpg","contentUrl":"https:\/\/www.cfm.co.mz\/wp-content\/uploads\/2017\/08\/Linha-Ferrea.jpg","width":1800,"height":1200,"caption":"Linha F\u00e9rrea"},{"@type":"BreadcrumbList","@id":"https:\/\/www.cfm.co.mz\/2017\/08\/31\/inicia-em-2018-a-construcao-da-linha-ferrea-chitima-moatize-macuse\/#breadcrumb","itemListElement":[{"@type":"ListItem","position":1,"name":"Home","item":"https:\/\/www.cfm.co.mz\/"},{"@type":"ListItem","position":2,"name":"Inicia em 2018 a constru\u00e7\u00e3o da Linha F\u00e9rrea Chitima \u2013 Moatize &#8211; Macuse"}]},{"@type":"WebSite","@id":"https:\/\/www.cfm.co.mz\/#website","url":"https:\/\/www.cfm.co.mz\/","name":"CFM - Caminhos De Ferros de Mo\u00e7ambique","description":"Ampliando Horizontes","publisher":{"@id":"https:\/\/www.cfm.co.mz\/#organization"},"potentialAction":[{"@type":"SearchAction","target":{"@type":"EntryPoint","urlTemplate":"https:\/\/www.cfm.co.mz\/?s={search_term_string}"},"query-input":{"@type":"PropertyValueSpecification","valueRequired":true,"valueName":"search_term_string"}}],"inLanguage":"en-US"},{"@type":"Organization","@id":"https:\/\/www.cfm.co.mz\/#organization","name":"CFM - Caminhos De Ferros de Mo\u00e7ambique","url":"https:\/\/www.cfm.co.mz\/","logo":{"@type":"ImageObject","inLanguage":"en-US","@id":"https:\/\/www.cfm.co.mz\/#\/schema\/logo\/image\/","url":"https:\/\/www.cfm.co.mz\/wp-content\/uploads\/2025\/07\/be5f0679-4f5b-4d02-9719-a26ceed29162.jpg","contentUrl":"https:\/\/www.cfm.co.mz\/wp-content\/uploads\/2025\/07\/be5f0679-4f5b-4d02-9719-a26ceed29162.jpg","width":400,"height":65,"caption":"CFM - Caminhos De Ferros de Mo\u00e7ambique"},"image":{"@id":"https:\/\/www.cfm.co.mz\/#\/schema\/logo\/image\/"},"sameAs":["https:\/\/www.facebook.com\/CFMMoz","https:\/\/www.linkedin.com\/company\/caminhos-de-ferro-de-moambique\/"]},{"@type":"Person","@id":"https:\/\/www.cfm.co.mz\/#\/schema\/person\/1bb663f3c59dc61900f6f9b1c2b53552","name":"D\u00e9rcio Badru","image":{"@type":"ImageObject","inLanguage":"en-US","@id":"https:\/\/www.cfm.co.mz\/#\/schema\/person\/image\/","url":"https:\/\/www.cfm.co.mz\/wp-content\/litespeed\/avatar\/be89d6955942d7259ef76de4577d21b3.jpg?ver=1777454359","contentUrl":"https:\/\/www.cfm.co.mz\/wp-content\/litespeed\/avatar\/be89d6955942d7259ef76de4577d21b3.jpg?ver=1777454359","caption":"D\u00e9rcio Badru"},"url":"https:\/\/www.cfm.co.mz\/en\/author\/dercio\/"}]}},"_links":{"self":[{"href":"https:\/\/www.cfm.co.mz\/en\/wp-json\/wp\/v2\/posts\/8920","targetHints":{"allow":["GET"]}}],"collection":[{"href":"https:\/\/www.cfm.co.mz\/en\/wp-json\/wp\/v2\/posts"}],"about":[{"href":"https:\/\/www.cfm.co.mz\/en\/wp-json\/wp\/v2\/types\/post"}],"author":[{"embeddable":true,"href":"https:\/\/www.cfm.co.mz\/en\/wp-json\/wp\/v2\/users\/94"}],"replies":[{"embeddable":true,"href":"https:\/\/www.cfm.co.mz\/en\/wp-json\/wp\/v2\/comments?post=8920"}],"version-history":[{"count":0,"href":"https:\/\/www.cfm.co.mz\/en\/wp-json\/wp\/v2\/posts\/8920\/revisions"}],"wp:featuredmedia":[{"embeddable":true,"href":"https:\/\/www.cfm.co.mz\/en\/wp-json\/wp\/v2\/media\/8917"}],"wp:attachment":[{"href":"https:\/\/www.cfm.co.mz\/en\/wp-json\/wp\/v2\/media?parent=8920"}],"wp:term":[{"taxonomy":"category","embeddable":true,"href":"https:\/\/www.cfm.co.mz\/en\/wp-json\/wp\/v2\/categories?post=8920"},{"taxonomy":"post_tag","embeddable":true,"href":"https:\/\/www.cfm.co.mz\/en\/wp-json\/wp\/v2\/tags?post=8920"}],"curies":[{"name":"wp","href":"https:\/\/api.w.org\/{rel}","templated":true}]}}