{"id":8903,"date":"2017-07-24T09:24:30","date_gmt":"2017-07-24T09:24:30","guid":{"rendered":"https:\/\/www.cfm.co.mz\/2017\/07\/24\/122-anos-dos-cfm-celebrados-com-foco-na-seguranca-ferroviaria\/"},"modified":"2017-07-24T09:24:30","modified_gmt":"2017-07-24T09:24:30","slug":"122-anos-dos-cfm-celebrados-com-foco-na-seguranca-ferroviaria","status":"publish","type":"post","link":"https:\/\/www.cfm.co.mz\/en\/2017\/07\/24\/122-anos-dos-cfm-celebrados-com-foco-na-seguranca-ferroviaria\/","title":{"rendered":"122 Anos dos CFM celebrados com foco na Seguran\u00e7a Ferrovi\u00e1ria"},"content":{"rendered":"<p style=\"text-align: justify;\"><img decoding=\"async\" class=\"alignleft size-full wp-image-8898\" style=\"margin: 5px; float: left;\" src=\"http:\/\/www.cfm.co.mz\/wp-content\/uploads\/2017\/07\/Comboios-scaled.jpg\" alt=\"Comboios\" width=\"250\" height=\"167\" srcset=\"https:\/\/www.cfm.co.mz\/wp-content\/uploads\/2017\/07\/Comboios-scaled.jpg 2560w, https:\/\/www.cfm.co.mz\/wp-content\/uploads\/2017\/07\/Comboios-300x200.jpg 300w, https:\/\/www.cfm.co.mz\/wp-content\/uploads\/2017\/07\/Comboios-1024x683.jpg 1024w, https:\/\/www.cfm.co.mz\/wp-content\/uploads\/2017\/07\/Comboios-768x512.jpg 768w, https:\/\/www.cfm.co.mz\/wp-content\/uploads\/2017\/07\/Comboios-1536x1024.jpg 1536w, https:\/\/www.cfm.co.mz\/wp-content\/uploads\/2017\/07\/Comboios-2048x1365.jpg 2048w\" sizes=\"(max-width: 250px) 100vw, 250px\" \/>No \u00e2mbito das celebra\u00e7\u00f5es do 122\u00ba Anivers\u00e1rio dos CFM que se assinalou a 8 de Julho corrente, a empresa tem agendado diversas actividades de recrea\u00e7\u00e3o e educa\u00e7\u00e3o, com destaque para o lan\u00e7amento da <strong><em>Campanha de Sensibiliza\u00e7\u00e3o sobre a seguran\u00e7a ferrovi\u00e1ria e conserva\u00e7\u00e3o das infraestruturas ferrovi\u00e1rias.<\/em><\/strong><\/p>\n<p style=\"text-align: justify;\">A campanha, que ter\u00e1 lugar no dia 29 de Julho corrente, inclui, entre outras iniciativas, a realiza\u00e7\u00e3o de uma s\u00e9rie de palestras sobre as boas pr\u00e1ticas de Seguran\u00e7a Ferrovi\u00e1ria e Conserva\u00e7\u00e3o de Infraestruturas Ferrovi\u00e1rias, iniciar\u00e1 com uma caminha, seguida de actividades f\u00edsicas e conselhos sobre uma alimenta\u00e7\u00e3o saud\u00e1vel.<\/p>\n<p><!--more--><\/p>\n<p style=\"text-align: justify;\"><img decoding=\"async\" class=\"alignright size-full wp-image-8902\" style=\"margin: 5px; float: right;\" src=\"http:\/\/www.cfm.co.mz\/wp-content\/uploads\/2017\/07\/Passeio-scaled.jpg\" alt=\"Passeio\" width=\"250\" srcset=\"https:\/\/www.cfm.co.mz\/wp-content\/uploads\/2017\/07\/Passeio-scaled.jpg 2560w, https:\/\/www.cfm.co.mz\/wp-content\/uploads\/2017\/07\/Passeio-300x200.jpg 300w, https:\/\/www.cfm.co.mz\/wp-content\/uploads\/2017\/07\/Passeio-1024x683.jpg 1024w, https:\/\/www.cfm.co.mz\/wp-content\/uploads\/2017\/07\/Passeio-768x512.jpg 768w, https:\/\/www.cfm.co.mz\/wp-content\/uploads\/2017\/07\/Passeio-1536x1024.jpg 1536w, https:\/\/www.cfm.co.mz\/wp-content\/uploads\/2017\/07\/Passeio-2048x1365.jpg 2048w\" sizes=\"(max-width: 2560px) 100vw, 2560px\" \/>A caminhada que ir\u00e1 decorrer na baixa da Cidade de Maputo, particularmente nas avenidas 25 de Setembro, 10 de Novembro e Rua Gungunhane com in\u00edcio na Pra\u00e7a dos Trabalhadores, desaguando no Campo do Clube Ferrovi\u00e1rio, envolver\u00e1 os trabalhadores dos CFM como forma de os valorizar e motivar pelo seu empenho e o p\u00fablico, em geral, numa ac\u00e7\u00e3o de responsabilidade social corporativa, que se acredita que ter\u00e1 a sua r\u00e9plica aos demais cidad\u00e3os que residem ao longo das linhas f\u00e9rreas e n\u00e3o s\u00f3.<\/p>\n<p style=\"text-align: justify;\">No Campo do Clube Ferrovi\u00e1rio na baixa da cidade, para al\u00e9m de gin\u00e1stica Aer\u00f3bica, haver\u00e1 testes de Glic\u00e9mia, Hipertens\u00e3o, HIV, Educa\u00e7\u00e3o Alimentar, Aptid\u00e3o F\u00edsica e Aconselhamentos e Sa\u00fade Oral.<\/p>\n<p style=\"text-align: justify;\">Numa altura em que aumentam os investimentos no sector Ferro-Portu\u00e1rio com vista a responder a demanda de procura destes servi\u00e7os no transporte de pessoas e bens, os CFM debatem-se com a problem\u00e1tica de seguran\u00e7a, muitas vezes causada pelos passageiros e residentes ao longo das linhas f\u00e9rreas, o que coloca em causa graves riscos de vidas humanas e danifica\u00e7\u00e3o de infraestruturas e outros recursos materiais da empresa.<\/p>\n<p style=\"text-align: justify;\">\u00c9 neste sentido que os CFM lan\u00e7am diversas iniciativas de seguran\u00e7a Ferro-Portu\u00e1ria com vista a evitar acidentes e danifica\u00e7\u00e3o de recursos do sector Ferro Portu\u00e1rio.<\/p>","protected":false},"excerpt":{"rendered":"<p>No \u00e2mbito das celebra\u00e7\u00f5es do 122\u00ba Anivers\u00e1rio dos CFM que se assinalou a 8 de Julho corrente, a empresa tem agendado diversas actividades de recrea\u00e7\u00e3o e educa\u00e7\u00e3o, com destaque para o lan\u00e7amento da Campanha de Sensibiliza\u00e7\u00e3o sobre a seguran\u00e7a ferrovi\u00e1ria e conserva\u00e7\u00e3o das infraestruturas ferrovi\u00e1rias. A campanha, que ter\u00e1 lugar no dia 29 de Julho corrente, inclui, entre outras iniciativas, a realiza\u00e7\u00e3o de uma s\u00e9rie de palestras sobre as boas pr\u00e1ticas de Seguran\u00e7a Ferrovi\u00e1ria e Conserva\u00e7\u00e3o de Infraestruturas Ferrovi\u00e1rias, iniciar\u00e1 com uma caminha, seguida de actividades f\u00edsicas e conselhos sobre uma alimenta\u00e7\u00e3o saud\u00e1vel.<\/p>","protected":false},"author":94,"featured_media":8898,"comment_status":"open","ping_status":"open","sticky":false,"template":"","format":"standard","meta":{"_acf_changed":false,"pgc_sgb_lightbox_settings":"","footnotes":""},"categories":[680],"tags":[],"class_list":["post-8903","post","type-post","status-publish","format-standard","has-post-thumbnail","hentry","category-noticias"],"acf":[],"yoast_head":"<!-- This site is optimized with the Yoast SEO plugin v26.5 - https:\/\/yoast.com\/wordpress\/plugins\/seo\/ -->\n<title>122 Anos dos CFM celebrados com foco na Seguran\u00e7a Ferrovi\u00e1ria - CFM - Caminhos De Ferros de Mo\u00e7ambique<\/title>\n<meta name=\"robots\" content=\"index, follow, max-snippet:-1, max-image-preview:large, max-video-preview:-1\" \/>\n<link rel=\"canonical\" href=\"https:\/\/www.cfm.co.mz\/en\/2017\/07\/24\/122-anos-dos-cfm-celebrados-com-foco-na-seguranca-ferroviaria\/\" \/>\n<meta property=\"og:locale\" content=\"en_US\" \/>\n<meta property=\"og:type\" content=\"article\" \/>\n<meta property=\"og:title\" content=\"122 Anos dos CFM celebrados com foco na Seguran\u00e7a Ferrovi\u00e1ria - CFM - Caminhos De Ferros de Mo\u00e7ambique\" \/>\n<meta property=\"og:description\" content=\"No \u00e2mbito das celebra\u00e7\u00f5es do 122\u00ba Anivers\u00e1rio dos CFM que se assinalou a 8 de Julho corrente, a empresa tem agendado diversas actividades de recrea\u00e7\u00e3o e educa\u00e7\u00e3o, com destaque para o lan\u00e7amento da Campanha de Sensibiliza\u00e7\u00e3o sobre a seguran\u00e7a ferrovi\u00e1ria e conserva\u00e7\u00e3o das infraestruturas ferrovi\u00e1rias. A campanha, que ter\u00e1 lugar no dia 29 de Julho corrente, inclui, entre outras iniciativas, a realiza\u00e7\u00e3o de uma s\u00e9rie de palestras sobre as boas pr\u00e1ticas de Seguran\u00e7a Ferrovi\u00e1ria e Conserva\u00e7\u00e3o de Infraestruturas Ferrovi\u00e1rias, iniciar\u00e1 com uma caminha, seguida de actividades f\u00edsicas e conselhos sobre uma alimenta\u00e7\u00e3o saud\u00e1vel.\" \/>\n<meta property=\"og:url\" content=\"https:\/\/www.cfm.co.mz\/en\/2017\/07\/24\/122-anos-dos-cfm-celebrados-com-foco-na-seguranca-ferroviaria\/\" \/>\n<meta property=\"og:site_name\" content=\"CFM - Caminhos De Ferros de Mo\u00e7ambique\" \/>\n<meta property=\"article:publisher\" content=\"https:\/\/www.facebook.com\/CFMMoz\" \/>\n<meta property=\"article:published_time\" content=\"2017-07-24T09:24:30+00:00\" \/>\n<meta property=\"og:image\" content=\"https:\/\/www.cfm.co.mz\/wp-content\/uploads\/2017\/07\/Comboios-scaled.jpg\" \/>\n\t<meta property=\"og:image:width\" content=\"2560\" \/>\n\t<meta property=\"og:image:height\" content=\"1707\" \/>\n\t<meta property=\"og:image:type\" content=\"image\/jpeg\" \/>\n<meta name=\"author\" content=\"D\u00e9rcio Badru\" \/>\n<meta name=\"twitter:card\" content=\"summary_large_image\" \/>\n<meta name=\"twitter:label1\" content=\"Written by\" \/>\n\t<meta name=\"twitter:data1\" content=\"D\u00e9rcio Badru\" \/>\n\t<meta name=\"twitter:label2\" content=\"Est. reading time\" \/>\n\t<meta name=\"twitter:data2\" content=\"2 minutes\" \/>\n<script type=\"application\/ld+json\" class=\"yoast-schema-graph\">{\"@context\":\"https:\/\/schema.org\",\"@graph\":[{\"@type\":\"Article\",\"@id\":\"https:\/\/www.cfm.co.mz\/2017\/07\/24\/122-anos-dos-cfm-celebrados-com-foco-na-seguranca-ferroviaria\/#article\",\"isPartOf\":{\"@id\":\"https:\/\/www.cfm.co.mz\/2017\/07\/24\/122-anos-dos-cfm-celebrados-com-foco-na-seguranca-ferroviaria\/\"},\"author\":{\"name\":\"D\u00e9rcio Badru\",\"@id\":\"https:\/\/www.cfm.co.mz\/#\/schema\/person\/1bb663f3c59dc61900f6f9b1c2b53552\"},\"headline\":\"122 Anos dos CFM celebrados com foco na Seguran\u00e7a Ferrovi\u00e1ria\",\"datePublished\":\"2017-07-24T09:24:30+00:00\",\"mainEntityOfPage\":{\"@id\":\"https:\/\/www.cfm.co.mz\/2017\/07\/24\/122-anos-dos-cfm-celebrados-com-foco-na-seguranca-ferroviaria\/\"},\"wordCount\":350,\"commentCount\":0,\"publisher\":{\"@id\":\"https:\/\/www.cfm.co.mz\/#organization\"},\"image\":{\"@id\":\"https:\/\/www.cfm.co.mz\/2017\/07\/24\/122-anos-dos-cfm-celebrados-com-foco-na-seguranca-ferroviaria\/#primaryimage\"},\"thumbnailUrl\":\"https:\/\/www.cfm.co.mz\/wp-content\/uploads\/2017\/07\/Comboios-scaled.jpg\",\"articleSection\":[\"Noticias\"],\"inLanguage\":\"en-US\",\"potentialAction\":[{\"@type\":\"CommentAction\",\"name\":\"Comment\",\"target\":[\"https:\/\/www.cfm.co.mz\/2017\/07\/24\/122-anos-dos-cfm-celebrados-com-foco-na-seguranca-ferroviaria\/#respond\"]}]},{\"@type\":\"WebPage\",\"@id\":\"https:\/\/www.cfm.co.mz\/2017\/07\/24\/122-anos-dos-cfm-celebrados-com-foco-na-seguranca-ferroviaria\/\",\"url\":\"https:\/\/www.cfm.co.mz\/2017\/07\/24\/122-anos-dos-cfm-celebrados-com-foco-na-seguranca-ferroviaria\/\",\"name\":\"122 Anos dos CFM celebrados com foco na Seguran\u00e7a Ferrovi\u00e1ria - CFM - Caminhos De Ferros de Mo\u00e7ambique\",\"isPartOf\":{\"@id\":\"https:\/\/www.cfm.co.mz\/#website\"},\"primaryImageOfPage\":{\"@id\":\"https:\/\/www.cfm.co.mz\/2017\/07\/24\/122-anos-dos-cfm-celebrados-com-foco-na-seguranca-ferroviaria\/#primaryimage\"},\"image\":{\"@id\":\"https:\/\/www.cfm.co.mz\/2017\/07\/24\/122-anos-dos-cfm-celebrados-com-foco-na-seguranca-ferroviaria\/#primaryimage\"},\"thumbnailUrl\":\"https:\/\/www.cfm.co.mz\/wp-content\/uploads\/2017\/07\/Comboios-scaled.jpg\",\"datePublished\":\"2017-07-24T09:24:30+00:00\",\"breadcrumb\":{\"@id\":\"https:\/\/www.cfm.co.mz\/2017\/07\/24\/122-anos-dos-cfm-celebrados-com-foco-na-seguranca-ferroviaria\/#breadcrumb\"},\"inLanguage\":\"en-US\",\"potentialAction\":[{\"@type\":\"ReadAction\",\"target\":[\"https:\/\/www.cfm.co.mz\/2017\/07\/24\/122-anos-dos-cfm-celebrados-com-foco-na-seguranca-ferroviaria\/\"]}]},{\"@type\":\"ImageObject\",\"inLanguage\":\"en-US\",\"@id\":\"https:\/\/www.cfm.co.mz\/2017\/07\/24\/122-anos-dos-cfm-celebrados-com-foco-na-seguranca-ferroviaria\/#primaryimage\",\"url\":\"https:\/\/www.cfm.co.mz\/wp-content\/uploads\/2017\/07\/Comboios-scaled.jpg\",\"contentUrl\":\"https:\/\/www.cfm.co.mz\/wp-content\/uploads\/2017\/07\/Comboios-scaled.jpg\",\"width\":2560,\"height\":1707,\"caption\":\"Comboios\"},{\"@type\":\"BreadcrumbList\",\"@id\":\"https:\/\/www.cfm.co.mz\/2017\/07\/24\/122-anos-dos-cfm-celebrados-com-foco-na-seguranca-ferroviaria\/#breadcrumb\",\"itemListElement\":[{\"@type\":\"ListItem\",\"position\":1,\"name\":\"Home\",\"item\":\"https:\/\/www.cfm.co.mz\/\"},{\"@type\":\"ListItem\",\"position\":2,\"name\":\"122 Anos dos CFM celebrados com foco na Seguran\u00e7a Ferrovi\u00e1ria\"}]},{\"@type\":\"WebSite\",\"@id\":\"https:\/\/www.cfm.co.mz\/#website\",\"url\":\"https:\/\/www.cfm.co.mz\/\",\"name\":\"CFM - Caminhos De Ferros de Mo\u00e7ambique\",\"description\":\"Ampliando Horizontes\",\"publisher\":{\"@id\":\"https:\/\/www.cfm.co.mz\/#organization\"},\"potentialAction\":[{\"@type\":\"SearchAction\",\"target\":{\"@type\":\"EntryPoint\",\"urlTemplate\":\"https:\/\/www.cfm.co.mz\/?s={search_term_string}\"},\"query-input\":{\"@type\":\"PropertyValueSpecification\",\"valueRequired\":true,\"valueName\":\"search_term_string\"}}],\"inLanguage\":\"en-US\"},{\"@type\":\"Organization\",\"@id\":\"https:\/\/www.cfm.co.mz\/#organization\",\"name\":\"CFM - Caminhos De Ferros de Mo\u00e7ambique\",\"url\":\"https:\/\/www.cfm.co.mz\/\",\"logo\":{\"@type\":\"ImageObject\",\"inLanguage\":\"en-US\",\"@id\":\"https:\/\/www.cfm.co.mz\/#\/schema\/logo\/image\/\",\"url\":\"https:\/\/www.cfm.co.mz\/wp-content\/uploads\/2025\/07\/be5f0679-4f5b-4d02-9719-a26ceed29162.jpg\",\"contentUrl\":\"https:\/\/www.cfm.co.mz\/wp-content\/uploads\/2025\/07\/be5f0679-4f5b-4d02-9719-a26ceed29162.jpg\",\"width\":400,\"height\":65,\"caption\":\"CFM - Caminhos De Ferros de Mo\u00e7ambique\"},\"image\":{\"@id\":\"https:\/\/www.cfm.co.mz\/#\/schema\/logo\/image\/\"},\"sameAs\":[\"https:\/\/www.facebook.com\/CFMMoz\",\"https:\/\/www.linkedin.com\/company\/caminhos-de-ferro-de-moambique\/\"]},{\"@type\":\"Person\",\"@id\":\"https:\/\/www.cfm.co.mz\/#\/schema\/person\/1bb663f3c59dc61900f6f9b1c2b53552\",\"name\":\"D\u00e9rcio Badru\",\"image\":{\"@type\":\"ImageObject\",\"inLanguage\":\"en-US\",\"@id\":\"https:\/\/www.cfm.co.mz\/#\/schema\/person\/image\/\",\"url\":\"https:\/\/www.cfm.co.mz\/wp-content\/litespeed\/avatar\/be89d6955942d7259ef76de4577d21b3.jpg?ver=1777454359\",\"contentUrl\":\"https:\/\/www.cfm.co.mz\/wp-content\/litespeed\/avatar\/be89d6955942d7259ef76de4577d21b3.jpg?ver=1777454359\",\"caption\":\"D\u00e9rcio Badru\"},\"url\":\"https:\/\/www.cfm.co.mz\/en\/author\/dercio\/\"}]}<\/script>\n<!-- \/ Yoast SEO plugin. -->","yoast_head_json":{"title":"122 Anos dos CFM celebrados com foco na Seguran\u00e7a Ferrovi\u00e1ria - CFM - Caminhos De Ferros de Mo\u00e7ambique","robots":{"index":"index","follow":"follow","max-snippet":"max-snippet:-1","max-image-preview":"max-image-preview:large","max-video-preview":"max-video-preview:-1"},"canonical":"https:\/\/www.cfm.co.mz\/en\/2017\/07\/24\/122-anos-dos-cfm-celebrados-com-foco-na-seguranca-ferroviaria\/","og_locale":"en_US","og_type":"article","og_title":"122 Anos dos CFM celebrados com foco na Seguran\u00e7a Ferrovi\u00e1ria - CFM - Caminhos De Ferros de Mo\u00e7ambique","og_description":"No \u00e2mbito das celebra\u00e7\u00f5es do 122\u00ba Anivers\u00e1rio dos CFM que se assinalou a 8 de Julho corrente, a empresa tem agendado diversas actividades de recrea\u00e7\u00e3o e educa\u00e7\u00e3o, com destaque para o lan\u00e7amento da Campanha de Sensibiliza\u00e7\u00e3o sobre a seguran\u00e7a ferrovi\u00e1ria e conserva\u00e7\u00e3o das infraestruturas ferrovi\u00e1rias. A campanha, que ter\u00e1 lugar no dia 29 de Julho corrente, inclui, entre outras iniciativas, a realiza\u00e7\u00e3o de uma s\u00e9rie de palestras sobre as boas pr\u00e1ticas de Seguran\u00e7a Ferrovi\u00e1ria e Conserva\u00e7\u00e3o de Infraestruturas Ferrovi\u00e1rias, iniciar\u00e1 com uma caminha, seguida de actividades f\u00edsicas e conselhos sobre uma alimenta\u00e7\u00e3o saud\u00e1vel.","og_url":"https:\/\/www.cfm.co.mz\/en\/2017\/07\/24\/122-anos-dos-cfm-celebrados-com-foco-na-seguranca-ferroviaria\/","og_site_name":"CFM - Caminhos De Ferros de Mo\u00e7ambique","article_publisher":"https:\/\/www.facebook.com\/CFMMoz","article_published_time":"2017-07-24T09:24:30+00:00","og_image":[{"width":2560,"height":1707,"url":"https:\/\/www.cfm.co.mz\/wp-content\/uploads\/2017\/07\/Comboios-scaled.jpg","type":"image\/jpeg"}],"author":"D\u00e9rcio Badru","twitter_card":"summary_large_image","twitter_misc":{"Written by":"D\u00e9rcio Badru","Est. reading time":"2 minutes"},"schema":{"@context":"https:\/\/schema.org","@graph":[{"@type":"Article","@id":"https:\/\/www.cfm.co.mz\/2017\/07\/24\/122-anos-dos-cfm-celebrados-com-foco-na-seguranca-ferroviaria\/#article","isPartOf":{"@id":"https:\/\/www.cfm.co.mz\/2017\/07\/24\/122-anos-dos-cfm-celebrados-com-foco-na-seguranca-ferroviaria\/"},"author":{"name":"D\u00e9rcio Badru","@id":"https:\/\/www.cfm.co.mz\/#\/schema\/person\/1bb663f3c59dc61900f6f9b1c2b53552"},"headline":"122 Anos dos CFM celebrados com foco na Seguran\u00e7a Ferrovi\u00e1ria","datePublished":"2017-07-24T09:24:30+00:00","mainEntityOfPage":{"@id":"https:\/\/www.cfm.co.mz\/2017\/07\/24\/122-anos-dos-cfm-celebrados-com-foco-na-seguranca-ferroviaria\/"},"wordCount":350,"commentCount":0,"publisher":{"@id":"https:\/\/www.cfm.co.mz\/#organization"},"image":{"@id":"https:\/\/www.cfm.co.mz\/2017\/07\/24\/122-anos-dos-cfm-celebrados-com-foco-na-seguranca-ferroviaria\/#primaryimage"},"thumbnailUrl":"https:\/\/www.cfm.co.mz\/wp-content\/uploads\/2017\/07\/Comboios-scaled.jpg","articleSection":["Noticias"],"inLanguage":"en-US","potentialAction":[{"@type":"CommentAction","name":"Comment","target":["https:\/\/www.cfm.co.mz\/2017\/07\/24\/122-anos-dos-cfm-celebrados-com-foco-na-seguranca-ferroviaria\/#respond"]}]},{"@type":"WebPage","@id":"https:\/\/www.cfm.co.mz\/2017\/07\/24\/122-anos-dos-cfm-celebrados-com-foco-na-seguranca-ferroviaria\/","url":"https:\/\/www.cfm.co.mz\/2017\/07\/24\/122-anos-dos-cfm-celebrados-com-foco-na-seguranca-ferroviaria\/","name":"122 Anos dos CFM celebrados com foco na Seguran\u00e7a Ferrovi\u00e1ria - CFM - Caminhos De Ferros de Mo\u00e7ambique","isPartOf":{"@id":"https:\/\/www.cfm.co.mz\/#website"},"primaryImageOfPage":{"@id":"https:\/\/www.cfm.co.mz\/2017\/07\/24\/122-anos-dos-cfm-celebrados-com-foco-na-seguranca-ferroviaria\/#primaryimage"},"image":{"@id":"https:\/\/www.cfm.co.mz\/2017\/07\/24\/122-anos-dos-cfm-celebrados-com-foco-na-seguranca-ferroviaria\/#primaryimage"},"thumbnailUrl":"https:\/\/www.cfm.co.mz\/wp-content\/uploads\/2017\/07\/Comboios-scaled.jpg","datePublished":"2017-07-24T09:24:30+00:00","breadcrumb":{"@id":"https:\/\/www.cfm.co.mz\/2017\/07\/24\/122-anos-dos-cfm-celebrados-com-foco-na-seguranca-ferroviaria\/#breadcrumb"},"inLanguage":"en-US","potentialAction":[{"@type":"ReadAction","target":["https:\/\/www.cfm.co.mz\/2017\/07\/24\/122-anos-dos-cfm-celebrados-com-foco-na-seguranca-ferroviaria\/"]}]},{"@type":"ImageObject","inLanguage":"en-US","@id":"https:\/\/www.cfm.co.mz\/2017\/07\/24\/122-anos-dos-cfm-celebrados-com-foco-na-seguranca-ferroviaria\/#primaryimage","url":"https:\/\/www.cfm.co.mz\/wp-content\/uploads\/2017\/07\/Comboios-scaled.jpg","contentUrl":"https:\/\/www.cfm.co.mz\/wp-content\/uploads\/2017\/07\/Comboios-scaled.jpg","width":2560,"height":1707,"caption":"Comboios"},{"@type":"BreadcrumbList","@id":"https:\/\/www.cfm.co.mz\/2017\/07\/24\/122-anos-dos-cfm-celebrados-com-foco-na-seguranca-ferroviaria\/#breadcrumb","itemListElement":[{"@type":"ListItem","position":1,"name":"Home","item":"https:\/\/www.cfm.co.mz\/"},{"@type":"ListItem","position":2,"name":"122 Anos dos CFM celebrados com foco na Seguran\u00e7a Ferrovi\u00e1ria"}]},{"@type":"WebSite","@id":"https:\/\/www.cfm.co.mz\/#website","url":"https:\/\/www.cfm.co.mz\/","name":"CFM - Caminhos De Ferros de Mo\u00e7ambique","description":"Ampliando Horizontes","publisher":{"@id":"https:\/\/www.cfm.co.mz\/#organization"},"potentialAction":[{"@type":"SearchAction","target":{"@type":"EntryPoint","urlTemplate":"https:\/\/www.cfm.co.mz\/?s={search_term_string}"},"query-input":{"@type":"PropertyValueSpecification","valueRequired":true,"valueName":"search_term_string"}}],"inLanguage":"en-US"},{"@type":"Organization","@id":"https:\/\/www.cfm.co.mz\/#organization","name":"CFM - Caminhos De Ferros de Mo\u00e7ambique","url":"https:\/\/www.cfm.co.mz\/","logo":{"@type":"ImageObject","inLanguage":"en-US","@id":"https:\/\/www.cfm.co.mz\/#\/schema\/logo\/image\/","url":"https:\/\/www.cfm.co.mz\/wp-content\/uploads\/2025\/07\/be5f0679-4f5b-4d02-9719-a26ceed29162.jpg","contentUrl":"https:\/\/www.cfm.co.mz\/wp-content\/uploads\/2025\/07\/be5f0679-4f5b-4d02-9719-a26ceed29162.jpg","width":400,"height":65,"caption":"CFM - Caminhos De Ferros de Mo\u00e7ambique"},"image":{"@id":"https:\/\/www.cfm.co.mz\/#\/schema\/logo\/image\/"},"sameAs":["https:\/\/www.facebook.com\/CFMMoz","https:\/\/www.linkedin.com\/company\/caminhos-de-ferro-de-moambique\/"]},{"@type":"Person","@id":"https:\/\/www.cfm.co.mz\/#\/schema\/person\/1bb663f3c59dc61900f6f9b1c2b53552","name":"D\u00e9rcio Badru","image":{"@type":"ImageObject","inLanguage":"en-US","@id":"https:\/\/www.cfm.co.mz\/#\/schema\/person\/image\/","url":"https:\/\/www.cfm.co.mz\/wp-content\/litespeed\/avatar\/be89d6955942d7259ef76de4577d21b3.jpg?ver=1777454359","contentUrl":"https:\/\/www.cfm.co.mz\/wp-content\/litespeed\/avatar\/be89d6955942d7259ef76de4577d21b3.jpg?ver=1777454359","caption":"D\u00e9rcio Badru"},"url":"https:\/\/www.cfm.co.mz\/en\/author\/dercio\/"}]}},"_links":{"self":[{"href":"https:\/\/www.cfm.co.mz\/en\/wp-json\/wp\/v2\/posts\/8903","targetHints":{"allow":["GET"]}}],"collection":[{"href":"https:\/\/www.cfm.co.mz\/en\/wp-json\/wp\/v2\/posts"}],"about":[{"href":"https:\/\/www.cfm.co.mz\/en\/wp-json\/wp\/v2\/types\/post"}],"author":[{"embeddable":true,"href":"https:\/\/www.cfm.co.mz\/en\/wp-json\/wp\/v2\/users\/94"}],"replies":[{"embeddable":true,"href":"https:\/\/www.cfm.co.mz\/en\/wp-json\/wp\/v2\/comments?post=8903"}],"version-history":[{"count":0,"href":"https:\/\/www.cfm.co.mz\/en\/wp-json\/wp\/v2\/posts\/8903\/revisions"}],"wp:featuredmedia":[{"embeddable":true,"href":"https:\/\/www.cfm.co.mz\/en\/wp-json\/wp\/v2\/media\/8898"}],"wp:attachment":[{"href":"https:\/\/www.cfm.co.mz\/en\/wp-json\/wp\/v2\/media?parent=8903"}],"wp:term":[{"taxonomy":"category","embeddable":true,"href":"https:\/\/www.cfm.co.mz\/en\/wp-json\/wp\/v2\/categories?post=8903"},{"taxonomy":"post_tag","embeddable":true,"href":"https:\/\/www.cfm.co.mz\/en\/wp-json\/wp\/v2\/tags?post=8903"}],"curies":[{"name":"wp","href":"https:\/\/api.w.org\/{rel}","templated":true}]}}