{"id":8893,"date":"2017-06-30T14:03:06","date_gmt":"2017-06-30T14:03:06","guid":{"rendered":"https:\/\/www.cfm.co.mz\/2017\/06\/30\/cfm-animado-pelo-envolvimento-e-alegria-das-criancas-no-seu-mes-de-junho\/"},"modified":"2017-06-30T14:03:06","modified_gmt":"2017-06-30T14:03:06","slug":"cfm-animado-pelo-envolvimento-e-alegria-das-criancas-no-seu-mes-de-junho","status":"publish","type":"post","link":"https:\/\/www.cfm.co.mz\/en\/2017\/06\/30\/cfm-animado-pelo-envolvimento-e-alegria-das-criancas-no-seu-mes-de-junho\/","title":{"rendered":"CFM animado pelo envolvimento e alegria das crian\u00e7as no seu m\u00eas de Junho"},"content":{"rendered":"<p style=\"text-align: justify;\"><a class=\"jcepopup icon-bottom-right\" type=\"image\" href=\"http:\/\/www.cfm.co.mz\/wp-content\/uploads\/2017\/06\/Passeio_24_Junho_PCA_1.jpg\" target=\"_blank\" data-mediabox=\"width[800];height[600]\" rel=\"noopener\"><img decoding=\"async\" style=\"margin: 5px; float: left;\" src=\"http:\/\/www.cfm.co.mz\/wp-content\/uploads\/2017\/06\/Passeio_24_Junho_PCA_1.jpg\" alt=\"Passeio 24 Junho PCA 1\" width=\"250\" \/><\/a>O Presidente do Conselho de Administra\u00e7\u00e3o (PCA) da empresa Portos e Caminhos de Ferro de Mo\u00e7ambique (CFM), Eng. Miguel Matabel manifestou a sua satisfa\u00e7\u00e3o pelo grau de envolvimento, alegria e entusiamo manifestados pelas crian\u00e7as dos trabalhadores dos CFM durante as actividades que decorreram em celebra\u00e7\u00e3o do m\u00eas da crian\u00e7a que se assinalou em Junho.<\/p>\n<p><!--more--><\/p>\n<p style=\"text-align: justify;\">Falando \u00e0 imprensa durante o passeio de comboio com as crian\u00e7as, o Eng. Miguel Matabel disse que a alegria das crian\u00e7as nos comboios dava sinal que j\u00e1 se sentem ferrovi\u00e1rias e at\u00e9 deram promessas de quererem trabalhar na empresa quando forem maiores de idade.<\/p>\n<p style=\"text-align: justify;\"><a class=\"jcepopup icon-bottom-right\" type=\"image\" href=\"http:\/\/www.cfm.co.mz\/wp-content\/uploads\/2017\/06\/Passeio_24_Junho_PCA_Entrevista.jpg\" target=\"_blank\" data-mediabox=\"width[800];height[600]\" rel=\"noopener\"><img decoding=\"async\" style=\"margin: 5px; float: right;\" src=\"http:\/\/www.cfm.co.mz\/wp-content\/uploads\/2017\/06\/Passeio_24_Junho_PCA_Entrevista.jpg\" alt=\"Passeio 24 Junho PCA Entrevista\" width=\"250\" \/><\/a>\u201c<strong><em>A nossa maior alegria \u00e9 ver as crian\u00e7as satisfeitas e isto \u00e9 bom para n\u00f3s ferrovi\u00e1rios, as crian\u00e7as conhecerem o nosso dia-a-dia. A isto chamamos liga\u00e7\u00e3o entre pais\/m\u00e3es e filhos na fam\u00edlia atrav\u00e9s da profiss\u00e3o e \u00e9 o que pretendemos demonstrar aqui nos CFM\u201d, disse o Eng. Matabel tendo acrescentado que que \u201cnisto, mais do que induzir as crian\u00e7as para a educa\u00e7\u00e3o orientada \u00e0 voca\u00e7\u00e3o profissional, desenvolvemos tamb\u00e9m a consci\u00eancia delas para a compreens\u00e3o do significado de trabalho que promove o desenvolvimento e o bem-estar da pessoa<\/em><\/strong>\u201d.<\/p>\n<p style=\"text-align: justify;\">Durante o m\u00eas de Junho, a empresa CFM realizou diversas actividades cujo momento mais alto foi no dia 24 de Junho de 2017 em decorreu um passeio de comboio de ida e volta, da Esta\u00e7\u00e3o Central na Cidade de Maputo at\u00e9 Matola Gare, na Prov\u00edncia de Maputo, com os filhos dos trabalhadores da empresa e atribui\u00e7\u00e3o de pr\u00e9mios aos vencedores do concurso infantil que decorreu \u00e0 escala nacional e teve como lema <strong>\u201cEu gosto da profiss\u00e3o do meu pai\/m\u00e3e\u201d<\/strong>.<\/p>\n<p style=\"text-align: justify;\">Durante o passeio, que durou cerca de 2 horas, mais de 100 petizes, distribu\u00eddos em cerca de 15 carruagens devidamente acondicionados para o momento, tiveram diversas actividades de anima\u00e7\u00e3o com palha\u00e7os, m\u00fasica alegre, lanche e tiveram a oportunidade de manter um contacto directo com o PCA dos CFM, Eng. Miguiel Matabel.<\/p>\n<p style=\"text-align: justify;\"><a class=\"jcepopup icon-bottom-right\" type=\"image\" href=\"\" target=\"_blank\" data-mediabox=\"width[800];height[600]\" rel=\"noopener\"><img decoding=\"async\" style=\"margin: 5px; float: left;\" src=\"\" alt=\"Passeio 24 Junho PCA 3\" width=\"250\" height=\"167\" \/><\/a>Nos contactos directos efectuados com as crian\u00e7as, quer na Esta\u00e7\u00e3o Central, assim como em cada uma das carruagens em movimento, o Eng. Matabel brincou com os petizes recordando os seus deveres e direitos e endere\u00e7ou mensagens de carinho e esperan\u00e7a que o pa\u00eds, em geral, e os CFM em particular, depositam para com elas, como continuadores das diferentes profiss\u00f5es que asseguram o desenvolvimento econ\u00f3mico almejado.<\/p>\n<p style=\"text-align: justify;\">Anima\u00e7\u00e3o da cerim\u00f3nia de entrega dos pr\u00e9mios aos vencedores do concurso \u201cEu gosto da profiss\u00e3o do meu pai\/m\u00e3e\u201d foi feita pelo m\u00fasico Roberto Isa\u00edas e sua banda, cujos pr\u00e9mios foram para, primeiro lugar Jaheim de Michel Bruno Sengulane, filho da funcion\u00e1ria da Direc\u00e7\u00e3o dos Recursos Humanos, T\u00e2nia Sengulane, segundo lugar Isabel Miguel, filha do Miguel Jamice do CFM &#8211; Norte, Pemba, e terceiro lugar Wondylle Manuel filho da S\u00f3nia Rosa L. Manuel da Assessoria Jur\u00eddica do Conselho de Administra\u00e7\u00e3o. Aos vencedores coube, para al\u00e9m de quists contendo diversos livros e material escolar, um computador port\u00e1til para o primeiro, uma bicicleta para o segundo e uma mochila para o terceiro vencedores e todos concorrentes tiveram um pr\u00e9mio de participa\u00e7\u00e3o.<\/p>\n<p style=\"text-align: justify;\">A iniciativa que abrangeu crian\u00e7as com idade compreendida entre os 7 e 12 anos filhos de funcion\u00e1rios dos CFM em todo o pa\u00eds, pretendeu motivar e valorizar as profiss\u00f5es do trabalhador ferro-portu\u00e1rio, bem como despertar voca\u00e7\u00f5es profissionais das crian\u00e7as de tenra idade no campo ferro-portu\u00e1rio. Constituiu ainda, um acto de cidadania e de promo\u00e7\u00e3o de auto-estima nas crian\u00e7as e nos adultos pelo que fazem para o desenvolvimento do seu pa\u00eds.<\/p>\n<p style=\"text-align: justify;\">O concurso decorreu durante o m\u00eas de Maio e consistiu em Desenho\/Pintura ou Escrita (poesia) versando temas ferro-portu\u00e1rias e estava destinado aos filhos e netos dos trabalhadores dos CFM, um acto que se entendeu tamb\u00e9m como homenagem aos trabalhadores por ocasi\u00e3o do Dia Internacional dos Trabalhadores.<\/p>","protected":false},"excerpt":{"rendered":"<p>O Presidente do Conselho de Administra\u00e7\u00e3o (PCA) da empresa Portos e Caminhos de Ferro de Mo\u00e7ambique (CFM), Eng. Miguel Matabel manifestou a sua satisfa\u00e7\u00e3o pelo grau de envolvimento, alegria e entusiamo manifestados pelas crian\u00e7as dos trabalhadores dos CFM durante as actividades que decorreram em celebra\u00e7\u00e3o do m\u00eas da crian\u00e7a que se assinalou em Junho.<\/p>","protected":false},"author":94,"featured_media":8890,"comment_status":"open","ping_status":"open","sticky":false,"template":"","format":"standard","meta":{"_acf_changed":false,"pgc_sgb_lightbox_settings":"","footnotes":""},"categories":[680],"tags":[],"class_list":["post-8893","post","type-post","status-publish","format-standard","has-post-thumbnail","hentry","category-noticias"],"acf":[],"yoast_head":"<!-- This site is optimized with the Yoast SEO plugin v26.5 - https:\/\/yoast.com\/wordpress\/plugins\/seo\/ -->\n<title>CFM animado pelo envolvimento e alegria das crian\u00e7as no seu m\u00eas de Junho - CFM - Caminhos De Ferros de Mo\u00e7ambique<\/title>\n<meta name=\"robots\" content=\"index, follow, max-snippet:-1, max-image-preview:large, max-video-preview:-1\" \/>\n<link rel=\"canonical\" href=\"https:\/\/www.cfm.co.mz\/en\/2017\/06\/30\/cfm-animado-pelo-envolvimento-e-alegria-das-criancas-no-seu-mes-de-junho\/\" \/>\n<meta property=\"og:locale\" content=\"en_US\" \/>\n<meta property=\"og:type\" content=\"article\" \/>\n<meta property=\"og:title\" content=\"CFM animado pelo envolvimento e alegria das crian\u00e7as no seu m\u00eas de Junho - CFM - Caminhos De Ferros de Mo\u00e7ambique\" \/>\n<meta property=\"og:description\" content=\"O Presidente do Conselho de Administra\u00e7\u00e3o (PCA) da empresa Portos e Caminhos de Ferro de Mo\u00e7ambique (CFM), Eng. Miguel Matabel manifestou a sua satisfa\u00e7\u00e3o pelo grau de envolvimento, alegria e entusiamo manifestados pelas crian\u00e7as dos trabalhadores dos CFM durante as actividades que decorreram em celebra\u00e7\u00e3o do m\u00eas da crian\u00e7a que se assinalou em Junho.\" \/>\n<meta property=\"og:url\" content=\"https:\/\/www.cfm.co.mz\/en\/2017\/06\/30\/cfm-animado-pelo-envolvimento-e-alegria-das-criancas-no-seu-mes-de-junho\/\" \/>\n<meta property=\"og:site_name\" content=\"CFM - Caminhos De Ferros de Mo\u00e7ambique\" \/>\n<meta property=\"article:publisher\" content=\"https:\/\/www.facebook.com\/CFMMoz\" \/>\n<meta property=\"article:published_time\" content=\"2017-06-30T14:03:06+00:00\" \/>\n<meta property=\"og:image\" content=\"https:\/\/www.cfm.co.mz\/wp-content\/uploads\/2017\/06\/Passeio_24_Junho_PCA_1.jpg\" \/>\n\t<meta property=\"og:image:width\" content=\"1800\" \/>\n\t<meta property=\"og:image:height\" content=\"1200\" \/>\n\t<meta property=\"og:image:type\" content=\"image\/jpeg\" \/>\n<meta name=\"author\" content=\"D\u00e9rcio Badru\" \/>\n<meta name=\"twitter:card\" content=\"summary_large_image\" \/>\n<meta name=\"twitter:label1\" content=\"Written by\" \/>\n\t<meta name=\"twitter:data1\" content=\"D\u00e9rcio Badru\" \/>\n\t<meta name=\"twitter:label2\" content=\"Est. reading time\" \/>\n\t<meta name=\"twitter:data2\" content=\"3 minutes\" \/>\n<script type=\"application\/ld+json\" class=\"yoast-schema-graph\">{\"@context\":\"https:\/\/schema.org\",\"@graph\":[{\"@type\":\"Article\",\"@id\":\"https:\/\/www.cfm.co.mz\/2017\/06\/30\/cfm-animado-pelo-envolvimento-e-alegria-das-criancas-no-seu-mes-de-junho\/#article\",\"isPartOf\":{\"@id\":\"https:\/\/www.cfm.co.mz\/2017\/06\/30\/cfm-animado-pelo-envolvimento-e-alegria-das-criancas-no-seu-mes-de-junho\/\"},\"author\":{\"name\":\"D\u00e9rcio Badru\",\"@id\":\"https:\/\/www.cfm.co.mz\/#\/schema\/person\/1bb663f3c59dc61900f6f9b1c2b53552\"},\"headline\":\"CFM animado pelo envolvimento e alegria das crian\u00e7as no seu m\u00eas de Junho\",\"datePublished\":\"2017-06-30T14:03:06+00:00\",\"mainEntityOfPage\":{\"@id\":\"https:\/\/www.cfm.co.mz\/2017\/06\/30\/cfm-animado-pelo-envolvimento-e-alegria-das-criancas-no-seu-mes-de-junho\/\"},\"wordCount\":696,\"commentCount\":0,\"publisher\":{\"@id\":\"https:\/\/www.cfm.co.mz\/#organization\"},\"image\":{\"@id\":\"https:\/\/www.cfm.co.mz\/2017\/06\/30\/cfm-animado-pelo-envolvimento-e-alegria-das-criancas-no-seu-mes-de-junho\/#primaryimage\"},\"thumbnailUrl\":\"https:\/\/www.cfm.co.mz\/wp-content\/uploads\/2017\/06\/Passeio_24_Junho_PCA_1.jpg\",\"articleSection\":[\"Noticias\"],\"inLanguage\":\"en-US\",\"potentialAction\":[{\"@type\":\"CommentAction\",\"name\":\"Comment\",\"target\":[\"https:\/\/www.cfm.co.mz\/2017\/06\/30\/cfm-animado-pelo-envolvimento-e-alegria-das-criancas-no-seu-mes-de-junho\/#respond\"]}]},{\"@type\":\"WebPage\",\"@id\":\"https:\/\/www.cfm.co.mz\/2017\/06\/30\/cfm-animado-pelo-envolvimento-e-alegria-das-criancas-no-seu-mes-de-junho\/\",\"url\":\"https:\/\/www.cfm.co.mz\/2017\/06\/30\/cfm-animado-pelo-envolvimento-e-alegria-das-criancas-no-seu-mes-de-junho\/\",\"name\":\"CFM animado pelo envolvimento e alegria das crian\u00e7as no seu m\u00eas de Junho - CFM - Caminhos De Ferros de Mo\u00e7ambique\",\"isPartOf\":{\"@id\":\"https:\/\/www.cfm.co.mz\/#website\"},\"primaryImageOfPage\":{\"@id\":\"https:\/\/www.cfm.co.mz\/2017\/06\/30\/cfm-animado-pelo-envolvimento-e-alegria-das-criancas-no-seu-mes-de-junho\/#primaryimage\"},\"image\":{\"@id\":\"https:\/\/www.cfm.co.mz\/2017\/06\/30\/cfm-animado-pelo-envolvimento-e-alegria-das-criancas-no-seu-mes-de-junho\/#primaryimage\"},\"thumbnailUrl\":\"https:\/\/www.cfm.co.mz\/wp-content\/uploads\/2017\/06\/Passeio_24_Junho_PCA_1.jpg\",\"datePublished\":\"2017-06-30T14:03:06+00:00\",\"breadcrumb\":{\"@id\":\"https:\/\/www.cfm.co.mz\/2017\/06\/30\/cfm-animado-pelo-envolvimento-e-alegria-das-criancas-no-seu-mes-de-junho\/#breadcrumb\"},\"inLanguage\":\"en-US\",\"potentialAction\":[{\"@type\":\"ReadAction\",\"target\":[\"https:\/\/www.cfm.co.mz\/2017\/06\/30\/cfm-animado-pelo-envolvimento-e-alegria-das-criancas-no-seu-mes-de-junho\/\"]}]},{\"@type\":\"ImageObject\",\"inLanguage\":\"en-US\",\"@id\":\"https:\/\/www.cfm.co.mz\/2017\/06\/30\/cfm-animado-pelo-envolvimento-e-alegria-das-criancas-no-seu-mes-de-junho\/#primaryimage\",\"url\":\"https:\/\/www.cfm.co.mz\/wp-content\/uploads\/2017\/06\/Passeio_24_Junho_PCA_1.jpg\",\"contentUrl\":\"https:\/\/www.cfm.co.mz\/wp-content\/uploads\/2017\/06\/Passeio_24_Junho_PCA_1.jpg\",\"width\":1800,\"height\":1200,\"caption\":\"Passeio 24 Junho PCA 1\"},{\"@type\":\"BreadcrumbList\",\"@id\":\"https:\/\/www.cfm.co.mz\/2017\/06\/30\/cfm-animado-pelo-envolvimento-e-alegria-das-criancas-no-seu-mes-de-junho\/#breadcrumb\",\"itemListElement\":[{\"@type\":\"ListItem\",\"position\":1,\"name\":\"Home\",\"item\":\"https:\/\/www.cfm.co.mz\/\"},{\"@type\":\"ListItem\",\"position\":2,\"name\":\"CFM animado pelo envolvimento e alegria das crian\u00e7as no seu m\u00eas de Junho\"}]},{\"@type\":\"WebSite\",\"@id\":\"https:\/\/www.cfm.co.mz\/#website\",\"url\":\"https:\/\/www.cfm.co.mz\/\",\"name\":\"CFM - Caminhos De Ferros de Mo\u00e7ambique\",\"description\":\"Ampliando Horizontes\",\"publisher\":{\"@id\":\"https:\/\/www.cfm.co.mz\/#organization\"},\"potentialAction\":[{\"@type\":\"SearchAction\",\"target\":{\"@type\":\"EntryPoint\",\"urlTemplate\":\"https:\/\/www.cfm.co.mz\/?s={search_term_string}\"},\"query-input\":{\"@type\":\"PropertyValueSpecification\",\"valueRequired\":true,\"valueName\":\"search_term_string\"}}],\"inLanguage\":\"en-US\"},{\"@type\":\"Organization\",\"@id\":\"https:\/\/www.cfm.co.mz\/#organization\",\"name\":\"CFM - Caminhos De Ferros de Mo\u00e7ambique\",\"url\":\"https:\/\/www.cfm.co.mz\/\",\"logo\":{\"@type\":\"ImageObject\",\"inLanguage\":\"en-US\",\"@id\":\"https:\/\/www.cfm.co.mz\/#\/schema\/logo\/image\/\",\"url\":\"https:\/\/www.cfm.co.mz\/wp-content\/uploads\/2025\/07\/be5f0679-4f5b-4d02-9719-a26ceed29162.jpg\",\"contentUrl\":\"https:\/\/www.cfm.co.mz\/wp-content\/uploads\/2025\/07\/be5f0679-4f5b-4d02-9719-a26ceed29162.jpg\",\"width\":400,\"height\":65,\"caption\":\"CFM - Caminhos De Ferros de Mo\u00e7ambique\"},\"image\":{\"@id\":\"https:\/\/www.cfm.co.mz\/#\/schema\/logo\/image\/\"},\"sameAs\":[\"https:\/\/www.facebook.com\/CFMMoz\",\"https:\/\/www.linkedin.com\/company\/caminhos-de-ferro-de-moambique\/\"]},{\"@type\":\"Person\",\"@id\":\"https:\/\/www.cfm.co.mz\/#\/schema\/person\/1bb663f3c59dc61900f6f9b1c2b53552\",\"name\":\"D\u00e9rcio Badru\",\"image\":{\"@type\":\"ImageObject\",\"inLanguage\":\"en-US\",\"@id\":\"https:\/\/www.cfm.co.mz\/#\/schema\/person\/image\/\",\"url\":\"https:\/\/www.cfm.co.mz\/wp-content\/litespeed\/avatar\/be89d6955942d7259ef76de4577d21b3.jpg?ver=1777454359\",\"contentUrl\":\"https:\/\/www.cfm.co.mz\/wp-content\/litespeed\/avatar\/be89d6955942d7259ef76de4577d21b3.jpg?ver=1777454359\",\"caption\":\"D\u00e9rcio Badru\"},\"url\":\"https:\/\/www.cfm.co.mz\/en\/author\/dercio\/\"}]}<\/script>\n<!-- \/ Yoast SEO plugin. -->","yoast_head_json":{"title":"CFM animado pelo envolvimento e alegria das crian\u00e7as no seu m\u00eas de Junho - CFM - Caminhos De Ferros de Mo\u00e7ambique","robots":{"index":"index","follow":"follow","max-snippet":"max-snippet:-1","max-image-preview":"max-image-preview:large","max-video-preview":"max-video-preview:-1"},"canonical":"https:\/\/www.cfm.co.mz\/en\/2017\/06\/30\/cfm-animado-pelo-envolvimento-e-alegria-das-criancas-no-seu-mes-de-junho\/","og_locale":"en_US","og_type":"article","og_title":"CFM animado pelo envolvimento e alegria das crian\u00e7as no seu m\u00eas de Junho - CFM - Caminhos De Ferros de Mo\u00e7ambique","og_description":"O Presidente do Conselho de Administra\u00e7\u00e3o (PCA) da empresa Portos e Caminhos de Ferro de Mo\u00e7ambique (CFM), Eng. Miguel Matabel manifestou a sua satisfa\u00e7\u00e3o pelo grau de envolvimento, alegria e entusiamo manifestados pelas crian\u00e7as dos trabalhadores dos CFM durante as actividades que decorreram em celebra\u00e7\u00e3o do m\u00eas da crian\u00e7a que se assinalou em Junho.","og_url":"https:\/\/www.cfm.co.mz\/en\/2017\/06\/30\/cfm-animado-pelo-envolvimento-e-alegria-das-criancas-no-seu-mes-de-junho\/","og_site_name":"CFM - Caminhos De Ferros de Mo\u00e7ambique","article_publisher":"https:\/\/www.facebook.com\/CFMMoz","article_published_time":"2017-06-30T14:03:06+00:00","og_image":[{"width":1800,"height":1200,"url":"https:\/\/www.cfm.co.mz\/wp-content\/uploads\/2017\/06\/Passeio_24_Junho_PCA_1.jpg","type":"image\/jpeg"}],"author":"D\u00e9rcio Badru","twitter_card":"summary_large_image","twitter_misc":{"Written by":"D\u00e9rcio Badru","Est. reading time":"3 minutes"},"schema":{"@context":"https:\/\/schema.org","@graph":[{"@type":"Article","@id":"https:\/\/www.cfm.co.mz\/2017\/06\/30\/cfm-animado-pelo-envolvimento-e-alegria-das-criancas-no-seu-mes-de-junho\/#article","isPartOf":{"@id":"https:\/\/www.cfm.co.mz\/2017\/06\/30\/cfm-animado-pelo-envolvimento-e-alegria-das-criancas-no-seu-mes-de-junho\/"},"author":{"name":"D\u00e9rcio Badru","@id":"https:\/\/www.cfm.co.mz\/#\/schema\/person\/1bb663f3c59dc61900f6f9b1c2b53552"},"headline":"CFM animado pelo envolvimento e alegria das crian\u00e7as no seu m\u00eas de Junho","datePublished":"2017-06-30T14:03:06+00:00","mainEntityOfPage":{"@id":"https:\/\/www.cfm.co.mz\/2017\/06\/30\/cfm-animado-pelo-envolvimento-e-alegria-das-criancas-no-seu-mes-de-junho\/"},"wordCount":696,"commentCount":0,"publisher":{"@id":"https:\/\/www.cfm.co.mz\/#organization"},"image":{"@id":"https:\/\/www.cfm.co.mz\/2017\/06\/30\/cfm-animado-pelo-envolvimento-e-alegria-das-criancas-no-seu-mes-de-junho\/#primaryimage"},"thumbnailUrl":"https:\/\/www.cfm.co.mz\/wp-content\/uploads\/2017\/06\/Passeio_24_Junho_PCA_1.jpg","articleSection":["Noticias"],"inLanguage":"en-US","potentialAction":[{"@type":"CommentAction","name":"Comment","target":["https:\/\/www.cfm.co.mz\/2017\/06\/30\/cfm-animado-pelo-envolvimento-e-alegria-das-criancas-no-seu-mes-de-junho\/#respond"]}]},{"@type":"WebPage","@id":"https:\/\/www.cfm.co.mz\/2017\/06\/30\/cfm-animado-pelo-envolvimento-e-alegria-das-criancas-no-seu-mes-de-junho\/","url":"https:\/\/www.cfm.co.mz\/2017\/06\/30\/cfm-animado-pelo-envolvimento-e-alegria-das-criancas-no-seu-mes-de-junho\/","name":"CFM animado pelo envolvimento e alegria das crian\u00e7as no seu m\u00eas de Junho - CFM - Caminhos De Ferros de Mo\u00e7ambique","isPartOf":{"@id":"https:\/\/www.cfm.co.mz\/#website"},"primaryImageOfPage":{"@id":"https:\/\/www.cfm.co.mz\/2017\/06\/30\/cfm-animado-pelo-envolvimento-e-alegria-das-criancas-no-seu-mes-de-junho\/#primaryimage"},"image":{"@id":"https:\/\/www.cfm.co.mz\/2017\/06\/30\/cfm-animado-pelo-envolvimento-e-alegria-das-criancas-no-seu-mes-de-junho\/#primaryimage"},"thumbnailUrl":"https:\/\/www.cfm.co.mz\/wp-content\/uploads\/2017\/06\/Passeio_24_Junho_PCA_1.jpg","datePublished":"2017-06-30T14:03:06+00:00","breadcrumb":{"@id":"https:\/\/www.cfm.co.mz\/2017\/06\/30\/cfm-animado-pelo-envolvimento-e-alegria-das-criancas-no-seu-mes-de-junho\/#breadcrumb"},"inLanguage":"en-US","potentialAction":[{"@type":"ReadAction","target":["https:\/\/www.cfm.co.mz\/2017\/06\/30\/cfm-animado-pelo-envolvimento-e-alegria-das-criancas-no-seu-mes-de-junho\/"]}]},{"@type":"ImageObject","inLanguage":"en-US","@id":"https:\/\/www.cfm.co.mz\/2017\/06\/30\/cfm-animado-pelo-envolvimento-e-alegria-das-criancas-no-seu-mes-de-junho\/#primaryimage","url":"https:\/\/www.cfm.co.mz\/wp-content\/uploads\/2017\/06\/Passeio_24_Junho_PCA_1.jpg","contentUrl":"https:\/\/www.cfm.co.mz\/wp-content\/uploads\/2017\/06\/Passeio_24_Junho_PCA_1.jpg","width":1800,"height":1200,"caption":"Passeio 24 Junho PCA 1"},{"@type":"BreadcrumbList","@id":"https:\/\/www.cfm.co.mz\/2017\/06\/30\/cfm-animado-pelo-envolvimento-e-alegria-das-criancas-no-seu-mes-de-junho\/#breadcrumb","itemListElement":[{"@type":"ListItem","position":1,"name":"Home","item":"https:\/\/www.cfm.co.mz\/"},{"@type":"ListItem","position":2,"name":"CFM animado pelo envolvimento e alegria das crian\u00e7as no seu m\u00eas de Junho"}]},{"@type":"WebSite","@id":"https:\/\/www.cfm.co.mz\/#website","url":"https:\/\/www.cfm.co.mz\/","name":"CFM - Caminhos De Ferros de Mo\u00e7ambique","description":"Ampliando Horizontes","publisher":{"@id":"https:\/\/www.cfm.co.mz\/#organization"},"potentialAction":[{"@type":"SearchAction","target":{"@type":"EntryPoint","urlTemplate":"https:\/\/www.cfm.co.mz\/?s={search_term_string}"},"query-input":{"@type":"PropertyValueSpecification","valueRequired":true,"valueName":"search_term_string"}}],"inLanguage":"en-US"},{"@type":"Organization","@id":"https:\/\/www.cfm.co.mz\/#organization","name":"CFM - Caminhos De Ferros de Mo\u00e7ambique","url":"https:\/\/www.cfm.co.mz\/","logo":{"@type":"ImageObject","inLanguage":"en-US","@id":"https:\/\/www.cfm.co.mz\/#\/schema\/logo\/image\/","url":"https:\/\/www.cfm.co.mz\/wp-content\/uploads\/2025\/07\/be5f0679-4f5b-4d02-9719-a26ceed29162.jpg","contentUrl":"https:\/\/www.cfm.co.mz\/wp-content\/uploads\/2025\/07\/be5f0679-4f5b-4d02-9719-a26ceed29162.jpg","width":400,"height":65,"caption":"CFM - Caminhos De Ferros de Mo\u00e7ambique"},"image":{"@id":"https:\/\/www.cfm.co.mz\/#\/schema\/logo\/image\/"},"sameAs":["https:\/\/www.facebook.com\/CFMMoz","https:\/\/www.linkedin.com\/company\/caminhos-de-ferro-de-moambique\/"]},{"@type":"Person","@id":"https:\/\/www.cfm.co.mz\/#\/schema\/person\/1bb663f3c59dc61900f6f9b1c2b53552","name":"D\u00e9rcio Badru","image":{"@type":"ImageObject","inLanguage":"en-US","@id":"https:\/\/www.cfm.co.mz\/#\/schema\/person\/image\/","url":"https:\/\/www.cfm.co.mz\/wp-content\/litespeed\/avatar\/be89d6955942d7259ef76de4577d21b3.jpg?ver=1777454359","contentUrl":"https:\/\/www.cfm.co.mz\/wp-content\/litespeed\/avatar\/be89d6955942d7259ef76de4577d21b3.jpg?ver=1777454359","caption":"D\u00e9rcio Badru"},"url":"https:\/\/www.cfm.co.mz\/en\/author\/dercio\/"}]}},"_links":{"self":[{"href":"https:\/\/www.cfm.co.mz\/en\/wp-json\/wp\/v2\/posts\/8893","targetHints":{"allow":["GET"]}}],"collection":[{"href":"https:\/\/www.cfm.co.mz\/en\/wp-json\/wp\/v2\/posts"}],"about":[{"href":"https:\/\/www.cfm.co.mz\/en\/wp-json\/wp\/v2\/types\/post"}],"author":[{"embeddable":true,"href":"https:\/\/www.cfm.co.mz\/en\/wp-json\/wp\/v2\/users\/94"}],"replies":[{"embeddable":true,"href":"https:\/\/www.cfm.co.mz\/en\/wp-json\/wp\/v2\/comments?post=8893"}],"version-history":[{"count":0,"href":"https:\/\/www.cfm.co.mz\/en\/wp-json\/wp\/v2\/posts\/8893\/revisions"}],"wp:featuredmedia":[{"embeddable":true,"href":"https:\/\/www.cfm.co.mz\/en\/wp-json\/wp\/v2\/media\/8890"}],"wp:attachment":[{"href":"https:\/\/www.cfm.co.mz\/en\/wp-json\/wp\/v2\/media?parent=8893"}],"wp:term":[{"taxonomy":"category","embeddable":true,"href":"https:\/\/www.cfm.co.mz\/en\/wp-json\/wp\/v2\/categories?post=8893"},{"taxonomy":"post_tag","embeddable":true,"href":"https:\/\/www.cfm.co.mz\/en\/wp-json\/wp\/v2\/tags?post=8893"}],"curies":[{"name":"wp","href":"https:\/\/api.w.org\/{rel}","templated":true}]}}