{"id":8832,"date":"2017-05-23T06:32:56","date_gmt":"2017-05-23T06:32:56","guid":{"rendered":"https:\/\/www.cfm.co.mz\/2017\/05\/23\/cfm-organiza-1-feira-dos-museus-e-patrimonio-cultural-de-mocambique\/"},"modified":"2017-05-23T06:32:56","modified_gmt":"2017-05-23T06:32:56","slug":"cfm-organiza-1-feira-dos-museus-e-patrimonio-cultural-de-mocambique","status":"publish","type":"post","link":"https:\/\/www.cfm.co.mz\/en\/2017\/05\/23\/cfm-organiza-1-feira-dos-museus-e-patrimonio-cultural-de-mocambique\/","title":{"rendered":"CFM organiza 1\u00aa Feira dos Museus e Patrim\u00f3nio Cultural de Mo\u00e7ambique"},"content":{"rendered":"<p style=\"text-align: justify;\"><a class=\"jcepopup icon-bottom-right\" type=\"image\" href=\"http:\/\/www.cfm.co.mz\/wp-content\/uploads\/2017\/05\/1-Feira-do-Museus.jpg\" target=\"_blank\" data-mediabox=\"width[800]\" rel=\"noopener\"><img decoding=\"async\" style=\"margin: 5px; float: left;\" src=\"http:\/\/www.cfm.co.mz\/wp-content\/uploads\/2017\/05\/1-Feira-do-Museus.jpg\" alt=\"1 Feira do Museus\" width=\"250\" height=\"167\" \/><\/a>O \u00e1trio da Esta\u00e7\u00e3o Central da Empresa Porto e Caminho de Ferro de Mo\u00e7ambique (CFM) na Cidade de Maputo acolheu, de 18 a 20 de Maio de 2017, a 1\u00aa Edi\u00e7\u00e3o da Feira dos Museus e Patrim\u00f3nio Cultural da Cidade de Maputo, em celebra\u00e7\u00e3o do Dia Internacional dos Museus, que se assinalou no dia 18 de Maio sob o lema, \u201cMuseus e Hist\u00f3rias Controversas: Dizendo o indiz\u00edvel em Museus\u201d.<\/p>\n<p style=\"text-align: justify;\">O evento, que se realizou pela primeira vez em Mo\u00e7ambique, e um ano ap\u00f3s a inaugura\u00e7\u00e3o do Museu dos CFM, integrou um conjunto de eventos que serviu de uma plataforma did\u00e1ctica entre os museus e os estudantes. A iniciativa permitiu ainda que os estudantes de todos n\u00edveis encontrassem nos museus e institui\u00e7\u00f5es relacionadas, alternativas did\u00e1cticas e interactivas capazes de contribuir para o seu desenvolvimento como cidad\u00e3os.<\/p>\n<p><!--more--><\/p>\n<p style=\"text-align: justify;\">Tratou-se de uma ocasi\u00e3o para um maior reconhecimento dos museus mo\u00e7ambicanos e institui\u00e7\u00f5es relacionadas, com enfoque de express\u00e3o cultural, como espa\u00e7os de preserva\u00e7\u00e3o, valoriza\u00e7\u00e3o e promo\u00e7\u00e3o do patrim\u00f3nio cultural mo\u00e7ambicano, tornando-o mais participativo no processo de desenvolvimento nacional e mais atractivo e competitivo ao n\u00edvel regional e continental e intercontinental.<\/p>\n<p style=\"text-align: justify;\"><a class=\"jcepopup icon-bottom-right\" type=\"image\" href=\"http:\/\/www.cfm.co.mz\/wp-content\/uploads\/2017\/05\/1-Feira-do-Museus-Foto-Visita.jpg\" target=\"_blank\" data-mediabox=\"width[800]\" rel=\"noopener\"><img decoding=\"async\" style=\"margin: 5px; float: right;\" src=\"http:\/\/www.cfm.co.mz\/wp-content\/uploads\/2017\/05\/1-Feira-do-Museus-Foto-Visita.jpg\" alt=\"1 Feira do Museus Foto Visita\" width=\"250\" height=\"167\" \/><\/a>O evento organizado pelo Museu do CFM contemplou um programa diversificado que incluiu <em>workshops<\/em>, visitas orientadas e\/ou guiadas, projec\u00e7\u00e3o de audiovisuais em diferentes formatos, concertos musicais em espa\u00e7os dos museus, exposi\u00e7\u00e3o de obras e artigos que espelham o patrim\u00f3nio cultural de Mo\u00e7ambique e cada expositor teve a oportunidade de mostrar aos milhares de visitantes o seu acervo, programas e actividades desenvolvidas.<\/p>\n<p style=\"text-align: justify;\">A 1\u00aa Feira dos Museus e Patrim\u00f3nio Cultural de Mo\u00e7ambique, iniciativa do Museu dos CFM, contou com cerca de participa\u00e7\u00e3o de 20 expositores, entre outros, Galeria de Arte da Universidade Eduardo Mondlane, Museu da Moeda, Fortaleza de Maputo, Museu da Hist\u00f3ria Natural, Museu Nacional de Arte, Museu das Pescas, Arquivo do Patrim\u00f3nio Cultural (ARPAC), Instituto Nacional do Turismo, Escola Nacional de M\u00fasica, Companhia Nacional de Canto e Dan\u00e7a, Teatro Mutumbela Gogo, Centro de Documenta\u00e7\u00e3o e Forma\u00e7\u00e3o Fotogr\u00e1fica, teatro Avenida, Biblioteca Central do Conselho Municipal da Cidade de Maputo, Biblioteca Nacional, Escola Nacional de Artes Visuais, Letra Bonita e Macarte.<\/p>\n<p style=\"text-align: justify;\"><a class=\"jcepopup icon-bottom-right\" type=\"image\" href=\"http:\/\/www.cfm.co.mz\/wp-content\/uploads\/2017\/05\/1-Feira-do-Museus-Foto-Inauguracao.jpg\" target=\"_blank\" data-mediabox=\"width[800]\" rel=\"noopener\"><img decoding=\"async\" style=\"margin: 5px; float: left;\" src=\"http:\/\/www.cfm.co.mz\/wp-content\/uploads\/2017\/05\/1-Feira-do-Museus-Foto-Inauguracao.jpg\" alt=\"1 Feira do Museus Foto Inauguracao\" width=\"250\" height=\"167\" \/><\/a>A cerim\u00f3nia de abertura da Feira dos Museus foi presidida pelo Secret\u00e1rio Permanente do Minist\u00e9rio da Cultura e Turismo, Domingos Artur que enalteceu o evento tendo afirmando que a iniciativa dos CFM demonstra que em Mo\u00e7ambique h\u00e1 um comprometimento das institui\u00e7\u00f5es na cria\u00e7\u00e3o e promo\u00e7\u00e3o dos museus para a contribui\u00e7\u00e3o da hist\u00f3ria e preserva\u00e7\u00e3o da nossa identidade cultural. Pelo efeito, felicitou aos CFM e aos expositores no evento.<\/p>\n<p style=\"text-align: justify;\">Os CFM pretenderam com esta iniciativa e em aproveitamento do Dia Internacional dos Museus, de forma resumida dar a conhecer ao p\u00fablico nacional e internacional, sobre os museus existentes na capital do pa\u00eds, suas especificidades e requisitos de acesso.<br \/>Ap\u00f3s a cria\u00e7\u00e3o do Museu nos CFM na Cidade de Maputo, os CFM pretendem expandir a experi\u00eancia atrav\u00e9s de cria\u00e7\u00e3o de n\u00facleos em outros locais do pa\u00eds de forma a captar mais p\u00fablica para o conhecimento dos museus locais, em geral e da hist\u00f3ria dos Caminhos de Ferro de Mo\u00e7ambique, em particular.<\/p>\n<p style=\"text-align: justify;\">O Dia Internacional dos Museus foi criado em 1977 pelo Conselho Internacional de Museus (ICOM), como um momento especial para a comunidade mundial dos museus. Neste dia, os museus participantes interpretam um tema relacionado \u00e0s institui\u00e7\u00f5es culturais considerando-se de uma oportunidade maravilhosa para os profissionais de museus aproximarem-se de seus p\u00fablicos e divulgarem o papel dos museus para a sociedade.<\/p>\n<p style=\"text-align: justify;\">Inaugurado a 11 de Junho 2015 com a miss\u00e3o de retractar e difundir a hist\u00f3ria dos Portos e Caminhos de Ferro de Mo\u00e7ambique, como parte da Hist\u00f3ria de Mo\u00e7ambique, o Museu dos CFM tem como principais objectivos o estudo, a documenta\u00e7\u00e3o, a conserva\u00e7\u00e3o e divulga\u00e7\u00e3o do acervo em sua posse, bem como a valoriza\u00e7\u00e3o da Esta\u00e7\u00e3o Ferrovi\u00e1ria de Maputo e a preserva\u00e7\u00e3o da sua mem\u00f3ria.<\/p>\n<p style=\"text-align: justify;\">O museu integra-se na responsabilidade social dos CFM e tem em vista a contribuir para a preserva\u00e7\u00e3o da mem\u00f3ria colectiva do pa\u00eds tendo em conta que parte significativa de infra-estruturas e at\u00e9 da expans\u00e3o de urbaniza\u00e7\u00e3o em muitos locais do pa\u00eds devem ao tra\u00e7ado das linhas f\u00e9rreas que o pa\u00eds teve desde o passado.<\/p>\n<p style=\"text-align: justify;\">A gest\u00e3o do Museu dos CFM, que se pretende que no futuro tenha n\u00facleos em v\u00e1rios pontos relevantes para a hist\u00f3ria da empresa nas zonas Sul, Centro e Norte do pa\u00eds, pauta pelo um modelo de sustentabilidade atrav\u00e9s de contribui\u00e7\u00e3o dos seus visitantes e venda de artigos de promo\u00e7\u00e3o institucional e outras doa\u00e7\u00f5es.<\/p>","protected":false},"excerpt":{"rendered":"<p>O \u00e1trio da Esta\u00e7\u00e3o Central da Empresa Porto e Caminho de Ferro de Mo\u00e7ambique (CFM) na Cidade de Maputo acolheu, de 18 a 20 de Maio de 2017, a 1\u00aa Edi\u00e7\u00e3o da Feira dos Museus e Patrim\u00f3nio Cultural da Cidade de Maputo, em celebra\u00e7\u00e3o do Dia Internacional dos Museus, que se assinalou no dia 18 de Maio sob o lema, \u201cMuseus e Hist\u00f3rias Controversas: Dizendo o indiz\u00edvel em Museus\u201d. O evento, que se realizou pela primeira vez em Mo\u00e7ambique, e um ano ap\u00f3s a inaugura\u00e7\u00e3o do Museu dos CFM, integrou um conjunto de eventos que serviu de uma plataforma did\u00e1ctica entre os museus e os estudantes. A iniciativa permitiu ainda que os estudantes de todos n\u00edveis encontrassem nos museus e institui\u00e7\u00f5es relacionadas, alternativas did\u00e1cticas e interactivas capazes de contribuir para o seu desenvolvimento como cidad\u00e3os.<\/p>","protected":false},"author":94,"featured_media":8828,"comment_status":"open","ping_status":"open","sticky":false,"template":"","format":"standard","meta":{"_acf_changed":false,"pgc_sgb_lightbox_settings":"","footnotes":""},"categories":[680],"tags":[],"class_list":["post-8832","post","type-post","status-publish","format-standard","has-post-thumbnail","hentry","category-noticias"],"acf":[],"yoast_head":"<!-- This site is optimized with the Yoast SEO plugin v26.5 - https:\/\/yoast.com\/wordpress\/plugins\/seo\/ -->\n<title>CFM organiza 1\u00aa Feira dos Museus e Patrim\u00f3nio Cultural de Mo\u00e7ambique - CFM - Caminhos De Ferros de Mo\u00e7ambique<\/title>\n<meta name=\"robots\" content=\"index, follow, max-snippet:-1, max-image-preview:large, max-video-preview:-1\" \/>\n<link rel=\"canonical\" href=\"https:\/\/www.cfm.co.mz\/en\/2017\/05\/23\/cfm-organiza-1-feira-dos-museus-e-patrimonio-cultural-de-mocambique\/\" \/>\n<meta property=\"og:locale\" content=\"en_US\" \/>\n<meta property=\"og:type\" content=\"article\" \/>\n<meta property=\"og:title\" content=\"CFM organiza 1\u00aa Feira dos Museus e Patrim\u00f3nio Cultural de Mo\u00e7ambique - CFM - Caminhos De Ferros de Mo\u00e7ambique\" \/>\n<meta property=\"og:description\" content=\"O \u00e1trio da Esta\u00e7\u00e3o Central da Empresa Porto e Caminho de Ferro de Mo\u00e7ambique (CFM) na Cidade de Maputo acolheu, de 18 a 20 de Maio de 2017, a 1\u00aa Edi\u00e7\u00e3o da Feira dos Museus e Patrim\u00f3nio Cultural da Cidade de Maputo, em celebra\u00e7\u00e3o do Dia Internacional dos Museus, que se assinalou no dia 18 de Maio sob o lema, \u201cMuseus e Hist\u00f3rias Controversas: Dizendo o indiz\u00edvel em Museus\u201d. O evento, que se realizou pela primeira vez em Mo\u00e7ambique, e um ano ap\u00f3s a inaugura\u00e7\u00e3o do Museu dos CFM, integrou um conjunto de eventos que serviu de uma plataforma did\u00e1ctica entre os museus e os estudantes. A iniciativa permitiu ainda que os estudantes de todos n\u00edveis encontrassem nos museus e institui\u00e7\u00f5es relacionadas, alternativas did\u00e1cticas e interactivas capazes de contribuir para o seu desenvolvimento como cidad\u00e3os.\" \/>\n<meta property=\"og:url\" content=\"https:\/\/www.cfm.co.mz\/en\/2017\/05\/23\/cfm-organiza-1-feira-dos-museus-e-patrimonio-cultural-de-mocambique\/\" \/>\n<meta property=\"og:site_name\" content=\"CFM - Caminhos De Ferros de Mo\u00e7ambique\" \/>\n<meta property=\"article:publisher\" content=\"https:\/\/www.facebook.com\/CFMMoz\" \/>\n<meta property=\"article:published_time\" content=\"2017-05-23T06:32:56+00:00\" \/>\n<meta property=\"og:image\" content=\"https:\/\/www.cfm.co.mz\/wp-content\/uploads\/2017\/05\/1-Feira-do-Museus.jpg\" \/>\n\t<meta property=\"og:image:width\" content=\"1800\" \/>\n\t<meta property=\"og:image:height\" content=\"1200\" \/>\n\t<meta property=\"og:image:type\" content=\"image\/jpeg\" \/>\n<meta name=\"author\" content=\"D\u00e9rcio Badru\" \/>\n<meta name=\"twitter:card\" content=\"summary_large_image\" \/>\n<meta name=\"twitter:label1\" content=\"Written by\" \/>\n\t<meta name=\"twitter:data1\" content=\"D\u00e9rcio Badru\" \/>\n\t<meta name=\"twitter:label2\" content=\"Est. reading time\" \/>\n\t<meta name=\"twitter:data2\" content=\"4 minutes\" \/>\n<script type=\"application\/ld+json\" class=\"yoast-schema-graph\">{\"@context\":\"https:\/\/schema.org\",\"@graph\":[{\"@type\":\"Article\",\"@id\":\"https:\/\/www.cfm.co.mz\/2017\/05\/23\/cfm-organiza-1-feira-dos-museus-e-patrimonio-cultural-de-mocambique\/#article\",\"isPartOf\":{\"@id\":\"https:\/\/www.cfm.co.mz\/2017\/05\/23\/cfm-organiza-1-feira-dos-museus-e-patrimonio-cultural-de-mocambique\/\"},\"author\":{\"name\":\"D\u00e9rcio Badru\",\"@id\":\"https:\/\/www.cfm.co.mz\/#\/schema\/person\/1bb663f3c59dc61900f6f9b1c2b53552\"},\"headline\":\"CFM organiza 1\u00aa Feira dos Museus e Patrim\u00f3nio Cultural de Mo\u00e7ambique\",\"datePublished\":\"2017-05-23T06:32:56+00:00\",\"mainEntityOfPage\":{\"@id\":\"https:\/\/www.cfm.co.mz\/2017\/05\/23\/cfm-organiza-1-feira-dos-museus-e-patrimonio-cultural-de-mocambique\/\"},\"wordCount\":835,\"commentCount\":0,\"publisher\":{\"@id\":\"https:\/\/www.cfm.co.mz\/#organization\"},\"image\":{\"@id\":\"https:\/\/www.cfm.co.mz\/2017\/05\/23\/cfm-organiza-1-feira-dos-museus-e-patrimonio-cultural-de-mocambique\/#primaryimage\"},\"thumbnailUrl\":\"https:\/\/www.cfm.co.mz\/wp-content\/uploads\/2017\/05\/1-Feira-do-Museus.jpg\",\"articleSection\":[\"Noticias\"],\"inLanguage\":\"en-US\",\"potentialAction\":[{\"@type\":\"CommentAction\",\"name\":\"Comment\",\"target\":[\"https:\/\/www.cfm.co.mz\/2017\/05\/23\/cfm-organiza-1-feira-dos-museus-e-patrimonio-cultural-de-mocambique\/#respond\"]}]},{\"@type\":\"WebPage\",\"@id\":\"https:\/\/www.cfm.co.mz\/2017\/05\/23\/cfm-organiza-1-feira-dos-museus-e-patrimonio-cultural-de-mocambique\/\",\"url\":\"https:\/\/www.cfm.co.mz\/2017\/05\/23\/cfm-organiza-1-feira-dos-museus-e-patrimonio-cultural-de-mocambique\/\",\"name\":\"CFM organiza 1\u00aa Feira dos Museus e Patrim\u00f3nio Cultural de Mo\u00e7ambique - CFM - Caminhos De Ferros de Mo\u00e7ambique\",\"isPartOf\":{\"@id\":\"https:\/\/www.cfm.co.mz\/#website\"},\"primaryImageOfPage\":{\"@id\":\"https:\/\/www.cfm.co.mz\/2017\/05\/23\/cfm-organiza-1-feira-dos-museus-e-patrimonio-cultural-de-mocambique\/#primaryimage\"},\"image\":{\"@id\":\"https:\/\/www.cfm.co.mz\/2017\/05\/23\/cfm-organiza-1-feira-dos-museus-e-patrimonio-cultural-de-mocambique\/#primaryimage\"},\"thumbnailUrl\":\"https:\/\/www.cfm.co.mz\/wp-content\/uploads\/2017\/05\/1-Feira-do-Museus.jpg\",\"datePublished\":\"2017-05-23T06:32:56+00:00\",\"breadcrumb\":{\"@id\":\"https:\/\/www.cfm.co.mz\/2017\/05\/23\/cfm-organiza-1-feira-dos-museus-e-patrimonio-cultural-de-mocambique\/#breadcrumb\"},\"inLanguage\":\"en-US\",\"potentialAction\":[{\"@type\":\"ReadAction\",\"target\":[\"https:\/\/www.cfm.co.mz\/2017\/05\/23\/cfm-organiza-1-feira-dos-museus-e-patrimonio-cultural-de-mocambique\/\"]}]},{\"@type\":\"ImageObject\",\"inLanguage\":\"en-US\",\"@id\":\"https:\/\/www.cfm.co.mz\/2017\/05\/23\/cfm-organiza-1-feira-dos-museus-e-patrimonio-cultural-de-mocambique\/#primaryimage\",\"url\":\"https:\/\/www.cfm.co.mz\/wp-content\/uploads\/2017\/05\/1-Feira-do-Museus.jpg\",\"contentUrl\":\"https:\/\/www.cfm.co.mz\/wp-content\/uploads\/2017\/05\/1-Feira-do-Museus.jpg\",\"width\":1800,\"height\":1200,\"caption\":\"1 Feira do Museus\"},{\"@type\":\"BreadcrumbList\",\"@id\":\"https:\/\/www.cfm.co.mz\/2017\/05\/23\/cfm-organiza-1-feira-dos-museus-e-patrimonio-cultural-de-mocambique\/#breadcrumb\",\"itemListElement\":[{\"@type\":\"ListItem\",\"position\":1,\"name\":\"Home\",\"item\":\"https:\/\/www.cfm.co.mz\/\"},{\"@type\":\"ListItem\",\"position\":2,\"name\":\"CFM organiza 1\u00aa Feira dos Museus e Patrim\u00f3nio Cultural de Mo\u00e7ambique\"}]},{\"@type\":\"WebSite\",\"@id\":\"https:\/\/www.cfm.co.mz\/#website\",\"url\":\"https:\/\/www.cfm.co.mz\/\",\"name\":\"CFM - Caminhos De Ferros de Mo\u00e7ambique\",\"description\":\"Ampliando Horizontes\",\"publisher\":{\"@id\":\"https:\/\/www.cfm.co.mz\/#organization\"},\"potentialAction\":[{\"@type\":\"SearchAction\",\"target\":{\"@type\":\"EntryPoint\",\"urlTemplate\":\"https:\/\/www.cfm.co.mz\/?s={search_term_string}\"},\"query-input\":{\"@type\":\"PropertyValueSpecification\",\"valueRequired\":true,\"valueName\":\"search_term_string\"}}],\"inLanguage\":\"en-US\"},{\"@type\":\"Organization\",\"@id\":\"https:\/\/www.cfm.co.mz\/#organization\",\"name\":\"CFM - Caminhos De Ferros de Mo\u00e7ambique\",\"url\":\"https:\/\/www.cfm.co.mz\/\",\"logo\":{\"@type\":\"ImageObject\",\"inLanguage\":\"en-US\",\"@id\":\"https:\/\/www.cfm.co.mz\/#\/schema\/logo\/image\/\",\"url\":\"https:\/\/www.cfm.co.mz\/wp-content\/uploads\/2025\/07\/be5f0679-4f5b-4d02-9719-a26ceed29162.jpg\",\"contentUrl\":\"https:\/\/www.cfm.co.mz\/wp-content\/uploads\/2025\/07\/be5f0679-4f5b-4d02-9719-a26ceed29162.jpg\",\"width\":400,\"height\":65,\"caption\":\"CFM - Caminhos De Ferros de Mo\u00e7ambique\"},\"image\":{\"@id\":\"https:\/\/www.cfm.co.mz\/#\/schema\/logo\/image\/\"},\"sameAs\":[\"https:\/\/www.facebook.com\/CFMMoz\",\"https:\/\/www.linkedin.com\/company\/caminhos-de-ferro-de-moambique\/\"]},{\"@type\":\"Person\",\"@id\":\"https:\/\/www.cfm.co.mz\/#\/schema\/person\/1bb663f3c59dc61900f6f9b1c2b53552\",\"name\":\"D\u00e9rcio Badru\",\"image\":{\"@type\":\"ImageObject\",\"inLanguage\":\"en-US\",\"@id\":\"https:\/\/www.cfm.co.mz\/#\/schema\/person\/image\/\",\"url\":\"https:\/\/www.cfm.co.mz\/wp-content\/litespeed\/avatar\/be89d6955942d7259ef76de4577d21b3.jpg?ver=1777454359\",\"contentUrl\":\"https:\/\/www.cfm.co.mz\/wp-content\/litespeed\/avatar\/be89d6955942d7259ef76de4577d21b3.jpg?ver=1777454359\",\"caption\":\"D\u00e9rcio Badru\"},\"url\":\"https:\/\/www.cfm.co.mz\/en\/author\/dercio\/\"}]}<\/script>\n<!-- \/ Yoast SEO plugin. -->","yoast_head_json":{"title":"CFM organiza 1\u00aa Feira dos Museus e Patrim\u00f3nio Cultural de Mo\u00e7ambique - CFM - Caminhos De Ferros de Mo\u00e7ambique","robots":{"index":"index","follow":"follow","max-snippet":"max-snippet:-1","max-image-preview":"max-image-preview:large","max-video-preview":"max-video-preview:-1"},"canonical":"https:\/\/www.cfm.co.mz\/en\/2017\/05\/23\/cfm-organiza-1-feira-dos-museus-e-patrimonio-cultural-de-mocambique\/","og_locale":"en_US","og_type":"article","og_title":"CFM organiza 1\u00aa Feira dos Museus e Patrim\u00f3nio Cultural de Mo\u00e7ambique - CFM - Caminhos De Ferros de Mo\u00e7ambique","og_description":"O \u00e1trio da Esta\u00e7\u00e3o Central da Empresa Porto e Caminho de Ferro de Mo\u00e7ambique (CFM) na Cidade de Maputo acolheu, de 18 a 20 de Maio de 2017, a 1\u00aa Edi\u00e7\u00e3o da Feira dos Museus e Patrim\u00f3nio Cultural da Cidade de Maputo, em celebra\u00e7\u00e3o do Dia Internacional dos Museus, que se assinalou no dia 18 de Maio sob o lema, \u201cMuseus e Hist\u00f3rias Controversas: Dizendo o indiz\u00edvel em Museus\u201d. O evento, que se realizou pela primeira vez em Mo\u00e7ambique, e um ano ap\u00f3s a inaugura\u00e7\u00e3o do Museu dos CFM, integrou um conjunto de eventos que serviu de uma plataforma did\u00e1ctica entre os museus e os estudantes. A iniciativa permitiu ainda que os estudantes de todos n\u00edveis encontrassem nos museus e institui\u00e7\u00f5es relacionadas, alternativas did\u00e1cticas e interactivas capazes de contribuir para o seu desenvolvimento como cidad\u00e3os.","og_url":"https:\/\/www.cfm.co.mz\/en\/2017\/05\/23\/cfm-organiza-1-feira-dos-museus-e-patrimonio-cultural-de-mocambique\/","og_site_name":"CFM - Caminhos De Ferros de Mo\u00e7ambique","article_publisher":"https:\/\/www.facebook.com\/CFMMoz","article_published_time":"2017-05-23T06:32:56+00:00","og_image":[{"width":1800,"height":1200,"url":"https:\/\/www.cfm.co.mz\/wp-content\/uploads\/2017\/05\/1-Feira-do-Museus.jpg","type":"image\/jpeg"}],"author":"D\u00e9rcio Badru","twitter_card":"summary_large_image","twitter_misc":{"Written by":"D\u00e9rcio Badru","Est. reading time":"4 minutes"},"schema":{"@context":"https:\/\/schema.org","@graph":[{"@type":"Article","@id":"https:\/\/www.cfm.co.mz\/2017\/05\/23\/cfm-organiza-1-feira-dos-museus-e-patrimonio-cultural-de-mocambique\/#article","isPartOf":{"@id":"https:\/\/www.cfm.co.mz\/2017\/05\/23\/cfm-organiza-1-feira-dos-museus-e-patrimonio-cultural-de-mocambique\/"},"author":{"name":"D\u00e9rcio Badru","@id":"https:\/\/www.cfm.co.mz\/#\/schema\/person\/1bb663f3c59dc61900f6f9b1c2b53552"},"headline":"CFM organiza 1\u00aa Feira dos Museus e Patrim\u00f3nio Cultural de Mo\u00e7ambique","datePublished":"2017-05-23T06:32:56+00:00","mainEntityOfPage":{"@id":"https:\/\/www.cfm.co.mz\/2017\/05\/23\/cfm-organiza-1-feira-dos-museus-e-patrimonio-cultural-de-mocambique\/"},"wordCount":835,"commentCount":0,"publisher":{"@id":"https:\/\/www.cfm.co.mz\/#organization"},"image":{"@id":"https:\/\/www.cfm.co.mz\/2017\/05\/23\/cfm-organiza-1-feira-dos-museus-e-patrimonio-cultural-de-mocambique\/#primaryimage"},"thumbnailUrl":"https:\/\/www.cfm.co.mz\/wp-content\/uploads\/2017\/05\/1-Feira-do-Museus.jpg","articleSection":["Noticias"],"inLanguage":"en-US","potentialAction":[{"@type":"CommentAction","name":"Comment","target":["https:\/\/www.cfm.co.mz\/2017\/05\/23\/cfm-organiza-1-feira-dos-museus-e-patrimonio-cultural-de-mocambique\/#respond"]}]},{"@type":"WebPage","@id":"https:\/\/www.cfm.co.mz\/2017\/05\/23\/cfm-organiza-1-feira-dos-museus-e-patrimonio-cultural-de-mocambique\/","url":"https:\/\/www.cfm.co.mz\/2017\/05\/23\/cfm-organiza-1-feira-dos-museus-e-patrimonio-cultural-de-mocambique\/","name":"CFM organiza 1\u00aa Feira dos Museus e Patrim\u00f3nio Cultural de Mo\u00e7ambique - CFM - Caminhos De Ferros de Mo\u00e7ambique","isPartOf":{"@id":"https:\/\/www.cfm.co.mz\/#website"},"primaryImageOfPage":{"@id":"https:\/\/www.cfm.co.mz\/2017\/05\/23\/cfm-organiza-1-feira-dos-museus-e-patrimonio-cultural-de-mocambique\/#primaryimage"},"image":{"@id":"https:\/\/www.cfm.co.mz\/2017\/05\/23\/cfm-organiza-1-feira-dos-museus-e-patrimonio-cultural-de-mocambique\/#primaryimage"},"thumbnailUrl":"https:\/\/www.cfm.co.mz\/wp-content\/uploads\/2017\/05\/1-Feira-do-Museus.jpg","datePublished":"2017-05-23T06:32:56+00:00","breadcrumb":{"@id":"https:\/\/www.cfm.co.mz\/2017\/05\/23\/cfm-organiza-1-feira-dos-museus-e-patrimonio-cultural-de-mocambique\/#breadcrumb"},"inLanguage":"en-US","potentialAction":[{"@type":"ReadAction","target":["https:\/\/www.cfm.co.mz\/2017\/05\/23\/cfm-organiza-1-feira-dos-museus-e-patrimonio-cultural-de-mocambique\/"]}]},{"@type":"ImageObject","inLanguage":"en-US","@id":"https:\/\/www.cfm.co.mz\/2017\/05\/23\/cfm-organiza-1-feira-dos-museus-e-patrimonio-cultural-de-mocambique\/#primaryimage","url":"https:\/\/www.cfm.co.mz\/wp-content\/uploads\/2017\/05\/1-Feira-do-Museus.jpg","contentUrl":"https:\/\/www.cfm.co.mz\/wp-content\/uploads\/2017\/05\/1-Feira-do-Museus.jpg","width":1800,"height":1200,"caption":"1 Feira do Museus"},{"@type":"BreadcrumbList","@id":"https:\/\/www.cfm.co.mz\/2017\/05\/23\/cfm-organiza-1-feira-dos-museus-e-patrimonio-cultural-de-mocambique\/#breadcrumb","itemListElement":[{"@type":"ListItem","position":1,"name":"Home","item":"https:\/\/www.cfm.co.mz\/"},{"@type":"ListItem","position":2,"name":"CFM organiza 1\u00aa Feira dos Museus e Patrim\u00f3nio Cultural de Mo\u00e7ambique"}]},{"@type":"WebSite","@id":"https:\/\/www.cfm.co.mz\/#website","url":"https:\/\/www.cfm.co.mz\/","name":"CFM - Caminhos De Ferros de Mo\u00e7ambique","description":"Ampliando Horizontes","publisher":{"@id":"https:\/\/www.cfm.co.mz\/#organization"},"potentialAction":[{"@type":"SearchAction","target":{"@type":"EntryPoint","urlTemplate":"https:\/\/www.cfm.co.mz\/?s={search_term_string}"},"query-input":{"@type":"PropertyValueSpecification","valueRequired":true,"valueName":"search_term_string"}}],"inLanguage":"en-US"},{"@type":"Organization","@id":"https:\/\/www.cfm.co.mz\/#organization","name":"CFM - Caminhos De Ferros de Mo\u00e7ambique","url":"https:\/\/www.cfm.co.mz\/","logo":{"@type":"ImageObject","inLanguage":"en-US","@id":"https:\/\/www.cfm.co.mz\/#\/schema\/logo\/image\/","url":"https:\/\/www.cfm.co.mz\/wp-content\/uploads\/2025\/07\/be5f0679-4f5b-4d02-9719-a26ceed29162.jpg","contentUrl":"https:\/\/www.cfm.co.mz\/wp-content\/uploads\/2025\/07\/be5f0679-4f5b-4d02-9719-a26ceed29162.jpg","width":400,"height":65,"caption":"CFM - Caminhos De Ferros de Mo\u00e7ambique"},"image":{"@id":"https:\/\/www.cfm.co.mz\/#\/schema\/logo\/image\/"},"sameAs":["https:\/\/www.facebook.com\/CFMMoz","https:\/\/www.linkedin.com\/company\/caminhos-de-ferro-de-moambique\/"]},{"@type":"Person","@id":"https:\/\/www.cfm.co.mz\/#\/schema\/person\/1bb663f3c59dc61900f6f9b1c2b53552","name":"D\u00e9rcio Badru","image":{"@type":"ImageObject","inLanguage":"en-US","@id":"https:\/\/www.cfm.co.mz\/#\/schema\/person\/image\/","url":"https:\/\/www.cfm.co.mz\/wp-content\/litespeed\/avatar\/be89d6955942d7259ef76de4577d21b3.jpg?ver=1777454359","contentUrl":"https:\/\/www.cfm.co.mz\/wp-content\/litespeed\/avatar\/be89d6955942d7259ef76de4577d21b3.jpg?ver=1777454359","caption":"D\u00e9rcio Badru"},"url":"https:\/\/www.cfm.co.mz\/en\/author\/dercio\/"}]}},"_links":{"self":[{"href":"https:\/\/www.cfm.co.mz\/en\/wp-json\/wp\/v2\/posts\/8832","targetHints":{"allow":["GET"]}}],"collection":[{"href":"https:\/\/www.cfm.co.mz\/en\/wp-json\/wp\/v2\/posts"}],"about":[{"href":"https:\/\/www.cfm.co.mz\/en\/wp-json\/wp\/v2\/types\/post"}],"author":[{"embeddable":true,"href":"https:\/\/www.cfm.co.mz\/en\/wp-json\/wp\/v2\/users\/94"}],"replies":[{"embeddable":true,"href":"https:\/\/www.cfm.co.mz\/en\/wp-json\/wp\/v2\/comments?post=8832"}],"version-history":[{"count":0,"href":"https:\/\/www.cfm.co.mz\/en\/wp-json\/wp\/v2\/posts\/8832\/revisions"}],"wp:featuredmedia":[{"embeddable":true,"href":"https:\/\/www.cfm.co.mz\/en\/wp-json\/wp\/v2\/media\/8828"}],"wp:attachment":[{"href":"https:\/\/www.cfm.co.mz\/en\/wp-json\/wp\/v2\/media?parent=8832"}],"wp:term":[{"taxonomy":"category","embeddable":true,"href":"https:\/\/www.cfm.co.mz\/en\/wp-json\/wp\/v2\/categories?post=8832"},{"taxonomy":"post_tag","embeddable":true,"href":"https:\/\/www.cfm.co.mz\/en\/wp-json\/wp\/v2\/tags?post=8832"}],"curies":[{"name":"wp","href":"https:\/\/api.w.org\/{rel}","templated":true}]}}