{"id":8810,"date":"2017-05-10T15:09:35","date_gmt":"2017-05-10T15:09:35","guid":{"rendered":"https:\/\/www.cfm.co.mz\/2017\/05\/10\/presidente-da-republica-felicita-cfm\/"},"modified":"2017-05-10T15:09:35","modified_gmt":"2017-05-10T15:09:35","slug":"presidente-da-republica-felicita-cfm","status":"publish","type":"post","link":"https:\/\/www.cfm.co.mz\/en\/2017\/05\/10\/presidente-da-republica-felicita-cfm\/","title":{"rendered":"Presidente da Rep\u00fablica felicita CFM"},"content":{"rendered":"<p style=\"text-align: justify;\"><a class=\"jcepopup icon-bottom-right\" type=\"image\" href=\"http:\/\/www.cfm.co.mz\/wp-content\/uploads\/2017\/05\/Nacala_Imagem1.jpg\" target=\"_blank\" data-mediabox=\"width[800]\" rel=\"noopener\"><img decoding=\"async\" style=\"margin: 5px; float: left;\" src=\"http:\/\/www.cfm.co.mz\/wp-content\/uploads\/2017\/05\/Nacala_Imagem1.jpg\" alt=\"Nacala Imagem1\" width=\"250\" height=\"167\" \/><\/a>O Presidente da Rep\u00fablica, Filipe Nyusi felicitou, no passado dia 12 de Maio de 2017, em Nacala-\u00e0-Velha, a Empresa Portos e Caminhos de Ferro de Mo\u00e7ambique (CFM) pela acertada escolha de um parceiro brasileiro \u201cforte com m\u00fasculo empresarial e pela sua profissional forma de relacionamento que tem estado a permitir a viabiliza\u00e7\u00e3o do maior projecto ferrovi\u00e1rio da \u00c1frica Austral\u201d.<\/p>\n<p><!--more--><\/p>\n<p style=\"text-align: justify;\">O Chefe de Estado, que falava duranta a inaugura\u00e7\u00e3o oficial da Linha ferrovi\u00e1ria que liga Moatize a Nacala-\u00e0-Velha passando pelo Malawi, disse que o novo Porto terminal de carv\u00e3o que completa o porto comercial de Nacala, tem o diferencial para receber navios maiores evitando o custo elevado de transbordo. Trata-se de um projecto que materializa a aposta do Governo em desenvolver infra-estruturas para a dinamiza\u00e7\u00e3o da economia nacional e regional.<\/p>\n<p style=\"text-align: justify;\">Com partes constru\u00eddas de raiz e outras reabilitadas pela empresa participada dos CFM, o Corredor Log\u00edstico Integrado de Nacala (CLN), criada em 2012 para o escoamento do carv\u00e3o de Moatize, a Linha f\u00e9rrea Moatize \u2013 Nacala-\u00e0-Velha tem uma extens\u00e3o de 912 km. Neste projecto o CFM, aparece em parceria com a Vale, formando a sociedade CLN (de tipo PPP Participa\u00e7\u00e3o P\u00fablico-privada) que \u00e9 a concessi\u00e1n\u00e1ria dos novos trechos desta corredor log\u00edstico.<\/p>\n<p style=\"text-align: justify;\">O tra\u00e7ado da linha come\u00e7a de Moatize, em Tete e passa pelo pa\u00eds vizinho, Malawi e entra em Mo\u00e7ambique pela Vila de Entre-Lagos, distrito de Lagos, prov\u00edncia do Niassa donde segue percorrendo o distrito de Cuamba e passa pela prov\u00edncia de Nampula nos distritos de Malema, Rib\u00e1ue, Mecuburi, Rapale, Nampula, Meconta e Monapo onde deriva \u00e0 esquerda a caminho do litoral at\u00e9 Nacala \u00e0 Velha onde a CLN construiu um terminal portu\u00e1rio multiuso.<\/p>\n<p style=\"text-align: justify;\">De acordo com os dados da CLN, em 2016, primeiro ano de opera\u00e7\u00e3o efectiva, a empresa exportou cerca de 6.5 milh\u00f5es de toneladas de carv\u00e3o mineral e a perspectiva \u00e9 de atingir 18 milh\u00f5es de toneladas por ano que \u00e9 a capacidade instalada no porto, assim como para a ferrovia. Para o futuro vai depender da demanda e do pre\u00e7o do carv\u00e3o uma vez que se tem registado oscila\u00e7\u00f5es de pre\u00e7os deste min\u00e9rio no mercado internacional.<\/p>\n<p style=\"text-align: justify;\">Com este projecto, Mo\u00e7ambique disp\u00f5e de capacidade tecnol\u00f3gica para o transporte de produtos por ferrovia o que acrescenta a cadeia de valor na produ\u00e7\u00e3o agr\u00edcola que para al\u00e9m de satisfazer a popula\u00e7\u00e3o, servir tamb\u00e9m de exporta\u00e7\u00e3o dada as potencialidades de que o pa\u00eds disp\u00f5e.<\/p>\n<p style=\"text-align: justify;\">Como contributo directo nas contas do Estado, o projecto j\u00e1 contribuiu com 650 milh\u00f5es de Meticais s\u00f3 no ano de 2016 e os mais de 100 contractos j\u00e1 rubricados que totalizam mais de 126 milh\u00f5es de d\u00f3lares americanos, v\u00e3o gerar taxas e contribui\u00e7\u00f5es para os cofres p\u00fablicos. Al\u00e9m desta contribui\u00e7\u00e3o h\u00e1 outro papel muito importante para o desenvolvimento local no Corredor de Nacala porque h\u00e1 n\u00fameros da ONU que dizem, para cada emprego directo, s\u00e3o gerados 27 empregos indirectos no interland na sua actua\u00e7\u00e3o desde o com\u00e9rcio e outras actividades da cidade. Portanto, a contribui\u00e7\u00e3o extrapola para al\u00e9m daquilo que a CLN e a CDN podem contribuir para os cofres do Estado. Portanto o corredor impulsiona bastante o desenvolvimento local em toda sua extens\u00e3o.<\/p>\n<p style=\"text-align: justify;\">A empresa CLN est\u00e1 a fazer um estudo de viabilidade para a introdu\u00e7\u00e3o, quer no territ\u00f3rio mo\u00e7ambicano, quer malawiano, a possibilidade de introdu\u00e7\u00e3o de carruagens de passageiros, dependendo da demanda em cada tro\u00e7o.<\/p>\n<p style=\"text-align: justify;\"><a class=\"jcepopup icon-bottom-right\" type=\"image\" href=\"http:\/\/www.cfm.co.mz\/wp-content\/uploads\/2017\/05\/Nacala_Imagem2.jpg\" target=\"_blank\" data-mediabox=\"width[800]\" rel=\"noopener\"><img decoding=\"async\" style=\"margin: 5px; float: right;\" src=\"http:\/\/www.cfm.co.mz\/wp-content\/uploads\/2017\/05\/Nacala_Imagem2.jpg\" alt=\"Nacala Imagem2\" width=\"250\" \/><\/a>No que se refere ao emprego, a primeira faze do projecto, de constru\u00e7\u00e3o e reabilita\u00e7\u00e3o, foram empregues mais de 10 mil trabalhadores ao longo de toda a via ferrovi\u00e1ria. Actualmente, em todo o corredor que tem quatro empresas a operar, s\u00e3o 4 mil trabalhadores, aproximadamente, dos quais, 90 por cento s\u00e3o mo\u00e7ambicanos. Particularmente, na CLN que \u00e9 a operadora respons\u00e1vel pelo transporte do carv\u00e3o, trabalham mil e duzentos trabalhadores, sendo 40 por cento provenientes da prov\u00edncia de Nampula sinal de valoriza\u00e7\u00e3o da m\u00e3o-de-obra local. No tocante \u00e0 equidade de g\u00e9nero, a CLN emprega cerca de 150 trabalhadores do sexo feminino, correspondente a 14 por cento da m\u00e3o-de-obra da empresa \u00e0s quais lhes s\u00e3o garantidos todos direitos legais, inclu\u00edda licen\u00e7a de maternidade.<\/p>\n<p style=\"text-align: justify;\">Segundo a CLN, no mercado internacional o carv\u00e3o de Moatize \u00e9 muito bom e 70 por cento \u00e9 carv\u00e3o metal\u00fargico aplicado na produ\u00e7\u00e3o de a\u00e7o aplicado em qualquer parte do mundo incluindo pelas fam\u00edlias. Outro carv\u00e3o produzido em Moatize \u00e9 t\u00e9rmico que se destina a gera\u00e7\u00e3o de energia na China, no Jap\u00e3o e Brasil.<\/p>\n<p style=\"text-align: justify;\">A administra\u00e7\u00e3o da CLN, manifestou a sua alegria pela inaugura\u00e7\u00e3o do empreendimento e pela tr\u00e9gua por um per\u00edodo indeterminado, cujas hostilidades militares provocaram, algumas vezes, a paralisa\u00e7\u00e3o de circula\u00e7\u00e3o do comboio de carv\u00e3o entre Tete de Sofala. A paz \u00e9 fundamental para se desenvolver um pa\u00eds onde \u00e9 preciso parceria entre pa\u00edses tal como \u00e9 a parceria estrat\u00e9gica entre Mo\u00e7ambique e Brasil na explora\u00e7\u00e3o do carv\u00e3o de Moatize. Para o efeito \u00e9 preciso que haja um ambiente atractivo e seguro para a capta\u00e7\u00e3o de investimentos estrangeiros.<\/p>\n<p style=\"text-align: justify;\">Depois de estudos de viabilidade, as obras iniciaram em 2012 que compreenderam a constru\u00e7\u00e3o e reabilita\u00e7\u00e3o de tro\u00e7os em Mo\u00e7ambique e no Malawi num valor aproximado de 4.5 mil mil\u00f5es de d\u00f3lares americanos incluindo a terminal multiuso de Nacala Velha.<\/p>\n<p style=\"text-align: justify;\">Ao longo do projecto foram identificadas 1600 fam\u00edlias afectadas ao longo da linha e constru\u00eddas tamb\u00e9m 1600 casas que j\u00e1 foram entregues com assist\u00eancia garantida para os rendimentos e os meios de subsist\u00eancia que as fam\u00edlias tinham nos seus locais de origem ou melhor\u00e1-los se poss\u00edvel, por dois anos.<\/p>\n<p style=\"text-align: justify;\">Quando as opera\u00e7\u00f5es atingirem a sua plena capacidade ter\u00e3o nos carris 21 carruagens por dia que ir\u00e3o percorrer da mina ao porto em 70 horas.<\/p>","protected":false},"excerpt":{"rendered":"<p>O Presidente da Rep\u00fablica, Filipe Nyusi felicitou, no passado dia 12 de Maio de 2017, em Nacala-\u00e0-Velha, a Empresa Portos e Caminhos de Ferro de Mo\u00e7ambique (CFM) pela acertada escolha de um parceiro brasileiro \u201cforte com m\u00fasculo empresarial e pela sua profissional forma de relacionamento que tem estado a permitir a viabiliza\u00e7\u00e3o do maior projecto ferrovi\u00e1rio da \u00c1frica Austral\u201d.<\/p>","protected":false},"author":94,"featured_media":8807,"comment_status":"open","ping_status":"open","sticky":false,"template":"","format":"standard","meta":{"_acf_changed":false,"pgc_sgb_lightbox_settings":"","footnotes":""},"categories":[680],"tags":[],"class_list":["post-8810","post","type-post","status-publish","format-standard","has-post-thumbnail","hentry","category-noticias"],"acf":[],"yoast_head":"<!-- This site is optimized with the Yoast SEO plugin v26.5 - https:\/\/yoast.com\/wordpress\/plugins\/seo\/ -->\n<title>Presidente da Rep\u00fablica felicita CFM - CFM - Caminhos De Ferros de Mo\u00e7ambique<\/title>\n<meta name=\"robots\" content=\"index, follow, max-snippet:-1, max-image-preview:large, max-video-preview:-1\" \/>\n<link rel=\"canonical\" href=\"https:\/\/www.cfm.co.mz\/en\/2017\/05\/10\/presidente-da-republica-felicita-cfm\/\" \/>\n<meta property=\"og:locale\" content=\"en_US\" \/>\n<meta property=\"og:type\" content=\"article\" \/>\n<meta property=\"og:title\" content=\"Presidente da Rep\u00fablica felicita CFM - CFM - Caminhos De Ferros de Mo\u00e7ambique\" \/>\n<meta property=\"og:description\" content=\"O Presidente da Rep\u00fablica, Filipe Nyusi felicitou, no passado dia 12 de Maio de 2017, em Nacala-\u00e0-Velha, a Empresa Portos e Caminhos de Ferro de Mo\u00e7ambique (CFM) pela acertada escolha de um parceiro brasileiro \u201cforte com m\u00fasculo empresarial e pela sua profissional forma de relacionamento que tem estado a permitir a viabiliza\u00e7\u00e3o do maior projecto ferrovi\u00e1rio da \u00c1frica Austral\u201d.\" \/>\n<meta property=\"og:url\" content=\"https:\/\/www.cfm.co.mz\/en\/2017\/05\/10\/presidente-da-republica-felicita-cfm\/\" \/>\n<meta property=\"og:site_name\" content=\"CFM - Caminhos De Ferros de Mo\u00e7ambique\" \/>\n<meta property=\"article:publisher\" content=\"https:\/\/www.facebook.com\/CFMMoz\" \/>\n<meta property=\"article:published_time\" content=\"2017-05-10T15:09:35+00:00\" \/>\n<meta property=\"og:image\" content=\"https:\/\/www.cfm.co.mz\/wp-content\/uploads\/2017\/05\/Nacala_Imagem1.jpg\" \/>\n\t<meta property=\"og:image:width\" content=\"1800\" \/>\n\t<meta property=\"og:image:height\" content=\"1200\" \/>\n\t<meta property=\"og:image:type\" content=\"image\/jpeg\" \/>\n<meta name=\"author\" content=\"D\u00e9rcio Badru\" \/>\n<meta name=\"twitter:card\" content=\"summary_large_image\" \/>\n<meta name=\"twitter:label1\" content=\"Written by\" \/>\n\t<meta name=\"twitter:data1\" content=\"D\u00e9rcio Badru\" \/>\n\t<meta name=\"twitter:label2\" content=\"Est. reading time\" \/>\n\t<meta name=\"twitter:data2\" content=\"5 minutes\" \/>\n<script type=\"application\/ld+json\" class=\"yoast-schema-graph\">{\"@context\":\"https:\/\/schema.org\",\"@graph\":[{\"@type\":\"Article\",\"@id\":\"https:\/\/www.cfm.co.mz\/2017\/05\/10\/presidente-da-republica-felicita-cfm\/#article\",\"isPartOf\":{\"@id\":\"https:\/\/www.cfm.co.mz\/2017\/05\/10\/presidente-da-republica-felicita-cfm\/\"},\"author\":{\"name\":\"D\u00e9rcio Badru\",\"@id\":\"https:\/\/www.cfm.co.mz\/#\/schema\/person\/1bb663f3c59dc61900f6f9b1c2b53552\"},\"headline\":\"Presidente da Rep\u00fablica felicita CFM\",\"datePublished\":\"2017-05-10T15:09:35+00:00\",\"mainEntityOfPage\":{\"@id\":\"https:\/\/www.cfm.co.mz\/2017\/05\/10\/presidente-da-republica-felicita-cfm\/\"},\"wordCount\":1018,\"commentCount\":0,\"publisher\":{\"@id\":\"https:\/\/www.cfm.co.mz\/#organization\"},\"image\":{\"@id\":\"https:\/\/www.cfm.co.mz\/2017\/05\/10\/presidente-da-republica-felicita-cfm\/#primaryimage\"},\"thumbnailUrl\":\"https:\/\/www.cfm.co.mz\/wp-content\/uploads\/2017\/05\/Nacala_Imagem1.jpg\",\"articleSection\":[\"Noticias\"],\"inLanguage\":\"en-US\",\"potentialAction\":[{\"@type\":\"CommentAction\",\"name\":\"Comment\",\"target\":[\"https:\/\/www.cfm.co.mz\/2017\/05\/10\/presidente-da-republica-felicita-cfm\/#respond\"]}]},{\"@type\":\"WebPage\",\"@id\":\"https:\/\/www.cfm.co.mz\/2017\/05\/10\/presidente-da-republica-felicita-cfm\/\",\"url\":\"https:\/\/www.cfm.co.mz\/2017\/05\/10\/presidente-da-republica-felicita-cfm\/\",\"name\":\"Presidente da Rep\u00fablica felicita CFM - CFM - Caminhos De Ferros de Mo\u00e7ambique\",\"isPartOf\":{\"@id\":\"https:\/\/www.cfm.co.mz\/#website\"},\"primaryImageOfPage\":{\"@id\":\"https:\/\/www.cfm.co.mz\/2017\/05\/10\/presidente-da-republica-felicita-cfm\/#primaryimage\"},\"image\":{\"@id\":\"https:\/\/www.cfm.co.mz\/2017\/05\/10\/presidente-da-republica-felicita-cfm\/#primaryimage\"},\"thumbnailUrl\":\"https:\/\/www.cfm.co.mz\/wp-content\/uploads\/2017\/05\/Nacala_Imagem1.jpg\",\"datePublished\":\"2017-05-10T15:09:35+00:00\",\"breadcrumb\":{\"@id\":\"https:\/\/www.cfm.co.mz\/2017\/05\/10\/presidente-da-republica-felicita-cfm\/#breadcrumb\"},\"inLanguage\":\"en-US\",\"potentialAction\":[{\"@type\":\"ReadAction\",\"target\":[\"https:\/\/www.cfm.co.mz\/2017\/05\/10\/presidente-da-republica-felicita-cfm\/\"]}]},{\"@type\":\"ImageObject\",\"inLanguage\":\"en-US\",\"@id\":\"https:\/\/www.cfm.co.mz\/2017\/05\/10\/presidente-da-republica-felicita-cfm\/#primaryimage\",\"url\":\"https:\/\/www.cfm.co.mz\/wp-content\/uploads\/2017\/05\/Nacala_Imagem1.jpg\",\"contentUrl\":\"https:\/\/www.cfm.co.mz\/wp-content\/uploads\/2017\/05\/Nacala_Imagem1.jpg\",\"width\":1800,\"height\":1200,\"caption\":\"Nacala Imagem1\"},{\"@type\":\"BreadcrumbList\",\"@id\":\"https:\/\/www.cfm.co.mz\/2017\/05\/10\/presidente-da-republica-felicita-cfm\/#breadcrumb\",\"itemListElement\":[{\"@type\":\"ListItem\",\"position\":1,\"name\":\"Home\",\"item\":\"https:\/\/www.cfm.co.mz\/\"},{\"@type\":\"ListItem\",\"position\":2,\"name\":\"Presidente da Rep\u00fablica felicita CFM\"}]},{\"@type\":\"WebSite\",\"@id\":\"https:\/\/www.cfm.co.mz\/#website\",\"url\":\"https:\/\/www.cfm.co.mz\/\",\"name\":\"CFM - Caminhos De Ferros de Mo\u00e7ambique\",\"description\":\"Ampliando Horizontes\",\"publisher\":{\"@id\":\"https:\/\/www.cfm.co.mz\/#organization\"},\"potentialAction\":[{\"@type\":\"SearchAction\",\"target\":{\"@type\":\"EntryPoint\",\"urlTemplate\":\"https:\/\/www.cfm.co.mz\/?s={search_term_string}\"},\"query-input\":{\"@type\":\"PropertyValueSpecification\",\"valueRequired\":true,\"valueName\":\"search_term_string\"}}],\"inLanguage\":\"en-US\"},{\"@type\":\"Organization\",\"@id\":\"https:\/\/www.cfm.co.mz\/#organization\",\"name\":\"CFM - Caminhos De Ferros de Mo\u00e7ambique\",\"url\":\"https:\/\/www.cfm.co.mz\/\",\"logo\":{\"@type\":\"ImageObject\",\"inLanguage\":\"en-US\",\"@id\":\"https:\/\/www.cfm.co.mz\/#\/schema\/logo\/image\/\",\"url\":\"https:\/\/www.cfm.co.mz\/wp-content\/uploads\/2025\/07\/be5f0679-4f5b-4d02-9719-a26ceed29162.jpg\",\"contentUrl\":\"https:\/\/www.cfm.co.mz\/wp-content\/uploads\/2025\/07\/be5f0679-4f5b-4d02-9719-a26ceed29162.jpg\",\"width\":400,\"height\":65,\"caption\":\"CFM - Caminhos De Ferros de Mo\u00e7ambique\"},\"image\":{\"@id\":\"https:\/\/www.cfm.co.mz\/#\/schema\/logo\/image\/\"},\"sameAs\":[\"https:\/\/www.facebook.com\/CFMMoz\",\"https:\/\/www.linkedin.com\/company\/caminhos-de-ferro-de-moambique\/\"]},{\"@type\":\"Person\",\"@id\":\"https:\/\/www.cfm.co.mz\/#\/schema\/person\/1bb663f3c59dc61900f6f9b1c2b53552\",\"name\":\"D\u00e9rcio Badru\",\"image\":{\"@type\":\"ImageObject\",\"inLanguage\":\"en-US\",\"@id\":\"https:\/\/www.cfm.co.mz\/#\/schema\/person\/image\/\",\"url\":\"https:\/\/www.cfm.co.mz\/wp-content\/litespeed\/avatar\/be89d6955942d7259ef76de4577d21b3.jpg?ver=1777454359\",\"contentUrl\":\"https:\/\/www.cfm.co.mz\/wp-content\/litespeed\/avatar\/be89d6955942d7259ef76de4577d21b3.jpg?ver=1777454359\",\"caption\":\"D\u00e9rcio Badru\"},\"url\":\"https:\/\/www.cfm.co.mz\/en\/author\/dercio\/\"}]}<\/script>\n<!-- \/ Yoast SEO plugin. -->","yoast_head_json":{"title":"Presidente da Rep\u00fablica felicita CFM - CFM - Caminhos De Ferros de Mo\u00e7ambique","robots":{"index":"index","follow":"follow","max-snippet":"max-snippet:-1","max-image-preview":"max-image-preview:large","max-video-preview":"max-video-preview:-1"},"canonical":"https:\/\/www.cfm.co.mz\/en\/2017\/05\/10\/presidente-da-republica-felicita-cfm\/","og_locale":"en_US","og_type":"article","og_title":"Presidente da Rep\u00fablica felicita CFM - CFM - Caminhos De Ferros de Mo\u00e7ambique","og_description":"O Presidente da Rep\u00fablica, Filipe Nyusi felicitou, no passado dia 12 de Maio de 2017, em Nacala-\u00e0-Velha, a Empresa Portos e Caminhos de Ferro de Mo\u00e7ambique (CFM) pela acertada escolha de um parceiro brasileiro \u201cforte com m\u00fasculo empresarial e pela sua profissional forma de relacionamento que tem estado a permitir a viabiliza\u00e7\u00e3o do maior projecto ferrovi\u00e1rio da \u00c1frica Austral\u201d.","og_url":"https:\/\/www.cfm.co.mz\/en\/2017\/05\/10\/presidente-da-republica-felicita-cfm\/","og_site_name":"CFM - Caminhos De Ferros de Mo\u00e7ambique","article_publisher":"https:\/\/www.facebook.com\/CFMMoz","article_published_time":"2017-05-10T15:09:35+00:00","og_image":[{"width":1800,"height":1200,"url":"https:\/\/www.cfm.co.mz\/wp-content\/uploads\/2017\/05\/Nacala_Imagem1.jpg","type":"image\/jpeg"}],"author":"D\u00e9rcio Badru","twitter_card":"summary_large_image","twitter_misc":{"Written by":"D\u00e9rcio Badru","Est. reading time":"5 minutes"},"schema":{"@context":"https:\/\/schema.org","@graph":[{"@type":"Article","@id":"https:\/\/www.cfm.co.mz\/2017\/05\/10\/presidente-da-republica-felicita-cfm\/#article","isPartOf":{"@id":"https:\/\/www.cfm.co.mz\/2017\/05\/10\/presidente-da-republica-felicita-cfm\/"},"author":{"name":"D\u00e9rcio Badru","@id":"https:\/\/www.cfm.co.mz\/#\/schema\/person\/1bb663f3c59dc61900f6f9b1c2b53552"},"headline":"Presidente da Rep\u00fablica felicita CFM","datePublished":"2017-05-10T15:09:35+00:00","mainEntityOfPage":{"@id":"https:\/\/www.cfm.co.mz\/2017\/05\/10\/presidente-da-republica-felicita-cfm\/"},"wordCount":1018,"commentCount":0,"publisher":{"@id":"https:\/\/www.cfm.co.mz\/#organization"},"image":{"@id":"https:\/\/www.cfm.co.mz\/2017\/05\/10\/presidente-da-republica-felicita-cfm\/#primaryimage"},"thumbnailUrl":"https:\/\/www.cfm.co.mz\/wp-content\/uploads\/2017\/05\/Nacala_Imagem1.jpg","articleSection":["Noticias"],"inLanguage":"en-US","potentialAction":[{"@type":"CommentAction","name":"Comment","target":["https:\/\/www.cfm.co.mz\/2017\/05\/10\/presidente-da-republica-felicita-cfm\/#respond"]}]},{"@type":"WebPage","@id":"https:\/\/www.cfm.co.mz\/2017\/05\/10\/presidente-da-republica-felicita-cfm\/","url":"https:\/\/www.cfm.co.mz\/2017\/05\/10\/presidente-da-republica-felicita-cfm\/","name":"Presidente da Rep\u00fablica felicita CFM - CFM - Caminhos De Ferros de Mo\u00e7ambique","isPartOf":{"@id":"https:\/\/www.cfm.co.mz\/#website"},"primaryImageOfPage":{"@id":"https:\/\/www.cfm.co.mz\/2017\/05\/10\/presidente-da-republica-felicita-cfm\/#primaryimage"},"image":{"@id":"https:\/\/www.cfm.co.mz\/2017\/05\/10\/presidente-da-republica-felicita-cfm\/#primaryimage"},"thumbnailUrl":"https:\/\/www.cfm.co.mz\/wp-content\/uploads\/2017\/05\/Nacala_Imagem1.jpg","datePublished":"2017-05-10T15:09:35+00:00","breadcrumb":{"@id":"https:\/\/www.cfm.co.mz\/2017\/05\/10\/presidente-da-republica-felicita-cfm\/#breadcrumb"},"inLanguage":"en-US","potentialAction":[{"@type":"ReadAction","target":["https:\/\/www.cfm.co.mz\/2017\/05\/10\/presidente-da-republica-felicita-cfm\/"]}]},{"@type":"ImageObject","inLanguage":"en-US","@id":"https:\/\/www.cfm.co.mz\/2017\/05\/10\/presidente-da-republica-felicita-cfm\/#primaryimage","url":"https:\/\/www.cfm.co.mz\/wp-content\/uploads\/2017\/05\/Nacala_Imagem1.jpg","contentUrl":"https:\/\/www.cfm.co.mz\/wp-content\/uploads\/2017\/05\/Nacala_Imagem1.jpg","width":1800,"height":1200,"caption":"Nacala Imagem1"},{"@type":"BreadcrumbList","@id":"https:\/\/www.cfm.co.mz\/2017\/05\/10\/presidente-da-republica-felicita-cfm\/#breadcrumb","itemListElement":[{"@type":"ListItem","position":1,"name":"Home","item":"https:\/\/www.cfm.co.mz\/"},{"@type":"ListItem","position":2,"name":"Presidente da Rep\u00fablica felicita CFM"}]},{"@type":"WebSite","@id":"https:\/\/www.cfm.co.mz\/#website","url":"https:\/\/www.cfm.co.mz\/","name":"CFM - Caminhos De Ferros de Mo\u00e7ambique","description":"Ampliando Horizontes","publisher":{"@id":"https:\/\/www.cfm.co.mz\/#organization"},"potentialAction":[{"@type":"SearchAction","target":{"@type":"EntryPoint","urlTemplate":"https:\/\/www.cfm.co.mz\/?s={search_term_string}"},"query-input":{"@type":"PropertyValueSpecification","valueRequired":true,"valueName":"search_term_string"}}],"inLanguage":"en-US"},{"@type":"Organization","@id":"https:\/\/www.cfm.co.mz\/#organization","name":"CFM - Caminhos De Ferros de Mo\u00e7ambique","url":"https:\/\/www.cfm.co.mz\/","logo":{"@type":"ImageObject","inLanguage":"en-US","@id":"https:\/\/www.cfm.co.mz\/#\/schema\/logo\/image\/","url":"https:\/\/www.cfm.co.mz\/wp-content\/uploads\/2025\/07\/be5f0679-4f5b-4d02-9719-a26ceed29162.jpg","contentUrl":"https:\/\/www.cfm.co.mz\/wp-content\/uploads\/2025\/07\/be5f0679-4f5b-4d02-9719-a26ceed29162.jpg","width":400,"height":65,"caption":"CFM - Caminhos De Ferros de Mo\u00e7ambique"},"image":{"@id":"https:\/\/www.cfm.co.mz\/#\/schema\/logo\/image\/"},"sameAs":["https:\/\/www.facebook.com\/CFMMoz","https:\/\/www.linkedin.com\/company\/caminhos-de-ferro-de-moambique\/"]},{"@type":"Person","@id":"https:\/\/www.cfm.co.mz\/#\/schema\/person\/1bb663f3c59dc61900f6f9b1c2b53552","name":"D\u00e9rcio Badru","image":{"@type":"ImageObject","inLanguage":"en-US","@id":"https:\/\/www.cfm.co.mz\/#\/schema\/person\/image\/","url":"https:\/\/www.cfm.co.mz\/wp-content\/litespeed\/avatar\/be89d6955942d7259ef76de4577d21b3.jpg?ver=1777454359","contentUrl":"https:\/\/www.cfm.co.mz\/wp-content\/litespeed\/avatar\/be89d6955942d7259ef76de4577d21b3.jpg?ver=1777454359","caption":"D\u00e9rcio Badru"},"url":"https:\/\/www.cfm.co.mz\/en\/author\/dercio\/"}]}},"_links":{"self":[{"href":"https:\/\/www.cfm.co.mz\/en\/wp-json\/wp\/v2\/posts\/8810","targetHints":{"allow":["GET"]}}],"collection":[{"href":"https:\/\/www.cfm.co.mz\/en\/wp-json\/wp\/v2\/posts"}],"about":[{"href":"https:\/\/www.cfm.co.mz\/en\/wp-json\/wp\/v2\/types\/post"}],"author":[{"embeddable":true,"href":"https:\/\/www.cfm.co.mz\/en\/wp-json\/wp\/v2\/users\/94"}],"replies":[{"embeddable":true,"href":"https:\/\/www.cfm.co.mz\/en\/wp-json\/wp\/v2\/comments?post=8810"}],"version-history":[{"count":0,"href":"https:\/\/www.cfm.co.mz\/en\/wp-json\/wp\/v2\/posts\/8810\/revisions"}],"wp:featuredmedia":[{"embeddable":true,"href":"https:\/\/www.cfm.co.mz\/en\/wp-json\/wp\/v2\/media\/8807"}],"wp:attachment":[{"href":"https:\/\/www.cfm.co.mz\/en\/wp-json\/wp\/v2\/media?parent=8810"}],"wp:term":[{"taxonomy":"category","embeddable":true,"href":"https:\/\/www.cfm.co.mz\/en\/wp-json\/wp\/v2\/categories?post=8810"},{"taxonomy":"post_tag","embeddable":true,"href":"https:\/\/www.cfm.co.mz\/en\/wp-json\/wp\/v2\/tags?post=8810"}],"curies":[{"name":"wp","href":"https:\/\/api.w.org\/{rel}","templated":true}]}}