{"id":8806,"date":"2017-05-03T14:22:18","date_gmt":"2017-05-03T14:22:18","guid":{"rendered":"https:\/\/www.cfm.co.mz\/2017\/05\/03\/apesar-da-conjuntura-economica-dificil-cfm-teve-desempenho-economico-positivo-em-2016\/"},"modified":"2017-05-03T14:22:18","modified_gmt":"2017-05-03T14:22:18","slug":"apesar-da-conjuntura-economica-dificil-cfm-teve-desempenho-economico-positivo-em-2016","status":"publish","type":"post","link":"https:\/\/www.cfm.co.mz\/en\/2017\/05\/03\/apesar-da-conjuntura-economica-dificil-cfm-teve-desempenho-economico-positivo-em-2016\/","title":{"rendered":"Apesar da conjuntura econ\u00f3mica dif\u00edcil: CFM teve desempenho econ\u00f3mico positivo em 2016"},"content":{"rendered":"<p style=\"text-align: justify;\"><strong><img decoding=\"async\" class=\"alignleft size-full wp-image-8803\" style=\"margin: 5px; float: left;\" src=\"http:\/\/www.cfm.co.mz\/wp-content\/uploads\/2017\/05\/Reuniao-de-Directores-2017_MTC.JPG\" alt=\"Reuni\u00e3o de Directores 2017 MTC\" width=\"250\" height=\"167\" srcset=\"https:\/\/www.cfm.co.mz\/wp-content\/uploads\/2017\/05\/Reuniao-de-Directores-2017_MTC.JPG 1800w, https:\/\/www.cfm.co.mz\/wp-content\/uploads\/2017\/05\/Reuniao-de-Directores-2017_MTC-300x200.jpg 300w, https:\/\/www.cfm.co.mz\/wp-content\/uploads\/2017\/05\/Reuniao-de-Directores-2017_MTC-1024x683.jpg 1024w, https:\/\/www.cfm.co.mz\/wp-content\/uploads\/2017\/05\/Reuniao-de-Directores-2017_MTC-768x512.jpg 768w, https:\/\/www.cfm.co.mz\/wp-content\/uploads\/2017\/05\/Reuniao-de-Directores-2017_MTC-1536x1024.jpg 1536w\" sizes=\"(max-width: 250px) 100vw, 250px\" \/>O Governo elogia os CFM e exorta mais esfor\u00e7o no transporte de passageiros urbanos<\/strong><\/p>\n<p style=\"text-align: justify;\">A empresa Portos e Caminhos de Ferro de Mo\u00e7ambique (CFM) \u00e9, para o Governo mo\u00e7ambicano, estrat\u00e9gica e se destaca dentro da economia nacional pelo seu desempenho que marca diferen\u00e7a na balan\u00e7a de pagamentos e reflecte-se de forma objectiva na vida dos mo\u00e7ambicanos.<\/p>\n<p><!--more--><\/p>\n<p style=\"text-align: justify;\">O reconhecimento foi anunciado no ambito do encerramento do do XXI Conselho de Directores, no dia 28 de Abril de 2017, em Maputo, pelo Ministro dos Transports e Comunica\u00e7\u00f5es (MTC), Eng. Carlos Mesquita.<\/p>\n<p style=\"text-align: justify;\">Para corresponder \u00e0s espectativas do Governo e do mercado que se mostra cada vez mais exigente e competitivo, Carlos Mesquita disse que a empresa CFM deve reinventar-se o que implica uma pujan\u00e7a e aud\u00e1cia necess\u00e1rias para despertar a iniciativa criadora, de modo que, com crit\u00e9rios objectivos, Mo\u00e7ambique possa ombrear de igual para igual como os concorrentes mais directos.<\/p>\n<p style=\"text-align: justify;\">\u201cInsistimos que devemos olhar cada vez mais para dentro e para o recurso mais precioso que s\u00e3o os recursos humanos e investir nele\u201d, disse o Ministro.<\/p>\n<p style=\"text-align: justify;\"><img decoding=\"async\" class=\"alignright size-full wp-image-8804\" style=\"margin: 5px; float: right;\" src=\"http:\/\/www.cfm.co.mz\/wp-content\/uploads\/2017\/05\/Reuniaode-Directores-2017_PCA.JPG\" alt=\"Reuni\u00e3ode Directores 2017 PCA\" width=\"250\" height=\"167\" srcset=\"https:\/\/www.cfm.co.mz\/wp-content\/uploads\/2017\/05\/Reuniaode-Directores-2017_PCA.JPG 1800w, https:\/\/www.cfm.co.mz\/wp-content\/uploads\/2017\/05\/Reuniaode-Directores-2017_PCA-300x200.jpg 300w, https:\/\/www.cfm.co.mz\/wp-content\/uploads\/2017\/05\/Reuniaode-Directores-2017_PCA-1024x683.jpg 1024w, https:\/\/www.cfm.co.mz\/wp-content\/uploads\/2017\/05\/Reuniaode-Directores-2017_PCA-768x512.jpg 768w, https:\/\/www.cfm.co.mz\/wp-content\/uploads\/2017\/05\/Reuniaode-Directores-2017_PCA-1536x1024.jpg 1536w\" sizes=\"(max-width: 250px) 100vw, 250px\" \/>O Presidente do Conselho de Administra\u00e7\u00e3o (PCA) dos CFM, Eng. Miguel Jos\u00e9 Matabel tinha referido, na abertura que, apesar das adversidades econ\u00f3mico-financeiras que caracterizaram e impactaram o ambiente de neg\u00f3cios para o nosso Pa\u00eds em 2016, os CFM alcan\u00e7aram resultados l\u00edquidos positivos antes dos impostos alcan\u00e7ando o montante de 2,29 mil milh\u00f5es de Meticais, contra 1.89 mil milh\u00f5es de Meticais atingidos no exerc\u00edcio de 2015, representando um crescimento na ordem de 21%, facto que manteve algum optimismo.<\/p>\n<p style=\"text-align: justify;\">Para o Eng. Miguel Matabel, os CFM procuram responder os desafios actuais tendo em vista ao aumento da capacidade produtiva da empresa nos seus variados sectores, de modo a adequ\u00e1-la ao actual mercado global que exige servi\u00e7os modernos, eficientes e, acima de tudo, que inspirem seguran\u00e7a.<\/p>\n<p style=\"text-align: justify;\">Segundo ele, junta-se a esta situa\u00e7\u00e3o o facto de o ano de 2016 ter sido caracterizado por uma conjuntura internacional pouco favor\u00e1vel, como reflexo da crise financeira que vem afectando a economia mundial, de forma geral, e impactando no sector de log\u00edstica de transportes, em particular. Apontou como exemplo, a situa\u00e7\u00e3o do Carv\u00e3o, um dos maiores commodities transportados pela nossa ferrovia e manuseado nos nossos Portos, que mostra um cen\u00e1rio de um futuro pouco animador por conta da tend\u00eancia crescente mundial em reduzir a polui\u00e7\u00e3o ambiental e controlar o aquecimento Global, procurando solu\u00e7\u00f5es energ\u00e9ticas mais vi\u00e1veis.<\/p>\n<p style=\"text-align: justify;\">Para o PCA dos CFM, o quadro dos desafios e resultados apresentado, revela o compromisso e desafio da empresa em prosseguir e fazer com que os CFM continuem a registar \u00edndices de crescimento, de modo a que possa contribuir para o desenvolvimento do nosso Pa\u00eds.<\/p>\n<p style=\"text-align: justify;\">Para isso, Eng. Matabel disse que \u00e9 preciso desenvolver, cada vez mais, algumas pr\u00e1ticas de postura assentes em 5 pilares, designadamente: o bom senso de planifica\u00e7\u00e3o de tarefas; o desenvolvimento do Esp\u00edrito de Trabalho em equipa; o rigor da qualidade na execu\u00e7\u00e3o das tarefas; a observ\u00e2ncia dos princ\u00edpios das regras de Seguran\u00e7a e protec\u00e7\u00e3o ambiental e; uma boa Gest\u00e3o de Recursos Humanos, financeiros e materiais.<\/p>\n<p style=\"text-align: justify;\">\u201cConduzindo a gest\u00e3o da nossa empresa sob esses princ\u00edpios, tenho a certeza de que estaremos a tomar a postura correcta e, assim, continuarmos a materializa\u00e7\u00e3o das propostas dos projectos que tra\u00e7amos, incluindo os de cariz social, como foram os casos: a) da Contribui\u00e7\u00e3o para o Fundo de Desenvolvimento e Comunica\u00e7\u00f5es; b) do Apoio para edifica\u00e7\u00e3o de infra-estruturas sociais no povoado de Namawa, Prov\u00edncia de Cabo Delgado; c) do Patroc\u00ednio do Mo\u00e7ambola edi\u00e7\u00e3o 2016 e dos Clubes Ferrovi\u00e1rios; d) do Patroc\u00ednio de Mo\u00e7ambique em progresso, programa televisivo que mostra as diferentes faces de desenvolvimento do nosso Pa\u00eds, s\u00f3 para citar alguns exemplos\u201d, sublinhou o Eng. Matabel.<\/p>\n<p style=\"text-align: justify;\">Contamos com a disponibilidade da for\u00e7a de trabalho dos CFM para superar os desafios pela frente como ferrovi\u00e1rios est\u00e3o habituados, o PCA dos CFM disse, para um melhor aproveitamento dos recursos humanos, foi decidido avan\u00e7ar, com car\u00e1cter urgente, com o processo de actualiza\u00e7\u00e3o do Quadro de Pessoal, cuja implementa\u00e7\u00e3o dever\u00e1 acontecer j\u00e1 nos pr\u00f3ximos meses.<\/p>\n<p style=\"text-align: justify;\">Os CFM contam a localiza\u00e7\u00e3o geoestrat\u00e9gica dos portos nossos e das nossas linhas f\u00e9rreas em rela\u00e7\u00e3o aos Pa\u00edses do hinterland, com um factor a aproveitar. <br \/>\u201cVamos todos, ent\u00e3o, nos comprometer por uma gest\u00e3o focalizada no aumento da produ\u00e7\u00e3o e produtividade!\u201d, exortou o PCA, Eng. Matabel.<\/p>\n<p style=\"text-align: justify;\"><img decoding=\"async\" class=\"alignleft size-full wp-image-8805\" style=\"margin: 5px; float: left;\" src=\"http:\/\/www.cfm.co.mz\/wp-content\/uploads\/2017\/05\/Reuniao-de-Directores-2017.JPG\" alt=\"Reuni\u00e3o de Directores 2017\" width=\"250\" height=\"167\" srcset=\"https:\/\/www.cfm.co.mz\/wp-content\/uploads\/2017\/05\/Reuniao-de-Directores-2017.JPG 1800w, https:\/\/www.cfm.co.mz\/wp-content\/uploads\/2017\/05\/Reuniao-de-Directores-2017-300x200.jpg 300w, https:\/\/www.cfm.co.mz\/wp-content\/uploads\/2017\/05\/Reuniao-de-Directores-2017-1024x683.jpg 1024w, https:\/\/www.cfm.co.mz\/wp-content\/uploads\/2017\/05\/Reuniao-de-Directores-2017-768x512.jpg 768w, https:\/\/www.cfm.co.mz\/wp-content\/uploads\/2017\/05\/Reuniao-de-Directores-2017-1536x1024.jpg 1536w\" sizes=\"(max-width: 250px) 100vw, 250px\" \/>O XXI Conselho de Directores da empresa CFM foi aberto pelo Secret\u00e1rio Permanente do Minist\u00e9rio dos Transportes e Comunica\u00e7\u00f5es, Pedro Igreja e contou a participa\u00e7\u00e3o dos membros do Conselho da Administra\u00e7\u00e3o, do Conselho Fiscal, entre outros Gestores S\u00e9niores, Assessores, Consultores e T\u00e9cnicos Superiores.<\/p>\n<p style=\"text-align: justify;\">O encontro de dois dias que serviu para identifica\u00e7\u00e3o, an\u00e1lise e debate de quest\u00f5es relacionadas \u00e0 nossa actividade, tendo como objectivo a defini\u00e7\u00e3o, aperfei\u00e7oamento e adop\u00e7\u00e3o de novas pr\u00e1ticas e estrat\u00e9gias de gest\u00e3o dos CFM, com vista a melhorar a produ\u00e7\u00e3o e produtividade, teve os seguintes pontos:<\/p>\n<p style=\"text-align: justify;\">i) O Balan\u00e7o e a Avalia\u00e7\u00e3o do desempenho produtivo, econ\u00f3mico e financeiro do CFM no exerc\u00edcio econ\u00f3mico de 2016; ii) A An\u00e1lise de execu\u00e7\u00e3o dos Projectos de Investimentos propostos em 2016 e perspectivas para o presente ano; iii) A An\u00e1lise do desempenho econ\u00f3mico e financeiro das empresas onde o CFM tem participa\u00e7\u00f5es, no exerc\u00edcio de 2016; iv) Discuss\u00e3o sobre o Modelo tarif\u00e1rio do CFM versus Impacto na gest\u00e3o de clientes nos 3 Corredores.<\/p>\n<p style=\"text-align: justify;\">O Conselho teve ainda uma audi\u00e7\u00e3o pormenorizada das Actividades do Gabinete jur\u00eddico, bem como do ponto de situa\u00e7\u00e3o do processo de actualiza\u00e7\u00e3o do nosso Quadro de Pessoal e terminou com uma Palestra subordinada ao tema: Gest\u00e3o de Tempo.<\/p>","protected":false},"excerpt":{"rendered":"<p>O Governo elogia os CFM e exorta mais esfor\u00e7o no transporte de passageiros urbanos A empresa Portos e Caminhos de Ferro de Mo\u00e7ambique (CFM) \u00e9, para o Governo mo\u00e7ambicano, estrat\u00e9gica e se destaca dentro da economia nacional pelo seu desempenho que marca diferen\u00e7a na balan\u00e7a de pagamentos e reflecte-se de forma objectiva na vida dos mo\u00e7ambicanos.<\/p>","protected":false},"author":94,"featured_media":8803,"comment_status":"open","ping_status":"open","sticky":false,"template":"","format":"standard","meta":{"_acf_changed":false,"pgc_sgb_lightbox_settings":"","footnotes":""},"categories":[680],"tags":[],"class_list":["post-8806","post","type-post","status-publish","format-standard","has-post-thumbnail","hentry","category-noticias"],"acf":[],"yoast_head":"<!-- This site is optimized with the Yoast SEO plugin v26.5 - https:\/\/yoast.com\/wordpress\/plugins\/seo\/ -->\n<title>Apesar da conjuntura econ\u00f3mica dif\u00edcil: CFM teve desempenho econ\u00f3mico positivo em 2016 - CFM - Caminhos De Ferros de Mo\u00e7ambique<\/title>\n<meta name=\"robots\" content=\"index, follow, max-snippet:-1, max-image-preview:large, max-video-preview:-1\" \/>\n<link rel=\"canonical\" href=\"https:\/\/www.cfm.co.mz\/en\/2017\/05\/03\/apesar-da-conjuntura-economica-dificil-cfm-teve-desempenho-economico-positivo-em-2016\/\" \/>\n<meta property=\"og:locale\" content=\"en_US\" \/>\n<meta property=\"og:type\" content=\"article\" \/>\n<meta property=\"og:title\" content=\"Apesar da conjuntura econ\u00f3mica dif\u00edcil: CFM teve desempenho econ\u00f3mico positivo em 2016 - CFM - Caminhos De Ferros de Mo\u00e7ambique\" \/>\n<meta property=\"og:description\" content=\"O Governo elogia os CFM e exorta mais esfor\u00e7o no transporte de passageiros urbanos A empresa Portos e Caminhos de Ferro de Mo\u00e7ambique (CFM) \u00e9, para o Governo mo\u00e7ambicano, estrat\u00e9gica e se destaca dentro da economia nacional pelo seu desempenho que marca diferen\u00e7a na balan\u00e7a de pagamentos e reflecte-se de forma objectiva na vida dos mo\u00e7ambicanos.\" \/>\n<meta property=\"og:url\" content=\"https:\/\/www.cfm.co.mz\/en\/2017\/05\/03\/apesar-da-conjuntura-economica-dificil-cfm-teve-desempenho-economico-positivo-em-2016\/\" \/>\n<meta property=\"og:site_name\" content=\"CFM - Caminhos De Ferros de Mo\u00e7ambique\" \/>\n<meta property=\"article:publisher\" content=\"https:\/\/www.facebook.com\/CFMMoz\" \/>\n<meta property=\"article:published_time\" content=\"2017-05-03T14:22:18+00:00\" \/>\n<meta property=\"og:image\" content=\"https:\/\/www.cfm.co.mz\/wp-content\/uploads\/2017\/05\/Reuniao-de-Directores-2017_MTC.JPG\" \/>\n\t<meta property=\"og:image:width\" content=\"1800\" \/>\n\t<meta property=\"og:image:height\" content=\"1200\" \/>\n\t<meta property=\"og:image:type\" content=\"image\/jpeg\" \/>\n<meta name=\"author\" content=\"D\u00e9rcio Badru\" \/>\n<meta name=\"twitter:card\" content=\"summary_large_image\" \/>\n<meta name=\"twitter:label1\" content=\"Written by\" \/>\n\t<meta name=\"twitter:data1\" content=\"D\u00e9rcio Badru\" \/>\n\t<meta name=\"twitter:label2\" content=\"Est. reading time\" \/>\n\t<meta name=\"twitter:data2\" content=\"5 minutes\" \/>\n<script type=\"application\/ld+json\" class=\"yoast-schema-graph\">{\"@context\":\"https:\/\/schema.org\",\"@graph\":[{\"@type\":\"Article\",\"@id\":\"https:\/\/www.cfm.co.mz\/2017\/05\/03\/apesar-da-conjuntura-economica-dificil-cfm-teve-desempenho-economico-positivo-em-2016\/#article\",\"isPartOf\":{\"@id\":\"https:\/\/www.cfm.co.mz\/2017\/05\/03\/apesar-da-conjuntura-economica-dificil-cfm-teve-desempenho-economico-positivo-em-2016\/\"},\"author\":{\"name\":\"D\u00e9rcio Badru\",\"@id\":\"https:\/\/www.cfm.co.mz\/#\/schema\/person\/1bb663f3c59dc61900f6f9b1c2b53552\"},\"headline\":\"Apesar da conjuntura econ\u00f3mica dif\u00edcil: CFM teve desempenho econ\u00f3mico positivo em 2016\",\"datePublished\":\"2017-05-03T14:22:18+00:00\",\"mainEntityOfPage\":{\"@id\":\"https:\/\/www.cfm.co.mz\/2017\/05\/03\/apesar-da-conjuntura-economica-dificil-cfm-teve-desempenho-economico-positivo-em-2016\/\"},\"wordCount\":1020,\"commentCount\":0,\"publisher\":{\"@id\":\"https:\/\/www.cfm.co.mz\/#organization\"},\"image\":{\"@id\":\"https:\/\/www.cfm.co.mz\/2017\/05\/03\/apesar-da-conjuntura-economica-dificil-cfm-teve-desempenho-economico-positivo-em-2016\/#primaryimage\"},\"thumbnailUrl\":\"https:\/\/www.cfm.co.mz\/wp-content\/uploads\/2017\/05\/Reuniao-de-Directores-2017_MTC.JPG\",\"articleSection\":[\"Noticias\"],\"inLanguage\":\"en-US\",\"potentialAction\":[{\"@type\":\"CommentAction\",\"name\":\"Comment\",\"target\":[\"https:\/\/www.cfm.co.mz\/2017\/05\/03\/apesar-da-conjuntura-economica-dificil-cfm-teve-desempenho-economico-positivo-em-2016\/#respond\"]}]},{\"@type\":\"WebPage\",\"@id\":\"https:\/\/www.cfm.co.mz\/2017\/05\/03\/apesar-da-conjuntura-economica-dificil-cfm-teve-desempenho-economico-positivo-em-2016\/\",\"url\":\"https:\/\/www.cfm.co.mz\/2017\/05\/03\/apesar-da-conjuntura-economica-dificil-cfm-teve-desempenho-economico-positivo-em-2016\/\",\"name\":\"Apesar da conjuntura econ\u00f3mica dif\u00edcil: CFM teve desempenho econ\u00f3mico positivo em 2016 - CFM - Caminhos De Ferros de Mo\u00e7ambique\",\"isPartOf\":{\"@id\":\"https:\/\/www.cfm.co.mz\/#website\"},\"primaryImageOfPage\":{\"@id\":\"https:\/\/www.cfm.co.mz\/2017\/05\/03\/apesar-da-conjuntura-economica-dificil-cfm-teve-desempenho-economico-positivo-em-2016\/#primaryimage\"},\"image\":{\"@id\":\"https:\/\/www.cfm.co.mz\/2017\/05\/03\/apesar-da-conjuntura-economica-dificil-cfm-teve-desempenho-economico-positivo-em-2016\/#primaryimage\"},\"thumbnailUrl\":\"https:\/\/www.cfm.co.mz\/wp-content\/uploads\/2017\/05\/Reuniao-de-Directores-2017_MTC.JPG\",\"datePublished\":\"2017-05-03T14:22:18+00:00\",\"breadcrumb\":{\"@id\":\"https:\/\/www.cfm.co.mz\/2017\/05\/03\/apesar-da-conjuntura-economica-dificil-cfm-teve-desempenho-economico-positivo-em-2016\/#breadcrumb\"},\"inLanguage\":\"en-US\",\"potentialAction\":[{\"@type\":\"ReadAction\",\"target\":[\"https:\/\/www.cfm.co.mz\/2017\/05\/03\/apesar-da-conjuntura-economica-dificil-cfm-teve-desempenho-economico-positivo-em-2016\/\"]}]},{\"@type\":\"ImageObject\",\"inLanguage\":\"en-US\",\"@id\":\"https:\/\/www.cfm.co.mz\/2017\/05\/03\/apesar-da-conjuntura-economica-dificil-cfm-teve-desempenho-economico-positivo-em-2016\/#primaryimage\",\"url\":\"https:\/\/www.cfm.co.mz\/wp-content\/uploads\/2017\/05\/Reuniao-de-Directores-2017_MTC.JPG\",\"contentUrl\":\"https:\/\/www.cfm.co.mz\/wp-content\/uploads\/2017\/05\/Reuniao-de-Directores-2017_MTC.JPG\",\"width\":1800,\"height\":1200,\"caption\":\"Reuni\u00e3o de Directores 2017 MTC\"},{\"@type\":\"BreadcrumbList\",\"@id\":\"https:\/\/www.cfm.co.mz\/2017\/05\/03\/apesar-da-conjuntura-economica-dificil-cfm-teve-desempenho-economico-positivo-em-2016\/#breadcrumb\",\"itemListElement\":[{\"@type\":\"ListItem\",\"position\":1,\"name\":\"Home\",\"item\":\"https:\/\/www.cfm.co.mz\/\"},{\"@type\":\"ListItem\",\"position\":2,\"name\":\"Apesar da conjuntura econ\u00f3mica dif\u00edcil: CFM teve desempenho econ\u00f3mico positivo em 2016\"}]},{\"@type\":\"WebSite\",\"@id\":\"https:\/\/www.cfm.co.mz\/#website\",\"url\":\"https:\/\/www.cfm.co.mz\/\",\"name\":\"CFM - Caminhos De Ferros de Mo\u00e7ambique\",\"description\":\"Ampliando Horizontes\",\"publisher\":{\"@id\":\"https:\/\/www.cfm.co.mz\/#organization\"},\"potentialAction\":[{\"@type\":\"SearchAction\",\"target\":{\"@type\":\"EntryPoint\",\"urlTemplate\":\"https:\/\/www.cfm.co.mz\/?s={search_term_string}\"},\"query-input\":{\"@type\":\"PropertyValueSpecification\",\"valueRequired\":true,\"valueName\":\"search_term_string\"}}],\"inLanguage\":\"en-US\"},{\"@type\":\"Organization\",\"@id\":\"https:\/\/www.cfm.co.mz\/#organization\",\"name\":\"CFM - Caminhos De Ferros de Mo\u00e7ambique\",\"url\":\"https:\/\/www.cfm.co.mz\/\",\"logo\":{\"@type\":\"ImageObject\",\"inLanguage\":\"en-US\",\"@id\":\"https:\/\/www.cfm.co.mz\/#\/schema\/logo\/image\/\",\"url\":\"https:\/\/www.cfm.co.mz\/wp-content\/uploads\/2025\/07\/be5f0679-4f5b-4d02-9719-a26ceed29162.jpg\",\"contentUrl\":\"https:\/\/www.cfm.co.mz\/wp-content\/uploads\/2025\/07\/be5f0679-4f5b-4d02-9719-a26ceed29162.jpg\",\"width\":400,\"height\":65,\"caption\":\"CFM - Caminhos De Ferros de Mo\u00e7ambique\"},\"image\":{\"@id\":\"https:\/\/www.cfm.co.mz\/#\/schema\/logo\/image\/\"},\"sameAs\":[\"https:\/\/www.facebook.com\/CFMMoz\",\"https:\/\/www.linkedin.com\/company\/caminhos-de-ferro-de-moambique\/\"]},{\"@type\":\"Person\",\"@id\":\"https:\/\/www.cfm.co.mz\/#\/schema\/person\/1bb663f3c59dc61900f6f9b1c2b53552\",\"name\":\"D\u00e9rcio Badru\",\"image\":{\"@type\":\"ImageObject\",\"inLanguage\":\"en-US\",\"@id\":\"https:\/\/www.cfm.co.mz\/#\/schema\/person\/image\/\",\"url\":\"https:\/\/www.cfm.co.mz\/wp-content\/litespeed\/avatar\/be89d6955942d7259ef76de4577d21b3.jpg?ver=1777454359\",\"contentUrl\":\"https:\/\/www.cfm.co.mz\/wp-content\/litespeed\/avatar\/be89d6955942d7259ef76de4577d21b3.jpg?ver=1777454359\",\"caption\":\"D\u00e9rcio Badru\"},\"url\":\"https:\/\/www.cfm.co.mz\/en\/author\/dercio\/\"}]}<\/script>\n<!-- \/ Yoast SEO plugin. -->","yoast_head_json":{"title":"Apesar da conjuntura econ\u00f3mica dif\u00edcil: CFM teve desempenho econ\u00f3mico positivo em 2016 - CFM - Caminhos De Ferros de Mo\u00e7ambique","robots":{"index":"index","follow":"follow","max-snippet":"max-snippet:-1","max-image-preview":"max-image-preview:large","max-video-preview":"max-video-preview:-1"},"canonical":"https:\/\/www.cfm.co.mz\/en\/2017\/05\/03\/apesar-da-conjuntura-economica-dificil-cfm-teve-desempenho-economico-positivo-em-2016\/","og_locale":"en_US","og_type":"article","og_title":"Apesar da conjuntura econ\u00f3mica dif\u00edcil: CFM teve desempenho econ\u00f3mico positivo em 2016 - CFM - Caminhos De Ferros de Mo\u00e7ambique","og_description":"O Governo elogia os CFM e exorta mais esfor\u00e7o no transporte de passageiros urbanos A empresa Portos e Caminhos de Ferro de Mo\u00e7ambique (CFM) \u00e9, para o Governo mo\u00e7ambicano, estrat\u00e9gica e se destaca dentro da economia nacional pelo seu desempenho que marca diferen\u00e7a na balan\u00e7a de pagamentos e reflecte-se de forma objectiva na vida dos mo\u00e7ambicanos.","og_url":"https:\/\/www.cfm.co.mz\/en\/2017\/05\/03\/apesar-da-conjuntura-economica-dificil-cfm-teve-desempenho-economico-positivo-em-2016\/","og_site_name":"CFM - Caminhos De Ferros de Mo\u00e7ambique","article_publisher":"https:\/\/www.facebook.com\/CFMMoz","article_published_time":"2017-05-03T14:22:18+00:00","og_image":[{"width":1800,"height":1200,"url":"https:\/\/www.cfm.co.mz\/wp-content\/uploads\/2017\/05\/Reuniao-de-Directores-2017_MTC.JPG","type":"image\/jpeg"}],"author":"D\u00e9rcio Badru","twitter_card":"summary_large_image","twitter_misc":{"Written by":"D\u00e9rcio Badru","Est. reading time":"5 minutes"},"schema":{"@context":"https:\/\/schema.org","@graph":[{"@type":"Article","@id":"https:\/\/www.cfm.co.mz\/2017\/05\/03\/apesar-da-conjuntura-economica-dificil-cfm-teve-desempenho-economico-positivo-em-2016\/#article","isPartOf":{"@id":"https:\/\/www.cfm.co.mz\/2017\/05\/03\/apesar-da-conjuntura-economica-dificil-cfm-teve-desempenho-economico-positivo-em-2016\/"},"author":{"name":"D\u00e9rcio Badru","@id":"https:\/\/www.cfm.co.mz\/#\/schema\/person\/1bb663f3c59dc61900f6f9b1c2b53552"},"headline":"Apesar da conjuntura econ\u00f3mica dif\u00edcil: CFM teve desempenho econ\u00f3mico positivo em 2016","datePublished":"2017-05-03T14:22:18+00:00","mainEntityOfPage":{"@id":"https:\/\/www.cfm.co.mz\/2017\/05\/03\/apesar-da-conjuntura-economica-dificil-cfm-teve-desempenho-economico-positivo-em-2016\/"},"wordCount":1020,"commentCount":0,"publisher":{"@id":"https:\/\/www.cfm.co.mz\/#organization"},"image":{"@id":"https:\/\/www.cfm.co.mz\/2017\/05\/03\/apesar-da-conjuntura-economica-dificil-cfm-teve-desempenho-economico-positivo-em-2016\/#primaryimage"},"thumbnailUrl":"https:\/\/www.cfm.co.mz\/wp-content\/uploads\/2017\/05\/Reuniao-de-Directores-2017_MTC.JPG","articleSection":["Noticias"],"inLanguage":"en-US","potentialAction":[{"@type":"CommentAction","name":"Comment","target":["https:\/\/www.cfm.co.mz\/2017\/05\/03\/apesar-da-conjuntura-economica-dificil-cfm-teve-desempenho-economico-positivo-em-2016\/#respond"]}]},{"@type":"WebPage","@id":"https:\/\/www.cfm.co.mz\/2017\/05\/03\/apesar-da-conjuntura-economica-dificil-cfm-teve-desempenho-economico-positivo-em-2016\/","url":"https:\/\/www.cfm.co.mz\/2017\/05\/03\/apesar-da-conjuntura-economica-dificil-cfm-teve-desempenho-economico-positivo-em-2016\/","name":"Apesar da conjuntura econ\u00f3mica dif\u00edcil: CFM teve desempenho econ\u00f3mico positivo em 2016 - CFM - Caminhos De Ferros de Mo\u00e7ambique","isPartOf":{"@id":"https:\/\/www.cfm.co.mz\/#website"},"primaryImageOfPage":{"@id":"https:\/\/www.cfm.co.mz\/2017\/05\/03\/apesar-da-conjuntura-economica-dificil-cfm-teve-desempenho-economico-positivo-em-2016\/#primaryimage"},"image":{"@id":"https:\/\/www.cfm.co.mz\/2017\/05\/03\/apesar-da-conjuntura-economica-dificil-cfm-teve-desempenho-economico-positivo-em-2016\/#primaryimage"},"thumbnailUrl":"https:\/\/www.cfm.co.mz\/wp-content\/uploads\/2017\/05\/Reuniao-de-Directores-2017_MTC.JPG","datePublished":"2017-05-03T14:22:18+00:00","breadcrumb":{"@id":"https:\/\/www.cfm.co.mz\/2017\/05\/03\/apesar-da-conjuntura-economica-dificil-cfm-teve-desempenho-economico-positivo-em-2016\/#breadcrumb"},"inLanguage":"en-US","potentialAction":[{"@type":"ReadAction","target":["https:\/\/www.cfm.co.mz\/2017\/05\/03\/apesar-da-conjuntura-economica-dificil-cfm-teve-desempenho-economico-positivo-em-2016\/"]}]},{"@type":"ImageObject","inLanguage":"en-US","@id":"https:\/\/www.cfm.co.mz\/2017\/05\/03\/apesar-da-conjuntura-economica-dificil-cfm-teve-desempenho-economico-positivo-em-2016\/#primaryimage","url":"https:\/\/www.cfm.co.mz\/wp-content\/uploads\/2017\/05\/Reuniao-de-Directores-2017_MTC.JPG","contentUrl":"https:\/\/www.cfm.co.mz\/wp-content\/uploads\/2017\/05\/Reuniao-de-Directores-2017_MTC.JPG","width":1800,"height":1200,"caption":"Reuni\u00e3o de Directores 2017 MTC"},{"@type":"BreadcrumbList","@id":"https:\/\/www.cfm.co.mz\/2017\/05\/03\/apesar-da-conjuntura-economica-dificil-cfm-teve-desempenho-economico-positivo-em-2016\/#breadcrumb","itemListElement":[{"@type":"ListItem","position":1,"name":"Home","item":"https:\/\/www.cfm.co.mz\/"},{"@type":"ListItem","position":2,"name":"Apesar da conjuntura econ\u00f3mica dif\u00edcil: CFM teve desempenho econ\u00f3mico positivo em 2016"}]},{"@type":"WebSite","@id":"https:\/\/www.cfm.co.mz\/#website","url":"https:\/\/www.cfm.co.mz\/","name":"CFM - Caminhos De Ferros de Mo\u00e7ambique","description":"Ampliando Horizontes","publisher":{"@id":"https:\/\/www.cfm.co.mz\/#organization"},"potentialAction":[{"@type":"SearchAction","target":{"@type":"EntryPoint","urlTemplate":"https:\/\/www.cfm.co.mz\/?s={search_term_string}"},"query-input":{"@type":"PropertyValueSpecification","valueRequired":true,"valueName":"search_term_string"}}],"inLanguage":"en-US"},{"@type":"Organization","@id":"https:\/\/www.cfm.co.mz\/#organization","name":"CFM - Caminhos De Ferros de Mo\u00e7ambique","url":"https:\/\/www.cfm.co.mz\/","logo":{"@type":"ImageObject","inLanguage":"en-US","@id":"https:\/\/www.cfm.co.mz\/#\/schema\/logo\/image\/","url":"https:\/\/www.cfm.co.mz\/wp-content\/uploads\/2025\/07\/be5f0679-4f5b-4d02-9719-a26ceed29162.jpg","contentUrl":"https:\/\/www.cfm.co.mz\/wp-content\/uploads\/2025\/07\/be5f0679-4f5b-4d02-9719-a26ceed29162.jpg","width":400,"height":65,"caption":"CFM - Caminhos De Ferros de Mo\u00e7ambique"},"image":{"@id":"https:\/\/www.cfm.co.mz\/#\/schema\/logo\/image\/"},"sameAs":["https:\/\/www.facebook.com\/CFMMoz","https:\/\/www.linkedin.com\/company\/caminhos-de-ferro-de-moambique\/"]},{"@type":"Person","@id":"https:\/\/www.cfm.co.mz\/#\/schema\/person\/1bb663f3c59dc61900f6f9b1c2b53552","name":"D\u00e9rcio Badru","image":{"@type":"ImageObject","inLanguage":"en-US","@id":"https:\/\/www.cfm.co.mz\/#\/schema\/person\/image\/","url":"https:\/\/www.cfm.co.mz\/wp-content\/litespeed\/avatar\/be89d6955942d7259ef76de4577d21b3.jpg?ver=1777454359","contentUrl":"https:\/\/www.cfm.co.mz\/wp-content\/litespeed\/avatar\/be89d6955942d7259ef76de4577d21b3.jpg?ver=1777454359","caption":"D\u00e9rcio Badru"},"url":"https:\/\/www.cfm.co.mz\/en\/author\/dercio\/"}]}},"_links":{"self":[{"href":"https:\/\/www.cfm.co.mz\/en\/wp-json\/wp\/v2\/posts\/8806","targetHints":{"allow":["GET"]}}],"collection":[{"href":"https:\/\/www.cfm.co.mz\/en\/wp-json\/wp\/v2\/posts"}],"about":[{"href":"https:\/\/www.cfm.co.mz\/en\/wp-json\/wp\/v2\/types\/post"}],"author":[{"embeddable":true,"href":"https:\/\/www.cfm.co.mz\/en\/wp-json\/wp\/v2\/users\/94"}],"replies":[{"embeddable":true,"href":"https:\/\/www.cfm.co.mz\/en\/wp-json\/wp\/v2\/comments?post=8806"}],"version-history":[{"count":0,"href":"https:\/\/www.cfm.co.mz\/en\/wp-json\/wp\/v2\/posts\/8806\/revisions"}],"wp:featuredmedia":[{"embeddable":true,"href":"https:\/\/www.cfm.co.mz\/en\/wp-json\/wp\/v2\/media\/8803"}],"wp:attachment":[{"href":"https:\/\/www.cfm.co.mz\/en\/wp-json\/wp\/v2\/media?parent=8806"}],"wp:term":[{"taxonomy":"category","embeddable":true,"href":"https:\/\/www.cfm.co.mz\/en\/wp-json\/wp\/v2\/categories?post=8806"},{"taxonomy":"post_tag","embeddable":true,"href":"https:\/\/www.cfm.co.mz\/en\/wp-json\/wp\/v2\/tags?post=8806"}],"curies":[{"name":"wp","href":"https:\/\/api.w.org\/{rel}","templated":true}]}}